{"id":162463,"date":"2017-03-30T11:00:19","date_gmt":"2017-03-30T14:00:19","guid":{"rendered":"http:\/\/quersaberpolitica.com.br\/2016\/?p=162463"},"modified":"2017-03-30T10:28:14","modified_gmt":"2017-03-30T13:28:14","slug":"essa-violencia-nas-agencias-bancarias-e-uma-epidemia-no-pais-avalia-comandante-da-76a-companhia-de-policia-em-juazeiro","status":"publish","type":"post","link":"https:\/\/blogdofarnesio.com.br\/?p=162463","title":{"rendered":"\u201cESSA VIOL\u00caNCIA NAS AG\u00caNCIAS BANC\u00c1RIAS \u00c9 UMA EPIDEMIA NO PAIS\u201d, AVALIA COMANDANTE DA 76\u00aa COMPANHIA DE POL\u00cdCIA EM JUAZEIRO"},"content":{"rendered":"<p class=\"x_MsoNormal\"><strong>AP &#8211;<\/strong> O Comandante 76\u00aa da Policia Militar de Juazeiro, Iulo Lins Silva, fez uma avalia\u00e7\u00e3o das atividades realizadas. De acordo com ele, a Companhia \u00e9 interligada tamb\u00e9m a 73\u00aa que atualmente atende 18 bairros, se estendendo da Maring\u00e1 at\u00e9 o bairro S\u00e3o Geraldo.<\/p>\n<p class=\"x_MsoNormal\">\n<p class=\"x_MsoNormal\">\u201cTodas as ag\u00eancias financeiras, bancos, est\u00e1dio, percurso carnaval, \u00f3rg\u00e3os p\u00fablicos ficam situados nas \u00e1reas da 73\u00aa, portanto dividimos esta \u00e1rea em 3 setores e em cada setor temos um policiamento pr\u00f3prio: da Banca at\u00e9 a Maring\u00e1 chamamos de setor 2; da banca at\u00e9 a Adolfo Viana chamamos de setor 1 e o setor 3 da Adolfo Viana at\u00e9 o bairro S\u00e3o Geraldo. As atividades s\u00e3o muito intensas, principalmente nos finais de semanas em decorr\u00eancia da quantidade de eventos\u201d.<\/p>\n<p class=\"x_MsoNormal\"><!--more--><\/p>\n<p class=\"x_MsoNormal\">\u201cTemos alguns bairros que d\u00e3o mais trabalho com o \u00edndice de criminalidade, a exemplo, do Novo Encontro, Penha, Alto da Maravilha, entre outros. Mais estamos trabalhando 24h para coibir isso. Outro problema tamb\u00e9m \u00e9 a quantidade de carros com pared\u00f5es na cidade que constantemente ficam fazendo badernas, mais estamos atentos a isso e para coibir a pr\u00e1tica contamos com a ajuda do Minist\u00e9rio P\u00fablico, da Secret\u00e1ria de Ordem P\u00fablica e da Policia Civil, quem estiver com som ligado fora do que for permitido o som \u00e9 apreendido e levado para SEMAOP\u201d, acrescentou.<\/p>\n<p class=\"x_MsoNormal\">Sobre a quantidade do efetivo, ele explicou. \u201cSabemos que a quantidade do efetivo em qualquer \u00e1rea ou \u00f3rg\u00e3o p\u00fablico \u00e9 muito carente, mais a gente atende as necessidades. Quando a carga hor\u00e1ria esgota a gente entra com hora extra, quem trabalha no administrativo em alguns momentos a gente coloca no servi\u00e7o operacional, t\u00eam os motorizados, os motociclistas, cicl\u00edstico, a p\u00e9 e o policiamento de perman\u00eancia. Vamos trabalhando com o que temos\u201d.<\/p>\n<p class=\"x_MsoNormal\">\n<p class=\"x_MsoNormal\"><strong>Seguran\u00e7as de bancos e com\u00e9rcio<\/strong><\/p>\n<p class=\"x_MsoNormal\">Questionado se existe alguma equipe preparada para enfrentar algum problema de grande porte, a exemplo, assaltos a bancos. \u201cEssa viol\u00eancia nas ag\u00eancias banc\u00e1rias \u00e9 uma epidemia no pais, isso acontece em todos os lugares. Em Juazeiro, em cada unidade temos um pelot\u00e3o especial que \u00e9 preparado para fazer a frente dessas situa\u00e7\u00f5es, al\u00e9m disso, contamos com o apoio da Rondesp, inclusive a sede fica pr\u00f3ximo ao Banco do Brasil. Nosso policiamento permanece 24h e temos tamb\u00e9m o apoio das outras companhias, a exemplo, da Cipe Caatinga, Legion\u00e1rios e a GRAE. Posso garantir que Juazeiro \u00e9 uma cidade segura\u201d.<\/p>\n<p class=\"x_MsoNormal\">Sobre a instala\u00e7\u00e3o de uma base da GRAE em Juazeiro, ele disse que o projeto est\u00e1 em andamento. \u201cIsso \u00e9 um projeto do Comando Geral do Governo do Estado da Bahia, isso ainda ser\u00e1 viabilizado\u201d. Iulo ressaltou ainda sobre o trabalho que do Coronel Alfredo.\u00a0\u201cEle \u00e9 de Salvador e vem tendo uma preocupa\u00e7\u00e3o com a nossa cidade, quando tem algum homic\u00eddio fica angustiado. Ele desenvolveu um programa \u2018Norte para Todos\u2019 que vem dando certo aqui na regi\u00e3o e nas demais cidades, Juazeiro foi \u00e0 cidade que mais reduziu a quantidade de homic\u00eddio na Bahia\u201d.<\/p>\n<p class=\"x_MsoNormal\">\n<p class=\"x_MsoNormal\">\u201cJ\u00e1 estamos no final de mar\u00e7o e nesta \u00e1rea diminuiu em 58% o n\u00famero de homic\u00eddios em rela\u00e7\u00e3o aos outros anos. H\u00e1 uma preocupa\u00e7\u00e3o geral muito grande para evitar o homic\u00eddio, al\u00e9m das a\u00e7\u00f5es operacionais, n\u00f3s temos trabalho social: temos um setor que cuida da parte de cidadania, a exemplo, dos cursos do PROERD que \u00e9 feito nas escolas p\u00fablicas e particulares, palestras nas escolas sobre bullying, drogas, cidadania, levar as turmas das escolas para conhecer o batalh\u00e3o\u201d.<\/p>\n<p class=\"x_MsoNormal\">Com rela\u00e7\u00e3o \u00e0 onda de assaltos que vem acontecendo nas localidades do Salitre e Pinh\u00f5es, ele foi direto. \u201cAqui na minha \u00e1rea eu n\u00e3o possuo distritos rurais, \u00e9 somente urbana, a \u00e1rea rural fica ligada a 74\u00aa CIPM, 75\u00aa CIPM e 76\u00aa CIPM, mais posso garantir que nos distritos pr\u00f3prios e com certeza que h\u00e1 uma preocupa\u00e7\u00e3o das companhias com rela\u00e7\u00e3o a este tipo de crime\u201d.<\/p>\n","protected":false},"excerpt":{"rendered":"<p>AP &#8211; O Comandante 76\u00aa da Policia Militar de Juazeiro, Iulo Lins Silva, fez uma avalia\u00e7\u00e3o das atividades realizadas. De acordo com ele, a Companhia \u00e9 interligada tamb\u00e9m a 73\u00aa que atualmente atende 18 bairros, se estendendo da Maring\u00e1 at\u00e9 o bairro S\u00e3o Geraldo. \u201cTodas as ag\u00eancias financeiras, bancos, est\u00e1dio, percurso carnaval, \u00f3rg\u00e3os p\u00fablicos ficam situados nas \u00e1reas da 73\u00aa, portanto dividimos esta \u00e1rea em 3 setores e em cada setor temos um policiamento pr\u00f3prio: da Banca at\u00e9 a Maring\u00e1 chamamos de setor 2; da banca at\u00e9 a Adolfo Viana chamamos de setor 1 e o setor 3 da Adolfo Viana at\u00e9 o bairro S\u00e3o Geraldo. As atividades s\u00e3o muito intensas, principalmente nos finais de semanas em decorr\u00eancia da quantidade&hellip; <\/p>\n","protected":false},"author":1,"featured_media":162464,"comment_status":"open","ping_status":"open","sticky":false,"template":"","format":"standard","meta":{"_acf_changed":false,"footnotes":""},"categories":[9],"tags":[],"class_list":["post-162463","post","type-post","status-publish","format-standard","has-post-thumbnail","hentry","category-policia"],"acf":[],"yoast_head":"<!-- This site is optimized with the Yoast SEO plugin v27.4 - https:\/\/yoast.com\/product\/yoast-seo-wordpress\/ -->\n<title>\u201cESSA VIOL\u00caNCIA NAS AG\u00caNCIAS BANC\u00c1RIAS \u00c9 UMA EPIDEMIA NO PAIS\u201d, AVALIA COMANDANTE DA 76\u00aa COMPANHIA DE POL\u00cdCIA EM JUAZEIRO - Blog do Farn\u00e9sio<\/title>\n<meta name=\"robots\" content=\"index, follow, max-snippet:-1, max-image-preview:large, max-video-preview:-1\" \/>\n<link rel=\"canonical\" href=\"https:\/\/blogdofarnesio.com.br\/?p=162463\" \/>\n<meta property=\"og:locale\" content=\"pt_BR\" \/>\n<meta property=\"og:type\" content=\"article\" \/>\n<meta property=\"og:title\" content=\"\u201cESSA VIOL\u00caNCIA NAS AG\u00caNCIAS BANC\u00c1RIAS \u00c9 UMA EPIDEMIA NO PAIS\u201d, AVALIA COMANDANTE DA 76\u00aa COMPANHIA DE POL\u00cdCIA EM JUAZEIRO - Blog do Farn\u00e9sio\" \/>\n<meta property=\"og:description\" content=\"AP &#8211; O Comandante 76\u00aa da Policia Militar de Juazeiro, Iulo Lins Silva, fez uma avalia\u00e7\u00e3o das atividades realizadas. De acordo com ele, a Companhia \u00e9 interligada tamb\u00e9m a 73\u00aa que atualmente atende 18 bairros, se estendendo da Maring\u00e1 at\u00e9 o bairro S\u00e3o Geraldo. \u201cTodas as ag\u00eancias financeiras, bancos, est\u00e1dio, percurso carnaval, \u00f3rg\u00e3os p\u00fablicos ficam situados nas \u00e1reas da 73\u00aa, portanto dividimos esta \u00e1rea em 3 setores e em cada setor temos um policiamento pr\u00f3prio: da Banca at\u00e9 a Maring\u00e1 chamamos de setor 2; da banca at\u00e9 a Adolfo Viana chamamos de setor 1 e o setor 3 da Adolfo Viana at\u00e9 o bairro S\u00e3o Geraldo. As atividades s\u00e3o muito intensas, principalmente nos finais de semanas em decorr\u00eancia da quantidade&hellip;\" \/>\n<meta property=\"og:url\" content=\"https:\/\/blogdofarnesio.com.br\/?p=162463\" \/>\n<meta property=\"og:site_name\" content=\"Blog do Farn\u00e9sio\" \/>\n<meta property=\"article:publisher\" content=\"https:\/\/www.facebook.com\/BlogQuerSaberPolitica\/\" \/>\n<meta property=\"article:published_time\" content=\"2017-03-30T14:00:19+00:00\" \/>\n<meta property=\"og:image\" content=\"https:\/\/blogdofarnesio.com.br\/wp-content\/uploads\/2017\/03\/BLOGQSP-Iulo-Lins-Silva.jpg\" \/>\n\t<meta property=\"og:image:width\" content=\"620\" \/>\n\t<meta property=\"og:image:height\" content=\"349\" \/>\n\t<meta property=\"og:image:type\" content=\"image\/jpeg\" \/>\n<meta name=\"author\" content=\"Farn\u00e9sio\" \/>\n<meta name=\"twitter:card\" content=\"summary_large_image\" \/>\n<meta name=\"twitter:label1\" content=\"Escrito por\" \/>\n\t<meta name=\"twitter:data1\" content=\"Farn\u00e9sio\" \/>\n\t<meta name=\"twitter:label2\" content=\"Est. tempo de leitura\" \/>\n\t<meta name=\"twitter:data2\" content=\"3 minutos\" \/>\n<script type=\"application\/ld+json\" class=\"yoast-schema-graph\">{\"@context\":\"https:\\\/\\\/schema.org\",\"@graph\":[{\"@type\":\"Article\",\"@id\":\"https:\\\/\\\/blogdofarnesio.com.br\\\/?p=162463#article\",\"isPartOf\":{\"@id\":\"https:\\\/\\\/blogdofarnesio.com.br\\\/?p=162463\"},\"author\":{\"name\":\"Farn\u00e9sio\",\"@id\":\"https:\\\/\\\/blogdofarnesio.com.br\\\/#\\\/schema\\\/person\\\/301c4acf522bccbfdb45af95b5b906a1\"},\"headline\":\"\u201cESSA VIOL\u00caNCIA NAS AG\u00caNCIAS BANC\u00c1RIAS \u00c9 UMA EPIDEMIA NO PAIS\u201d, AVALIA COMANDANTE DA 76\u00aa COMPANHIA DE POL\u00cdCIA EM JUAZEIRO\",\"datePublished\":\"2017-03-30T14:00:19+00:00\",\"mainEntityOfPage\":{\"@id\":\"https:\\\/\\\/blogdofarnesio.com.br\\\/?p=162463\"},\"wordCount\":682,\"commentCount\":0,\"publisher\":{\"@id\":\"https:\\\/\\\/blogdofarnesio.com.br\\\/#organization\"},\"image\":{\"@id\":\"https:\\\/\\\/blogdofarnesio.com.br\\\/?p=162463#primaryimage\"},\"thumbnailUrl\":\"https:\\\/\\\/blogdofarnesio.com.br\\\/wp-content\\\/uploads\\\/2017\\\/03\\\/BLOGQSP-Iulo-Lins-Silva.jpg\",\"articleSection\":[\"Pol\u00edcia\"],\"inLanguage\":\"pt-BR\",\"potentialAction\":[{\"@type\":\"CommentAction\",\"name\":\"Comment\",\"target\":[\"https:\\\/\\\/blogdofarnesio.com.br\\\/?p=162463#respond\"]}]},{\"@type\":\"WebPage\",\"@id\":\"https:\\\/\\\/blogdofarnesio.com.br\\\/?p=162463\",\"url\":\"https:\\\/\\\/blogdofarnesio.com.br\\\/?p=162463\",\"name\":\"\u201cESSA VIOL\u00caNCIA NAS AG\u00caNCIAS BANC\u00c1RIAS \u00c9 UMA EPIDEMIA NO PAIS\u201d, AVALIA COMANDANTE DA 76\u00aa COMPANHIA DE POL\u00cdCIA EM JUAZEIRO - Blog do Farn\u00e9sio\",\"isPartOf\":{\"@id\":\"https:\\\/\\\/blogdofarnesio.com.br\\\/#website\"},\"primaryImageOfPage\":{\"@id\":\"https:\\\/\\\/blogdofarnesio.com.br\\\/?p=162463#primaryimage\"},\"image\":{\"@id\":\"https:\\\/\\\/blogdofarnesio.com.br\\\/?p=162463#primaryimage\"},\"thumbnailUrl\":\"https:\\\/\\\/blogdofarnesio.com.br\\\/wp-content\\\/uploads\\\/2017\\\/03\\\/BLOGQSP-Iulo-Lins-Silva.jpg\",\"datePublished\":\"2017-03-30T14:00:19+00:00\",\"breadcrumb\":{\"@id\":\"https:\\\/\\\/blogdofarnesio.com.br\\\/?p=162463#breadcrumb\"},\"inLanguage\":\"pt-BR\",\"potentialAction\":[{\"@type\":\"ReadAction\",\"target\":[\"https:\\\/\\\/blogdofarnesio.com.br\\\/?p=162463\"]}]},{\"@type\":\"ImageObject\",\"inLanguage\":\"pt-BR\",\"@id\":\"https:\\\/\\\/blogdofarnesio.com.br\\\/?p=162463#primaryimage\",\"url\":\"https:\\\/\\\/blogdofarnesio.com.br\\\/wp-content\\\/uploads\\\/2017\\\/03\\\/BLOGQSP-Iulo-Lins-Silva.jpg\",\"contentUrl\":\"https:\\\/\\\/blogdofarnesio.com.br\\\/wp-content\\\/uploads\\\/2017\\\/03\\\/BLOGQSP-Iulo-Lins-Silva.jpg\",\"width\":620,\"height\":349},{\"@type\":\"BreadcrumbList\",\"@id\":\"https:\\\/\\\/blogdofarnesio.com.br\\\/?p=162463#breadcrumb\",\"itemListElement\":[{\"@type\":\"ListItem\",\"position\":1,\"name\":\"In\u00edcio\",\"item\":\"https:\\\/\\\/blogdofarnesio.com.br\\\/\"},{\"@type\":\"ListItem\",\"position\":2,\"name\":\"\u201cESSA VIOL\u00caNCIA NAS AG\u00caNCIAS BANC\u00c1RIAS \u00c9 UMA EPIDEMIA NO PAIS\u201d, AVALIA COMANDANTE DA 76\u00aa COMPANHIA DE POL\u00cdCIA EM JUAZEIRO\"}]},{\"@type\":\"WebSite\",\"@id\":\"https:\\\/\\\/blogdofarnesio.com.br\\\/#website\",\"url\":\"https:\\\/\\\/blogdofarnesio.com.br\\\/\",\"name\":\"Blog do Farn\u00e9sio\",\"description\":\"Quer Saber Pol\u00edtica?\",\"publisher\":{\"@id\":\"https:\\\/\\\/blogdofarnesio.com.br\\\/#organization\"},\"potentialAction\":[{\"@type\":\"SearchAction\",\"target\":{\"@type\":\"EntryPoint\",\"urlTemplate\":\"https:\\\/\\\/blogdofarnesio.com.br\\\/?s={search_term_string}\"},\"query-input\":{\"@type\":\"PropertyValueSpecification\",\"valueRequired\":true,\"valueName\":\"search_term_string\"}}],\"inLanguage\":\"pt-BR\"},{\"@type\":\"Organization\",\"@id\":\"https:\\\/\\\/blogdofarnesio.com.br\\\/#organization\",\"name\":\"Blog do Farn\u00e9sio\",\"url\":\"https:\\\/\\\/blogdofarnesio.com.br\\\/\",\"logo\":{\"@type\":\"ImageObject\",\"inLanguage\":\"pt-BR\",\"@id\":\"https:\\\/\\\/blogdofarnesio.com.br\\\/#\\\/schema\\\/logo\\\/image\\\/\",\"url\":\"https:\\\/\\\/blogdofarnesio.com.br\\\/wp-content\\\/uploads\\\/2026\\\/03\\\/cropped-logo_new-1.png\",\"contentUrl\":\"https:\\\/\\\/blogdofarnesio.com.br\\\/wp-content\\\/uploads\\\/2026\\\/03\\\/cropped-logo_new-1.png\",\"width\":881,\"height\":685,\"caption\":\"Blog do Farn\u00e9sio\"},\"image\":{\"@id\":\"https:\\\/\\\/blogdofarnesio.com.br\\\/#\\\/schema\\\/logo\\\/image\\\/\"},\"sameAs\":[\"https:\\\/\\\/www.facebook.com\\\/BlogQuerSaberPolitica\\\/\"]},{\"@type\":\"Person\",\"@id\":\"https:\\\/\\\/blogdofarnesio.com.br\\\/#\\\/schema\\\/person\\\/301c4acf522bccbfdb45af95b5b906a1\",\"name\":\"Farn\u00e9sio\",\"image\":{\"@type\":\"ImageObject\",\"inLanguage\":\"pt-BR\",\"@id\":\"https:\\\/\\\/secure.gravatar.com\\\/avatar\\\/df0c9a14567c056f8ad6876ba5bbd1e3e2c48023eb6807342fc4663adf549f38?s=96&d=mm&r=g\",\"url\":\"https:\\\/\\\/secure.gravatar.com\\\/avatar\\\/df0c9a14567c056f8ad6876ba5bbd1e3e2c48023eb6807342fc4663adf549f38?s=96&d=mm&r=g\",\"contentUrl\":\"https:\\\/\\\/secure.gravatar.com\\\/avatar\\\/df0c9a14567c056f8ad6876ba5bbd1e3e2c48023eb6807342fc4663adf549f38?s=96&d=mm&r=g\",\"caption\":\"Farn\u00e9sio\"},\"sameAs\":[\"https:\\\/\\\/quersaberpolitica.com.br\"],\"url\":\"https:\\\/\\\/blogdofarnesio.com.br\\\/?author=1\"}]}<\/script>\n<!-- \/ Yoast SEO plugin. -->","yoast_head_json":{"title":"\u201cESSA VIOL\u00caNCIA NAS AG\u00caNCIAS BANC\u00c1RIAS \u00c9 UMA EPIDEMIA NO PAIS\u201d, AVALIA COMANDANTE DA 76\u00aa COMPANHIA DE POL\u00cdCIA EM JUAZEIRO - Blog do Farn\u00e9sio","robots":{"index":"index","follow":"follow","max-snippet":"max-snippet:-1","max-image-preview":"max-image-preview:large","max-video-preview":"max-video-preview:-1"},"canonical":"https:\/\/blogdofarnesio.com.br\/?p=162463","og_locale":"pt_BR","og_type":"article","og_title":"\u201cESSA VIOL\u00caNCIA NAS AG\u00caNCIAS BANC\u00c1RIAS \u00c9 UMA EPIDEMIA NO PAIS\u201d, AVALIA COMANDANTE DA 76\u00aa COMPANHIA DE POL\u00cdCIA EM JUAZEIRO - Blog do Farn\u00e9sio","og_description":"AP &#8211; O Comandante 76\u00aa da Policia Militar de Juazeiro, Iulo Lins Silva, fez uma avalia\u00e7\u00e3o das atividades realizadas. De acordo com ele, a Companhia \u00e9 interligada tamb\u00e9m a 73\u00aa que atualmente atende 18 bairros, se estendendo da Maring\u00e1 at\u00e9 o bairro S\u00e3o Geraldo. \u201cTodas as ag\u00eancias financeiras, bancos, est\u00e1dio, percurso carnaval, \u00f3rg\u00e3os p\u00fablicos ficam situados nas \u00e1reas da 73\u00aa, portanto dividimos esta \u00e1rea em 3 setores e em cada setor temos um policiamento pr\u00f3prio: da Banca at\u00e9 a Maring\u00e1 chamamos de setor 2; da banca at\u00e9 a Adolfo Viana chamamos de setor 1 e o setor 3 da Adolfo Viana at\u00e9 o bairro S\u00e3o Geraldo. As atividades s\u00e3o muito intensas, principalmente nos finais de semanas em decorr\u00eancia da quantidade&hellip;","og_url":"https:\/\/blogdofarnesio.com.br\/?p=162463","og_site_name":"Blog do Farn\u00e9sio","article_publisher":"https:\/\/www.facebook.com\/BlogQuerSaberPolitica\/","article_published_time":"2017-03-30T14:00:19+00:00","og_image":[{"width":620,"height":349,"url":"https:\/\/blogdofarnesio.com.br\/wp-content\/uploads\/2017\/03\/BLOGQSP-Iulo-Lins-Silva.jpg","type":"image\/jpeg"}],"author":"Farn\u00e9sio","twitter_card":"summary_large_image","twitter_misc":{"Escrito por":"Farn\u00e9sio","Est. tempo de leitura":"3 minutos"},"schema":{"@context":"https:\/\/schema.org","@graph":[{"@type":"Article","@id":"https:\/\/blogdofarnesio.com.br\/?p=162463#article","isPartOf":{"@id":"https:\/\/blogdofarnesio.com.br\/?p=162463"},"author":{"name":"Farn\u00e9sio","@id":"https:\/\/blogdofarnesio.com.br\/#\/schema\/person\/301c4acf522bccbfdb45af95b5b906a1"},"headline":"\u201cESSA VIOL\u00caNCIA NAS AG\u00caNCIAS BANC\u00c1RIAS \u00c9 UMA EPIDEMIA NO PAIS\u201d, AVALIA COMANDANTE DA 76\u00aa COMPANHIA DE POL\u00cdCIA EM JUAZEIRO","datePublished":"2017-03-30T14:00:19+00:00","mainEntityOfPage":{"@id":"https:\/\/blogdofarnesio.com.br\/?p=162463"},"wordCount":682,"commentCount":0,"publisher":{"@id":"https:\/\/blogdofarnesio.com.br\/#organization"},"image":{"@id":"https:\/\/blogdofarnesio.com.br\/?p=162463#primaryimage"},"thumbnailUrl":"https:\/\/blogdofarnesio.com.br\/wp-content\/uploads\/2017\/03\/BLOGQSP-Iulo-Lins-Silva.jpg","articleSection":["Pol\u00edcia"],"inLanguage":"pt-BR","potentialAction":[{"@type":"CommentAction","name":"Comment","target":["https:\/\/blogdofarnesio.com.br\/?p=162463#respond"]}]},{"@type":"WebPage","@id":"https:\/\/blogdofarnesio.com.br\/?p=162463","url":"https:\/\/blogdofarnesio.com.br\/?p=162463","name":"\u201cESSA VIOL\u00caNCIA NAS AG\u00caNCIAS BANC\u00c1RIAS \u00c9 UMA EPIDEMIA NO PAIS\u201d, AVALIA COMANDANTE DA 76\u00aa COMPANHIA DE POL\u00cdCIA EM JUAZEIRO - Blog do Farn\u00e9sio","isPartOf":{"@id":"https:\/\/blogdofarnesio.com.br\/#website"},"primaryImageOfPage":{"@id":"https:\/\/blogdofarnesio.com.br\/?p=162463#primaryimage"},"image":{"@id":"https:\/\/blogdofarnesio.com.br\/?p=162463#primaryimage"},"thumbnailUrl":"https:\/\/blogdofarnesio.com.br\/wp-content\/uploads\/2017\/03\/BLOGQSP-Iulo-Lins-Silva.jpg","datePublished":"2017-03-30T14:00:19+00:00","breadcrumb":{"@id":"https:\/\/blogdofarnesio.com.br\/?p=162463#breadcrumb"},"inLanguage":"pt-BR","potentialAction":[{"@type":"ReadAction","target":["https:\/\/blogdofarnesio.com.br\/?p=162463"]}]},{"@type":"ImageObject","inLanguage":"pt-BR","@id":"https:\/\/blogdofarnesio.com.br\/?p=162463#primaryimage","url":"https:\/\/blogdofarnesio.com.br\/wp-content\/uploads\/2017\/03\/BLOGQSP-Iulo-Lins-Silva.jpg","contentUrl":"https:\/\/blogdofarnesio.com.br\/wp-content\/uploads\/2017\/03\/BLOGQSP-Iulo-Lins-Silva.jpg","width":620,"height":349},{"@type":"BreadcrumbList","@id":"https:\/\/blogdofarnesio.com.br\/?p=162463#breadcrumb","itemListElement":[{"@type":"ListItem","position":1,"name":"In\u00edcio","item":"https:\/\/blogdofarnesio.com.br\/"},{"@type":"ListItem","position":2,"name":"\u201cESSA VIOL\u00caNCIA NAS AG\u00caNCIAS BANC\u00c1RIAS \u00c9 UMA EPIDEMIA NO PAIS\u201d, AVALIA COMANDANTE DA 76\u00aa COMPANHIA DE POL\u00cdCIA EM JUAZEIRO"}]},{"@type":"WebSite","@id":"https:\/\/blogdofarnesio.com.br\/#website","url":"https:\/\/blogdofarnesio.com.br\/","name":"Blog do Farn\u00e9sio","description":"Quer Saber Pol\u00edtica?","publisher":{"@id":"https:\/\/blogdofarnesio.com.br\/#organization"},"potentialAction":[{"@type":"SearchAction","target":{"@type":"EntryPoint","urlTemplate":"https:\/\/blogdofarnesio.com.br\/?s={search_term_string}"},"query-input":{"@type":"PropertyValueSpecification","valueRequired":true,"valueName":"search_term_string"}}],"inLanguage":"pt-BR"},{"@type":"Organization","@id":"https:\/\/blogdofarnesio.com.br\/#organization","name":"Blog do Farn\u00e9sio","url":"https:\/\/blogdofarnesio.com.br\/","logo":{"@type":"ImageObject","inLanguage":"pt-BR","@id":"https:\/\/blogdofarnesio.com.br\/#\/schema\/logo\/image\/","url":"https:\/\/blogdofarnesio.com.br\/wp-content\/uploads\/2026\/03\/cropped-logo_new-1.png","contentUrl":"https:\/\/blogdofarnesio.com.br\/wp-content\/uploads\/2026\/03\/cropped-logo_new-1.png","width":881,"height":685,"caption":"Blog do Farn\u00e9sio"},"image":{"@id":"https:\/\/blogdofarnesio.com.br\/#\/schema\/logo\/image\/"},"sameAs":["https:\/\/www.facebook.com\/BlogQuerSaberPolitica\/"]},{"@type":"Person","@id":"https:\/\/blogdofarnesio.com.br\/#\/schema\/person\/301c4acf522bccbfdb45af95b5b906a1","name":"Farn\u00e9sio","image":{"@type":"ImageObject","inLanguage":"pt-BR","@id":"https:\/\/secure.gravatar.com\/avatar\/df0c9a14567c056f8ad6876ba5bbd1e3e2c48023eb6807342fc4663adf549f38?s=96&d=mm&r=g","url":"https:\/\/secure.gravatar.com\/avatar\/df0c9a14567c056f8ad6876ba5bbd1e3e2c48023eb6807342fc4663adf549f38?s=96&d=mm&r=g","contentUrl":"https:\/\/secure.gravatar.com\/avatar\/df0c9a14567c056f8ad6876ba5bbd1e3e2c48023eb6807342fc4663adf549f38?s=96&d=mm&r=g","caption":"Farn\u00e9sio"},"sameAs":["https:\/\/quersaberpolitica.com.br"],"url":"https:\/\/blogdofarnesio.com.br\/?author=1"}]}},"_links":{"self":[{"href":"https:\/\/blogdofarnesio.com.br\/index.php?rest_route=\/wp\/v2\/posts\/162463","targetHints":{"allow":["GET"]}}],"collection":[{"href":"https:\/\/blogdofarnesio.com.br\/index.php?rest_route=\/wp\/v2\/posts"}],"about":[{"href":"https:\/\/blogdofarnesio.com.br\/index.php?rest_route=\/wp\/v2\/types\/post"}],"author":[{"embeddable":true,"href":"https:\/\/blogdofarnesio.com.br\/index.php?rest_route=\/wp\/v2\/users\/1"}],"replies":[{"embeddable":true,"href":"https:\/\/blogdofarnesio.com.br\/index.php?rest_route=%2Fwp%2Fv2%2Fcomments&post=162463"}],"version-history":[{"count":0,"href":"https:\/\/blogdofarnesio.com.br\/index.php?rest_route=\/wp\/v2\/posts\/162463\/revisions"}],"wp:featuredmedia":[{"embeddable":true,"href":"https:\/\/blogdofarnesio.com.br\/index.php?rest_route=\/wp\/v2\/media\/162464"}],"wp:attachment":[{"href":"https:\/\/blogdofarnesio.com.br\/index.php?rest_route=%2Fwp%2Fv2%2Fmedia&parent=162463"}],"wp:term":[{"taxonomy":"category","embeddable":true,"href":"https:\/\/blogdofarnesio.com.br\/index.php?rest_route=%2Fwp%2Fv2%2Fcategories&post=162463"},{"taxonomy":"post_tag","embeddable":true,"href":"https:\/\/blogdofarnesio.com.br\/index.php?rest_route=%2Fwp%2Fv2%2Ftags&post=162463"}],"curies":[{"name":"wp","href":"https:\/\/api.w.org\/{rel}","templated":true}]}}