{"id":162445,"date":"2017-03-30T09:41:22","date_gmt":"2017-03-30T12:41:22","guid":{"rendered":"http:\/\/quersaberpolitica.com.br\/2016\/?p=162445"},"modified":"2017-03-29T21:16:20","modified_gmt":"2017-03-30T00:16:20","slug":"vereador-gilmar-santos-pt-de-petrolina-reafirma-sua-posicao-quanto-a-votacao-do-projeto-de-leitura-da-biblia-nas-escolas-municipais","status":"publish","type":"post","link":"https:\/\/blogdofarnesio.com.br\/?p=162445","title":{"rendered":"VEREADOR GILMAR SANTOS PT DE PETROLINA, REAFIRMA SUA POSI\u00c7\u00c3O QUANTO A VOTA\u00c7\u00c3O DO PROJETO DE LEITURA DA BIBL\u00cdA NAS ESCOLAS MUNICIPAIS"},"content":{"rendered":"<p style=\"text-align: justify;\">Vimos informar \u00e0 popula\u00e7\u00e3o de Petrolina, e regi\u00e3o, que os coment\u00e1rios ou not\u00edcias distorcidas que circulam em redes sociais, blogs (sem fonte, sem autoria de quem informa, sem responsabilidade com a verdade), ou em emissoras de r\u00e1dio,\u00a0 sobre o posicionamento do vereador Gilmar Santos e da vereadora Cristina Costa, ambos do Partido dos Trabalhadores,\u00a0 perante o projeto do vereador Elias Jardim, que autoriza a leitura de vers\u00edculos b\u00edblicos em escolas do nosso munic\u00edpio, n\u00e3o condizem com a realidade, j\u00e1 que em nenhum momento durante a sess\u00e3o os vereadores se colocaram contra a B\u00edblia ou afirmaram\u00a0 ser aquele projeto inconstitucional. Pessoas que divulgam essas informa\u00e7\u00f5es, caso se declarem crist\u00e3s, n\u00e3o podem defender a \u201cPalavra de Deus\u201d, j\u00e1 que faltam com a verdade dos fatos.<\/p>\n<p style=\"text-align: justify;\">O que apresentamos diante da discuss\u00e3o foram quest\u00f5es que visam garantir o direito de cidad\u00e3os\/\u00e3s de outras religi\u00f5es ou credos, de poderem expressar, tamb\u00e9m, nas escolas p\u00fablicas ou privadas do munic\u00edpio, suas cren\u00e7as, mensagens e\/ou reflex\u00f5es, conforme sua \u00e9tica ou moral, j\u00e1 que a Constitui\u00e7\u00e3o brasileira de 1988 garante a liberdade, pluralidade e toler\u00e2ncia diante dos diversos credos existentes no nosso pa\u00eds. A Lei de Diretrizes e Bases da Educa\u00e7\u00e3o (LDB) em seu artigo 33, lei n\u00ba 9.394\/96, com reda\u00e7\u00e3o dada pela Lei n\u00ba 9475\/97, que trata sobre Ensino Religioso nas escolas \u2013 diz que o ensino religioso \u00e9 de cunho facultativo, deve possuir \u201crespeito \u00e0 diversidade cultural religiosa do Brasil, vedadas qualquer formas de proselitismo\u201d.\u00a0\u00a0 Alguns dos questionamentos que foram apresentados aos vereadores durante a sess\u00e3o voltamos a repetir nessa nota:<\/p>\n<p style=\"text-align: justify;\">1 \u2013 Votariam eles em projeto que autorizasse a leitura do Livro dos Esp\u00edritos para as nossas escolas?<\/p>\n<p style=\"text-align: justify;\">2 \u2013 Votariam eles em projeto que autorizasse reflex\u00f5es dos adeptos de comunidades de Candombl\u00e9 para as nossas escolas?<\/p>\n<p style=\"text-align: justify;\">3 \u2013 Votariam eles em projeto que autorizasse adeptos de religi\u00f5es orientais (Hare Krishna, Seicho no Ie, Budismo, etc) a refletirem a partir da sua \u00e9tica ou vis\u00e3o de mundo?<\/p>\n<p style=\"text-align: justify;\">Em plen\u00e1rio, a maioria dos vereadores respondeu N\u00c3O a essas perguntas, o que demonstra que n\u00e3o est\u00e3o ali para representar a diversidade da sociedade, mas apenas o credo que lhe interessa. Nesse sentido resolvemos nos ABSTER do projeto, n\u00e3o porque somos contra a B\u00edblia, mas por n\u00e3o concordar com a forma como esses senhores tratam a Constitui\u00e7\u00e3o brasileira e o interesse do conjunto da sociedade. Mesmo reconhecendo o importante papel das Escrituras Sagradas para elevar a moral, a autoestima e mudar comportamentos, somente pol\u00edticas p\u00fablicas bem elaboradas e aplicadas podem superar os nossos mais profundos problemas sociais (viol\u00eancia, drogas, mis\u00e9ria, etc).<\/p>\n<p style=\"text-align: justify;\">Gilmar dos Santos Pereira<\/p>\n","protected":false},"excerpt":{"rendered":"<p>Vimos informar \u00e0 popula\u00e7\u00e3o de Petrolina, e regi\u00e3o, que os coment\u00e1rios ou not\u00edcias distorcidas que circulam em redes sociais, blogs (sem fonte, sem autoria de quem informa, sem responsabilidade com a verdade), ou em emissoras de r\u00e1dio,\u00a0 sobre o posicionamento do vereador Gilmar Santos e da vereadora Cristina Costa, ambos do Partido dos Trabalhadores,\u00a0 perante o projeto do vereador Elias Jardim, que autoriza a leitura de vers\u00edculos b\u00edblicos em escolas do nosso munic\u00edpio, n\u00e3o condizem com a realidade, j\u00e1 que em nenhum momento durante a sess\u00e3o os vereadores se colocaram contra a B\u00edblia ou afirmaram\u00a0 ser aquele projeto inconstitucional. Pessoas que divulgam essas informa\u00e7\u00f5es, caso se declarem crist\u00e3s, n\u00e3o podem defender a \u201cPalavra de Deus\u201d, j\u00e1 que faltam com a&hellip; <\/p>\n","protected":false},"author":1,"featured_media":162449,"comment_status":"open","ping_status":"open","sticky":false,"template":"","format":"standard","meta":{"_acf_changed":false,"footnotes":""},"categories":[30,7],"tags":[],"class_list":["post-162445","post","type-post","status-publish","format-standard","has-post-thumbnail","hentry","category-artigo","category-religiao"],"acf":[],"yoast_head":"<!-- This site is optimized with the Yoast SEO plugin v27.4 - https:\/\/yoast.com\/product\/yoast-seo-wordpress\/ -->\n<title>VEREADOR GILMAR SANTOS PT DE PETROLINA, REAFIRMA SUA POSI\u00c7\u00c3O QUANTO A VOTA\u00c7\u00c3O DO PROJETO DE LEITURA DA BIBL\u00cdA NAS ESCOLAS MUNICIPAIS - Blog do Farn\u00e9sio<\/title>\n<meta name=\"robots\" content=\"index, follow, max-snippet:-1, max-image-preview:large, max-video-preview:-1\" \/>\n<link rel=\"canonical\" href=\"https:\/\/blogdofarnesio.com.br\/?p=162445\" \/>\n<meta property=\"og:locale\" content=\"pt_BR\" \/>\n<meta property=\"og:type\" content=\"article\" \/>\n<meta property=\"og:title\" content=\"VEREADOR GILMAR SANTOS PT DE PETROLINA, REAFIRMA SUA POSI\u00c7\u00c3O QUANTO A VOTA\u00c7\u00c3O DO PROJETO DE LEITURA DA BIBL\u00cdA NAS ESCOLAS MUNICIPAIS - Blog do Farn\u00e9sio\" \/>\n<meta property=\"og:description\" content=\"Vimos informar \u00e0 popula\u00e7\u00e3o de Petrolina, e regi\u00e3o, que os coment\u00e1rios ou not\u00edcias distorcidas que circulam em redes sociais, blogs (sem fonte, sem autoria de quem informa, sem responsabilidade com a verdade), ou em emissoras de r\u00e1dio,\u00a0 sobre o posicionamento do vereador Gilmar Santos e da vereadora Cristina Costa, ambos do Partido dos Trabalhadores,\u00a0 perante o projeto do vereador Elias Jardim, que autoriza a leitura de vers\u00edculos b\u00edblicos em escolas do nosso munic\u00edpio, n\u00e3o condizem com a realidade, j\u00e1 que em nenhum momento durante a sess\u00e3o os vereadores se colocaram contra a B\u00edblia ou afirmaram\u00a0 ser aquele projeto inconstitucional. Pessoas que divulgam essas informa\u00e7\u00f5es, caso se declarem crist\u00e3s, n\u00e3o podem defender a \u201cPalavra de Deus\u201d, j\u00e1 que faltam com a&hellip;\" \/>\n<meta property=\"og:url\" content=\"https:\/\/blogdofarnesio.com.br\/?p=162445\" \/>\n<meta property=\"og:site_name\" content=\"Blog do Farn\u00e9sio\" \/>\n<meta property=\"article:publisher\" content=\"https:\/\/www.facebook.com\/BlogQuerSaberPolitica\/\" \/>\n<meta property=\"article:published_time\" content=\"2017-03-30T12:41:22+00:00\" \/>\n<meta property=\"og:image\" content=\"https:\/\/blogdofarnesio.com.br\/wp-content\/uploads\/2017\/03\/blogqsp-Gilmar-dos-Santos-Pereira-e1490831778856.jpg\" \/>\n\t<meta property=\"og:image:width\" content=\"600\" \/>\n\t<meta property=\"og:image:height\" content=\"337\" \/>\n\t<meta property=\"og:image:type\" content=\"image\/jpeg\" \/>\n<meta name=\"author\" content=\"Farn\u00e9sio\" \/>\n<meta name=\"twitter:card\" content=\"summary_large_image\" \/>\n<meta name=\"twitter:label1\" content=\"Escrito por\" \/>\n\t<meta name=\"twitter:data1\" content=\"Farn\u00e9sio\" \/>\n\t<meta name=\"twitter:label2\" content=\"Est. tempo de leitura\" \/>\n\t<meta name=\"twitter:data2\" content=\"2 minutos\" \/>\n<script type=\"application\/ld+json\" class=\"yoast-schema-graph\">{\"@context\":\"https:\\\/\\\/schema.org\",\"@graph\":[{\"@type\":\"Article\",\"@id\":\"https:\\\/\\\/blogdofarnesio.com.br\\\/?p=162445#article\",\"isPartOf\":{\"@id\":\"https:\\\/\\\/blogdofarnesio.com.br\\\/?p=162445\"},\"author\":{\"name\":\"Farn\u00e9sio\",\"@id\":\"https:\\\/\\\/blogdofarnesio.com.br\\\/#\\\/schema\\\/person\\\/301c4acf522bccbfdb45af95b5b906a1\"},\"headline\":\"VEREADOR GILMAR SANTOS PT DE PETROLINA, REAFIRMA SUA POSI\u00c7\u00c3O QUANTO A VOTA\u00c7\u00c3O DO PROJETO DE LEITURA DA BIBL\u00cdA NAS ESCOLAS MUNICIPAIS\",\"datePublished\":\"2017-03-30T12:41:22+00:00\",\"mainEntityOfPage\":{\"@id\":\"https:\\\/\\\/blogdofarnesio.com.br\\\/?p=162445\"},\"wordCount\":484,\"commentCount\":0,\"publisher\":{\"@id\":\"https:\\\/\\\/blogdofarnesio.com.br\\\/#organization\"},\"image\":{\"@id\":\"https:\\\/\\\/blogdofarnesio.com.br\\\/?p=162445#primaryimage\"},\"thumbnailUrl\":\"https:\\\/\\\/blogdofarnesio.com.br\\\/wp-content\\\/uploads\\\/2017\\\/03\\\/blogqsp-Gilmar-dos-Santos-Pereira-e1490831778856.jpg\",\"articleSection\":[\"Artigo\",\"Religi\u00e3o\"],\"inLanguage\":\"pt-BR\",\"potentialAction\":[{\"@type\":\"CommentAction\",\"name\":\"Comment\",\"target\":[\"https:\\\/\\\/blogdofarnesio.com.br\\\/?p=162445#respond\"]}]},{\"@type\":\"WebPage\",\"@id\":\"https:\\\/\\\/blogdofarnesio.com.br\\\/?p=162445\",\"url\":\"https:\\\/\\\/blogdofarnesio.com.br\\\/?p=162445\",\"name\":\"VEREADOR GILMAR SANTOS PT DE PETROLINA, REAFIRMA SUA POSI\u00c7\u00c3O QUANTO A VOTA\u00c7\u00c3O DO PROJETO DE LEITURA DA BIBL\u00cdA NAS ESCOLAS MUNICIPAIS - Blog do Farn\u00e9sio\",\"isPartOf\":{\"@id\":\"https:\\\/\\\/blogdofarnesio.com.br\\\/#website\"},\"primaryImageOfPage\":{\"@id\":\"https:\\\/\\\/blogdofarnesio.com.br\\\/?p=162445#primaryimage\"},\"image\":{\"@id\":\"https:\\\/\\\/blogdofarnesio.com.br\\\/?p=162445#primaryimage\"},\"thumbnailUrl\":\"https:\\\/\\\/blogdofarnesio.com.br\\\/wp-content\\\/uploads\\\/2017\\\/03\\\/blogqsp-Gilmar-dos-Santos-Pereira-e1490831778856.jpg\",\"datePublished\":\"2017-03-30T12:41:22+00:00\",\"breadcrumb\":{\"@id\":\"https:\\\/\\\/blogdofarnesio.com.br\\\/?p=162445#breadcrumb\"},\"inLanguage\":\"pt-BR\",\"potentialAction\":[{\"@type\":\"ReadAction\",\"target\":[\"https:\\\/\\\/blogdofarnesio.com.br\\\/?p=162445\"]}]},{\"@type\":\"ImageObject\",\"inLanguage\":\"pt-BR\",\"@id\":\"https:\\\/\\\/blogdofarnesio.com.br\\\/?p=162445#primaryimage\",\"url\":\"https:\\\/\\\/blogdofarnesio.com.br\\\/wp-content\\\/uploads\\\/2017\\\/03\\\/blogqsp-Gilmar-dos-Santos-Pereira-e1490831778856.jpg\",\"contentUrl\":\"https:\\\/\\\/blogdofarnesio.com.br\\\/wp-content\\\/uploads\\\/2017\\\/03\\\/blogqsp-Gilmar-dos-Santos-Pereira-e1490831778856.jpg\",\"width\":600,\"height\":337},{\"@type\":\"BreadcrumbList\",\"@id\":\"https:\\\/\\\/blogdofarnesio.com.br\\\/?p=162445#breadcrumb\",\"itemListElement\":[{\"@type\":\"ListItem\",\"position\":1,\"name\":\"In\u00edcio\",\"item\":\"https:\\\/\\\/blogdofarnesio.com.br\\\/\"},{\"@type\":\"ListItem\",\"position\":2,\"name\":\"VEREADOR GILMAR SANTOS PT DE PETROLINA, REAFIRMA SUA POSI\u00c7\u00c3O QUANTO A VOTA\u00c7\u00c3O DO PROJETO DE LEITURA DA BIBL\u00cdA NAS ESCOLAS MUNICIPAIS\"}]},{\"@type\":\"WebSite\",\"@id\":\"https:\\\/\\\/blogdofarnesio.com.br\\\/#website\",\"url\":\"https:\\\/\\\/blogdofarnesio.com.br\\\/\",\"name\":\"Blog do Farn\u00e9sio\",\"description\":\"Quer Saber Pol\u00edtica?\",\"publisher\":{\"@id\":\"https:\\\/\\\/blogdofarnesio.com.br\\\/#organization\"},\"potentialAction\":[{\"@type\":\"SearchAction\",\"target\":{\"@type\":\"EntryPoint\",\"urlTemplate\":\"https:\\\/\\\/blogdofarnesio.com.br\\\/?s={search_term_string}\"},\"query-input\":{\"@type\":\"PropertyValueSpecification\",\"valueRequired\":true,\"valueName\":\"search_term_string\"}}],\"inLanguage\":\"pt-BR\"},{\"@type\":\"Organization\",\"@id\":\"https:\\\/\\\/blogdofarnesio.com.br\\\/#organization\",\"name\":\"Blog do Farn\u00e9sio\",\"url\":\"https:\\\/\\\/blogdofarnesio.com.br\\\/\",\"logo\":{\"@type\":\"ImageObject\",\"inLanguage\":\"pt-BR\",\"@id\":\"https:\\\/\\\/blogdofarnesio.com.br\\\/#\\\/schema\\\/logo\\\/image\\\/\",\"url\":\"https:\\\/\\\/blogdofarnesio.com.br\\\/wp-content\\\/uploads\\\/2026\\\/03\\\/cropped-logo_new-1.png\",\"contentUrl\":\"https:\\\/\\\/blogdofarnesio.com.br\\\/wp-content\\\/uploads\\\/2026\\\/03\\\/cropped-logo_new-1.png\",\"width\":881,\"height\":685,\"caption\":\"Blog do Farn\u00e9sio\"},\"image\":{\"@id\":\"https:\\\/\\\/blogdofarnesio.com.br\\\/#\\\/schema\\\/logo\\\/image\\\/\"},\"sameAs\":[\"https:\\\/\\\/www.facebook.com\\\/BlogQuerSaberPolitica\\\/\"]},{\"@type\":\"Person\",\"@id\":\"https:\\\/\\\/blogdofarnesio.com.br\\\/#\\\/schema\\\/person\\\/301c4acf522bccbfdb45af95b5b906a1\",\"name\":\"Farn\u00e9sio\",\"image\":{\"@type\":\"ImageObject\",\"inLanguage\":\"pt-BR\",\"@id\":\"https:\\\/\\\/secure.gravatar.com\\\/avatar\\\/df0c9a14567c056f8ad6876ba5bbd1e3e2c48023eb6807342fc4663adf549f38?s=96&d=mm&r=g\",\"url\":\"https:\\\/\\\/secure.gravatar.com\\\/avatar\\\/df0c9a14567c056f8ad6876ba5bbd1e3e2c48023eb6807342fc4663adf549f38?s=96&d=mm&r=g\",\"contentUrl\":\"https:\\\/\\\/secure.gravatar.com\\\/avatar\\\/df0c9a14567c056f8ad6876ba5bbd1e3e2c48023eb6807342fc4663adf549f38?s=96&d=mm&r=g\",\"caption\":\"Farn\u00e9sio\"},\"sameAs\":[\"https:\\\/\\\/quersaberpolitica.com.br\"],\"url\":\"https:\\\/\\\/blogdofarnesio.com.br\\\/?author=1\"}]}<\/script>\n<!-- \/ Yoast SEO plugin. -->","yoast_head_json":{"title":"VEREADOR GILMAR SANTOS PT DE PETROLINA, REAFIRMA SUA POSI\u00c7\u00c3O QUANTO A VOTA\u00c7\u00c3O DO PROJETO DE LEITURA DA BIBL\u00cdA NAS ESCOLAS MUNICIPAIS - Blog do Farn\u00e9sio","robots":{"index":"index","follow":"follow","max-snippet":"max-snippet:-1","max-image-preview":"max-image-preview:large","max-video-preview":"max-video-preview:-1"},"canonical":"https:\/\/blogdofarnesio.com.br\/?p=162445","og_locale":"pt_BR","og_type":"article","og_title":"VEREADOR GILMAR SANTOS PT DE PETROLINA, REAFIRMA SUA POSI\u00c7\u00c3O QUANTO A VOTA\u00c7\u00c3O DO PROJETO DE LEITURA DA BIBL\u00cdA NAS ESCOLAS MUNICIPAIS - Blog do Farn\u00e9sio","og_description":"Vimos informar \u00e0 popula\u00e7\u00e3o de Petrolina, e regi\u00e3o, que os coment\u00e1rios ou not\u00edcias distorcidas que circulam em redes sociais, blogs (sem fonte, sem autoria de quem informa, sem responsabilidade com a verdade), ou em emissoras de r\u00e1dio,\u00a0 sobre o posicionamento do vereador Gilmar Santos e da vereadora Cristina Costa, ambos do Partido dos Trabalhadores,\u00a0 perante o projeto do vereador Elias Jardim, que autoriza a leitura de vers\u00edculos b\u00edblicos em escolas do nosso munic\u00edpio, n\u00e3o condizem com a realidade, j\u00e1 que em nenhum momento durante a sess\u00e3o os vereadores se colocaram contra a B\u00edblia ou afirmaram\u00a0 ser aquele projeto inconstitucional. Pessoas que divulgam essas informa\u00e7\u00f5es, caso se declarem crist\u00e3s, n\u00e3o podem defender a \u201cPalavra de Deus\u201d, j\u00e1 que faltam com a&hellip;","og_url":"https:\/\/blogdofarnesio.com.br\/?p=162445","og_site_name":"Blog do Farn\u00e9sio","article_publisher":"https:\/\/www.facebook.com\/BlogQuerSaberPolitica\/","article_published_time":"2017-03-30T12:41:22+00:00","og_image":[{"width":600,"height":337,"url":"https:\/\/blogdofarnesio.com.br\/wp-content\/uploads\/2017\/03\/blogqsp-Gilmar-dos-Santos-Pereira-e1490831778856.jpg","type":"image\/jpeg"}],"author":"Farn\u00e9sio","twitter_card":"summary_large_image","twitter_misc":{"Escrito por":"Farn\u00e9sio","Est. tempo de leitura":"2 minutos"},"schema":{"@context":"https:\/\/schema.org","@graph":[{"@type":"Article","@id":"https:\/\/blogdofarnesio.com.br\/?p=162445#article","isPartOf":{"@id":"https:\/\/blogdofarnesio.com.br\/?p=162445"},"author":{"name":"Farn\u00e9sio","@id":"https:\/\/blogdofarnesio.com.br\/#\/schema\/person\/301c4acf522bccbfdb45af95b5b906a1"},"headline":"VEREADOR GILMAR SANTOS PT DE PETROLINA, REAFIRMA SUA POSI\u00c7\u00c3O QUANTO A VOTA\u00c7\u00c3O DO PROJETO DE LEITURA DA BIBL\u00cdA NAS ESCOLAS MUNICIPAIS","datePublished":"2017-03-30T12:41:22+00:00","mainEntityOfPage":{"@id":"https:\/\/blogdofarnesio.com.br\/?p=162445"},"wordCount":484,"commentCount":0,"publisher":{"@id":"https:\/\/blogdofarnesio.com.br\/#organization"},"image":{"@id":"https:\/\/blogdofarnesio.com.br\/?p=162445#primaryimage"},"thumbnailUrl":"https:\/\/blogdofarnesio.com.br\/wp-content\/uploads\/2017\/03\/blogqsp-Gilmar-dos-Santos-Pereira-e1490831778856.jpg","articleSection":["Artigo","Religi\u00e3o"],"inLanguage":"pt-BR","potentialAction":[{"@type":"CommentAction","name":"Comment","target":["https:\/\/blogdofarnesio.com.br\/?p=162445#respond"]}]},{"@type":"WebPage","@id":"https:\/\/blogdofarnesio.com.br\/?p=162445","url":"https:\/\/blogdofarnesio.com.br\/?p=162445","name":"VEREADOR GILMAR SANTOS PT DE PETROLINA, REAFIRMA SUA POSI\u00c7\u00c3O QUANTO A VOTA\u00c7\u00c3O DO PROJETO DE LEITURA DA BIBL\u00cdA NAS ESCOLAS MUNICIPAIS - Blog do Farn\u00e9sio","isPartOf":{"@id":"https:\/\/blogdofarnesio.com.br\/#website"},"primaryImageOfPage":{"@id":"https:\/\/blogdofarnesio.com.br\/?p=162445#primaryimage"},"image":{"@id":"https:\/\/blogdofarnesio.com.br\/?p=162445#primaryimage"},"thumbnailUrl":"https:\/\/blogdofarnesio.com.br\/wp-content\/uploads\/2017\/03\/blogqsp-Gilmar-dos-Santos-Pereira-e1490831778856.jpg","datePublished":"2017-03-30T12:41:22+00:00","breadcrumb":{"@id":"https:\/\/blogdofarnesio.com.br\/?p=162445#breadcrumb"},"inLanguage":"pt-BR","potentialAction":[{"@type":"ReadAction","target":["https:\/\/blogdofarnesio.com.br\/?p=162445"]}]},{"@type":"ImageObject","inLanguage":"pt-BR","@id":"https:\/\/blogdofarnesio.com.br\/?p=162445#primaryimage","url":"https:\/\/blogdofarnesio.com.br\/wp-content\/uploads\/2017\/03\/blogqsp-Gilmar-dos-Santos-Pereira-e1490831778856.jpg","contentUrl":"https:\/\/blogdofarnesio.com.br\/wp-content\/uploads\/2017\/03\/blogqsp-Gilmar-dos-Santos-Pereira-e1490831778856.jpg","width":600,"height":337},{"@type":"BreadcrumbList","@id":"https:\/\/blogdofarnesio.com.br\/?p=162445#breadcrumb","itemListElement":[{"@type":"ListItem","position":1,"name":"In\u00edcio","item":"https:\/\/blogdofarnesio.com.br\/"},{"@type":"ListItem","position":2,"name":"VEREADOR GILMAR SANTOS PT DE PETROLINA, REAFIRMA SUA POSI\u00c7\u00c3O QUANTO A VOTA\u00c7\u00c3O DO PROJETO DE LEITURA DA BIBL\u00cdA NAS ESCOLAS MUNICIPAIS"}]},{"@type":"WebSite","@id":"https:\/\/blogdofarnesio.com.br\/#website","url":"https:\/\/blogdofarnesio.com.br\/","name":"Blog do Farn\u00e9sio","description":"Quer Saber Pol\u00edtica?","publisher":{"@id":"https:\/\/blogdofarnesio.com.br\/#organization"},"potentialAction":[{"@type":"SearchAction","target":{"@type":"EntryPoint","urlTemplate":"https:\/\/blogdofarnesio.com.br\/?s={search_term_string}"},"query-input":{"@type":"PropertyValueSpecification","valueRequired":true,"valueName":"search_term_string"}}],"inLanguage":"pt-BR"},{"@type":"Organization","@id":"https:\/\/blogdofarnesio.com.br\/#organization","name":"Blog do Farn\u00e9sio","url":"https:\/\/blogdofarnesio.com.br\/","logo":{"@type":"ImageObject","inLanguage":"pt-BR","@id":"https:\/\/blogdofarnesio.com.br\/#\/schema\/logo\/image\/","url":"https:\/\/blogdofarnesio.com.br\/wp-content\/uploads\/2026\/03\/cropped-logo_new-1.png","contentUrl":"https:\/\/blogdofarnesio.com.br\/wp-content\/uploads\/2026\/03\/cropped-logo_new-1.png","width":881,"height":685,"caption":"Blog do Farn\u00e9sio"},"image":{"@id":"https:\/\/blogdofarnesio.com.br\/#\/schema\/logo\/image\/"},"sameAs":["https:\/\/www.facebook.com\/BlogQuerSaberPolitica\/"]},{"@type":"Person","@id":"https:\/\/blogdofarnesio.com.br\/#\/schema\/person\/301c4acf522bccbfdb45af95b5b906a1","name":"Farn\u00e9sio","image":{"@type":"ImageObject","inLanguage":"pt-BR","@id":"https:\/\/secure.gravatar.com\/avatar\/df0c9a14567c056f8ad6876ba5bbd1e3e2c48023eb6807342fc4663adf549f38?s=96&d=mm&r=g","url":"https:\/\/secure.gravatar.com\/avatar\/df0c9a14567c056f8ad6876ba5bbd1e3e2c48023eb6807342fc4663adf549f38?s=96&d=mm&r=g","contentUrl":"https:\/\/secure.gravatar.com\/avatar\/df0c9a14567c056f8ad6876ba5bbd1e3e2c48023eb6807342fc4663adf549f38?s=96&d=mm&r=g","caption":"Farn\u00e9sio"},"sameAs":["https:\/\/quersaberpolitica.com.br"],"url":"https:\/\/blogdofarnesio.com.br\/?author=1"}]}},"_links":{"self":[{"href":"https:\/\/blogdofarnesio.com.br\/index.php?rest_route=\/wp\/v2\/posts\/162445","targetHints":{"allow":["GET"]}}],"collection":[{"href":"https:\/\/blogdofarnesio.com.br\/index.php?rest_route=\/wp\/v2\/posts"}],"about":[{"href":"https:\/\/blogdofarnesio.com.br\/index.php?rest_route=\/wp\/v2\/types\/post"}],"author":[{"embeddable":true,"href":"https:\/\/blogdofarnesio.com.br\/index.php?rest_route=\/wp\/v2\/users\/1"}],"replies":[{"embeddable":true,"href":"https:\/\/blogdofarnesio.com.br\/index.php?rest_route=%2Fwp%2Fv2%2Fcomments&post=162445"}],"version-history":[{"count":0,"href":"https:\/\/blogdofarnesio.com.br\/index.php?rest_route=\/wp\/v2\/posts\/162445\/revisions"}],"wp:featuredmedia":[{"embeddable":true,"href":"https:\/\/blogdofarnesio.com.br\/index.php?rest_route=\/wp\/v2\/media\/162449"}],"wp:attachment":[{"href":"https:\/\/blogdofarnesio.com.br\/index.php?rest_route=%2Fwp%2Fv2%2Fmedia&parent=162445"}],"wp:term":[{"taxonomy":"category","embeddable":true,"href":"https:\/\/blogdofarnesio.com.br\/index.php?rest_route=%2Fwp%2Fv2%2Fcategories&post=162445"},{"taxonomy":"post_tag","embeddable":true,"href":"https:\/\/blogdofarnesio.com.br\/index.php?rest_route=%2Fwp%2Fv2%2Ftags&post=162445"}],"curies":[{"name":"wp","href":"https:\/\/api.w.org\/{rel}","templated":true}]}}