{"id":162337,"date":"2017-03-29T09:00:05","date_gmt":"2017-03-29T12:00:05","guid":{"rendered":"http:\/\/quersaberpolitica.com.br\/2016\/?p=162337"},"modified":"2017-03-28T20:26:34","modified_gmt":"2017-03-28T23:26:34","slug":"caminhada-da-penitencia-realizada-pela-diocese-de-juazeiro-chega-a-sua-38a-edicao-neste-sabado-1o","status":"publish","type":"post","link":"https:\/\/blogdofarnesio.com.br\/?p=162337","title":{"rendered":"CAMINHADA DA PENIT\u00caNCIA REALIZADA PELA DIOCESE DE JUAZEIRO CHEGA \u00c0 SUA 38\u00aa EDI\u00c7\u00c3O NESTE S\u00c1BADO (1\u00ba)"},"content":{"rendered":"<p style=\"text-align: justify;\">A tradicional caminhada penitencial promovida pela Diocese de Juazeiro chega \u00e0 sua 38\u00aa edi\u00e7\u00e3o. No pr\u00f3ximo s\u00e1bado, (1\u00ba de abril),\u00a0 milhares de fi\u00e9is s\u00e3o esperados no trajeto entre a\u00a0igreja de S\u00e3o Sebasti\u00e3o, bairro Malhada da Areia\u00a0at\u00e9\u00a0a Catedral-Santu\u00e1rio Nossa Senhora das Grotas. Ser\u00e3o mais de quatro horas\u00a0de caminhada, onde os cat\u00f3licos fazem seus sacrif\u00edcios e ora\u00e7\u00f5es, em prepara\u00e7\u00e3o \u00e0 Festa da P\u00e1scoa.<\/p>\n<p style=\"text-align: justify;\">\u00c0s 22h acontece\u00a0a abertura do momento penitencial, com missa presidida pelo Bispo Dom Carlos Alberto (Dom Beto). Em seguida, a caminhada\u00a0segue pelos bairros Malhada da Areia, Piranga II, Argemiro, Jardim Fl\u00f3rida, Maring\u00e1, Santo Ant\u00f4nio e Centro.<\/p>\n<p style=\"text-align: justify;\">Durante o percusso haver\u00e1 a Via-Sacra e momentos de reflex\u00e3o, em alus\u00e3o ao\u00a0tema da Campanha da Fraternidade 2017, \u201cFraternidade: biomas brasileiros e defesa da vida\u201d com o lema b\u00edblico \u201cCultivar e guardar a cria\u00e7\u00e3o\u201d.\u00a0O objetivo \u00e9\u00a0cuidar da cria\u00e7\u00e3o, de modo especial dos biomas brasileiros, dons de Deus, e promover rela\u00e7\u00f5es fraternas com a vida e a cultura dos povos, \u00e0 luz do Evangelho.<\/p>\n<p style=\"text-align: justify;\">Cada participante dever\u00e1 levar 1 Kg de alimento n\u00e3o perec\u00edvel, e todo o material ser\u00e1 doado para uma institui\u00e7\u00e3o social do munic\u00edpio.<\/p>\n<p style=\"text-align: justify;\">O p\u00e1roco da Catedral, Josemar Mota, faz o convite para que todos participem da caminhada, como um \u201ch\u00e1bito penitencial\u201d lembrando das\u00a0fragilidades humanas,\u00a0em busca da\u00a0reconcilia\u00e7\u00e3o e convers\u00e3o.<\/p>\n<p style=\"text-align: justify;\">\u201cNeste tempo quaresmal somos convidados pela palavra de Deus \u00a0a intensificar a \u00a0penit\u00eancia ,a ora\u00e7\u00e3o e a caridade. Reconhe\u00e7amos que somos povo de Deus que caminha guiados pela palavra do Cristo, voltados\u00a0para a pr\u00e1tica de cuidar do do projeto de Deus, a cria\u00e7\u00e3o, e nos preparemos para viver a verdadeira p\u00e1scoa\u201d, destacou.<\/p>\n<p style=\"text-align: justify;\"><b><i>Pascom Catedral-Santu\u00e1rio Nossa Senhora das Grotas<\/i><\/b><\/p>\n","protected":false},"excerpt":{"rendered":"<p>A tradicional caminhada penitencial promovida pela Diocese de Juazeiro chega \u00e0 sua 38\u00aa edi\u00e7\u00e3o. No pr\u00f3ximo s\u00e1bado, (1\u00ba de abril),\u00a0 milhares de fi\u00e9is s\u00e3o esperados no trajeto entre a\u00a0igreja de S\u00e3o Sebasti\u00e3o, bairro Malhada da Areia\u00a0at\u00e9\u00a0a Catedral-Santu\u00e1rio Nossa Senhora das Grotas. Ser\u00e3o mais de quatro horas\u00a0de caminhada, onde os cat\u00f3licos fazem seus sacrif\u00edcios e ora\u00e7\u00f5es, em prepara\u00e7\u00e3o \u00e0 Festa da P\u00e1scoa. \u00c0s 22h acontece\u00a0a abertura do momento penitencial, com missa presidida pelo Bispo Dom Carlos Alberto (Dom Beto). Em seguida, a caminhada\u00a0segue pelos bairros Malhada da Areia, Piranga II, Argemiro, Jardim Fl\u00f3rida, Maring\u00e1, Santo Ant\u00f4nio e Centro. Durante o percusso haver\u00e1 a Via-Sacra e momentos de reflex\u00e3o, em alus\u00e3o ao\u00a0tema da Campanha da Fraternidade 2017, \u201cFraternidade: biomas brasileiros e defesa&hellip; <\/p>\n","protected":false},"author":1,"featured_media":162338,"comment_status":"open","ping_status":"open","sticky":false,"template":"","format":"standard","meta":{"_acf_changed":false,"footnotes":""},"categories":[7],"tags":[],"class_list":["post-162337","post","type-post","status-publish","format-standard","has-post-thumbnail","hentry","category-religiao"],"acf":[],"yoast_head":"<!-- This site is optimized with the Yoast SEO plugin v27.4 - https:\/\/yoast.com\/product\/yoast-seo-wordpress\/ -->\n<title>CAMINHADA DA PENIT\u00caNCIA REALIZADA PELA DIOCESE DE JUAZEIRO CHEGA \u00c0 SUA 38\u00aa EDI\u00c7\u00c3O NESTE S\u00c1BADO (1\u00ba) - Blog do Farn\u00e9sio<\/title>\n<meta name=\"robots\" content=\"index, follow, max-snippet:-1, max-image-preview:large, max-video-preview:-1\" \/>\n<link rel=\"canonical\" href=\"https:\/\/blogdofarnesio.com.br\/?p=162337\" \/>\n<meta property=\"og:locale\" content=\"pt_BR\" \/>\n<meta property=\"og:type\" content=\"article\" \/>\n<meta property=\"og:title\" content=\"CAMINHADA DA PENIT\u00caNCIA REALIZADA PELA DIOCESE DE JUAZEIRO CHEGA \u00c0 SUA 38\u00aa EDI\u00c7\u00c3O NESTE S\u00c1BADO (1\u00ba) - Blog do Farn\u00e9sio\" \/>\n<meta property=\"og:description\" content=\"A tradicional caminhada penitencial promovida pela Diocese de Juazeiro chega \u00e0 sua 38\u00aa edi\u00e7\u00e3o. No pr\u00f3ximo s\u00e1bado, (1\u00ba de abril),\u00a0 milhares de fi\u00e9is s\u00e3o esperados no trajeto entre a\u00a0igreja de S\u00e3o Sebasti\u00e3o, bairro Malhada da Areia\u00a0at\u00e9\u00a0a Catedral-Santu\u00e1rio Nossa Senhora das Grotas. Ser\u00e3o mais de quatro horas\u00a0de caminhada, onde os cat\u00f3licos fazem seus sacrif\u00edcios e ora\u00e7\u00f5es, em prepara\u00e7\u00e3o \u00e0 Festa da P\u00e1scoa. \u00c0s 22h acontece\u00a0a abertura do momento penitencial, com missa presidida pelo Bispo Dom Carlos Alberto (Dom Beto). Em seguida, a caminhada\u00a0segue pelos bairros Malhada da Areia, Piranga II, Argemiro, Jardim Fl\u00f3rida, Maring\u00e1, Santo Ant\u00f4nio e Centro. Durante o percusso haver\u00e1 a Via-Sacra e momentos de reflex\u00e3o, em alus\u00e3o ao\u00a0tema da Campanha da Fraternidade 2017, \u201cFraternidade: biomas brasileiros e defesa&hellip;\" \/>\n<meta property=\"og:url\" content=\"https:\/\/blogdofarnesio.com.br\/?p=162337\" \/>\n<meta property=\"og:site_name\" content=\"Blog do Farn\u00e9sio\" \/>\n<meta property=\"article:publisher\" content=\"https:\/\/www.facebook.com\/BlogQuerSaberPolitica\/\" \/>\n<meta property=\"article:published_time\" content=\"2017-03-29T12:00:05+00:00\" \/>\n<meta property=\"og:image\" content=\"https:\/\/blogdofarnesio.com.br\/wp-content\/uploads\/2017\/03\/blogqsp-caminhada-penit\u00eancia.jpg\" \/>\n\t<meta property=\"og:image:width\" content=\"479\" \/>\n\t<meta property=\"og:image:height\" content=\"688\" \/>\n\t<meta property=\"og:image:type\" content=\"image\/jpeg\" \/>\n<meta name=\"author\" content=\"Farn\u00e9sio\" \/>\n<meta name=\"twitter:card\" content=\"summary_large_image\" \/>\n<meta name=\"twitter:label1\" content=\"Escrito por\" \/>\n\t<meta name=\"twitter:data1\" content=\"Farn\u00e9sio\" \/>\n\t<meta name=\"twitter:label2\" content=\"Est. tempo de leitura\" \/>\n\t<meta name=\"twitter:data2\" content=\"2 minutos\" \/>\n<script type=\"application\/ld+json\" class=\"yoast-schema-graph\">{\"@context\":\"https:\\\/\\\/schema.org\",\"@graph\":[{\"@type\":\"Article\",\"@id\":\"https:\\\/\\\/blogdofarnesio.com.br\\\/?p=162337#article\",\"isPartOf\":{\"@id\":\"https:\\\/\\\/blogdofarnesio.com.br\\\/?p=162337\"},\"author\":{\"name\":\"Farn\u00e9sio\",\"@id\":\"https:\\\/\\\/blogdofarnesio.com.br\\\/#\\\/schema\\\/person\\\/301c4acf522bccbfdb45af95b5b906a1\"},\"headline\":\"CAMINHADA DA PENIT\u00caNCIA REALIZADA PELA DIOCESE DE JUAZEIRO CHEGA \u00c0 SUA 38\u00aa EDI\u00c7\u00c3O NESTE S\u00c1BADO (1\u00ba)\",\"datePublished\":\"2017-03-29T12:00:05+00:00\",\"mainEntityOfPage\":{\"@id\":\"https:\\\/\\\/blogdofarnesio.com.br\\\/?p=162337\"},\"wordCount\":324,\"commentCount\":0,\"publisher\":{\"@id\":\"https:\\\/\\\/blogdofarnesio.com.br\\\/#organization\"},\"image\":{\"@id\":\"https:\\\/\\\/blogdofarnesio.com.br\\\/?p=162337#primaryimage\"},\"thumbnailUrl\":\"https:\\\/\\\/blogdofarnesio.com.br\\\/wp-content\\\/uploads\\\/2017\\\/03\\\/blogqsp-caminhada-penit\u00eancia.jpg\",\"articleSection\":[\"Religi\u00e3o\"],\"inLanguage\":\"pt-BR\",\"potentialAction\":[{\"@type\":\"CommentAction\",\"name\":\"Comment\",\"target\":[\"https:\\\/\\\/blogdofarnesio.com.br\\\/?p=162337#respond\"]}]},{\"@type\":\"WebPage\",\"@id\":\"https:\\\/\\\/blogdofarnesio.com.br\\\/?p=162337\",\"url\":\"https:\\\/\\\/blogdofarnesio.com.br\\\/?p=162337\",\"name\":\"CAMINHADA DA PENIT\u00caNCIA REALIZADA PELA DIOCESE DE JUAZEIRO CHEGA \u00c0 SUA 38\u00aa EDI\u00c7\u00c3O NESTE S\u00c1BADO (1\u00ba) - Blog do Farn\u00e9sio\",\"isPartOf\":{\"@id\":\"https:\\\/\\\/blogdofarnesio.com.br\\\/#website\"},\"primaryImageOfPage\":{\"@id\":\"https:\\\/\\\/blogdofarnesio.com.br\\\/?p=162337#primaryimage\"},\"image\":{\"@id\":\"https:\\\/\\\/blogdofarnesio.com.br\\\/?p=162337#primaryimage\"},\"thumbnailUrl\":\"https:\\\/\\\/blogdofarnesio.com.br\\\/wp-content\\\/uploads\\\/2017\\\/03\\\/blogqsp-caminhada-penit\u00eancia.jpg\",\"datePublished\":\"2017-03-29T12:00:05+00:00\",\"breadcrumb\":{\"@id\":\"https:\\\/\\\/blogdofarnesio.com.br\\\/?p=162337#breadcrumb\"},\"inLanguage\":\"pt-BR\",\"potentialAction\":[{\"@type\":\"ReadAction\",\"target\":[\"https:\\\/\\\/blogdofarnesio.com.br\\\/?p=162337\"]}]},{\"@type\":\"ImageObject\",\"inLanguage\":\"pt-BR\",\"@id\":\"https:\\\/\\\/blogdofarnesio.com.br\\\/?p=162337#primaryimage\",\"url\":\"https:\\\/\\\/blogdofarnesio.com.br\\\/wp-content\\\/uploads\\\/2017\\\/03\\\/blogqsp-caminhada-penit\u00eancia.jpg\",\"contentUrl\":\"https:\\\/\\\/blogdofarnesio.com.br\\\/wp-content\\\/uploads\\\/2017\\\/03\\\/blogqsp-caminhada-penit\u00eancia.jpg\",\"width\":479,\"height\":688},{\"@type\":\"BreadcrumbList\",\"@id\":\"https:\\\/\\\/blogdofarnesio.com.br\\\/?p=162337#breadcrumb\",\"itemListElement\":[{\"@type\":\"ListItem\",\"position\":1,\"name\":\"In\u00edcio\",\"item\":\"https:\\\/\\\/blogdofarnesio.com.br\\\/\"},{\"@type\":\"ListItem\",\"position\":2,\"name\":\"CAMINHADA DA PENIT\u00caNCIA REALIZADA PELA DIOCESE DE JUAZEIRO CHEGA \u00c0 SUA 38\u00aa EDI\u00c7\u00c3O NESTE S\u00c1BADO (1\u00ba)\"}]},{\"@type\":\"WebSite\",\"@id\":\"https:\\\/\\\/blogdofarnesio.com.br\\\/#website\",\"url\":\"https:\\\/\\\/blogdofarnesio.com.br\\\/\",\"name\":\"Blog do Farn\u00e9sio\",\"description\":\"Quer Saber Pol\u00edtica?\",\"publisher\":{\"@id\":\"https:\\\/\\\/blogdofarnesio.com.br\\\/#organization\"},\"potentialAction\":[{\"@type\":\"SearchAction\",\"target\":{\"@type\":\"EntryPoint\",\"urlTemplate\":\"https:\\\/\\\/blogdofarnesio.com.br\\\/?s={search_term_string}\"},\"query-input\":{\"@type\":\"PropertyValueSpecification\",\"valueRequired\":true,\"valueName\":\"search_term_string\"}}],\"inLanguage\":\"pt-BR\"},{\"@type\":\"Organization\",\"@id\":\"https:\\\/\\\/blogdofarnesio.com.br\\\/#organization\",\"name\":\"Blog do Farn\u00e9sio\",\"url\":\"https:\\\/\\\/blogdofarnesio.com.br\\\/\",\"logo\":{\"@type\":\"ImageObject\",\"inLanguage\":\"pt-BR\",\"@id\":\"https:\\\/\\\/blogdofarnesio.com.br\\\/#\\\/schema\\\/logo\\\/image\\\/\",\"url\":\"https:\\\/\\\/blogdofarnesio.com.br\\\/wp-content\\\/uploads\\\/2026\\\/03\\\/cropped-logo_new-1.png\",\"contentUrl\":\"https:\\\/\\\/blogdofarnesio.com.br\\\/wp-content\\\/uploads\\\/2026\\\/03\\\/cropped-logo_new-1.png\",\"width\":881,\"height\":685,\"caption\":\"Blog do Farn\u00e9sio\"},\"image\":{\"@id\":\"https:\\\/\\\/blogdofarnesio.com.br\\\/#\\\/schema\\\/logo\\\/image\\\/\"},\"sameAs\":[\"https:\\\/\\\/www.facebook.com\\\/BlogQuerSaberPolitica\\\/\"]},{\"@type\":\"Person\",\"@id\":\"https:\\\/\\\/blogdofarnesio.com.br\\\/#\\\/schema\\\/person\\\/301c4acf522bccbfdb45af95b5b906a1\",\"name\":\"Farn\u00e9sio\",\"image\":{\"@type\":\"ImageObject\",\"inLanguage\":\"pt-BR\",\"@id\":\"https:\\\/\\\/secure.gravatar.com\\\/avatar\\\/df0c9a14567c056f8ad6876ba5bbd1e3e2c48023eb6807342fc4663adf549f38?s=96&d=mm&r=g\",\"url\":\"https:\\\/\\\/secure.gravatar.com\\\/avatar\\\/df0c9a14567c056f8ad6876ba5bbd1e3e2c48023eb6807342fc4663adf549f38?s=96&d=mm&r=g\",\"contentUrl\":\"https:\\\/\\\/secure.gravatar.com\\\/avatar\\\/df0c9a14567c056f8ad6876ba5bbd1e3e2c48023eb6807342fc4663adf549f38?s=96&d=mm&r=g\",\"caption\":\"Farn\u00e9sio\"},\"sameAs\":[\"https:\\\/\\\/quersaberpolitica.com.br\"],\"url\":\"https:\\\/\\\/blogdofarnesio.com.br\\\/?author=1\"}]}<\/script>\n<!-- \/ Yoast SEO plugin. -->","yoast_head_json":{"title":"CAMINHADA DA PENIT\u00caNCIA REALIZADA PELA DIOCESE DE JUAZEIRO CHEGA \u00c0 SUA 38\u00aa EDI\u00c7\u00c3O NESTE S\u00c1BADO (1\u00ba) - Blog do Farn\u00e9sio","robots":{"index":"index","follow":"follow","max-snippet":"max-snippet:-1","max-image-preview":"max-image-preview:large","max-video-preview":"max-video-preview:-1"},"canonical":"https:\/\/blogdofarnesio.com.br\/?p=162337","og_locale":"pt_BR","og_type":"article","og_title":"CAMINHADA DA PENIT\u00caNCIA REALIZADA PELA DIOCESE DE JUAZEIRO CHEGA \u00c0 SUA 38\u00aa EDI\u00c7\u00c3O NESTE S\u00c1BADO (1\u00ba) - Blog do Farn\u00e9sio","og_description":"A tradicional caminhada penitencial promovida pela Diocese de Juazeiro chega \u00e0 sua 38\u00aa edi\u00e7\u00e3o. No pr\u00f3ximo s\u00e1bado, (1\u00ba de abril),\u00a0 milhares de fi\u00e9is s\u00e3o esperados no trajeto entre a\u00a0igreja de S\u00e3o Sebasti\u00e3o, bairro Malhada da Areia\u00a0at\u00e9\u00a0a Catedral-Santu\u00e1rio Nossa Senhora das Grotas. Ser\u00e3o mais de quatro horas\u00a0de caminhada, onde os cat\u00f3licos fazem seus sacrif\u00edcios e ora\u00e7\u00f5es, em prepara\u00e7\u00e3o \u00e0 Festa da P\u00e1scoa. \u00c0s 22h acontece\u00a0a abertura do momento penitencial, com missa presidida pelo Bispo Dom Carlos Alberto (Dom Beto). Em seguida, a caminhada\u00a0segue pelos bairros Malhada da Areia, Piranga II, Argemiro, Jardim Fl\u00f3rida, Maring\u00e1, Santo Ant\u00f4nio e Centro. Durante o percusso haver\u00e1 a Via-Sacra e momentos de reflex\u00e3o, em alus\u00e3o ao\u00a0tema da Campanha da Fraternidade 2017, \u201cFraternidade: biomas brasileiros e defesa&hellip;","og_url":"https:\/\/blogdofarnesio.com.br\/?p=162337","og_site_name":"Blog do Farn\u00e9sio","article_publisher":"https:\/\/www.facebook.com\/BlogQuerSaberPolitica\/","article_published_time":"2017-03-29T12:00:05+00:00","og_image":[{"width":479,"height":688,"url":"https:\/\/blogdofarnesio.com.br\/wp-content\/uploads\/2017\/03\/blogqsp-caminhada-penit\u00eancia.jpg","type":"image\/jpeg"}],"author":"Farn\u00e9sio","twitter_card":"summary_large_image","twitter_misc":{"Escrito por":"Farn\u00e9sio","Est. tempo de leitura":"2 minutos"},"schema":{"@context":"https:\/\/schema.org","@graph":[{"@type":"Article","@id":"https:\/\/blogdofarnesio.com.br\/?p=162337#article","isPartOf":{"@id":"https:\/\/blogdofarnesio.com.br\/?p=162337"},"author":{"name":"Farn\u00e9sio","@id":"https:\/\/blogdofarnesio.com.br\/#\/schema\/person\/301c4acf522bccbfdb45af95b5b906a1"},"headline":"CAMINHADA DA PENIT\u00caNCIA REALIZADA PELA DIOCESE DE JUAZEIRO CHEGA \u00c0 SUA 38\u00aa EDI\u00c7\u00c3O NESTE S\u00c1BADO (1\u00ba)","datePublished":"2017-03-29T12:00:05+00:00","mainEntityOfPage":{"@id":"https:\/\/blogdofarnesio.com.br\/?p=162337"},"wordCount":324,"commentCount":0,"publisher":{"@id":"https:\/\/blogdofarnesio.com.br\/#organization"},"image":{"@id":"https:\/\/blogdofarnesio.com.br\/?p=162337#primaryimage"},"thumbnailUrl":"https:\/\/blogdofarnesio.com.br\/wp-content\/uploads\/2017\/03\/blogqsp-caminhada-penit\u00eancia.jpg","articleSection":["Religi\u00e3o"],"inLanguage":"pt-BR","potentialAction":[{"@type":"CommentAction","name":"Comment","target":["https:\/\/blogdofarnesio.com.br\/?p=162337#respond"]}]},{"@type":"WebPage","@id":"https:\/\/blogdofarnesio.com.br\/?p=162337","url":"https:\/\/blogdofarnesio.com.br\/?p=162337","name":"CAMINHADA DA PENIT\u00caNCIA REALIZADA PELA DIOCESE DE JUAZEIRO CHEGA \u00c0 SUA 38\u00aa EDI\u00c7\u00c3O NESTE S\u00c1BADO (1\u00ba) - Blog do Farn\u00e9sio","isPartOf":{"@id":"https:\/\/blogdofarnesio.com.br\/#website"},"primaryImageOfPage":{"@id":"https:\/\/blogdofarnesio.com.br\/?p=162337#primaryimage"},"image":{"@id":"https:\/\/blogdofarnesio.com.br\/?p=162337#primaryimage"},"thumbnailUrl":"https:\/\/blogdofarnesio.com.br\/wp-content\/uploads\/2017\/03\/blogqsp-caminhada-penit\u00eancia.jpg","datePublished":"2017-03-29T12:00:05+00:00","breadcrumb":{"@id":"https:\/\/blogdofarnesio.com.br\/?p=162337#breadcrumb"},"inLanguage":"pt-BR","potentialAction":[{"@type":"ReadAction","target":["https:\/\/blogdofarnesio.com.br\/?p=162337"]}]},{"@type":"ImageObject","inLanguage":"pt-BR","@id":"https:\/\/blogdofarnesio.com.br\/?p=162337#primaryimage","url":"https:\/\/blogdofarnesio.com.br\/wp-content\/uploads\/2017\/03\/blogqsp-caminhada-penit\u00eancia.jpg","contentUrl":"https:\/\/blogdofarnesio.com.br\/wp-content\/uploads\/2017\/03\/blogqsp-caminhada-penit\u00eancia.jpg","width":479,"height":688},{"@type":"BreadcrumbList","@id":"https:\/\/blogdofarnesio.com.br\/?p=162337#breadcrumb","itemListElement":[{"@type":"ListItem","position":1,"name":"In\u00edcio","item":"https:\/\/blogdofarnesio.com.br\/"},{"@type":"ListItem","position":2,"name":"CAMINHADA DA PENIT\u00caNCIA REALIZADA PELA DIOCESE DE JUAZEIRO CHEGA \u00c0 SUA 38\u00aa EDI\u00c7\u00c3O NESTE S\u00c1BADO (1\u00ba)"}]},{"@type":"WebSite","@id":"https:\/\/blogdofarnesio.com.br\/#website","url":"https:\/\/blogdofarnesio.com.br\/","name":"Blog do Farn\u00e9sio","description":"Quer Saber Pol\u00edtica?","publisher":{"@id":"https:\/\/blogdofarnesio.com.br\/#organization"},"potentialAction":[{"@type":"SearchAction","target":{"@type":"EntryPoint","urlTemplate":"https:\/\/blogdofarnesio.com.br\/?s={search_term_string}"},"query-input":{"@type":"PropertyValueSpecification","valueRequired":true,"valueName":"search_term_string"}}],"inLanguage":"pt-BR"},{"@type":"Organization","@id":"https:\/\/blogdofarnesio.com.br\/#organization","name":"Blog do Farn\u00e9sio","url":"https:\/\/blogdofarnesio.com.br\/","logo":{"@type":"ImageObject","inLanguage":"pt-BR","@id":"https:\/\/blogdofarnesio.com.br\/#\/schema\/logo\/image\/","url":"https:\/\/blogdofarnesio.com.br\/wp-content\/uploads\/2026\/03\/cropped-logo_new-1.png","contentUrl":"https:\/\/blogdofarnesio.com.br\/wp-content\/uploads\/2026\/03\/cropped-logo_new-1.png","width":881,"height":685,"caption":"Blog do Farn\u00e9sio"},"image":{"@id":"https:\/\/blogdofarnesio.com.br\/#\/schema\/logo\/image\/"},"sameAs":["https:\/\/www.facebook.com\/BlogQuerSaberPolitica\/"]},{"@type":"Person","@id":"https:\/\/blogdofarnesio.com.br\/#\/schema\/person\/301c4acf522bccbfdb45af95b5b906a1","name":"Farn\u00e9sio","image":{"@type":"ImageObject","inLanguage":"pt-BR","@id":"https:\/\/secure.gravatar.com\/avatar\/df0c9a14567c056f8ad6876ba5bbd1e3e2c48023eb6807342fc4663adf549f38?s=96&d=mm&r=g","url":"https:\/\/secure.gravatar.com\/avatar\/df0c9a14567c056f8ad6876ba5bbd1e3e2c48023eb6807342fc4663adf549f38?s=96&d=mm&r=g","contentUrl":"https:\/\/secure.gravatar.com\/avatar\/df0c9a14567c056f8ad6876ba5bbd1e3e2c48023eb6807342fc4663adf549f38?s=96&d=mm&r=g","caption":"Farn\u00e9sio"},"sameAs":["https:\/\/quersaberpolitica.com.br"],"url":"https:\/\/blogdofarnesio.com.br\/?author=1"}]}},"_links":{"self":[{"href":"https:\/\/blogdofarnesio.com.br\/index.php?rest_route=\/wp\/v2\/posts\/162337","targetHints":{"allow":["GET"]}}],"collection":[{"href":"https:\/\/blogdofarnesio.com.br\/index.php?rest_route=\/wp\/v2\/posts"}],"about":[{"href":"https:\/\/blogdofarnesio.com.br\/index.php?rest_route=\/wp\/v2\/types\/post"}],"author":[{"embeddable":true,"href":"https:\/\/blogdofarnesio.com.br\/index.php?rest_route=\/wp\/v2\/users\/1"}],"replies":[{"embeddable":true,"href":"https:\/\/blogdofarnesio.com.br\/index.php?rest_route=%2Fwp%2Fv2%2Fcomments&post=162337"}],"version-history":[{"count":0,"href":"https:\/\/blogdofarnesio.com.br\/index.php?rest_route=\/wp\/v2\/posts\/162337\/revisions"}],"wp:featuredmedia":[{"embeddable":true,"href":"https:\/\/blogdofarnesio.com.br\/index.php?rest_route=\/wp\/v2\/media\/162338"}],"wp:attachment":[{"href":"https:\/\/blogdofarnesio.com.br\/index.php?rest_route=%2Fwp%2Fv2%2Fmedia&parent=162337"}],"wp:term":[{"taxonomy":"category","embeddable":true,"href":"https:\/\/blogdofarnesio.com.br\/index.php?rest_route=%2Fwp%2Fv2%2Fcategories&post=162337"},{"taxonomy":"post_tag","embeddable":true,"href":"https:\/\/blogdofarnesio.com.br\/index.php?rest_route=%2Fwp%2Fv2%2Ftags&post=162337"}],"curies":[{"name":"wp","href":"https:\/\/api.w.org\/{rel}","templated":true}]}}