{"id":162034,"date":"2017-03-25T08:00:27","date_gmt":"2017-03-25T11:00:27","guid":{"rendered":"http:\/\/quersaberpolitica.com.br\/2016\/?p=162034"},"modified":"2017-03-24T18:25:01","modified_gmt":"2017-03-24T21:25:01","slug":"fernando-bezerra-anuncia-a-perfuracao-de-65-pocos-no-sertao","status":"publish","type":"post","link":"https:\/\/blogdofarnesio.com.br\/?p=162034","title":{"rendered":"FERNANDO BEZERRA ANUNCIA A PERFURA\u00c7\u00c3O DE 65 PO\u00c7OS NO SERT\u00c3O"},"content":{"rendered":"<p style=\"text-align: justify;\">O senador Fernando Bezerra Coelho (PSB) anunciou, na manh\u00e3 desta sexta-feira, a perfura\u00e7\u00e3o de 65 po\u00e7os no Sert\u00e3o do Estado para minimizar os efeitos do sexto ano consecutivo de estiagem. As obras ser\u00e3o realizadas pela Companhia de Desenvolvimento do Vale do S\u00e3o Francisco e Parna\u00edba (Codevasf), com recursos viabilizados gra\u00e7as a emendas parlamentares do senador e do deputado federal Fernando Filho, atualmente licenciado para assumir o minist\u00e9rio de Minas e Energia. Ser\u00e3o 21 po\u00e7os no Sert\u00e3o de Itaparica, 28 no Paje\u00fa e 10 no Moxot\u00f3, al\u00e9m de seis po\u00e7os profundos, localizados tamb\u00e9m no Moxot\u00f3.<\/p>\n<p style=\"text-align: justify;\">O an\u00fancio foi feito durante o semin\u00e1rio Pernambuco em A\u00e7\u00e3o, promovido pelo governo do estado, na cidade de Petrol\u00e2ndia. A agenda envolve todo o secretariado estadual, deputados federais e estaduais da regi\u00e3o e foi coordenada pelo governador Paulo C\u00e2mara. O senador elogiou a iniciativa do governo em repactuar as metas assumidas em 2014, por conta do agravamento da crise. \u201c\u00c9 importante que possamos dizer \u00e0s pessoas o que n\u00e3o poder\u00e1 ser feito e elencar prioridades. O Brasil mergulhou na maior recess\u00e3o da sua hist\u00f3ria, com 12 milh\u00f5es de desempregados e as receitas estaduais ca\u00edram muito\u201d, ponderou o senador.<\/p>\n<p style=\"text-align: justify;\">Fernando Bezerra defendeu junto ao governador a amplia\u00e7\u00e3o da malha vi\u00e1ria da regi\u00e3o, especialmente a estrada do Ib\u00f3, na cidade de Bel\u00e9m do S\u00e3o Francisco. A estrada ir\u00e1 ajudar a escoar a produ\u00e7\u00e3o de mangas, o mais importante vetor da economia local. Para o senador \u00e9 fundamental que o estado consiga potencializar as obras da transposi\u00e7\u00e3o do S\u00e3o Francisco no Sert\u00e3o de Itaparica, concretizando o projeto de irriga\u00e7\u00e3o na regi\u00e3o da cidade de Floresta, cobrindo uma \u00e1rea de 10 mil hectares. \u201cAl\u00e9m disso, em Ibimirim podemos irrigar outros 5 mil hectares. Com estas a\u00e7\u00f5es vamos beneficiar milhares de trabalhadores e trabalhadoras do Sert\u00e3o, que v\u00e3o poder produzir com seguran\u00e7a e mudar de vida\u201d, disse.<\/p>\n<p style=\"text-align: justify;\">O senador destacou a\u00e7\u00f5es importantes do mandato em Bras\u00edlia, como o retomada do programa do milho, que vai beneficiar os avicultores pernambucanos, e a lei que permite a renegocia\u00e7\u00e3o das d\u00edvidas rurais. \u201cEstamos trabalhando muito para trazer os recursos que o Estado precisa. Esses encontros s\u00e3o importantes para que possamos falar sobre nossas a\u00e7\u00f5es e ouvir as demandas do povo. Como afirmava meu pai, nada resiste ao trabalho\u201d.<\/p>\n<p style=\"text-align: justify;\"><strong>Estiagem-<\/strong> Fernando Bezerra revelou durante o encontro que pediu ao presidente Michel Temer a cria\u00e7\u00e3o de uma bolsa especial para os agricultores do semi\u00e1rido nordestino. O senador quer a inclus\u00e3o de um valor entre R$ 60 e 80, como aux\u00edlio para a manuten\u00e7\u00e3o das lavouras e subsist\u00eancia. \u201cO Nordeste est\u00e1 vivendo uma estiagem que se prolonga h\u00e1 seis anos e ningu\u00e9m aguenta tanta seca. S\u00e3o milhares de pessoas que n\u00e3o conseguem produzir e precisam de ajuda\u201d, destacou.<\/p>\n","protected":false},"excerpt":{"rendered":"<p>O senador Fernando Bezerra Coelho (PSB) anunciou, na manh\u00e3 desta sexta-feira, a perfura\u00e7\u00e3o de 65 po\u00e7os no Sert\u00e3o do Estado para minimizar os efeitos do sexto ano consecutivo de estiagem. As obras ser\u00e3o realizadas pela Companhia de Desenvolvimento do Vale do S\u00e3o Francisco e Parna\u00edba (Codevasf), com recursos viabilizados gra\u00e7as a emendas parlamentares do senador e do deputado federal Fernando Filho, atualmente licenciado para assumir o minist\u00e9rio de Minas e Energia. Ser\u00e3o 21 po\u00e7os no Sert\u00e3o de Itaparica, 28 no Paje\u00fa e 10 no Moxot\u00f3, al\u00e9m de seis po\u00e7os profundos, localizados tamb\u00e9m no Moxot\u00f3. O an\u00fancio foi feito durante o semin\u00e1rio Pernambuco em A\u00e7\u00e3o, promovido pelo governo do estado, na cidade de Petrol\u00e2ndia. A agenda envolve todo o secretariado estadual,&hellip; <\/p>\n","protected":false},"author":1,"featured_media":162035,"comment_status":"open","ping_status":"open","sticky":false,"template":"","format":"standard","meta":{"_acf_changed":false,"footnotes":""},"categories":[1],"tags":[],"class_list":["post-162034","post","type-post","status-publish","format-standard","has-post-thumbnail","hentry","category-politica"],"acf":[],"yoast_head":"<!-- This site is optimized with the Yoast SEO plugin v27.4 - https:\/\/yoast.com\/product\/yoast-seo-wordpress\/ -->\n<title>FERNANDO BEZERRA ANUNCIA A PERFURA\u00c7\u00c3O DE 65 PO\u00c7OS NO SERT\u00c3O - Blog do Farn\u00e9sio<\/title>\n<meta name=\"robots\" content=\"index, follow, max-snippet:-1, max-image-preview:large, max-video-preview:-1\" \/>\n<link rel=\"canonical\" href=\"https:\/\/blogdofarnesio.com.br\/?p=162034\" \/>\n<meta property=\"og:locale\" content=\"pt_BR\" \/>\n<meta property=\"og:type\" content=\"article\" \/>\n<meta property=\"og:title\" content=\"FERNANDO BEZERRA ANUNCIA A PERFURA\u00c7\u00c3O DE 65 PO\u00c7OS NO SERT\u00c3O - Blog do Farn\u00e9sio\" \/>\n<meta property=\"og:description\" content=\"O senador Fernando Bezerra Coelho (PSB) anunciou, na manh\u00e3 desta sexta-feira, a perfura\u00e7\u00e3o de 65 po\u00e7os no Sert\u00e3o do Estado para minimizar os efeitos do sexto ano consecutivo de estiagem. As obras ser\u00e3o realizadas pela Companhia de Desenvolvimento do Vale do S\u00e3o Francisco e Parna\u00edba (Codevasf), com recursos viabilizados gra\u00e7as a emendas parlamentares do senador e do deputado federal Fernando Filho, atualmente licenciado para assumir o minist\u00e9rio de Minas e Energia. Ser\u00e3o 21 po\u00e7os no Sert\u00e3o de Itaparica, 28 no Paje\u00fa e 10 no Moxot\u00f3, al\u00e9m de seis po\u00e7os profundos, localizados tamb\u00e9m no Moxot\u00f3. O an\u00fancio foi feito durante o semin\u00e1rio Pernambuco em A\u00e7\u00e3o, promovido pelo governo do estado, na cidade de Petrol\u00e2ndia. A agenda envolve todo o secretariado estadual,&hellip;\" \/>\n<meta property=\"og:url\" content=\"https:\/\/blogdofarnesio.com.br\/?p=162034\" \/>\n<meta property=\"og:site_name\" content=\"Blog do Farn\u00e9sio\" \/>\n<meta property=\"article:publisher\" content=\"https:\/\/www.facebook.com\/BlogQuerSaberPolitica\/\" \/>\n<meta property=\"article:published_time\" content=\"2017-03-25T11:00:27+00:00\" \/>\n<meta property=\"og:image\" content=\"https:\/\/blogdofarnesio.com.br\/wp-content\/uploads\/2017\/03\/blogqsp-fernandobezerra-e1490381317536.jpg\" \/>\n\t<meta property=\"og:image:width\" content=\"600\" \/>\n\t<meta property=\"og:image:height\" content=\"487\" \/>\n\t<meta property=\"og:image:type\" content=\"image\/jpeg\" \/>\n<meta name=\"author\" content=\"Farn\u00e9sio\" \/>\n<meta name=\"twitter:card\" content=\"summary_large_image\" \/>\n<meta name=\"twitter:label1\" content=\"Escrito por\" \/>\n\t<meta name=\"twitter:data1\" content=\"Farn\u00e9sio\" \/>\n\t<meta name=\"twitter:label2\" content=\"Est. tempo de leitura\" \/>\n\t<meta name=\"twitter:data2\" content=\"2 minutos\" \/>\n<script type=\"application\/ld+json\" class=\"yoast-schema-graph\">{\"@context\":\"https:\\\/\\\/schema.org\",\"@graph\":[{\"@type\":\"Article\",\"@id\":\"https:\\\/\\\/blogdofarnesio.com.br\\\/?p=162034#article\",\"isPartOf\":{\"@id\":\"https:\\\/\\\/blogdofarnesio.com.br\\\/?p=162034\"},\"author\":{\"name\":\"Farn\u00e9sio\",\"@id\":\"https:\\\/\\\/blogdofarnesio.com.br\\\/#\\\/schema\\\/person\\\/301c4acf522bccbfdb45af95b5b906a1\"},\"headline\":\"FERNANDO BEZERRA ANUNCIA A PERFURA\u00c7\u00c3O DE 65 PO\u00c7OS NO SERT\u00c3O\",\"datePublished\":\"2017-03-25T11:00:27+00:00\",\"mainEntityOfPage\":{\"@id\":\"https:\\\/\\\/blogdofarnesio.com.br\\\/?p=162034\"},\"wordCount\":507,\"commentCount\":0,\"publisher\":{\"@id\":\"https:\\\/\\\/blogdofarnesio.com.br\\\/#organization\"},\"image\":{\"@id\":\"https:\\\/\\\/blogdofarnesio.com.br\\\/?p=162034#primaryimage\"},\"thumbnailUrl\":\"https:\\\/\\\/blogdofarnesio.com.br\\\/wp-content\\\/uploads\\\/2017\\\/03\\\/blogqsp-fernandobezerra-e1490381317536.jpg\",\"articleSection\":[\"Pol\u00edtica\"],\"inLanguage\":\"pt-BR\",\"potentialAction\":[{\"@type\":\"CommentAction\",\"name\":\"Comment\",\"target\":[\"https:\\\/\\\/blogdofarnesio.com.br\\\/?p=162034#respond\"]}]},{\"@type\":\"WebPage\",\"@id\":\"https:\\\/\\\/blogdofarnesio.com.br\\\/?p=162034\",\"url\":\"https:\\\/\\\/blogdofarnesio.com.br\\\/?p=162034\",\"name\":\"FERNANDO BEZERRA ANUNCIA A PERFURA\u00c7\u00c3O DE 65 PO\u00c7OS NO SERT\u00c3O - Blog do Farn\u00e9sio\",\"isPartOf\":{\"@id\":\"https:\\\/\\\/blogdofarnesio.com.br\\\/#website\"},\"primaryImageOfPage\":{\"@id\":\"https:\\\/\\\/blogdofarnesio.com.br\\\/?p=162034#primaryimage\"},\"image\":{\"@id\":\"https:\\\/\\\/blogdofarnesio.com.br\\\/?p=162034#primaryimage\"},\"thumbnailUrl\":\"https:\\\/\\\/blogdofarnesio.com.br\\\/wp-content\\\/uploads\\\/2017\\\/03\\\/blogqsp-fernandobezerra-e1490381317536.jpg\",\"datePublished\":\"2017-03-25T11:00:27+00:00\",\"breadcrumb\":{\"@id\":\"https:\\\/\\\/blogdofarnesio.com.br\\\/?p=162034#breadcrumb\"},\"inLanguage\":\"pt-BR\",\"potentialAction\":[{\"@type\":\"ReadAction\",\"target\":[\"https:\\\/\\\/blogdofarnesio.com.br\\\/?p=162034\"]}]},{\"@type\":\"ImageObject\",\"inLanguage\":\"pt-BR\",\"@id\":\"https:\\\/\\\/blogdofarnesio.com.br\\\/?p=162034#primaryimage\",\"url\":\"https:\\\/\\\/blogdofarnesio.com.br\\\/wp-content\\\/uploads\\\/2017\\\/03\\\/blogqsp-fernandobezerra-e1490381317536.jpg\",\"contentUrl\":\"https:\\\/\\\/blogdofarnesio.com.br\\\/wp-content\\\/uploads\\\/2017\\\/03\\\/blogqsp-fernandobezerra-e1490381317536.jpg\",\"width\":600,\"height\":487},{\"@type\":\"BreadcrumbList\",\"@id\":\"https:\\\/\\\/blogdofarnesio.com.br\\\/?p=162034#breadcrumb\",\"itemListElement\":[{\"@type\":\"ListItem\",\"position\":1,\"name\":\"In\u00edcio\",\"item\":\"https:\\\/\\\/blogdofarnesio.com.br\\\/\"},{\"@type\":\"ListItem\",\"position\":2,\"name\":\"FERNANDO BEZERRA ANUNCIA A PERFURA\u00c7\u00c3O DE 65 PO\u00c7OS NO SERT\u00c3O\"}]},{\"@type\":\"WebSite\",\"@id\":\"https:\\\/\\\/blogdofarnesio.com.br\\\/#website\",\"url\":\"https:\\\/\\\/blogdofarnesio.com.br\\\/\",\"name\":\"Blog do Farn\u00e9sio\",\"description\":\"Quer Saber Pol\u00edtica?\",\"publisher\":{\"@id\":\"https:\\\/\\\/blogdofarnesio.com.br\\\/#organization\"},\"potentialAction\":[{\"@type\":\"SearchAction\",\"target\":{\"@type\":\"EntryPoint\",\"urlTemplate\":\"https:\\\/\\\/blogdofarnesio.com.br\\\/?s={search_term_string}\"},\"query-input\":{\"@type\":\"PropertyValueSpecification\",\"valueRequired\":true,\"valueName\":\"search_term_string\"}}],\"inLanguage\":\"pt-BR\"},{\"@type\":\"Organization\",\"@id\":\"https:\\\/\\\/blogdofarnesio.com.br\\\/#organization\",\"name\":\"Blog do Farn\u00e9sio\",\"url\":\"https:\\\/\\\/blogdofarnesio.com.br\\\/\",\"logo\":{\"@type\":\"ImageObject\",\"inLanguage\":\"pt-BR\",\"@id\":\"https:\\\/\\\/blogdofarnesio.com.br\\\/#\\\/schema\\\/logo\\\/image\\\/\",\"url\":\"https:\\\/\\\/blogdofarnesio.com.br\\\/wp-content\\\/uploads\\\/2026\\\/03\\\/cropped-logo_new-1.png\",\"contentUrl\":\"https:\\\/\\\/blogdofarnesio.com.br\\\/wp-content\\\/uploads\\\/2026\\\/03\\\/cropped-logo_new-1.png\",\"width\":881,\"height\":685,\"caption\":\"Blog do Farn\u00e9sio\"},\"image\":{\"@id\":\"https:\\\/\\\/blogdofarnesio.com.br\\\/#\\\/schema\\\/logo\\\/image\\\/\"},\"sameAs\":[\"https:\\\/\\\/www.facebook.com\\\/BlogQuerSaberPolitica\\\/\"]},{\"@type\":\"Person\",\"@id\":\"https:\\\/\\\/blogdofarnesio.com.br\\\/#\\\/schema\\\/person\\\/301c4acf522bccbfdb45af95b5b906a1\",\"name\":\"Farn\u00e9sio\",\"image\":{\"@type\":\"ImageObject\",\"inLanguage\":\"pt-BR\",\"@id\":\"https:\\\/\\\/secure.gravatar.com\\\/avatar\\\/df0c9a14567c056f8ad6876ba5bbd1e3e2c48023eb6807342fc4663adf549f38?s=96&d=mm&r=g\",\"url\":\"https:\\\/\\\/secure.gravatar.com\\\/avatar\\\/df0c9a14567c056f8ad6876ba5bbd1e3e2c48023eb6807342fc4663adf549f38?s=96&d=mm&r=g\",\"contentUrl\":\"https:\\\/\\\/secure.gravatar.com\\\/avatar\\\/df0c9a14567c056f8ad6876ba5bbd1e3e2c48023eb6807342fc4663adf549f38?s=96&d=mm&r=g\",\"caption\":\"Farn\u00e9sio\"},\"sameAs\":[\"https:\\\/\\\/quersaberpolitica.com.br\"],\"url\":\"https:\\\/\\\/blogdofarnesio.com.br\\\/?author=1\"}]}<\/script>\n<!-- \/ Yoast SEO plugin. -->","yoast_head_json":{"title":"FERNANDO BEZERRA ANUNCIA A PERFURA\u00c7\u00c3O DE 65 PO\u00c7OS NO SERT\u00c3O - Blog do Farn\u00e9sio","robots":{"index":"index","follow":"follow","max-snippet":"max-snippet:-1","max-image-preview":"max-image-preview:large","max-video-preview":"max-video-preview:-1"},"canonical":"https:\/\/blogdofarnesio.com.br\/?p=162034","og_locale":"pt_BR","og_type":"article","og_title":"FERNANDO BEZERRA ANUNCIA A PERFURA\u00c7\u00c3O DE 65 PO\u00c7OS NO SERT\u00c3O - Blog do Farn\u00e9sio","og_description":"O senador Fernando Bezerra Coelho (PSB) anunciou, na manh\u00e3 desta sexta-feira, a perfura\u00e7\u00e3o de 65 po\u00e7os no Sert\u00e3o do Estado para minimizar os efeitos do sexto ano consecutivo de estiagem. As obras ser\u00e3o realizadas pela Companhia de Desenvolvimento do Vale do S\u00e3o Francisco e Parna\u00edba (Codevasf), com recursos viabilizados gra\u00e7as a emendas parlamentares do senador e do deputado federal Fernando Filho, atualmente licenciado para assumir o minist\u00e9rio de Minas e Energia. Ser\u00e3o 21 po\u00e7os no Sert\u00e3o de Itaparica, 28 no Paje\u00fa e 10 no Moxot\u00f3, al\u00e9m de seis po\u00e7os profundos, localizados tamb\u00e9m no Moxot\u00f3. O an\u00fancio foi feito durante o semin\u00e1rio Pernambuco em A\u00e7\u00e3o, promovido pelo governo do estado, na cidade de Petrol\u00e2ndia. A agenda envolve todo o secretariado estadual,&hellip;","og_url":"https:\/\/blogdofarnesio.com.br\/?p=162034","og_site_name":"Blog do Farn\u00e9sio","article_publisher":"https:\/\/www.facebook.com\/BlogQuerSaberPolitica\/","article_published_time":"2017-03-25T11:00:27+00:00","og_image":[{"width":600,"height":487,"url":"https:\/\/blogdofarnesio.com.br\/wp-content\/uploads\/2017\/03\/blogqsp-fernandobezerra-e1490381317536.jpg","type":"image\/jpeg"}],"author":"Farn\u00e9sio","twitter_card":"summary_large_image","twitter_misc":{"Escrito por":"Farn\u00e9sio","Est. tempo de leitura":"2 minutos"},"schema":{"@context":"https:\/\/schema.org","@graph":[{"@type":"Article","@id":"https:\/\/blogdofarnesio.com.br\/?p=162034#article","isPartOf":{"@id":"https:\/\/blogdofarnesio.com.br\/?p=162034"},"author":{"name":"Farn\u00e9sio","@id":"https:\/\/blogdofarnesio.com.br\/#\/schema\/person\/301c4acf522bccbfdb45af95b5b906a1"},"headline":"FERNANDO BEZERRA ANUNCIA A PERFURA\u00c7\u00c3O DE 65 PO\u00c7OS NO SERT\u00c3O","datePublished":"2017-03-25T11:00:27+00:00","mainEntityOfPage":{"@id":"https:\/\/blogdofarnesio.com.br\/?p=162034"},"wordCount":507,"commentCount":0,"publisher":{"@id":"https:\/\/blogdofarnesio.com.br\/#organization"},"image":{"@id":"https:\/\/blogdofarnesio.com.br\/?p=162034#primaryimage"},"thumbnailUrl":"https:\/\/blogdofarnesio.com.br\/wp-content\/uploads\/2017\/03\/blogqsp-fernandobezerra-e1490381317536.jpg","articleSection":["Pol\u00edtica"],"inLanguage":"pt-BR","potentialAction":[{"@type":"CommentAction","name":"Comment","target":["https:\/\/blogdofarnesio.com.br\/?p=162034#respond"]}]},{"@type":"WebPage","@id":"https:\/\/blogdofarnesio.com.br\/?p=162034","url":"https:\/\/blogdofarnesio.com.br\/?p=162034","name":"FERNANDO BEZERRA ANUNCIA A PERFURA\u00c7\u00c3O DE 65 PO\u00c7OS NO SERT\u00c3O - Blog do Farn\u00e9sio","isPartOf":{"@id":"https:\/\/blogdofarnesio.com.br\/#website"},"primaryImageOfPage":{"@id":"https:\/\/blogdofarnesio.com.br\/?p=162034#primaryimage"},"image":{"@id":"https:\/\/blogdofarnesio.com.br\/?p=162034#primaryimage"},"thumbnailUrl":"https:\/\/blogdofarnesio.com.br\/wp-content\/uploads\/2017\/03\/blogqsp-fernandobezerra-e1490381317536.jpg","datePublished":"2017-03-25T11:00:27+00:00","breadcrumb":{"@id":"https:\/\/blogdofarnesio.com.br\/?p=162034#breadcrumb"},"inLanguage":"pt-BR","potentialAction":[{"@type":"ReadAction","target":["https:\/\/blogdofarnesio.com.br\/?p=162034"]}]},{"@type":"ImageObject","inLanguage":"pt-BR","@id":"https:\/\/blogdofarnesio.com.br\/?p=162034#primaryimage","url":"https:\/\/blogdofarnesio.com.br\/wp-content\/uploads\/2017\/03\/blogqsp-fernandobezerra-e1490381317536.jpg","contentUrl":"https:\/\/blogdofarnesio.com.br\/wp-content\/uploads\/2017\/03\/blogqsp-fernandobezerra-e1490381317536.jpg","width":600,"height":487},{"@type":"BreadcrumbList","@id":"https:\/\/blogdofarnesio.com.br\/?p=162034#breadcrumb","itemListElement":[{"@type":"ListItem","position":1,"name":"In\u00edcio","item":"https:\/\/blogdofarnesio.com.br\/"},{"@type":"ListItem","position":2,"name":"FERNANDO BEZERRA ANUNCIA A PERFURA\u00c7\u00c3O DE 65 PO\u00c7OS NO SERT\u00c3O"}]},{"@type":"WebSite","@id":"https:\/\/blogdofarnesio.com.br\/#website","url":"https:\/\/blogdofarnesio.com.br\/","name":"Blog do Farn\u00e9sio","description":"Quer Saber Pol\u00edtica?","publisher":{"@id":"https:\/\/blogdofarnesio.com.br\/#organization"},"potentialAction":[{"@type":"SearchAction","target":{"@type":"EntryPoint","urlTemplate":"https:\/\/blogdofarnesio.com.br\/?s={search_term_string}"},"query-input":{"@type":"PropertyValueSpecification","valueRequired":true,"valueName":"search_term_string"}}],"inLanguage":"pt-BR"},{"@type":"Organization","@id":"https:\/\/blogdofarnesio.com.br\/#organization","name":"Blog do Farn\u00e9sio","url":"https:\/\/blogdofarnesio.com.br\/","logo":{"@type":"ImageObject","inLanguage":"pt-BR","@id":"https:\/\/blogdofarnesio.com.br\/#\/schema\/logo\/image\/","url":"https:\/\/blogdofarnesio.com.br\/wp-content\/uploads\/2026\/03\/cropped-logo_new-1.png","contentUrl":"https:\/\/blogdofarnesio.com.br\/wp-content\/uploads\/2026\/03\/cropped-logo_new-1.png","width":881,"height":685,"caption":"Blog do Farn\u00e9sio"},"image":{"@id":"https:\/\/blogdofarnesio.com.br\/#\/schema\/logo\/image\/"},"sameAs":["https:\/\/www.facebook.com\/BlogQuerSaberPolitica\/"]},{"@type":"Person","@id":"https:\/\/blogdofarnesio.com.br\/#\/schema\/person\/301c4acf522bccbfdb45af95b5b906a1","name":"Farn\u00e9sio","image":{"@type":"ImageObject","inLanguage":"pt-BR","@id":"https:\/\/secure.gravatar.com\/avatar\/df0c9a14567c056f8ad6876ba5bbd1e3e2c48023eb6807342fc4663adf549f38?s=96&d=mm&r=g","url":"https:\/\/secure.gravatar.com\/avatar\/df0c9a14567c056f8ad6876ba5bbd1e3e2c48023eb6807342fc4663adf549f38?s=96&d=mm&r=g","contentUrl":"https:\/\/secure.gravatar.com\/avatar\/df0c9a14567c056f8ad6876ba5bbd1e3e2c48023eb6807342fc4663adf549f38?s=96&d=mm&r=g","caption":"Farn\u00e9sio"},"sameAs":["https:\/\/quersaberpolitica.com.br"],"url":"https:\/\/blogdofarnesio.com.br\/?author=1"}]}},"_links":{"self":[{"href":"https:\/\/blogdofarnesio.com.br\/index.php?rest_route=\/wp\/v2\/posts\/162034","targetHints":{"allow":["GET"]}}],"collection":[{"href":"https:\/\/blogdofarnesio.com.br\/index.php?rest_route=\/wp\/v2\/posts"}],"about":[{"href":"https:\/\/blogdofarnesio.com.br\/index.php?rest_route=\/wp\/v2\/types\/post"}],"author":[{"embeddable":true,"href":"https:\/\/blogdofarnesio.com.br\/index.php?rest_route=\/wp\/v2\/users\/1"}],"replies":[{"embeddable":true,"href":"https:\/\/blogdofarnesio.com.br\/index.php?rest_route=%2Fwp%2Fv2%2Fcomments&post=162034"}],"version-history":[{"count":0,"href":"https:\/\/blogdofarnesio.com.br\/index.php?rest_route=\/wp\/v2\/posts\/162034\/revisions"}],"wp:featuredmedia":[{"embeddable":true,"href":"https:\/\/blogdofarnesio.com.br\/index.php?rest_route=\/wp\/v2\/media\/162035"}],"wp:attachment":[{"href":"https:\/\/blogdofarnesio.com.br\/index.php?rest_route=%2Fwp%2Fv2%2Fmedia&parent=162034"}],"wp:term":[{"taxonomy":"category","embeddable":true,"href":"https:\/\/blogdofarnesio.com.br\/index.php?rest_route=%2Fwp%2Fv2%2Fcategories&post=162034"},{"taxonomy":"post_tag","embeddable":true,"href":"https:\/\/blogdofarnesio.com.br\/index.php?rest_route=%2Fwp%2Fv2%2Ftags&post=162034"}],"curies":[{"name":"wp","href":"https:\/\/api.w.org\/{rel}","templated":true}]}}