{"id":162003,"date":"2017-03-24T16:00:14","date_gmt":"2017-03-24T19:00:14","guid":{"rendered":"http:\/\/quersaberpolitica.com.br\/2016\/?p=162003"},"modified":"2017-03-24T11:36:28","modified_gmt":"2017-03-24T14:36:28","slug":"cortes-especiais-de-cordeiros-novidade-no-comercio-de-juazeiro-e-casa-nova","status":"publish","type":"post","link":"https:\/\/blogdofarnesio.com.br\/?p=162003","title":{"rendered":"CORTES ESPECIAIS DE CORDEIROS: NOVIDADE NO COM\u00c9RCIO DE JUAZEIRO E  CASA NOVA"},"content":{"rendered":"<p style=\"text-align: justify;\">Um Supermercado de Juazeiro e outro de Casa Nova, ambas as cidades no norte da Bahia, est\u00e3o investindo em um novo produto para atrair os consumidores. Quem for ao Mercadinho Econ\u00f4mico de Juazeiro comprar carne ganhou a possibilidade de adquirir cortes especiais de carneiros. O que antes era disponibilizado apenas em cortes de carne bovina, agora tamb\u00e9m \u00e9 poss\u00edvel levar para casa picanha, pernil, paleta, costela, lombo e at\u00e9 carr\u00e9 franc\u00eas de ovinos.<\/p>\n<p style=\"text-align: justify;\"><strong><em>Parceria<\/em><\/strong><\/p>\n<p style=\"text-align: justify;\">Atrav\u00e9s uma parceria com o IDESA \u2013 Instituto de Desenvolvimento Sustent\u00e1vel Araci, abatedouro Campo do Gado e o Projeto Bioma Caatinga do SEBRAE e Funda\u00e7\u00e3o Banco do Brasil, o Mercadinho Econ\u00f4mico treinou os funcion\u00e1rios que trabalham no setor de carnes para fazerem os cortes no pr\u00f3prio estabelecimento. O curso foi oferecido pelo o IDESA que contratou um profissional especializado em cortes para orientar os funcion\u00e1rios do mercadinho. O abatedouro Campo do Gado \u00e9 respons\u00e1vel pelo o abate e inspe\u00e7\u00e3o dos animais e o Bioma Caatinga somou ao projeto \u00e0 orienta\u00e7\u00e3o t\u00e9cnica e gerencial as empresas envolvidas.<\/p>\n<p style=\"text-align: justify;\"><strong><em>Animais diferenciados<\/em><\/strong><\/p>\n<p style=\"text-align: justify;\">Os animais utilizados para os cortes especiais s\u00e3o produzidos na Fazenda Ic\u00f3 que fica no Distrito de Itamotinga, em Juazeiro-BA, fazenda modelo do Projeto Bioma Caatinga. L\u00e1, os animais recebem todo o manejo adequado como vacina\u00e7\u00e3o, vermifuga\u00e7\u00e3o, alimenta\u00e7\u00e3o e \u00e1gua em abund\u00e2ncia para serem abatidos com idade entre quatro a cinco meses de vida, o que possibilita uma carne macia e saborosa sem muita gordura, o que a torna mais nutritiva. Atualmente est\u00e3o sendo abatidos vinte cordeiros por semana com peso m\u00e9dio de 12 kg de carca\u00e7a. Mas esse n\u00famero pode aumentar \u00e0 medida que o consumo cres\u00e7a. Outras duas empresas que trabalham de maneira semelhante \u00e0 Fazenda Ic\u00f3 devem passar a fornecer animais tamb\u00e9m nas pr\u00f3ximas semanas.<\/p>\n<p style=\"text-align: justify;\"><strong><em>Nova forma de gest\u00e3o<\/em><\/strong><\/p>\n<p style=\"text-align: justify;\">Para garantir a viabilidade do neg\u00f3cio foi criado um conselho gestor com representantes das fazendas, do mercadinho, do Projeto Bioma Caatinga, do abatedouro Campo do Gado e dos consumidores. \u00c9 esse conselho que define pre\u00e7os, a cota de cada empresa envolvida no processo e as regras do fornecimento e comercializa\u00e7\u00e3o dos animais. As decis\u00f5es s\u00e3o tomadas em conjunto com a participa\u00e7\u00e3o de todos. Para o coordenador geral do Projeto Bioma Caatinga, Rob\u00e9rio Ara\u00fajo, a chegada desses cortes especiais ao mercado \u00e9 a concretiza\u00e7\u00e3o de um sonho. \u201cQuinze anos de insist\u00eancia, mas enfim, hoje estou levando para casa o que sempre imaginei que um dia chegar\u00edamos. Demorou, mas chegou a hora\u201d. Disse Rob\u00e9rio com ar de satisfa\u00e7\u00e3o. Os consumidores tamb\u00e9m aprovaram o novo produto. O empres\u00e1rio Josenato Medrado estava fazendo compras no Mercadinho Econ\u00f4mico e aceitou a sugest\u00e3o de uma funcion\u00e1ria de levar para casa um dos cortes especiais de cordeiro. O resultado foi surpreendente. \u201cA picanha de carneiro ao forno ficou dez. Recomendo\u201d. Disse o empres\u00e1rio satisfeito com a experi\u00eancia.<\/p>\n<p style=\"text-align: justify;\"><strong><em>Casa Nova<\/em><\/strong><\/p>\n<p style=\"text-align: justify;\">Na cidade Casa Nova-BA, \u00e9 o Supermercado Pereira que est\u00e1 investindo na comercializa\u00e7\u00e3o de cortes especiais de ovinos e caprinos. A empres\u00e1ria, Eliz\u00e2ngela de Souza Silva, por orienta\u00e7\u00e3o dos t\u00e9cnicos do Projeto Bioma Caatinga, contratou uma equipe do SENAI Petrolina para treinar sua equipe de a\u00e7ougueiros. Foram tr\u00eas dias de curso dentro do pr\u00f3prio estabelecimento. Os funcion\u00e1rios receberam aula te\u00f3rica sobre no\u00e7\u00f5es de manejo e higiene com a carne e tamb\u00e9m aulas pr\u00e1ticas para aprender a fazer os cortes especiais.<\/p>\n<p style=\"text-align: justify;\">\u201cQuando a gente traz pessoas de fora, capacitadas, para dentro da empresa para implantar coisas novas, nossa empresa cresce\u201d. Frisou Eliz\u00e2ngela. O a\u00e7ougueiro Adelino Valad\u00e3o Nascimento tamb\u00e9m ficou satisfeito. \u201cEu nem sabia que tinha esse tipo de corte. Pratiquei, aprendi e vou continuar praticando\u201d. Disse ele.<\/p>\n<p style=\"text-align: justify;\">Para a consultora de empresas do SENAI, Ana Paula Barroso, uma das instrutoras do curso, quando o comerciante disponibiliza cortes especiais aos seus clientes, ele agrega valor ao seu produto. \u201cSe o comerciante for vender apenas a manta, ou seja, a carne retalhada ou ela fresca mesmo sem retalhar, vai vender todo o animal a um \u00fanico pre\u00e7o por quilo. J\u00e1 com os cortes especiais ele pode vender o carr\u00e9 de um pre\u00e7o, o pernil de outro pre\u00e7o, a picanha de outro e assim ter um lucro melhor\u201d. Explicou Ana Paula.<\/p>\n<p style=\"text-align: justify;\">O curso realizado no Supermercado Pereira foi viabilizado pelo o SEBRAETEC, que subsidiou 70% dos custos do contrato com o SENAI. O SEBRAETEC \u00e9 um instrumento do SEBRAE que permite \u00e0s empresas de qualquer setor econ\u00f4mico o acesso subsidiado a servi\u00e7os em inova\u00e7\u00e3o e tecnologia, visando \u00e0 melhoria de processos e produtos e\/ou \u00e0 introdu\u00e7\u00e3o de inova\u00e7\u00f5es nas empresas e mercados.<\/p>\n<p style=\"text-align: justify;\">JOSENALDO RODRIGUES \u2013 COAPSERI\/PROJETO BIOMA CAATINGA<\/p>\n","protected":false},"excerpt":{"rendered":"<p>Um Supermercado de Juazeiro e outro de Casa Nova, ambas as cidades no norte da Bahia, est\u00e3o investindo em um novo produto para atrair os consumidores. Quem for ao Mercadinho Econ\u00f4mico de Juazeiro comprar carne ganhou a possibilidade de adquirir cortes especiais de carneiros. O que antes era disponibilizado apenas em cortes de carne bovina, agora tamb\u00e9m \u00e9 poss\u00edvel levar para casa picanha, pernil, paleta, costela, lombo e at\u00e9 carr\u00e9 franc\u00eas de ovinos. Parceria Atrav\u00e9s uma parceria com o IDESA \u2013 Instituto de Desenvolvimento Sustent\u00e1vel Araci, abatedouro Campo do Gado e o Projeto Bioma Caatinga do SEBRAE e Funda\u00e7\u00e3o Banco do Brasil, o Mercadinho Econ\u00f4mico treinou os funcion\u00e1rios que trabalham no setor de carnes para fazerem os cortes no pr\u00f3prio&hellip; <\/p>\n","protected":false},"author":1,"featured_media":162004,"comment_status":"open","ping_status":"open","sticky":false,"template":"","format":"standard","meta":{"_acf_changed":false,"footnotes":""},"categories":[44],"tags":[],"class_list":["post-162003","post","type-post","status-publish","format-standard","has-post-thumbnail","hentry","category-administracao"],"acf":[],"yoast_head":"<!-- This site is optimized with the Yoast SEO plugin v27.4 - https:\/\/yoast.com\/product\/yoast-seo-wordpress\/ -->\n<title>CORTES ESPECIAIS DE CORDEIROS: NOVIDADE NO COM\u00c9RCIO DE JUAZEIRO E CASA NOVA - Blog do Farn\u00e9sio<\/title>\n<meta name=\"robots\" content=\"index, follow, max-snippet:-1, max-image-preview:large, max-video-preview:-1\" \/>\n<link rel=\"canonical\" href=\"https:\/\/blogdofarnesio.com.br\/?p=162003\" \/>\n<meta property=\"og:locale\" content=\"pt_BR\" \/>\n<meta property=\"og:type\" content=\"article\" \/>\n<meta property=\"og:title\" content=\"CORTES ESPECIAIS DE CORDEIROS: NOVIDADE NO COM\u00c9RCIO DE JUAZEIRO E CASA NOVA - Blog do Farn\u00e9sio\" \/>\n<meta property=\"og:description\" content=\"Um Supermercado de Juazeiro e outro de Casa Nova, ambas as cidades no norte da Bahia, est\u00e3o investindo em um novo produto para atrair os consumidores. Quem for ao Mercadinho Econ\u00f4mico de Juazeiro comprar carne ganhou a possibilidade de adquirir cortes especiais de carneiros. O que antes era disponibilizado apenas em cortes de carne bovina, agora tamb\u00e9m \u00e9 poss\u00edvel levar para casa picanha, pernil, paleta, costela, lombo e at\u00e9 carr\u00e9 franc\u00eas de ovinos. Parceria Atrav\u00e9s uma parceria com o IDESA \u2013 Instituto de Desenvolvimento Sustent\u00e1vel Araci, abatedouro Campo do Gado e o Projeto Bioma Caatinga do SEBRAE e Funda\u00e7\u00e3o Banco do Brasil, o Mercadinho Econ\u00f4mico treinou os funcion\u00e1rios que trabalham no setor de carnes para fazerem os cortes no pr\u00f3prio&hellip;\" \/>\n<meta property=\"og:url\" content=\"https:\/\/blogdofarnesio.com.br\/?p=162003\" \/>\n<meta property=\"og:site_name\" content=\"Blog do Farn\u00e9sio\" \/>\n<meta property=\"article:publisher\" content=\"https:\/\/www.facebook.com\/BlogQuerSaberPolitica\/\" \/>\n<meta property=\"article:published_time\" content=\"2017-03-24T19:00:14+00:00\" \/>\n<meta property=\"og:image\" content=\"https:\/\/blogdofarnesio.com.br\/wp-content\/uploads\/2017\/03\/blogqsp-cortecarne-e1490359260246.jpg\" \/>\n\t<meta property=\"og:image:width\" content=\"600\" \/>\n\t<meta property=\"og:image:height\" content=\"450\" \/>\n\t<meta property=\"og:image:type\" content=\"image\/jpeg\" \/>\n<meta name=\"author\" content=\"Farn\u00e9sio\" \/>\n<meta name=\"twitter:card\" content=\"summary_large_image\" \/>\n<meta name=\"twitter:label1\" content=\"Escrito por\" \/>\n\t<meta name=\"twitter:data1\" content=\"Farn\u00e9sio\" \/>\n\t<meta name=\"twitter:label2\" content=\"Est. tempo de leitura\" \/>\n\t<meta name=\"twitter:data2\" content=\"4 minutos\" \/>\n<script type=\"application\/ld+json\" class=\"yoast-schema-graph\">{\"@context\":\"https:\\\/\\\/schema.org\",\"@graph\":[{\"@type\":\"Article\",\"@id\":\"https:\\\/\\\/blogdofarnesio.com.br\\\/?p=162003#article\",\"isPartOf\":{\"@id\":\"https:\\\/\\\/blogdofarnesio.com.br\\\/?p=162003\"},\"author\":{\"name\":\"Farn\u00e9sio\",\"@id\":\"https:\\\/\\\/blogdofarnesio.com.br\\\/#\\\/schema\\\/person\\\/301c4acf522bccbfdb45af95b5b906a1\"},\"headline\":\"CORTES ESPECIAIS DE CORDEIROS: NOVIDADE NO COM\u00c9RCIO DE JUAZEIRO E CASA NOVA\",\"datePublished\":\"2017-03-24T19:00:14+00:00\",\"mainEntityOfPage\":{\"@id\":\"https:\\\/\\\/blogdofarnesio.com.br\\\/?p=162003\"},\"wordCount\":824,\"commentCount\":0,\"publisher\":{\"@id\":\"https:\\\/\\\/blogdofarnesio.com.br\\\/#organization\"},\"image\":{\"@id\":\"https:\\\/\\\/blogdofarnesio.com.br\\\/?p=162003#primaryimage\"},\"thumbnailUrl\":\"https:\\\/\\\/blogdofarnesio.com.br\\\/wp-content\\\/uploads\\\/2017\\\/03\\\/blogqsp-cortecarne-e1490359260246.jpg\",\"articleSection\":[\"Administra\u00e7\u00e3o\"],\"inLanguage\":\"pt-BR\",\"potentialAction\":[{\"@type\":\"CommentAction\",\"name\":\"Comment\",\"target\":[\"https:\\\/\\\/blogdofarnesio.com.br\\\/?p=162003#respond\"]}]},{\"@type\":\"WebPage\",\"@id\":\"https:\\\/\\\/blogdofarnesio.com.br\\\/?p=162003\",\"url\":\"https:\\\/\\\/blogdofarnesio.com.br\\\/?p=162003\",\"name\":\"CORTES ESPECIAIS DE CORDEIROS: NOVIDADE NO COM\u00c9RCIO DE JUAZEIRO E CASA NOVA - Blog do Farn\u00e9sio\",\"isPartOf\":{\"@id\":\"https:\\\/\\\/blogdofarnesio.com.br\\\/#website\"},\"primaryImageOfPage\":{\"@id\":\"https:\\\/\\\/blogdofarnesio.com.br\\\/?p=162003#primaryimage\"},\"image\":{\"@id\":\"https:\\\/\\\/blogdofarnesio.com.br\\\/?p=162003#primaryimage\"},\"thumbnailUrl\":\"https:\\\/\\\/blogdofarnesio.com.br\\\/wp-content\\\/uploads\\\/2017\\\/03\\\/blogqsp-cortecarne-e1490359260246.jpg\",\"datePublished\":\"2017-03-24T19:00:14+00:00\",\"breadcrumb\":{\"@id\":\"https:\\\/\\\/blogdofarnesio.com.br\\\/?p=162003#breadcrumb\"},\"inLanguage\":\"pt-BR\",\"potentialAction\":[{\"@type\":\"ReadAction\",\"target\":[\"https:\\\/\\\/blogdofarnesio.com.br\\\/?p=162003\"]}]},{\"@type\":\"ImageObject\",\"inLanguage\":\"pt-BR\",\"@id\":\"https:\\\/\\\/blogdofarnesio.com.br\\\/?p=162003#primaryimage\",\"url\":\"https:\\\/\\\/blogdofarnesio.com.br\\\/wp-content\\\/uploads\\\/2017\\\/03\\\/blogqsp-cortecarne-e1490359260246.jpg\",\"contentUrl\":\"https:\\\/\\\/blogdofarnesio.com.br\\\/wp-content\\\/uploads\\\/2017\\\/03\\\/blogqsp-cortecarne-e1490359260246.jpg\",\"width\":600,\"height\":450},{\"@type\":\"BreadcrumbList\",\"@id\":\"https:\\\/\\\/blogdofarnesio.com.br\\\/?p=162003#breadcrumb\",\"itemListElement\":[{\"@type\":\"ListItem\",\"position\":1,\"name\":\"In\u00edcio\",\"item\":\"https:\\\/\\\/blogdofarnesio.com.br\\\/\"},{\"@type\":\"ListItem\",\"position\":2,\"name\":\"CORTES ESPECIAIS DE CORDEIROS: NOVIDADE NO COM\u00c9RCIO DE JUAZEIRO E CASA NOVA\"}]},{\"@type\":\"WebSite\",\"@id\":\"https:\\\/\\\/blogdofarnesio.com.br\\\/#website\",\"url\":\"https:\\\/\\\/blogdofarnesio.com.br\\\/\",\"name\":\"Blog do Farn\u00e9sio\",\"description\":\"Quer Saber Pol\u00edtica?\",\"publisher\":{\"@id\":\"https:\\\/\\\/blogdofarnesio.com.br\\\/#organization\"},\"potentialAction\":[{\"@type\":\"SearchAction\",\"target\":{\"@type\":\"EntryPoint\",\"urlTemplate\":\"https:\\\/\\\/blogdofarnesio.com.br\\\/?s={search_term_string}\"},\"query-input\":{\"@type\":\"PropertyValueSpecification\",\"valueRequired\":true,\"valueName\":\"search_term_string\"}}],\"inLanguage\":\"pt-BR\"},{\"@type\":\"Organization\",\"@id\":\"https:\\\/\\\/blogdofarnesio.com.br\\\/#organization\",\"name\":\"Blog do Farn\u00e9sio\",\"url\":\"https:\\\/\\\/blogdofarnesio.com.br\\\/\",\"logo\":{\"@type\":\"ImageObject\",\"inLanguage\":\"pt-BR\",\"@id\":\"https:\\\/\\\/blogdofarnesio.com.br\\\/#\\\/schema\\\/logo\\\/image\\\/\",\"url\":\"https:\\\/\\\/blogdofarnesio.com.br\\\/wp-content\\\/uploads\\\/2026\\\/03\\\/cropped-logo_new-1.png\",\"contentUrl\":\"https:\\\/\\\/blogdofarnesio.com.br\\\/wp-content\\\/uploads\\\/2026\\\/03\\\/cropped-logo_new-1.png\",\"width\":881,\"height\":685,\"caption\":\"Blog do Farn\u00e9sio\"},\"image\":{\"@id\":\"https:\\\/\\\/blogdofarnesio.com.br\\\/#\\\/schema\\\/logo\\\/image\\\/\"},\"sameAs\":[\"https:\\\/\\\/www.facebook.com\\\/BlogQuerSaberPolitica\\\/\"]},{\"@type\":\"Person\",\"@id\":\"https:\\\/\\\/blogdofarnesio.com.br\\\/#\\\/schema\\\/person\\\/301c4acf522bccbfdb45af95b5b906a1\",\"name\":\"Farn\u00e9sio\",\"image\":{\"@type\":\"ImageObject\",\"inLanguage\":\"pt-BR\",\"@id\":\"https:\\\/\\\/secure.gravatar.com\\\/avatar\\\/df0c9a14567c056f8ad6876ba5bbd1e3e2c48023eb6807342fc4663adf549f38?s=96&d=mm&r=g\",\"url\":\"https:\\\/\\\/secure.gravatar.com\\\/avatar\\\/df0c9a14567c056f8ad6876ba5bbd1e3e2c48023eb6807342fc4663adf549f38?s=96&d=mm&r=g\",\"contentUrl\":\"https:\\\/\\\/secure.gravatar.com\\\/avatar\\\/df0c9a14567c056f8ad6876ba5bbd1e3e2c48023eb6807342fc4663adf549f38?s=96&d=mm&r=g\",\"caption\":\"Farn\u00e9sio\"},\"sameAs\":[\"https:\\\/\\\/quersaberpolitica.com.br\"],\"url\":\"https:\\\/\\\/blogdofarnesio.com.br\\\/?author=1\"}]}<\/script>\n<!-- \/ Yoast SEO plugin. -->","yoast_head_json":{"title":"CORTES ESPECIAIS DE CORDEIROS: NOVIDADE NO COM\u00c9RCIO DE JUAZEIRO E CASA NOVA - Blog do Farn\u00e9sio","robots":{"index":"index","follow":"follow","max-snippet":"max-snippet:-1","max-image-preview":"max-image-preview:large","max-video-preview":"max-video-preview:-1"},"canonical":"https:\/\/blogdofarnesio.com.br\/?p=162003","og_locale":"pt_BR","og_type":"article","og_title":"CORTES ESPECIAIS DE CORDEIROS: NOVIDADE NO COM\u00c9RCIO DE JUAZEIRO E CASA NOVA - Blog do Farn\u00e9sio","og_description":"Um Supermercado de Juazeiro e outro de Casa Nova, ambas as cidades no norte da Bahia, est\u00e3o investindo em um novo produto para atrair os consumidores. Quem for ao Mercadinho Econ\u00f4mico de Juazeiro comprar carne ganhou a possibilidade de adquirir cortes especiais de carneiros. O que antes era disponibilizado apenas em cortes de carne bovina, agora tamb\u00e9m \u00e9 poss\u00edvel levar para casa picanha, pernil, paleta, costela, lombo e at\u00e9 carr\u00e9 franc\u00eas de ovinos. Parceria Atrav\u00e9s uma parceria com o IDESA \u2013 Instituto de Desenvolvimento Sustent\u00e1vel Araci, abatedouro Campo do Gado e o Projeto Bioma Caatinga do SEBRAE e Funda\u00e7\u00e3o Banco do Brasil, o Mercadinho Econ\u00f4mico treinou os funcion\u00e1rios que trabalham no setor de carnes para fazerem os cortes no pr\u00f3prio&hellip;","og_url":"https:\/\/blogdofarnesio.com.br\/?p=162003","og_site_name":"Blog do Farn\u00e9sio","article_publisher":"https:\/\/www.facebook.com\/BlogQuerSaberPolitica\/","article_published_time":"2017-03-24T19:00:14+00:00","og_image":[{"width":600,"height":450,"url":"https:\/\/blogdofarnesio.com.br\/wp-content\/uploads\/2017\/03\/blogqsp-cortecarne-e1490359260246.jpg","type":"image\/jpeg"}],"author":"Farn\u00e9sio","twitter_card":"summary_large_image","twitter_misc":{"Escrito por":"Farn\u00e9sio","Est. tempo de leitura":"4 minutos"},"schema":{"@context":"https:\/\/schema.org","@graph":[{"@type":"Article","@id":"https:\/\/blogdofarnesio.com.br\/?p=162003#article","isPartOf":{"@id":"https:\/\/blogdofarnesio.com.br\/?p=162003"},"author":{"name":"Farn\u00e9sio","@id":"https:\/\/blogdofarnesio.com.br\/#\/schema\/person\/301c4acf522bccbfdb45af95b5b906a1"},"headline":"CORTES ESPECIAIS DE CORDEIROS: NOVIDADE NO COM\u00c9RCIO DE JUAZEIRO E CASA NOVA","datePublished":"2017-03-24T19:00:14+00:00","mainEntityOfPage":{"@id":"https:\/\/blogdofarnesio.com.br\/?p=162003"},"wordCount":824,"commentCount":0,"publisher":{"@id":"https:\/\/blogdofarnesio.com.br\/#organization"},"image":{"@id":"https:\/\/blogdofarnesio.com.br\/?p=162003#primaryimage"},"thumbnailUrl":"https:\/\/blogdofarnesio.com.br\/wp-content\/uploads\/2017\/03\/blogqsp-cortecarne-e1490359260246.jpg","articleSection":["Administra\u00e7\u00e3o"],"inLanguage":"pt-BR","potentialAction":[{"@type":"CommentAction","name":"Comment","target":["https:\/\/blogdofarnesio.com.br\/?p=162003#respond"]}]},{"@type":"WebPage","@id":"https:\/\/blogdofarnesio.com.br\/?p=162003","url":"https:\/\/blogdofarnesio.com.br\/?p=162003","name":"CORTES ESPECIAIS DE CORDEIROS: NOVIDADE NO COM\u00c9RCIO DE JUAZEIRO E CASA NOVA - Blog do Farn\u00e9sio","isPartOf":{"@id":"https:\/\/blogdofarnesio.com.br\/#website"},"primaryImageOfPage":{"@id":"https:\/\/blogdofarnesio.com.br\/?p=162003#primaryimage"},"image":{"@id":"https:\/\/blogdofarnesio.com.br\/?p=162003#primaryimage"},"thumbnailUrl":"https:\/\/blogdofarnesio.com.br\/wp-content\/uploads\/2017\/03\/blogqsp-cortecarne-e1490359260246.jpg","datePublished":"2017-03-24T19:00:14+00:00","breadcrumb":{"@id":"https:\/\/blogdofarnesio.com.br\/?p=162003#breadcrumb"},"inLanguage":"pt-BR","potentialAction":[{"@type":"ReadAction","target":["https:\/\/blogdofarnesio.com.br\/?p=162003"]}]},{"@type":"ImageObject","inLanguage":"pt-BR","@id":"https:\/\/blogdofarnesio.com.br\/?p=162003#primaryimage","url":"https:\/\/blogdofarnesio.com.br\/wp-content\/uploads\/2017\/03\/blogqsp-cortecarne-e1490359260246.jpg","contentUrl":"https:\/\/blogdofarnesio.com.br\/wp-content\/uploads\/2017\/03\/blogqsp-cortecarne-e1490359260246.jpg","width":600,"height":450},{"@type":"BreadcrumbList","@id":"https:\/\/blogdofarnesio.com.br\/?p=162003#breadcrumb","itemListElement":[{"@type":"ListItem","position":1,"name":"In\u00edcio","item":"https:\/\/blogdofarnesio.com.br\/"},{"@type":"ListItem","position":2,"name":"CORTES ESPECIAIS DE CORDEIROS: NOVIDADE NO COM\u00c9RCIO DE JUAZEIRO E CASA NOVA"}]},{"@type":"WebSite","@id":"https:\/\/blogdofarnesio.com.br\/#website","url":"https:\/\/blogdofarnesio.com.br\/","name":"Blog do Farn\u00e9sio","description":"Quer Saber Pol\u00edtica?","publisher":{"@id":"https:\/\/blogdofarnesio.com.br\/#organization"},"potentialAction":[{"@type":"SearchAction","target":{"@type":"EntryPoint","urlTemplate":"https:\/\/blogdofarnesio.com.br\/?s={search_term_string}"},"query-input":{"@type":"PropertyValueSpecification","valueRequired":true,"valueName":"search_term_string"}}],"inLanguage":"pt-BR"},{"@type":"Organization","@id":"https:\/\/blogdofarnesio.com.br\/#organization","name":"Blog do Farn\u00e9sio","url":"https:\/\/blogdofarnesio.com.br\/","logo":{"@type":"ImageObject","inLanguage":"pt-BR","@id":"https:\/\/blogdofarnesio.com.br\/#\/schema\/logo\/image\/","url":"https:\/\/blogdofarnesio.com.br\/wp-content\/uploads\/2026\/03\/cropped-logo_new-1.png","contentUrl":"https:\/\/blogdofarnesio.com.br\/wp-content\/uploads\/2026\/03\/cropped-logo_new-1.png","width":881,"height":685,"caption":"Blog do Farn\u00e9sio"},"image":{"@id":"https:\/\/blogdofarnesio.com.br\/#\/schema\/logo\/image\/"},"sameAs":["https:\/\/www.facebook.com\/BlogQuerSaberPolitica\/"]},{"@type":"Person","@id":"https:\/\/blogdofarnesio.com.br\/#\/schema\/person\/301c4acf522bccbfdb45af95b5b906a1","name":"Farn\u00e9sio","image":{"@type":"ImageObject","inLanguage":"pt-BR","@id":"https:\/\/secure.gravatar.com\/avatar\/df0c9a14567c056f8ad6876ba5bbd1e3e2c48023eb6807342fc4663adf549f38?s=96&d=mm&r=g","url":"https:\/\/secure.gravatar.com\/avatar\/df0c9a14567c056f8ad6876ba5bbd1e3e2c48023eb6807342fc4663adf549f38?s=96&d=mm&r=g","contentUrl":"https:\/\/secure.gravatar.com\/avatar\/df0c9a14567c056f8ad6876ba5bbd1e3e2c48023eb6807342fc4663adf549f38?s=96&d=mm&r=g","caption":"Farn\u00e9sio"},"sameAs":["https:\/\/quersaberpolitica.com.br"],"url":"https:\/\/blogdofarnesio.com.br\/?author=1"}]}},"_links":{"self":[{"href":"https:\/\/blogdofarnesio.com.br\/index.php?rest_route=\/wp\/v2\/posts\/162003","targetHints":{"allow":["GET"]}}],"collection":[{"href":"https:\/\/blogdofarnesio.com.br\/index.php?rest_route=\/wp\/v2\/posts"}],"about":[{"href":"https:\/\/blogdofarnesio.com.br\/index.php?rest_route=\/wp\/v2\/types\/post"}],"author":[{"embeddable":true,"href":"https:\/\/blogdofarnesio.com.br\/index.php?rest_route=\/wp\/v2\/users\/1"}],"replies":[{"embeddable":true,"href":"https:\/\/blogdofarnesio.com.br\/index.php?rest_route=%2Fwp%2Fv2%2Fcomments&post=162003"}],"version-history":[{"count":0,"href":"https:\/\/blogdofarnesio.com.br\/index.php?rest_route=\/wp\/v2\/posts\/162003\/revisions"}],"wp:featuredmedia":[{"embeddable":true,"href":"https:\/\/blogdofarnesio.com.br\/index.php?rest_route=\/wp\/v2\/media\/162004"}],"wp:attachment":[{"href":"https:\/\/blogdofarnesio.com.br\/index.php?rest_route=%2Fwp%2Fv2%2Fmedia&parent=162003"}],"wp:term":[{"taxonomy":"category","embeddable":true,"href":"https:\/\/blogdofarnesio.com.br\/index.php?rest_route=%2Fwp%2Fv2%2Fcategories&post=162003"},{"taxonomy":"post_tag","embeddable":true,"href":"https:\/\/blogdofarnesio.com.br\/index.php?rest_route=%2Fwp%2Fv2%2Ftags&post=162003"}],"curies":[{"name":"wp","href":"https:\/\/api.w.org\/{rel}","templated":true}]}}