{"id":161807,"date":"2017-03-22T12:30:18","date_gmt":"2017-03-22T15:30:18","guid":{"rendered":"http:\/\/quersaberpolitica.com.br\/2016\/?p=161807"},"modified":"2017-03-22T10:55:35","modified_gmt":"2017-03-22T13:55:35","slug":"abalada-e-estarrecida-ex-amante-de-youssef-nega-ser-laranja","status":"publish","type":"post","link":"https:\/\/blogdofarnesio.com.br\/2017\/03\/abalada-e-estarrecida-ex-amante-de-youssef-nega-ser-laranja\/","title":{"rendered":"\u2018ABALADA E ESTARRECIDA\u2019, EX-AMANTE DE YOUSSEF NEGA SER LARANJA"},"content":{"rendered":"<p style=\"text-align: justify;\"><em>Estad\u00e3o Conte\u00fado<\/em> \u2013\u00a0A defesa de Taiana de Sousa Camargo, ex-amante do doleiro Alberto Youssef, afirmou em manifesta\u00e7\u00e3o ao juiz federal S\u00e9rgio Moro que ela est\u00e1 \u201cabalada e estarrecida\u201d com seu indiciamento na Opera\u00e7\u00e3o Lava Jato. A Pol\u00edcia Federal atribui \u00e0 Taiana o crime de lavagem de dinheiro ou oculta\u00e7\u00e3o de bens, direitos e valores.<\/p>\n<p style=\"text-align: justify;\">Grande operador de propinas no esquema instalado na Petrobras entre 2004 e 2014, o doleiro \u00e9 um dos primeiros delatores da Lava Jato. Youssef revelou pagamentos de vantagens il\u00edcitas por empreiteiras a pol\u00edticos, entre deputados, governadores e senadores.<\/p>\n<p style=\"text-align: justify;\">A PF afirma o doleiro transferiu diversos bens e patrim\u00f4nio para Taiana a t\u00edtulo de \u201cpresentes\u201d. Al\u00e9m de quitar despesas cotidianas de Taiana como condom\u00ednio e escola de seu filho, Youssef teria dado a ela em 2011 um ve\u00edculo da marca BMW.<\/p>\n<p style=\"text-align: justify;\"><!--more--><\/p>\n<p style=\"text-align: justify;\">Segundo o advogado Anderson Cosme dos Santos, que defende Taiana, o doleiro se apresentou a ela \u201ccomo um empres\u00e1rio de sucesso e dono da empresa Marsans Brasil, que atuava no ramo de hotelaria e turismo\u201d.<\/p>\n<p style=\"text-align: justify;\">\u201cO apartamento sempre foi da requerente e n\u00e3o de Youssef, todavia, depois que ele fez dela\u00e7\u00e3o premiada, ela se convenceu de que aquele dinheiro poderia ser de proveni\u00eancia il\u00edcita e, n\u00e3o de dinheiro l\u00edcito que ela pensava que ele possu\u00eda por ele demonstrar e ostentar ser dono da empresa Marsans Brasil\u201d, observou o criminalista.<\/p>\n<p style=\"text-align: justify;\">Na manifesta\u00e7\u00e3o, Anderson Cosme dos Santos relata que Taiana, \u201creconhecendo essa possibilidade de origem il\u00edcita nos recursos empregados pela compra do apartamento\u201d, entregou o im\u00f3vel \u00e0 Receita Federal, \u201cmesmo com o cora\u00e7\u00e3o em frangalhos\u201d, ap\u00f3s a dela\u00e7\u00e3o premiada do doleiro.<\/p>\n<p style=\"text-align: justify;\">Ao juiz Moro, a ex-amante de Youssef confirmou que o doleiro \u201ca sustentava, sustentava o filho dela, pagava todas as contas, dava presentes e cuidava de todas as quest\u00f5es burocr\u00e1ticas da vida da requerente e de seu filho\u201d.<\/p>\n<p style=\"text-align: justify;\">\u201cA requerente at\u00e9 hoje tem entendimento \u00edntimo de que Youssef fazia tudo aquilo por ela e por seu filho, e n\u00e3o para esconder dinheiro, ressalvando-se os respeit\u00e1veis entendimentos em sentido contr\u00e1rio\u201d, alega a defesa.<\/p>\n<p style=\"text-align: justify;\">Ainda de acordo com o relat\u00f3rio de indiciamento da PF, Alberto Youssef declarou que a ex-amante recebeu a sociedade do restaurante Aracari \u201cporque ele tinha restri\u00e7\u00f5es perante a Receita Federal, constituindo-se, portanto, Taiana, como pessoa interposta (laranja) na sociedade\u201d.<\/p>\n<p style=\"text-align: justify;\">O defensor de Taiana nega e afirma que a ex-amante de Youssef \u201cfoi propriet\u00e1ria e administrou mesmo o restaurante\u201d. \u201cN\u00e3o era nenhuma \u2018laranja&#8217;\u201d, declarou a defesa.<\/p>\n<p style=\"text-align: justify;\"><strong>Paradeiro<\/strong><\/p>\n<p style=\"text-align: justify;\">Ao promover o indiciamento indireto de Taiana, a PF destacou as \u201cin\u00fameras tentativas\u201d de ouvir a ex-amante de Youssef. O advogado de Taiana informou a Moro que ela \u201csempre mostrou-se \u00e0 disposi\u00e7\u00e3o da Justi\u00e7a, com a inten\u00e7\u00e3o de elucidar todos os pontos controvertidos que porventura existissem\u201d.<\/p>\n<p style=\"text-align: justify;\">\u201cAp\u00f3s a viagem realizada, certificada pela autoridade policial, regressou ao Pa\u00eds, e, por ter entregue o apartamento que lhe foi dado de presente por Alberto Youssef, seu ex-amante, em meados do ano passado, em busca de fixar resid\u00eancia, foi morar com sua irm\u00e3 em Indaiatuba (SP)\u201d, declarou o defensor.<\/p>\n<p style=\"text-align: justify;\">\u201cQuando estava com Alberto Youssef, todas as suas despesas e despesas com seu filho eram pagas por Youssef. Sem conseguir um emprego, viu-se, ent\u00e3o, obrigada a voltar a trabalhar como acompanhante de luxo e foi com esse intuito que viajou ao exterior com um de seus clientes.\u201d<\/p>\n<p style=\"text-align: justify;\">A ex-amante de Youssef disse estar \u201carrasada emocionalmente\u201d, em \u201cdif\u00edcil situa\u00e7\u00e3o financeira\u201d e pensando em retornar a sua terra natal, Fortaleza, \u201cpara o socorro de sua fam\u00edlia, caso n\u00e3o consiga se recolocar no mercado em curto prazo, aqui em S\u00e3o Paulo\u201d.<\/p>\n<p style=\"text-align: justify;\">\u201cA requerente \u00e9 formada em marketing, precisa se sustentar e ainda sustentar o seu filho, que tamb\u00e9m sofre com toda essa situa\u00e7\u00e3o\u201d, disse a defesa.<\/p>\n<p style=\"text-align: justify;\">O filho foi quem avisou Taiana sobre o indiciamento, segundo a defesa. O advogado declarou que a \u201cexposi\u00e7\u00e3o negativa\u201d provocou problemas a ela.<\/p>\n<p style=\"text-align: justify;\">\u201cA requerente voltou a beber e a tomar rem\u00e9dios de forma descontrolada\u201d, anotou a defesa. \u201cDepois de um tempo, j\u00e1 melhor, e devidamente acompanhada de seu irm\u00e3o, a requerente conseguiu explicar tudo ao subscritor do presente, nessa sexta-feira, dia 17 de mar\u00e7o de 2017. No s\u00e1bado, retornou para Indaiatuba, e diante do seu quadro emergencial, a fam\u00edlia decidiu intern\u00e1-la.\u201d<\/p>\n","protected":false},"excerpt":{"rendered":"<p>Estad\u00e3o Conte\u00fado \u2013\u00a0A defesa de Taiana de Sousa Camargo, ex-amante do doleiro Alberto Youssef, afirmou em manifesta\u00e7\u00e3o ao juiz federal S\u00e9rgio Moro que ela est\u00e1 \u201cabalada e estarrecida\u201d com seu indiciamento na Opera\u00e7\u00e3o Lava Jato. A Pol\u00edcia Federal atribui \u00e0 Taiana o crime de lavagem de dinheiro ou oculta\u00e7\u00e3o de bens, direitos e valores. Grande operador de propinas no esquema instalado na Petrobras entre 2004 e 2014, o doleiro \u00e9 um dos primeiros delatores da Lava Jato. Youssef revelou pagamentos de vantagens il\u00edcitas por empreiteiras a pol\u00edticos, entre deputados, governadores e senadores. A PF afirma o doleiro transferiu diversos bens e patrim\u00f4nio para Taiana a t\u00edtulo de \u201cpresentes\u201d. Al\u00e9m de quitar despesas cotidianas de Taiana como condom\u00ednio e escola de&hellip; <\/p>\n","protected":false},"author":1,"featured_media":161346,"comment_status":"open","ping_status":"open","sticky":false,"template":"","format":"standard","meta":{"_acf_changed":false,"footnotes":""},"categories":[1],"tags":[],"class_list":["post-161807","post","type-post","status-publish","format-standard","has-post-thumbnail","hentry","category-politica"],"acf":[],"yoast_head":"<!-- This site is optimized with the Yoast SEO plugin v27.5 - https:\/\/yoast.com\/product\/yoast-seo-wordpress\/ -->\n<title>\u2018ABALADA E ESTARRECIDA\u2019, EX-AMANTE DE YOUSSEF NEGA SER LARANJA - Blog do Farn\u00e9sio<\/title>\n<meta name=\"robots\" content=\"index, follow, max-snippet:-1, max-image-preview:large, max-video-preview:-1\" \/>\n<link rel=\"canonical\" href=\"https:\/\/blogdofarnesio.com.br\/2017\/03\/abalada-e-estarrecida-ex-amante-de-youssef-nega-ser-laranja\/\" \/>\n<meta property=\"og:locale\" content=\"pt_BR\" \/>\n<meta property=\"og:type\" content=\"article\" \/>\n<meta property=\"og:title\" content=\"\u2018ABALADA E ESTARRECIDA\u2019, EX-AMANTE DE YOUSSEF NEGA SER LARANJA - Blog do Farn\u00e9sio\" \/>\n<meta property=\"og:description\" content=\"Estad\u00e3o Conte\u00fado \u2013\u00a0A defesa de Taiana de Sousa Camargo, ex-amante do doleiro Alberto Youssef, afirmou em manifesta\u00e7\u00e3o ao juiz federal S\u00e9rgio Moro que ela est\u00e1 \u201cabalada e estarrecida\u201d com seu indiciamento na Opera\u00e7\u00e3o Lava Jato. A Pol\u00edcia Federal atribui \u00e0 Taiana o crime de lavagem de dinheiro ou oculta\u00e7\u00e3o de bens, direitos e valores. Grande operador de propinas no esquema instalado na Petrobras entre 2004 e 2014, o doleiro \u00e9 um dos primeiros delatores da Lava Jato. Youssef revelou pagamentos de vantagens il\u00edcitas por empreiteiras a pol\u00edticos, entre deputados, governadores e senadores. A PF afirma o doleiro transferiu diversos bens e patrim\u00f4nio para Taiana a t\u00edtulo de \u201cpresentes\u201d. Al\u00e9m de quitar despesas cotidianas de Taiana como condom\u00ednio e escola de&hellip;\" \/>\n<meta property=\"og:url\" content=\"https:\/\/blogdofarnesio.com.br\/2017\/03\/abalada-e-estarrecida-ex-amante-de-youssef-nega-ser-laranja\/\" \/>\n<meta property=\"og:site_name\" content=\"Blog do Farn\u00e9sio\" \/>\n<meta property=\"article:publisher\" content=\"https:\/\/www.facebook.com\/BlogQuerSaberPolitica\/\" \/>\n<meta property=\"article:published_time\" content=\"2017-03-22T15:30:18+00:00\" \/>\n<meta property=\"og:image\" content=\"https:\/\/blogdofarnesio.com.br\/wp-content\/uploads\/2017\/03\/taiana-camargo-748x410.jpg\" \/>\n\t<meta property=\"og:image:width\" content=\"748\" \/>\n\t<meta property=\"og:image:height\" content=\"410\" \/>\n\t<meta property=\"og:image:type\" content=\"image\/jpeg\" \/>\n<meta name=\"author\" content=\"Farn\u00e9sio\" \/>\n<meta name=\"twitter:card\" content=\"summary_large_image\" \/>\n<meta name=\"twitter:label1\" content=\"Escrito por\" \/>\n\t<meta name=\"twitter:data1\" content=\"Farn\u00e9sio\" \/>\n\t<meta name=\"twitter:label2\" content=\"Est. tempo de leitura\" \/>\n\t<meta name=\"twitter:data2\" content=\"4 minutos\" \/>\n<script type=\"application\/ld+json\" class=\"yoast-schema-graph\">{\"@context\":\"https:\\\/\\\/schema.org\",\"@graph\":[{\"@type\":\"Article\",\"@id\":\"https:\\\/\\\/blogdofarnesio.com.br\\\/2017\\\/03\\\/abalada-e-estarrecida-ex-amante-de-youssef-nega-ser-laranja\\\/#article\",\"isPartOf\":{\"@id\":\"https:\\\/\\\/blogdofarnesio.com.br\\\/2017\\\/03\\\/abalada-e-estarrecida-ex-amante-de-youssef-nega-ser-laranja\\\/\"},\"author\":{\"name\":\"Farn\u00e9sio\",\"@id\":\"https:\\\/\\\/blogdofarnesio.com.br\\\/#\\\/schema\\\/person\\\/301c4acf522bccbfdb45af95b5b906a1\"},\"headline\":\"\u2018ABALADA E ESTARRECIDA\u2019, EX-AMANTE DE YOUSSEF NEGA SER LARANJA\",\"datePublished\":\"2017-03-22T15:30:18+00:00\",\"mainEntityOfPage\":{\"@id\":\"https:\\\/\\\/blogdofarnesio.com.br\\\/2017\\\/03\\\/abalada-e-estarrecida-ex-amante-de-youssef-nega-ser-laranja\\\/\"},\"wordCount\":749,\"commentCount\":0,\"publisher\":{\"@id\":\"https:\\\/\\\/blogdofarnesio.com.br\\\/#organization\"},\"image\":{\"@id\":\"https:\\\/\\\/blogdofarnesio.com.br\\\/2017\\\/03\\\/abalada-e-estarrecida-ex-amante-de-youssef-nega-ser-laranja\\\/#primaryimage\"},\"thumbnailUrl\":\"https:\\\/\\\/blogdofarnesio.com.br\\\/wp-content\\\/uploads\\\/2017\\\/03\\\/taiana-camargo-748x410.jpg\",\"articleSection\":[\"Pol\u00edtica\"],\"inLanguage\":\"pt-BR\",\"potentialAction\":[{\"@type\":\"CommentAction\",\"name\":\"Comment\",\"target\":[\"https:\\\/\\\/blogdofarnesio.com.br\\\/2017\\\/03\\\/abalada-e-estarrecida-ex-amante-de-youssef-nega-ser-laranja\\\/#respond\"]}]},{\"@type\":\"WebPage\",\"@id\":\"https:\\\/\\\/blogdofarnesio.com.br\\\/2017\\\/03\\\/abalada-e-estarrecida-ex-amante-de-youssef-nega-ser-laranja\\\/\",\"url\":\"https:\\\/\\\/blogdofarnesio.com.br\\\/2017\\\/03\\\/abalada-e-estarrecida-ex-amante-de-youssef-nega-ser-laranja\\\/\",\"name\":\"\u2018ABALADA E ESTARRECIDA\u2019, EX-AMANTE DE YOUSSEF NEGA SER LARANJA - Blog do Farn\u00e9sio\",\"isPartOf\":{\"@id\":\"https:\\\/\\\/blogdofarnesio.com.br\\\/#website\"},\"primaryImageOfPage\":{\"@id\":\"https:\\\/\\\/blogdofarnesio.com.br\\\/2017\\\/03\\\/abalada-e-estarrecida-ex-amante-de-youssef-nega-ser-laranja\\\/#primaryimage\"},\"image\":{\"@id\":\"https:\\\/\\\/blogdofarnesio.com.br\\\/2017\\\/03\\\/abalada-e-estarrecida-ex-amante-de-youssef-nega-ser-laranja\\\/#primaryimage\"},\"thumbnailUrl\":\"https:\\\/\\\/blogdofarnesio.com.br\\\/wp-content\\\/uploads\\\/2017\\\/03\\\/taiana-camargo-748x410.jpg\",\"datePublished\":\"2017-03-22T15:30:18+00:00\",\"breadcrumb\":{\"@id\":\"https:\\\/\\\/blogdofarnesio.com.br\\\/2017\\\/03\\\/abalada-e-estarrecida-ex-amante-de-youssef-nega-ser-laranja\\\/#breadcrumb\"},\"inLanguage\":\"pt-BR\",\"potentialAction\":[{\"@type\":\"ReadAction\",\"target\":[\"https:\\\/\\\/blogdofarnesio.com.br\\\/2017\\\/03\\\/abalada-e-estarrecida-ex-amante-de-youssef-nega-ser-laranja\\\/\"]}]},{\"@type\":\"ImageObject\",\"inLanguage\":\"pt-BR\",\"@id\":\"https:\\\/\\\/blogdofarnesio.com.br\\\/2017\\\/03\\\/abalada-e-estarrecida-ex-amante-de-youssef-nega-ser-laranja\\\/#primaryimage\",\"url\":\"https:\\\/\\\/blogdofarnesio.com.br\\\/wp-content\\\/uploads\\\/2017\\\/03\\\/taiana-camargo-748x410.jpg\",\"contentUrl\":\"https:\\\/\\\/blogdofarnesio.com.br\\\/wp-content\\\/uploads\\\/2017\\\/03\\\/taiana-camargo-748x410.jpg\",\"width\":748,\"height\":410},{\"@type\":\"BreadcrumbList\",\"@id\":\"https:\\\/\\\/blogdofarnesio.com.br\\\/2017\\\/03\\\/abalada-e-estarrecida-ex-amante-de-youssef-nega-ser-laranja\\\/#breadcrumb\",\"itemListElement\":[{\"@type\":\"ListItem\",\"position\":1,\"name\":\"In\u00edcio\",\"item\":\"https:\\\/\\\/blogdofarnesio.com.br\\\/\"},{\"@type\":\"ListItem\",\"position\":2,\"name\":\"\u2018ABALADA E ESTARRECIDA\u2019, EX-AMANTE DE YOUSSEF NEGA SER LARANJA\"}]},{\"@type\":\"WebSite\",\"@id\":\"https:\\\/\\\/blogdofarnesio.com.br\\\/#website\",\"url\":\"https:\\\/\\\/blogdofarnesio.com.br\\\/\",\"name\":\"Blog do Farn\u00e9sio\",\"description\":\"Quer Saber Pol\u00edtica?\",\"publisher\":{\"@id\":\"https:\\\/\\\/blogdofarnesio.com.br\\\/#organization\"},\"potentialAction\":[{\"@type\":\"SearchAction\",\"target\":{\"@type\":\"EntryPoint\",\"urlTemplate\":\"https:\\\/\\\/blogdofarnesio.com.br\\\/?s={search_term_string}\"},\"query-input\":{\"@type\":\"PropertyValueSpecification\",\"valueRequired\":true,\"valueName\":\"search_term_string\"}}],\"inLanguage\":\"pt-BR\"},{\"@type\":\"Organization\",\"@id\":\"https:\\\/\\\/blogdofarnesio.com.br\\\/#organization\",\"name\":\"Blog do Farn\u00e9sio\",\"url\":\"https:\\\/\\\/blogdofarnesio.com.br\\\/\",\"logo\":{\"@type\":\"ImageObject\",\"inLanguage\":\"pt-BR\",\"@id\":\"https:\\\/\\\/blogdofarnesio.com.br\\\/#\\\/schema\\\/logo\\\/image\\\/\",\"url\":\"https:\\\/\\\/blogdofarnesio.com.br\\\/wp-content\\\/uploads\\\/2026\\\/03\\\/cropped-logo_new-1.png\",\"contentUrl\":\"https:\\\/\\\/blogdofarnesio.com.br\\\/wp-content\\\/uploads\\\/2026\\\/03\\\/cropped-logo_new-1.png\",\"width\":881,\"height\":685,\"caption\":\"Blog do Farn\u00e9sio\"},\"image\":{\"@id\":\"https:\\\/\\\/blogdofarnesio.com.br\\\/#\\\/schema\\\/logo\\\/image\\\/\"},\"sameAs\":[\"https:\\\/\\\/www.facebook.com\\\/BlogQuerSaberPolitica\\\/\"]},{\"@type\":\"Person\",\"@id\":\"https:\\\/\\\/blogdofarnesio.com.br\\\/#\\\/schema\\\/person\\\/301c4acf522bccbfdb45af95b5b906a1\",\"name\":\"Farn\u00e9sio\",\"image\":{\"@type\":\"ImageObject\",\"inLanguage\":\"pt-BR\",\"@id\":\"https:\\\/\\\/secure.gravatar.com\\\/avatar\\\/df0c9a14567c056f8ad6876ba5bbd1e3e2c48023eb6807342fc4663adf549f38?s=96&d=mm&r=g\",\"url\":\"https:\\\/\\\/secure.gravatar.com\\\/avatar\\\/df0c9a14567c056f8ad6876ba5bbd1e3e2c48023eb6807342fc4663adf549f38?s=96&d=mm&r=g\",\"contentUrl\":\"https:\\\/\\\/secure.gravatar.com\\\/avatar\\\/df0c9a14567c056f8ad6876ba5bbd1e3e2c48023eb6807342fc4663adf549f38?s=96&d=mm&r=g\",\"caption\":\"Farn\u00e9sio\"},\"sameAs\":[\"https:\\\/\\\/quersaberpolitica.com.br\"],\"url\":\"https:\\\/\\\/blogdofarnesio.com.br\\\/author\\\/farnesio\\\/\"}]}<\/script>\n<!-- \/ Yoast SEO plugin. -->","yoast_head_json":{"title":"\u2018ABALADA E ESTARRECIDA\u2019, EX-AMANTE DE YOUSSEF NEGA SER LARANJA - Blog do Farn\u00e9sio","robots":{"index":"index","follow":"follow","max-snippet":"max-snippet:-1","max-image-preview":"max-image-preview:large","max-video-preview":"max-video-preview:-1"},"canonical":"https:\/\/blogdofarnesio.com.br\/2017\/03\/abalada-e-estarrecida-ex-amante-de-youssef-nega-ser-laranja\/","og_locale":"pt_BR","og_type":"article","og_title":"\u2018ABALADA E ESTARRECIDA\u2019, EX-AMANTE DE YOUSSEF NEGA SER LARANJA - Blog do Farn\u00e9sio","og_description":"Estad\u00e3o Conte\u00fado \u2013\u00a0A defesa de Taiana de Sousa Camargo, ex-amante do doleiro Alberto Youssef, afirmou em manifesta\u00e7\u00e3o ao juiz federal S\u00e9rgio Moro que ela est\u00e1 \u201cabalada e estarrecida\u201d com seu indiciamento na Opera\u00e7\u00e3o Lava Jato. A Pol\u00edcia Federal atribui \u00e0 Taiana o crime de lavagem de dinheiro ou oculta\u00e7\u00e3o de bens, direitos e valores. Grande operador de propinas no esquema instalado na Petrobras entre 2004 e 2014, o doleiro \u00e9 um dos primeiros delatores da Lava Jato. Youssef revelou pagamentos de vantagens il\u00edcitas por empreiteiras a pol\u00edticos, entre deputados, governadores e senadores. A PF afirma o doleiro transferiu diversos bens e patrim\u00f4nio para Taiana a t\u00edtulo de \u201cpresentes\u201d. Al\u00e9m de quitar despesas cotidianas de Taiana como condom\u00ednio e escola de&hellip;","og_url":"https:\/\/blogdofarnesio.com.br\/2017\/03\/abalada-e-estarrecida-ex-amante-de-youssef-nega-ser-laranja\/","og_site_name":"Blog do Farn\u00e9sio","article_publisher":"https:\/\/www.facebook.com\/BlogQuerSaberPolitica\/","article_published_time":"2017-03-22T15:30:18+00:00","og_image":[{"width":748,"height":410,"url":"https:\/\/blogdofarnesio.com.br\/wp-content\/uploads\/2017\/03\/taiana-camargo-748x410.jpg","type":"image\/jpeg"}],"author":"Farn\u00e9sio","twitter_card":"summary_large_image","twitter_misc":{"Escrito por":"Farn\u00e9sio","Est. tempo de leitura":"4 minutos"},"schema":{"@context":"https:\/\/schema.org","@graph":[{"@type":"Article","@id":"https:\/\/blogdofarnesio.com.br\/2017\/03\/abalada-e-estarrecida-ex-amante-de-youssef-nega-ser-laranja\/#article","isPartOf":{"@id":"https:\/\/blogdofarnesio.com.br\/2017\/03\/abalada-e-estarrecida-ex-amante-de-youssef-nega-ser-laranja\/"},"author":{"name":"Farn\u00e9sio","@id":"https:\/\/blogdofarnesio.com.br\/#\/schema\/person\/301c4acf522bccbfdb45af95b5b906a1"},"headline":"\u2018ABALADA E ESTARRECIDA\u2019, EX-AMANTE DE YOUSSEF NEGA SER LARANJA","datePublished":"2017-03-22T15:30:18+00:00","mainEntityOfPage":{"@id":"https:\/\/blogdofarnesio.com.br\/2017\/03\/abalada-e-estarrecida-ex-amante-de-youssef-nega-ser-laranja\/"},"wordCount":749,"commentCount":0,"publisher":{"@id":"https:\/\/blogdofarnesio.com.br\/#organization"},"image":{"@id":"https:\/\/blogdofarnesio.com.br\/2017\/03\/abalada-e-estarrecida-ex-amante-de-youssef-nega-ser-laranja\/#primaryimage"},"thumbnailUrl":"https:\/\/blogdofarnesio.com.br\/wp-content\/uploads\/2017\/03\/taiana-camargo-748x410.jpg","articleSection":["Pol\u00edtica"],"inLanguage":"pt-BR","potentialAction":[{"@type":"CommentAction","name":"Comment","target":["https:\/\/blogdofarnesio.com.br\/2017\/03\/abalada-e-estarrecida-ex-amante-de-youssef-nega-ser-laranja\/#respond"]}]},{"@type":"WebPage","@id":"https:\/\/blogdofarnesio.com.br\/2017\/03\/abalada-e-estarrecida-ex-amante-de-youssef-nega-ser-laranja\/","url":"https:\/\/blogdofarnesio.com.br\/2017\/03\/abalada-e-estarrecida-ex-amante-de-youssef-nega-ser-laranja\/","name":"\u2018ABALADA E ESTARRECIDA\u2019, EX-AMANTE DE YOUSSEF NEGA SER LARANJA - Blog do Farn\u00e9sio","isPartOf":{"@id":"https:\/\/blogdofarnesio.com.br\/#website"},"primaryImageOfPage":{"@id":"https:\/\/blogdofarnesio.com.br\/2017\/03\/abalada-e-estarrecida-ex-amante-de-youssef-nega-ser-laranja\/#primaryimage"},"image":{"@id":"https:\/\/blogdofarnesio.com.br\/2017\/03\/abalada-e-estarrecida-ex-amante-de-youssef-nega-ser-laranja\/#primaryimage"},"thumbnailUrl":"https:\/\/blogdofarnesio.com.br\/wp-content\/uploads\/2017\/03\/taiana-camargo-748x410.jpg","datePublished":"2017-03-22T15:30:18+00:00","breadcrumb":{"@id":"https:\/\/blogdofarnesio.com.br\/2017\/03\/abalada-e-estarrecida-ex-amante-de-youssef-nega-ser-laranja\/#breadcrumb"},"inLanguage":"pt-BR","potentialAction":[{"@type":"ReadAction","target":["https:\/\/blogdofarnesio.com.br\/2017\/03\/abalada-e-estarrecida-ex-amante-de-youssef-nega-ser-laranja\/"]}]},{"@type":"ImageObject","inLanguage":"pt-BR","@id":"https:\/\/blogdofarnesio.com.br\/2017\/03\/abalada-e-estarrecida-ex-amante-de-youssef-nega-ser-laranja\/#primaryimage","url":"https:\/\/blogdofarnesio.com.br\/wp-content\/uploads\/2017\/03\/taiana-camargo-748x410.jpg","contentUrl":"https:\/\/blogdofarnesio.com.br\/wp-content\/uploads\/2017\/03\/taiana-camargo-748x410.jpg","width":748,"height":410},{"@type":"BreadcrumbList","@id":"https:\/\/blogdofarnesio.com.br\/2017\/03\/abalada-e-estarrecida-ex-amante-de-youssef-nega-ser-laranja\/#breadcrumb","itemListElement":[{"@type":"ListItem","position":1,"name":"In\u00edcio","item":"https:\/\/blogdofarnesio.com.br\/"},{"@type":"ListItem","position":2,"name":"\u2018ABALADA E ESTARRECIDA\u2019, EX-AMANTE DE YOUSSEF NEGA SER LARANJA"}]},{"@type":"WebSite","@id":"https:\/\/blogdofarnesio.com.br\/#website","url":"https:\/\/blogdofarnesio.com.br\/","name":"Blog do Farn\u00e9sio","description":"Quer Saber Pol\u00edtica?","publisher":{"@id":"https:\/\/blogdofarnesio.com.br\/#organization"},"potentialAction":[{"@type":"SearchAction","target":{"@type":"EntryPoint","urlTemplate":"https:\/\/blogdofarnesio.com.br\/?s={search_term_string}"},"query-input":{"@type":"PropertyValueSpecification","valueRequired":true,"valueName":"search_term_string"}}],"inLanguage":"pt-BR"},{"@type":"Organization","@id":"https:\/\/blogdofarnesio.com.br\/#organization","name":"Blog do Farn\u00e9sio","url":"https:\/\/blogdofarnesio.com.br\/","logo":{"@type":"ImageObject","inLanguage":"pt-BR","@id":"https:\/\/blogdofarnesio.com.br\/#\/schema\/logo\/image\/","url":"https:\/\/blogdofarnesio.com.br\/wp-content\/uploads\/2026\/03\/cropped-logo_new-1.png","contentUrl":"https:\/\/blogdofarnesio.com.br\/wp-content\/uploads\/2026\/03\/cropped-logo_new-1.png","width":881,"height":685,"caption":"Blog do Farn\u00e9sio"},"image":{"@id":"https:\/\/blogdofarnesio.com.br\/#\/schema\/logo\/image\/"},"sameAs":["https:\/\/www.facebook.com\/BlogQuerSaberPolitica\/"]},{"@type":"Person","@id":"https:\/\/blogdofarnesio.com.br\/#\/schema\/person\/301c4acf522bccbfdb45af95b5b906a1","name":"Farn\u00e9sio","image":{"@type":"ImageObject","inLanguage":"pt-BR","@id":"https:\/\/secure.gravatar.com\/avatar\/df0c9a14567c056f8ad6876ba5bbd1e3e2c48023eb6807342fc4663adf549f38?s=96&d=mm&r=g","url":"https:\/\/secure.gravatar.com\/avatar\/df0c9a14567c056f8ad6876ba5bbd1e3e2c48023eb6807342fc4663adf549f38?s=96&d=mm&r=g","contentUrl":"https:\/\/secure.gravatar.com\/avatar\/df0c9a14567c056f8ad6876ba5bbd1e3e2c48023eb6807342fc4663adf549f38?s=96&d=mm&r=g","caption":"Farn\u00e9sio"},"sameAs":["https:\/\/quersaberpolitica.com.br"],"url":"https:\/\/blogdofarnesio.com.br\/author\/farnesio\/"}]}},"_links":{"self":[{"href":"https:\/\/blogdofarnesio.com.br\/wp-json\/wp\/v2\/posts\/161807","targetHints":{"allow":["GET"]}}],"collection":[{"href":"https:\/\/blogdofarnesio.com.br\/wp-json\/wp\/v2\/posts"}],"about":[{"href":"https:\/\/blogdofarnesio.com.br\/wp-json\/wp\/v2\/types\/post"}],"author":[{"embeddable":true,"href":"https:\/\/blogdofarnesio.com.br\/wp-json\/wp\/v2\/users\/1"}],"replies":[{"embeddable":true,"href":"https:\/\/blogdofarnesio.com.br\/wp-json\/wp\/v2\/comments?post=161807"}],"version-history":[{"count":0,"href":"https:\/\/blogdofarnesio.com.br\/wp-json\/wp\/v2\/posts\/161807\/revisions"}],"wp:featuredmedia":[{"embeddable":true,"href":"https:\/\/blogdofarnesio.com.br\/wp-json\/wp\/v2\/media\/161346"}],"wp:attachment":[{"href":"https:\/\/blogdofarnesio.com.br\/wp-json\/wp\/v2\/media?parent=161807"}],"wp:term":[{"taxonomy":"category","embeddable":true,"href":"https:\/\/blogdofarnesio.com.br\/wp-json\/wp\/v2\/categories?post=161807"},{"taxonomy":"post_tag","embeddable":true,"href":"https:\/\/blogdofarnesio.com.br\/wp-json\/wp\/v2\/tags?post=161807"}],"curies":[{"name":"wp","href":"https:\/\/api.w.org\/{rel}","templated":true}]}}