{"id":161002,"date":"2017-03-14T07:00:25","date_gmt":"2017-03-14T10:00:25","guid":{"rendered":"http:\/\/quersaberpolitica.com.br\/2016\/?p=161002"},"modified":"2017-03-13T19:19:05","modified_gmt":"2017-03-13T22:19:05","slug":"discurso-do-atual-prefeito-e-so-uma-retorica-falaciosa-diz-julio-lossio-filho","status":"publish","type":"post","link":"https:\/\/blogdofarnesio.com.br\/?p=161002","title":{"rendered":"&#8220;DISCURSO DO ATUAL PREFEITO \u00c9 S\u00d3 UMA RET\u00d3RICA FALACIOSA&#8221;, DIZ JULIO L\u00d3SSIO FILHO"},"content":{"rendered":"<h2 class=\"blog-post-title\"><\/h2>\n<div id=\"container_clear\" style=\"text-align: center;\"><em><strong>&#8220;Nada melhor que o tempo e a luz da transpar\u00eancia para trazer \u00e0 tona as verdades que muitos insistem em esconder&#8221;<\/strong>.<\/em><\/div>\n<p>Desde que assumiu a Prefeitura de Petrolina, o prefeito Miguel Coelho tenta convencer as pessoas de que recebeu uma cidade em cen\u00e1rio de terra arrasada. Quem ouve as suas declara\u00e7\u00f5es, acha que Petrolina era a pior e mais desorganizada cidade do Brasil.<\/p>\n<p>Mas, como j\u00e1 dito, nada melhor que o sol para trazer luz aos comportamentos obscuros e, porque n\u00e3o dizer, irrespons\u00e1veis.<\/p>\n<p>Essa semana, a revista Exame trouxe uma pesquisa feita pela empresa Macroplan que coloca Petrolina como a melhor cidade do Nordeste para se viver e a 45\u00aa melhor do Brasil. Mais que isso, \u00e9 importante notar que Petrolina foi a cidade que mais cresceu no per\u00edodo pesquisado (2005-2015), subindo 46 posi\u00e7\u00f5es, enquanto Recife, nossa capital, perdeu 7 posi\u00e7\u00f5es, por exemplo.<\/p>\n<p>Tal resultado \u00e9 fruto de muito trabalho e da consolida\u00e7\u00e3o das pol\u00edticas p\u00fablicas que o prefeito Julio L\u00f3ssio implementou em Petrolina. Conforme mostram os n\u00fameros, Petrolina foi a cidade que mais cresceu na Educa\u00e7\u00e3o, o que n\u00e3o era de se espantar, considerando que os n\u00fameros do nosso IDEB j\u00e1 mostravam que, na gest\u00e3o de L\u00f3ssio, Petrolina teve o maior crescimento do Nordeste, ficando \u00e0 frente de 21 capitais do pa\u00eds.<\/p>\n<p>A pesquisa tamb\u00e9m comprova que Petrolina deu um salto gigantesco na sa\u00fade. Mais um fruto do esfor\u00e7o da gest\u00e3o de L\u00f3ssio em tirar Petrolina de 13% de cobertura em sa\u00fade da fam\u00edlia e entregar com mais de 98% de cobertura, quadruplicando o n\u00famero de exames, consultas e cirurgias e reduzindo drasticamente a taxa de mortalidade infantil.<\/p>\n<p>Outro fator decisivo para Petrolina alcan\u00e7ar esse resultado foi o acesso das nossas crian\u00e7as em creches. Desenvolvemos o maior programa de educa\u00e7\u00e3o infantil do Brasil, o Nova Semente, e abrimos mais vagas em creche do que qualquer outro munic\u00edpio do pa\u00eds.<\/p>\n<p>Foi tamb\u00e9m na gest\u00e3o do prefeito Julio L\u00f3ssio que Petrolina alcan\u00e7ou o 6\u00ba lugar no ranking de transpar\u00eancia do nosso Estado, outro fator analisado na pesquisa Macroplan. Nas gest\u00f5es anteriores, a prefeitura n\u00e3o divulgava nem a rela\u00e7\u00e3o de nomes e sal\u00e1rios dos seus funcion\u00e1rios.<\/p>\n<p>Ali\u00e1s, \u00e9 importante notar que Petrolina cresceu em todos os aspectos relacionados \u00e0 gest\u00e3o municipal. Os \u00fanicos pontos que pioraram, e n\u00e3o permitiram que nossa cidade figurasse em um patamar ainda melhor, foram a seguran\u00e7a e o saneamento, n\u00e3o por coincid\u00eancia, ambos de responsabilidade do Governo do Estado.<\/p>\n<p>Posto isso, fica evidente que o discurso do atual prefeito \u00e9 s\u00f3 uma ret\u00f3rica falaciosa e que n\u00e3o encontra respaldo na realidade. Enquanto ele afirma ter recebido uma \u201cheran\u00e7a maldita\u201d, o Brasil inteiro agora sabe que, na verdade, ele recebeu de heran\u00e7a a melhor cidade do Nordeste para viver e administrar.<\/p>\n<p><strong>Julio L\u00f3ssio Filho<\/strong><\/p>\n","protected":false},"excerpt":{"rendered":"<p>&#8220;Nada melhor que o tempo e a luz da transpar\u00eancia para trazer \u00e0 tona as verdades que muitos insistem em esconder&#8221;. Desde que assumiu a Prefeitura de Petrolina, o prefeito Miguel Coelho tenta convencer as pessoas de que recebeu uma cidade em cen\u00e1rio de terra arrasada. Quem ouve as suas declara\u00e7\u00f5es, acha que Petrolina era a pior e mais desorganizada cidade do Brasil. Mas, como j\u00e1 dito, nada melhor que o sol para trazer luz aos comportamentos obscuros e, porque n\u00e3o dizer, irrespons\u00e1veis. Essa semana, a revista Exame trouxe uma pesquisa feita pela empresa Macroplan que coloca Petrolina como a melhor cidade do Nordeste para se viver e a 45\u00aa melhor do Brasil. Mais que isso, \u00e9 importante notar que&hellip; <\/p>\n","protected":false},"author":1,"featured_media":123905,"comment_status":"open","ping_status":"open","sticky":false,"template":"","format":"standard","meta":{"_acf_changed":false,"footnotes":""},"categories":[30],"tags":[],"class_list":["post-161002","post","type-post","status-publish","format-standard","has-post-thumbnail","hentry","category-artigo"],"acf":[],"yoast_head":"<!-- This site is optimized with the Yoast SEO plugin v27.4 - https:\/\/yoast.com\/product\/yoast-seo-wordpress\/ -->\n<title>&quot;DISCURSO DO ATUAL PREFEITO \u00c9 S\u00d3 UMA RET\u00d3RICA FALACIOSA&quot;, DIZ JULIO L\u00d3SSIO FILHO - Blog do Farn\u00e9sio<\/title>\n<meta name=\"robots\" content=\"index, follow, max-snippet:-1, max-image-preview:large, max-video-preview:-1\" \/>\n<link rel=\"canonical\" href=\"https:\/\/blogdofarnesio.com.br\/?p=161002\" \/>\n<meta property=\"og:locale\" content=\"pt_BR\" \/>\n<meta property=\"og:type\" content=\"article\" \/>\n<meta property=\"og:title\" content=\"&quot;DISCURSO DO ATUAL PREFEITO \u00c9 S\u00d3 UMA RET\u00d3RICA FALACIOSA&quot;, DIZ JULIO L\u00d3SSIO FILHO - Blog do Farn\u00e9sio\" \/>\n<meta property=\"og:description\" content=\"&#8220;Nada melhor que o tempo e a luz da transpar\u00eancia para trazer \u00e0 tona as verdades que muitos insistem em esconder&#8221;. Desde que assumiu a Prefeitura de Petrolina, o prefeito Miguel Coelho tenta convencer as pessoas de que recebeu uma cidade em cen\u00e1rio de terra arrasada. Quem ouve as suas declara\u00e7\u00f5es, acha que Petrolina era a pior e mais desorganizada cidade do Brasil. Mas, como j\u00e1 dito, nada melhor que o sol para trazer luz aos comportamentos obscuros e, porque n\u00e3o dizer, irrespons\u00e1veis. Essa semana, a revista Exame trouxe uma pesquisa feita pela empresa Macroplan que coloca Petrolina como a melhor cidade do Nordeste para se viver e a 45\u00aa melhor do Brasil. Mais que isso, \u00e9 importante notar que&hellip;\" \/>\n<meta property=\"og:url\" content=\"https:\/\/blogdofarnesio.com.br\/?p=161002\" \/>\n<meta property=\"og:site_name\" content=\"Blog do Farn\u00e9sio\" \/>\n<meta property=\"article:publisher\" content=\"https:\/\/www.facebook.com\/BlogQuerSaberPolitica\/\" \/>\n<meta property=\"article:published_time\" content=\"2017-03-14T10:00:25+00:00\" \/>\n<meta property=\"og:image\" content=\"https:\/\/blogdofarnesio.com.br\/wp-content\/uploads\/2015\/05\/Blogqspjulinho-e1489443494717.jpg\" \/>\n\t<meta property=\"og:image:width\" content=\"660\" \/>\n\t<meta property=\"og:image:height\" content=\"660\" \/>\n\t<meta property=\"og:image:type\" content=\"image\/jpeg\" \/>\n<meta name=\"author\" content=\"Farn\u00e9sio\" \/>\n<meta name=\"twitter:card\" content=\"summary_large_image\" \/>\n<meta name=\"twitter:label1\" content=\"Escrito por\" \/>\n\t<meta name=\"twitter:data1\" content=\"Farn\u00e9sio\" \/>\n\t<meta name=\"twitter:label2\" content=\"Est. tempo de leitura\" \/>\n\t<meta name=\"twitter:data2\" content=\"2 minutos\" \/>\n<script type=\"application\/ld+json\" class=\"yoast-schema-graph\">{\"@context\":\"https:\\\/\\\/schema.org\",\"@graph\":[{\"@type\":\"Article\",\"@id\":\"https:\\\/\\\/blogdofarnesio.com.br\\\/?p=161002#article\",\"isPartOf\":{\"@id\":\"https:\\\/\\\/blogdofarnesio.com.br\\\/?p=161002\"},\"author\":{\"name\":\"Farn\u00e9sio\",\"@id\":\"https:\\\/\\\/blogdofarnesio.com.br\\\/#\\\/schema\\\/person\\\/301c4acf522bccbfdb45af95b5b906a1\"},\"headline\":\"&#8220;DISCURSO DO ATUAL PREFEITO \u00c9 S\u00d3 UMA RET\u00d3RICA FALACIOSA&#8221;, DIZ JULIO L\u00d3SSIO FILHO\",\"datePublished\":\"2017-03-14T10:00:25+00:00\",\"mainEntityOfPage\":{\"@id\":\"https:\\\/\\\/blogdofarnesio.com.br\\\/?p=161002\"},\"wordCount\":509,\"commentCount\":0,\"publisher\":{\"@id\":\"https:\\\/\\\/blogdofarnesio.com.br\\\/#organization\"},\"image\":{\"@id\":\"https:\\\/\\\/blogdofarnesio.com.br\\\/?p=161002#primaryimage\"},\"thumbnailUrl\":\"https:\\\/\\\/blogdofarnesio.com.br\\\/wp-content\\\/uploads\\\/2015\\\/05\\\/Blogqspjulinho-e1489443494717.jpg\",\"articleSection\":[\"Artigo\"],\"inLanguage\":\"pt-BR\",\"potentialAction\":[{\"@type\":\"CommentAction\",\"name\":\"Comment\",\"target\":[\"https:\\\/\\\/blogdofarnesio.com.br\\\/?p=161002#respond\"]}]},{\"@type\":\"WebPage\",\"@id\":\"https:\\\/\\\/blogdofarnesio.com.br\\\/?p=161002\",\"url\":\"https:\\\/\\\/blogdofarnesio.com.br\\\/?p=161002\",\"name\":\"\\\"DISCURSO DO ATUAL PREFEITO \u00c9 S\u00d3 UMA RET\u00d3RICA FALACIOSA\\\", DIZ JULIO L\u00d3SSIO FILHO - Blog do Farn\u00e9sio\",\"isPartOf\":{\"@id\":\"https:\\\/\\\/blogdofarnesio.com.br\\\/#website\"},\"primaryImageOfPage\":{\"@id\":\"https:\\\/\\\/blogdofarnesio.com.br\\\/?p=161002#primaryimage\"},\"image\":{\"@id\":\"https:\\\/\\\/blogdofarnesio.com.br\\\/?p=161002#primaryimage\"},\"thumbnailUrl\":\"https:\\\/\\\/blogdofarnesio.com.br\\\/wp-content\\\/uploads\\\/2015\\\/05\\\/Blogqspjulinho-e1489443494717.jpg\",\"datePublished\":\"2017-03-14T10:00:25+00:00\",\"breadcrumb\":{\"@id\":\"https:\\\/\\\/blogdofarnesio.com.br\\\/?p=161002#breadcrumb\"},\"inLanguage\":\"pt-BR\",\"potentialAction\":[{\"@type\":\"ReadAction\",\"target\":[\"https:\\\/\\\/blogdofarnesio.com.br\\\/?p=161002\"]}]},{\"@type\":\"ImageObject\",\"inLanguage\":\"pt-BR\",\"@id\":\"https:\\\/\\\/blogdofarnesio.com.br\\\/?p=161002#primaryimage\",\"url\":\"https:\\\/\\\/blogdofarnesio.com.br\\\/wp-content\\\/uploads\\\/2015\\\/05\\\/Blogqspjulinho-e1489443494717.jpg\",\"contentUrl\":\"https:\\\/\\\/blogdofarnesio.com.br\\\/wp-content\\\/uploads\\\/2015\\\/05\\\/Blogqspjulinho-e1489443494717.jpg\",\"width\":660,\"height\":660},{\"@type\":\"BreadcrumbList\",\"@id\":\"https:\\\/\\\/blogdofarnesio.com.br\\\/?p=161002#breadcrumb\",\"itemListElement\":[{\"@type\":\"ListItem\",\"position\":1,\"name\":\"In\u00edcio\",\"item\":\"https:\\\/\\\/blogdofarnesio.com.br\\\/\"},{\"@type\":\"ListItem\",\"position\":2,\"name\":\"&#8220;DISCURSO DO ATUAL PREFEITO \u00c9 S\u00d3 UMA RET\u00d3RICA FALACIOSA&#8221;, DIZ JULIO L\u00d3SSIO FILHO\"}]},{\"@type\":\"WebSite\",\"@id\":\"https:\\\/\\\/blogdofarnesio.com.br\\\/#website\",\"url\":\"https:\\\/\\\/blogdofarnesio.com.br\\\/\",\"name\":\"Blog do Farn\u00e9sio\",\"description\":\"Quer Saber Pol\u00edtica?\",\"publisher\":{\"@id\":\"https:\\\/\\\/blogdofarnesio.com.br\\\/#organization\"},\"potentialAction\":[{\"@type\":\"SearchAction\",\"target\":{\"@type\":\"EntryPoint\",\"urlTemplate\":\"https:\\\/\\\/blogdofarnesio.com.br\\\/?s={search_term_string}\"},\"query-input\":{\"@type\":\"PropertyValueSpecification\",\"valueRequired\":true,\"valueName\":\"search_term_string\"}}],\"inLanguage\":\"pt-BR\"},{\"@type\":\"Organization\",\"@id\":\"https:\\\/\\\/blogdofarnesio.com.br\\\/#organization\",\"name\":\"Blog do Farn\u00e9sio\",\"url\":\"https:\\\/\\\/blogdofarnesio.com.br\\\/\",\"logo\":{\"@type\":\"ImageObject\",\"inLanguage\":\"pt-BR\",\"@id\":\"https:\\\/\\\/blogdofarnesio.com.br\\\/#\\\/schema\\\/logo\\\/image\\\/\",\"url\":\"https:\\\/\\\/blogdofarnesio.com.br\\\/wp-content\\\/uploads\\\/2026\\\/03\\\/cropped-logo_new-1.png\",\"contentUrl\":\"https:\\\/\\\/blogdofarnesio.com.br\\\/wp-content\\\/uploads\\\/2026\\\/03\\\/cropped-logo_new-1.png\",\"width\":881,\"height\":685,\"caption\":\"Blog do Farn\u00e9sio\"},\"image\":{\"@id\":\"https:\\\/\\\/blogdofarnesio.com.br\\\/#\\\/schema\\\/logo\\\/image\\\/\"},\"sameAs\":[\"https:\\\/\\\/www.facebook.com\\\/BlogQuerSaberPolitica\\\/\"]},{\"@type\":\"Person\",\"@id\":\"https:\\\/\\\/blogdofarnesio.com.br\\\/#\\\/schema\\\/person\\\/301c4acf522bccbfdb45af95b5b906a1\",\"name\":\"Farn\u00e9sio\",\"image\":{\"@type\":\"ImageObject\",\"inLanguage\":\"pt-BR\",\"@id\":\"https:\\\/\\\/secure.gravatar.com\\\/avatar\\\/df0c9a14567c056f8ad6876ba5bbd1e3e2c48023eb6807342fc4663adf549f38?s=96&d=mm&r=g\",\"url\":\"https:\\\/\\\/secure.gravatar.com\\\/avatar\\\/df0c9a14567c056f8ad6876ba5bbd1e3e2c48023eb6807342fc4663adf549f38?s=96&d=mm&r=g\",\"contentUrl\":\"https:\\\/\\\/secure.gravatar.com\\\/avatar\\\/df0c9a14567c056f8ad6876ba5bbd1e3e2c48023eb6807342fc4663adf549f38?s=96&d=mm&r=g\",\"caption\":\"Farn\u00e9sio\"},\"sameAs\":[\"https:\\\/\\\/quersaberpolitica.com.br\"],\"url\":\"https:\\\/\\\/blogdofarnesio.com.br\\\/?author=1\"}]}<\/script>\n<!-- \/ Yoast SEO plugin. -->","yoast_head_json":{"title":"\"DISCURSO DO ATUAL PREFEITO \u00c9 S\u00d3 UMA RET\u00d3RICA FALACIOSA\", DIZ JULIO L\u00d3SSIO FILHO - Blog do Farn\u00e9sio","robots":{"index":"index","follow":"follow","max-snippet":"max-snippet:-1","max-image-preview":"max-image-preview:large","max-video-preview":"max-video-preview:-1"},"canonical":"https:\/\/blogdofarnesio.com.br\/?p=161002","og_locale":"pt_BR","og_type":"article","og_title":"\"DISCURSO DO ATUAL PREFEITO \u00c9 S\u00d3 UMA RET\u00d3RICA FALACIOSA\", DIZ JULIO L\u00d3SSIO FILHO - Blog do Farn\u00e9sio","og_description":"&#8220;Nada melhor que o tempo e a luz da transpar\u00eancia para trazer \u00e0 tona as verdades que muitos insistem em esconder&#8221;. Desde que assumiu a Prefeitura de Petrolina, o prefeito Miguel Coelho tenta convencer as pessoas de que recebeu uma cidade em cen\u00e1rio de terra arrasada. Quem ouve as suas declara\u00e7\u00f5es, acha que Petrolina era a pior e mais desorganizada cidade do Brasil. Mas, como j\u00e1 dito, nada melhor que o sol para trazer luz aos comportamentos obscuros e, porque n\u00e3o dizer, irrespons\u00e1veis. Essa semana, a revista Exame trouxe uma pesquisa feita pela empresa Macroplan que coloca Petrolina como a melhor cidade do Nordeste para se viver e a 45\u00aa melhor do Brasil. Mais que isso, \u00e9 importante notar que&hellip;","og_url":"https:\/\/blogdofarnesio.com.br\/?p=161002","og_site_name":"Blog do Farn\u00e9sio","article_publisher":"https:\/\/www.facebook.com\/BlogQuerSaberPolitica\/","article_published_time":"2017-03-14T10:00:25+00:00","og_image":[{"width":660,"height":660,"url":"https:\/\/blogdofarnesio.com.br\/wp-content\/uploads\/2015\/05\/Blogqspjulinho-e1489443494717.jpg","type":"image\/jpeg"}],"author":"Farn\u00e9sio","twitter_card":"summary_large_image","twitter_misc":{"Escrito por":"Farn\u00e9sio","Est. tempo de leitura":"2 minutos"},"schema":{"@context":"https:\/\/schema.org","@graph":[{"@type":"Article","@id":"https:\/\/blogdofarnesio.com.br\/?p=161002#article","isPartOf":{"@id":"https:\/\/blogdofarnesio.com.br\/?p=161002"},"author":{"name":"Farn\u00e9sio","@id":"https:\/\/blogdofarnesio.com.br\/#\/schema\/person\/301c4acf522bccbfdb45af95b5b906a1"},"headline":"&#8220;DISCURSO DO ATUAL PREFEITO \u00c9 S\u00d3 UMA RET\u00d3RICA FALACIOSA&#8221;, DIZ JULIO L\u00d3SSIO FILHO","datePublished":"2017-03-14T10:00:25+00:00","mainEntityOfPage":{"@id":"https:\/\/blogdofarnesio.com.br\/?p=161002"},"wordCount":509,"commentCount":0,"publisher":{"@id":"https:\/\/blogdofarnesio.com.br\/#organization"},"image":{"@id":"https:\/\/blogdofarnesio.com.br\/?p=161002#primaryimage"},"thumbnailUrl":"https:\/\/blogdofarnesio.com.br\/wp-content\/uploads\/2015\/05\/Blogqspjulinho-e1489443494717.jpg","articleSection":["Artigo"],"inLanguage":"pt-BR","potentialAction":[{"@type":"CommentAction","name":"Comment","target":["https:\/\/blogdofarnesio.com.br\/?p=161002#respond"]}]},{"@type":"WebPage","@id":"https:\/\/blogdofarnesio.com.br\/?p=161002","url":"https:\/\/blogdofarnesio.com.br\/?p=161002","name":"\"DISCURSO DO ATUAL PREFEITO \u00c9 S\u00d3 UMA RET\u00d3RICA FALACIOSA\", DIZ JULIO L\u00d3SSIO FILHO - Blog do Farn\u00e9sio","isPartOf":{"@id":"https:\/\/blogdofarnesio.com.br\/#website"},"primaryImageOfPage":{"@id":"https:\/\/blogdofarnesio.com.br\/?p=161002#primaryimage"},"image":{"@id":"https:\/\/blogdofarnesio.com.br\/?p=161002#primaryimage"},"thumbnailUrl":"https:\/\/blogdofarnesio.com.br\/wp-content\/uploads\/2015\/05\/Blogqspjulinho-e1489443494717.jpg","datePublished":"2017-03-14T10:00:25+00:00","breadcrumb":{"@id":"https:\/\/blogdofarnesio.com.br\/?p=161002#breadcrumb"},"inLanguage":"pt-BR","potentialAction":[{"@type":"ReadAction","target":["https:\/\/blogdofarnesio.com.br\/?p=161002"]}]},{"@type":"ImageObject","inLanguage":"pt-BR","@id":"https:\/\/blogdofarnesio.com.br\/?p=161002#primaryimage","url":"https:\/\/blogdofarnesio.com.br\/wp-content\/uploads\/2015\/05\/Blogqspjulinho-e1489443494717.jpg","contentUrl":"https:\/\/blogdofarnesio.com.br\/wp-content\/uploads\/2015\/05\/Blogqspjulinho-e1489443494717.jpg","width":660,"height":660},{"@type":"BreadcrumbList","@id":"https:\/\/blogdofarnesio.com.br\/?p=161002#breadcrumb","itemListElement":[{"@type":"ListItem","position":1,"name":"In\u00edcio","item":"https:\/\/blogdofarnesio.com.br\/"},{"@type":"ListItem","position":2,"name":"&#8220;DISCURSO DO ATUAL PREFEITO \u00c9 S\u00d3 UMA RET\u00d3RICA FALACIOSA&#8221;, DIZ JULIO L\u00d3SSIO FILHO"}]},{"@type":"WebSite","@id":"https:\/\/blogdofarnesio.com.br\/#website","url":"https:\/\/blogdofarnesio.com.br\/","name":"Blog do Farn\u00e9sio","description":"Quer Saber Pol\u00edtica?","publisher":{"@id":"https:\/\/blogdofarnesio.com.br\/#organization"},"potentialAction":[{"@type":"SearchAction","target":{"@type":"EntryPoint","urlTemplate":"https:\/\/blogdofarnesio.com.br\/?s={search_term_string}"},"query-input":{"@type":"PropertyValueSpecification","valueRequired":true,"valueName":"search_term_string"}}],"inLanguage":"pt-BR"},{"@type":"Organization","@id":"https:\/\/blogdofarnesio.com.br\/#organization","name":"Blog do Farn\u00e9sio","url":"https:\/\/blogdofarnesio.com.br\/","logo":{"@type":"ImageObject","inLanguage":"pt-BR","@id":"https:\/\/blogdofarnesio.com.br\/#\/schema\/logo\/image\/","url":"https:\/\/blogdofarnesio.com.br\/wp-content\/uploads\/2026\/03\/cropped-logo_new-1.png","contentUrl":"https:\/\/blogdofarnesio.com.br\/wp-content\/uploads\/2026\/03\/cropped-logo_new-1.png","width":881,"height":685,"caption":"Blog do Farn\u00e9sio"},"image":{"@id":"https:\/\/blogdofarnesio.com.br\/#\/schema\/logo\/image\/"},"sameAs":["https:\/\/www.facebook.com\/BlogQuerSaberPolitica\/"]},{"@type":"Person","@id":"https:\/\/blogdofarnesio.com.br\/#\/schema\/person\/301c4acf522bccbfdb45af95b5b906a1","name":"Farn\u00e9sio","image":{"@type":"ImageObject","inLanguage":"pt-BR","@id":"https:\/\/secure.gravatar.com\/avatar\/df0c9a14567c056f8ad6876ba5bbd1e3e2c48023eb6807342fc4663adf549f38?s=96&d=mm&r=g","url":"https:\/\/secure.gravatar.com\/avatar\/df0c9a14567c056f8ad6876ba5bbd1e3e2c48023eb6807342fc4663adf549f38?s=96&d=mm&r=g","contentUrl":"https:\/\/secure.gravatar.com\/avatar\/df0c9a14567c056f8ad6876ba5bbd1e3e2c48023eb6807342fc4663adf549f38?s=96&d=mm&r=g","caption":"Farn\u00e9sio"},"sameAs":["https:\/\/quersaberpolitica.com.br"],"url":"https:\/\/blogdofarnesio.com.br\/?author=1"}]}},"_links":{"self":[{"href":"https:\/\/blogdofarnesio.com.br\/index.php?rest_route=\/wp\/v2\/posts\/161002","targetHints":{"allow":["GET"]}}],"collection":[{"href":"https:\/\/blogdofarnesio.com.br\/index.php?rest_route=\/wp\/v2\/posts"}],"about":[{"href":"https:\/\/blogdofarnesio.com.br\/index.php?rest_route=\/wp\/v2\/types\/post"}],"author":[{"embeddable":true,"href":"https:\/\/blogdofarnesio.com.br\/index.php?rest_route=\/wp\/v2\/users\/1"}],"replies":[{"embeddable":true,"href":"https:\/\/blogdofarnesio.com.br\/index.php?rest_route=%2Fwp%2Fv2%2Fcomments&post=161002"}],"version-history":[{"count":0,"href":"https:\/\/blogdofarnesio.com.br\/index.php?rest_route=\/wp\/v2\/posts\/161002\/revisions"}],"wp:featuredmedia":[{"embeddable":true,"href":"https:\/\/blogdofarnesio.com.br\/index.php?rest_route=\/wp\/v2\/media\/123905"}],"wp:attachment":[{"href":"https:\/\/blogdofarnesio.com.br\/index.php?rest_route=%2Fwp%2Fv2%2Fmedia&parent=161002"}],"wp:term":[{"taxonomy":"category","embeddable":true,"href":"https:\/\/blogdofarnesio.com.br\/index.php?rest_route=%2Fwp%2Fv2%2Fcategories&post=161002"},{"taxonomy":"post_tag","embeddable":true,"href":"https:\/\/blogdofarnesio.com.br\/index.php?rest_route=%2Fwp%2Fv2%2Ftags&post=161002"}],"curies":[{"name":"wp","href":"https:\/\/api.w.org\/{rel}","templated":true}]}}