{"id":160982,"date":"2017-03-13T17:41:01","date_gmt":"2017-03-13T20:41:01","guid":{"rendered":"http:\/\/quersaberpolitica.com.br\/2016\/?p=160982"},"modified":"2017-03-13T17:41:01","modified_gmt":"2017-03-13T20:41:01","slug":"ministro-alagoano-fala-em-mudanca-e-admite-ser-opcao-a-vergonha-de-renan","status":"publish","type":"post","link":"https:\/\/blogdofarnesio.com.br\/?p=160982","title":{"rendered":"MINISTRO ALAGOANO FALA EM MUDAN\u00c7A E ADMITE SER OP\u00c7\u00c3O \u00c0 &#8216;VERGONHA&#8217; DE RENAN"},"content":{"rendered":"<div class=\"font_b font_tt\"><\/div>\n<div class=\"row font_a b_not_shr\">\n<div class=\"col-md-4 col-lg-4 col-sm-4 col-xs-12\">Davi Soares<\/div>\n<div class=\"col-md-5 col-lg-5 col-sm-5 col-xs-12\">\u00a0<strong>BR 247<\/strong> &#8211; Nesse domingo (12), o ministro do Turismo Marx Beltr\u00e3o voltou a explicitar nas redes sociais o seu desejo de sair do PMDB, exaltando que teme \u201cficar parado no mesmo lugar\u201d. A publica\u00e7\u00e3o \u00e9 mais uma demonstra\u00e7\u00e3o de sua disposi\u00e7\u00e3o de deixar seu partido para poder ser uma nova alternativa \u00e0 reelei\u00e7\u00e3o do senador Renan Calheiros (PMDB-AL), que comanda seu partido em Alagoas.<\/div>\n<\/div>\n<div class=\"row change_font\">\n<div class=\"col-md-12 font_a popup-gallery\">\n<p>A postagem foi feita na v\u00e9spera do grande evento pol\u00edtico da manh\u00e3 desta segunda-feira (13), em que Marx Beltr\u00e3o apareceu na sede da Associa\u00e7\u00e3o dos Munic\u00edpios Alagoanos (AMA) ao lado daquele que tende a ser seu rival na disputa de 2018 pelas duas vagas no Senado. O evento conta com a presen\u00e7a do ministro da Integra\u00e7\u00e3o Nacional, Helder Barbalho, convidado pelo senador Renan para anunciar medidas contra a seca.<\/p>\n<p>A mensagem esclarece que nada muda na tend\u00eancia de Marx Beltr\u00e3o de trocar o PMDB pelo PSD ou por qualquer uma das outras tr\u00eas siglas que domina no Estado (PRB, PSC e Solidariedade). O ministro tem feito Renan entender que \u00e9 candidato a senador, independente do PMDB que o elegeu deputado federal em 2014.<\/p>\n<p><strong>&#8216;VERGONHA&#8217;<\/strong><\/p>\n<p>Quando elogiado pelo diretor da Defesa Civil de Santana do Ipanema, Tuca Maia, e exaltado como alternativa a senadores que &#8220;envergonham o povo alagoano&#8221;, Marx Beltr\u00e3o agradeceu e disse se sentir incentivado mais ainda a trabalhar, em resposta ao coment\u00e1rio da publica\u00e7\u00e3o, no Facebook.<\/p>\n<div class=\"b_not_img\"><strong><a title=\"\" href=\"http:\/\/diariodopoder.com.br\/style\/images\/images\/Marx%20Beltrao%20agradece%20elogio%20que%20expOe%20senadores%20como%20vergonha%20do%20povo%20-%20Facebook.jpg\"><img decoding=\"async\" class=\"b_not_img\" src=\"http:\/\/diariodopoder.com.br\/style\/images\/images\/Marx%20Beltrao%20agradece%20elogio%20que%20expOe%20senadores%20como%20vergonha%20do%20povo%20-%20Facebook.jpg\" \/><\/a><\/strong><\/p>\n<div><\/div>\n<\/div>\n<p>O senador r\u00e9u em a\u00e7\u00e3o penal no Supremo Tribunal Federal (STF) e multinvestigado na Opera\u00e7\u00e3o Lava Jato reage chamando Marx de amigo e &#8220;garantindo&#8221; a legenda para o partido ter dois candidatos. Mas ningu\u00e9m mais acredita nessa conversa do senador.<\/p>\n<div>\n<p>Enfim, de nada adiantar\u00e1 pose na foto ao lado do ministro, se seus eleitores, a classe pol\u00edtica e, principalmente, Renan, sabem que Marx Beltr\u00e3o n\u00e3o cr\u00ea mais na alian\u00e7a com quem pode vetar sua candidatura caso fique no PMDB, nem teme mais a velha t\u00e1tica de demonstra\u00e7\u00e3o de for\u00e7a pol\u00edtica para que desista de sua candidatura ao Senado.<\/p>\n<\/div>\n<\/div>\n<\/div>\n","protected":false},"excerpt":{"rendered":"<p>Davi Soares \u00a0BR 247 &#8211; Nesse domingo (12), o ministro do Turismo Marx Beltr\u00e3o voltou a explicitar nas redes sociais o seu desejo de sair do PMDB, exaltando que teme \u201cficar parado no mesmo lugar\u201d. A publica\u00e7\u00e3o \u00e9 mais uma demonstra\u00e7\u00e3o de sua disposi\u00e7\u00e3o de deixar seu partido para poder ser uma nova alternativa \u00e0 reelei\u00e7\u00e3o do senador Renan Calheiros (PMDB-AL), que comanda seu partido em Alagoas. A postagem foi feita na v\u00e9spera do grande evento pol\u00edtico da manh\u00e3 desta segunda-feira (13), em que Marx Beltr\u00e3o apareceu na sede da Associa\u00e7\u00e3o dos Munic\u00edpios Alagoanos (AMA) ao lado daquele que tende a ser seu rival na disputa de 2018 pelas duas vagas no Senado. O evento conta com a presen\u00e7a do&hellip; <\/p>\n","protected":false},"author":1,"featured_media":160983,"comment_status":"open","ping_status":"open","sticky":false,"template":"","format":"standard","meta":{"_acf_changed":false,"footnotes":""},"categories":[1],"tags":[],"class_list":["post-160982","post","type-post","status-publish","format-standard","has-post-thumbnail","hentry","category-politica"],"acf":[],"yoast_head":"<!-- This site is optimized with the Yoast SEO plugin v27.4 - https:\/\/yoast.com\/product\/yoast-seo-wordpress\/ -->\n<title>MINISTRO ALAGOANO FALA EM MUDAN\u00c7A E ADMITE SER OP\u00c7\u00c3O \u00c0 &#039;VERGONHA&#039; DE RENAN - Blog do Farn\u00e9sio<\/title>\n<meta name=\"robots\" content=\"index, follow, max-snippet:-1, max-image-preview:large, max-video-preview:-1\" \/>\n<link rel=\"canonical\" href=\"https:\/\/blogdofarnesio.com.br\/?p=160982\" \/>\n<meta property=\"og:locale\" content=\"pt_BR\" \/>\n<meta property=\"og:type\" content=\"article\" \/>\n<meta property=\"og:title\" content=\"MINISTRO ALAGOANO FALA EM MUDAN\u00c7A E ADMITE SER OP\u00c7\u00c3O \u00c0 &#039;VERGONHA&#039; DE RENAN - Blog do Farn\u00e9sio\" \/>\n<meta property=\"og:description\" content=\"Davi Soares \u00a0BR 247 &#8211; Nesse domingo (12), o ministro do Turismo Marx Beltr\u00e3o voltou a explicitar nas redes sociais o seu desejo de sair do PMDB, exaltando que teme \u201cficar parado no mesmo lugar\u201d. A publica\u00e7\u00e3o \u00e9 mais uma demonstra\u00e7\u00e3o de sua disposi\u00e7\u00e3o de deixar seu partido para poder ser uma nova alternativa \u00e0 reelei\u00e7\u00e3o do senador Renan Calheiros (PMDB-AL), que comanda seu partido em Alagoas. A postagem foi feita na v\u00e9spera do grande evento pol\u00edtico da manh\u00e3 desta segunda-feira (13), em que Marx Beltr\u00e3o apareceu na sede da Associa\u00e7\u00e3o dos Munic\u00edpios Alagoanos (AMA) ao lado daquele que tende a ser seu rival na disputa de 2018 pelas duas vagas no Senado. O evento conta com a presen\u00e7a do&hellip;\" \/>\n<meta property=\"og:url\" content=\"https:\/\/blogdofarnesio.com.br\/?p=160982\" \/>\n<meta property=\"og:site_name\" content=\"Blog do Farn\u00e9sio\" \/>\n<meta property=\"article:publisher\" content=\"https:\/\/www.facebook.com\/BlogQuerSaberPolitica\/\" \/>\n<meta property=\"article:published_time\" content=\"2017-03-13T20:41:01+00:00\" \/>\n<meta property=\"og:image\" content=\"https:\/\/blogdofarnesio.com.br\/wp-content\/uploads\/2017\/03\/blogqspMarx-Beltrao-reforca-disposicao-de-mudar-de-partido-para-disputar-senado-Facebook-e1489437637418.jpg\" \/>\n\t<meta property=\"og:image:width\" content=\"648\" \/>\n\t<meta property=\"og:image:height\" content=\"338\" \/>\n\t<meta property=\"og:image:type\" content=\"image\/jpeg\" \/>\n<meta name=\"author\" content=\"Farn\u00e9sio\" \/>\n<meta name=\"twitter:card\" content=\"summary_large_image\" \/>\n<meta name=\"twitter:label1\" content=\"Escrito por\" \/>\n\t<meta name=\"twitter:data1\" content=\"Farn\u00e9sio\" \/>\n\t<meta name=\"twitter:label2\" content=\"Est. tempo de leitura\" \/>\n\t<meta name=\"twitter:data2\" content=\"2 minutos\" \/>\n<script type=\"application\/ld+json\" class=\"yoast-schema-graph\">{\"@context\":\"https:\\\/\\\/schema.org\",\"@graph\":[{\"@type\":\"Article\",\"@id\":\"https:\\\/\\\/blogdofarnesio.com.br\\\/?p=160982#article\",\"isPartOf\":{\"@id\":\"https:\\\/\\\/blogdofarnesio.com.br\\\/?p=160982\"},\"author\":{\"name\":\"Farn\u00e9sio\",\"@id\":\"https:\\\/\\\/blogdofarnesio.com.br\\\/#\\\/schema\\\/person\\\/301c4acf522bccbfdb45af95b5b906a1\"},\"headline\":\"MINISTRO ALAGOANO FALA EM MUDAN\u00c7A E ADMITE SER OP\u00c7\u00c3O \u00c0 &#8216;VERGONHA&#8217; DE RENAN\",\"datePublished\":\"2017-03-13T20:41:01+00:00\",\"mainEntityOfPage\":{\"@id\":\"https:\\\/\\\/blogdofarnesio.com.br\\\/?p=160982\"},\"wordCount\":369,\"commentCount\":0,\"publisher\":{\"@id\":\"https:\\\/\\\/blogdofarnesio.com.br\\\/#organization\"},\"image\":{\"@id\":\"https:\\\/\\\/blogdofarnesio.com.br\\\/?p=160982#primaryimage\"},\"thumbnailUrl\":\"https:\\\/\\\/blogdofarnesio.com.br\\\/wp-content\\\/uploads\\\/2017\\\/03\\\/blogqspMarx-Beltrao-reforca-disposicao-de-mudar-de-partido-para-disputar-senado-Facebook-e1489437637418.jpg\",\"articleSection\":[\"Pol\u00edtica\"],\"inLanguage\":\"pt-BR\",\"potentialAction\":[{\"@type\":\"CommentAction\",\"name\":\"Comment\",\"target\":[\"https:\\\/\\\/blogdofarnesio.com.br\\\/?p=160982#respond\"]}]},{\"@type\":\"WebPage\",\"@id\":\"https:\\\/\\\/blogdofarnesio.com.br\\\/?p=160982\",\"url\":\"https:\\\/\\\/blogdofarnesio.com.br\\\/?p=160982\",\"name\":\"MINISTRO ALAGOANO FALA EM MUDAN\u00c7A E ADMITE SER OP\u00c7\u00c3O \u00c0 'VERGONHA' DE RENAN - Blog do Farn\u00e9sio\",\"isPartOf\":{\"@id\":\"https:\\\/\\\/blogdofarnesio.com.br\\\/#website\"},\"primaryImageOfPage\":{\"@id\":\"https:\\\/\\\/blogdofarnesio.com.br\\\/?p=160982#primaryimage\"},\"image\":{\"@id\":\"https:\\\/\\\/blogdofarnesio.com.br\\\/?p=160982#primaryimage\"},\"thumbnailUrl\":\"https:\\\/\\\/blogdofarnesio.com.br\\\/wp-content\\\/uploads\\\/2017\\\/03\\\/blogqspMarx-Beltrao-reforca-disposicao-de-mudar-de-partido-para-disputar-senado-Facebook-e1489437637418.jpg\",\"datePublished\":\"2017-03-13T20:41:01+00:00\",\"breadcrumb\":{\"@id\":\"https:\\\/\\\/blogdofarnesio.com.br\\\/?p=160982#breadcrumb\"},\"inLanguage\":\"pt-BR\",\"potentialAction\":[{\"@type\":\"ReadAction\",\"target\":[\"https:\\\/\\\/blogdofarnesio.com.br\\\/?p=160982\"]}]},{\"@type\":\"ImageObject\",\"inLanguage\":\"pt-BR\",\"@id\":\"https:\\\/\\\/blogdofarnesio.com.br\\\/?p=160982#primaryimage\",\"url\":\"https:\\\/\\\/blogdofarnesio.com.br\\\/wp-content\\\/uploads\\\/2017\\\/03\\\/blogqspMarx-Beltrao-reforca-disposicao-de-mudar-de-partido-para-disputar-senado-Facebook-e1489437637418.jpg\",\"contentUrl\":\"https:\\\/\\\/blogdofarnesio.com.br\\\/wp-content\\\/uploads\\\/2017\\\/03\\\/blogqspMarx-Beltrao-reforca-disposicao-de-mudar-de-partido-para-disputar-senado-Facebook-e1489437637418.jpg\",\"width\":648,\"height\":338},{\"@type\":\"BreadcrumbList\",\"@id\":\"https:\\\/\\\/blogdofarnesio.com.br\\\/?p=160982#breadcrumb\",\"itemListElement\":[{\"@type\":\"ListItem\",\"position\":1,\"name\":\"In\u00edcio\",\"item\":\"https:\\\/\\\/blogdofarnesio.com.br\\\/\"},{\"@type\":\"ListItem\",\"position\":2,\"name\":\"MINISTRO ALAGOANO FALA EM MUDAN\u00c7A E ADMITE SER OP\u00c7\u00c3O \u00c0 &#8216;VERGONHA&#8217; DE RENAN\"}]},{\"@type\":\"WebSite\",\"@id\":\"https:\\\/\\\/blogdofarnesio.com.br\\\/#website\",\"url\":\"https:\\\/\\\/blogdofarnesio.com.br\\\/\",\"name\":\"Blog do Farn\u00e9sio\",\"description\":\"Quer Saber Pol\u00edtica?\",\"publisher\":{\"@id\":\"https:\\\/\\\/blogdofarnesio.com.br\\\/#organization\"},\"potentialAction\":[{\"@type\":\"SearchAction\",\"target\":{\"@type\":\"EntryPoint\",\"urlTemplate\":\"https:\\\/\\\/blogdofarnesio.com.br\\\/?s={search_term_string}\"},\"query-input\":{\"@type\":\"PropertyValueSpecification\",\"valueRequired\":true,\"valueName\":\"search_term_string\"}}],\"inLanguage\":\"pt-BR\"},{\"@type\":\"Organization\",\"@id\":\"https:\\\/\\\/blogdofarnesio.com.br\\\/#organization\",\"name\":\"Blog do Farn\u00e9sio\",\"url\":\"https:\\\/\\\/blogdofarnesio.com.br\\\/\",\"logo\":{\"@type\":\"ImageObject\",\"inLanguage\":\"pt-BR\",\"@id\":\"https:\\\/\\\/blogdofarnesio.com.br\\\/#\\\/schema\\\/logo\\\/image\\\/\",\"url\":\"https:\\\/\\\/blogdofarnesio.com.br\\\/wp-content\\\/uploads\\\/2026\\\/03\\\/cropped-logo_new-1.png\",\"contentUrl\":\"https:\\\/\\\/blogdofarnesio.com.br\\\/wp-content\\\/uploads\\\/2026\\\/03\\\/cropped-logo_new-1.png\",\"width\":881,\"height\":685,\"caption\":\"Blog do Farn\u00e9sio\"},\"image\":{\"@id\":\"https:\\\/\\\/blogdofarnesio.com.br\\\/#\\\/schema\\\/logo\\\/image\\\/\"},\"sameAs\":[\"https:\\\/\\\/www.facebook.com\\\/BlogQuerSaberPolitica\\\/\"]},{\"@type\":\"Person\",\"@id\":\"https:\\\/\\\/blogdofarnesio.com.br\\\/#\\\/schema\\\/person\\\/301c4acf522bccbfdb45af95b5b906a1\",\"name\":\"Farn\u00e9sio\",\"image\":{\"@type\":\"ImageObject\",\"inLanguage\":\"pt-BR\",\"@id\":\"https:\\\/\\\/secure.gravatar.com\\\/avatar\\\/df0c9a14567c056f8ad6876ba5bbd1e3e2c48023eb6807342fc4663adf549f38?s=96&d=mm&r=g\",\"url\":\"https:\\\/\\\/secure.gravatar.com\\\/avatar\\\/df0c9a14567c056f8ad6876ba5bbd1e3e2c48023eb6807342fc4663adf549f38?s=96&d=mm&r=g\",\"contentUrl\":\"https:\\\/\\\/secure.gravatar.com\\\/avatar\\\/df0c9a14567c056f8ad6876ba5bbd1e3e2c48023eb6807342fc4663adf549f38?s=96&d=mm&r=g\",\"caption\":\"Farn\u00e9sio\"},\"sameAs\":[\"https:\\\/\\\/quersaberpolitica.com.br\"],\"url\":\"https:\\\/\\\/blogdofarnesio.com.br\\\/?author=1\"}]}<\/script>\n<!-- \/ Yoast SEO plugin. -->","yoast_head_json":{"title":"MINISTRO ALAGOANO FALA EM MUDAN\u00c7A E ADMITE SER OP\u00c7\u00c3O \u00c0 'VERGONHA' DE RENAN - Blog do Farn\u00e9sio","robots":{"index":"index","follow":"follow","max-snippet":"max-snippet:-1","max-image-preview":"max-image-preview:large","max-video-preview":"max-video-preview:-1"},"canonical":"https:\/\/blogdofarnesio.com.br\/?p=160982","og_locale":"pt_BR","og_type":"article","og_title":"MINISTRO ALAGOANO FALA EM MUDAN\u00c7A E ADMITE SER OP\u00c7\u00c3O \u00c0 'VERGONHA' DE RENAN - Blog do Farn\u00e9sio","og_description":"Davi Soares \u00a0BR 247 &#8211; Nesse domingo (12), o ministro do Turismo Marx Beltr\u00e3o voltou a explicitar nas redes sociais o seu desejo de sair do PMDB, exaltando que teme \u201cficar parado no mesmo lugar\u201d. A publica\u00e7\u00e3o \u00e9 mais uma demonstra\u00e7\u00e3o de sua disposi\u00e7\u00e3o de deixar seu partido para poder ser uma nova alternativa \u00e0 reelei\u00e7\u00e3o do senador Renan Calheiros (PMDB-AL), que comanda seu partido em Alagoas. A postagem foi feita na v\u00e9spera do grande evento pol\u00edtico da manh\u00e3 desta segunda-feira (13), em que Marx Beltr\u00e3o apareceu na sede da Associa\u00e7\u00e3o dos Munic\u00edpios Alagoanos (AMA) ao lado daquele que tende a ser seu rival na disputa de 2018 pelas duas vagas no Senado. O evento conta com a presen\u00e7a do&hellip;","og_url":"https:\/\/blogdofarnesio.com.br\/?p=160982","og_site_name":"Blog do Farn\u00e9sio","article_publisher":"https:\/\/www.facebook.com\/BlogQuerSaberPolitica\/","article_published_time":"2017-03-13T20:41:01+00:00","og_image":[{"width":648,"height":338,"url":"https:\/\/blogdofarnesio.com.br\/wp-content\/uploads\/2017\/03\/blogqspMarx-Beltrao-reforca-disposicao-de-mudar-de-partido-para-disputar-senado-Facebook-e1489437637418.jpg","type":"image\/jpeg"}],"author":"Farn\u00e9sio","twitter_card":"summary_large_image","twitter_misc":{"Escrito por":"Farn\u00e9sio","Est. tempo de leitura":"2 minutos"},"schema":{"@context":"https:\/\/schema.org","@graph":[{"@type":"Article","@id":"https:\/\/blogdofarnesio.com.br\/?p=160982#article","isPartOf":{"@id":"https:\/\/blogdofarnesio.com.br\/?p=160982"},"author":{"name":"Farn\u00e9sio","@id":"https:\/\/blogdofarnesio.com.br\/#\/schema\/person\/301c4acf522bccbfdb45af95b5b906a1"},"headline":"MINISTRO ALAGOANO FALA EM MUDAN\u00c7A E ADMITE SER OP\u00c7\u00c3O \u00c0 &#8216;VERGONHA&#8217; DE RENAN","datePublished":"2017-03-13T20:41:01+00:00","mainEntityOfPage":{"@id":"https:\/\/blogdofarnesio.com.br\/?p=160982"},"wordCount":369,"commentCount":0,"publisher":{"@id":"https:\/\/blogdofarnesio.com.br\/#organization"},"image":{"@id":"https:\/\/blogdofarnesio.com.br\/?p=160982#primaryimage"},"thumbnailUrl":"https:\/\/blogdofarnesio.com.br\/wp-content\/uploads\/2017\/03\/blogqspMarx-Beltrao-reforca-disposicao-de-mudar-de-partido-para-disputar-senado-Facebook-e1489437637418.jpg","articleSection":["Pol\u00edtica"],"inLanguage":"pt-BR","potentialAction":[{"@type":"CommentAction","name":"Comment","target":["https:\/\/blogdofarnesio.com.br\/?p=160982#respond"]}]},{"@type":"WebPage","@id":"https:\/\/blogdofarnesio.com.br\/?p=160982","url":"https:\/\/blogdofarnesio.com.br\/?p=160982","name":"MINISTRO ALAGOANO FALA EM MUDAN\u00c7A E ADMITE SER OP\u00c7\u00c3O \u00c0 'VERGONHA' DE RENAN - Blog do Farn\u00e9sio","isPartOf":{"@id":"https:\/\/blogdofarnesio.com.br\/#website"},"primaryImageOfPage":{"@id":"https:\/\/blogdofarnesio.com.br\/?p=160982#primaryimage"},"image":{"@id":"https:\/\/blogdofarnesio.com.br\/?p=160982#primaryimage"},"thumbnailUrl":"https:\/\/blogdofarnesio.com.br\/wp-content\/uploads\/2017\/03\/blogqspMarx-Beltrao-reforca-disposicao-de-mudar-de-partido-para-disputar-senado-Facebook-e1489437637418.jpg","datePublished":"2017-03-13T20:41:01+00:00","breadcrumb":{"@id":"https:\/\/blogdofarnesio.com.br\/?p=160982#breadcrumb"},"inLanguage":"pt-BR","potentialAction":[{"@type":"ReadAction","target":["https:\/\/blogdofarnesio.com.br\/?p=160982"]}]},{"@type":"ImageObject","inLanguage":"pt-BR","@id":"https:\/\/blogdofarnesio.com.br\/?p=160982#primaryimage","url":"https:\/\/blogdofarnesio.com.br\/wp-content\/uploads\/2017\/03\/blogqspMarx-Beltrao-reforca-disposicao-de-mudar-de-partido-para-disputar-senado-Facebook-e1489437637418.jpg","contentUrl":"https:\/\/blogdofarnesio.com.br\/wp-content\/uploads\/2017\/03\/blogqspMarx-Beltrao-reforca-disposicao-de-mudar-de-partido-para-disputar-senado-Facebook-e1489437637418.jpg","width":648,"height":338},{"@type":"BreadcrumbList","@id":"https:\/\/blogdofarnesio.com.br\/?p=160982#breadcrumb","itemListElement":[{"@type":"ListItem","position":1,"name":"In\u00edcio","item":"https:\/\/blogdofarnesio.com.br\/"},{"@type":"ListItem","position":2,"name":"MINISTRO ALAGOANO FALA EM MUDAN\u00c7A E ADMITE SER OP\u00c7\u00c3O \u00c0 &#8216;VERGONHA&#8217; DE RENAN"}]},{"@type":"WebSite","@id":"https:\/\/blogdofarnesio.com.br\/#website","url":"https:\/\/blogdofarnesio.com.br\/","name":"Blog do Farn\u00e9sio","description":"Quer Saber Pol\u00edtica?","publisher":{"@id":"https:\/\/blogdofarnesio.com.br\/#organization"},"potentialAction":[{"@type":"SearchAction","target":{"@type":"EntryPoint","urlTemplate":"https:\/\/blogdofarnesio.com.br\/?s={search_term_string}"},"query-input":{"@type":"PropertyValueSpecification","valueRequired":true,"valueName":"search_term_string"}}],"inLanguage":"pt-BR"},{"@type":"Organization","@id":"https:\/\/blogdofarnesio.com.br\/#organization","name":"Blog do Farn\u00e9sio","url":"https:\/\/blogdofarnesio.com.br\/","logo":{"@type":"ImageObject","inLanguage":"pt-BR","@id":"https:\/\/blogdofarnesio.com.br\/#\/schema\/logo\/image\/","url":"https:\/\/blogdofarnesio.com.br\/wp-content\/uploads\/2026\/03\/cropped-logo_new-1.png","contentUrl":"https:\/\/blogdofarnesio.com.br\/wp-content\/uploads\/2026\/03\/cropped-logo_new-1.png","width":881,"height":685,"caption":"Blog do Farn\u00e9sio"},"image":{"@id":"https:\/\/blogdofarnesio.com.br\/#\/schema\/logo\/image\/"},"sameAs":["https:\/\/www.facebook.com\/BlogQuerSaberPolitica\/"]},{"@type":"Person","@id":"https:\/\/blogdofarnesio.com.br\/#\/schema\/person\/301c4acf522bccbfdb45af95b5b906a1","name":"Farn\u00e9sio","image":{"@type":"ImageObject","inLanguage":"pt-BR","@id":"https:\/\/secure.gravatar.com\/avatar\/df0c9a14567c056f8ad6876ba5bbd1e3e2c48023eb6807342fc4663adf549f38?s=96&d=mm&r=g","url":"https:\/\/secure.gravatar.com\/avatar\/df0c9a14567c056f8ad6876ba5bbd1e3e2c48023eb6807342fc4663adf549f38?s=96&d=mm&r=g","contentUrl":"https:\/\/secure.gravatar.com\/avatar\/df0c9a14567c056f8ad6876ba5bbd1e3e2c48023eb6807342fc4663adf549f38?s=96&d=mm&r=g","caption":"Farn\u00e9sio"},"sameAs":["https:\/\/quersaberpolitica.com.br"],"url":"https:\/\/blogdofarnesio.com.br\/?author=1"}]}},"_links":{"self":[{"href":"https:\/\/blogdofarnesio.com.br\/index.php?rest_route=\/wp\/v2\/posts\/160982","targetHints":{"allow":["GET"]}}],"collection":[{"href":"https:\/\/blogdofarnesio.com.br\/index.php?rest_route=\/wp\/v2\/posts"}],"about":[{"href":"https:\/\/blogdofarnesio.com.br\/index.php?rest_route=\/wp\/v2\/types\/post"}],"author":[{"embeddable":true,"href":"https:\/\/blogdofarnesio.com.br\/index.php?rest_route=\/wp\/v2\/users\/1"}],"replies":[{"embeddable":true,"href":"https:\/\/blogdofarnesio.com.br\/index.php?rest_route=%2Fwp%2Fv2%2Fcomments&post=160982"}],"version-history":[{"count":0,"href":"https:\/\/blogdofarnesio.com.br\/index.php?rest_route=\/wp\/v2\/posts\/160982\/revisions"}],"wp:featuredmedia":[{"embeddable":true,"href":"https:\/\/blogdofarnesio.com.br\/index.php?rest_route=\/wp\/v2\/media\/160983"}],"wp:attachment":[{"href":"https:\/\/blogdofarnesio.com.br\/index.php?rest_route=%2Fwp%2Fv2%2Fmedia&parent=160982"}],"wp:term":[{"taxonomy":"category","embeddable":true,"href":"https:\/\/blogdofarnesio.com.br\/index.php?rest_route=%2Fwp%2Fv2%2Fcategories&post=160982"},{"taxonomy":"post_tag","embeddable":true,"href":"https:\/\/blogdofarnesio.com.br\/index.php?rest_route=%2Fwp%2Fv2%2Ftags&post=160982"}],"curies":[{"name":"wp","href":"https:\/\/api.w.org\/{rel}","templated":true}]}}