{"id":160668,"date":"2017-03-13T14:30:36","date_gmt":"2017-03-13T17:30:36","guid":{"rendered":"http:\/\/quersaberpolitica.com.br\/2016\/?p=160668"},"modified":"2017-03-13T09:50:05","modified_gmt":"2017-03-13T12:50:05","slug":"odacy-amorim-se-reune-com-servidores-do-hemope-que-reclamam-das-condicoes-de-trabalho-do-orgao-em-petrolina","status":"publish","type":"post","link":"https:\/\/blogdofarnesio.com.br\/?p=160668","title":{"rendered":"ODACY AMORIM SE RE\u00daNE COM SERVIDORES DO HEMOPE QUE RECLAMAM DAS CONDI\u00c7\u00d5ES DE TRABALHO DO \u00d3RG\u00c3O EM PETROLINA"},"content":{"rendered":"<p style=\"text-align: justify;\">Ac\u00famulo de fun\u00e7\u00f5es, falta de climatiza\u00e7\u00e3o, anota\u00e7\u00f5es manuais, queda de energia el\u00e9trica, redu\u00e7\u00e3o de atendimento por falta de condi\u00e7\u00f5es de trabalho e a espera de um sistema de informatiza\u00e7\u00e3o. Esta \u00e9 a realidade apresentada pelos servidores da Funda\u00e7\u00e3o Centro de Hematologia e Hemoterapia de Pernambuco, (Hemope) em Petrolina, no Sert\u00e3o do Estado.<\/p>\n<p style=\"text-align: justify;\">As informa\u00e7\u00f5es sobre a precariedade do Hemope foram repassadaspelos servidores e prestadores de servi\u00e7os daquela unidade, durante uma reuni\u00e3o nesta semana com o vice-presidente da Comiss\u00e3o de Sa\u00fade e Assist\u00eancia Social na Assembleia Legislativa de Pernambuco, (Alepe), deputado estadual, Odacy Amorim (PT-PE).<\/p>\n<p style=\"text-align: justify;\">Inaugurado em 11 de abril de 1990, o Hemope Petrolina desenvolve a\u00e7\u00f5es de sa\u00fade na \u00e1rea do sangue na regi\u00e3o do S\u00e3o Francisco, a miss\u00e3o do \u00f3rg\u00e3o \u00e9 atender com qualidade as necessidades da popula\u00e7\u00e3o em transfus\u00e3o sangu\u00ednea bem como a realiza\u00e7\u00e3o de diagn\u00f3stico e tratamento das doen\u00e7as do sangue, mas na opini\u00e3o dos servidores cumprir tais demandas na Calif\u00f3rnia sertaneja, tem sido um grande desafio.<\/p>\n<p style=\"text-align: justify;\">\u201cAqui \u00e9 tudo antigo a gente precisa de muitas melhorias, a rede de cabeamento e informatiza\u00e7\u00e3o nunca saiu, temos hoje mais de 100 mil fichas em arquivo de papel para as meninas pesquisarem toda vez que chega um doador, e isso atrasa muito o atendimento, tanto \u00e9 que a gente teve que limitar o atendimento ao p\u00fablico em Petrolina, porque a gente n\u00e3o estava dando conta\u201d, afirmou uma das servidoras, que reclamou ainda do quadro reduzido de funcion\u00e1rios e da falta de incentivos financeiros do Governo do Estado de Pernambuco.<\/p>\n<p style=\"text-align: justify;\">O deputado Odacy Amorim fez as devidas anota\u00e7\u00f5es das solicita\u00e7\u00f5es apresentadas pelos servidores e se comprometeu em levar o assunto para uma ampla discuss\u00e3o na Alepe em busca da melhoria do atendimento no Hemope.<\/p>\n<p style=\"text-align: justify;\">\u201cObservei que o Hemope n\u00e3o tem um gerador de energia e isso compromete o trabalho daquele \u00f3rg\u00e3o.Vamos ter uma reuni\u00e3o com o pessoal do Recife, ligados a Funda\u00e7\u00e3o Hemope para passar um relat\u00f3rio das necessidades da unidade em Petrolina, al\u00e9m disso, defenderei na Alepe a quest\u00e3o do Plano de Cargos e Sal\u00e1rios e insalubridades para os funcion\u00e1rios e plantonistas daquele \u00f3rg\u00e3o estadual que est\u00e3o sem receber os incentivos financeiros do Governo, esperamos que possamos mudar essa triste realidade no Hemope do Sert\u00e3o\u201d, assegurou o deputado Odacy Amorim.<\/p>\n<p style=\"text-align: justify;\">Os servidores relataram ainda que por falta de equipamentos, a Funda\u00e7\u00e3o Centro de Hematologia e Hemoterapia de Pernambuco, (Hemope) em Petrolina, realiza um rodizio dos sangues doados conservados em geladeiras, mas por problemas na rede el\u00e9trica, o material \u00e0s vezes \u00e9 perdido e os doadores s\u00e3o convocados para irem ao \u00f3rg\u00e3o nos plant\u00f5es de final de semana.<\/p>\n","protected":false},"excerpt":{"rendered":"<p>Ac\u00famulo de fun\u00e7\u00f5es, falta de climatiza\u00e7\u00e3o, anota\u00e7\u00f5es manuais, queda de energia el\u00e9trica, redu\u00e7\u00e3o de atendimento por falta de condi\u00e7\u00f5es de trabalho e a espera de um sistema de informatiza\u00e7\u00e3o. Esta \u00e9 a realidade apresentada pelos servidores da Funda\u00e7\u00e3o Centro de Hematologia e Hemoterapia de Pernambuco, (Hemope) em Petrolina, no Sert\u00e3o do Estado. As informa\u00e7\u00f5es sobre a precariedade do Hemope foram repassadaspelos servidores e prestadores de servi\u00e7os daquela unidade, durante uma reuni\u00e3o nesta semana com o vice-presidente da Comiss\u00e3o de Sa\u00fade e Assist\u00eancia Social na Assembleia Legislativa de Pernambuco, (Alepe), deputado estadual, Odacy Amorim (PT-PE). Inaugurado em 11 de abril de 1990, o Hemope Petrolina desenvolve a\u00e7\u00f5es de sa\u00fade na \u00e1rea do sangue na regi\u00e3o do S\u00e3o Francisco, a miss\u00e3o do&hellip; <\/p>\n","protected":false},"author":1,"featured_media":160669,"comment_status":"open","ping_status":"open","sticky":false,"template":"","format":"standard","meta":{"_acf_changed":false,"footnotes":""},"categories":[44,1],"tags":[],"class_list":["post-160668","post","type-post","status-publish","format-standard","has-post-thumbnail","hentry","category-administracao","category-politica"],"acf":[],"yoast_head":"<!-- This site is optimized with the Yoast SEO plugin v27.4 - https:\/\/yoast.com\/product\/yoast-seo-wordpress\/ -->\n<title>ODACY AMORIM SE RE\u00daNE COM SERVIDORES DO HEMOPE QUE RECLAMAM DAS CONDI\u00c7\u00d5ES DE TRABALHO DO \u00d3RG\u00c3O EM PETROLINA - Blog do Farn\u00e9sio<\/title>\n<meta name=\"robots\" content=\"index, follow, max-snippet:-1, max-image-preview:large, max-video-preview:-1\" \/>\n<link rel=\"canonical\" href=\"https:\/\/blogdofarnesio.com.br\/?p=160668\" \/>\n<meta property=\"og:locale\" content=\"pt_BR\" \/>\n<meta property=\"og:type\" content=\"article\" \/>\n<meta property=\"og:title\" content=\"ODACY AMORIM SE RE\u00daNE COM SERVIDORES DO HEMOPE QUE RECLAMAM DAS CONDI\u00c7\u00d5ES DE TRABALHO DO \u00d3RG\u00c3O EM PETROLINA - Blog do Farn\u00e9sio\" \/>\n<meta property=\"og:description\" content=\"Ac\u00famulo de fun\u00e7\u00f5es, falta de climatiza\u00e7\u00e3o, anota\u00e7\u00f5es manuais, queda de energia el\u00e9trica, redu\u00e7\u00e3o de atendimento por falta de condi\u00e7\u00f5es de trabalho e a espera de um sistema de informatiza\u00e7\u00e3o. Esta \u00e9 a realidade apresentada pelos servidores da Funda\u00e7\u00e3o Centro de Hematologia e Hemoterapia de Pernambuco, (Hemope) em Petrolina, no Sert\u00e3o do Estado. As informa\u00e7\u00f5es sobre a precariedade do Hemope foram repassadaspelos servidores e prestadores de servi\u00e7os daquela unidade, durante uma reuni\u00e3o nesta semana com o vice-presidente da Comiss\u00e3o de Sa\u00fade e Assist\u00eancia Social na Assembleia Legislativa de Pernambuco, (Alepe), deputado estadual, Odacy Amorim (PT-PE). Inaugurado em 11 de abril de 1990, o Hemope Petrolina desenvolve a\u00e7\u00f5es de sa\u00fade na \u00e1rea do sangue na regi\u00e3o do S\u00e3o Francisco, a miss\u00e3o do&hellip;\" \/>\n<meta property=\"og:url\" content=\"https:\/\/blogdofarnesio.com.br\/?p=160668\" \/>\n<meta property=\"og:site_name\" content=\"Blog do Farn\u00e9sio\" \/>\n<meta property=\"article:publisher\" content=\"https:\/\/www.facebook.com\/BlogQuerSaberPolitica\/\" \/>\n<meta property=\"article:published_time\" content=\"2017-03-13T17:30:36+00:00\" \/>\n<meta property=\"og:image\" content=\"https:\/\/blogdofarnesio.com.br\/wp-content\/uploads\/2017\/03\/blogqsp-odacy-e1489409393343.jpg\" \/>\n\t<meta property=\"og:image:width\" content=\"600\" \/>\n\t<meta property=\"og:image:height\" content=\"400\" \/>\n\t<meta property=\"og:image:type\" content=\"image\/jpeg\" \/>\n<meta name=\"author\" content=\"Farn\u00e9sio\" \/>\n<meta name=\"twitter:card\" content=\"summary_large_image\" \/>\n<meta name=\"twitter:label1\" content=\"Escrito por\" \/>\n\t<meta name=\"twitter:data1\" content=\"Farn\u00e9sio\" \/>\n\t<meta name=\"twitter:label2\" content=\"Est. tempo de leitura\" \/>\n\t<meta name=\"twitter:data2\" content=\"2 minutos\" \/>\n<script type=\"application\/ld+json\" class=\"yoast-schema-graph\">{\"@context\":\"https:\\\/\\\/schema.org\",\"@graph\":[{\"@type\":\"Article\",\"@id\":\"https:\\\/\\\/blogdofarnesio.com.br\\\/?p=160668#article\",\"isPartOf\":{\"@id\":\"https:\\\/\\\/blogdofarnesio.com.br\\\/?p=160668\"},\"author\":{\"name\":\"Farn\u00e9sio\",\"@id\":\"https:\\\/\\\/blogdofarnesio.com.br\\\/#\\\/schema\\\/person\\\/301c4acf522bccbfdb45af95b5b906a1\"},\"headline\":\"ODACY AMORIM SE RE\u00daNE COM SERVIDORES DO HEMOPE QUE RECLAMAM DAS CONDI\u00c7\u00d5ES DE TRABALHO DO \u00d3RG\u00c3O EM PETROLINA\",\"datePublished\":\"2017-03-13T17:30:36+00:00\",\"mainEntityOfPage\":{\"@id\":\"https:\\\/\\\/blogdofarnesio.com.br\\\/?p=160668\"},\"wordCount\":496,\"commentCount\":0,\"publisher\":{\"@id\":\"https:\\\/\\\/blogdofarnesio.com.br\\\/#organization\"},\"image\":{\"@id\":\"https:\\\/\\\/blogdofarnesio.com.br\\\/?p=160668#primaryimage\"},\"thumbnailUrl\":\"https:\\\/\\\/blogdofarnesio.com.br\\\/wp-content\\\/uploads\\\/2017\\\/03\\\/blogqsp-odacy-e1489409393343.jpg\",\"articleSection\":[\"Administra\u00e7\u00e3o\",\"Pol\u00edtica\"],\"inLanguage\":\"pt-BR\",\"potentialAction\":[{\"@type\":\"CommentAction\",\"name\":\"Comment\",\"target\":[\"https:\\\/\\\/blogdofarnesio.com.br\\\/?p=160668#respond\"]}]},{\"@type\":\"WebPage\",\"@id\":\"https:\\\/\\\/blogdofarnesio.com.br\\\/?p=160668\",\"url\":\"https:\\\/\\\/blogdofarnesio.com.br\\\/?p=160668\",\"name\":\"ODACY AMORIM SE RE\u00daNE COM SERVIDORES DO HEMOPE QUE RECLAMAM DAS CONDI\u00c7\u00d5ES DE TRABALHO DO \u00d3RG\u00c3O EM PETROLINA - Blog do Farn\u00e9sio\",\"isPartOf\":{\"@id\":\"https:\\\/\\\/blogdofarnesio.com.br\\\/#website\"},\"primaryImageOfPage\":{\"@id\":\"https:\\\/\\\/blogdofarnesio.com.br\\\/?p=160668#primaryimage\"},\"image\":{\"@id\":\"https:\\\/\\\/blogdofarnesio.com.br\\\/?p=160668#primaryimage\"},\"thumbnailUrl\":\"https:\\\/\\\/blogdofarnesio.com.br\\\/wp-content\\\/uploads\\\/2017\\\/03\\\/blogqsp-odacy-e1489409393343.jpg\",\"datePublished\":\"2017-03-13T17:30:36+00:00\",\"breadcrumb\":{\"@id\":\"https:\\\/\\\/blogdofarnesio.com.br\\\/?p=160668#breadcrumb\"},\"inLanguage\":\"pt-BR\",\"potentialAction\":[{\"@type\":\"ReadAction\",\"target\":[\"https:\\\/\\\/blogdofarnesio.com.br\\\/?p=160668\"]}]},{\"@type\":\"ImageObject\",\"inLanguage\":\"pt-BR\",\"@id\":\"https:\\\/\\\/blogdofarnesio.com.br\\\/?p=160668#primaryimage\",\"url\":\"https:\\\/\\\/blogdofarnesio.com.br\\\/wp-content\\\/uploads\\\/2017\\\/03\\\/blogqsp-odacy-e1489409393343.jpg\",\"contentUrl\":\"https:\\\/\\\/blogdofarnesio.com.br\\\/wp-content\\\/uploads\\\/2017\\\/03\\\/blogqsp-odacy-e1489409393343.jpg\",\"width\":600,\"height\":400},{\"@type\":\"BreadcrumbList\",\"@id\":\"https:\\\/\\\/blogdofarnesio.com.br\\\/?p=160668#breadcrumb\",\"itemListElement\":[{\"@type\":\"ListItem\",\"position\":1,\"name\":\"In\u00edcio\",\"item\":\"https:\\\/\\\/blogdofarnesio.com.br\\\/\"},{\"@type\":\"ListItem\",\"position\":2,\"name\":\"ODACY AMORIM SE RE\u00daNE COM SERVIDORES DO HEMOPE QUE RECLAMAM DAS CONDI\u00c7\u00d5ES DE TRABALHO DO \u00d3RG\u00c3O EM PETROLINA\"}]},{\"@type\":\"WebSite\",\"@id\":\"https:\\\/\\\/blogdofarnesio.com.br\\\/#website\",\"url\":\"https:\\\/\\\/blogdofarnesio.com.br\\\/\",\"name\":\"Blog do Farn\u00e9sio\",\"description\":\"Quer Saber Pol\u00edtica?\",\"publisher\":{\"@id\":\"https:\\\/\\\/blogdofarnesio.com.br\\\/#organization\"},\"potentialAction\":[{\"@type\":\"SearchAction\",\"target\":{\"@type\":\"EntryPoint\",\"urlTemplate\":\"https:\\\/\\\/blogdofarnesio.com.br\\\/?s={search_term_string}\"},\"query-input\":{\"@type\":\"PropertyValueSpecification\",\"valueRequired\":true,\"valueName\":\"search_term_string\"}}],\"inLanguage\":\"pt-BR\"},{\"@type\":\"Organization\",\"@id\":\"https:\\\/\\\/blogdofarnesio.com.br\\\/#organization\",\"name\":\"Blog do Farn\u00e9sio\",\"url\":\"https:\\\/\\\/blogdofarnesio.com.br\\\/\",\"logo\":{\"@type\":\"ImageObject\",\"inLanguage\":\"pt-BR\",\"@id\":\"https:\\\/\\\/blogdofarnesio.com.br\\\/#\\\/schema\\\/logo\\\/image\\\/\",\"url\":\"https:\\\/\\\/blogdofarnesio.com.br\\\/wp-content\\\/uploads\\\/2026\\\/03\\\/cropped-logo_new-1.png\",\"contentUrl\":\"https:\\\/\\\/blogdofarnesio.com.br\\\/wp-content\\\/uploads\\\/2026\\\/03\\\/cropped-logo_new-1.png\",\"width\":881,\"height\":685,\"caption\":\"Blog do Farn\u00e9sio\"},\"image\":{\"@id\":\"https:\\\/\\\/blogdofarnesio.com.br\\\/#\\\/schema\\\/logo\\\/image\\\/\"},\"sameAs\":[\"https:\\\/\\\/www.facebook.com\\\/BlogQuerSaberPolitica\\\/\"]},{\"@type\":\"Person\",\"@id\":\"https:\\\/\\\/blogdofarnesio.com.br\\\/#\\\/schema\\\/person\\\/301c4acf522bccbfdb45af95b5b906a1\",\"name\":\"Farn\u00e9sio\",\"image\":{\"@type\":\"ImageObject\",\"inLanguage\":\"pt-BR\",\"@id\":\"https:\\\/\\\/secure.gravatar.com\\\/avatar\\\/df0c9a14567c056f8ad6876ba5bbd1e3e2c48023eb6807342fc4663adf549f38?s=96&d=mm&r=g\",\"url\":\"https:\\\/\\\/secure.gravatar.com\\\/avatar\\\/df0c9a14567c056f8ad6876ba5bbd1e3e2c48023eb6807342fc4663adf549f38?s=96&d=mm&r=g\",\"contentUrl\":\"https:\\\/\\\/secure.gravatar.com\\\/avatar\\\/df0c9a14567c056f8ad6876ba5bbd1e3e2c48023eb6807342fc4663adf549f38?s=96&d=mm&r=g\",\"caption\":\"Farn\u00e9sio\"},\"sameAs\":[\"https:\\\/\\\/quersaberpolitica.com.br\"],\"url\":\"https:\\\/\\\/blogdofarnesio.com.br\\\/?author=1\"}]}<\/script>\n<!-- \/ Yoast SEO plugin. -->","yoast_head_json":{"title":"ODACY AMORIM SE RE\u00daNE COM SERVIDORES DO HEMOPE QUE RECLAMAM DAS CONDI\u00c7\u00d5ES DE TRABALHO DO \u00d3RG\u00c3O EM PETROLINA - Blog do Farn\u00e9sio","robots":{"index":"index","follow":"follow","max-snippet":"max-snippet:-1","max-image-preview":"max-image-preview:large","max-video-preview":"max-video-preview:-1"},"canonical":"https:\/\/blogdofarnesio.com.br\/?p=160668","og_locale":"pt_BR","og_type":"article","og_title":"ODACY AMORIM SE RE\u00daNE COM SERVIDORES DO HEMOPE QUE RECLAMAM DAS CONDI\u00c7\u00d5ES DE TRABALHO DO \u00d3RG\u00c3O EM PETROLINA - Blog do Farn\u00e9sio","og_description":"Ac\u00famulo de fun\u00e7\u00f5es, falta de climatiza\u00e7\u00e3o, anota\u00e7\u00f5es manuais, queda de energia el\u00e9trica, redu\u00e7\u00e3o de atendimento por falta de condi\u00e7\u00f5es de trabalho e a espera de um sistema de informatiza\u00e7\u00e3o. Esta \u00e9 a realidade apresentada pelos servidores da Funda\u00e7\u00e3o Centro de Hematologia e Hemoterapia de Pernambuco, (Hemope) em Petrolina, no Sert\u00e3o do Estado. As informa\u00e7\u00f5es sobre a precariedade do Hemope foram repassadaspelos servidores e prestadores de servi\u00e7os daquela unidade, durante uma reuni\u00e3o nesta semana com o vice-presidente da Comiss\u00e3o de Sa\u00fade e Assist\u00eancia Social na Assembleia Legislativa de Pernambuco, (Alepe), deputado estadual, Odacy Amorim (PT-PE). Inaugurado em 11 de abril de 1990, o Hemope Petrolina desenvolve a\u00e7\u00f5es de sa\u00fade na \u00e1rea do sangue na regi\u00e3o do S\u00e3o Francisco, a miss\u00e3o do&hellip;","og_url":"https:\/\/blogdofarnesio.com.br\/?p=160668","og_site_name":"Blog do Farn\u00e9sio","article_publisher":"https:\/\/www.facebook.com\/BlogQuerSaberPolitica\/","article_published_time":"2017-03-13T17:30:36+00:00","og_image":[{"width":600,"height":400,"url":"https:\/\/blogdofarnesio.com.br\/wp-content\/uploads\/2017\/03\/blogqsp-odacy-e1489409393343.jpg","type":"image\/jpeg"}],"author":"Farn\u00e9sio","twitter_card":"summary_large_image","twitter_misc":{"Escrito por":"Farn\u00e9sio","Est. tempo de leitura":"2 minutos"},"schema":{"@context":"https:\/\/schema.org","@graph":[{"@type":"Article","@id":"https:\/\/blogdofarnesio.com.br\/?p=160668#article","isPartOf":{"@id":"https:\/\/blogdofarnesio.com.br\/?p=160668"},"author":{"name":"Farn\u00e9sio","@id":"https:\/\/blogdofarnesio.com.br\/#\/schema\/person\/301c4acf522bccbfdb45af95b5b906a1"},"headline":"ODACY AMORIM SE RE\u00daNE COM SERVIDORES DO HEMOPE QUE RECLAMAM DAS CONDI\u00c7\u00d5ES DE TRABALHO DO \u00d3RG\u00c3O EM PETROLINA","datePublished":"2017-03-13T17:30:36+00:00","mainEntityOfPage":{"@id":"https:\/\/blogdofarnesio.com.br\/?p=160668"},"wordCount":496,"commentCount":0,"publisher":{"@id":"https:\/\/blogdofarnesio.com.br\/#organization"},"image":{"@id":"https:\/\/blogdofarnesio.com.br\/?p=160668#primaryimage"},"thumbnailUrl":"https:\/\/blogdofarnesio.com.br\/wp-content\/uploads\/2017\/03\/blogqsp-odacy-e1489409393343.jpg","articleSection":["Administra\u00e7\u00e3o","Pol\u00edtica"],"inLanguage":"pt-BR","potentialAction":[{"@type":"CommentAction","name":"Comment","target":["https:\/\/blogdofarnesio.com.br\/?p=160668#respond"]}]},{"@type":"WebPage","@id":"https:\/\/blogdofarnesio.com.br\/?p=160668","url":"https:\/\/blogdofarnesio.com.br\/?p=160668","name":"ODACY AMORIM SE RE\u00daNE COM SERVIDORES DO HEMOPE QUE RECLAMAM DAS CONDI\u00c7\u00d5ES DE TRABALHO DO \u00d3RG\u00c3O EM PETROLINA - Blog do Farn\u00e9sio","isPartOf":{"@id":"https:\/\/blogdofarnesio.com.br\/#website"},"primaryImageOfPage":{"@id":"https:\/\/blogdofarnesio.com.br\/?p=160668#primaryimage"},"image":{"@id":"https:\/\/blogdofarnesio.com.br\/?p=160668#primaryimage"},"thumbnailUrl":"https:\/\/blogdofarnesio.com.br\/wp-content\/uploads\/2017\/03\/blogqsp-odacy-e1489409393343.jpg","datePublished":"2017-03-13T17:30:36+00:00","breadcrumb":{"@id":"https:\/\/blogdofarnesio.com.br\/?p=160668#breadcrumb"},"inLanguage":"pt-BR","potentialAction":[{"@type":"ReadAction","target":["https:\/\/blogdofarnesio.com.br\/?p=160668"]}]},{"@type":"ImageObject","inLanguage":"pt-BR","@id":"https:\/\/blogdofarnesio.com.br\/?p=160668#primaryimage","url":"https:\/\/blogdofarnesio.com.br\/wp-content\/uploads\/2017\/03\/blogqsp-odacy-e1489409393343.jpg","contentUrl":"https:\/\/blogdofarnesio.com.br\/wp-content\/uploads\/2017\/03\/blogqsp-odacy-e1489409393343.jpg","width":600,"height":400},{"@type":"BreadcrumbList","@id":"https:\/\/blogdofarnesio.com.br\/?p=160668#breadcrumb","itemListElement":[{"@type":"ListItem","position":1,"name":"In\u00edcio","item":"https:\/\/blogdofarnesio.com.br\/"},{"@type":"ListItem","position":2,"name":"ODACY AMORIM SE RE\u00daNE COM SERVIDORES DO HEMOPE QUE RECLAMAM DAS CONDI\u00c7\u00d5ES DE TRABALHO DO \u00d3RG\u00c3O EM PETROLINA"}]},{"@type":"WebSite","@id":"https:\/\/blogdofarnesio.com.br\/#website","url":"https:\/\/blogdofarnesio.com.br\/","name":"Blog do Farn\u00e9sio","description":"Quer Saber Pol\u00edtica?","publisher":{"@id":"https:\/\/blogdofarnesio.com.br\/#organization"},"potentialAction":[{"@type":"SearchAction","target":{"@type":"EntryPoint","urlTemplate":"https:\/\/blogdofarnesio.com.br\/?s={search_term_string}"},"query-input":{"@type":"PropertyValueSpecification","valueRequired":true,"valueName":"search_term_string"}}],"inLanguage":"pt-BR"},{"@type":"Organization","@id":"https:\/\/blogdofarnesio.com.br\/#organization","name":"Blog do Farn\u00e9sio","url":"https:\/\/blogdofarnesio.com.br\/","logo":{"@type":"ImageObject","inLanguage":"pt-BR","@id":"https:\/\/blogdofarnesio.com.br\/#\/schema\/logo\/image\/","url":"https:\/\/blogdofarnesio.com.br\/wp-content\/uploads\/2026\/03\/cropped-logo_new-1.png","contentUrl":"https:\/\/blogdofarnesio.com.br\/wp-content\/uploads\/2026\/03\/cropped-logo_new-1.png","width":881,"height":685,"caption":"Blog do Farn\u00e9sio"},"image":{"@id":"https:\/\/blogdofarnesio.com.br\/#\/schema\/logo\/image\/"},"sameAs":["https:\/\/www.facebook.com\/BlogQuerSaberPolitica\/"]},{"@type":"Person","@id":"https:\/\/blogdofarnesio.com.br\/#\/schema\/person\/301c4acf522bccbfdb45af95b5b906a1","name":"Farn\u00e9sio","image":{"@type":"ImageObject","inLanguage":"pt-BR","@id":"https:\/\/secure.gravatar.com\/avatar\/df0c9a14567c056f8ad6876ba5bbd1e3e2c48023eb6807342fc4663adf549f38?s=96&d=mm&r=g","url":"https:\/\/secure.gravatar.com\/avatar\/df0c9a14567c056f8ad6876ba5bbd1e3e2c48023eb6807342fc4663adf549f38?s=96&d=mm&r=g","contentUrl":"https:\/\/secure.gravatar.com\/avatar\/df0c9a14567c056f8ad6876ba5bbd1e3e2c48023eb6807342fc4663adf549f38?s=96&d=mm&r=g","caption":"Farn\u00e9sio"},"sameAs":["https:\/\/quersaberpolitica.com.br"],"url":"https:\/\/blogdofarnesio.com.br\/?author=1"}]}},"_links":{"self":[{"href":"https:\/\/blogdofarnesio.com.br\/index.php?rest_route=\/wp\/v2\/posts\/160668","targetHints":{"allow":["GET"]}}],"collection":[{"href":"https:\/\/blogdofarnesio.com.br\/index.php?rest_route=\/wp\/v2\/posts"}],"about":[{"href":"https:\/\/blogdofarnesio.com.br\/index.php?rest_route=\/wp\/v2\/types\/post"}],"author":[{"embeddable":true,"href":"https:\/\/blogdofarnesio.com.br\/index.php?rest_route=\/wp\/v2\/users\/1"}],"replies":[{"embeddable":true,"href":"https:\/\/blogdofarnesio.com.br\/index.php?rest_route=%2Fwp%2Fv2%2Fcomments&post=160668"}],"version-history":[{"count":0,"href":"https:\/\/blogdofarnesio.com.br\/index.php?rest_route=\/wp\/v2\/posts\/160668\/revisions"}],"wp:featuredmedia":[{"embeddable":true,"href":"https:\/\/blogdofarnesio.com.br\/index.php?rest_route=\/wp\/v2\/media\/160669"}],"wp:attachment":[{"href":"https:\/\/blogdofarnesio.com.br\/index.php?rest_route=%2Fwp%2Fv2%2Fmedia&parent=160668"}],"wp:term":[{"taxonomy":"category","embeddable":true,"href":"https:\/\/blogdofarnesio.com.br\/index.php?rest_route=%2Fwp%2Fv2%2Fcategories&post=160668"},{"taxonomy":"post_tag","embeddable":true,"href":"https:\/\/blogdofarnesio.com.br\/index.php?rest_route=%2Fwp%2Fv2%2Ftags&post=160668"}],"curies":[{"name":"wp","href":"https:\/\/api.w.org\/{rel}","templated":true}]}}