{"id":160665,"date":"2017-03-13T14:00:33","date_gmt":"2017-03-13T17:00:33","guid":{"rendered":"http:\/\/quersaberpolitica.com.br\/2016\/?p=160665"},"modified":"2017-03-13T09:48:11","modified_gmt":"2017-03-13T12:48:11","slug":"alex-tanuri-compromisso-com-educacao-de-qualidade","status":"publish","type":"post","link":"https:\/\/blogdofarnesio.com.br\/?p=160665","title":{"rendered":"ALEX TANURI: \u201cCOMPROMISSO COM EDUCA\u00c7\u00c3O DE QUALIDADE\u201d"},"content":{"rendered":"<p style=\"text-align: justify;\">Presidente da C\u00e2mara de Vereadores de Juazeiro, Alex Tanuri (PSL), participou da festa de inaugura\u00e7\u00e3o de duas unidades escolares da rede municipal no Residencial Juazeiro I, Bairro Itaberaba, na manh\u00e3 de sexta-feira (10\/03), juntamente com a quase totalidade dos 21 vereadores que hoje integram a Casa do Povo.<\/p>\n<p style=\"text-align: justify;\">\u201cEstamos aqui para reafirmar nosso compromisso com a educa\u00e7\u00e3o\u201d \u2013 frisou Tanuri \u2013 \u201cEst\u00e3o aqui presentes vereadores de todos os partidos, pois nos une a certeza que \u00e9 pela educa\u00e7\u00e3o de base, com qualidade, que constru\u00edmos a cidadania e fortalecemos a democracia\u201d.<\/p>\n<p style=\"text-align: justify;\">Ressaltando o trabalho iniciado pelo prefeito Isaac Carvalho e \u201cque tem continuidade com Paulo Bonfim\u201d, Tanuri refor\u00e7ou o compromisso da C\u00e2mara com os \u201ctrabalhadores da educa\u00e7\u00e3o, com os alunos e os pais\u201d: \u201cA C\u00e2mara ser\u00e1 sempre uma parceira em todos os projetos que busquem a melhoria e a amplia\u00e7\u00e3o da educa\u00e7\u00e3o em Juazeiro\u201d.<\/p>\n<p style=\"text-align: justify;\">As duas unidades, escola e creche, foram as primeiras dentro do programa \u201cMinha Escola, Minha Vida\u201d, que se prop\u00f5e a construir unidades escolares em todos os residenciais de Juazeiro.<\/p>\n","protected":false},"excerpt":{"rendered":"<p>Presidente da C\u00e2mara de Vereadores de Juazeiro, Alex Tanuri (PSL), participou da festa de inaugura\u00e7\u00e3o de duas unidades escolares da rede municipal no Residencial Juazeiro I, Bairro Itaberaba, na manh\u00e3 de sexta-feira (10\/03), juntamente com a quase totalidade dos 21 vereadores que hoje integram a Casa do Povo. \u201cEstamos aqui para reafirmar nosso compromisso com a educa\u00e7\u00e3o\u201d \u2013 frisou Tanuri \u2013 \u201cEst\u00e3o aqui presentes vereadores de todos os partidos, pois nos une a certeza que \u00e9 pela educa\u00e7\u00e3o de base, com qualidade, que constru\u00edmos a cidadania e fortalecemos a democracia\u201d. Ressaltando o trabalho iniciado pelo prefeito Isaac Carvalho e \u201cque tem continuidade com Paulo Bonfim\u201d, Tanuri refor\u00e7ou o compromisso da C\u00e2mara com os \u201ctrabalhadores da educa\u00e7\u00e3o, com os alunos e&hellip; <\/p>\n","protected":false},"author":1,"featured_media":160666,"comment_status":"open","ping_status":"open","sticky":false,"template":"","format":"standard","meta":{"_acf_changed":false,"footnotes":""},"categories":[44],"tags":[],"class_list":["post-160665","post","type-post","status-publish","format-standard","has-post-thumbnail","hentry","category-administracao"],"acf":[],"yoast_head":"<!-- This site is optimized with the Yoast SEO plugin v27.4 - https:\/\/yoast.com\/product\/yoast-seo-wordpress\/ -->\n<title>ALEX TANURI: \u201cCOMPROMISSO COM EDUCA\u00c7\u00c3O DE QUALIDADE\u201d - Blog do Farn\u00e9sio<\/title>\n<meta name=\"robots\" content=\"index, follow, max-snippet:-1, max-image-preview:large, max-video-preview:-1\" \/>\n<link rel=\"canonical\" href=\"https:\/\/blogdofarnesio.com.br\/?p=160665\" \/>\n<meta property=\"og:locale\" content=\"pt_BR\" \/>\n<meta property=\"og:type\" content=\"article\" \/>\n<meta property=\"og:title\" content=\"ALEX TANURI: \u201cCOMPROMISSO COM EDUCA\u00c7\u00c3O DE QUALIDADE\u201d - Blog do Farn\u00e9sio\" \/>\n<meta property=\"og:description\" content=\"Presidente da C\u00e2mara de Vereadores de Juazeiro, Alex Tanuri (PSL), participou da festa de inaugura\u00e7\u00e3o de duas unidades escolares da rede municipal no Residencial Juazeiro I, Bairro Itaberaba, na manh\u00e3 de sexta-feira (10\/03), juntamente com a quase totalidade dos 21 vereadores que hoje integram a Casa do Povo. \u201cEstamos aqui para reafirmar nosso compromisso com a educa\u00e7\u00e3o\u201d \u2013 frisou Tanuri \u2013 \u201cEst\u00e3o aqui presentes vereadores de todos os partidos, pois nos une a certeza que \u00e9 pela educa\u00e7\u00e3o de base, com qualidade, que constru\u00edmos a cidadania e fortalecemos a democracia\u201d. Ressaltando o trabalho iniciado pelo prefeito Isaac Carvalho e \u201cque tem continuidade com Paulo Bonfim\u201d, Tanuri refor\u00e7ou o compromisso da C\u00e2mara com os \u201ctrabalhadores da educa\u00e7\u00e3o, com os alunos e&hellip;\" \/>\n<meta property=\"og:url\" content=\"https:\/\/blogdofarnesio.com.br\/?p=160665\" \/>\n<meta property=\"og:site_name\" content=\"Blog do Farn\u00e9sio\" \/>\n<meta property=\"article:publisher\" content=\"https:\/\/www.facebook.com\/BlogQuerSaberPolitica\/\" \/>\n<meta property=\"article:published_time\" content=\"2017-03-13T17:00:33+00:00\" \/>\n<meta property=\"og:image\" content=\"https:\/\/blogdofarnesio.com.br\/wp-content\/uploads\/2017\/03\/blogqsp-alextanuri-e1489409277933.jpg\" \/>\n\t<meta property=\"og:image:width\" content=\"600\" \/>\n\t<meta property=\"og:image:height\" content=\"400\" \/>\n\t<meta property=\"og:image:type\" content=\"image\/jpeg\" \/>\n<meta name=\"author\" content=\"Farn\u00e9sio\" \/>\n<meta name=\"twitter:card\" content=\"summary_large_image\" \/>\n<meta name=\"twitter:label1\" content=\"Escrito por\" \/>\n\t<meta name=\"twitter:data1\" content=\"Farn\u00e9sio\" \/>\n\t<meta name=\"twitter:label2\" content=\"Est. tempo de leitura\" \/>\n\t<meta name=\"twitter:data2\" content=\"1 minuto\" \/>\n<script type=\"application\/ld+json\" class=\"yoast-schema-graph\">{\"@context\":\"https:\\\/\\\/schema.org\",\"@graph\":[{\"@type\":\"Article\",\"@id\":\"https:\\\/\\\/blogdofarnesio.com.br\\\/?p=160665#article\",\"isPartOf\":{\"@id\":\"https:\\\/\\\/blogdofarnesio.com.br\\\/?p=160665\"},\"author\":{\"name\":\"Farn\u00e9sio\",\"@id\":\"https:\\\/\\\/blogdofarnesio.com.br\\\/#\\\/schema\\\/person\\\/301c4acf522bccbfdb45af95b5b906a1\"},\"headline\":\"ALEX TANURI: \u201cCOMPROMISSO COM EDUCA\u00c7\u00c3O DE QUALIDADE\u201d\",\"datePublished\":\"2017-03-13T17:00:33+00:00\",\"mainEntityOfPage\":{\"@id\":\"https:\\\/\\\/blogdofarnesio.com.br\\\/?p=160665\"},\"wordCount\":188,\"commentCount\":0,\"publisher\":{\"@id\":\"https:\\\/\\\/blogdofarnesio.com.br\\\/#organization\"},\"image\":{\"@id\":\"https:\\\/\\\/blogdofarnesio.com.br\\\/?p=160665#primaryimage\"},\"thumbnailUrl\":\"https:\\\/\\\/blogdofarnesio.com.br\\\/wp-content\\\/uploads\\\/2017\\\/03\\\/blogqsp-alextanuri-e1489409277933.jpg\",\"articleSection\":[\"Administra\u00e7\u00e3o\"],\"inLanguage\":\"pt-BR\",\"potentialAction\":[{\"@type\":\"CommentAction\",\"name\":\"Comment\",\"target\":[\"https:\\\/\\\/blogdofarnesio.com.br\\\/?p=160665#respond\"]}]},{\"@type\":\"WebPage\",\"@id\":\"https:\\\/\\\/blogdofarnesio.com.br\\\/?p=160665\",\"url\":\"https:\\\/\\\/blogdofarnesio.com.br\\\/?p=160665\",\"name\":\"ALEX TANURI: \u201cCOMPROMISSO COM EDUCA\u00c7\u00c3O DE QUALIDADE\u201d - Blog do Farn\u00e9sio\",\"isPartOf\":{\"@id\":\"https:\\\/\\\/blogdofarnesio.com.br\\\/#website\"},\"primaryImageOfPage\":{\"@id\":\"https:\\\/\\\/blogdofarnesio.com.br\\\/?p=160665#primaryimage\"},\"image\":{\"@id\":\"https:\\\/\\\/blogdofarnesio.com.br\\\/?p=160665#primaryimage\"},\"thumbnailUrl\":\"https:\\\/\\\/blogdofarnesio.com.br\\\/wp-content\\\/uploads\\\/2017\\\/03\\\/blogqsp-alextanuri-e1489409277933.jpg\",\"datePublished\":\"2017-03-13T17:00:33+00:00\",\"breadcrumb\":{\"@id\":\"https:\\\/\\\/blogdofarnesio.com.br\\\/?p=160665#breadcrumb\"},\"inLanguage\":\"pt-BR\",\"potentialAction\":[{\"@type\":\"ReadAction\",\"target\":[\"https:\\\/\\\/blogdofarnesio.com.br\\\/?p=160665\"]}]},{\"@type\":\"ImageObject\",\"inLanguage\":\"pt-BR\",\"@id\":\"https:\\\/\\\/blogdofarnesio.com.br\\\/?p=160665#primaryimage\",\"url\":\"https:\\\/\\\/blogdofarnesio.com.br\\\/wp-content\\\/uploads\\\/2017\\\/03\\\/blogqsp-alextanuri-e1489409277933.jpg\",\"contentUrl\":\"https:\\\/\\\/blogdofarnesio.com.br\\\/wp-content\\\/uploads\\\/2017\\\/03\\\/blogqsp-alextanuri-e1489409277933.jpg\",\"width\":600,\"height\":400},{\"@type\":\"BreadcrumbList\",\"@id\":\"https:\\\/\\\/blogdofarnesio.com.br\\\/?p=160665#breadcrumb\",\"itemListElement\":[{\"@type\":\"ListItem\",\"position\":1,\"name\":\"In\u00edcio\",\"item\":\"https:\\\/\\\/blogdofarnesio.com.br\\\/\"},{\"@type\":\"ListItem\",\"position\":2,\"name\":\"ALEX TANURI: \u201cCOMPROMISSO COM EDUCA\u00c7\u00c3O DE QUALIDADE\u201d\"}]},{\"@type\":\"WebSite\",\"@id\":\"https:\\\/\\\/blogdofarnesio.com.br\\\/#website\",\"url\":\"https:\\\/\\\/blogdofarnesio.com.br\\\/\",\"name\":\"Blog do Farn\u00e9sio\",\"description\":\"Quer Saber Pol\u00edtica?\",\"publisher\":{\"@id\":\"https:\\\/\\\/blogdofarnesio.com.br\\\/#organization\"},\"potentialAction\":[{\"@type\":\"SearchAction\",\"target\":{\"@type\":\"EntryPoint\",\"urlTemplate\":\"https:\\\/\\\/blogdofarnesio.com.br\\\/?s={search_term_string}\"},\"query-input\":{\"@type\":\"PropertyValueSpecification\",\"valueRequired\":true,\"valueName\":\"search_term_string\"}}],\"inLanguage\":\"pt-BR\"},{\"@type\":\"Organization\",\"@id\":\"https:\\\/\\\/blogdofarnesio.com.br\\\/#organization\",\"name\":\"Blog do Farn\u00e9sio\",\"url\":\"https:\\\/\\\/blogdofarnesio.com.br\\\/\",\"logo\":{\"@type\":\"ImageObject\",\"inLanguage\":\"pt-BR\",\"@id\":\"https:\\\/\\\/blogdofarnesio.com.br\\\/#\\\/schema\\\/logo\\\/image\\\/\",\"url\":\"https:\\\/\\\/blogdofarnesio.com.br\\\/wp-content\\\/uploads\\\/2026\\\/03\\\/cropped-logo_new-1.png\",\"contentUrl\":\"https:\\\/\\\/blogdofarnesio.com.br\\\/wp-content\\\/uploads\\\/2026\\\/03\\\/cropped-logo_new-1.png\",\"width\":881,\"height\":685,\"caption\":\"Blog do Farn\u00e9sio\"},\"image\":{\"@id\":\"https:\\\/\\\/blogdofarnesio.com.br\\\/#\\\/schema\\\/logo\\\/image\\\/\"},\"sameAs\":[\"https:\\\/\\\/www.facebook.com\\\/BlogQuerSaberPolitica\\\/\"]},{\"@type\":\"Person\",\"@id\":\"https:\\\/\\\/blogdofarnesio.com.br\\\/#\\\/schema\\\/person\\\/301c4acf522bccbfdb45af95b5b906a1\",\"name\":\"Farn\u00e9sio\",\"image\":{\"@type\":\"ImageObject\",\"inLanguage\":\"pt-BR\",\"@id\":\"https:\\\/\\\/secure.gravatar.com\\\/avatar\\\/df0c9a14567c056f8ad6876ba5bbd1e3e2c48023eb6807342fc4663adf549f38?s=96&d=mm&r=g\",\"url\":\"https:\\\/\\\/secure.gravatar.com\\\/avatar\\\/df0c9a14567c056f8ad6876ba5bbd1e3e2c48023eb6807342fc4663adf549f38?s=96&d=mm&r=g\",\"contentUrl\":\"https:\\\/\\\/secure.gravatar.com\\\/avatar\\\/df0c9a14567c056f8ad6876ba5bbd1e3e2c48023eb6807342fc4663adf549f38?s=96&d=mm&r=g\",\"caption\":\"Farn\u00e9sio\"},\"sameAs\":[\"https:\\\/\\\/quersaberpolitica.com.br\"],\"url\":\"https:\\\/\\\/blogdofarnesio.com.br\\\/?author=1\"}]}<\/script>\n<!-- \/ Yoast SEO plugin. -->","yoast_head_json":{"title":"ALEX TANURI: \u201cCOMPROMISSO COM EDUCA\u00c7\u00c3O DE QUALIDADE\u201d - Blog do Farn\u00e9sio","robots":{"index":"index","follow":"follow","max-snippet":"max-snippet:-1","max-image-preview":"max-image-preview:large","max-video-preview":"max-video-preview:-1"},"canonical":"https:\/\/blogdofarnesio.com.br\/?p=160665","og_locale":"pt_BR","og_type":"article","og_title":"ALEX TANURI: \u201cCOMPROMISSO COM EDUCA\u00c7\u00c3O DE QUALIDADE\u201d - Blog do Farn\u00e9sio","og_description":"Presidente da C\u00e2mara de Vereadores de Juazeiro, Alex Tanuri (PSL), participou da festa de inaugura\u00e7\u00e3o de duas unidades escolares da rede municipal no Residencial Juazeiro I, Bairro Itaberaba, na manh\u00e3 de sexta-feira (10\/03), juntamente com a quase totalidade dos 21 vereadores que hoje integram a Casa do Povo. \u201cEstamos aqui para reafirmar nosso compromisso com a educa\u00e7\u00e3o\u201d \u2013 frisou Tanuri \u2013 \u201cEst\u00e3o aqui presentes vereadores de todos os partidos, pois nos une a certeza que \u00e9 pela educa\u00e7\u00e3o de base, com qualidade, que constru\u00edmos a cidadania e fortalecemos a democracia\u201d. Ressaltando o trabalho iniciado pelo prefeito Isaac Carvalho e \u201cque tem continuidade com Paulo Bonfim\u201d, Tanuri refor\u00e7ou o compromisso da C\u00e2mara com os \u201ctrabalhadores da educa\u00e7\u00e3o, com os alunos e&hellip;","og_url":"https:\/\/blogdofarnesio.com.br\/?p=160665","og_site_name":"Blog do Farn\u00e9sio","article_publisher":"https:\/\/www.facebook.com\/BlogQuerSaberPolitica\/","article_published_time":"2017-03-13T17:00:33+00:00","og_image":[{"width":600,"height":400,"url":"https:\/\/blogdofarnesio.com.br\/wp-content\/uploads\/2017\/03\/blogqsp-alextanuri-e1489409277933.jpg","type":"image\/jpeg"}],"author":"Farn\u00e9sio","twitter_card":"summary_large_image","twitter_misc":{"Escrito por":"Farn\u00e9sio","Est. tempo de leitura":"1 minuto"},"schema":{"@context":"https:\/\/schema.org","@graph":[{"@type":"Article","@id":"https:\/\/blogdofarnesio.com.br\/?p=160665#article","isPartOf":{"@id":"https:\/\/blogdofarnesio.com.br\/?p=160665"},"author":{"name":"Farn\u00e9sio","@id":"https:\/\/blogdofarnesio.com.br\/#\/schema\/person\/301c4acf522bccbfdb45af95b5b906a1"},"headline":"ALEX TANURI: \u201cCOMPROMISSO COM EDUCA\u00c7\u00c3O DE QUALIDADE\u201d","datePublished":"2017-03-13T17:00:33+00:00","mainEntityOfPage":{"@id":"https:\/\/blogdofarnesio.com.br\/?p=160665"},"wordCount":188,"commentCount":0,"publisher":{"@id":"https:\/\/blogdofarnesio.com.br\/#organization"},"image":{"@id":"https:\/\/blogdofarnesio.com.br\/?p=160665#primaryimage"},"thumbnailUrl":"https:\/\/blogdofarnesio.com.br\/wp-content\/uploads\/2017\/03\/blogqsp-alextanuri-e1489409277933.jpg","articleSection":["Administra\u00e7\u00e3o"],"inLanguage":"pt-BR","potentialAction":[{"@type":"CommentAction","name":"Comment","target":["https:\/\/blogdofarnesio.com.br\/?p=160665#respond"]}]},{"@type":"WebPage","@id":"https:\/\/blogdofarnesio.com.br\/?p=160665","url":"https:\/\/blogdofarnesio.com.br\/?p=160665","name":"ALEX TANURI: \u201cCOMPROMISSO COM EDUCA\u00c7\u00c3O DE QUALIDADE\u201d - Blog do Farn\u00e9sio","isPartOf":{"@id":"https:\/\/blogdofarnesio.com.br\/#website"},"primaryImageOfPage":{"@id":"https:\/\/blogdofarnesio.com.br\/?p=160665#primaryimage"},"image":{"@id":"https:\/\/blogdofarnesio.com.br\/?p=160665#primaryimage"},"thumbnailUrl":"https:\/\/blogdofarnesio.com.br\/wp-content\/uploads\/2017\/03\/blogqsp-alextanuri-e1489409277933.jpg","datePublished":"2017-03-13T17:00:33+00:00","breadcrumb":{"@id":"https:\/\/blogdofarnesio.com.br\/?p=160665#breadcrumb"},"inLanguage":"pt-BR","potentialAction":[{"@type":"ReadAction","target":["https:\/\/blogdofarnesio.com.br\/?p=160665"]}]},{"@type":"ImageObject","inLanguage":"pt-BR","@id":"https:\/\/blogdofarnesio.com.br\/?p=160665#primaryimage","url":"https:\/\/blogdofarnesio.com.br\/wp-content\/uploads\/2017\/03\/blogqsp-alextanuri-e1489409277933.jpg","contentUrl":"https:\/\/blogdofarnesio.com.br\/wp-content\/uploads\/2017\/03\/blogqsp-alextanuri-e1489409277933.jpg","width":600,"height":400},{"@type":"BreadcrumbList","@id":"https:\/\/blogdofarnesio.com.br\/?p=160665#breadcrumb","itemListElement":[{"@type":"ListItem","position":1,"name":"In\u00edcio","item":"https:\/\/blogdofarnesio.com.br\/"},{"@type":"ListItem","position":2,"name":"ALEX TANURI: \u201cCOMPROMISSO COM EDUCA\u00c7\u00c3O DE QUALIDADE\u201d"}]},{"@type":"WebSite","@id":"https:\/\/blogdofarnesio.com.br\/#website","url":"https:\/\/blogdofarnesio.com.br\/","name":"Blog do Farn\u00e9sio","description":"Quer Saber Pol\u00edtica?","publisher":{"@id":"https:\/\/blogdofarnesio.com.br\/#organization"},"potentialAction":[{"@type":"SearchAction","target":{"@type":"EntryPoint","urlTemplate":"https:\/\/blogdofarnesio.com.br\/?s={search_term_string}"},"query-input":{"@type":"PropertyValueSpecification","valueRequired":true,"valueName":"search_term_string"}}],"inLanguage":"pt-BR"},{"@type":"Organization","@id":"https:\/\/blogdofarnesio.com.br\/#organization","name":"Blog do Farn\u00e9sio","url":"https:\/\/blogdofarnesio.com.br\/","logo":{"@type":"ImageObject","inLanguage":"pt-BR","@id":"https:\/\/blogdofarnesio.com.br\/#\/schema\/logo\/image\/","url":"https:\/\/blogdofarnesio.com.br\/wp-content\/uploads\/2026\/03\/cropped-logo_new-1.png","contentUrl":"https:\/\/blogdofarnesio.com.br\/wp-content\/uploads\/2026\/03\/cropped-logo_new-1.png","width":881,"height":685,"caption":"Blog do Farn\u00e9sio"},"image":{"@id":"https:\/\/blogdofarnesio.com.br\/#\/schema\/logo\/image\/"},"sameAs":["https:\/\/www.facebook.com\/BlogQuerSaberPolitica\/"]},{"@type":"Person","@id":"https:\/\/blogdofarnesio.com.br\/#\/schema\/person\/301c4acf522bccbfdb45af95b5b906a1","name":"Farn\u00e9sio","image":{"@type":"ImageObject","inLanguage":"pt-BR","@id":"https:\/\/secure.gravatar.com\/avatar\/df0c9a14567c056f8ad6876ba5bbd1e3e2c48023eb6807342fc4663adf549f38?s=96&d=mm&r=g","url":"https:\/\/secure.gravatar.com\/avatar\/df0c9a14567c056f8ad6876ba5bbd1e3e2c48023eb6807342fc4663adf549f38?s=96&d=mm&r=g","contentUrl":"https:\/\/secure.gravatar.com\/avatar\/df0c9a14567c056f8ad6876ba5bbd1e3e2c48023eb6807342fc4663adf549f38?s=96&d=mm&r=g","caption":"Farn\u00e9sio"},"sameAs":["https:\/\/quersaberpolitica.com.br"],"url":"https:\/\/blogdofarnesio.com.br\/?author=1"}]}},"_links":{"self":[{"href":"https:\/\/blogdofarnesio.com.br\/index.php?rest_route=\/wp\/v2\/posts\/160665","targetHints":{"allow":["GET"]}}],"collection":[{"href":"https:\/\/blogdofarnesio.com.br\/index.php?rest_route=\/wp\/v2\/posts"}],"about":[{"href":"https:\/\/blogdofarnesio.com.br\/index.php?rest_route=\/wp\/v2\/types\/post"}],"author":[{"embeddable":true,"href":"https:\/\/blogdofarnesio.com.br\/index.php?rest_route=\/wp\/v2\/users\/1"}],"replies":[{"embeddable":true,"href":"https:\/\/blogdofarnesio.com.br\/index.php?rest_route=%2Fwp%2Fv2%2Fcomments&post=160665"}],"version-history":[{"count":0,"href":"https:\/\/blogdofarnesio.com.br\/index.php?rest_route=\/wp\/v2\/posts\/160665\/revisions"}],"wp:featuredmedia":[{"embeddable":true,"href":"https:\/\/blogdofarnesio.com.br\/index.php?rest_route=\/wp\/v2\/media\/160666"}],"wp:attachment":[{"href":"https:\/\/blogdofarnesio.com.br\/index.php?rest_route=%2Fwp%2Fv2%2Fmedia&parent=160665"}],"wp:term":[{"taxonomy":"category","embeddable":true,"href":"https:\/\/blogdofarnesio.com.br\/index.php?rest_route=%2Fwp%2Fv2%2Fcategories&post=160665"},{"taxonomy":"post_tag","embeddable":true,"href":"https:\/\/blogdofarnesio.com.br\/index.php?rest_route=%2Fwp%2Fv2%2Ftags&post=160665"}],"curies":[{"name":"wp","href":"https:\/\/api.w.org\/{rel}","templated":true}]}}