{"id":160620,"date":"2017-03-13T12:30:53","date_gmt":"2017-03-13T15:30:53","guid":{"rendered":"http:\/\/quersaberpolitica.com.br\/2016\/?p=160620"},"modified":"2017-03-13T10:27:23","modified_gmt":"2017-03-13T13:27:23","slug":"pt-e-pmdb-mensalao-e-acordao","status":"publish","type":"post","link":"https:\/\/blogdofarnesio.com.br\/?p=160620","title":{"rendered":"PT E PMDB, MENSAL\u00c3O E ACORD\u00c3O"},"content":{"rendered":"<h2 class=\"blog-post-title\"><\/h2>\n<div id=\"container_clear\">\u00a0<strong>Vinicius Torres Freire &#8211; Folha de S.Paulo<\/strong><\/div>\n<p>Quase todos os partidos querem uma passagem para o trem da alegria da anistia para o caixa dois e para dinheiro &#8220;legal&#8221; de campanha com origem suja. A negocia\u00e7\u00e3o anda fren\u00e9tica.<\/p>\n<p>Essa paz dos cemit\u00e9rios come\u00e7a a receber apoio de gente de fora do universo paralelo da pol\u00edtica politiqueira. Gente da direita \u00e0 esquerda; letrados, caus\u00eddicos e capitalistas. D\u00e3o ares de armist\u00edcio de interesse nacional \u00e0 tese de A\u00e9cio Neves: se pegam os menos piores, fica tudo de lambuja para forasteiros suspeitos.<\/p>\n<p>Dado o momento hist\u00f3rico (ironia), conv\u00e9m lembrar a semelhan\u00e7a da tese do acord\u00e3o de 2017 com os argumentos a que PT e PSDB (sic) recorriam para se defender no mensal\u00e3o, em 2005. Recordar \u00e9 viver. Ou n\u00e3o.<\/p>\n<p>&#8220;Todo o mundo vai ficar no mesmo bolo e abriremos espa\u00e7o para um salvador da p\u00e1tria? N\u00e3o, \u00e9 preciso salvar a pol\u00edtica&#8230; Um cara que ganhou dinheiro na Petrobras n\u00e3o pode ser considerado a mesma coisa que aquele que ganhou cem pratas para se eleger.&#8221; A\u00e9cio Neves, em jantar de confraterniza\u00e7\u00e3o pluripartid\u00e1ria, 8 de mar\u00e7o de 2017.<\/p>\n<p>&#8220;H\u00e1 caixa dois com corrup\u00e7\u00e3o e caixa dois sem corrup\u00e7\u00e3o. Corrup\u00e7\u00e3o \u00e9 ter um relacionamento com o empresariado que condicione contribui\u00e7\u00f5es de campanha a decis\u00f5es administrativas. Outra coisa \u00e9 o financiamento de campanha, dentro da legalidade ou \u00e0 margem.&#8221; Ricardo Berzoini, ent\u00e3o rec\u00e9m-eleito presidente do PT, 14 de outubro de 2005.<\/p>\n<p>&#8220;H\u00e1 uma diferen\u00e7a entre quem recebeu recursos de caixa dois para financiamento de atividades pol\u00edtico-eleitorais, erro que precisa ser reconhecido, reparado ou punido, daquele que obteve recursos para enriquecimento pessoal, crime puro e simples de corrup\u00e7\u00e3o.&#8221; FHC, 3 de mar\u00e7o de 2017, rebatendo acusa\u00e7\u00f5es contra tucanos.<\/p>\n<p>&#8220;Voc\u00eas n\u00e3o s\u00e3o corruptos. Voc\u00eas cometeram erros, mas n\u00e3o de corrup\u00e7\u00e3o.&#8221; Lula, para deputados federais do PT, 7 de outubro de 2005. Argumentava que o dinheiro do mensal\u00e3o fora usado apenas para despesas eleitorais n\u00e3o declaradas \u00e0 Justi\u00e7a.<\/p>\n<p>&#8220;Voc\u00eas est\u00e3o pagando um pre\u00e7o muito alto por uma coisa que \u00e9 reprov\u00e1vel, mas que foi feita por todos os partidos e, portanto, n\u00e3o pode significar o banimento da vida p\u00fablica.&#8221; Antonio Palocci, ent\u00e3o ministro da Fazenda, na mesma reuni\u00e3o de Lula com a bancada do PT.<\/p>\n<p>&#8220;Agora, o caixa dois tem que ser desmistificado tamb\u00e9m. Necessariamente n\u00e3o significa um quadro de abuso de poder econ\u00f4mico.&#8221; Gilmar Mendes, ministro do Supremo, \u00e0 BBC Brasil, 10 de mar\u00e7o de 2017.<\/p>\n<p>&#8220;J\u00e1 disse que investiga\u00e7\u00e3o vale para todos. O problema de campanha eleitoral deve ser investigado. Agora, ele \u00e9 diferente de corrup\u00e7\u00e3o, malversa\u00e7\u00e3o de dinheiro p\u00fablico. S\u00e3o coisas distintas.&#8221; Geraldo Alckmin, ent\u00e3o tamb\u00e9m governador de S\u00e3o Paulo, 4 de agosto de 2005.<\/p>\n<p>Segundo Alckmin, eram diferentes os casos do PT e o de Eduardo Azeredo, ent\u00e3o presidente do PSDB, que recebera financiamento de campanha do tesoureiro do mensal\u00e3o, Marcos Val\u00e9rio.<\/p>\n<p>&#8220;[O PT] usou de um recurso n\u00e3o contabilizado para quitar d\u00edvidas das nossas campanhas&#8230; Por que n\u00f3s usamos esses recursos? Porque as d\u00edvidas, as campanhas eleitorais, todos n\u00f3s aqui nesta sala sabemos como \u00e9 feita a campanha eleitoral.&#8221; Del\u00fabio Soares, ex-tesoureiro do PT, na CPI dos Correios, 20 de julho de 2005.<\/p>\n","protected":false},"excerpt":{"rendered":"<p>\u00a0Vinicius Torres Freire &#8211; Folha de S.Paulo Quase todos os partidos querem uma passagem para o trem da alegria da anistia para o caixa dois e para dinheiro &#8220;legal&#8221; de campanha com origem suja. A negocia\u00e7\u00e3o anda fren\u00e9tica. Essa paz dos cemit\u00e9rios come\u00e7a a receber apoio de gente de fora do universo paralelo da pol\u00edtica politiqueira. Gente da direita \u00e0 esquerda; letrados, caus\u00eddicos e capitalistas. D\u00e3o ares de armist\u00edcio de interesse nacional \u00e0 tese de A\u00e9cio Neves: se pegam os menos piores, fica tudo de lambuja para forasteiros suspeitos. Dado o momento hist\u00f3rico (ironia), conv\u00e9m lembrar a semelhan\u00e7a da tese do acord\u00e3o de 2017 com os argumentos a que PT e PSDB (sic) recorriam para se defender no mensal\u00e3o, em&hellip; <\/p>\n","protected":false},"author":1,"featured_media":93099,"comment_status":"open","ping_status":"open","sticky":false,"template":"","format":"standard","meta":{"_acf_changed":false,"footnotes":""},"categories":[30],"tags":[],"class_list":["post-160620","post","type-post","status-publish","format-standard","has-post-thumbnail","hentry","category-artigo"],"acf":[],"yoast_head":"<!-- This site is optimized with the Yoast SEO plugin v27.4 - https:\/\/yoast.com\/product\/yoast-seo-wordpress\/ -->\n<title>PT E PMDB, MENSAL\u00c3O E ACORD\u00c3O - Blog do Farn\u00e9sio<\/title>\n<meta name=\"robots\" content=\"index, follow, max-snippet:-1, max-image-preview:large, max-video-preview:-1\" \/>\n<link rel=\"canonical\" href=\"https:\/\/blogdofarnesio.com.br\/?p=160620\" \/>\n<meta property=\"og:locale\" content=\"pt_BR\" \/>\n<meta property=\"og:type\" content=\"article\" \/>\n<meta property=\"og:title\" content=\"PT E PMDB, MENSAL\u00c3O E ACORD\u00c3O - Blog do Farn\u00e9sio\" \/>\n<meta property=\"og:description\" content=\"\u00a0Vinicius Torres Freire &#8211; Folha de S.Paulo Quase todos os partidos querem uma passagem para o trem da alegria da anistia para o caixa dois e para dinheiro &#8220;legal&#8221; de campanha com origem suja. A negocia\u00e7\u00e3o anda fren\u00e9tica. Essa paz dos cemit\u00e9rios come\u00e7a a receber apoio de gente de fora do universo paralelo da pol\u00edtica politiqueira. Gente da direita \u00e0 esquerda; letrados, caus\u00eddicos e capitalistas. D\u00e3o ares de armist\u00edcio de interesse nacional \u00e0 tese de A\u00e9cio Neves: se pegam os menos piores, fica tudo de lambuja para forasteiros suspeitos. Dado o momento hist\u00f3rico (ironia), conv\u00e9m lembrar a semelhan\u00e7a da tese do acord\u00e3o de 2017 com os argumentos a que PT e PSDB (sic) recorriam para se defender no mensal\u00e3o, em&hellip;\" \/>\n<meta property=\"og:url\" content=\"https:\/\/blogdofarnesio.com.br\/?p=160620\" \/>\n<meta property=\"og:site_name\" content=\"Blog do Farn\u00e9sio\" \/>\n<meta property=\"article:publisher\" content=\"https:\/\/www.facebook.com\/BlogQuerSaberPolitica\/\" \/>\n<meta property=\"article:published_time\" content=\"2017-03-13T15:30:53+00:00\" \/>\n<meta property=\"og:image\" content=\"https:\/\/blogdofarnesio.com.br\/wp-content\/uploads\/2014\/07\/blogqspchargecorrup\u00e7\u00e3opartidospoliticos.jpg\" \/>\n\t<meta property=\"og:image:width\" content=\"500\" \/>\n\t<meta property=\"og:image:height\" content=\"396\" \/>\n\t<meta property=\"og:image:type\" content=\"image\/jpeg\" \/>\n<meta name=\"author\" content=\"Farn\u00e9sio\" \/>\n<meta name=\"twitter:card\" content=\"summary_large_image\" \/>\n<meta name=\"twitter:label1\" content=\"Escrito por\" \/>\n\t<meta name=\"twitter:data1\" content=\"Farn\u00e9sio\" \/>\n\t<meta name=\"twitter:label2\" content=\"Est. tempo de leitura\" \/>\n\t<meta name=\"twitter:data2\" content=\"3 minutos\" \/>\n<script type=\"application\/ld+json\" class=\"yoast-schema-graph\">{\"@context\":\"https:\\\/\\\/schema.org\",\"@graph\":[{\"@type\":\"Article\",\"@id\":\"https:\\\/\\\/blogdofarnesio.com.br\\\/?p=160620#article\",\"isPartOf\":{\"@id\":\"https:\\\/\\\/blogdofarnesio.com.br\\\/?p=160620\"},\"author\":{\"name\":\"Farn\u00e9sio\",\"@id\":\"https:\\\/\\\/blogdofarnesio.com.br\\\/#\\\/schema\\\/person\\\/301c4acf522bccbfdb45af95b5b906a1\"},\"headline\":\"PT E PMDB, MENSAL\u00c3O E ACORD\u00c3O\",\"datePublished\":\"2017-03-13T15:30:53+00:00\",\"mainEntityOfPage\":{\"@id\":\"https:\\\/\\\/blogdofarnesio.com.br\\\/?p=160620\"},\"wordCount\":573,\"commentCount\":0,\"publisher\":{\"@id\":\"https:\\\/\\\/blogdofarnesio.com.br\\\/#organization\"},\"image\":{\"@id\":\"https:\\\/\\\/blogdofarnesio.com.br\\\/?p=160620#primaryimage\"},\"thumbnailUrl\":\"https:\\\/\\\/blogdofarnesio.com.br\\\/wp-content\\\/uploads\\\/2014\\\/07\\\/blogqspchargecorrup\u00e7\u00e3opartidospoliticos.jpg\",\"articleSection\":[\"Artigo\"],\"inLanguage\":\"pt-BR\",\"potentialAction\":[{\"@type\":\"CommentAction\",\"name\":\"Comment\",\"target\":[\"https:\\\/\\\/blogdofarnesio.com.br\\\/?p=160620#respond\"]}]},{\"@type\":\"WebPage\",\"@id\":\"https:\\\/\\\/blogdofarnesio.com.br\\\/?p=160620\",\"url\":\"https:\\\/\\\/blogdofarnesio.com.br\\\/?p=160620\",\"name\":\"PT E PMDB, MENSAL\u00c3O E ACORD\u00c3O - Blog do Farn\u00e9sio\",\"isPartOf\":{\"@id\":\"https:\\\/\\\/blogdofarnesio.com.br\\\/#website\"},\"primaryImageOfPage\":{\"@id\":\"https:\\\/\\\/blogdofarnesio.com.br\\\/?p=160620#primaryimage\"},\"image\":{\"@id\":\"https:\\\/\\\/blogdofarnesio.com.br\\\/?p=160620#primaryimage\"},\"thumbnailUrl\":\"https:\\\/\\\/blogdofarnesio.com.br\\\/wp-content\\\/uploads\\\/2014\\\/07\\\/blogqspchargecorrup\u00e7\u00e3opartidospoliticos.jpg\",\"datePublished\":\"2017-03-13T15:30:53+00:00\",\"breadcrumb\":{\"@id\":\"https:\\\/\\\/blogdofarnesio.com.br\\\/?p=160620#breadcrumb\"},\"inLanguage\":\"pt-BR\",\"potentialAction\":[{\"@type\":\"ReadAction\",\"target\":[\"https:\\\/\\\/blogdofarnesio.com.br\\\/?p=160620\"]}]},{\"@type\":\"ImageObject\",\"inLanguage\":\"pt-BR\",\"@id\":\"https:\\\/\\\/blogdofarnesio.com.br\\\/?p=160620#primaryimage\",\"url\":\"https:\\\/\\\/blogdofarnesio.com.br\\\/wp-content\\\/uploads\\\/2014\\\/07\\\/blogqspchargecorrup\u00e7\u00e3opartidospoliticos.jpg\",\"contentUrl\":\"https:\\\/\\\/blogdofarnesio.com.br\\\/wp-content\\\/uploads\\\/2014\\\/07\\\/blogqspchargecorrup\u00e7\u00e3opartidospoliticos.jpg\",\"width\":500,\"height\":396},{\"@type\":\"BreadcrumbList\",\"@id\":\"https:\\\/\\\/blogdofarnesio.com.br\\\/?p=160620#breadcrumb\",\"itemListElement\":[{\"@type\":\"ListItem\",\"position\":1,\"name\":\"In\u00edcio\",\"item\":\"https:\\\/\\\/blogdofarnesio.com.br\\\/\"},{\"@type\":\"ListItem\",\"position\":2,\"name\":\"PT E PMDB, MENSAL\u00c3O E ACORD\u00c3O\"}]},{\"@type\":\"WebSite\",\"@id\":\"https:\\\/\\\/blogdofarnesio.com.br\\\/#website\",\"url\":\"https:\\\/\\\/blogdofarnesio.com.br\\\/\",\"name\":\"Blog do Farn\u00e9sio\",\"description\":\"Quer Saber Pol\u00edtica?\",\"publisher\":{\"@id\":\"https:\\\/\\\/blogdofarnesio.com.br\\\/#organization\"},\"potentialAction\":[{\"@type\":\"SearchAction\",\"target\":{\"@type\":\"EntryPoint\",\"urlTemplate\":\"https:\\\/\\\/blogdofarnesio.com.br\\\/?s={search_term_string}\"},\"query-input\":{\"@type\":\"PropertyValueSpecification\",\"valueRequired\":true,\"valueName\":\"search_term_string\"}}],\"inLanguage\":\"pt-BR\"},{\"@type\":\"Organization\",\"@id\":\"https:\\\/\\\/blogdofarnesio.com.br\\\/#organization\",\"name\":\"Blog do Farn\u00e9sio\",\"url\":\"https:\\\/\\\/blogdofarnesio.com.br\\\/\",\"logo\":{\"@type\":\"ImageObject\",\"inLanguage\":\"pt-BR\",\"@id\":\"https:\\\/\\\/blogdofarnesio.com.br\\\/#\\\/schema\\\/logo\\\/image\\\/\",\"url\":\"https:\\\/\\\/blogdofarnesio.com.br\\\/wp-content\\\/uploads\\\/2026\\\/03\\\/cropped-logo_new-1.png\",\"contentUrl\":\"https:\\\/\\\/blogdofarnesio.com.br\\\/wp-content\\\/uploads\\\/2026\\\/03\\\/cropped-logo_new-1.png\",\"width\":881,\"height\":685,\"caption\":\"Blog do Farn\u00e9sio\"},\"image\":{\"@id\":\"https:\\\/\\\/blogdofarnesio.com.br\\\/#\\\/schema\\\/logo\\\/image\\\/\"},\"sameAs\":[\"https:\\\/\\\/www.facebook.com\\\/BlogQuerSaberPolitica\\\/\"]},{\"@type\":\"Person\",\"@id\":\"https:\\\/\\\/blogdofarnesio.com.br\\\/#\\\/schema\\\/person\\\/301c4acf522bccbfdb45af95b5b906a1\",\"name\":\"Farn\u00e9sio\",\"image\":{\"@type\":\"ImageObject\",\"inLanguage\":\"pt-BR\",\"@id\":\"https:\\\/\\\/secure.gravatar.com\\\/avatar\\\/df0c9a14567c056f8ad6876ba5bbd1e3e2c48023eb6807342fc4663adf549f38?s=96&d=mm&r=g\",\"url\":\"https:\\\/\\\/secure.gravatar.com\\\/avatar\\\/df0c9a14567c056f8ad6876ba5bbd1e3e2c48023eb6807342fc4663adf549f38?s=96&d=mm&r=g\",\"contentUrl\":\"https:\\\/\\\/secure.gravatar.com\\\/avatar\\\/df0c9a14567c056f8ad6876ba5bbd1e3e2c48023eb6807342fc4663adf549f38?s=96&d=mm&r=g\",\"caption\":\"Farn\u00e9sio\"},\"sameAs\":[\"https:\\\/\\\/quersaberpolitica.com.br\"],\"url\":\"https:\\\/\\\/blogdofarnesio.com.br\\\/?author=1\"}]}<\/script>\n<!-- \/ Yoast SEO plugin. -->","yoast_head_json":{"title":"PT E PMDB, MENSAL\u00c3O E ACORD\u00c3O - Blog do Farn\u00e9sio","robots":{"index":"index","follow":"follow","max-snippet":"max-snippet:-1","max-image-preview":"max-image-preview:large","max-video-preview":"max-video-preview:-1"},"canonical":"https:\/\/blogdofarnesio.com.br\/?p=160620","og_locale":"pt_BR","og_type":"article","og_title":"PT E PMDB, MENSAL\u00c3O E ACORD\u00c3O - Blog do Farn\u00e9sio","og_description":"\u00a0Vinicius Torres Freire &#8211; Folha de S.Paulo Quase todos os partidos querem uma passagem para o trem da alegria da anistia para o caixa dois e para dinheiro &#8220;legal&#8221; de campanha com origem suja. A negocia\u00e7\u00e3o anda fren\u00e9tica. Essa paz dos cemit\u00e9rios come\u00e7a a receber apoio de gente de fora do universo paralelo da pol\u00edtica politiqueira. Gente da direita \u00e0 esquerda; letrados, caus\u00eddicos e capitalistas. D\u00e3o ares de armist\u00edcio de interesse nacional \u00e0 tese de A\u00e9cio Neves: se pegam os menos piores, fica tudo de lambuja para forasteiros suspeitos. Dado o momento hist\u00f3rico (ironia), conv\u00e9m lembrar a semelhan\u00e7a da tese do acord\u00e3o de 2017 com os argumentos a que PT e PSDB (sic) recorriam para se defender no mensal\u00e3o, em&hellip;","og_url":"https:\/\/blogdofarnesio.com.br\/?p=160620","og_site_name":"Blog do Farn\u00e9sio","article_publisher":"https:\/\/www.facebook.com\/BlogQuerSaberPolitica\/","article_published_time":"2017-03-13T15:30:53+00:00","og_image":[{"width":500,"height":396,"url":"https:\/\/blogdofarnesio.com.br\/wp-content\/uploads\/2014\/07\/blogqspchargecorrup\u00e7\u00e3opartidospoliticos.jpg","type":"image\/jpeg"}],"author":"Farn\u00e9sio","twitter_card":"summary_large_image","twitter_misc":{"Escrito por":"Farn\u00e9sio","Est. tempo de leitura":"3 minutos"},"schema":{"@context":"https:\/\/schema.org","@graph":[{"@type":"Article","@id":"https:\/\/blogdofarnesio.com.br\/?p=160620#article","isPartOf":{"@id":"https:\/\/blogdofarnesio.com.br\/?p=160620"},"author":{"name":"Farn\u00e9sio","@id":"https:\/\/blogdofarnesio.com.br\/#\/schema\/person\/301c4acf522bccbfdb45af95b5b906a1"},"headline":"PT E PMDB, MENSAL\u00c3O E ACORD\u00c3O","datePublished":"2017-03-13T15:30:53+00:00","mainEntityOfPage":{"@id":"https:\/\/blogdofarnesio.com.br\/?p=160620"},"wordCount":573,"commentCount":0,"publisher":{"@id":"https:\/\/blogdofarnesio.com.br\/#organization"},"image":{"@id":"https:\/\/blogdofarnesio.com.br\/?p=160620#primaryimage"},"thumbnailUrl":"https:\/\/blogdofarnesio.com.br\/wp-content\/uploads\/2014\/07\/blogqspchargecorrup\u00e7\u00e3opartidospoliticos.jpg","articleSection":["Artigo"],"inLanguage":"pt-BR","potentialAction":[{"@type":"CommentAction","name":"Comment","target":["https:\/\/blogdofarnesio.com.br\/?p=160620#respond"]}]},{"@type":"WebPage","@id":"https:\/\/blogdofarnesio.com.br\/?p=160620","url":"https:\/\/blogdofarnesio.com.br\/?p=160620","name":"PT E PMDB, MENSAL\u00c3O E ACORD\u00c3O - Blog do Farn\u00e9sio","isPartOf":{"@id":"https:\/\/blogdofarnesio.com.br\/#website"},"primaryImageOfPage":{"@id":"https:\/\/blogdofarnesio.com.br\/?p=160620#primaryimage"},"image":{"@id":"https:\/\/blogdofarnesio.com.br\/?p=160620#primaryimage"},"thumbnailUrl":"https:\/\/blogdofarnesio.com.br\/wp-content\/uploads\/2014\/07\/blogqspchargecorrup\u00e7\u00e3opartidospoliticos.jpg","datePublished":"2017-03-13T15:30:53+00:00","breadcrumb":{"@id":"https:\/\/blogdofarnesio.com.br\/?p=160620#breadcrumb"},"inLanguage":"pt-BR","potentialAction":[{"@type":"ReadAction","target":["https:\/\/blogdofarnesio.com.br\/?p=160620"]}]},{"@type":"ImageObject","inLanguage":"pt-BR","@id":"https:\/\/blogdofarnesio.com.br\/?p=160620#primaryimage","url":"https:\/\/blogdofarnesio.com.br\/wp-content\/uploads\/2014\/07\/blogqspchargecorrup\u00e7\u00e3opartidospoliticos.jpg","contentUrl":"https:\/\/blogdofarnesio.com.br\/wp-content\/uploads\/2014\/07\/blogqspchargecorrup\u00e7\u00e3opartidospoliticos.jpg","width":500,"height":396},{"@type":"BreadcrumbList","@id":"https:\/\/blogdofarnesio.com.br\/?p=160620#breadcrumb","itemListElement":[{"@type":"ListItem","position":1,"name":"In\u00edcio","item":"https:\/\/blogdofarnesio.com.br\/"},{"@type":"ListItem","position":2,"name":"PT E PMDB, MENSAL\u00c3O E ACORD\u00c3O"}]},{"@type":"WebSite","@id":"https:\/\/blogdofarnesio.com.br\/#website","url":"https:\/\/blogdofarnesio.com.br\/","name":"Blog do Farn\u00e9sio","description":"Quer Saber Pol\u00edtica?","publisher":{"@id":"https:\/\/blogdofarnesio.com.br\/#organization"},"potentialAction":[{"@type":"SearchAction","target":{"@type":"EntryPoint","urlTemplate":"https:\/\/blogdofarnesio.com.br\/?s={search_term_string}"},"query-input":{"@type":"PropertyValueSpecification","valueRequired":true,"valueName":"search_term_string"}}],"inLanguage":"pt-BR"},{"@type":"Organization","@id":"https:\/\/blogdofarnesio.com.br\/#organization","name":"Blog do Farn\u00e9sio","url":"https:\/\/blogdofarnesio.com.br\/","logo":{"@type":"ImageObject","inLanguage":"pt-BR","@id":"https:\/\/blogdofarnesio.com.br\/#\/schema\/logo\/image\/","url":"https:\/\/blogdofarnesio.com.br\/wp-content\/uploads\/2026\/03\/cropped-logo_new-1.png","contentUrl":"https:\/\/blogdofarnesio.com.br\/wp-content\/uploads\/2026\/03\/cropped-logo_new-1.png","width":881,"height":685,"caption":"Blog do Farn\u00e9sio"},"image":{"@id":"https:\/\/blogdofarnesio.com.br\/#\/schema\/logo\/image\/"},"sameAs":["https:\/\/www.facebook.com\/BlogQuerSaberPolitica\/"]},{"@type":"Person","@id":"https:\/\/blogdofarnesio.com.br\/#\/schema\/person\/301c4acf522bccbfdb45af95b5b906a1","name":"Farn\u00e9sio","image":{"@type":"ImageObject","inLanguage":"pt-BR","@id":"https:\/\/secure.gravatar.com\/avatar\/df0c9a14567c056f8ad6876ba5bbd1e3e2c48023eb6807342fc4663adf549f38?s=96&d=mm&r=g","url":"https:\/\/secure.gravatar.com\/avatar\/df0c9a14567c056f8ad6876ba5bbd1e3e2c48023eb6807342fc4663adf549f38?s=96&d=mm&r=g","contentUrl":"https:\/\/secure.gravatar.com\/avatar\/df0c9a14567c056f8ad6876ba5bbd1e3e2c48023eb6807342fc4663adf549f38?s=96&d=mm&r=g","caption":"Farn\u00e9sio"},"sameAs":["https:\/\/quersaberpolitica.com.br"],"url":"https:\/\/blogdofarnesio.com.br\/?author=1"}]}},"_links":{"self":[{"href":"https:\/\/blogdofarnesio.com.br\/index.php?rest_route=\/wp\/v2\/posts\/160620","targetHints":{"allow":["GET"]}}],"collection":[{"href":"https:\/\/blogdofarnesio.com.br\/index.php?rest_route=\/wp\/v2\/posts"}],"about":[{"href":"https:\/\/blogdofarnesio.com.br\/index.php?rest_route=\/wp\/v2\/types\/post"}],"author":[{"embeddable":true,"href":"https:\/\/blogdofarnesio.com.br\/index.php?rest_route=\/wp\/v2\/users\/1"}],"replies":[{"embeddable":true,"href":"https:\/\/blogdofarnesio.com.br\/index.php?rest_route=%2Fwp%2Fv2%2Fcomments&post=160620"}],"version-history":[{"count":0,"href":"https:\/\/blogdofarnesio.com.br\/index.php?rest_route=\/wp\/v2\/posts\/160620\/revisions"}],"wp:featuredmedia":[{"embeddable":true,"href":"https:\/\/blogdofarnesio.com.br\/index.php?rest_route=\/wp\/v2\/media\/93099"}],"wp:attachment":[{"href":"https:\/\/blogdofarnesio.com.br\/index.php?rest_route=%2Fwp%2Fv2%2Fmedia&parent=160620"}],"wp:term":[{"taxonomy":"category","embeddable":true,"href":"https:\/\/blogdofarnesio.com.br\/index.php?rest_route=%2Fwp%2Fv2%2Fcategories&post=160620"},{"taxonomy":"post_tag","embeddable":true,"href":"https:\/\/blogdofarnesio.com.br\/index.php?rest_route=%2Fwp%2Fv2%2Ftags&post=160620"}],"curies":[{"name":"wp","href":"https:\/\/api.w.org\/{rel}","templated":true}]}}