{"id":16026,"date":"2012-07-25T12:17:00","date_gmt":"2012-07-25T12:17:00","guid":{"rendered":"http:\/\/www.quersaberpolitica.com.br?p=16026"},"modified":"2012-07-25T09:48:50","modified_gmt":"2012-07-25T09:48:50","slug":"a-justica-e-coisa-sagrada-que-nao-deve-lesionar-a-razao","status":"publish","type":"post","link":"https:\/\/blogdofarnesio.com.br\/?p=16026","title":{"rendered":"A JUSTI\u00c7A \u00c9 COISA SAGRADA QUE N\u00c3O DEVE LESIONAR A RAZ\u00c3O!"},"content":{"rendered":"<p>&nbsp;<\/p>\n<p><img loading=\"lazy\" decoding=\"async\" style=\"float: left; margin: 5px 10px;\" src=\"http:\/\/www.quersaberpolitica.com.br\/2016\/wp-content\/uploads\/2012\/12\/blogqspjustica50.jpg\" alt=\"\" width=\"200\" height=\"143\" \/><\/p>\n<p style=\"text-align: justify;\"><span style=\"font-family: arial, helvetica, sans-serif; font-size: medium;\">Quid emim Mali facit magister? ( Que mal fez o professor)? &#8220;As pr&oacute;prias obras &eacute; que prejudicam os malvados&#8221; ( Sto Agostinho). O professor &#8211; Senhor Governador &#8211; &eacute; coisa sagrada! Portanto, n&atilde;o merece ser torturado; &eacute; pecado! A Lei do retorno n&atilde;o perdoa! Martirizar uma classe de bons servi&ccedil;os prestados &agrave; humanidade, que transmite o saber a partir da crian&ccedil;a de colo, cujo aprendizado para a vida, &eacute; sem d&uacute;vida preferir a luz das trevas ao inv&eacute;s de se seguir, obedecer a palavra de Deus, ,fazendo uma l&iacute;dima justi&ccedil;a para n&atilde;o cair na fogueira ingl&oacute;ria, levando consigo os que o cercam. &#8221; Vir obediens loquetur vict&oacute;rias&#8221; ( Quem obedece entoa o hino da vit&oacute;ria). &#8221; Justi&ccedil;a &eacute; uma conduta sagrada que n&atilde;o deve lesionar a raz&atilde;o&#8221;! O apetite do &oacute;dio do governo contra os educadores faz calar, silenciar vergonhosamente o Partido dos Trabalhadores (PT) e o Partido Comunista do Brasil (PC do B ), que n&atilde;o estalam no ar uma voz de contempla&ccedil;&atilde;o mediadora para que se finda este impasse que prejudicou o ano letivo de 2012 das crian&ccedil;as e adolescentes e causa revolta aos pais.<\/span><\/p>\n<p style=\"text-align: justify;\"><span style=\"font-size: medium;\"><span style=\"font-family: arial, helvetica, sans-serif;\">Estamos nas v&eacute;speras das elei&ccedil;&otilde;es municipais e, os aludidos partidos permanecem moucos, vesgos e mudos &#8211; enquanto a dor plangente, dor sentimental da &#8220;nossa professorinha&#8221; faz rolar l&aacute;grimas pela face, sem se ouvir o eco do PT e do PC do B, sendo este &uacute;ltimo notado, outrora, por seu esp&iacute;rito de luta, liberdade e impavidez nas a&ccedil;&otilde;es democratas.<br \/>As trevas do governo da Bahia amorda&ccedil;aram o brado do Partido Comunista do Brasil! Passado de gl&oacute;ria, hoje, submisso a um capricho cruel.<br \/>O apetite v&iacute;ndice e a insensatez governamental, flagrorosamente, conseguem que ambos partidos v&atilde;o &agrave; luta na mesma arena, cujo fim &eacute; uma implos&atilde;o! Cuidado! Acordai! &#8220;Quem aos c&eacute;us quer subir e as nuvens quer pegar, as estrelas est&atilde;o sorrindo da queda que vai levar&#8221;! A resposta c&iacute;vica e democr&aacute;tica est&aacute; na porta; menos para os vision&aacute;rios, desl&eacute;xicos que t&ecirc;m dificuldade de assimila&ccedil;&atilde;o. Perseguir e ter &oacute;dio dos que n&atilde;o pedem generosidade do governo, sim, um direito l&iacute;quido e certo &eacute; como sangrar a alma da raz&atilde;o! &#8221; O apetite deve ficar submisso &agrave; raz&atilde;o&#8221;.<br \/>Vamos celebrar a verdade real, n&atilde;o iremos acolher as marchas dos erros! &#8220;Se fechares a porta a todos os erros, a verdade ficar&aacute; na rua&#8221; ( Rabrindranath Tagore).<br \/>Em nome da hist&oacute;ria do PCdo B &#8211; N&atilde;o tenho procura&ccedil;&atilde;o para defend&ecirc;-lo nem para orient&aacute;-lo &#8211; sei que sempre o admirei por seu valor de decis&atilde;o; mas, tem pecado por deixar que sufocassem a sua voz que a conheci como imp&aacute;vida e retumbante, deixando, agora, nossas &#8220;professoras&#8221; que ensinaram o nosso &#8220;beab&aacute;&#8221;, enfrentarem sozinhas, por&eacute;m, com honra a for&ccedil;a impiedosa de um poder que n&atilde;o reflete com urbanidade! N&atilde;o se deixem enganar! Conselho e a &aacute;gua se d&aacute; a quem pede! Desculpem-me! &#8220;A mim ningu&eacute;m me engana, que n&atilde;o nasci ontem&#8221;. ( &Eacute;rico Ver&iacute;ssimo).<br \/>Os bravos professores t&ecirc;m direito &agrave; liberdade de express&atilde;o e o direito de greve, vertentes previstas na nossa Carta Cidad&atilde;! Estamos no Estado de Direito! Faz lembrar-me do insigne baiano, quando o ent&atilde;o Ministro do STF, Aliomar Baleeiro, deu-nos a seguinte li&ccedil;&atilde;o de democracia: &#8221; A liberdade n&atilde;o se recebe por merc&ecirc; ou toler&acirc;ncia dos ofensores. H&aacute; que merec&ecirc;-la ou disput&aacute;-la. Sempre que houver almas de escravos existir&atilde;o voca&ccedil;&otilde;es de sonhos&#8221;! Os professores t&ecirc;m alma de baianos que sempre souberam lutar por liberdade, derrubando com fervor os grilh&otilde;es que surgiram na esteira da nossa hist&oacute;ria.&nbsp;<br \/>Fato &#8211; senhor governador &#8211; &eacute; que uma Lei Jur&iacute;dica deve ser respeitada e cumprida! Nossa Lei Maior n&atilde;o permite que um professor receba menos que o m&iacute;nimo estabelecido na pr&oacute;pria Lei; como tamb&eacute;m o Piso Salarial tem amparo legal. O MEC anuncia que o reajuste do professor &eacute; de 22,22%; tendo que o governo da Bahia fazer a complementa&ccedil;&atilde;o de 0,96%, logo, menos que 1%. Talvez, n&atilde;o tenha conhecimento que o valor do custo aluno foi de 21,24% em janeiro de 2012.<br \/>Paci&ecirc;ncia, Senhor Governador! O reajuste dos professores &eacute; baseado no reajuste do valor do aluno qualidade urbano e deve ser concedido na mesma data e no mesmo &iacute;ndice. Ressalta-se que em 2009 o Supremo Tribunal Federal confirmou que o piso &eacute; constitucional, bem assim a destina&ccedil;&atilde;o de 1\/3 da jornada para hora atividade. Pergunta-se &#8211; Senhor Governador &#8211; por que n&atilde;o cumpre o que est&aacute; previsto na Lei?<br \/>Senhor Governador! Vossa Excel&ecirc;ncia poderia, pessoalmente sentar-se &agrave; mesa de negocia&ccedil;&atilde;o com os representantes da classe, com a presen&ccedil;a da imprensa. Tanto os professores como o governador s&atilde;o pessoas de forma&ccedil;&atilde;o, educadas, podendo-se achar uma solu&ccedil;&atilde;o vis&iacute;vel, amiga, que satisfizesse ambas as partes, visto que, Vossa Excel&ecirc;ncia &eacute; quem tem o poder de decis&atilde;o, mesmo porque, seus emiss&aacute;rios, at&eacute; o momento n&atilde;o chegaram a um acordo satisfat&oacute;rio.&nbsp;<br \/>Acrescenta-se, ainda, que o Senhor Governador n&atilde;o despreze os professores aposentados, preterindo os seus direitos sagrados, que muito fizeram pela Educa&ccedil;&atilde;o e, n&atilde;o olhados, o governo cometer&aacute; mais uma injusti&ccedil;a, pois, os reajustes ter&atilde;o direito na mesma propor&ccedil;&atilde;o do pessoal em atividade.<br \/>Com todas as v&ecirc;nias, Senhor Governador! Segundo a Grande Enciclop&eacute;dia Delta Larousse, nos ensina que o termo Subs&iacute;dio significa: quantia que se d&aacute; a outrem para minora&ccedil;&atilde;o dos seus infort&uacute;nios; tratados quantia que um Estado d&aacute; a um aliado em virtude de tratados; adjuntorio; vencimentos de senadores, deputados e vereadores.<br \/>Ocorre que os nossos professores n&atilde;o s&atilde;o parlamentares, n&atilde;o est&atilde;o em nenhuma Conven&ccedil;&atilde;o, muito menos atr&aacute;s de adjuntorio ( ajuda, aux&iacute;lio, esmola),etc, sim, um sal&aacute;rio que fazem jus previsto em Lei, devido ao suor e esfor&ccedil;os em favor das nossas crian&ccedil;as e adolescentes.<br \/>Os contracheques do m&ecirc;s de junho trouxeram mais uma preocupa&ccedil;&atilde;o para os educadores; vieram sem as vantagens especificando cada uma como era e transformou vencimentos, simplesmente em &#8211; SUBS&Iacute;DIOS &#8211; aumentando mais o constrangimento aos mestres que est&atilde;o na espera de uma l&iacute;dima justi&ccedil;a. Situa&ccedil;&atilde;o, desagrad&aacute;vel, tamb&eacute;m, para minha esposa, professora Wilma Rosa, que serviu &agrave; Educa&ccedil;&atilde;o por 30 anos, prestando bons servi&ccedil;os ao estado, sendo penalizada, da mesma sorte, por este &#8220;al&eacute;rgico&#8221; SUBS&Iacute;DIO.<br \/>Senhor Governador! Com todas as v&ecirc;nias, os professores e a nossa &#8220;professorinha&#8221; merecem maior aten&ccedil;&atilde;o; o contracheque sem Subs&iacute;dio de um sargento da PM e uma professora, serviram-se de s&iacute;mbolo &agrave; sua campanha para a vit&oacute;ria do governo da Bahia. Gratid&atilde;o &#8211; n&atilde;o h&aacute; a menor d&uacute;vida &#8211; &#8211; &eacute; o ber&ccedil;o materno de todos os sentimentos!<br \/>&#8220;Meu of&iacute;cio &eacute; dizer o que penso&#8221; ( Waltair, Fil&oacute;sofo franc&ecirc;s).<\/span><\/span><\/p>\n<p style=\"text-align: justify;\"><span style=\"font-size: medium;\"><span style=\"font-size: xx-small;\">*Geraldo Dias de Andrade &eacute; Cel. PM\/RR &#8211; Bel. em Direito &#8211; Cronista &#8211; Escritor &#8211; Membro da Academia Juazeirense de Letras &#8211; Membro da ABI\/Seccional Norte.<\/span><\/span><\/p>\n<p>&nbsp;<\/p>\n","protected":false},"excerpt":{"rendered":"<p>&nbsp; Quid emim Mali facit magister? ( Que mal fez o professor)? &#8220;As pr&oacute;prias obras &eacute; que prejudicam os malvados&#8221; ( Sto Agostinho). O professor &#8211; Senhor Governador &#8211; &eacute; coisa sagrada! Portanto, n&atilde;o merece ser torturado; &eacute; pecado! A Lei do retorno n&atilde;o perdoa! Martirizar uma classe de bons servi&ccedil;os prestados &agrave; humanidade, que transmite o saber a partir da crian&ccedil;a de colo, cujo aprendizado para a vida, &eacute; sem d&uacute;vida preferir a luz das trevas ao inv&eacute;s de se seguir, obedecer a palavra de Deus, ,fazendo uma l&iacute;dima justi&ccedil;a para n&atilde;o cair na fogueira ingl&oacute;ria, levando consigo os que o cercam. &#8221; Vir obediens loquetur vict&oacute;rias&#8221; ( Quem obedece entoa o hino da vit&oacute;ria). &#8221; Justi&ccedil;a &eacute; uma&hellip; <\/p>\n","protected":false},"author":0,"featured_media":0,"comment_status":"open","ping_status":"open","sticky":false,"template":"","format":"standard","meta":{"_acf_changed":false,"footnotes":""},"categories":[30],"tags":[],"class_list":["post-16026","post","type-post","status-publish","format-standard","hentry","category-artigo"],"acf":[],"yoast_head":"<!-- This site is optimized with the Yoast SEO plugin v27.4 - https:\/\/yoast.com\/product\/yoast-seo-wordpress\/ -->\n<title>A JUSTI\u00c7A \u00c9 COISA SAGRADA QUE N\u00c3O DEVE LESIONAR A RAZ\u00c3O!  - Blog do Farn\u00e9sio<\/title>\n<meta name=\"robots\" content=\"index, follow, max-snippet:-1, max-image-preview:large, max-video-preview:-1\" \/>\n<link rel=\"canonical\" href=\"https:\/\/blogdofarnesio.com.br\/?p=16026\" \/>\n<meta property=\"og:locale\" content=\"pt_BR\" \/>\n<meta property=\"og:type\" content=\"article\" \/>\n<meta property=\"og:title\" content=\"A JUSTI\u00c7A \u00c9 COISA SAGRADA QUE N\u00c3O DEVE LESIONAR A RAZ\u00c3O!  - Blog do Farn\u00e9sio\" \/>\n<meta property=\"og:description\" content=\"&nbsp; Quid emim Mali facit magister? ( Que mal fez o professor)? &#8220;As pr&oacute;prias obras &eacute; que prejudicam os malvados&#8221; ( Sto Agostinho). O professor &#8211; Senhor Governador &#8211; &eacute; coisa sagrada! Portanto, n&atilde;o merece ser torturado; &eacute; pecado! A Lei do retorno n&atilde;o perdoa! Martirizar uma classe de bons servi&ccedil;os prestados &agrave; humanidade, que transmite o saber a partir da crian&ccedil;a de colo, cujo aprendizado para a vida, &eacute; sem d&uacute;vida preferir a luz das trevas ao inv&eacute;s de se seguir, obedecer a palavra de Deus, ,fazendo uma l&iacute;dima justi&ccedil;a para n&atilde;o cair na fogueira ingl&oacute;ria, levando consigo os que o cercam. &#8221; Vir obediens loquetur vict&oacute;rias&#8221; ( Quem obedece entoa o hino da vit&oacute;ria). &#8221; Justi&ccedil;a &eacute; uma&hellip;\" \/>\n<meta property=\"og:url\" content=\"https:\/\/blogdofarnesio.com.br\/?p=16026\" \/>\n<meta property=\"og:site_name\" content=\"Blog do Farn\u00e9sio\" \/>\n<meta property=\"article:publisher\" content=\"https:\/\/www.facebook.com\/BlogQuerSaberPolitica\/\" \/>\n<meta property=\"article:published_time\" content=\"2012-07-25T12:17:00+00:00\" \/>\n<meta property=\"og:image\" content=\"http:\/\/www.quersaberpolitica.com.br\/2016\/wp-content\/uploads\/2012\/12\/blogqspjustica50.jpg\" \/>\n<meta name=\"twitter:card\" content=\"summary_large_image\" \/>\n<meta name=\"twitter:label1\" content=\"Est. tempo de leitura\" \/>\n\t<meta name=\"twitter:data1\" content=\"7 minutos\" \/>\n<script type=\"application\/ld+json\" class=\"yoast-schema-graph\">{\"@context\":\"https:\\\/\\\/schema.org\",\"@graph\":[{\"@type\":\"Article\",\"@id\":\"https:\\\/\\\/blogdofarnesio.com.br\\\/?p=16026#article\",\"isPartOf\":{\"@id\":\"https:\\\/\\\/blogdofarnesio.com.br\\\/?p=16026\"},\"author\":{\"name\":\"\",\"@id\":\"\"},\"headline\":\"A JUSTI\u00c7A \u00c9 COISA SAGRADA QUE N\u00c3O DEVE LESIONAR A RAZ\u00c3O!\",\"datePublished\":\"2012-07-25T12:17:00+00:00\",\"mainEntityOfPage\":{\"@id\":\"https:\\\/\\\/blogdofarnesio.com.br\\\/?p=16026\"},\"wordCount\":1414,\"commentCount\":0,\"publisher\":{\"@id\":\"https:\\\/\\\/blogdofarnesio.com.br\\\/#organization\"},\"image\":{\"@id\":\"https:\\\/\\\/blogdofarnesio.com.br\\\/?p=16026#primaryimage\"},\"thumbnailUrl\":\"http:\\\/\\\/www.quersaberpolitica.com.br\\\/2016\\\/wp-content\\\/uploads\\\/2012\\\/12\\\/blogqspjustica50.jpg\",\"articleSection\":[\"Artigo\"],\"inLanguage\":\"pt-BR\",\"potentialAction\":[{\"@type\":\"CommentAction\",\"name\":\"Comment\",\"target\":[\"https:\\\/\\\/blogdofarnesio.com.br\\\/?p=16026#respond\"]}]},{\"@type\":\"WebPage\",\"@id\":\"https:\\\/\\\/blogdofarnesio.com.br\\\/?p=16026\",\"url\":\"https:\\\/\\\/blogdofarnesio.com.br\\\/?p=16026\",\"name\":\"A JUSTI\u00c7A \u00c9 COISA SAGRADA QUE N\u00c3O DEVE LESIONAR A RAZ\u00c3O! - Blog do Farn\u00e9sio\",\"isPartOf\":{\"@id\":\"https:\\\/\\\/blogdofarnesio.com.br\\\/#website\"},\"primaryImageOfPage\":{\"@id\":\"https:\\\/\\\/blogdofarnesio.com.br\\\/?p=16026#primaryimage\"},\"image\":{\"@id\":\"https:\\\/\\\/blogdofarnesio.com.br\\\/?p=16026#primaryimage\"},\"thumbnailUrl\":\"http:\\\/\\\/www.quersaberpolitica.com.br\\\/2016\\\/wp-content\\\/uploads\\\/2012\\\/12\\\/blogqspjustica50.jpg\",\"datePublished\":\"2012-07-25T12:17:00+00:00\",\"breadcrumb\":{\"@id\":\"https:\\\/\\\/blogdofarnesio.com.br\\\/?p=16026#breadcrumb\"},\"inLanguage\":\"pt-BR\",\"potentialAction\":[{\"@type\":\"ReadAction\",\"target\":[\"https:\\\/\\\/blogdofarnesio.com.br\\\/?p=16026\"]}]},{\"@type\":\"ImageObject\",\"inLanguage\":\"pt-BR\",\"@id\":\"https:\\\/\\\/blogdofarnesio.com.br\\\/?p=16026#primaryimage\",\"url\":\"http:\\\/\\\/www.quersaberpolitica.com.br\\\/2016\\\/wp-content\\\/uploads\\\/2012\\\/12\\\/blogqspjustica50.jpg\",\"contentUrl\":\"http:\\\/\\\/www.quersaberpolitica.com.br\\\/2016\\\/wp-content\\\/uploads\\\/2012\\\/12\\\/blogqspjustica50.jpg\"},{\"@type\":\"BreadcrumbList\",\"@id\":\"https:\\\/\\\/blogdofarnesio.com.br\\\/?p=16026#breadcrumb\",\"itemListElement\":[{\"@type\":\"ListItem\",\"position\":1,\"name\":\"In\u00edcio\",\"item\":\"https:\\\/\\\/blogdofarnesio.com.br\\\/\"},{\"@type\":\"ListItem\",\"position\":2,\"name\":\"A JUSTI\u00c7A \u00c9 COISA SAGRADA QUE N\u00c3O DEVE LESIONAR A RAZ\u00c3O!\"}]},{\"@type\":\"WebSite\",\"@id\":\"https:\\\/\\\/blogdofarnesio.com.br\\\/#website\",\"url\":\"https:\\\/\\\/blogdofarnesio.com.br\\\/\",\"name\":\"Blog do Farn\u00e9sio\",\"description\":\"Quer Saber Pol\u00edtica?\",\"publisher\":{\"@id\":\"https:\\\/\\\/blogdofarnesio.com.br\\\/#organization\"},\"potentialAction\":[{\"@type\":\"SearchAction\",\"target\":{\"@type\":\"EntryPoint\",\"urlTemplate\":\"https:\\\/\\\/blogdofarnesio.com.br\\\/?s={search_term_string}\"},\"query-input\":{\"@type\":\"PropertyValueSpecification\",\"valueRequired\":true,\"valueName\":\"search_term_string\"}}],\"inLanguage\":\"pt-BR\"},{\"@type\":\"Organization\",\"@id\":\"https:\\\/\\\/blogdofarnesio.com.br\\\/#organization\",\"name\":\"Blog do Farn\u00e9sio\",\"url\":\"https:\\\/\\\/blogdofarnesio.com.br\\\/\",\"logo\":{\"@type\":\"ImageObject\",\"inLanguage\":\"pt-BR\",\"@id\":\"https:\\\/\\\/blogdofarnesio.com.br\\\/#\\\/schema\\\/logo\\\/image\\\/\",\"url\":\"https:\\\/\\\/blogdofarnesio.com.br\\\/wp-content\\\/uploads\\\/2026\\\/03\\\/cropped-logo_new-1.png\",\"contentUrl\":\"https:\\\/\\\/blogdofarnesio.com.br\\\/wp-content\\\/uploads\\\/2026\\\/03\\\/cropped-logo_new-1.png\",\"width\":881,\"height\":685,\"caption\":\"Blog do Farn\u00e9sio\"},\"image\":{\"@id\":\"https:\\\/\\\/blogdofarnesio.com.br\\\/#\\\/schema\\\/logo\\\/image\\\/\"},\"sameAs\":[\"https:\\\/\\\/www.facebook.com\\\/BlogQuerSaberPolitica\\\/\"]}]}<\/script>\n<!-- \/ Yoast SEO plugin. -->","yoast_head_json":{"title":"A JUSTI\u00c7A \u00c9 COISA SAGRADA QUE N\u00c3O DEVE LESIONAR A RAZ\u00c3O!  - Blog do Farn\u00e9sio","robots":{"index":"index","follow":"follow","max-snippet":"max-snippet:-1","max-image-preview":"max-image-preview:large","max-video-preview":"max-video-preview:-1"},"canonical":"https:\/\/blogdofarnesio.com.br\/?p=16026","og_locale":"pt_BR","og_type":"article","og_title":"A JUSTI\u00c7A \u00c9 COISA SAGRADA QUE N\u00c3O DEVE LESIONAR A RAZ\u00c3O!  - Blog do Farn\u00e9sio","og_description":"&nbsp; Quid emim Mali facit magister? ( Que mal fez o professor)? &#8220;As pr&oacute;prias obras &eacute; que prejudicam os malvados&#8221; ( Sto Agostinho). O professor &#8211; Senhor Governador &#8211; &eacute; coisa sagrada! Portanto, n&atilde;o merece ser torturado; &eacute; pecado! A Lei do retorno n&atilde;o perdoa! Martirizar uma classe de bons servi&ccedil;os prestados &agrave; humanidade, que transmite o saber a partir da crian&ccedil;a de colo, cujo aprendizado para a vida, &eacute; sem d&uacute;vida preferir a luz das trevas ao inv&eacute;s de se seguir, obedecer a palavra de Deus, ,fazendo uma l&iacute;dima justi&ccedil;a para n&atilde;o cair na fogueira ingl&oacute;ria, levando consigo os que o cercam. &#8221; Vir obediens loquetur vict&oacute;rias&#8221; ( Quem obedece entoa o hino da vit&oacute;ria). &#8221; Justi&ccedil;a &eacute; uma&hellip;","og_url":"https:\/\/blogdofarnesio.com.br\/?p=16026","og_site_name":"Blog do Farn\u00e9sio","article_publisher":"https:\/\/www.facebook.com\/BlogQuerSaberPolitica\/","article_published_time":"2012-07-25T12:17:00+00:00","og_image":[{"url":"http:\/\/www.quersaberpolitica.com.br\/2016\/wp-content\/uploads\/2012\/12\/blogqspjustica50.jpg","type":"","width":"","height":""}],"twitter_card":"summary_large_image","twitter_misc":{"Est. tempo de leitura":"7 minutos"},"schema":{"@context":"https:\/\/schema.org","@graph":[{"@type":"Article","@id":"https:\/\/blogdofarnesio.com.br\/?p=16026#article","isPartOf":{"@id":"https:\/\/blogdofarnesio.com.br\/?p=16026"},"author":{"name":"","@id":""},"headline":"A JUSTI\u00c7A \u00c9 COISA SAGRADA QUE N\u00c3O DEVE LESIONAR A RAZ\u00c3O!","datePublished":"2012-07-25T12:17:00+00:00","mainEntityOfPage":{"@id":"https:\/\/blogdofarnesio.com.br\/?p=16026"},"wordCount":1414,"commentCount":0,"publisher":{"@id":"https:\/\/blogdofarnesio.com.br\/#organization"},"image":{"@id":"https:\/\/blogdofarnesio.com.br\/?p=16026#primaryimage"},"thumbnailUrl":"http:\/\/www.quersaberpolitica.com.br\/2016\/wp-content\/uploads\/2012\/12\/blogqspjustica50.jpg","articleSection":["Artigo"],"inLanguage":"pt-BR","potentialAction":[{"@type":"CommentAction","name":"Comment","target":["https:\/\/blogdofarnesio.com.br\/?p=16026#respond"]}]},{"@type":"WebPage","@id":"https:\/\/blogdofarnesio.com.br\/?p=16026","url":"https:\/\/blogdofarnesio.com.br\/?p=16026","name":"A JUSTI\u00c7A \u00c9 COISA SAGRADA QUE N\u00c3O DEVE LESIONAR A RAZ\u00c3O! - Blog do Farn\u00e9sio","isPartOf":{"@id":"https:\/\/blogdofarnesio.com.br\/#website"},"primaryImageOfPage":{"@id":"https:\/\/blogdofarnesio.com.br\/?p=16026#primaryimage"},"image":{"@id":"https:\/\/blogdofarnesio.com.br\/?p=16026#primaryimage"},"thumbnailUrl":"http:\/\/www.quersaberpolitica.com.br\/2016\/wp-content\/uploads\/2012\/12\/blogqspjustica50.jpg","datePublished":"2012-07-25T12:17:00+00:00","breadcrumb":{"@id":"https:\/\/blogdofarnesio.com.br\/?p=16026#breadcrumb"},"inLanguage":"pt-BR","potentialAction":[{"@type":"ReadAction","target":["https:\/\/blogdofarnesio.com.br\/?p=16026"]}]},{"@type":"ImageObject","inLanguage":"pt-BR","@id":"https:\/\/blogdofarnesio.com.br\/?p=16026#primaryimage","url":"http:\/\/www.quersaberpolitica.com.br\/2016\/wp-content\/uploads\/2012\/12\/blogqspjustica50.jpg","contentUrl":"http:\/\/www.quersaberpolitica.com.br\/2016\/wp-content\/uploads\/2012\/12\/blogqspjustica50.jpg"},{"@type":"BreadcrumbList","@id":"https:\/\/blogdofarnesio.com.br\/?p=16026#breadcrumb","itemListElement":[{"@type":"ListItem","position":1,"name":"In\u00edcio","item":"https:\/\/blogdofarnesio.com.br\/"},{"@type":"ListItem","position":2,"name":"A JUSTI\u00c7A \u00c9 COISA SAGRADA QUE N\u00c3O DEVE LESIONAR A RAZ\u00c3O!"}]},{"@type":"WebSite","@id":"https:\/\/blogdofarnesio.com.br\/#website","url":"https:\/\/blogdofarnesio.com.br\/","name":"Blog do Farn\u00e9sio","description":"Quer Saber Pol\u00edtica?","publisher":{"@id":"https:\/\/blogdofarnesio.com.br\/#organization"},"potentialAction":[{"@type":"SearchAction","target":{"@type":"EntryPoint","urlTemplate":"https:\/\/blogdofarnesio.com.br\/?s={search_term_string}"},"query-input":{"@type":"PropertyValueSpecification","valueRequired":true,"valueName":"search_term_string"}}],"inLanguage":"pt-BR"},{"@type":"Organization","@id":"https:\/\/blogdofarnesio.com.br\/#organization","name":"Blog do Farn\u00e9sio","url":"https:\/\/blogdofarnesio.com.br\/","logo":{"@type":"ImageObject","inLanguage":"pt-BR","@id":"https:\/\/blogdofarnesio.com.br\/#\/schema\/logo\/image\/","url":"https:\/\/blogdofarnesio.com.br\/wp-content\/uploads\/2026\/03\/cropped-logo_new-1.png","contentUrl":"https:\/\/blogdofarnesio.com.br\/wp-content\/uploads\/2026\/03\/cropped-logo_new-1.png","width":881,"height":685,"caption":"Blog do Farn\u00e9sio"},"image":{"@id":"https:\/\/blogdofarnesio.com.br\/#\/schema\/logo\/image\/"},"sameAs":["https:\/\/www.facebook.com\/BlogQuerSaberPolitica\/"]}]}},"_links":{"self":[{"href":"https:\/\/blogdofarnesio.com.br\/index.php?rest_route=\/wp\/v2\/posts\/16026","targetHints":{"allow":["GET"]}}],"collection":[{"href":"https:\/\/blogdofarnesio.com.br\/index.php?rest_route=\/wp\/v2\/posts"}],"about":[{"href":"https:\/\/blogdofarnesio.com.br\/index.php?rest_route=\/wp\/v2\/types\/post"}],"replies":[{"embeddable":true,"href":"https:\/\/blogdofarnesio.com.br\/index.php?rest_route=%2Fwp%2Fv2%2Fcomments&post=16026"}],"version-history":[{"count":0,"href":"https:\/\/blogdofarnesio.com.br\/index.php?rest_route=\/wp\/v2\/posts\/16026\/revisions"}],"wp:attachment":[{"href":"https:\/\/blogdofarnesio.com.br\/index.php?rest_route=%2Fwp%2Fv2%2Fmedia&parent=16026"}],"wp:term":[{"taxonomy":"category","embeddable":true,"href":"https:\/\/blogdofarnesio.com.br\/index.php?rest_route=%2Fwp%2Fv2%2Fcategories&post=16026"},{"taxonomy":"post_tag","embeddable":true,"href":"https:\/\/blogdofarnesio.com.br\/index.php?rest_route=%2Fwp%2Fv2%2Ftags&post=16026"}],"curies":[{"name":"wp","href":"https:\/\/api.w.org\/{rel}","templated":true}]}}