{"id":159309,"date":"2017-02-20T19:00:44","date_gmt":"2017-02-20T22:00:44","guid":{"rendered":"http:\/\/quersaberpolitica.com.br\/2016\/?p=159309"},"modified":"2017-02-20T18:46:46","modified_gmt":"2017-02-20T21:46:46","slug":"prefeitura-acaba-de-divulgar-resultado-preliminar-de-processo-seletivo-da-secretaria-de-educacao-de-juazeiro","status":"publish","type":"post","link":"https:\/\/blogdofarnesio.com.br\/?p=159309","title":{"rendered":"PREFEITURA ACABA DE DIVULGAR RESULTADO PRELIMINAR DE PROCESSO SELETIVO DA SECRETARIA DE EDUCA\u00c7\u00c3O DE JUAZEIRO"},"content":{"rendered":"<p><strong>CONFIRA AQUI OS SELECIONADOS\u00a0<\/strong><\/p>\n<p><em>ASCOM SEDUC<\/em><\/p>\n<p>A Secretaria de Educa\u00e7\u00e3o e Juventude de Juazeiro divulga nesta segunda-feira (20), de acordo com Edital n\u00ba04\/2016 e altera\u00e7\u00f5es posteriores, o resultado preliminar do Processo Seletivo P\u00fablico Simplificado, destinado a cadastro reserva, nos cargos de n\u00edvel fundamental, m\u00e9dio e superior, em setores e servi\u00e7os\u00a0da SEDUC.<\/p>\n<p>Os pedidos de recurso dever\u00e3o ser dirigidos \u00e0 Comiss\u00e3o Coordenadora de Recrutamento de Pessoal, no dia 21 de Fevereiro de 2017, das 09h \u00e0s 15h, em requerimento espec\u00edfico, conforme modelo no Anexo V do Edital, e entregues no N\u00facleo Administrativo de Juazeiro \u2013 NAJ (antiga Picadilly), localizado no Distrito Industrial do S\u00e3o Francisco, Jo\u00e3o Paulo II, Pavilh\u00e3o 2, n\u00ba12, (vizinho \u00e0 Compare Distribuidor).<\/p>\n<p>O resultado final ser\u00e1 divulgado no dia\u00a024 de fevereiro de 2017, no Di\u00e1rio Oficial do Munic\u00edpio e no site da Prefeitura de Juazeiro.<\/p>\n<p>O Processo Seletivo Simplificado foi realizado mediante avalia\u00e7\u00e3o curricular de t\u00edtulos dos candidatos e experi\u00eancia profissional dos mesmos. Os sal\u00e1rios variam de R$ 888,00 a R$ 2.122,64.<\/p>\n<p>Confira <strong>AQUI<\/strong> a lista do resultado preliminar<\/p>\n<p><em>ASCOM SEDUC<\/em><\/p>\n","protected":false},"excerpt":{"rendered":"<p>CONFIRA AQUI OS SELECIONADOS\u00a0 ASCOM SEDUC A Secretaria de Educa\u00e7\u00e3o e Juventude de Juazeiro divulga nesta segunda-feira (20), de acordo com Edital n\u00ba04\/2016 e altera\u00e7\u00f5es posteriores, o resultado preliminar do Processo Seletivo P\u00fablico Simplificado, destinado a cadastro reserva, nos cargos de n\u00edvel fundamental, m\u00e9dio e superior, em setores e servi\u00e7os\u00a0da SEDUC. Os pedidos de recurso dever\u00e3o ser dirigidos \u00e0 Comiss\u00e3o Coordenadora de Recrutamento de Pessoal, no dia 21 de Fevereiro de 2017, das 09h \u00e0s 15h, em requerimento espec\u00edfico, conforme modelo no Anexo V do Edital, e entregues no N\u00facleo Administrativo de Juazeiro \u2013 NAJ (antiga Picadilly), localizado no Distrito Industrial do S\u00e3o Francisco, Jo\u00e3o Paulo II, Pavilh\u00e3o 2, n\u00ba12, (vizinho \u00e0 Compare Distribuidor). O resultado final ser\u00e1 divulgado no&hellip; <\/p>\n","protected":false},"author":1,"featured_media":151775,"comment_status":"open","ping_status":"open","sticky":false,"template":"","format":"standard","meta":{"_acf_changed":false,"footnotes":""},"categories":[31,6],"tags":[],"class_list":["post-159309","post","type-post","status-publish","format-standard","has-post-thumbnail","hentry","category-concursos","category-educacao"],"acf":[],"yoast_head":"<!-- This site is optimized with the Yoast SEO plugin v27.4 - https:\/\/yoast.com\/product\/yoast-seo-wordpress\/ -->\n<title>PREFEITURA ACABA DE DIVULGAR RESULTADO PRELIMINAR DE PROCESSO SELETIVO DA SECRETARIA DE EDUCA\u00c7\u00c3O DE JUAZEIRO - Blog do Farn\u00e9sio<\/title>\n<meta name=\"robots\" content=\"index, follow, max-snippet:-1, max-image-preview:large, max-video-preview:-1\" \/>\n<link rel=\"canonical\" href=\"https:\/\/blogdofarnesio.com.br\/?p=159309\" \/>\n<meta property=\"og:locale\" content=\"pt_BR\" \/>\n<meta property=\"og:type\" content=\"article\" \/>\n<meta property=\"og:title\" content=\"PREFEITURA ACABA DE DIVULGAR RESULTADO PRELIMINAR DE PROCESSO SELETIVO DA SECRETARIA DE EDUCA\u00c7\u00c3O DE JUAZEIRO - Blog do Farn\u00e9sio\" \/>\n<meta property=\"og:description\" content=\"CONFIRA AQUI OS SELECIONADOS\u00a0 ASCOM SEDUC A Secretaria de Educa\u00e7\u00e3o e Juventude de Juazeiro divulga nesta segunda-feira (20), de acordo com Edital n\u00ba04\/2016 e altera\u00e7\u00f5es posteriores, o resultado preliminar do Processo Seletivo P\u00fablico Simplificado, destinado a cadastro reserva, nos cargos de n\u00edvel fundamental, m\u00e9dio e superior, em setores e servi\u00e7os\u00a0da SEDUC. Os pedidos de recurso dever\u00e3o ser dirigidos \u00e0 Comiss\u00e3o Coordenadora de Recrutamento de Pessoal, no dia 21 de Fevereiro de 2017, das 09h \u00e0s 15h, em requerimento espec\u00edfico, conforme modelo no Anexo V do Edital, e entregues no N\u00facleo Administrativo de Juazeiro \u2013 NAJ (antiga Picadilly), localizado no Distrito Industrial do S\u00e3o Francisco, Jo\u00e3o Paulo II, Pavilh\u00e3o 2, n\u00ba12, (vizinho \u00e0 Compare Distribuidor). O resultado final ser\u00e1 divulgado no&hellip;\" \/>\n<meta property=\"og:url\" content=\"https:\/\/blogdofarnesio.com.br\/?p=159309\" \/>\n<meta property=\"og:site_name\" content=\"Blog do Farn\u00e9sio\" \/>\n<meta property=\"article:publisher\" content=\"https:\/\/www.facebook.com\/BlogQuerSaberPolitica\/\" \/>\n<meta property=\"article:published_time\" content=\"2017-02-20T22:00:44+00:00\" \/>\n<meta property=\"og:image\" content=\"https:\/\/blogdofarnesio.com.br\/wp-content\/uploads\/2016\/12\/blogqsp-Resultado_Concurso.jpg\" \/>\n\t<meta property=\"og:image:width\" content=\"375\" \/>\n\t<meta property=\"og:image:height\" content=\"209\" \/>\n\t<meta property=\"og:image:type\" content=\"image\/jpeg\" \/>\n<meta name=\"author\" content=\"Farn\u00e9sio\" \/>\n<meta name=\"twitter:card\" content=\"summary_large_image\" \/>\n<meta name=\"twitter:label1\" content=\"Escrito por\" \/>\n\t<meta name=\"twitter:data1\" content=\"Farn\u00e9sio\" \/>\n\t<meta name=\"twitter:label2\" content=\"Est. tempo de leitura\" \/>\n\t<meta name=\"twitter:data2\" content=\"1 minuto\" \/>\n<script type=\"application\/ld+json\" class=\"yoast-schema-graph\">{\"@context\":\"https:\\\/\\\/schema.org\",\"@graph\":[{\"@type\":\"Article\",\"@id\":\"https:\\\/\\\/blogdofarnesio.com.br\\\/?p=159309#article\",\"isPartOf\":{\"@id\":\"https:\\\/\\\/blogdofarnesio.com.br\\\/?p=159309\"},\"author\":{\"name\":\"Farn\u00e9sio\",\"@id\":\"https:\\\/\\\/blogdofarnesio.com.br\\\/#\\\/schema\\\/person\\\/301c4acf522bccbfdb45af95b5b906a1\"},\"headline\":\"PREFEITURA ACABA DE DIVULGAR RESULTADO PRELIMINAR DE PROCESSO SELETIVO DA SECRETARIA DE EDUCA\u00c7\u00c3O DE JUAZEIRO\",\"datePublished\":\"2017-02-20T22:00:44+00:00\",\"mainEntityOfPage\":{\"@id\":\"https:\\\/\\\/blogdofarnesio.com.br\\\/?p=159309\"},\"wordCount\":199,\"commentCount\":0,\"publisher\":{\"@id\":\"https:\\\/\\\/blogdofarnesio.com.br\\\/#organization\"},\"image\":{\"@id\":\"https:\\\/\\\/blogdofarnesio.com.br\\\/?p=159309#primaryimage\"},\"thumbnailUrl\":\"https:\\\/\\\/blogdofarnesio.com.br\\\/wp-content\\\/uploads\\\/2016\\\/12\\\/blogqsp-Resultado_Concurso.jpg\",\"articleSection\":[\"Concursos\",\"Educa\u00e7\u00e3o\"],\"inLanguage\":\"pt-BR\",\"potentialAction\":[{\"@type\":\"CommentAction\",\"name\":\"Comment\",\"target\":[\"https:\\\/\\\/blogdofarnesio.com.br\\\/?p=159309#respond\"]}]},{\"@type\":\"WebPage\",\"@id\":\"https:\\\/\\\/blogdofarnesio.com.br\\\/?p=159309\",\"url\":\"https:\\\/\\\/blogdofarnesio.com.br\\\/?p=159309\",\"name\":\"PREFEITURA ACABA DE DIVULGAR RESULTADO PRELIMINAR DE PROCESSO SELETIVO DA SECRETARIA DE EDUCA\u00c7\u00c3O DE JUAZEIRO - Blog do Farn\u00e9sio\",\"isPartOf\":{\"@id\":\"https:\\\/\\\/blogdofarnesio.com.br\\\/#website\"},\"primaryImageOfPage\":{\"@id\":\"https:\\\/\\\/blogdofarnesio.com.br\\\/?p=159309#primaryimage\"},\"image\":{\"@id\":\"https:\\\/\\\/blogdofarnesio.com.br\\\/?p=159309#primaryimage\"},\"thumbnailUrl\":\"https:\\\/\\\/blogdofarnesio.com.br\\\/wp-content\\\/uploads\\\/2016\\\/12\\\/blogqsp-Resultado_Concurso.jpg\",\"datePublished\":\"2017-02-20T22:00:44+00:00\",\"breadcrumb\":{\"@id\":\"https:\\\/\\\/blogdofarnesio.com.br\\\/?p=159309#breadcrumb\"},\"inLanguage\":\"pt-BR\",\"potentialAction\":[{\"@type\":\"ReadAction\",\"target\":[\"https:\\\/\\\/blogdofarnesio.com.br\\\/?p=159309\"]}]},{\"@type\":\"ImageObject\",\"inLanguage\":\"pt-BR\",\"@id\":\"https:\\\/\\\/blogdofarnesio.com.br\\\/?p=159309#primaryimage\",\"url\":\"https:\\\/\\\/blogdofarnesio.com.br\\\/wp-content\\\/uploads\\\/2016\\\/12\\\/blogqsp-Resultado_Concurso.jpg\",\"contentUrl\":\"https:\\\/\\\/blogdofarnesio.com.br\\\/wp-content\\\/uploads\\\/2016\\\/12\\\/blogqsp-Resultado_Concurso.jpg\",\"width\":375,\"height\":209},{\"@type\":\"BreadcrumbList\",\"@id\":\"https:\\\/\\\/blogdofarnesio.com.br\\\/?p=159309#breadcrumb\",\"itemListElement\":[{\"@type\":\"ListItem\",\"position\":1,\"name\":\"In\u00edcio\",\"item\":\"https:\\\/\\\/blogdofarnesio.com.br\\\/\"},{\"@type\":\"ListItem\",\"position\":2,\"name\":\"PREFEITURA ACABA DE DIVULGAR RESULTADO PRELIMINAR DE PROCESSO SELETIVO DA SECRETARIA DE EDUCA\u00c7\u00c3O DE JUAZEIRO\"}]},{\"@type\":\"WebSite\",\"@id\":\"https:\\\/\\\/blogdofarnesio.com.br\\\/#website\",\"url\":\"https:\\\/\\\/blogdofarnesio.com.br\\\/\",\"name\":\"Blog do Farn\u00e9sio\",\"description\":\"Quer Saber Pol\u00edtica?\",\"publisher\":{\"@id\":\"https:\\\/\\\/blogdofarnesio.com.br\\\/#organization\"},\"potentialAction\":[{\"@type\":\"SearchAction\",\"target\":{\"@type\":\"EntryPoint\",\"urlTemplate\":\"https:\\\/\\\/blogdofarnesio.com.br\\\/?s={search_term_string}\"},\"query-input\":{\"@type\":\"PropertyValueSpecification\",\"valueRequired\":true,\"valueName\":\"search_term_string\"}}],\"inLanguage\":\"pt-BR\"},{\"@type\":\"Organization\",\"@id\":\"https:\\\/\\\/blogdofarnesio.com.br\\\/#organization\",\"name\":\"Blog do Farn\u00e9sio\",\"url\":\"https:\\\/\\\/blogdofarnesio.com.br\\\/\",\"logo\":{\"@type\":\"ImageObject\",\"inLanguage\":\"pt-BR\",\"@id\":\"https:\\\/\\\/blogdofarnesio.com.br\\\/#\\\/schema\\\/logo\\\/image\\\/\",\"url\":\"https:\\\/\\\/blogdofarnesio.com.br\\\/wp-content\\\/uploads\\\/2026\\\/03\\\/cropped-logo_new-1.png\",\"contentUrl\":\"https:\\\/\\\/blogdofarnesio.com.br\\\/wp-content\\\/uploads\\\/2026\\\/03\\\/cropped-logo_new-1.png\",\"width\":881,\"height\":685,\"caption\":\"Blog do Farn\u00e9sio\"},\"image\":{\"@id\":\"https:\\\/\\\/blogdofarnesio.com.br\\\/#\\\/schema\\\/logo\\\/image\\\/\"},\"sameAs\":[\"https:\\\/\\\/www.facebook.com\\\/BlogQuerSaberPolitica\\\/\"]},{\"@type\":\"Person\",\"@id\":\"https:\\\/\\\/blogdofarnesio.com.br\\\/#\\\/schema\\\/person\\\/301c4acf522bccbfdb45af95b5b906a1\",\"name\":\"Farn\u00e9sio\",\"image\":{\"@type\":\"ImageObject\",\"inLanguage\":\"pt-BR\",\"@id\":\"https:\\\/\\\/secure.gravatar.com\\\/avatar\\\/df0c9a14567c056f8ad6876ba5bbd1e3e2c48023eb6807342fc4663adf549f38?s=96&d=mm&r=g\",\"url\":\"https:\\\/\\\/secure.gravatar.com\\\/avatar\\\/df0c9a14567c056f8ad6876ba5bbd1e3e2c48023eb6807342fc4663adf549f38?s=96&d=mm&r=g\",\"contentUrl\":\"https:\\\/\\\/secure.gravatar.com\\\/avatar\\\/df0c9a14567c056f8ad6876ba5bbd1e3e2c48023eb6807342fc4663adf549f38?s=96&d=mm&r=g\",\"caption\":\"Farn\u00e9sio\"},\"sameAs\":[\"https:\\\/\\\/quersaberpolitica.com.br\"],\"url\":\"https:\\\/\\\/blogdofarnesio.com.br\\\/?author=1\"}]}<\/script>\n<!-- \/ Yoast SEO plugin. -->","yoast_head_json":{"title":"PREFEITURA ACABA DE DIVULGAR RESULTADO PRELIMINAR DE PROCESSO SELETIVO DA SECRETARIA DE EDUCA\u00c7\u00c3O DE JUAZEIRO - Blog do Farn\u00e9sio","robots":{"index":"index","follow":"follow","max-snippet":"max-snippet:-1","max-image-preview":"max-image-preview:large","max-video-preview":"max-video-preview:-1"},"canonical":"https:\/\/blogdofarnesio.com.br\/?p=159309","og_locale":"pt_BR","og_type":"article","og_title":"PREFEITURA ACABA DE DIVULGAR RESULTADO PRELIMINAR DE PROCESSO SELETIVO DA SECRETARIA DE EDUCA\u00c7\u00c3O DE JUAZEIRO - Blog do Farn\u00e9sio","og_description":"CONFIRA AQUI OS SELECIONADOS\u00a0 ASCOM SEDUC A Secretaria de Educa\u00e7\u00e3o e Juventude de Juazeiro divulga nesta segunda-feira (20), de acordo com Edital n\u00ba04\/2016 e altera\u00e7\u00f5es posteriores, o resultado preliminar do Processo Seletivo P\u00fablico Simplificado, destinado a cadastro reserva, nos cargos de n\u00edvel fundamental, m\u00e9dio e superior, em setores e servi\u00e7os\u00a0da SEDUC. Os pedidos de recurso dever\u00e3o ser dirigidos \u00e0 Comiss\u00e3o Coordenadora de Recrutamento de Pessoal, no dia 21 de Fevereiro de 2017, das 09h \u00e0s 15h, em requerimento espec\u00edfico, conforme modelo no Anexo V do Edital, e entregues no N\u00facleo Administrativo de Juazeiro \u2013 NAJ (antiga Picadilly), localizado no Distrito Industrial do S\u00e3o Francisco, Jo\u00e3o Paulo II, Pavilh\u00e3o 2, n\u00ba12, (vizinho \u00e0 Compare Distribuidor). O resultado final ser\u00e1 divulgado no&hellip;","og_url":"https:\/\/blogdofarnesio.com.br\/?p=159309","og_site_name":"Blog do Farn\u00e9sio","article_publisher":"https:\/\/www.facebook.com\/BlogQuerSaberPolitica\/","article_published_time":"2017-02-20T22:00:44+00:00","og_image":[{"width":375,"height":209,"url":"https:\/\/blogdofarnesio.com.br\/wp-content\/uploads\/2016\/12\/blogqsp-Resultado_Concurso.jpg","type":"image\/jpeg"}],"author":"Farn\u00e9sio","twitter_card":"summary_large_image","twitter_misc":{"Escrito por":"Farn\u00e9sio","Est. tempo de leitura":"1 minuto"},"schema":{"@context":"https:\/\/schema.org","@graph":[{"@type":"Article","@id":"https:\/\/blogdofarnesio.com.br\/?p=159309#article","isPartOf":{"@id":"https:\/\/blogdofarnesio.com.br\/?p=159309"},"author":{"name":"Farn\u00e9sio","@id":"https:\/\/blogdofarnesio.com.br\/#\/schema\/person\/301c4acf522bccbfdb45af95b5b906a1"},"headline":"PREFEITURA ACABA DE DIVULGAR RESULTADO PRELIMINAR DE PROCESSO SELETIVO DA SECRETARIA DE EDUCA\u00c7\u00c3O DE JUAZEIRO","datePublished":"2017-02-20T22:00:44+00:00","mainEntityOfPage":{"@id":"https:\/\/blogdofarnesio.com.br\/?p=159309"},"wordCount":199,"commentCount":0,"publisher":{"@id":"https:\/\/blogdofarnesio.com.br\/#organization"},"image":{"@id":"https:\/\/blogdofarnesio.com.br\/?p=159309#primaryimage"},"thumbnailUrl":"https:\/\/blogdofarnesio.com.br\/wp-content\/uploads\/2016\/12\/blogqsp-Resultado_Concurso.jpg","articleSection":["Concursos","Educa\u00e7\u00e3o"],"inLanguage":"pt-BR","potentialAction":[{"@type":"CommentAction","name":"Comment","target":["https:\/\/blogdofarnesio.com.br\/?p=159309#respond"]}]},{"@type":"WebPage","@id":"https:\/\/blogdofarnesio.com.br\/?p=159309","url":"https:\/\/blogdofarnesio.com.br\/?p=159309","name":"PREFEITURA ACABA DE DIVULGAR RESULTADO PRELIMINAR DE PROCESSO SELETIVO DA SECRETARIA DE EDUCA\u00c7\u00c3O DE JUAZEIRO - Blog do Farn\u00e9sio","isPartOf":{"@id":"https:\/\/blogdofarnesio.com.br\/#website"},"primaryImageOfPage":{"@id":"https:\/\/blogdofarnesio.com.br\/?p=159309#primaryimage"},"image":{"@id":"https:\/\/blogdofarnesio.com.br\/?p=159309#primaryimage"},"thumbnailUrl":"https:\/\/blogdofarnesio.com.br\/wp-content\/uploads\/2016\/12\/blogqsp-Resultado_Concurso.jpg","datePublished":"2017-02-20T22:00:44+00:00","breadcrumb":{"@id":"https:\/\/blogdofarnesio.com.br\/?p=159309#breadcrumb"},"inLanguage":"pt-BR","potentialAction":[{"@type":"ReadAction","target":["https:\/\/blogdofarnesio.com.br\/?p=159309"]}]},{"@type":"ImageObject","inLanguage":"pt-BR","@id":"https:\/\/blogdofarnesio.com.br\/?p=159309#primaryimage","url":"https:\/\/blogdofarnesio.com.br\/wp-content\/uploads\/2016\/12\/blogqsp-Resultado_Concurso.jpg","contentUrl":"https:\/\/blogdofarnesio.com.br\/wp-content\/uploads\/2016\/12\/blogqsp-Resultado_Concurso.jpg","width":375,"height":209},{"@type":"BreadcrumbList","@id":"https:\/\/blogdofarnesio.com.br\/?p=159309#breadcrumb","itemListElement":[{"@type":"ListItem","position":1,"name":"In\u00edcio","item":"https:\/\/blogdofarnesio.com.br\/"},{"@type":"ListItem","position":2,"name":"PREFEITURA ACABA DE DIVULGAR RESULTADO PRELIMINAR DE PROCESSO SELETIVO DA SECRETARIA DE EDUCA\u00c7\u00c3O DE JUAZEIRO"}]},{"@type":"WebSite","@id":"https:\/\/blogdofarnesio.com.br\/#website","url":"https:\/\/blogdofarnesio.com.br\/","name":"Blog do Farn\u00e9sio","description":"Quer Saber Pol\u00edtica?","publisher":{"@id":"https:\/\/blogdofarnesio.com.br\/#organization"},"potentialAction":[{"@type":"SearchAction","target":{"@type":"EntryPoint","urlTemplate":"https:\/\/blogdofarnesio.com.br\/?s={search_term_string}"},"query-input":{"@type":"PropertyValueSpecification","valueRequired":true,"valueName":"search_term_string"}}],"inLanguage":"pt-BR"},{"@type":"Organization","@id":"https:\/\/blogdofarnesio.com.br\/#organization","name":"Blog do Farn\u00e9sio","url":"https:\/\/blogdofarnesio.com.br\/","logo":{"@type":"ImageObject","inLanguage":"pt-BR","@id":"https:\/\/blogdofarnesio.com.br\/#\/schema\/logo\/image\/","url":"https:\/\/blogdofarnesio.com.br\/wp-content\/uploads\/2026\/03\/cropped-logo_new-1.png","contentUrl":"https:\/\/blogdofarnesio.com.br\/wp-content\/uploads\/2026\/03\/cropped-logo_new-1.png","width":881,"height":685,"caption":"Blog do Farn\u00e9sio"},"image":{"@id":"https:\/\/blogdofarnesio.com.br\/#\/schema\/logo\/image\/"},"sameAs":["https:\/\/www.facebook.com\/BlogQuerSaberPolitica\/"]},{"@type":"Person","@id":"https:\/\/blogdofarnesio.com.br\/#\/schema\/person\/301c4acf522bccbfdb45af95b5b906a1","name":"Farn\u00e9sio","image":{"@type":"ImageObject","inLanguage":"pt-BR","@id":"https:\/\/secure.gravatar.com\/avatar\/df0c9a14567c056f8ad6876ba5bbd1e3e2c48023eb6807342fc4663adf549f38?s=96&d=mm&r=g","url":"https:\/\/secure.gravatar.com\/avatar\/df0c9a14567c056f8ad6876ba5bbd1e3e2c48023eb6807342fc4663adf549f38?s=96&d=mm&r=g","contentUrl":"https:\/\/secure.gravatar.com\/avatar\/df0c9a14567c056f8ad6876ba5bbd1e3e2c48023eb6807342fc4663adf549f38?s=96&d=mm&r=g","caption":"Farn\u00e9sio"},"sameAs":["https:\/\/quersaberpolitica.com.br"],"url":"https:\/\/blogdofarnesio.com.br\/?author=1"}]}},"_links":{"self":[{"href":"https:\/\/blogdofarnesio.com.br\/index.php?rest_route=\/wp\/v2\/posts\/159309","targetHints":{"allow":["GET"]}}],"collection":[{"href":"https:\/\/blogdofarnesio.com.br\/index.php?rest_route=\/wp\/v2\/posts"}],"about":[{"href":"https:\/\/blogdofarnesio.com.br\/index.php?rest_route=\/wp\/v2\/types\/post"}],"author":[{"embeddable":true,"href":"https:\/\/blogdofarnesio.com.br\/index.php?rest_route=\/wp\/v2\/users\/1"}],"replies":[{"embeddable":true,"href":"https:\/\/blogdofarnesio.com.br\/index.php?rest_route=%2Fwp%2Fv2%2Fcomments&post=159309"}],"version-history":[{"count":0,"href":"https:\/\/blogdofarnesio.com.br\/index.php?rest_route=\/wp\/v2\/posts\/159309\/revisions"}],"wp:featuredmedia":[{"embeddable":true,"href":"https:\/\/blogdofarnesio.com.br\/index.php?rest_route=\/wp\/v2\/media\/151775"}],"wp:attachment":[{"href":"https:\/\/blogdofarnesio.com.br\/index.php?rest_route=%2Fwp%2Fv2%2Fmedia&parent=159309"}],"wp:term":[{"taxonomy":"category","embeddable":true,"href":"https:\/\/blogdofarnesio.com.br\/index.php?rest_route=%2Fwp%2Fv2%2Fcategories&post=159309"},{"taxonomy":"post_tag","embeddable":true,"href":"https:\/\/blogdofarnesio.com.br\/index.php?rest_route=%2Fwp%2Fv2%2Ftags&post=159309"}],"curies":[{"name":"wp","href":"https:\/\/api.w.org\/{rel}","templated":true}]}}