{"id":159298,"date":"2017-02-20T17:32:40","date_gmt":"2017-02-20T20:32:40","guid":{"rendered":"http:\/\/quersaberpolitica.com.br\/2016\/?p=159298"},"modified":"2017-02-20T17:02:31","modified_gmt":"2017-02-20T20:02:31","slug":"medida-de-forca","status":"publish","type":"post","link":"https:\/\/blogdofarnesio.com.br\/?p=159298","title":{"rendered":"&#8220;MEDIDA DE FOR\u00c7A&#8221;"},"content":{"rendered":"<div class=\"td-post-header td-pb-padding-side\">\n<header>\n<h1 class=\"entry-title\">Governador Paulo C\u00e2mara\u00a0afasta PMs da Associa\u00e7\u00e3o de Cabos e Soldados<\/h1>\n<\/header>\n<\/div>\n<div class=\"td-post-content td-pb-padding-side\">\n<div class=\"news_heading\"><strong><span class=\"gallery_desc\">O afastamento, de 120 dias, foi motivado por \u201ccometimento, em tese, de crimes militares\u201d<\/span><\/strong><\/div>\n<div class=\"news_body\">\n<div class=\"font_change\">\n<div id=\"abanoticia\">A Secret\u00e1ria de Defesa Social afastou o presidente e o vice da Associa\u00e7\u00e3o de Cabos e Soldados de Pernambuco, Alb\u00e9risson Carlos da Silva e Nadelson Leite Costa, de seus cargos na Pol\u00edcia Militar. O afastamento, de 120 dias, foi motivado por \u201ccometimento, em tese, de crimes militares\u201d. A informa\u00e7\u00e3o foi publicada no Boletim Geral da SDS do s\u00e1bado. De acordo com o texto do boletim, os dois cabos s\u00e3o acusados de \u201cpraticarem, em tese, fatos incompat\u00edveis com a fun\u00e7\u00e3o p\u00fablica, os quais afetam a \u00e9tica, como tamb\u00e9m a honra pessoal e o decoro da classe\u201d.Ainda segundo o boletim, o prazo de 120 de afastamento pode ser renovado automaticamente pelo mesmo tempo e, caso o prazo total do afastamento acabe sem a conclus\u00e3o do processo administrativo, os servidores retornar\u00e3o \u00e0s atividades. Em dezembro do ano passado, o presidente e vice da Associa\u00e7\u00e3o de Cabos e Soldados de Pernambuco for\u00e3o presos durante uma assembleia da categoria para deliberar sobre uma poss\u00edvel greve. Durante a fala inicial das lideran\u00e7as, uma oficial de justi\u00e7a entregou a intima\u00e7\u00e3o ao sindicalista. Militares da Companhia Independente de Opera\u00e7\u00f5es Especiais (Cioe), fardados, efetuaram a pris\u00e3o administrativa em flagrante. Os dois foram conduzidos ao Quartel do Derby.<\/p>\n<p>O Tribunal de Justi\u00e7a de Pernambuco proibiu as associa\u00e7\u00f5es militares do estado de realizar assembleias para deliberar sobre greves. O desembargador Jos\u00e9 Fernandes Lemos determinou que as quatro entidades que representam os policiais militares \u201cse abstenham de realizar reuni\u00e3o, assembleia ou qualquer evento que tenha por objetivo reunir ou patrocinar a deflagra\u00e7\u00e3o de greve de militares estaduais ou qualquer outro movimento que comprometa a presta\u00e7\u00e3o do servi\u00e7o de seguran\u00e7a p\u00fablica\u201d<\/p>\n<\/div>\n<\/div>\n<\/div>\n<div>Di\u00e1rio de Pernambuco<\/div>\n<\/div>\n","protected":false},"excerpt":{"rendered":"<p>Governador Paulo C\u00e2mara\u00a0afasta PMs da Associa\u00e7\u00e3o de Cabos e Soldados O afastamento, de 120 dias, foi motivado por \u201ccometimento, em tese, de crimes militares\u201d A Secret\u00e1ria de Defesa Social afastou o presidente e o vice da Associa\u00e7\u00e3o de Cabos e Soldados de Pernambuco, Alb\u00e9risson Carlos da Silva e Nadelson Leite Costa, de seus cargos na Pol\u00edcia Militar. O afastamento, de 120 dias, foi motivado por \u201ccometimento, em tese, de crimes militares\u201d. A informa\u00e7\u00e3o foi publicada no Boletim Geral da SDS do s\u00e1bado. De acordo com o texto do boletim, os dois cabos s\u00e3o acusados de \u201cpraticarem, em tese, fatos incompat\u00edveis com a fun\u00e7\u00e3o p\u00fablica, os quais afetam a \u00e9tica, como tamb\u00e9m a honra pessoal e o decoro da classe\u201d.Ainda segundo&hellip; <\/p>\n","protected":false},"author":1,"featured_media":156328,"comment_status":"open","ping_status":"open","sticky":false,"template":"","format":"standard","meta":{"_acf_changed":false,"footnotes":""},"categories":[43],"tags":[],"class_list":["post-159298","post","type-post","status-publish","format-standard","has-post-thumbnail","hentry","category-sem-categoria"],"acf":[],"yoast_head":"<!-- This site is optimized with the Yoast SEO plugin v27.4 - https:\/\/yoast.com\/product\/yoast-seo-wordpress\/ -->\n<title>&quot;MEDIDA DE FOR\u00c7A&quot; - Blog do Farn\u00e9sio<\/title>\n<meta name=\"robots\" content=\"index, follow, max-snippet:-1, max-image-preview:large, max-video-preview:-1\" \/>\n<link rel=\"canonical\" href=\"https:\/\/blogdofarnesio.com.br\/?p=159298\" \/>\n<meta property=\"og:locale\" content=\"pt_BR\" \/>\n<meta property=\"og:type\" content=\"article\" \/>\n<meta property=\"og:title\" content=\"&quot;MEDIDA DE FOR\u00c7A&quot; - Blog do Farn\u00e9sio\" \/>\n<meta property=\"og:description\" content=\"Governador Paulo C\u00e2mara\u00a0afasta PMs da Associa\u00e7\u00e3o de Cabos e Soldados O afastamento, de 120 dias, foi motivado por \u201ccometimento, em tese, de crimes militares\u201d A Secret\u00e1ria de Defesa Social afastou o presidente e o vice da Associa\u00e7\u00e3o de Cabos e Soldados de Pernambuco, Alb\u00e9risson Carlos da Silva e Nadelson Leite Costa, de seus cargos na Pol\u00edcia Militar. O afastamento, de 120 dias, foi motivado por \u201ccometimento, em tese, de crimes militares\u201d. A informa\u00e7\u00e3o foi publicada no Boletim Geral da SDS do s\u00e1bado. De acordo com o texto do boletim, os dois cabos s\u00e3o acusados de \u201cpraticarem, em tese, fatos incompat\u00edveis com a fun\u00e7\u00e3o p\u00fablica, os quais afetam a \u00e9tica, como tamb\u00e9m a honra pessoal e o decoro da classe\u201d.Ainda segundo&hellip;\" \/>\n<meta property=\"og:url\" content=\"https:\/\/blogdofarnesio.com.br\/?p=159298\" \/>\n<meta property=\"og:site_name\" content=\"Blog do Farn\u00e9sio\" \/>\n<meta property=\"article:publisher\" content=\"https:\/\/www.facebook.com\/BlogQuerSaberPolitica\/\" \/>\n<meta property=\"article:published_time\" content=\"2017-02-20T20:32:40+00:00\" \/>\n<meta property=\"og:image\" content=\"https:\/\/blogdofarnesio.com.br\/wp-content\/uploads\/2017\/02\/blogqspsdssecangelogoia-Foto-DP.png\" \/>\n\t<meta property=\"og:image:width\" content=\"640\" \/>\n\t<meta property=\"og:image:height\" content=\"356\" \/>\n\t<meta property=\"og:image:type\" content=\"image\/png\" \/>\n<meta name=\"author\" content=\"Farn\u00e9sio\" \/>\n<meta name=\"twitter:card\" content=\"summary_large_image\" \/>\n<meta name=\"twitter:label1\" content=\"Escrito por\" \/>\n\t<meta name=\"twitter:data1\" content=\"Farn\u00e9sio\" \/>\n\t<meta name=\"twitter:label2\" content=\"Est. tempo de leitura\" \/>\n\t<meta name=\"twitter:data2\" content=\"2 minutos\" \/>\n<script type=\"application\/ld+json\" class=\"yoast-schema-graph\">{\"@context\":\"https:\\\/\\\/schema.org\",\"@graph\":[{\"@type\":\"Article\",\"@id\":\"https:\\\/\\\/blogdofarnesio.com.br\\\/?p=159298#article\",\"isPartOf\":{\"@id\":\"https:\\\/\\\/blogdofarnesio.com.br\\\/?p=159298\"},\"author\":{\"name\":\"Farn\u00e9sio\",\"@id\":\"https:\\\/\\\/blogdofarnesio.com.br\\\/#\\\/schema\\\/person\\\/301c4acf522bccbfdb45af95b5b906a1\"},\"headline\":\"&#8220;MEDIDA DE FOR\u00c7A&#8221;\",\"datePublished\":\"2017-02-20T20:32:40+00:00\",\"mainEntityOfPage\":{\"@id\":\"https:\\\/\\\/blogdofarnesio.com.br\\\/?p=159298\"},\"wordCount\":330,\"commentCount\":0,\"publisher\":{\"@id\":\"https:\\\/\\\/blogdofarnesio.com.br\\\/#organization\"},\"image\":{\"@id\":\"https:\\\/\\\/blogdofarnesio.com.br\\\/?p=159298#primaryimage\"},\"thumbnailUrl\":\"https:\\\/\\\/blogdofarnesio.com.br\\\/wp-content\\\/uploads\\\/2017\\\/02\\\/blogqspsdssecangelogoia-Foto-DP.png\",\"inLanguage\":\"pt-BR\",\"potentialAction\":[{\"@type\":\"CommentAction\",\"name\":\"Comment\",\"target\":[\"https:\\\/\\\/blogdofarnesio.com.br\\\/?p=159298#respond\"]}]},{\"@type\":\"WebPage\",\"@id\":\"https:\\\/\\\/blogdofarnesio.com.br\\\/?p=159298\",\"url\":\"https:\\\/\\\/blogdofarnesio.com.br\\\/?p=159298\",\"name\":\"\\\"MEDIDA DE FOR\u00c7A\\\" - Blog do Farn\u00e9sio\",\"isPartOf\":{\"@id\":\"https:\\\/\\\/blogdofarnesio.com.br\\\/#website\"},\"primaryImageOfPage\":{\"@id\":\"https:\\\/\\\/blogdofarnesio.com.br\\\/?p=159298#primaryimage\"},\"image\":{\"@id\":\"https:\\\/\\\/blogdofarnesio.com.br\\\/?p=159298#primaryimage\"},\"thumbnailUrl\":\"https:\\\/\\\/blogdofarnesio.com.br\\\/wp-content\\\/uploads\\\/2017\\\/02\\\/blogqspsdssecangelogoia-Foto-DP.png\",\"datePublished\":\"2017-02-20T20:32:40+00:00\",\"breadcrumb\":{\"@id\":\"https:\\\/\\\/blogdofarnesio.com.br\\\/?p=159298#breadcrumb\"},\"inLanguage\":\"pt-BR\",\"potentialAction\":[{\"@type\":\"ReadAction\",\"target\":[\"https:\\\/\\\/blogdofarnesio.com.br\\\/?p=159298\"]}]},{\"@type\":\"ImageObject\",\"inLanguage\":\"pt-BR\",\"@id\":\"https:\\\/\\\/blogdofarnesio.com.br\\\/?p=159298#primaryimage\",\"url\":\"https:\\\/\\\/blogdofarnesio.com.br\\\/wp-content\\\/uploads\\\/2017\\\/02\\\/blogqspsdssecangelogoia-Foto-DP.png\",\"contentUrl\":\"https:\\\/\\\/blogdofarnesio.com.br\\\/wp-content\\\/uploads\\\/2017\\\/02\\\/blogqspsdssecangelogoia-Foto-DP.png\",\"width\":640,\"height\":356},{\"@type\":\"BreadcrumbList\",\"@id\":\"https:\\\/\\\/blogdofarnesio.com.br\\\/?p=159298#breadcrumb\",\"itemListElement\":[{\"@type\":\"ListItem\",\"position\":1,\"name\":\"In\u00edcio\",\"item\":\"https:\\\/\\\/blogdofarnesio.com.br\\\/\"},{\"@type\":\"ListItem\",\"position\":2,\"name\":\"&#8220;MEDIDA DE FOR\u00c7A&#8221;\"}]},{\"@type\":\"WebSite\",\"@id\":\"https:\\\/\\\/blogdofarnesio.com.br\\\/#website\",\"url\":\"https:\\\/\\\/blogdofarnesio.com.br\\\/\",\"name\":\"Blog do Farn\u00e9sio\",\"description\":\"Quer Saber Pol\u00edtica?\",\"publisher\":{\"@id\":\"https:\\\/\\\/blogdofarnesio.com.br\\\/#organization\"},\"potentialAction\":[{\"@type\":\"SearchAction\",\"target\":{\"@type\":\"EntryPoint\",\"urlTemplate\":\"https:\\\/\\\/blogdofarnesio.com.br\\\/?s={search_term_string}\"},\"query-input\":{\"@type\":\"PropertyValueSpecification\",\"valueRequired\":true,\"valueName\":\"search_term_string\"}}],\"inLanguage\":\"pt-BR\"},{\"@type\":\"Organization\",\"@id\":\"https:\\\/\\\/blogdofarnesio.com.br\\\/#organization\",\"name\":\"Blog do Farn\u00e9sio\",\"url\":\"https:\\\/\\\/blogdofarnesio.com.br\\\/\",\"logo\":{\"@type\":\"ImageObject\",\"inLanguage\":\"pt-BR\",\"@id\":\"https:\\\/\\\/blogdofarnesio.com.br\\\/#\\\/schema\\\/logo\\\/image\\\/\",\"url\":\"https:\\\/\\\/blogdofarnesio.com.br\\\/wp-content\\\/uploads\\\/2026\\\/03\\\/cropped-logo_new-1.png\",\"contentUrl\":\"https:\\\/\\\/blogdofarnesio.com.br\\\/wp-content\\\/uploads\\\/2026\\\/03\\\/cropped-logo_new-1.png\",\"width\":881,\"height\":685,\"caption\":\"Blog do Farn\u00e9sio\"},\"image\":{\"@id\":\"https:\\\/\\\/blogdofarnesio.com.br\\\/#\\\/schema\\\/logo\\\/image\\\/\"},\"sameAs\":[\"https:\\\/\\\/www.facebook.com\\\/BlogQuerSaberPolitica\\\/\"]},{\"@type\":\"Person\",\"@id\":\"https:\\\/\\\/blogdofarnesio.com.br\\\/#\\\/schema\\\/person\\\/301c4acf522bccbfdb45af95b5b906a1\",\"name\":\"Farn\u00e9sio\",\"image\":{\"@type\":\"ImageObject\",\"inLanguage\":\"pt-BR\",\"@id\":\"https:\\\/\\\/secure.gravatar.com\\\/avatar\\\/df0c9a14567c056f8ad6876ba5bbd1e3e2c48023eb6807342fc4663adf549f38?s=96&d=mm&r=g\",\"url\":\"https:\\\/\\\/secure.gravatar.com\\\/avatar\\\/df0c9a14567c056f8ad6876ba5bbd1e3e2c48023eb6807342fc4663adf549f38?s=96&d=mm&r=g\",\"contentUrl\":\"https:\\\/\\\/secure.gravatar.com\\\/avatar\\\/df0c9a14567c056f8ad6876ba5bbd1e3e2c48023eb6807342fc4663adf549f38?s=96&d=mm&r=g\",\"caption\":\"Farn\u00e9sio\"},\"sameAs\":[\"https:\\\/\\\/quersaberpolitica.com.br\"],\"url\":\"https:\\\/\\\/blogdofarnesio.com.br\\\/?author=1\"}]}<\/script>\n<!-- \/ Yoast SEO plugin. -->","yoast_head_json":{"title":"\"MEDIDA DE FOR\u00c7A\" - Blog do Farn\u00e9sio","robots":{"index":"index","follow":"follow","max-snippet":"max-snippet:-1","max-image-preview":"max-image-preview:large","max-video-preview":"max-video-preview:-1"},"canonical":"https:\/\/blogdofarnesio.com.br\/?p=159298","og_locale":"pt_BR","og_type":"article","og_title":"\"MEDIDA DE FOR\u00c7A\" - Blog do Farn\u00e9sio","og_description":"Governador Paulo C\u00e2mara\u00a0afasta PMs da Associa\u00e7\u00e3o de Cabos e Soldados O afastamento, de 120 dias, foi motivado por \u201ccometimento, em tese, de crimes militares\u201d A Secret\u00e1ria de Defesa Social afastou o presidente e o vice da Associa\u00e7\u00e3o de Cabos e Soldados de Pernambuco, Alb\u00e9risson Carlos da Silva e Nadelson Leite Costa, de seus cargos na Pol\u00edcia Militar. O afastamento, de 120 dias, foi motivado por \u201ccometimento, em tese, de crimes militares\u201d. A informa\u00e7\u00e3o foi publicada no Boletim Geral da SDS do s\u00e1bado. De acordo com o texto do boletim, os dois cabos s\u00e3o acusados de \u201cpraticarem, em tese, fatos incompat\u00edveis com a fun\u00e7\u00e3o p\u00fablica, os quais afetam a \u00e9tica, como tamb\u00e9m a honra pessoal e o decoro da classe\u201d.Ainda segundo&hellip;","og_url":"https:\/\/blogdofarnesio.com.br\/?p=159298","og_site_name":"Blog do Farn\u00e9sio","article_publisher":"https:\/\/www.facebook.com\/BlogQuerSaberPolitica\/","article_published_time":"2017-02-20T20:32:40+00:00","og_image":[{"width":640,"height":356,"url":"https:\/\/blogdofarnesio.com.br\/wp-content\/uploads\/2017\/02\/blogqspsdssecangelogoia-Foto-DP.png","type":"image\/png"}],"author":"Farn\u00e9sio","twitter_card":"summary_large_image","twitter_misc":{"Escrito por":"Farn\u00e9sio","Est. tempo de leitura":"2 minutos"},"schema":{"@context":"https:\/\/schema.org","@graph":[{"@type":"Article","@id":"https:\/\/blogdofarnesio.com.br\/?p=159298#article","isPartOf":{"@id":"https:\/\/blogdofarnesio.com.br\/?p=159298"},"author":{"name":"Farn\u00e9sio","@id":"https:\/\/blogdofarnesio.com.br\/#\/schema\/person\/301c4acf522bccbfdb45af95b5b906a1"},"headline":"&#8220;MEDIDA DE FOR\u00c7A&#8221;","datePublished":"2017-02-20T20:32:40+00:00","mainEntityOfPage":{"@id":"https:\/\/blogdofarnesio.com.br\/?p=159298"},"wordCount":330,"commentCount":0,"publisher":{"@id":"https:\/\/blogdofarnesio.com.br\/#organization"},"image":{"@id":"https:\/\/blogdofarnesio.com.br\/?p=159298#primaryimage"},"thumbnailUrl":"https:\/\/blogdofarnesio.com.br\/wp-content\/uploads\/2017\/02\/blogqspsdssecangelogoia-Foto-DP.png","inLanguage":"pt-BR","potentialAction":[{"@type":"CommentAction","name":"Comment","target":["https:\/\/blogdofarnesio.com.br\/?p=159298#respond"]}]},{"@type":"WebPage","@id":"https:\/\/blogdofarnesio.com.br\/?p=159298","url":"https:\/\/blogdofarnesio.com.br\/?p=159298","name":"\"MEDIDA DE FOR\u00c7A\" - Blog do Farn\u00e9sio","isPartOf":{"@id":"https:\/\/blogdofarnesio.com.br\/#website"},"primaryImageOfPage":{"@id":"https:\/\/blogdofarnesio.com.br\/?p=159298#primaryimage"},"image":{"@id":"https:\/\/blogdofarnesio.com.br\/?p=159298#primaryimage"},"thumbnailUrl":"https:\/\/blogdofarnesio.com.br\/wp-content\/uploads\/2017\/02\/blogqspsdssecangelogoia-Foto-DP.png","datePublished":"2017-02-20T20:32:40+00:00","breadcrumb":{"@id":"https:\/\/blogdofarnesio.com.br\/?p=159298#breadcrumb"},"inLanguage":"pt-BR","potentialAction":[{"@type":"ReadAction","target":["https:\/\/blogdofarnesio.com.br\/?p=159298"]}]},{"@type":"ImageObject","inLanguage":"pt-BR","@id":"https:\/\/blogdofarnesio.com.br\/?p=159298#primaryimage","url":"https:\/\/blogdofarnesio.com.br\/wp-content\/uploads\/2017\/02\/blogqspsdssecangelogoia-Foto-DP.png","contentUrl":"https:\/\/blogdofarnesio.com.br\/wp-content\/uploads\/2017\/02\/blogqspsdssecangelogoia-Foto-DP.png","width":640,"height":356},{"@type":"BreadcrumbList","@id":"https:\/\/blogdofarnesio.com.br\/?p=159298#breadcrumb","itemListElement":[{"@type":"ListItem","position":1,"name":"In\u00edcio","item":"https:\/\/blogdofarnesio.com.br\/"},{"@type":"ListItem","position":2,"name":"&#8220;MEDIDA DE FOR\u00c7A&#8221;"}]},{"@type":"WebSite","@id":"https:\/\/blogdofarnesio.com.br\/#website","url":"https:\/\/blogdofarnesio.com.br\/","name":"Blog do Farn\u00e9sio","description":"Quer Saber Pol\u00edtica?","publisher":{"@id":"https:\/\/blogdofarnesio.com.br\/#organization"},"potentialAction":[{"@type":"SearchAction","target":{"@type":"EntryPoint","urlTemplate":"https:\/\/blogdofarnesio.com.br\/?s={search_term_string}"},"query-input":{"@type":"PropertyValueSpecification","valueRequired":true,"valueName":"search_term_string"}}],"inLanguage":"pt-BR"},{"@type":"Organization","@id":"https:\/\/blogdofarnesio.com.br\/#organization","name":"Blog do Farn\u00e9sio","url":"https:\/\/blogdofarnesio.com.br\/","logo":{"@type":"ImageObject","inLanguage":"pt-BR","@id":"https:\/\/blogdofarnesio.com.br\/#\/schema\/logo\/image\/","url":"https:\/\/blogdofarnesio.com.br\/wp-content\/uploads\/2026\/03\/cropped-logo_new-1.png","contentUrl":"https:\/\/blogdofarnesio.com.br\/wp-content\/uploads\/2026\/03\/cropped-logo_new-1.png","width":881,"height":685,"caption":"Blog do Farn\u00e9sio"},"image":{"@id":"https:\/\/blogdofarnesio.com.br\/#\/schema\/logo\/image\/"},"sameAs":["https:\/\/www.facebook.com\/BlogQuerSaberPolitica\/"]},{"@type":"Person","@id":"https:\/\/blogdofarnesio.com.br\/#\/schema\/person\/301c4acf522bccbfdb45af95b5b906a1","name":"Farn\u00e9sio","image":{"@type":"ImageObject","inLanguage":"pt-BR","@id":"https:\/\/secure.gravatar.com\/avatar\/df0c9a14567c056f8ad6876ba5bbd1e3e2c48023eb6807342fc4663adf549f38?s=96&d=mm&r=g","url":"https:\/\/secure.gravatar.com\/avatar\/df0c9a14567c056f8ad6876ba5bbd1e3e2c48023eb6807342fc4663adf549f38?s=96&d=mm&r=g","contentUrl":"https:\/\/secure.gravatar.com\/avatar\/df0c9a14567c056f8ad6876ba5bbd1e3e2c48023eb6807342fc4663adf549f38?s=96&d=mm&r=g","caption":"Farn\u00e9sio"},"sameAs":["https:\/\/quersaberpolitica.com.br"],"url":"https:\/\/blogdofarnesio.com.br\/?author=1"}]}},"_links":{"self":[{"href":"https:\/\/blogdofarnesio.com.br\/index.php?rest_route=\/wp\/v2\/posts\/159298","targetHints":{"allow":["GET"]}}],"collection":[{"href":"https:\/\/blogdofarnesio.com.br\/index.php?rest_route=\/wp\/v2\/posts"}],"about":[{"href":"https:\/\/blogdofarnesio.com.br\/index.php?rest_route=\/wp\/v2\/types\/post"}],"author":[{"embeddable":true,"href":"https:\/\/blogdofarnesio.com.br\/index.php?rest_route=\/wp\/v2\/users\/1"}],"replies":[{"embeddable":true,"href":"https:\/\/blogdofarnesio.com.br\/index.php?rest_route=%2Fwp%2Fv2%2Fcomments&post=159298"}],"version-history":[{"count":0,"href":"https:\/\/blogdofarnesio.com.br\/index.php?rest_route=\/wp\/v2\/posts\/159298\/revisions"}],"wp:featuredmedia":[{"embeddable":true,"href":"https:\/\/blogdofarnesio.com.br\/index.php?rest_route=\/wp\/v2\/media\/156328"}],"wp:attachment":[{"href":"https:\/\/blogdofarnesio.com.br\/index.php?rest_route=%2Fwp%2Fv2%2Fmedia&parent=159298"}],"wp:term":[{"taxonomy":"category","embeddable":true,"href":"https:\/\/blogdofarnesio.com.br\/index.php?rest_route=%2Fwp%2Fv2%2Fcategories&post=159298"},{"taxonomy":"post_tag","embeddable":true,"href":"https:\/\/blogdofarnesio.com.br\/index.php?rest_route=%2Fwp%2Fv2%2Ftags&post=159298"}],"curies":[{"name":"wp","href":"https:\/\/api.w.org\/{rel}","templated":true}]}}