{"id":159128,"date":"2017-02-16T19:00:31","date_gmt":"2017-02-16T22:00:31","guid":{"rendered":"http:\/\/quersaberpolitica.com.br\/2016\/?p=159128"},"modified":"2017-02-16T16:58:02","modified_gmt":"2017-02-16T19:58:02","slug":"petrolina-ambulancia-de-suporte-avancado-doada-pelo-ministerio-da-saude-ja-esta-em-funcionamento","status":"publish","type":"post","link":"https:\/\/blogdofarnesio.com.br\/?p=159128","title":{"rendered":"PETROLINA: AMBUL\u00c2NCIA DE SUPORTE AVAN\u00c7ADO DOADA PELO MINIST\u00c9RIO DA SA\u00daDE J\u00c1 EST\u00c1 EM FUNCIONAMENTO"},"content":{"rendered":"<p style=\"text-align: justify;\">Em quase dois meses de nova gest\u00e3o, a Secretaria de Sa\u00fade de Petrolina j\u00e1 conseguiu diversas melhorias para garantir uma sa\u00fade p\u00fablica de qualidade para a popula\u00e7\u00e3o do munic\u00edpio, uma delas, foi a nova Unidade de Suporte Avan\u00e7ado (USA) para o Servi\u00e7o de Atendimento M\u00f3vel de Urg\u00eancia (Samu).<\/p>\n<p style=\"text-align: justify;\">A ambul\u00e2ncia foi doada pelo Minist\u00e9rio da Sa\u00fade para substituir a antiga unidade que n\u00e3o estava em bom estado de conserva\u00e7\u00e3o. A diretora do Servi\u00e7o de Atendimento M\u00f3vel de Urg\u00eancia, La\u00eds Cabral, explica como recebeu os equipamentos em uma situa\u00e7\u00e3o cr\u00edtica.<\/p>\n<p style=\"text-align: justify;\">\u201c<em>Recebemos o SAMU com sua frota sucateada por falta de manuten\u00e7\u00e3o. No momento funcionamos com a frota bem abaixo da capacidade: apenas uma unidade de Suporte B\u00e1sico e outra de Suporte Avan\u00e7ado. Estamos nos esfor\u00e7ando para conseguir fazer a manuten\u00e7\u00e3o de toda a frota de ambul\u00e2ncias. Essa ambul\u00e2ncia vem trazer melhor suporte aos pacientes graves do munic\u00edpio<\/em>\u201d, frisou.<\/p>\n<p style=\"text-align: justify;\">A diretora ressaltou a import\u00e2ncia de ligar para o n\u00famero 192 para conseguir o atendimento. Ela aproveitou a oportunidade para pedir uma conscientiza\u00e7\u00e3o das pessoas em rela\u00e7\u00e3o aos trotes. \u201c<em>Mensalmente recebemos dezenas de trotes. Al\u00e9m de ocupar a linha telef\u00f4nica, impedindo que as pessoas que realmente precisem tenham acesso, tamb\u00e9m acontece o deslocamento da equipe, ficando as reais ocorr\u00eancias em espera<\/em>\u201d, destacou.<\/p>\n<p style=\"text-align: justify;\">Cl\u00eailma Souza<\/p>\n","protected":false},"excerpt":{"rendered":"<p>Em quase dois meses de nova gest\u00e3o, a Secretaria de Sa\u00fade de Petrolina j\u00e1 conseguiu diversas melhorias para garantir uma sa\u00fade p\u00fablica de qualidade para a popula\u00e7\u00e3o do munic\u00edpio, uma delas, foi a nova Unidade de Suporte Avan\u00e7ado (USA) para o Servi\u00e7o de Atendimento M\u00f3vel de Urg\u00eancia (Samu). A ambul\u00e2ncia foi doada pelo Minist\u00e9rio da Sa\u00fade para substituir a antiga unidade que n\u00e3o estava em bom estado de conserva\u00e7\u00e3o. A diretora do Servi\u00e7o de Atendimento M\u00f3vel de Urg\u00eancia, La\u00eds Cabral, explica como recebeu os equipamentos em uma situa\u00e7\u00e3o cr\u00edtica. \u201cRecebemos o SAMU com sua frota sucateada por falta de manuten\u00e7\u00e3o. No momento funcionamos com a frota bem abaixo da capacidade: apenas uma unidade de Suporte B\u00e1sico e outra de Suporte&hellip; <\/p>\n","protected":false},"author":1,"featured_media":156193,"comment_status":"open","ping_status":"open","sticky":false,"template":"","format":"standard","meta":{"_acf_changed":false,"footnotes":""},"categories":[44,4],"tags":[],"class_list":["post-159128","post","type-post","status-publish","format-standard","has-post-thumbnail","hentry","category-administracao","category-saude"],"acf":[],"yoast_head":"<!-- This site is optimized with the Yoast SEO plugin v27.4 - https:\/\/yoast.com\/product\/yoast-seo-wordpress\/ -->\n<title>PETROLINA: AMBUL\u00c2NCIA DE SUPORTE AVAN\u00c7ADO DOADA PELO MINIST\u00c9RIO DA SA\u00daDE J\u00c1 EST\u00c1 EM FUNCIONAMENTO - Blog do Farn\u00e9sio<\/title>\n<meta name=\"robots\" content=\"index, follow, max-snippet:-1, max-image-preview:large, max-video-preview:-1\" \/>\n<link rel=\"canonical\" href=\"https:\/\/blogdofarnesio.com.br\/?p=159128\" \/>\n<meta property=\"og:locale\" content=\"pt_BR\" \/>\n<meta property=\"og:type\" content=\"article\" \/>\n<meta property=\"og:title\" content=\"PETROLINA: AMBUL\u00c2NCIA DE SUPORTE AVAN\u00c7ADO DOADA PELO MINIST\u00c9RIO DA SA\u00daDE J\u00c1 EST\u00c1 EM FUNCIONAMENTO - Blog do Farn\u00e9sio\" \/>\n<meta property=\"og:description\" content=\"Em quase dois meses de nova gest\u00e3o, a Secretaria de Sa\u00fade de Petrolina j\u00e1 conseguiu diversas melhorias para garantir uma sa\u00fade p\u00fablica de qualidade para a popula\u00e7\u00e3o do munic\u00edpio, uma delas, foi a nova Unidade de Suporte Avan\u00e7ado (USA) para o Servi\u00e7o de Atendimento M\u00f3vel de Urg\u00eancia (Samu). A ambul\u00e2ncia foi doada pelo Minist\u00e9rio da Sa\u00fade para substituir a antiga unidade que n\u00e3o estava em bom estado de conserva\u00e7\u00e3o. A diretora do Servi\u00e7o de Atendimento M\u00f3vel de Urg\u00eancia, La\u00eds Cabral, explica como recebeu os equipamentos em uma situa\u00e7\u00e3o cr\u00edtica. \u201cRecebemos o SAMU com sua frota sucateada por falta de manuten\u00e7\u00e3o. No momento funcionamos com a frota bem abaixo da capacidade: apenas uma unidade de Suporte B\u00e1sico e outra de Suporte&hellip;\" \/>\n<meta property=\"og:url\" content=\"https:\/\/blogdofarnesio.com.br\/?p=159128\" \/>\n<meta property=\"og:site_name\" content=\"Blog do Farn\u00e9sio\" \/>\n<meta property=\"article:publisher\" content=\"https:\/\/www.facebook.com\/BlogQuerSaberPolitica\/\" \/>\n<meta property=\"article:published_time\" content=\"2017-02-16T22:00:31+00:00\" \/>\n<meta property=\"og:image\" content=\"https:\/\/blogdofarnesio.com.br\/wp-content\/uploads\/2017\/02\/blogqsp-sam-samu.jpg\" \/>\n\t<meta property=\"og:image:width\" content=\"883\" \/>\n\t<meta property=\"og:image:height\" content=\"662\" \/>\n\t<meta property=\"og:image:type\" content=\"image\/jpeg\" \/>\n<meta name=\"author\" content=\"Farn\u00e9sio\" \/>\n<meta name=\"twitter:card\" content=\"summary_large_image\" \/>\n<meta name=\"twitter:label1\" content=\"Escrito por\" \/>\n\t<meta name=\"twitter:data1\" content=\"Farn\u00e9sio\" \/>\n\t<meta name=\"twitter:label2\" content=\"Est. tempo de leitura\" \/>\n\t<meta name=\"twitter:data2\" content=\"1 minuto\" \/>\n<script type=\"application\/ld+json\" class=\"yoast-schema-graph\">{\"@context\":\"https:\\\/\\\/schema.org\",\"@graph\":[{\"@type\":\"Article\",\"@id\":\"https:\\\/\\\/blogdofarnesio.com.br\\\/?p=159128#article\",\"isPartOf\":{\"@id\":\"https:\\\/\\\/blogdofarnesio.com.br\\\/?p=159128\"},\"author\":{\"name\":\"Farn\u00e9sio\",\"@id\":\"https:\\\/\\\/blogdofarnesio.com.br\\\/#\\\/schema\\\/person\\\/301c4acf522bccbfdb45af95b5b906a1\"},\"headline\":\"PETROLINA: AMBUL\u00c2NCIA DE SUPORTE AVAN\u00c7ADO DOADA PELO MINIST\u00c9RIO DA SA\u00daDE J\u00c1 EST\u00c1 EM FUNCIONAMENTO\",\"datePublished\":\"2017-02-16T22:00:31+00:00\",\"mainEntityOfPage\":{\"@id\":\"https:\\\/\\\/blogdofarnesio.com.br\\\/?p=159128\"},\"wordCount\":266,\"commentCount\":0,\"publisher\":{\"@id\":\"https:\\\/\\\/blogdofarnesio.com.br\\\/#organization\"},\"image\":{\"@id\":\"https:\\\/\\\/blogdofarnesio.com.br\\\/?p=159128#primaryimage\"},\"thumbnailUrl\":\"https:\\\/\\\/blogdofarnesio.com.br\\\/wp-content\\\/uploads\\\/2017\\\/02\\\/blogqsp-sam-samu.jpg\",\"articleSection\":[\"Administra\u00e7\u00e3o\",\"Sa\u00fade\"],\"inLanguage\":\"pt-BR\",\"potentialAction\":[{\"@type\":\"CommentAction\",\"name\":\"Comment\",\"target\":[\"https:\\\/\\\/blogdofarnesio.com.br\\\/?p=159128#respond\"]}]},{\"@type\":\"WebPage\",\"@id\":\"https:\\\/\\\/blogdofarnesio.com.br\\\/?p=159128\",\"url\":\"https:\\\/\\\/blogdofarnesio.com.br\\\/?p=159128\",\"name\":\"PETROLINA: AMBUL\u00c2NCIA DE SUPORTE AVAN\u00c7ADO DOADA PELO MINIST\u00c9RIO DA SA\u00daDE J\u00c1 EST\u00c1 EM FUNCIONAMENTO - Blog do Farn\u00e9sio\",\"isPartOf\":{\"@id\":\"https:\\\/\\\/blogdofarnesio.com.br\\\/#website\"},\"primaryImageOfPage\":{\"@id\":\"https:\\\/\\\/blogdofarnesio.com.br\\\/?p=159128#primaryimage\"},\"image\":{\"@id\":\"https:\\\/\\\/blogdofarnesio.com.br\\\/?p=159128#primaryimage\"},\"thumbnailUrl\":\"https:\\\/\\\/blogdofarnesio.com.br\\\/wp-content\\\/uploads\\\/2017\\\/02\\\/blogqsp-sam-samu.jpg\",\"datePublished\":\"2017-02-16T22:00:31+00:00\",\"breadcrumb\":{\"@id\":\"https:\\\/\\\/blogdofarnesio.com.br\\\/?p=159128#breadcrumb\"},\"inLanguage\":\"pt-BR\",\"potentialAction\":[{\"@type\":\"ReadAction\",\"target\":[\"https:\\\/\\\/blogdofarnesio.com.br\\\/?p=159128\"]}]},{\"@type\":\"ImageObject\",\"inLanguage\":\"pt-BR\",\"@id\":\"https:\\\/\\\/blogdofarnesio.com.br\\\/?p=159128#primaryimage\",\"url\":\"https:\\\/\\\/blogdofarnesio.com.br\\\/wp-content\\\/uploads\\\/2017\\\/02\\\/blogqsp-sam-samu.jpg\",\"contentUrl\":\"https:\\\/\\\/blogdofarnesio.com.br\\\/wp-content\\\/uploads\\\/2017\\\/02\\\/blogqsp-sam-samu.jpg\",\"width\":883,\"height\":662},{\"@type\":\"BreadcrumbList\",\"@id\":\"https:\\\/\\\/blogdofarnesio.com.br\\\/?p=159128#breadcrumb\",\"itemListElement\":[{\"@type\":\"ListItem\",\"position\":1,\"name\":\"In\u00edcio\",\"item\":\"https:\\\/\\\/blogdofarnesio.com.br\\\/\"},{\"@type\":\"ListItem\",\"position\":2,\"name\":\"PETROLINA: AMBUL\u00c2NCIA DE SUPORTE AVAN\u00c7ADO DOADA PELO MINIST\u00c9RIO DA SA\u00daDE J\u00c1 EST\u00c1 EM FUNCIONAMENTO\"}]},{\"@type\":\"WebSite\",\"@id\":\"https:\\\/\\\/blogdofarnesio.com.br\\\/#website\",\"url\":\"https:\\\/\\\/blogdofarnesio.com.br\\\/\",\"name\":\"Blog do Farn\u00e9sio\",\"description\":\"Quer Saber Pol\u00edtica?\",\"publisher\":{\"@id\":\"https:\\\/\\\/blogdofarnesio.com.br\\\/#organization\"},\"potentialAction\":[{\"@type\":\"SearchAction\",\"target\":{\"@type\":\"EntryPoint\",\"urlTemplate\":\"https:\\\/\\\/blogdofarnesio.com.br\\\/?s={search_term_string}\"},\"query-input\":{\"@type\":\"PropertyValueSpecification\",\"valueRequired\":true,\"valueName\":\"search_term_string\"}}],\"inLanguage\":\"pt-BR\"},{\"@type\":\"Organization\",\"@id\":\"https:\\\/\\\/blogdofarnesio.com.br\\\/#organization\",\"name\":\"Blog do Farn\u00e9sio\",\"url\":\"https:\\\/\\\/blogdofarnesio.com.br\\\/\",\"logo\":{\"@type\":\"ImageObject\",\"inLanguage\":\"pt-BR\",\"@id\":\"https:\\\/\\\/blogdofarnesio.com.br\\\/#\\\/schema\\\/logo\\\/image\\\/\",\"url\":\"https:\\\/\\\/blogdofarnesio.com.br\\\/wp-content\\\/uploads\\\/2026\\\/03\\\/cropped-logo_new-1.png\",\"contentUrl\":\"https:\\\/\\\/blogdofarnesio.com.br\\\/wp-content\\\/uploads\\\/2026\\\/03\\\/cropped-logo_new-1.png\",\"width\":881,\"height\":685,\"caption\":\"Blog do Farn\u00e9sio\"},\"image\":{\"@id\":\"https:\\\/\\\/blogdofarnesio.com.br\\\/#\\\/schema\\\/logo\\\/image\\\/\"},\"sameAs\":[\"https:\\\/\\\/www.facebook.com\\\/BlogQuerSaberPolitica\\\/\"]},{\"@type\":\"Person\",\"@id\":\"https:\\\/\\\/blogdofarnesio.com.br\\\/#\\\/schema\\\/person\\\/301c4acf522bccbfdb45af95b5b906a1\",\"name\":\"Farn\u00e9sio\",\"image\":{\"@type\":\"ImageObject\",\"inLanguage\":\"pt-BR\",\"@id\":\"https:\\\/\\\/secure.gravatar.com\\\/avatar\\\/df0c9a14567c056f8ad6876ba5bbd1e3e2c48023eb6807342fc4663adf549f38?s=96&d=mm&r=g\",\"url\":\"https:\\\/\\\/secure.gravatar.com\\\/avatar\\\/df0c9a14567c056f8ad6876ba5bbd1e3e2c48023eb6807342fc4663adf549f38?s=96&d=mm&r=g\",\"contentUrl\":\"https:\\\/\\\/secure.gravatar.com\\\/avatar\\\/df0c9a14567c056f8ad6876ba5bbd1e3e2c48023eb6807342fc4663adf549f38?s=96&d=mm&r=g\",\"caption\":\"Farn\u00e9sio\"},\"sameAs\":[\"https:\\\/\\\/quersaberpolitica.com.br\"],\"url\":\"https:\\\/\\\/blogdofarnesio.com.br\\\/?author=1\"}]}<\/script>\n<!-- \/ Yoast SEO plugin. -->","yoast_head_json":{"title":"PETROLINA: AMBUL\u00c2NCIA DE SUPORTE AVAN\u00c7ADO DOADA PELO MINIST\u00c9RIO DA SA\u00daDE J\u00c1 EST\u00c1 EM FUNCIONAMENTO - Blog do Farn\u00e9sio","robots":{"index":"index","follow":"follow","max-snippet":"max-snippet:-1","max-image-preview":"max-image-preview:large","max-video-preview":"max-video-preview:-1"},"canonical":"https:\/\/blogdofarnesio.com.br\/?p=159128","og_locale":"pt_BR","og_type":"article","og_title":"PETROLINA: AMBUL\u00c2NCIA DE SUPORTE AVAN\u00c7ADO DOADA PELO MINIST\u00c9RIO DA SA\u00daDE J\u00c1 EST\u00c1 EM FUNCIONAMENTO - Blog do Farn\u00e9sio","og_description":"Em quase dois meses de nova gest\u00e3o, a Secretaria de Sa\u00fade de Petrolina j\u00e1 conseguiu diversas melhorias para garantir uma sa\u00fade p\u00fablica de qualidade para a popula\u00e7\u00e3o do munic\u00edpio, uma delas, foi a nova Unidade de Suporte Avan\u00e7ado (USA) para o Servi\u00e7o de Atendimento M\u00f3vel de Urg\u00eancia (Samu). A ambul\u00e2ncia foi doada pelo Minist\u00e9rio da Sa\u00fade para substituir a antiga unidade que n\u00e3o estava em bom estado de conserva\u00e7\u00e3o. A diretora do Servi\u00e7o de Atendimento M\u00f3vel de Urg\u00eancia, La\u00eds Cabral, explica como recebeu os equipamentos em uma situa\u00e7\u00e3o cr\u00edtica. \u201cRecebemos o SAMU com sua frota sucateada por falta de manuten\u00e7\u00e3o. No momento funcionamos com a frota bem abaixo da capacidade: apenas uma unidade de Suporte B\u00e1sico e outra de Suporte&hellip;","og_url":"https:\/\/blogdofarnesio.com.br\/?p=159128","og_site_name":"Blog do Farn\u00e9sio","article_publisher":"https:\/\/www.facebook.com\/BlogQuerSaberPolitica\/","article_published_time":"2017-02-16T22:00:31+00:00","og_image":[{"width":883,"height":662,"url":"https:\/\/blogdofarnesio.com.br\/wp-content\/uploads\/2017\/02\/blogqsp-sam-samu.jpg","type":"image\/jpeg"}],"author":"Farn\u00e9sio","twitter_card":"summary_large_image","twitter_misc":{"Escrito por":"Farn\u00e9sio","Est. tempo de leitura":"1 minuto"},"schema":{"@context":"https:\/\/schema.org","@graph":[{"@type":"Article","@id":"https:\/\/blogdofarnesio.com.br\/?p=159128#article","isPartOf":{"@id":"https:\/\/blogdofarnesio.com.br\/?p=159128"},"author":{"name":"Farn\u00e9sio","@id":"https:\/\/blogdofarnesio.com.br\/#\/schema\/person\/301c4acf522bccbfdb45af95b5b906a1"},"headline":"PETROLINA: AMBUL\u00c2NCIA DE SUPORTE AVAN\u00c7ADO DOADA PELO MINIST\u00c9RIO DA SA\u00daDE J\u00c1 EST\u00c1 EM FUNCIONAMENTO","datePublished":"2017-02-16T22:00:31+00:00","mainEntityOfPage":{"@id":"https:\/\/blogdofarnesio.com.br\/?p=159128"},"wordCount":266,"commentCount":0,"publisher":{"@id":"https:\/\/blogdofarnesio.com.br\/#organization"},"image":{"@id":"https:\/\/blogdofarnesio.com.br\/?p=159128#primaryimage"},"thumbnailUrl":"https:\/\/blogdofarnesio.com.br\/wp-content\/uploads\/2017\/02\/blogqsp-sam-samu.jpg","articleSection":["Administra\u00e7\u00e3o","Sa\u00fade"],"inLanguage":"pt-BR","potentialAction":[{"@type":"CommentAction","name":"Comment","target":["https:\/\/blogdofarnesio.com.br\/?p=159128#respond"]}]},{"@type":"WebPage","@id":"https:\/\/blogdofarnesio.com.br\/?p=159128","url":"https:\/\/blogdofarnesio.com.br\/?p=159128","name":"PETROLINA: AMBUL\u00c2NCIA DE SUPORTE AVAN\u00c7ADO DOADA PELO MINIST\u00c9RIO DA SA\u00daDE J\u00c1 EST\u00c1 EM FUNCIONAMENTO - Blog do Farn\u00e9sio","isPartOf":{"@id":"https:\/\/blogdofarnesio.com.br\/#website"},"primaryImageOfPage":{"@id":"https:\/\/blogdofarnesio.com.br\/?p=159128#primaryimage"},"image":{"@id":"https:\/\/blogdofarnesio.com.br\/?p=159128#primaryimage"},"thumbnailUrl":"https:\/\/blogdofarnesio.com.br\/wp-content\/uploads\/2017\/02\/blogqsp-sam-samu.jpg","datePublished":"2017-02-16T22:00:31+00:00","breadcrumb":{"@id":"https:\/\/blogdofarnesio.com.br\/?p=159128#breadcrumb"},"inLanguage":"pt-BR","potentialAction":[{"@type":"ReadAction","target":["https:\/\/blogdofarnesio.com.br\/?p=159128"]}]},{"@type":"ImageObject","inLanguage":"pt-BR","@id":"https:\/\/blogdofarnesio.com.br\/?p=159128#primaryimage","url":"https:\/\/blogdofarnesio.com.br\/wp-content\/uploads\/2017\/02\/blogqsp-sam-samu.jpg","contentUrl":"https:\/\/blogdofarnesio.com.br\/wp-content\/uploads\/2017\/02\/blogqsp-sam-samu.jpg","width":883,"height":662},{"@type":"BreadcrumbList","@id":"https:\/\/blogdofarnesio.com.br\/?p=159128#breadcrumb","itemListElement":[{"@type":"ListItem","position":1,"name":"In\u00edcio","item":"https:\/\/blogdofarnesio.com.br\/"},{"@type":"ListItem","position":2,"name":"PETROLINA: AMBUL\u00c2NCIA DE SUPORTE AVAN\u00c7ADO DOADA PELO MINIST\u00c9RIO DA SA\u00daDE J\u00c1 EST\u00c1 EM FUNCIONAMENTO"}]},{"@type":"WebSite","@id":"https:\/\/blogdofarnesio.com.br\/#website","url":"https:\/\/blogdofarnesio.com.br\/","name":"Blog do Farn\u00e9sio","description":"Quer Saber Pol\u00edtica?","publisher":{"@id":"https:\/\/blogdofarnesio.com.br\/#organization"},"potentialAction":[{"@type":"SearchAction","target":{"@type":"EntryPoint","urlTemplate":"https:\/\/blogdofarnesio.com.br\/?s={search_term_string}"},"query-input":{"@type":"PropertyValueSpecification","valueRequired":true,"valueName":"search_term_string"}}],"inLanguage":"pt-BR"},{"@type":"Organization","@id":"https:\/\/blogdofarnesio.com.br\/#organization","name":"Blog do Farn\u00e9sio","url":"https:\/\/blogdofarnesio.com.br\/","logo":{"@type":"ImageObject","inLanguage":"pt-BR","@id":"https:\/\/blogdofarnesio.com.br\/#\/schema\/logo\/image\/","url":"https:\/\/blogdofarnesio.com.br\/wp-content\/uploads\/2026\/03\/cropped-logo_new-1.png","contentUrl":"https:\/\/blogdofarnesio.com.br\/wp-content\/uploads\/2026\/03\/cropped-logo_new-1.png","width":881,"height":685,"caption":"Blog do Farn\u00e9sio"},"image":{"@id":"https:\/\/blogdofarnesio.com.br\/#\/schema\/logo\/image\/"},"sameAs":["https:\/\/www.facebook.com\/BlogQuerSaberPolitica\/"]},{"@type":"Person","@id":"https:\/\/blogdofarnesio.com.br\/#\/schema\/person\/301c4acf522bccbfdb45af95b5b906a1","name":"Farn\u00e9sio","image":{"@type":"ImageObject","inLanguage":"pt-BR","@id":"https:\/\/secure.gravatar.com\/avatar\/df0c9a14567c056f8ad6876ba5bbd1e3e2c48023eb6807342fc4663adf549f38?s=96&d=mm&r=g","url":"https:\/\/secure.gravatar.com\/avatar\/df0c9a14567c056f8ad6876ba5bbd1e3e2c48023eb6807342fc4663adf549f38?s=96&d=mm&r=g","contentUrl":"https:\/\/secure.gravatar.com\/avatar\/df0c9a14567c056f8ad6876ba5bbd1e3e2c48023eb6807342fc4663adf549f38?s=96&d=mm&r=g","caption":"Farn\u00e9sio"},"sameAs":["https:\/\/quersaberpolitica.com.br"],"url":"https:\/\/blogdofarnesio.com.br\/?author=1"}]}},"_links":{"self":[{"href":"https:\/\/blogdofarnesio.com.br\/index.php?rest_route=\/wp\/v2\/posts\/159128","targetHints":{"allow":["GET"]}}],"collection":[{"href":"https:\/\/blogdofarnesio.com.br\/index.php?rest_route=\/wp\/v2\/posts"}],"about":[{"href":"https:\/\/blogdofarnesio.com.br\/index.php?rest_route=\/wp\/v2\/types\/post"}],"author":[{"embeddable":true,"href":"https:\/\/blogdofarnesio.com.br\/index.php?rest_route=\/wp\/v2\/users\/1"}],"replies":[{"embeddable":true,"href":"https:\/\/blogdofarnesio.com.br\/index.php?rest_route=%2Fwp%2Fv2%2Fcomments&post=159128"}],"version-history":[{"count":0,"href":"https:\/\/blogdofarnesio.com.br\/index.php?rest_route=\/wp\/v2\/posts\/159128\/revisions"}],"wp:featuredmedia":[{"embeddable":true,"href":"https:\/\/blogdofarnesio.com.br\/index.php?rest_route=\/wp\/v2\/media\/156193"}],"wp:attachment":[{"href":"https:\/\/blogdofarnesio.com.br\/index.php?rest_route=%2Fwp%2Fv2%2Fmedia&parent=159128"}],"wp:term":[{"taxonomy":"category","embeddable":true,"href":"https:\/\/blogdofarnesio.com.br\/index.php?rest_route=%2Fwp%2Fv2%2Fcategories&post=159128"},{"taxonomy":"post_tag","embeddable":true,"href":"https:\/\/blogdofarnesio.com.br\/index.php?rest_route=%2Fwp%2Fv2%2Ftags&post=159128"}],"curies":[{"name":"wp","href":"https:\/\/api.w.org\/{rel}","templated":true}]}}