{"id":159116,"date":"2017-02-16T17:31:09","date_gmt":"2017-02-16T20:31:09","guid":{"rendered":"http:\/\/quersaberpolitica.com.br\/2016\/?p=159116"},"modified":"2017-02-16T16:28:38","modified_gmt":"2017-02-16T19:28:38","slug":"prefeito-paulo-bomfim-recebe-diretor-geral-do-ibametro","status":"publish","type":"post","link":"https:\/\/blogdofarnesio.com.br\/2017\/02\/prefeito-paulo-bomfim-recebe-diretor-geral-do-ibametro\/","title":{"rendered":"PREFEITO PAULO BOMFIM RECEBE DIRETOR GERAL DO IBAMETRO"},"content":{"rendered":"<p style=\"text-align: justify;\">O Prefeito Paulo Bomfim recebeu nesta manh\u00e3 (16), o diretor-geral do Ibametro, Randerson Leal e o diretor-t\u00e9cnico, Gild\u00e1sio Rocha. Na ocasi\u00e3o, Randerson Leal prop\u00f4s ao prefeito que Juazeiro iniciasse, entre os munic\u00edpios baianos, um plano piloto para instala\u00e7\u00e3o do Cronotac\u00f3grafo.<\/p>\n<p style=\"text-align: justify;\">Desde 1997, quando foi institu\u00eddo o C\u00f3digo de Tr\u00e2nsito Brasileiro, ve\u00edculos de carga com peso bruto superior a 4.536 kg e de passageiros com mais de 10 lugares devem possuir o instrumento. \u201cVinhemos propor essa parceria para que possamos fiscalizar, monitor e certificar, junto a Prefeitura para garantirmos mais conforto e seguran\u00e7a para os mun\u00edcipes e para o condutor do ve\u00edculo tamb\u00e9m\u201d, disse Randerson Leal.<\/p>\n<p style=\"text-align: justify;\">Outra a\u00e7\u00e3o apresentada pelo Ibametro est\u00e1 relacionada \u00e0 distribui\u00e7\u00e3o de informes educativos nas feiras e mercados da Cidade para coibir o uso de balan\u00e7as comerciais falsas. \u201cTemos identificado um grande n\u00famero de balan\u00e7as adulteradas entrando no com\u00e9rcio. Com isso perde o comerciante e perde o consumidor. O que queremos com esse trabalho junto aos feirantes e proteger a todos\u201d, concluiu o diretor geral.<\/p>\n<p style=\"text-align: justify;\">O prefeito agradeceu ao Instituto pela escolha do munic\u00edpio e garantiu apoio nas a\u00e7\u00f5es. Paulo acredita que essas atividades s\u00f3 ir\u00e3o trazer benef\u00edcios \u00e0 popula\u00e7\u00e3o e a cidade. \u201cEstamos \u00e0 disposi\u00e7\u00e3o do Ibametro para realizarmos qualquer trabalho que venha a melhorar a vida do cidad\u00e3o juazeirense. As duas medidas s\u00e3o extremamente necess\u00e1rias para a seguran\u00e7a de todos, principalmente para nossos filhos, alunos das escolas p\u00fablicas no caso do Cronotac\u00f3grafo. Acredito que todos n\u00f3s sairemos ganhando\u201d, observou Paulo Bomfim.<\/p>\n<div class=\"yj6qo ajU\">\n<div id=\":270\" class=\"ajR\" tabindex=\"0\" data-tooltip=\"Mostrar conte\u00fado cortado\"><img decoding=\"async\" class=\"ajT\" src=\"https:\/\/ssl.gstatic.com\/ui\/v1\/icons\/mail\/images\/cleardot.gif\" \/><strong>Ascom\/PMJ<\/strong><\/div>\n<\/div>\n","protected":false},"excerpt":{"rendered":"<p>O Prefeito Paulo Bomfim recebeu nesta manh\u00e3 (16), o diretor-geral do Ibametro, Randerson Leal e o diretor-t\u00e9cnico, Gild\u00e1sio Rocha. Na ocasi\u00e3o, Randerson Leal prop\u00f4s ao prefeito que Juazeiro iniciasse, entre os munic\u00edpios baianos, um plano piloto para instala\u00e7\u00e3o do Cronotac\u00f3grafo. Desde 1997, quando foi institu\u00eddo o C\u00f3digo de Tr\u00e2nsito Brasileiro, ve\u00edculos de carga com peso bruto superior a 4.536 kg e de passageiros com mais de 10 lugares devem possuir o instrumento. \u201cVinhemos propor essa parceria para que possamos fiscalizar, monitor e certificar, junto a Prefeitura para garantirmos mais conforto e seguran\u00e7a para os mun\u00edcipes e para o condutor do ve\u00edculo tamb\u00e9m\u201d, disse Randerson Leal. Outra a\u00e7\u00e3o apresentada pelo Ibametro est\u00e1 relacionada \u00e0 distribui\u00e7\u00e3o de informes educativos nas feiras e&hellip; <\/p>\n","protected":false},"author":1,"featured_media":156186,"comment_status":"open","ping_status":"open","sticky":false,"template":"","format":"standard","meta":{"_acf_changed":false,"footnotes":""},"categories":[44],"tags":[],"class_list":["post-159116","post","type-post","status-publish","format-standard","has-post-thumbnail","hentry","category-administracao"],"acf":[],"yoast_head":"<!-- This site is optimized with the Yoast SEO plugin v27.5 - https:\/\/yoast.com\/product\/yoast-seo-wordpress\/ -->\n<title>PREFEITO PAULO BOMFIM RECEBE DIRETOR GERAL DO IBAMETRO - Blog do Farn\u00e9sio<\/title>\n<meta name=\"robots\" content=\"index, follow, max-snippet:-1, max-image-preview:large, max-video-preview:-1\" \/>\n<link rel=\"canonical\" href=\"https:\/\/blogdofarnesio.com.br\/2017\/02\/prefeito-paulo-bomfim-recebe-diretor-geral-do-ibametro\/\" \/>\n<meta property=\"og:locale\" content=\"pt_BR\" \/>\n<meta property=\"og:type\" content=\"article\" \/>\n<meta property=\"og:title\" content=\"PREFEITO PAULO BOMFIM RECEBE DIRETOR GERAL DO IBAMETRO - Blog do Farn\u00e9sio\" \/>\n<meta property=\"og:description\" content=\"O Prefeito Paulo Bomfim recebeu nesta manh\u00e3 (16), o diretor-geral do Ibametro, Randerson Leal e o diretor-t\u00e9cnico, Gild\u00e1sio Rocha. Na ocasi\u00e3o, Randerson Leal prop\u00f4s ao prefeito que Juazeiro iniciasse, entre os munic\u00edpios baianos, um plano piloto para instala\u00e7\u00e3o do Cronotac\u00f3grafo. Desde 1997, quando foi institu\u00eddo o C\u00f3digo de Tr\u00e2nsito Brasileiro, ve\u00edculos de carga com peso bruto superior a 4.536 kg e de passageiros com mais de 10 lugares devem possuir o instrumento. \u201cVinhemos propor essa parceria para que possamos fiscalizar, monitor e certificar, junto a Prefeitura para garantirmos mais conforto e seguran\u00e7a para os mun\u00edcipes e para o condutor do ve\u00edculo tamb\u00e9m\u201d, disse Randerson Leal. Outra a\u00e7\u00e3o apresentada pelo Ibametro est\u00e1 relacionada \u00e0 distribui\u00e7\u00e3o de informes educativos nas feiras e&hellip;\" \/>\n<meta property=\"og:url\" content=\"https:\/\/blogdofarnesio.com.br\/2017\/02\/prefeito-paulo-bomfim-recebe-diretor-geral-do-ibametro\/\" \/>\n<meta property=\"og:site_name\" content=\"Blog do Farn\u00e9sio\" \/>\n<meta property=\"article:publisher\" content=\"https:\/\/www.facebook.com\/BlogQuerSaberPolitica\/\" \/>\n<meta property=\"article:published_time\" content=\"2017-02-16T20:31:09+00:00\" \/>\n<meta property=\"og:image\" content=\"https:\/\/blogdofarnesio.com.br\/wp-content\/uploads\/2017\/02\/blogqsp-paulobonfim-reuni\u00e3o-1-e1487269864749.jpg\" \/>\n\t<meta property=\"og:image:width\" content=\"600\" \/>\n\t<meta property=\"og:image:height\" content=\"337\" \/>\n\t<meta property=\"og:image:type\" content=\"image\/jpeg\" \/>\n<meta name=\"author\" content=\"Farn\u00e9sio\" \/>\n<meta name=\"twitter:card\" content=\"summary_large_image\" \/>\n<meta name=\"twitter:label1\" content=\"Escrito por\" \/>\n\t<meta name=\"twitter:data1\" content=\"Farn\u00e9sio\" \/>\n\t<meta name=\"twitter:label2\" content=\"Est. tempo de leitura\" \/>\n\t<meta name=\"twitter:data2\" content=\"1 minuto\" \/>\n<script type=\"application\/ld+json\" class=\"yoast-schema-graph\">{\"@context\":\"https:\\\/\\\/schema.org\",\"@graph\":[{\"@type\":\"Article\",\"@id\":\"https:\\\/\\\/blogdofarnesio.com.br\\\/2017\\\/02\\\/prefeito-paulo-bomfim-recebe-diretor-geral-do-ibametro\\\/#article\",\"isPartOf\":{\"@id\":\"https:\\\/\\\/blogdofarnesio.com.br\\\/2017\\\/02\\\/prefeito-paulo-bomfim-recebe-diretor-geral-do-ibametro\\\/\"},\"author\":{\"name\":\"Farn\u00e9sio\",\"@id\":\"https:\\\/\\\/blogdofarnesio.com.br\\\/#\\\/schema\\\/person\\\/301c4acf522bccbfdb45af95b5b906a1\"},\"headline\":\"PREFEITO PAULO BOMFIM RECEBE DIRETOR GERAL DO IBAMETRO\",\"datePublished\":\"2017-02-16T20:31:09+00:00\",\"mainEntityOfPage\":{\"@id\":\"https:\\\/\\\/blogdofarnesio.com.br\\\/2017\\\/02\\\/prefeito-paulo-bomfim-recebe-diretor-geral-do-ibametro\\\/\"},\"wordCount\":283,\"commentCount\":0,\"publisher\":{\"@id\":\"https:\\\/\\\/blogdofarnesio.com.br\\\/#organization\"},\"image\":{\"@id\":\"https:\\\/\\\/blogdofarnesio.com.br\\\/2017\\\/02\\\/prefeito-paulo-bomfim-recebe-diretor-geral-do-ibametro\\\/#primaryimage\"},\"thumbnailUrl\":\"https:\\\/\\\/blogdofarnesio.com.br\\\/wp-content\\\/uploads\\\/2017\\\/02\\\/blogqsp-paulobonfim-reuni\u00e3o-1-e1487269864749.jpg\",\"articleSection\":[\"Administra\u00e7\u00e3o\"],\"inLanguage\":\"pt-BR\",\"potentialAction\":[{\"@type\":\"CommentAction\",\"name\":\"Comment\",\"target\":[\"https:\\\/\\\/blogdofarnesio.com.br\\\/2017\\\/02\\\/prefeito-paulo-bomfim-recebe-diretor-geral-do-ibametro\\\/#respond\"]}]},{\"@type\":\"WebPage\",\"@id\":\"https:\\\/\\\/blogdofarnesio.com.br\\\/2017\\\/02\\\/prefeito-paulo-bomfim-recebe-diretor-geral-do-ibametro\\\/\",\"url\":\"https:\\\/\\\/blogdofarnesio.com.br\\\/2017\\\/02\\\/prefeito-paulo-bomfim-recebe-diretor-geral-do-ibametro\\\/\",\"name\":\"PREFEITO PAULO BOMFIM RECEBE DIRETOR GERAL DO IBAMETRO - Blog do Farn\u00e9sio\",\"isPartOf\":{\"@id\":\"https:\\\/\\\/blogdofarnesio.com.br\\\/#website\"},\"primaryImageOfPage\":{\"@id\":\"https:\\\/\\\/blogdofarnesio.com.br\\\/2017\\\/02\\\/prefeito-paulo-bomfim-recebe-diretor-geral-do-ibametro\\\/#primaryimage\"},\"image\":{\"@id\":\"https:\\\/\\\/blogdofarnesio.com.br\\\/2017\\\/02\\\/prefeito-paulo-bomfim-recebe-diretor-geral-do-ibametro\\\/#primaryimage\"},\"thumbnailUrl\":\"https:\\\/\\\/blogdofarnesio.com.br\\\/wp-content\\\/uploads\\\/2017\\\/02\\\/blogqsp-paulobonfim-reuni\u00e3o-1-e1487269864749.jpg\",\"datePublished\":\"2017-02-16T20:31:09+00:00\",\"breadcrumb\":{\"@id\":\"https:\\\/\\\/blogdofarnesio.com.br\\\/2017\\\/02\\\/prefeito-paulo-bomfim-recebe-diretor-geral-do-ibametro\\\/#breadcrumb\"},\"inLanguage\":\"pt-BR\",\"potentialAction\":[{\"@type\":\"ReadAction\",\"target\":[\"https:\\\/\\\/blogdofarnesio.com.br\\\/2017\\\/02\\\/prefeito-paulo-bomfim-recebe-diretor-geral-do-ibametro\\\/\"]}]},{\"@type\":\"ImageObject\",\"inLanguage\":\"pt-BR\",\"@id\":\"https:\\\/\\\/blogdofarnesio.com.br\\\/2017\\\/02\\\/prefeito-paulo-bomfim-recebe-diretor-geral-do-ibametro\\\/#primaryimage\",\"url\":\"https:\\\/\\\/blogdofarnesio.com.br\\\/wp-content\\\/uploads\\\/2017\\\/02\\\/blogqsp-paulobonfim-reuni\u00e3o-1-e1487269864749.jpg\",\"contentUrl\":\"https:\\\/\\\/blogdofarnesio.com.br\\\/wp-content\\\/uploads\\\/2017\\\/02\\\/blogqsp-paulobonfim-reuni\u00e3o-1-e1487269864749.jpg\",\"width\":600,\"height\":337},{\"@type\":\"BreadcrumbList\",\"@id\":\"https:\\\/\\\/blogdofarnesio.com.br\\\/2017\\\/02\\\/prefeito-paulo-bomfim-recebe-diretor-geral-do-ibametro\\\/#breadcrumb\",\"itemListElement\":[{\"@type\":\"ListItem\",\"position\":1,\"name\":\"In\u00edcio\",\"item\":\"https:\\\/\\\/blogdofarnesio.com.br\\\/\"},{\"@type\":\"ListItem\",\"position\":2,\"name\":\"PREFEITO PAULO BOMFIM RECEBE DIRETOR GERAL DO IBAMETRO\"}]},{\"@type\":\"WebSite\",\"@id\":\"https:\\\/\\\/blogdofarnesio.com.br\\\/#website\",\"url\":\"https:\\\/\\\/blogdofarnesio.com.br\\\/\",\"name\":\"Blog do Farn\u00e9sio\",\"description\":\"Quer Saber Pol\u00edtica?\",\"publisher\":{\"@id\":\"https:\\\/\\\/blogdofarnesio.com.br\\\/#organization\"},\"potentialAction\":[{\"@type\":\"SearchAction\",\"target\":{\"@type\":\"EntryPoint\",\"urlTemplate\":\"https:\\\/\\\/blogdofarnesio.com.br\\\/?s={search_term_string}\"},\"query-input\":{\"@type\":\"PropertyValueSpecification\",\"valueRequired\":true,\"valueName\":\"search_term_string\"}}],\"inLanguage\":\"pt-BR\"},{\"@type\":\"Organization\",\"@id\":\"https:\\\/\\\/blogdofarnesio.com.br\\\/#organization\",\"name\":\"Blog do Farn\u00e9sio\",\"url\":\"https:\\\/\\\/blogdofarnesio.com.br\\\/\",\"logo\":{\"@type\":\"ImageObject\",\"inLanguage\":\"pt-BR\",\"@id\":\"https:\\\/\\\/blogdofarnesio.com.br\\\/#\\\/schema\\\/logo\\\/image\\\/\",\"url\":\"https:\\\/\\\/blogdofarnesio.com.br\\\/wp-content\\\/uploads\\\/2026\\\/03\\\/cropped-logo_new-1.png\",\"contentUrl\":\"https:\\\/\\\/blogdofarnesio.com.br\\\/wp-content\\\/uploads\\\/2026\\\/03\\\/cropped-logo_new-1.png\",\"width\":881,\"height\":685,\"caption\":\"Blog do Farn\u00e9sio\"},\"image\":{\"@id\":\"https:\\\/\\\/blogdofarnesio.com.br\\\/#\\\/schema\\\/logo\\\/image\\\/\"},\"sameAs\":[\"https:\\\/\\\/www.facebook.com\\\/BlogQuerSaberPolitica\\\/\"]},{\"@type\":\"Person\",\"@id\":\"https:\\\/\\\/blogdofarnesio.com.br\\\/#\\\/schema\\\/person\\\/301c4acf522bccbfdb45af95b5b906a1\",\"name\":\"Farn\u00e9sio\",\"image\":{\"@type\":\"ImageObject\",\"inLanguage\":\"pt-BR\",\"@id\":\"https:\\\/\\\/secure.gravatar.com\\\/avatar\\\/df0c9a14567c056f8ad6876ba5bbd1e3e2c48023eb6807342fc4663adf549f38?s=96&d=mm&r=g\",\"url\":\"https:\\\/\\\/secure.gravatar.com\\\/avatar\\\/df0c9a14567c056f8ad6876ba5bbd1e3e2c48023eb6807342fc4663adf549f38?s=96&d=mm&r=g\",\"contentUrl\":\"https:\\\/\\\/secure.gravatar.com\\\/avatar\\\/df0c9a14567c056f8ad6876ba5bbd1e3e2c48023eb6807342fc4663adf549f38?s=96&d=mm&r=g\",\"caption\":\"Farn\u00e9sio\"},\"sameAs\":[\"https:\\\/\\\/quersaberpolitica.com.br\"],\"url\":\"https:\\\/\\\/blogdofarnesio.com.br\\\/author\\\/farnesio\\\/\"}]}<\/script>\n<!-- \/ Yoast SEO plugin. -->","yoast_head_json":{"title":"PREFEITO PAULO BOMFIM RECEBE DIRETOR GERAL DO IBAMETRO - Blog do Farn\u00e9sio","robots":{"index":"index","follow":"follow","max-snippet":"max-snippet:-1","max-image-preview":"max-image-preview:large","max-video-preview":"max-video-preview:-1"},"canonical":"https:\/\/blogdofarnesio.com.br\/2017\/02\/prefeito-paulo-bomfim-recebe-diretor-geral-do-ibametro\/","og_locale":"pt_BR","og_type":"article","og_title":"PREFEITO PAULO BOMFIM RECEBE DIRETOR GERAL DO IBAMETRO - Blog do Farn\u00e9sio","og_description":"O Prefeito Paulo Bomfim recebeu nesta manh\u00e3 (16), o diretor-geral do Ibametro, Randerson Leal e o diretor-t\u00e9cnico, Gild\u00e1sio Rocha. Na ocasi\u00e3o, Randerson Leal prop\u00f4s ao prefeito que Juazeiro iniciasse, entre os munic\u00edpios baianos, um plano piloto para instala\u00e7\u00e3o do Cronotac\u00f3grafo. Desde 1997, quando foi institu\u00eddo o C\u00f3digo de Tr\u00e2nsito Brasileiro, ve\u00edculos de carga com peso bruto superior a 4.536 kg e de passageiros com mais de 10 lugares devem possuir o instrumento. \u201cVinhemos propor essa parceria para que possamos fiscalizar, monitor e certificar, junto a Prefeitura para garantirmos mais conforto e seguran\u00e7a para os mun\u00edcipes e para o condutor do ve\u00edculo tamb\u00e9m\u201d, disse Randerson Leal. Outra a\u00e7\u00e3o apresentada pelo Ibametro est\u00e1 relacionada \u00e0 distribui\u00e7\u00e3o de informes educativos nas feiras e&hellip;","og_url":"https:\/\/blogdofarnesio.com.br\/2017\/02\/prefeito-paulo-bomfim-recebe-diretor-geral-do-ibametro\/","og_site_name":"Blog do Farn\u00e9sio","article_publisher":"https:\/\/www.facebook.com\/BlogQuerSaberPolitica\/","article_published_time":"2017-02-16T20:31:09+00:00","og_image":[{"width":600,"height":337,"url":"https:\/\/blogdofarnesio.com.br\/wp-content\/uploads\/2017\/02\/blogqsp-paulobonfim-reuni\u00e3o-1-e1487269864749.jpg","type":"image\/jpeg"}],"author":"Farn\u00e9sio","twitter_card":"summary_large_image","twitter_misc":{"Escrito por":"Farn\u00e9sio","Est. tempo de leitura":"1 minuto"},"schema":{"@context":"https:\/\/schema.org","@graph":[{"@type":"Article","@id":"https:\/\/blogdofarnesio.com.br\/2017\/02\/prefeito-paulo-bomfim-recebe-diretor-geral-do-ibametro\/#article","isPartOf":{"@id":"https:\/\/blogdofarnesio.com.br\/2017\/02\/prefeito-paulo-bomfim-recebe-diretor-geral-do-ibametro\/"},"author":{"name":"Farn\u00e9sio","@id":"https:\/\/blogdofarnesio.com.br\/#\/schema\/person\/301c4acf522bccbfdb45af95b5b906a1"},"headline":"PREFEITO PAULO BOMFIM RECEBE DIRETOR GERAL DO IBAMETRO","datePublished":"2017-02-16T20:31:09+00:00","mainEntityOfPage":{"@id":"https:\/\/blogdofarnesio.com.br\/2017\/02\/prefeito-paulo-bomfim-recebe-diretor-geral-do-ibametro\/"},"wordCount":283,"commentCount":0,"publisher":{"@id":"https:\/\/blogdofarnesio.com.br\/#organization"},"image":{"@id":"https:\/\/blogdofarnesio.com.br\/2017\/02\/prefeito-paulo-bomfim-recebe-diretor-geral-do-ibametro\/#primaryimage"},"thumbnailUrl":"https:\/\/blogdofarnesio.com.br\/wp-content\/uploads\/2017\/02\/blogqsp-paulobonfim-reuni\u00e3o-1-e1487269864749.jpg","articleSection":["Administra\u00e7\u00e3o"],"inLanguage":"pt-BR","potentialAction":[{"@type":"CommentAction","name":"Comment","target":["https:\/\/blogdofarnesio.com.br\/2017\/02\/prefeito-paulo-bomfim-recebe-diretor-geral-do-ibametro\/#respond"]}]},{"@type":"WebPage","@id":"https:\/\/blogdofarnesio.com.br\/2017\/02\/prefeito-paulo-bomfim-recebe-diretor-geral-do-ibametro\/","url":"https:\/\/blogdofarnesio.com.br\/2017\/02\/prefeito-paulo-bomfim-recebe-diretor-geral-do-ibametro\/","name":"PREFEITO PAULO BOMFIM RECEBE DIRETOR GERAL DO IBAMETRO - Blog do Farn\u00e9sio","isPartOf":{"@id":"https:\/\/blogdofarnesio.com.br\/#website"},"primaryImageOfPage":{"@id":"https:\/\/blogdofarnesio.com.br\/2017\/02\/prefeito-paulo-bomfim-recebe-diretor-geral-do-ibametro\/#primaryimage"},"image":{"@id":"https:\/\/blogdofarnesio.com.br\/2017\/02\/prefeito-paulo-bomfim-recebe-diretor-geral-do-ibametro\/#primaryimage"},"thumbnailUrl":"https:\/\/blogdofarnesio.com.br\/wp-content\/uploads\/2017\/02\/blogqsp-paulobonfim-reuni\u00e3o-1-e1487269864749.jpg","datePublished":"2017-02-16T20:31:09+00:00","breadcrumb":{"@id":"https:\/\/blogdofarnesio.com.br\/2017\/02\/prefeito-paulo-bomfim-recebe-diretor-geral-do-ibametro\/#breadcrumb"},"inLanguage":"pt-BR","potentialAction":[{"@type":"ReadAction","target":["https:\/\/blogdofarnesio.com.br\/2017\/02\/prefeito-paulo-bomfim-recebe-diretor-geral-do-ibametro\/"]}]},{"@type":"ImageObject","inLanguage":"pt-BR","@id":"https:\/\/blogdofarnesio.com.br\/2017\/02\/prefeito-paulo-bomfim-recebe-diretor-geral-do-ibametro\/#primaryimage","url":"https:\/\/blogdofarnesio.com.br\/wp-content\/uploads\/2017\/02\/blogqsp-paulobonfim-reuni\u00e3o-1-e1487269864749.jpg","contentUrl":"https:\/\/blogdofarnesio.com.br\/wp-content\/uploads\/2017\/02\/blogqsp-paulobonfim-reuni\u00e3o-1-e1487269864749.jpg","width":600,"height":337},{"@type":"BreadcrumbList","@id":"https:\/\/blogdofarnesio.com.br\/2017\/02\/prefeito-paulo-bomfim-recebe-diretor-geral-do-ibametro\/#breadcrumb","itemListElement":[{"@type":"ListItem","position":1,"name":"In\u00edcio","item":"https:\/\/blogdofarnesio.com.br\/"},{"@type":"ListItem","position":2,"name":"PREFEITO PAULO BOMFIM RECEBE DIRETOR GERAL DO IBAMETRO"}]},{"@type":"WebSite","@id":"https:\/\/blogdofarnesio.com.br\/#website","url":"https:\/\/blogdofarnesio.com.br\/","name":"Blog do Farn\u00e9sio","description":"Quer Saber Pol\u00edtica?","publisher":{"@id":"https:\/\/blogdofarnesio.com.br\/#organization"},"potentialAction":[{"@type":"SearchAction","target":{"@type":"EntryPoint","urlTemplate":"https:\/\/blogdofarnesio.com.br\/?s={search_term_string}"},"query-input":{"@type":"PropertyValueSpecification","valueRequired":true,"valueName":"search_term_string"}}],"inLanguage":"pt-BR"},{"@type":"Organization","@id":"https:\/\/blogdofarnesio.com.br\/#organization","name":"Blog do Farn\u00e9sio","url":"https:\/\/blogdofarnesio.com.br\/","logo":{"@type":"ImageObject","inLanguage":"pt-BR","@id":"https:\/\/blogdofarnesio.com.br\/#\/schema\/logo\/image\/","url":"https:\/\/blogdofarnesio.com.br\/wp-content\/uploads\/2026\/03\/cropped-logo_new-1.png","contentUrl":"https:\/\/blogdofarnesio.com.br\/wp-content\/uploads\/2026\/03\/cropped-logo_new-1.png","width":881,"height":685,"caption":"Blog do Farn\u00e9sio"},"image":{"@id":"https:\/\/blogdofarnesio.com.br\/#\/schema\/logo\/image\/"},"sameAs":["https:\/\/www.facebook.com\/BlogQuerSaberPolitica\/"]},{"@type":"Person","@id":"https:\/\/blogdofarnesio.com.br\/#\/schema\/person\/301c4acf522bccbfdb45af95b5b906a1","name":"Farn\u00e9sio","image":{"@type":"ImageObject","inLanguage":"pt-BR","@id":"https:\/\/secure.gravatar.com\/avatar\/df0c9a14567c056f8ad6876ba5bbd1e3e2c48023eb6807342fc4663adf549f38?s=96&d=mm&r=g","url":"https:\/\/secure.gravatar.com\/avatar\/df0c9a14567c056f8ad6876ba5bbd1e3e2c48023eb6807342fc4663adf549f38?s=96&d=mm&r=g","contentUrl":"https:\/\/secure.gravatar.com\/avatar\/df0c9a14567c056f8ad6876ba5bbd1e3e2c48023eb6807342fc4663adf549f38?s=96&d=mm&r=g","caption":"Farn\u00e9sio"},"sameAs":["https:\/\/quersaberpolitica.com.br"],"url":"https:\/\/blogdofarnesio.com.br\/author\/farnesio\/"}]}},"_links":{"self":[{"href":"https:\/\/blogdofarnesio.com.br\/wp-json\/wp\/v2\/posts\/159116","targetHints":{"allow":["GET"]}}],"collection":[{"href":"https:\/\/blogdofarnesio.com.br\/wp-json\/wp\/v2\/posts"}],"about":[{"href":"https:\/\/blogdofarnesio.com.br\/wp-json\/wp\/v2\/types\/post"}],"author":[{"embeddable":true,"href":"https:\/\/blogdofarnesio.com.br\/wp-json\/wp\/v2\/users\/1"}],"replies":[{"embeddable":true,"href":"https:\/\/blogdofarnesio.com.br\/wp-json\/wp\/v2\/comments?post=159116"}],"version-history":[{"count":0,"href":"https:\/\/blogdofarnesio.com.br\/wp-json\/wp\/v2\/posts\/159116\/revisions"}],"wp:featuredmedia":[{"embeddable":true,"href":"https:\/\/blogdofarnesio.com.br\/wp-json\/wp\/v2\/media\/156186"}],"wp:attachment":[{"href":"https:\/\/blogdofarnesio.com.br\/wp-json\/wp\/v2\/media?parent=159116"}],"wp:term":[{"taxonomy":"category","embeddable":true,"href":"https:\/\/blogdofarnesio.com.br\/wp-json\/wp\/v2\/categories?post=159116"},{"taxonomy":"post_tag","embeddable":true,"href":"https:\/\/blogdofarnesio.com.br\/wp-json\/wp\/v2\/tags?post=159116"}],"curies":[{"name":"wp","href":"https:\/\/api.w.org\/{rel}","templated":true}]}}