{"id":158950,"date":"2017-02-14T07:00:56","date_gmt":"2017-02-14T10:00:56","guid":{"rendered":"http:\/\/quersaberpolitica.com.br\/2016\/?p=158950"},"modified":"2017-02-13T19:52:17","modified_gmt":"2017-02-13T22:52:17","slug":"odacy-amorim-assina-documento-da-oposicao-contestando-projeto-da-pm","status":"publish","type":"post","link":"https:\/\/blogdofarnesio.com.br\/?p=158950","title":{"rendered":"ODACY AMORIM ASSINA DOCUMENTO DA OPOSI\u00c7\u00c3O, CONTESTANDO TRAMITA\u00c7\u00c3O DE PROJETO DA PM"},"content":{"rendered":"<h2 class=\"blog-post-title\">\u00a0<strong>Nota Oficial<\/strong><\/h2>\n<p>Considerando a tramita\u00e7\u00e3o do Projeto de Lei Complementar 1166\/2017, que trata da altera\u00e7\u00e3o da estrutura remunerat\u00f3ria e na carreira dos militares do Estado de Pernambuco, apreciado na reuni\u00e3o de hoje, nas comiss\u00f5es de Constitui\u00e7\u00e3o, Legisla\u00e7\u00e3o e Justi\u00e7a; Administra\u00e7\u00e3o P\u00fablica; e Finan\u00e7as, Or\u00e7amento e Tributa\u00e7\u00e3o, a Bancada de Oposi\u00e7\u00e3o na Assembleia Legislativa de Pernambuco gostaria de esclarecer que:<\/p>\n<p>1 \u2013 A tramita\u00e7\u00e3o do projeto na Casa, da forma como encaminhada, n\u00e3o respeitou o regimento, que determina:<\/p>\n<p>\u201cArtigo 231: As proposi\u00e7\u00f5es ser\u00e3o apreciadas pelas comiss\u00f5es permanentes nos seguintes prazos, contatos a partir do primeiro dia \u00fatil imediatamente subsequente ao vencimento dos prazos para apresenta\u00e7\u00e3o de emendas, subemendas e substitutivos\u201d:<\/p>\n<p>\u201cInciso Primeiro: Cinco reuni\u00f5es ordin\u00e1rias plen\u00e1rias, em regime de urg\u00eancia\u201d;<\/p>\n<p>De acordo com a regra, portanto, as reuni\u00f5es deliberativas das respectivas comiss\u00f5es s\u00f3 poderiam ser realizadas a partir da pr\u00f3xima quarta-feira (15), tendo em vista que o projeto s\u00f3 foi publicado no \u00faltimo dia 7 de fevereiro, garantindo assim o prazo para apresenta\u00e7\u00e3o de emendas parlamentares.<\/p>\n<p>2 \u2013 A vota\u00e7\u00e3o que aprovou o Projeto de Lei Complementar 1166\/2017 nas referidas comiss\u00f5es n\u00e3o \u00e9 reconhecida pela Bancada de Oposi\u00e7\u00e3o em virtude das inconsist\u00eancias legais apresentadas durante o processo;<\/p>\n<p>3 \u2013 Em nenhum momento a Oposi\u00e7\u00e3o se posicionou contra o projeto ou a favor da Opera\u00e7\u00e3o Padr\u00e3o, tampouco de uma poss\u00edvel greve. Queremos debater a proposta da forma mais transparente poss\u00edvel, buscando a participa\u00e7\u00e3o de todos. \u00c9 fundamental devolver o clima de normalidade \u00e0 corpora\u00e7\u00e3o, \u00e0 sociedade e \u00e0s ruas;<\/p>\n<p>4 \u2013 A Bancada condena a forma truculenta como o Governo do Estado e a Base Governista na Assembleia v\u00eam tratando a quest\u00e3o, cerceando o debate, n\u00e3o apresentando de forma transparente a previsibilidade financeira para garantir as despesas geradas pelo projeto em quest\u00e3o; assim como a quest\u00e3o da paridade entre militares da ativa, inativos e pensionistas, que n\u00e3o est\u00e1 clara no projeto encaminhado a esta Casa;<\/p>\n<p>5 \u2013 A forma como o Governo do Estado vem agindo, desde o in\u00edcio da apresenta\u00e7\u00e3o das reivindica\u00e7\u00f5es de policiais e bombeiros militares, vem provocando o clima de tens\u00e3o da corpora\u00e7\u00e3o, sendo, portanto, de responsabilidade do Governo do Estado a atual queda de bra\u00e7o entre a categoria e o Poder Executivo;<\/p>\n<p>6 \u2013 De forma imprecisa, o Governo afirma que teria disponibilidade de R$ 130 milh\u00f5es para custear as despesas geradas pelo projeto, sendo R$ 90 milh\u00f5es do super\u00e1vit or\u00e7ament\u00e1rio de 2016 e R$ 40 milh\u00f5es da arrecada\u00e7\u00e3o da Taxa de Bombeiros cobrada a grandes empreendimentos, n\u00e3o ficando claro como essa conta ser\u00e1 paga em 2017, 2018 e 2019.<\/p>\n<p>7 \u2013 Entre as quest\u00f5es n\u00e3o esclarecidas pelo Governo do Estado est\u00e1 o real impacto financeiro do projeto, que segundo estudo t\u00e9cnico realizado pela Bancada de Oposi\u00e7\u00e3o seria de R$ 167,4 milh\u00f5es na folha em 2017 e n\u00e3o de R$ 303 milh\u00f5es, como citado na proposi\u00e7\u00e3o;<\/p>\n<p>8 \u2013 A Bancada de Oposi\u00e7\u00e3o est\u00e1 analisando as medidas judiciais cab\u00edveis para garantir a plenitude do processo legislativo, que ser\u00e1 garantido a partir do amplo debate.<\/p>\n<p><strong>Recife, 13 de fevereiro de 2017<\/strong><\/p>\n<p><strong>Silvio Costa Filho<\/strong><\/p>\n<p><strong>Teresa Leit\u00e3o<\/strong><\/p>\n<p><strong>Joel da Harpa<\/strong><\/p>\n<p><strong>Augusto C\u00e9sar<\/strong><\/p>\n<p><strong>Edilson Silva<\/strong><\/p>\n<p><strong>Jos\u00e9 Humberto Cavalcanti<\/strong><\/p>\n<p><strong>J\u00falio Cavalcanti<\/strong><\/p>\n<p><strong>Odacy Amorim<\/strong><\/p>\n<p><strong>Ossesio Silva<\/strong><\/p>\n<p><strong>Paulinho Tom\u00e9<\/strong><\/p>\n<p><strong>Priscila Krause<\/strong><\/p>\n<p><strong>Socorro Pimentel<\/strong><\/p>\n","protected":false},"excerpt":{"rendered":"<p>\u00a0Nota Oficial Considerando a tramita\u00e7\u00e3o do Projeto de Lei Complementar 1166\/2017, que trata da altera\u00e7\u00e3o da estrutura remunerat\u00f3ria e na carreira dos militares do Estado de Pernambuco, apreciado na reuni\u00e3o de hoje, nas comiss\u00f5es de Constitui\u00e7\u00e3o, Legisla\u00e7\u00e3o e Justi\u00e7a; Administra\u00e7\u00e3o P\u00fablica; e Finan\u00e7as, Or\u00e7amento e Tributa\u00e7\u00e3o, a Bancada de Oposi\u00e7\u00e3o na Assembleia Legislativa de Pernambuco gostaria de esclarecer que: 1 \u2013 A tramita\u00e7\u00e3o do projeto na Casa, da forma como encaminhada, n\u00e3o respeitou o regimento, que determina: \u201cArtigo 231: As proposi\u00e7\u00f5es ser\u00e3o apreciadas pelas comiss\u00f5es permanentes nos seguintes prazos, contatos a partir do primeiro dia \u00fatil imediatamente subsequente ao vencimento dos prazos para apresenta\u00e7\u00e3o de emendas, subemendas e substitutivos\u201d: \u201cInciso Primeiro: Cinco reuni\u00f5es ordin\u00e1rias plen\u00e1rias, em regime de urg\u00eancia\u201d; De&hellip; <\/p>\n","protected":false},"author":1,"featured_media":152634,"comment_status":"open","ping_status":"open","sticky":false,"template":"","format":"standard","meta":{"_acf_changed":false,"footnotes":""},"categories":[30],"tags":[],"class_list":["post-158950","post","type-post","status-publish","format-standard","has-post-thumbnail","hentry","category-artigo"],"acf":[],"yoast_head":"<!-- This site is optimized with the Yoast SEO plugin v27.4 - https:\/\/yoast.com\/product\/yoast-seo-wordpress\/ -->\n<title>ODACY AMORIM ASSINA DOCUMENTO DA OPOSI\u00c7\u00c3O, CONTESTANDO TRAMITA\u00c7\u00c3O DE PROJETO DA PM - Blog do Farn\u00e9sio<\/title>\n<meta name=\"robots\" content=\"index, follow, max-snippet:-1, max-image-preview:large, max-video-preview:-1\" \/>\n<link rel=\"canonical\" href=\"https:\/\/blogdofarnesio.com.br\/?p=158950\" \/>\n<meta property=\"og:locale\" content=\"pt_BR\" \/>\n<meta property=\"og:type\" content=\"article\" \/>\n<meta property=\"og:title\" content=\"ODACY AMORIM ASSINA DOCUMENTO DA OPOSI\u00c7\u00c3O, CONTESTANDO TRAMITA\u00c7\u00c3O DE PROJETO DA PM - Blog do Farn\u00e9sio\" \/>\n<meta property=\"og:description\" content=\"\u00a0Nota Oficial Considerando a tramita\u00e7\u00e3o do Projeto de Lei Complementar 1166\/2017, que trata da altera\u00e7\u00e3o da estrutura remunerat\u00f3ria e na carreira dos militares do Estado de Pernambuco, apreciado na reuni\u00e3o de hoje, nas comiss\u00f5es de Constitui\u00e7\u00e3o, Legisla\u00e7\u00e3o e Justi\u00e7a; Administra\u00e7\u00e3o P\u00fablica; e Finan\u00e7as, Or\u00e7amento e Tributa\u00e7\u00e3o, a Bancada de Oposi\u00e7\u00e3o na Assembleia Legislativa de Pernambuco gostaria de esclarecer que: 1 \u2013 A tramita\u00e7\u00e3o do projeto na Casa, da forma como encaminhada, n\u00e3o respeitou o regimento, que determina: \u201cArtigo 231: As proposi\u00e7\u00f5es ser\u00e3o apreciadas pelas comiss\u00f5es permanentes nos seguintes prazos, contatos a partir do primeiro dia \u00fatil imediatamente subsequente ao vencimento dos prazos para apresenta\u00e7\u00e3o de emendas, subemendas e substitutivos\u201d: \u201cInciso Primeiro: Cinco reuni\u00f5es ordin\u00e1rias plen\u00e1rias, em regime de urg\u00eancia\u201d; De&hellip;\" \/>\n<meta property=\"og:url\" content=\"https:\/\/blogdofarnesio.com.br\/?p=158950\" \/>\n<meta property=\"og:site_name\" content=\"Blog do Farn\u00e9sio\" \/>\n<meta property=\"article:publisher\" content=\"https:\/\/www.facebook.com\/BlogQuerSaberPolitica\/\" \/>\n<meta property=\"article:published_time\" content=\"2017-02-14T10:00:56+00:00\" \/>\n<meta property=\"og:image\" content=\"https:\/\/blogdofarnesio.com.br\/wp-content\/uploads\/2016\/12\/blogqspNota0.jpg\" \/>\n\t<meta property=\"og:image:width\" content=\"576\" \/>\n\t<meta property=\"og:image:height\" content=\"370\" \/>\n\t<meta property=\"og:image:type\" content=\"image\/jpeg\" \/>\n<meta name=\"author\" content=\"Farn\u00e9sio\" \/>\n<meta name=\"twitter:card\" content=\"summary_large_image\" \/>\n<meta name=\"twitter:label1\" content=\"Escrito por\" \/>\n\t<meta name=\"twitter:data1\" content=\"Farn\u00e9sio\" \/>\n\t<meta name=\"twitter:label2\" content=\"Est. tempo de leitura\" \/>\n\t<meta name=\"twitter:data2\" content=\"3 minutos\" \/>\n<script type=\"application\/ld+json\" class=\"yoast-schema-graph\">{\"@context\":\"https:\\\/\\\/schema.org\",\"@graph\":[{\"@type\":\"Article\",\"@id\":\"https:\\\/\\\/blogdofarnesio.com.br\\\/?p=158950#article\",\"isPartOf\":{\"@id\":\"https:\\\/\\\/blogdofarnesio.com.br\\\/?p=158950\"},\"author\":{\"name\":\"Farn\u00e9sio\",\"@id\":\"https:\\\/\\\/blogdofarnesio.com.br\\\/#\\\/schema\\\/person\\\/301c4acf522bccbfdb45af95b5b906a1\"},\"headline\":\"ODACY AMORIM ASSINA DOCUMENTO DA OPOSI\u00c7\u00c3O, CONTESTANDO TRAMITA\u00c7\u00c3O DE PROJETO DA PM\",\"datePublished\":\"2017-02-14T10:00:56+00:00\",\"mainEntityOfPage\":{\"@id\":\"https:\\\/\\\/blogdofarnesio.com.br\\\/?p=158950\"},\"wordCount\":578,\"commentCount\":0,\"publisher\":{\"@id\":\"https:\\\/\\\/blogdofarnesio.com.br\\\/#organization\"},\"image\":{\"@id\":\"https:\\\/\\\/blogdofarnesio.com.br\\\/?p=158950#primaryimage\"},\"thumbnailUrl\":\"https:\\\/\\\/blogdofarnesio.com.br\\\/wp-content\\\/uploads\\\/2016\\\/12\\\/blogqspNota0.jpg\",\"articleSection\":[\"Artigo\"],\"inLanguage\":\"pt-BR\",\"potentialAction\":[{\"@type\":\"CommentAction\",\"name\":\"Comment\",\"target\":[\"https:\\\/\\\/blogdofarnesio.com.br\\\/?p=158950#respond\"]}]},{\"@type\":\"WebPage\",\"@id\":\"https:\\\/\\\/blogdofarnesio.com.br\\\/?p=158950\",\"url\":\"https:\\\/\\\/blogdofarnesio.com.br\\\/?p=158950\",\"name\":\"ODACY AMORIM ASSINA DOCUMENTO DA OPOSI\u00c7\u00c3O, CONTESTANDO TRAMITA\u00c7\u00c3O DE PROJETO DA PM - Blog do Farn\u00e9sio\",\"isPartOf\":{\"@id\":\"https:\\\/\\\/blogdofarnesio.com.br\\\/#website\"},\"primaryImageOfPage\":{\"@id\":\"https:\\\/\\\/blogdofarnesio.com.br\\\/?p=158950#primaryimage\"},\"image\":{\"@id\":\"https:\\\/\\\/blogdofarnesio.com.br\\\/?p=158950#primaryimage\"},\"thumbnailUrl\":\"https:\\\/\\\/blogdofarnesio.com.br\\\/wp-content\\\/uploads\\\/2016\\\/12\\\/blogqspNota0.jpg\",\"datePublished\":\"2017-02-14T10:00:56+00:00\",\"breadcrumb\":{\"@id\":\"https:\\\/\\\/blogdofarnesio.com.br\\\/?p=158950#breadcrumb\"},\"inLanguage\":\"pt-BR\",\"potentialAction\":[{\"@type\":\"ReadAction\",\"target\":[\"https:\\\/\\\/blogdofarnesio.com.br\\\/?p=158950\"]}]},{\"@type\":\"ImageObject\",\"inLanguage\":\"pt-BR\",\"@id\":\"https:\\\/\\\/blogdofarnesio.com.br\\\/?p=158950#primaryimage\",\"url\":\"https:\\\/\\\/blogdofarnesio.com.br\\\/wp-content\\\/uploads\\\/2016\\\/12\\\/blogqspNota0.jpg\",\"contentUrl\":\"https:\\\/\\\/blogdofarnesio.com.br\\\/wp-content\\\/uploads\\\/2016\\\/12\\\/blogqspNota0.jpg\",\"width\":576,\"height\":370},{\"@type\":\"BreadcrumbList\",\"@id\":\"https:\\\/\\\/blogdofarnesio.com.br\\\/?p=158950#breadcrumb\",\"itemListElement\":[{\"@type\":\"ListItem\",\"position\":1,\"name\":\"In\u00edcio\",\"item\":\"https:\\\/\\\/blogdofarnesio.com.br\\\/\"},{\"@type\":\"ListItem\",\"position\":2,\"name\":\"ODACY AMORIM ASSINA DOCUMENTO DA OPOSI\u00c7\u00c3O, CONTESTANDO TRAMITA\u00c7\u00c3O DE PROJETO DA PM\"}]},{\"@type\":\"WebSite\",\"@id\":\"https:\\\/\\\/blogdofarnesio.com.br\\\/#website\",\"url\":\"https:\\\/\\\/blogdofarnesio.com.br\\\/\",\"name\":\"Blog do Farn\u00e9sio\",\"description\":\"Quer Saber Pol\u00edtica?\",\"publisher\":{\"@id\":\"https:\\\/\\\/blogdofarnesio.com.br\\\/#organization\"},\"potentialAction\":[{\"@type\":\"SearchAction\",\"target\":{\"@type\":\"EntryPoint\",\"urlTemplate\":\"https:\\\/\\\/blogdofarnesio.com.br\\\/?s={search_term_string}\"},\"query-input\":{\"@type\":\"PropertyValueSpecification\",\"valueRequired\":true,\"valueName\":\"search_term_string\"}}],\"inLanguage\":\"pt-BR\"},{\"@type\":\"Organization\",\"@id\":\"https:\\\/\\\/blogdofarnesio.com.br\\\/#organization\",\"name\":\"Blog do Farn\u00e9sio\",\"url\":\"https:\\\/\\\/blogdofarnesio.com.br\\\/\",\"logo\":{\"@type\":\"ImageObject\",\"inLanguage\":\"pt-BR\",\"@id\":\"https:\\\/\\\/blogdofarnesio.com.br\\\/#\\\/schema\\\/logo\\\/image\\\/\",\"url\":\"https:\\\/\\\/blogdofarnesio.com.br\\\/wp-content\\\/uploads\\\/2026\\\/03\\\/cropped-logo_new-1.png\",\"contentUrl\":\"https:\\\/\\\/blogdofarnesio.com.br\\\/wp-content\\\/uploads\\\/2026\\\/03\\\/cropped-logo_new-1.png\",\"width\":881,\"height\":685,\"caption\":\"Blog do Farn\u00e9sio\"},\"image\":{\"@id\":\"https:\\\/\\\/blogdofarnesio.com.br\\\/#\\\/schema\\\/logo\\\/image\\\/\"},\"sameAs\":[\"https:\\\/\\\/www.facebook.com\\\/BlogQuerSaberPolitica\\\/\"]},{\"@type\":\"Person\",\"@id\":\"https:\\\/\\\/blogdofarnesio.com.br\\\/#\\\/schema\\\/person\\\/301c4acf522bccbfdb45af95b5b906a1\",\"name\":\"Farn\u00e9sio\",\"image\":{\"@type\":\"ImageObject\",\"inLanguage\":\"pt-BR\",\"@id\":\"https:\\\/\\\/secure.gravatar.com\\\/avatar\\\/df0c9a14567c056f8ad6876ba5bbd1e3e2c48023eb6807342fc4663adf549f38?s=96&d=mm&r=g\",\"url\":\"https:\\\/\\\/secure.gravatar.com\\\/avatar\\\/df0c9a14567c056f8ad6876ba5bbd1e3e2c48023eb6807342fc4663adf549f38?s=96&d=mm&r=g\",\"contentUrl\":\"https:\\\/\\\/secure.gravatar.com\\\/avatar\\\/df0c9a14567c056f8ad6876ba5bbd1e3e2c48023eb6807342fc4663adf549f38?s=96&d=mm&r=g\",\"caption\":\"Farn\u00e9sio\"},\"sameAs\":[\"https:\\\/\\\/quersaberpolitica.com.br\"],\"url\":\"https:\\\/\\\/blogdofarnesio.com.br\\\/?author=1\"}]}<\/script>\n<!-- \/ Yoast SEO plugin. -->","yoast_head_json":{"title":"ODACY AMORIM ASSINA DOCUMENTO DA OPOSI\u00c7\u00c3O, CONTESTANDO TRAMITA\u00c7\u00c3O DE PROJETO DA PM - Blog do Farn\u00e9sio","robots":{"index":"index","follow":"follow","max-snippet":"max-snippet:-1","max-image-preview":"max-image-preview:large","max-video-preview":"max-video-preview:-1"},"canonical":"https:\/\/blogdofarnesio.com.br\/?p=158950","og_locale":"pt_BR","og_type":"article","og_title":"ODACY AMORIM ASSINA DOCUMENTO DA OPOSI\u00c7\u00c3O, CONTESTANDO TRAMITA\u00c7\u00c3O DE PROJETO DA PM - Blog do Farn\u00e9sio","og_description":"\u00a0Nota Oficial Considerando a tramita\u00e7\u00e3o do Projeto de Lei Complementar 1166\/2017, que trata da altera\u00e7\u00e3o da estrutura remunerat\u00f3ria e na carreira dos militares do Estado de Pernambuco, apreciado na reuni\u00e3o de hoje, nas comiss\u00f5es de Constitui\u00e7\u00e3o, Legisla\u00e7\u00e3o e Justi\u00e7a; Administra\u00e7\u00e3o P\u00fablica; e Finan\u00e7as, Or\u00e7amento e Tributa\u00e7\u00e3o, a Bancada de Oposi\u00e7\u00e3o na Assembleia Legislativa de Pernambuco gostaria de esclarecer que: 1 \u2013 A tramita\u00e7\u00e3o do projeto na Casa, da forma como encaminhada, n\u00e3o respeitou o regimento, que determina: \u201cArtigo 231: As proposi\u00e7\u00f5es ser\u00e3o apreciadas pelas comiss\u00f5es permanentes nos seguintes prazos, contatos a partir do primeiro dia \u00fatil imediatamente subsequente ao vencimento dos prazos para apresenta\u00e7\u00e3o de emendas, subemendas e substitutivos\u201d: \u201cInciso Primeiro: Cinco reuni\u00f5es ordin\u00e1rias plen\u00e1rias, em regime de urg\u00eancia\u201d; De&hellip;","og_url":"https:\/\/blogdofarnesio.com.br\/?p=158950","og_site_name":"Blog do Farn\u00e9sio","article_publisher":"https:\/\/www.facebook.com\/BlogQuerSaberPolitica\/","article_published_time":"2017-02-14T10:00:56+00:00","og_image":[{"width":576,"height":370,"url":"https:\/\/blogdofarnesio.com.br\/wp-content\/uploads\/2016\/12\/blogqspNota0.jpg","type":"image\/jpeg"}],"author":"Farn\u00e9sio","twitter_card":"summary_large_image","twitter_misc":{"Escrito por":"Farn\u00e9sio","Est. tempo de leitura":"3 minutos"},"schema":{"@context":"https:\/\/schema.org","@graph":[{"@type":"Article","@id":"https:\/\/blogdofarnesio.com.br\/?p=158950#article","isPartOf":{"@id":"https:\/\/blogdofarnesio.com.br\/?p=158950"},"author":{"name":"Farn\u00e9sio","@id":"https:\/\/blogdofarnesio.com.br\/#\/schema\/person\/301c4acf522bccbfdb45af95b5b906a1"},"headline":"ODACY AMORIM ASSINA DOCUMENTO DA OPOSI\u00c7\u00c3O, CONTESTANDO TRAMITA\u00c7\u00c3O DE PROJETO DA PM","datePublished":"2017-02-14T10:00:56+00:00","mainEntityOfPage":{"@id":"https:\/\/blogdofarnesio.com.br\/?p=158950"},"wordCount":578,"commentCount":0,"publisher":{"@id":"https:\/\/blogdofarnesio.com.br\/#organization"},"image":{"@id":"https:\/\/blogdofarnesio.com.br\/?p=158950#primaryimage"},"thumbnailUrl":"https:\/\/blogdofarnesio.com.br\/wp-content\/uploads\/2016\/12\/blogqspNota0.jpg","articleSection":["Artigo"],"inLanguage":"pt-BR","potentialAction":[{"@type":"CommentAction","name":"Comment","target":["https:\/\/blogdofarnesio.com.br\/?p=158950#respond"]}]},{"@type":"WebPage","@id":"https:\/\/blogdofarnesio.com.br\/?p=158950","url":"https:\/\/blogdofarnesio.com.br\/?p=158950","name":"ODACY AMORIM ASSINA DOCUMENTO DA OPOSI\u00c7\u00c3O, CONTESTANDO TRAMITA\u00c7\u00c3O DE PROJETO DA PM - Blog do Farn\u00e9sio","isPartOf":{"@id":"https:\/\/blogdofarnesio.com.br\/#website"},"primaryImageOfPage":{"@id":"https:\/\/blogdofarnesio.com.br\/?p=158950#primaryimage"},"image":{"@id":"https:\/\/blogdofarnesio.com.br\/?p=158950#primaryimage"},"thumbnailUrl":"https:\/\/blogdofarnesio.com.br\/wp-content\/uploads\/2016\/12\/blogqspNota0.jpg","datePublished":"2017-02-14T10:00:56+00:00","breadcrumb":{"@id":"https:\/\/blogdofarnesio.com.br\/?p=158950#breadcrumb"},"inLanguage":"pt-BR","potentialAction":[{"@type":"ReadAction","target":["https:\/\/blogdofarnesio.com.br\/?p=158950"]}]},{"@type":"ImageObject","inLanguage":"pt-BR","@id":"https:\/\/blogdofarnesio.com.br\/?p=158950#primaryimage","url":"https:\/\/blogdofarnesio.com.br\/wp-content\/uploads\/2016\/12\/blogqspNota0.jpg","contentUrl":"https:\/\/blogdofarnesio.com.br\/wp-content\/uploads\/2016\/12\/blogqspNota0.jpg","width":576,"height":370},{"@type":"BreadcrumbList","@id":"https:\/\/blogdofarnesio.com.br\/?p=158950#breadcrumb","itemListElement":[{"@type":"ListItem","position":1,"name":"In\u00edcio","item":"https:\/\/blogdofarnesio.com.br\/"},{"@type":"ListItem","position":2,"name":"ODACY AMORIM ASSINA DOCUMENTO DA OPOSI\u00c7\u00c3O, CONTESTANDO TRAMITA\u00c7\u00c3O DE PROJETO DA PM"}]},{"@type":"WebSite","@id":"https:\/\/blogdofarnesio.com.br\/#website","url":"https:\/\/blogdofarnesio.com.br\/","name":"Blog do Farn\u00e9sio","description":"Quer Saber Pol\u00edtica?","publisher":{"@id":"https:\/\/blogdofarnesio.com.br\/#organization"},"potentialAction":[{"@type":"SearchAction","target":{"@type":"EntryPoint","urlTemplate":"https:\/\/blogdofarnesio.com.br\/?s={search_term_string}"},"query-input":{"@type":"PropertyValueSpecification","valueRequired":true,"valueName":"search_term_string"}}],"inLanguage":"pt-BR"},{"@type":"Organization","@id":"https:\/\/blogdofarnesio.com.br\/#organization","name":"Blog do Farn\u00e9sio","url":"https:\/\/blogdofarnesio.com.br\/","logo":{"@type":"ImageObject","inLanguage":"pt-BR","@id":"https:\/\/blogdofarnesio.com.br\/#\/schema\/logo\/image\/","url":"https:\/\/blogdofarnesio.com.br\/wp-content\/uploads\/2026\/03\/cropped-logo_new-1.png","contentUrl":"https:\/\/blogdofarnesio.com.br\/wp-content\/uploads\/2026\/03\/cropped-logo_new-1.png","width":881,"height":685,"caption":"Blog do Farn\u00e9sio"},"image":{"@id":"https:\/\/blogdofarnesio.com.br\/#\/schema\/logo\/image\/"},"sameAs":["https:\/\/www.facebook.com\/BlogQuerSaberPolitica\/"]},{"@type":"Person","@id":"https:\/\/blogdofarnesio.com.br\/#\/schema\/person\/301c4acf522bccbfdb45af95b5b906a1","name":"Farn\u00e9sio","image":{"@type":"ImageObject","inLanguage":"pt-BR","@id":"https:\/\/secure.gravatar.com\/avatar\/df0c9a14567c056f8ad6876ba5bbd1e3e2c48023eb6807342fc4663adf549f38?s=96&d=mm&r=g","url":"https:\/\/secure.gravatar.com\/avatar\/df0c9a14567c056f8ad6876ba5bbd1e3e2c48023eb6807342fc4663adf549f38?s=96&d=mm&r=g","contentUrl":"https:\/\/secure.gravatar.com\/avatar\/df0c9a14567c056f8ad6876ba5bbd1e3e2c48023eb6807342fc4663adf549f38?s=96&d=mm&r=g","caption":"Farn\u00e9sio"},"sameAs":["https:\/\/quersaberpolitica.com.br"],"url":"https:\/\/blogdofarnesio.com.br\/?author=1"}]}},"_links":{"self":[{"href":"https:\/\/blogdofarnesio.com.br\/index.php?rest_route=\/wp\/v2\/posts\/158950","targetHints":{"allow":["GET"]}}],"collection":[{"href":"https:\/\/blogdofarnesio.com.br\/index.php?rest_route=\/wp\/v2\/posts"}],"about":[{"href":"https:\/\/blogdofarnesio.com.br\/index.php?rest_route=\/wp\/v2\/types\/post"}],"author":[{"embeddable":true,"href":"https:\/\/blogdofarnesio.com.br\/index.php?rest_route=\/wp\/v2\/users\/1"}],"replies":[{"embeddable":true,"href":"https:\/\/blogdofarnesio.com.br\/index.php?rest_route=%2Fwp%2Fv2%2Fcomments&post=158950"}],"version-history":[{"count":0,"href":"https:\/\/blogdofarnesio.com.br\/index.php?rest_route=\/wp\/v2\/posts\/158950\/revisions"}],"wp:featuredmedia":[{"embeddable":true,"href":"https:\/\/blogdofarnesio.com.br\/index.php?rest_route=\/wp\/v2\/media\/152634"}],"wp:attachment":[{"href":"https:\/\/blogdofarnesio.com.br\/index.php?rest_route=%2Fwp%2Fv2%2Fmedia&parent=158950"}],"wp:term":[{"taxonomy":"category","embeddable":true,"href":"https:\/\/blogdofarnesio.com.br\/index.php?rest_route=%2Fwp%2Fv2%2Fcategories&post=158950"},{"taxonomy":"post_tag","embeddable":true,"href":"https:\/\/blogdofarnesio.com.br\/index.php?rest_route=%2Fwp%2Fv2%2Ftags&post=158950"}],"curies":[{"name":"wp","href":"https:\/\/api.w.org\/{rel}","templated":true}]}}