{"id":158945,"date":"2017-02-14T08:04:59","date_gmt":"2017-02-14T11:04:59","guid":{"rendered":"http:\/\/quersaberpolitica.com.br\/2016\/?p=158945"},"modified":"2017-02-13T18:58:43","modified_gmt":"2017-02-13T21:58:43","slug":"prefeito-de-morro-do-chapeu-que-nomeou-a-mae-como-secretaria-pode-ser-alvo-de-acao-civil","status":"publish","type":"post","link":"https:\/\/blogdofarnesio.com.br\/?p=158945","title":{"rendered":"PREFEITO DE MORRO DO CHAP\u00c9U QUE NOMEOU A M\u00c3E COMO SECRET\u00c1RIA PODE SER ALVO DE A\u00c7\u00c3O C\u00cdVIL"},"content":{"rendered":"<div class=\"box-title\">\n<h2><\/h2>\n<p>por Francis Juliano<\/p>\n<\/div>\n<div class=\"box-body\">\n<div class=\"text-center\">\n<div class=\"box-img\">Foto: Reprodu\u00e7\u00e3o \/ Morro Acontece<\/div>\n<\/div>\n<div class=\"text-descricao\">A Promotoria de Justi\u00e7a em Morro do Chap\u00e9u, na Chapada Diamantina, quer que o prefeito Leonardo Dourado (PR) exonere a m\u00e3e do gestor, Ana L\u00facia Dourado, nomeada secret\u00e1ria de Educa\u00e7\u00e3o do Munic\u00edpio. Uma recomenda\u00e7\u00e3o foi enviada ao prefeito que tem 20 dias \u2013 contados a partir de 7 de fevereiro \u2013 para tomar a provid\u00eancia exigida pelo MP. Autor da medida, o promotor de Justi\u00e7a F\u00e1bio Nunes Bastos Leal Guimar\u00e3es tem como base a S\u00famula Vinculante 13, editada pelo Supremo Tribunal Federal (STF). A regra veda contrata\u00e7\u00f5es e nomea\u00e7\u00f5es de parentes em linha reta ou colateral at\u00e9 o 3\u00b0 grau por gestores dos munic\u00edpios. Assim n\u00e3o pode haver nomea\u00e7\u00f5es de parentes de prefeito, vice-prefeito, vereadores e secret\u00e1rios. Caso o prefeito Leonardo Dourado n\u00e3o adote a medida, o MP deve acionar o gestor na Justi\u00e7a por ato de improbidade administrativa. A mesma recomenda\u00e7\u00e3o do promotor tamb\u00e9m foi enviada ao presidente da C\u00e2mara de Vereadores, para que, caso tenha ocorrido nomea\u00e7\u00f5es irregulares, tamb\u00e9m demita os servidores parentes.<\/div>\n<\/div>\n","protected":false},"excerpt":{"rendered":"<p>por Francis Juliano Foto: Reprodu\u00e7\u00e3o \/ Morro Acontece A Promotoria de Justi\u00e7a em Morro do Chap\u00e9u, na Chapada Diamantina, quer que o prefeito Leonardo Dourado (PR) exonere a m\u00e3e do gestor, Ana L\u00facia Dourado, nomeada secret\u00e1ria de Educa\u00e7\u00e3o do Munic\u00edpio. Uma recomenda\u00e7\u00e3o foi enviada ao prefeito que tem 20 dias \u2013 contados a partir de 7 de fevereiro \u2013 para tomar a provid\u00eancia exigida pelo MP. Autor da medida, o promotor de Justi\u00e7a F\u00e1bio Nunes Bastos Leal Guimar\u00e3es tem como base a S\u00famula Vinculante 13, editada pelo Supremo Tribunal Federal (STF). A regra veda contrata\u00e7\u00f5es e nomea\u00e7\u00f5es de parentes em linha reta ou colateral at\u00e9 o 3\u00b0 grau por gestores dos munic\u00edpios. Assim n\u00e3o pode haver nomea\u00e7\u00f5es de parentes de&hellip; <\/p>\n","protected":false},"author":1,"featured_media":156039,"comment_status":"open","ping_status":"open","sticky":false,"template":"","format":"standard","meta":{"_acf_changed":false,"footnotes":""},"categories":[44,27,5],"tags":[],"class_list":["post-158945","post","type-post","status-publish","format-standard","has-post-thumbnail","hentry","category-administracao","category-cidades","category-seguranca"],"acf":[],"yoast_head":"<!-- This site is optimized with the Yoast SEO plugin v27.4 - https:\/\/yoast.com\/product\/yoast-seo-wordpress\/ -->\n<title>PREFEITO DE MORRO DO CHAP\u00c9U QUE NOMEOU A M\u00c3E COMO SECRET\u00c1RIA PODE SER ALVO DE A\u00c7\u00c3O C\u00cdVIL - Blog do Farn\u00e9sio<\/title>\n<meta name=\"robots\" content=\"index, follow, max-snippet:-1, max-image-preview:large, max-video-preview:-1\" \/>\n<link rel=\"canonical\" href=\"https:\/\/blogdofarnesio.com.br\/?p=158945\" \/>\n<meta property=\"og:locale\" content=\"pt_BR\" \/>\n<meta property=\"og:type\" content=\"article\" \/>\n<meta property=\"og:title\" content=\"PREFEITO DE MORRO DO CHAP\u00c9U QUE NOMEOU A M\u00c3E COMO SECRET\u00c1RIA PODE SER ALVO DE A\u00c7\u00c3O C\u00cdVIL - Blog do Farn\u00e9sio\" \/>\n<meta property=\"og:description\" content=\"por Francis Juliano Foto: Reprodu\u00e7\u00e3o \/ Morro Acontece A Promotoria de Justi\u00e7a em Morro do Chap\u00e9u, na Chapada Diamantina, quer que o prefeito Leonardo Dourado (PR) exonere a m\u00e3e do gestor, Ana L\u00facia Dourado, nomeada secret\u00e1ria de Educa\u00e7\u00e3o do Munic\u00edpio. Uma recomenda\u00e7\u00e3o foi enviada ao prefeito que tem 20 dias \u2013 contados a partir de 7 de fevereiro \u2013 para tomar a provid\u00eancia exigida pelo MP. Autor da medida, o promotor de Justi\u00e7a F\u00e1bio Nunes Bastos Leal Guimar\u00e3es tem como base a S\u00famula Vinculante 13, editada pelo Supremo Tribunal Federal (STF). A regra veda contrata\u00e7\u00f5es e nomea\u00e7\u00f5es de parentes em linha reta ou colateral at\u00e9 o 3\u00b0 grau por gestores dos munic\u00edpios. Assim n\u00e3o pode haver nomea\u00e7\u00f5es de parentes de&hellip;\" \/>\n<meta property=\"og:url\" content=\"https:\/\/blogdofarnesio.com.br\/?p=158945\" \/>\n<meta property=\"og:site_name\" content=\"Blog do Farn\u00e9sio\" \/>\n<meta property=\"article:publisher\" content=\"https:\/\/www.facebook.com\/BlogQuerSaberPolitica\/\" \/>\n<meta property=\"article:published_time\" content=\"2017-02-14T11:04:59+00:00\" \/>\n<meta property=\"og:image\" content=\"https:\/\/blogdofarnesio.com.br\/wp-content\/uploads\/2017\/02\/blogqspmorrodochapeu-pref-Leonardo-Dourado-PR.jpg\" \/>\n\t<meta property=\"og:image:width\" content=\"380\" \/>\n\t<meta property=\"og:image:height\" content=\"280\" \/>\n\t<meta property=\"og:image:type\" content=\"image\/jpeg\" \/>\n<meta name=\"author\" content=\"Farn\u00e9sio\" \/>\n<meta name=\"twitter:card\" content=\"summary_large_image\" \/>\n<meta name=\"twitter:label1\" content=\"Escrito por\" \/>\n\t<meta name=\"twitter:data1\" content=\"Farn\u00e9sio\" \/>\n\t<meta name=\"twitter:label2\" content=\"Est. tempo de leitura\" \/>\n\t<meta name=\"twitter:data2\" content=\"1 minuto\" \/>\n<script type=\"application\/ld+json\" class=\"yoast-schema-graph\">{\"@context\":\"https:\\\/\\\/schema.org\",\"@graph\":[{\"@type\":\"Article\",\"@id\":\"https:\\\/\\\/blogdofarnesio.com.br\\\/?p=158945#article\",\"isPartOf\":{\"@id\":\"https:\\\/\\\/blogdofarnesio.com.br\\\/?p=158945\"},\"author\":{\"name\":\"Farn\u00e9sio\",\"@id\":\"https:\\\/\\\/blogdofarnesio.com.br\\\/#\\\/schema\\\/person\\\/301c4acf522bccbfdb45af95b5b906a1\"},\"headline\":\"PREFEITO DE MORRO DO CHAP\u00c9U QUE NOMEOU A M\u00c3E COMO SECRET\u00c1RIA PODE SER ALVO DE A\u00c7\u00c3O C\u00cdVIL\",\"datePublished\":\"2017-02-14T11:04:59+00:00\",\"mainEntityOfPage\":{\"@id\":\"https:\\\/\\\/blogdofarnesio.com.br\\\/?p=158945\"},\"wordCount\":215,\"commentCount\":0,\"publisher\":{\"@id\":\"https:\\\/\\\/blogdofarnesio.com.br\\\/#organization\"},\"image\":{\"@id\":\"https:\\\/\\\/blogdofarnesio.com.br\\\/?p=158945#primaryimage\"},\"thumbnailUrl\":\"https:\\\/\\\/blogdofarnesio.com.br\\\/wp-content\\\/uploads\\\/2017\\\/02\\\/blogqspmorrodochapeu-pref-Leonardo-Dourado-PR.jpg\",\"articleSection\":[\"Administra\u00e7\u00e3o\",\"Cidades\",\"Seguran\u00e7a\"],\"inLanguage\":\"pt-BR\",\"potentialAction\":[{\"@type\":\"CommentAction\",\"name\":\"Comment\",\"target\":[\"https:\\\/\\\/blogdofarnesio.com.br\\\/?p=158945#respond\"]}]},{\"@type\":\"WebPage\",\"@id\":\"https:\\\/\\\/blogdofarnesio.com.br\\\/?p=158945\",\"url\":\"https:\\\/\\\/blogdofarnesio.com.br\\\/?p=158945\",\"name\":\"PREFEITO DE MORRO DO CHAP\u00c9U QUE NOMEOU A M\u00c3E COMO SECRET\u00c1RIA PODE SER ALVO DE A\u00c7\u00c3O C\u00cdVIL - Blog do Farn\u00e9sio\",\"isPartOf\":{\"@id\":\"https:\\\/\\\/blogdofarnesio.com.br\\\/#website\"},\"primaryImageOfPage\":{\"@id\":\"https:\\\/\\\/blogdofarnesio.com.br\\\/?p=158945#primaryimage\"},\"image\":{\"@id\":\"https:\\\/\\\/blogdofarnesio.com.br\\\/?p=158945#primaryimage\"},\"thumbnailUrl\":\"https:\\\/\\\/blogdofarnesio.com.br\\\/wp-content\\\/uploads\\\/2017\\\/02\\\/blogqspmorrodochapeu-pref-Leonardo-Dourado-PR.jpg\",\"datePublished\":\"2017-02-14T11:04:59+00:00\",\"breadcrumb\":{\"@id\":\"https:\\\/\\\/blogdofarnesio.com.br\\\/?p=158945#breadcrumb\"},\"inLanguage\":\"pt-BR\",\"potentialAction\":[{\"@type\":\"ReadAction\",\"target\":[\"https:\\\/\\\/blogdofarnesio.com.br\\\/?p=158945\"]}]},{\"@type\":\"ImageObject\",\"inLanguage\":\"pt-BR\",\"@id\":\"https:\\\/\\\/blogdofarnesio.com.br\\\/?p=158945#primaryimage\",\"url\":\"https:\\\/\\\/blogdofarnesio.com.br\\\/wp-content\\\/uploads\\\/2017\\\/02\\\/blogqspmorrodochapeu-pref-Leonardo-Dourado-PR.jpg\",\"contentUrl\":\"https:\\\/\\\/blogdofarnesio.com.br\\\/wp-content\\\/uploads\\\/2017\\\/02\\\/blogqspmorrodochapeu-pref-Leonardo-Dourado-PR.jpg\",\"width\":380,\"height\":280},{\"@type\":\"BreadcrumbList\",\"@id\":\"https:\\\/\\\/blogdofarnesio.com.br\\\/?p=158945#breadcrumb\",\"itemListElement\":[{\"@type\":\"ListItem\",\"position\":1,\"name\":\"In\u00edcio\",\"item\":\"https:\\\/\\\/blogdofarnesio.com.br\\\/\"},{\"@type\":\"ListItem\",\"position\":2,\"name\":\"PREFEITO DE MORRO DO CHAP\u00c9U QUE NOMEOU A M\u00c3E COMO SECRET\u00c1RIA PODE SER ALVO DE A\u00c7\u00c3O C\u00cdVIL\"}]},{\"@type\":\"WebSite\",\"@id\":\"https:\\\/\\\/blogdofarnesio.com.br\\\/#website\",\"url\":\"https:\\\/\\\/blogdofarnesio.com.br\\\/\",\"name\":\"Blog do Farn\u00e9sio\",\"description\":\"Quer Saber Pol\u00edtica?\",\"publisher\":{\"@id\":\"https:\\\/\\\/blogdofarnesio.com.br\\\/#organization\"},\"potentialAction\":[{\"@type\":\"SearchAction\",\"target\":{\"@type\":\"EntryPoint\",\"urlTemplate\":\"https:\\\/\\\/blogdofarnesio.com.br\\\/?s={search_term_string}\"},\"query-input\":{\"@type\":\"PropertyValueSpecification\",\"valueRequired\":true,\"valueName\":\"search_term_string\"}}],\"inLanguage\":\"pt-BR\"},{\"@type\":\"Organization\",\"@id\":\"https:\\\/\\\/blogdofarnesio.com.br\\\/#organization\",\"name\":\"Blog do Farn\u00e9sio\",\"url\":\"https:\\\/\\\/blogdofarnesio.com.br\\\/\",\"logo\":{\"@type\":\"ImageObject\",\"inLanguage\":\"pt-BR\",\"@id\":\"https:\\\/\\\/blogdofarnesio.com.br\\\/#\\\/schema\\\/logo\\\/image\\\/\",\"url\":\"https:\\\/\\\/blogdofarnesio.com.br\\\/wp-content\\\/uploads\\\/2026\\\/03\\\/cropped-logo_new-1.png\",\"contentUrl\":\"https:\\\/\\\/blogdofarnesio.com.br\\\/wp-content\\\/uploads\\\/2026\\\/03\\\/cropped-logo_new-1.png\",\"width\":881,\"height\":685,\"caption\":\"Blog do Farn\u00e9sio\"},\"image\":{\"@id\":\"https:\\\/\\\/blogdofarnesio.com.br\\\/#\\\/schema\\\/logo\\\/image\\\/\"},\"sameAs\":[\"https:\\\/\\\/www.facebook.com\\\/BlogQuerSaberPolitica\\\/\"]},{\"@type\":\"Person\",\"@id\":\"https:\\\/\\\/blogdofarnesio.com.br\\\/#\\\/schema\\\/person\\\/301c4acf522bccbfdb45af95b5b906a1\",\"name\":\"Farn\u00e9sio\",\"image\":{\"@type\":\"ImageObject\",\"inLanguage\":\"pt-BR\",\"@id\":\"https:\\\/\\\/secure.gravatar.com\\\/avatar\\\/df0c9a14567c056f8ad6876ba5bbd1e3e2c48023eb6807342fc4663adf549f38?s=96&d=mm&r=g\",\"url\":\"https:\\\/\\\/secure.gravatar.com\\\/avatar\\\/df0c9a14567c056f8ad6876ba5bbd1e3e2c48023eb6807342fc4663adf549f38?s=96&d=mm&r=g\",\"contentUrl\":\"https:\\\/\\\/secure.gravatar.com\\\/avatar\\\/df0c9a14567c056f8ad6876ba5bbd1e3e2c48023eb6807342fc4663adf549f38?s=96&d=mm&r=g\",\"caption\":\"Farn\u00e9sio\"},\"sameAs\":[\"https:\\\/\\\/quersaberpolitica.com.br\"],\"url\":\"https:\\\/\\\/blogdofarnesio.com.br\\\/?author=1\"}]}<\/script>\n<!-- \/ Yoast SEO plugin. -->","yoast_head_json":{"title":"PREFEITO DE MORRO DO CHAP\u00c9U QUE NOMEOU A M\u00c3E COMO SECRET\u00c1RIA PODE SER ALVO DE A\u00c7\u00c3O C\u00cdVIL - Blog do Farn\u00e9sio","robots":{"index":"index","follow":"follow","max-snippet":"max-snippet:-1","max-image-preview":"max-image-preview:large","max-video-preview":"max-video-preview:-1"},"canonical":"https:\/\/blogdofarnesio.com.br\/?p=158945","og_locale":"pt_BR","og_type":"article","og_title":"PREFEITO DE MORRO DO CHAP\u00c9U QUE NOMEOU A M\u00c3E COMO SECRET\u00c1RIA PODE SER ALVO DE A\u00c7\u00c3O C\u00cdVIL - Blog do Farn\u00e9sio","og_description":"por Francis Juliano Foto: Reprodu\u00e7\u00e3o \/ Morro Acontece A Promotoria de Justi\u00e7a em Morro do Chap\u00e9u, na Chapada Diamantina, quer que o prefeito Leonardo Dourado (PR) exonere a m\u00e3e do gestor, Ana L\u00facia Dourado, nomeada secret\u00e1ria de Educa\u00e7\u00e3o do Munic\u00edpio. Uma recomenda\u00e7\u00e3o foi enviada ao prefeito que tem 20 dias \u2013 contados a partir de 7 de fevereiro \u2013 para tomar a provid\u00eancia exigida pelo MP. Autor da medida, o promotor de Justi\u00e7a F\u00e1bio Nunes Bastos Leal Guimar\u00e3es tem como base a S\u00famula Vinculante 13, editada pelo Supremo Tribunal Federal (STF). A regra veda contrata\u00e7\u00f5es e nomea\u00e7\u00f5es de parentes em linha reta ou colateral at\u00e9 o 3\u00b0 grau por gestores dos munic\u00edpios. Assim n\u00e3o pode haver nomea\u00e7\u00f5es de parentes de&hellip;","og_url":"https:\/\/blogdofarnesio.com.br\/?p=158945","og_site_name":"Blog do Farn\u00e9sio","article_publisher":"https:\/\/www.facebook.com\/BlogQuerSaberPolitica\/","article_published_time":"2017-02-14T11:04:59+00:00","og_image":[{"width":380,"height":280,"url":"https:\/\/blogdofarnesio.com.br\/wp-content\/uploads\/2017\/02\/blogqspmorrodochapeu-pref-Leonardo-Dourado-PR.jpg","type":"image\/jpeg"}],"author":"Farn\u00e9sio","twitter_card":"summary_large_image","twitter_misc":{"Escrito por":"Farn\u00e9sio","Est. tempo de leitura":"1 minuto"},"schema":{"@context":"https:\/\/schema.org","@graph":[{"@type":"Article","@id":"https:\/\/blogdofarnesio.com.br\/?p=158945#article","isPartOf":{"@id":"https:\/\/blogdofarnesio.com.br\/?p=158945"},"author":{"name":"Farn\u00e9sio","@id":"https:\/\/blogdofarnesio.com.br\/#\/schema\/person\/301c4acf522bccbfdb45af95b5b906a1"},"headline":"PREFEITO DE MORRO DO CHAP\u00c9U QUE NOMEOU A M\u00c3E COMO SECRET\u00c1RIA PODE SER ALVO DE A\u00c7\u00c3O C\u00cdVIL","datePublished":"2017-02-14T11:04:59+00:00","mainEntityOfPage":{"@id":"https:\/\/blogdofarnesio.com.br\/?p=158945"},"wordCount":215,"commentCount":0,"publisher":{"@id":"https:\/\/blogdofarnesio.com.br\/#organization"},"image":{"@id":"https:\/\/blogdofarnesio.com.br\/?p=158945#primaryimage"},"thumbnailUrl":"https:\/\/blogdofarnesio.com.br\/wp-content\/uploads\/2017\/02\/blogqspmorrodochapeu-pref-Leonardo-Dourado-PR.jpg","articleSection":["Administra\u00e7\u00e3o","Cidades","Seguran\u00e7a"],"inLanguage":"pt-BR","potentialAction":[{"@type":"CommentAction","name":"Comment","target":["https:\/\/blogdofarnesio.com.br\/?p=158945#respond"]}]},{"@type":"WebPage","@id":"https:\/\/blogdofarnesio.com.br\/?p=158945","url":"https:\/\/blogdofarnesio.com.br\/?p=158945","name":"PREFEITO DE MORRO DO CHAP\u00c9U QUE NOMEOU A M\u00c3E COMO SECRET\u00c1RIA PODE SER ALVO DE A\u00c7\u00c3O C\u00cdVIL - Blog do Farn\u00e9sio","isPartOf":{"@id":"https:\/\/blogdofarnesio.com.br\/#website"},"primaryImageOfPage":{"@id":"https:\/\/blogdofarnesio.com.br\/?p=158945#primaryimage"},"image":{"@id":"https:\/\/blogdofarnesio.com.br\/?p=158945#primaryimage"},"thumbnailUrl":"https:\/\/blogdofarnesio.com.br\/wp-content\/uploads\/2017\/02\/blogqspmorrodochapeu-pref-Leonardo-Dourado-PR.jpg","datePublished":"2017-02-14T11:04:59+00:00","breadcrumb":{"@id":"https:\/\/blogdofarnesio.com.br\/?p=158945#breadcrumb"},"inLanguage":"pt-BR","potentialAction":[{"@type":"ReadAction","target":["https:\/\/blogdofarnesio.com.br\/?p=158945"]}]},{"@type":"ImageObject","inLanguage":"pt-BR","@id":"https:\/\/blogdofarnesio.com.br\/?p=158945#primaryimage","url":"https:\/\/blogdofarnesio.com.br\/wp-content\/uploads\/2017\/02\/blogqspmorrodochapeu-pref-Leonardo-Dourado-PR.jpg","contentUrl":"https:\/\/blogdofarnesio.com.br\/wp-content\/uploads\/2017\/02\/blogqspmorrodochapeu-pref-Leonardo-Dourado-PR.jpg","width":380,"height":280},{"@type":"BreadcrumbList","@id":"https:\/\/blogdofarnesio.com.br\/?p=158945#breadcrumb","itemListElement":[{"@type":"ListItem","position":1,"name":"In\u00edcio","item":"https:\/\/blogdofarnesio.com.br\/"},{"@type":"ListItem","position":2,"name":"PREFEITO DE MORRO DO CHAP\u00c9U QUE NOMEOU A M\u00c3E COMO SECRET\u00c1RIA PODE SER ALVO DE A\u00c7\u00c3O C\u00cdVIL"}]},{"@type":"WebSite","@id":"https:\/\/blogdofarnesio.com.br\/#website","url":"https:\/\/blogdofarnesio.com.br\/","name":"Blog do Farn\u00e9sio","description":"Quer Saber Pol\u00edtica?","publisher":{"@id":"https:\/\/blogdofarnesio.com.br\/#organization"},"potentialAction":[{"@type":"SearchAction","target":{"@type":"EntryPoint","urlTemplate":"https:\/\/blogdofarnesio.com.br\/?s={search_term_string}"},"query-input":{"@type":"PropertyValueSpecification","valueRequired":true,"valueName":"search_term_string"}}],"inLanguage":"pt-BR"},{"@type":"Organization","@id":"https:\/\/blogdofarnesio.com.br\/#organization","name":"Blog do Farn\u00e9sio","url":"https:\/\/blogdofarnesio.com.br\/","logo":{"@type":"ImageObject","inLanguage":"pt-BR","@id":"https:\/\/blogdofarnesio.com.br\/#\/schema\/logo\/image\/","url":"https:\/\/blogdofarnesio.com.br\/wp-content\/uploads\/2026\/03\/cropped-logo_new-1.png","contentUrl":"https:\/\/blogdofarnesio.com.br\/wp-content\/uploads\/2026\/03\/cropped-logo_new-1.png","width":881,"height":685,"caption":"Blog do Farn\u00e9sio"},"image":{"@id":"https:\/\/blogdofarnesio.com.br\/#\/schema\/logo\/image\/"},"sameAs":["https:\/\/www.facebook.com\/BlogQuerSaberPolitica\/"]},{"@type":"Person","@id":"https:\/\/blogdofarnesio.com.br\/#\/schema\/person\/301c4acf522bccbfdb45af95b5b906a1","name":"Farn\u00e9sio","image":{"@type":"ImageObject","inLanguage":"pt-BR","@id":"https:\/\/secure.gravatar.com\/avatar\/df0c9a14567c056f8ad6876ba5bbd1e3e2c48023eb6807342fc4663adf549f38?s=96&d=mm&r=g","url":"https:\/\/secure.gravatar.com\/avatar\/df0c9a14567c056f8ad6876ba5bbd1e3e2c48023eb6807342fc4663adf549f38?s=96&d=mm&r=g","contentUrl":"https:\/\/secure.gravatar.com\/avatar\/df0c9a14567c056f8ad6876ba5bbd1e3e2c48023eb6807342fc4663adf549f38?s=96&d=mm&r=g","caption":"Farn\u00e9sio"},"sameAs":["https:\/\/quersaberpolitica.com.br"],"url":"https:\/\/blogdofarnesio.com.br\/?author=1"}]}},"_links":{"self":[{"href":"https:\/\/blogdofarnesio.com.br\/index.php?rest_route=\/wp\/v2\/posts\/158945","targetHints":{"allow":["GET"]}}],"collection":[{"href":"https:\/\/blogdofarnesio.com.br\/index.php?rest_route=\/wp\/v2\/posts"}],"about":[{"href":"https:\/\/blogdofarnesio.com.br\/index.php?rest_route=\/wp\/v2\/types\/post"}],"author":[{"embeddable":true,"href":"https:\/\/blogdofarnesio.com.br\/index.php?rest_route=\/wp\/v2\/users\/1"}],"replies":[{"embeddable":true,"href":"https:\/\/blogdofarnesio.com.br\/index.php?rest_route=%2Fwp%2Fv2%2Fcomments&post=158945"}],"version-history":[{"count":0,"href":"https:\/\/blogdofarnesio.com.br\/index.php?rest_route=\/wp\/v2\/posts\/158945\/revisions"}],"wp:featuredmedia":[{"embeddable":true,"href":"https:\/\/blogdofarnesio.com.br\/index.php?rest_route=\/wp\/v2\/media\/156039"}],"wp:attachment":[{"href":"https:\/\/blogdofarnesio.com.br\/index.php?rest_route=%2Fwp%2Fv2%2Fmedia&parent=158945"}],"wp:term":[{"taxonomy":"category","embeddable":true,"href":"https:\/\/blogdofarnesio.com.br\/index.php?rest_route=%2Fwp%2Fv2%2Fcategories&post=158945"},{"taxonomy":"post_tag","embeddable":true,"href":"https:\/\/blogdofarnesio.com.br\/index.php?rest_route=%2Fwp%2Fv2%2Ftags&post=158945"}],"curies":[{"name":"wp","href":"https:\/\/api.w.org\/{rel}","templated":true}]}}