{"id":158944,"date":"2017-02-14T09:00:07","date_gmt":"2017-02-14T12:00:07","guid":{"rendered":"http:\/\/quersaberpolitica.com.br\/2016\/?p=158944"},"modified":"2017-02-13T20:04:59","modified_gmt":"2017-02-13T23:04:59","slug":"alunos-da-rede-municipal-voltam-as-aulas-nesta-quarta-feira-15-em-juazeiro","status":"publish","type":"post","link":"https:\/\/blogdofarnesio.com.br\/?p=158944","title":{"rendered":"ALUNOS DA REDE MUNICIPAL VOLTAM \u00c0S AULAS NESTA QUARTA-FEIRA (15) EM JUAZEIRO"},"content":{"rendered":"<p style=\"text-align: justify;\">Os professores e profissionais da rede municipal de ensino de Juazeiro est\u00e3o nos \u00faltimos preparativos para receberem os alunos no primeiro dia de aula nas escolas, marcado para esta quarta-feira, 15 de fevereiro.<\/p>\n<p style=\"text-align: justify;\">O planejamento com as equipes para o ano letivo de 2017 foi realizado nesta segunda-feira (13) reunindo professores, gestores, diretores e coordenadores da sede e do interior, nas 132 unidades escolares. Na ter\u00e7a-feira (14), \u00e0s 8h, acontecer\u00e1 a Jornada Pedag\u00f3gica, com o tema &#8216;Qualidade de Vida&#8217;, no gin\u00e1sio de esportes do Col\u00e9gio Paulo VI.<\/p>\n<p style=\"text-align: justify;\">De acordo com a Superintend\u00eancia de Gest\u00e3o da Secretaria de Educa\u00e7\u00e3o e Juventude (SEDUC), cerca de 31 mil alunos est\u00e3o matriculados nas escolas municipais este ano, na Educa\u00e7\u00e3o Infantil, Ensino Fundamental e Educa\u00e7\u00e3o de Jovens e Adultos (EJA). O calend\u00e1rio escolar 2017 da rede, prev\u00ea o m\u00ednimo de 200 dias letivos, j\u00e1 contando com os recessos do ano.<\/p>\n<p style=\"text-align: justify;\">Os pais que n\u00e3o fizeram as matr\u00edculas dos filhos nas escolas municipais, no per\u00edodo determinado, devem procurar a unidade escolar de sua prefer\u00eancia para verificar se ainda tem vaga ou procurar a SEDUC, e solicitarem o rastreamento para verificar a escola que tem vaga, para atender o aluno em sua faixa et\u00e1ria. A secretaria informa tamb\u00e9m, que ainda h\u00e1 vagas na creche e na escola no Residencial Juazeiro I, bairro Itaberaba.<\/p>\n<p style=\"text-align: justify;\">Segundo a ger\u00eancia de Transporte da SEDUC, as rotas dos mais de 140 \u00f4nibus escolares j\u00e1 est\u00e3o prontas, bem como as duas lanchas, que fazem o transporte das crian\u00e7as e adolescentes que moram nas ilhas de Nossa Senhora e Quip\u00e1. Toda a frota do transporte escolar da rede passou por vistoria, realizada pela Companhia de Seguran\u00e7a, Tr\u00e2nsito e Transportes (CSTT) de Juazeiro. O departamento de merenda informou tamb\u00e9m que at\u00e9 esta ter\u00e7a-feira (14), vai concluir as entregas dos alimentos nas escolas na sede e no interior do munic\u00edpio.<\/p>\n<p style=\"text-align: justify;\">A secret\u00e1ria da SEDUC, Lucinete Alves, disse que a equipe da Educa\u00e7\u00e3o est\u00e1 trabalhando com muita dedica\u00e7\u00e3o h\u00e1 mais de um m\u00eas, planejando, ouvindo os profissionais e buscando melhorar cada vez mais o atendimento aos alunos da rede. &#8220;A nossa equipe est\u00e1 entusiasmada, realizando os \u00faltimos preparativos para o in\u00edcio do ano letivo, preparando tudo com carinho para receber os alunos e professores. Recomendo aos pais ou respons\u00e1veis que intensifiquem o acompanhamento dos filhos nestes primeiros dias de aula. \u00c9 essencial conhecer a equipe das escolas e os profissionais que estar\u00e3o mais pr\u00f3ximos dos estudantes durante todo o ano. Nosso objetivo \u00e9 continuar oferecendo uma educa\u00e7\u00e3o p\u00fablica de qualidade para os nossos alunos&#8221;, garantiu a secret\u00e1ria.<\/p>\n<p style=\"text-align: justify;\">Por Emanuelle Lustosa\/SEDUC<\/p>\n","protected":false},"excerpt":{"rendered":"<p>Os professores e profissionais da rede municipal de ensino de Juazeiro est\u00e3o nos \u00faltimos preparativos para receberem os alunos no primeiro dia de aula nas escolas, marcado para esta quarta-feira, 15 de fevereiro. O planejamento com as equipes para o ano letivo de 2017 foi realizado nesta segunda-feira (13) reunindo professores, gestores, diretores e coordenadores da sede e do interior, nas 132 unidades escolares. Na ter\u00e7a-feira (14), \u00e0s 8h, acontecer\u00e1 a Jornada Pedag\u00f3gica, com o tema &#8216;Qualidade de Vida&#8217;, no gin\u00e1sio de esportes do Col\u00e9gio Paulo VI. De acordo com a Superintend\u00eancia de Gest\u00e3o da Secretaria de Educa\u00e7\u00e3o e Juventude (SEDUC), cerca de 31 mil alunos est\u00e3o matriculados nas escolas municipais este ano, na Educa\u00e7\u00e3o Infantil, Ensino Fundamental e Educa\u00e7\u00e3o&hellip; <\/p>\n","protected":false},"author":1,"featured_media":156038,"comment_status":"open","ping_status":"open","sticky":false,"template":"","format":"standard","meta":{"_acf_changed":false,"footnotes":""},"categories":[43],"tags":[],"class_list":["post-158944","post","type-post","status-publish","format-standard","has-post-thumbnail","hentry","category-sem-categoria"],"acf":[],"yoast_head":"<!-- This site is optimized with the Yoast SEO plugin v27.4 - https:\/\/yoast.com\/product\/yoast-seo-wordpress\/ -->\n<title>ALUNOS DA REDE MUNICIPAL VOLTAM \u00c0S AULAS NESTA QUARTA-FEIRA (15) EM JUAZEIRO - Blog do Farn\u00e9sio<\/title>\n<meta name=\"robots\" content=\"index, follow, max-snippet:-1, max-image-preview:large, max-video-preview:-1\" \/>\n<link rel=\"canonical\" href=\"https:\/\/blogdofarnesio.com.br\/?p=158944\" \/>\n<meta property=\"og:locale\" content=\"pt_BR\" \/>\n<meta property=\"og:type\" content=\"article\" \/>\n<meta property=\"og:title\" content=\"ALUNOS DA REDE MUNICIPAL VOLTAM \u00c0S AULAS NESTA QUARTA-FEIRA (15) EM JUAZEIRO - Blog do Farn\u00e9sio\" \/>\n<meta property=\"og:description\" content=\"Os professores e profissionais da rede municipal de ensino de Juazeiro est\u00e3o nos \u00faltimos preparativos para receberem os alunos no primeiro dia de aula nas escolas, marcado para esta quarta-feira, 15 de fevereiro. O planejamento com as equipes para o ano letivo de 2017 foi realizado nesta segunda-feira (13) reunindo professores, gestores, diretores e coordenadores da sede e do interior, nas 132 unidades escolares. Na ter\u00e7a-feira (14), \u00e0s 8h, acontecer\u00e1 a Jornada Pedag\u00f3gica, com o tema &#8216;Qualidade de Vida&#8217;, no gin\u00e1sio de esportes do Col\u00e9gio Paulo VI. De acordo com a Superintend\u00eancia de Gest\u00e3o da Secretaria de Educa\u00e7\u00e3o e Juventude (SEDUC), cerca de 31 mil alunos est\u00e3o matriculados nas escolas municipais este ano, na Educa\u00e7\u00e3o Infantil, Ensino Fundamental e Educa\u00e7\u00e3o&hellip;\" \/>\n<meta property=\"og:url\" content=\"https:\/\/blogdofarnesio.com.br\/?p=158944\" \/>\n<meta property=\"og:site_name\" content=\"Blog do Farn\u00e9sio\" \/>\n<meta property=\"article:publisher\" content=\"https:\/\/www.facebook.com\/BlogQuerSaberPolitica\/\" \/>\n<meta property=\"article:published_time\" content=\"2017-02-14T12:00:07+00:00\" \/>\n<meta property=\"og:image\" content=\"https:\/\/blogdofarnesio.com.br\/wp-content\/uploads\/2017\/02\/blogqsp-alunos-juazeiro-e1487019975259.jpg\" \/>\n\t<meta property=\"og:image:width\" content=\"600\" \/>\n\t<meta property=\"og:image:height\" content=\"400\" \/>\n\t<meta property=\"og:image:type\" content=\"image\/jpeg\" \/>\n<meta name=\"author\" content=\"Farn\u00e9sio\" \/>\n<meta name=\"twitter:card\" content=\"summary_large_image\" \/>\n<meta name=\"twitter:label1\" content=\"Escrito por\" \/>\n\t<meta name=\"twitter:data1\" content=\"Farn\u00e9sio\" \/>\n\t<meta name=\"twitter:label2\" content=\"Est. tempo de leitura\" \/>\n\t<meta name=\"twitter:data2\" content=\"2 minutos\" \/>\n<script type=\"application\/ld+json\" class=\"yoast-schema-graph\">{\"@context\":\"https:\\\/\\\/schema.org\",\"@graph\":[{\"@type\":\"Article\",\"@id\":\"https:\\\/\\\/blogdofarnesio.com.br\\\/?p=158944#article\",\"isPartOf\":{\"@id\":\"https:\\\/\\\/blogdofarnesio.com.br\\\/?p=158944\"},\"author\":{\"name\":\"Farn\u00e9sio\",\"@id\":\"https:\\\/\\\/blogdofarnesio.com.br\\\/#\\\/schema\\\/person\\\/301c4acf522bccbfdb45af95b5b906a1\"},\"headline\":\"ALUNOS DA REDE MUNICIPAL VOLTAM \u00c0S AULAS NESTA QUARTA-FEIRA (15) EM JUAZEIRO\",\"datePublished\":\"2017-02-14T12:00:07+00:00\",\"mainEntityOfPage\":{\"@id\":\"https:\\\/\\\/blogdofarnesio.com.br\\\/?p=158944\"},\"wordCount\":461,\"commentCount\":0,\"publisher\":{\"@id\":\"https:\\\/\\\/blogdofarnesio.com.br\\\/#organization\"},\"image\":{\"@id\":\"https:\\\/\\\/blogdofarnesio.com.br\\\/?p=158944#primaryimage\"},\"thumbnailUrl\":\"https:\\\/\\\/blogdofarnesio.com.br\\\/wp-content\\\/uploads\\\/2017\\\/02\\\/blogqsp-alunos-juazeiro-e1487019975259.jpg\",\"inLanguage\":\"pt-BR\",\"potentialAction\":[{\"@type\":\"CommentAction\",\"name\":\"Comment\",\"target\":[\"https:\\\/\\\/blogdofarnesio.com.br\\\/?p=158944#respond\"]}]},{\"@type\":\"WebPage\",\"@id\":\"https:\\\/\\\/blogdofarnesio.com.br\\\/?p=158944\",\"url\":\"https:\\\/\\\/blogdofarnesio.com.br\\\/?p=158944\",\"name\":\"ALUNOS DA REDE MUNICIPAL VOLTAM \u00c0S AULAS NESTA QUARTA-FEIRA (15) EM JUAZEIRO - Blog do Farn\u00e9sio\",\"isPartOf\":{\"@id\":\"https:\\\/\\\/blogdofarnesio.com.br\\\/#website\"},\"primaryImageOfPage\":{\"@id\":\"https:\\\/\\\/blogdofarnesio.com.br\\\/?p=158944#primaryimage\"},\"image\":{\"@id\":\"https:\\\/\\\/blogdofarnesio.com.br\\\/?p=158944#primaryimage\"},\"thumbnailUrl\":\"https:\\\/\\\/blogdofarnesio.com.br\\\/wp-content\\\/uploads\\\/2017\\\/02\\\/blogqsp-alunos-juazeiro-e1487019975259.jpg\",\"datePublished\":\"2017-02-14T12:00:07+00:00\",\"breadcrumb\":{\"@id\":\"https:\\\/\\\/blogdofarnesio.com.br\\\/?p=158944#breadcrumb\"},\"inLanguage\":\"pt-BR\",\"potentialAction\":[{\"@type\":\"ReadAction\",\"target\":[\"https:\\\/\\\/blogdofarnesio.com.br\\\/?p=158944\"]}]},{\"@type\":\"ImageObject\",\"inLanguage\":\"pt-BR\",\"@id\":\"https:\\\/\\\/blogdofarnesio.com.br\\\/?p=158944#primaryimage\",\"url\":\"https:\\\/\\\/blogdofarnesio.com.br\\\/wp-content\\\/uploads\\\/2017\\\/02\\\/blogqsp-alunos-juazeiro-e1487019975259.jpg\",\"contentUrl\":\"https:\\\/\\\/blogdofarnesio.com.br\\\/wp-content\\\/uploads\\\/2017\\\/02\\\/blogqsp-alunos-juazeiro-e1487019975259.jpg\",\"width\":600,\"height\":400},{\"@type\":\"BreadcrumbList\",\"@id\":\"https:\\\/\\\/blogdofarnesio.com.br\\\/?p=158944#breadcrumb\",\"itemListElement\":[{\"@type\":\"ListItem\",\"position\":1,\"name\":\"In\u00edcio\",\"item\":\"https:\\\/\\\/blogdofarnesio.com.br\\\/\"},{\"@type\":\"ListItem\",\"position\":2,\"name\":\"ALUNOS DA REDE MUNICIPAL VOLTAM \u00c0S AULAS NESTA QUARTA-FEIRA (15) EM JUAZEIRO\"}]},{\"@type\":\"WebSite\",\"@id\":\"https:\\\/\\\/blogdofarnesio.com.br\\\/#website\",\"url\":\"https:\\\/\\\/blogdofarnesio.com.br\\\/\",\"name\":\"Blog do Farn\u00e9sio\",\"description\":\"Quer Saber Pol\u00edtica?\",\"publisher\":{\"@id\":\"https:\\\/\\\/blogdofarnesio.com.br\\\/#organization\"},\"potentialAction\":[{\"@type\":\"SearchAction\",\"target\":{\"@type\":\"EntryPoint\",\"urlTemplate\":\"https:\\\/\\\/blogdofarnesio.com.br\\\/?s={search_term_string}\"},\"query-input\":{\"@type\":\"PropertyValueSpecification\",\"valueRequired\":true,\"valueName\":\"search_term_string\"}}],\"inLanguage\":\"pt-BR\"},{\"@type\":\"Organization\",\"@id\":\"https:\\\/\\\/blogdofarnesio.com.br\\\/#organization\",\"name\":\"Blog do Farn\u00e9sio\",\"url\":\"https:\\\/\\\/blogdofarnesio.com.br\\\/\",\"logo\":{\"@type\":\"ImageObject\",\"inLanguage\":\"pt-BR\",\"@id\":\"https:\\\/\\\/blogdofarnesio.com.br\\\/#\\\/schema\\\/logo\\\/image\\\/\",\"url\":\"https:\\\/\\\/blogdofarnesio.com.br\\\/wp-content\\\/uploads\\\/2026\\\/03\\\/cropped-logo_new-1.png\",\"contentUrl\":\"https:\\\/\\\/blogdofarnesio.com.br\\\/wp-content\\\/uploads\\\/2026\\\/03\\\/cropped-logo_new-1.png\",\"width\":881,\"height\":685,\"caption\":\"Blog do Farn\u00e9sio\"},\"image\":{\"@id\":\"https:\\\/\\\/blogdofarnesio.com.br\\\/#\\\/schema\\\/logo\\\/image\\\/\"},\"sameAs\":[\"https:\\\/\\\/www.facebook.com\\\/BlogQuerSaberPolitica\\\/\"]},{\"@type\":\"Person\",\"@id\":\"https:\\\/\\\/blogdofarnesio.com.br\\\/#\\\/schema\\\/person\\\/301c4acf522bccbfdb45af95b5b906a1\",\"name\":\"Farn\u00e9sio\",\"image\":{\"@type\":\"ImageObject\",\"inLanguage\":\"pt-BR\",\"@id\":\"https:\\\/\\\/secure.gravatar.com\\\/avatar\\\/df0c9a14567c056f8ad6876ba5bbd1e3e2c48023eb6807342fc4663adf549f38?s=96&d=mm&r=g\",\"url\":\"https:\\\/\\\/secure.gravatar.com\\\/avatar\\\/df0c9a14567c056f8ad6876ba5bbd1e3e2c48023eb6807342fc4663adf549f38?s=96&d=mm&r=g\",\"contentUrl\":\"https:\\\/\\\/secure.gravatar.com\\\/avatar\\\/df0c9a14567c056f8ad6876ba5bbd1e3e2c48023eb6807342fc4663adf549f38?s=96&d=mm&r=g\",\"caption\":\"Farn\u00e9sio\"},\"sameAs\":[\"https:\\\/\\\/quersaberpolitica.com.br\"],\"url\":\"https:\\\/\\\/blogdofarnesio.com.br\\\/?author=1\"}]}<\/script>\n<!-- \/ Yoast SEO plugin. -->","yoast_head_json":{"title":"ALUNOS DA REDE MUNICIPAL VOLTAM \u00c0S AULAS NESTA QUARTA-FEIRA (15) EM JUAZEIRO - Blog do Farn\u00e9sio","robots":{"index":"index","follow":"follow","max-snippet":"max-snippet:-1","max-image-preview":"max-image-preview:large","max-video-preview":"max-video-preview:-1"},"canonical":"https:\/\/blogdofarnesio.com.br\/?p=158944","og_locale":"pt_BR","og_type":"article","og_title":"ALUNOS DA REDE MUNICIPAL VOLTAM \u00c0S AULAS NESTA QUARTA-FEIRA (15) EM JUAZEIRO - Blog do Farn\u00e9sio","og_description":"Os professores e profissionais da rede municipal de ensino de Juazeiro est\u00e3o nos \u00faltimos preparativos para receberem os alunos no primeiro dia de aula nas escolas, marcado para esta quarta-feira, 15 de fevereiro. O planejamento com as equipes para o ano letivo de 2017 foi realizado nesta segunda-feira (13) reunindo professores, gestores, diretores e coordenadores da sede e do interior, nas 132 unidades escolares. Na ter\u00e7a-feira (14), \u00e0s 8h, acontecer\u00e1 a Jornada Pedag\u00f3gica, com o tema &#8216;Qualidade de Vida&#8217;, no gin\u00e1sio de esportes do Col\u00e9gio Paulo VI. De acordo com a Superintend\u00eancia de Gest\u00e3o da Secretaria de Educa\u00e7\u00e3o e Juventude (SEDUC), cerca de 31 mil alunos est\u00e3o matriculados nas escolas municipais este ano, na Educa\u00e7\u00e3o Infantil, Ensino Fundamental e Educa\u00e7\u00e3o&hellip;","og_url":"https:\/\/blogdofarnesio.com.br\/?p=158944","og_site_name":"Blog do Farn\u00e9sio","article_publisher":"https:\/\/www.facebook.com\/BlogQuerSaberPolitica\/","article_published_time":"2017-02-14T12:00:07+00:00","og_image":[{"width":600,"height":400,"url":"https:\/\/blogdofarnesio.com.br\/wp-content\/uploads\/2017\/02\/blogqsp-alunos-juazeiro-e1487019975259.jpg","type":"image\/jpeg"}],"author":"Farn\u00e9sio","twitter_card":"summary_large_image","twitter_misc":{"Escrito por":"Farn\u00e9sio","Est. tempo de leitura":"2 minutos"},"schema":{"@context":"https:\/\/schema.org","@graph":[{"@type":"Article","@id":"https:\/\/blogdofarnesio.com.br\/?p=158944#article","isPartOf":{"@id":"https:\/\/blogdofarnesio.com.br\/?p=158944"},"author":{"name":"Farn\u00e9sio","@id":"https:\/\/blogdofarnesio.com.br\/#\/schema\/person\/301c4acf522bccbfdb45af95b5b906a1"},"headline":"ALUNOS DA REDE MUNICIPAL VOLTAM \u00c0S AULAS NESTA QUARTA-FEIRA (15) EM JUAZEIRO","datePublished":"2017-02-14T12:00:07+00:00","mainEntityOfPage":{"@id":"https:\/\/blogdofarnesio.com.br\/?p=158944"},"wordCount":461,"commentCount":0,"publisher":{"@id":"https:\/\/blogdofarnesio.com.br\/#organization"},"image":{"@id":"https:\/\/blogdofarnesio.com.br\/?p=158944#primaryimage"},"thumbnailUrl":"https:\/\/blogdofarnesio.com.br\/wp-content\/uploads\/2017\/02\/blogqsp-alunos-juazeiro-e1487019975259.jpg","inLanguage":"pt-BR","potentialAction":[{"@type":"CommentAction","name":"Comment","target":["https:\/\/blogdofarnesio.com.br\/?p=158944#respond"]}]},{"@type":"WebPage","@id":"https:\/\/blogdofarnesio.com.br\/?p=158944","url":"https:\/\/blogdofarnesio.com.br\/?p=158944","name":"ALUNOS DA REDE MUNICIPAL VOLTAM \u00c0S AULAS NESTA QUARTA-FEIRA (15) EM JUAZEIRO - Blog do Farn\u00e9sio","isPartOf":{"@id":"https:\/\/blogdofarnesio.com.br\/#website"},"primaryImageOfPage":{"@id":"https:\/\/blogdofarnesio.com.br\/?p=158944#primaryimage"},"image":{"@id":"https:\/\/blogdofarnesio.com.br\/?p=158944#primaryimage"},"thumbnailUrl":"https:\/\/blogdofarnesio.com.br\/wp-content\/uploads\/2017\/02\/blogqsp-alunos-juazeiro-e1487019975259.jpg","datePublished":"2017-02-14T12:00:07+00:00","breadcrumb":{"@id":"https:\/\/blogdofarnesio.com.br\/?p=158944#breadcrumb"},"inLanguage":"pt-BR","potentialAction":[{"@type":"ReadAction","target":["https:\/\/blogdofarnesio.com.br\/?p=158944"]}]},{"@type":"ImageObject","inLanguage":"pt-BR","@id":"https:\/\/blogdofarnesio.com.br\/?p=158944#primaryimage","url":"https:\/\/blogdofarnesio.com.br\/wp-content\/uploads\/2017\/02\/blogqsp-alunos-juazeiro-e1487019975259.jpg","contentUrl":"https:\/\/blogdofarnesio.com.br\/wp-content\/uploads\/2017\/02\/blogqsp-alunos-juazeiro-e1487019975259.jpg","width":600,"height":400},{"@type":"BreadcrumbList","@id":"https:\/\/blogdofarnesio.com.br\/?p=158944#breadcrumb","itemListElement":[{"@type":"ListItem","position":1,"name":"In\u00edcio","item":"https:\/\/blogdofarnesio.com.br\/"},{"@type":"ListItem","position":2,"name":"ALUNOS DA REDE MUNICIPAL VOLTAM \u00c0S AULAS NESTA QUARTA-FEIRA (15) EM JUAZEIRO"}]},{"@type":"WebSite","@id":"https:\/\/blogdofarnesio.com.br\/#website","url":"https:\/\/blogdofarnesio.com.br\/","name":"Blog do Farn\u00e9sio","description":"Quer Saber Pol\u00edtica?","publisher":{"@id":"https:\/\/blogdofarnesio.com.br\/#organization"},"potentialAction":[{"@type":"SearchAction","target":{"@type":"EntryPoint","urlTemplate":"https:\/\/blogdofarnesio.com.br\/?s={search_term_string}"},"query-input":{"@type":"PropertyValueSpecification","valueRequired":true,"valueName":"search_term_string"}}],"inLanguage":"pt-BR"},{"@type":"Organization","@id":"https:\/\/blogdofarnesio.com.br\/#organization","name":"Blog do Farn\u00e9sio","url":"https:\/\/blogdofarnesio.com.br\/","logo":{"@type":"ImageObject","inLanguage":"pt-BR","@id":"https:\/\/blogdofarnesio.com.br\/#\/schema\/logo\/image\/","url":"https:\/\/blogdofarnesio.com.br\/wp-content\/uploads\/2026\/03\/cropped-logo_new-1.png","contentUrl":"https:\/\/blogdofarnesio.com.br\/wp-content\/uploads\/2026\/03\/cropped-logo_new-1.png","width":881,"height":685,"caption":"Blog do Farn\u00e9sio"},"image":{"@id":"https:\/\/blogdofarnesio.com.br\/#\/schema\/logo\/image\/"},"sameAs":["https:\/\/www.facebook.com\/BlogQuerSaberPolitica\/"]},{"@type":"Person","@id":"https:\/\/blogdofarnesio.com.br\/#\/schema\/person\/301c4acf522bccbfdb45af95b5b906a1","name":"Farn\u00e9sio","image":{"@type":"ImageObject","inLanguage":"pt-BR","@id":"https:\/\/secure.gravatar.com\/avatar\/df0c9a14567c056f8ad6876ba5bbd1e3e2c48023eb6807342fc4663adf549f38?s=96&d=mm&r=g","url":"https:\/\/secure.gravatar.com\/avatar\/df0c9a14567c056f8ad6876ba5bbd1e3e2c48023eb6807342fc4663adf549f38?s=96&d=mm&r=g","contentUrl":"https:\/\/secure.gravatar.com\/avatar\/df0c9a14567c056f8ad6876ba5bbd1e3e2c48023eb6807342fc4663adf549f38?s=96&d=mm&r=g","caption":"Farn\u00e9sio"},"sameAs":["https:\/\/quersaberpolitica.com.br"],"url":"https:\/\/blogdofarnesio.com.br\/?author=1"}]}},"_links":{"self":[{"href":"https:\/\/blogdofarnesio.com.br\/index.php?rest_route=\/wp\/v2\/posts\/158944","targetHints":{"allow":["GET"]}}],"collection":[{"href":"https:\/\/blogdofarnesio.com.br\/index.php?rest_route=\/wp\/v2\/posts"}],"about":[{"href":"https:\/\/blogdofarnesio.com.br\/index.php?rest_route=\/wp\/v2\/types\/post"}],"author":[{"embeddable":true,"href":"https:\/\/blogdofarnesio.com.br\/index.php?rest_route=\/wp\/v2\/users\/1"}],"replies":[{"embeddable":true,"href":"https:\/\/blogdofarnesio.com.br\/index.php?rest_route=%2Fwp%2Fv2%2Fcomments&post=158944"}],"version-history":[{"count":0,"href":"https:\/\/blogdofarnesio.com.br\/index.php?rest_route=\/wp\/v2\/posts\/158944\/revisions"}],"wp:featuredmedia":[{"embeddable":true,"href":"https:\/\/blogdofarnesio.com.br\/index.php?rest_route=\/wp\/v2\/media\/156038"}],"wp:attachment":[{"href":"https:\/\/blogdofarnesio.com.br\/index.php?rest_route=%2Fwp%2Fv2%2Fmedia&parent=158944"}],"wp:term":[{"taxonomy":"category","embeddable":true,"href":"https:\/\/blogdofarnesio.com.br\/index.php?rest_route=%2Fwp%2Fv2%2Fcategories&post=158944"},{"taxonomy":"post_tag","embeddable":true,"href":"https:\/\/blogdofarnesio.com.br\/index.php?rest_route=%2Fwp%2Fv2%2Ftags&post=158944"}],"curies":[{"name":"wp","href":"https:\/\/api.w.org\/{rel}","templated":true}]}}