{"id":158938,"date":"2017-02-14T07:43:08","date_gmt":"2017-02-14T10:43:08","guid":{"rendered":"http:\/\/quersaberpolitica.com.br\/2016\/?p=158938"},"modified":"2017-02-13T16:43:29","modified_gmt":"2017-02-13T19:43:29","slug":"ii-congresso-de-oncologia-do-hospital-dom-tomas-abre-prazo-para-inscricao-de-trabalho-cientifico","status":"publish","type":"post","link":"https:\/\/blogdofarnesio.com.br\/?p=158938","title":{"rendered":"II CONGRESSO DE ONCOLOGIA DO HOSPITAL DOM TOM\u00c1S ABRE PRAZO PARA INSCRI\u00c7\u00c3O DE TRABALHO CIENTIFICO"},"content":{"rendered":"<p style=\"text-align: justify;\">Como parte da programa\u00e7\u00e3o do II Congresso de Oncologia do Hospital Dom Tom\u00e1s que ser\u00e1 realizado nos dias 28 a 30 de abril, est\u00e1 aberto, a partir desta segunda-feira (13) o prazo para inscri\u00e7\u00e3o de trabalhos cient\u00edficos.\u00a0 Os trabalhos devem ser enviados em formato \u2018.pdf\u2019 para o email:\u00a0<a href=\"mailto:congressoncologiahdt@gmail.com\" target=\"_blank\">congressoncologiahdt@<wbr \/>gmail.com<\/a>.<\/p>\n<p>Ser\u00e3o aceitos 20 trabalhos que ficar\u00e3o expostos a partir do dia 29 de abril das 08h \u00e0s 18h. A sele\u00e7\u00e3o ser\u00e1 feita por uma comiss\u00e3o cient\u00edfica\u00a0composta por profissionais do Centro de Oncologia da Apami em Petrolina. &#8220;Para aprova\u00e7\u00e3o dos trabalhos \u00e9 necess\u00e1rio que um dos autores esteja inscrito no congresso. As normas est\u00e3o publicadas em edital que devem ser seguidas para o envio correto do material&#8221;, explicou a oncopediatra Michelle Viana, integrante da comiss\u00e3o cient\u00edfica de avalia\u00e7\u00e3o.<\/p>\n<p>O prazo para submiss\u00e3o dos trabalhos ser\u00e1 encerrado no dia 17 de mar\u00e7o. O edital e demais informa\u00e7\u00e3o est\u00e3o dispon\u00edveis na p\u00e1gina do facebook do congresso no endere\u00e7o:\u00a0<a href=\"https:\/\/www.facebook.com\/congressodeoncologia\/\" target=\"_blank\" data-saferedirecturl=\"https:\/\/www.google.com\/url?hl=pt-BR&amp;q=https:\/\/www.facebook.com\/congressodeoncologia\/&amp;source=gmail&amp;ust=1487099961704000&amp;usg=AFQjCNGGXTFphQQQ5rEyjF8gzHILpx0bqA\">https:\/\/www.facebook<wbr \/>.com\/congressodeoncologia\/<\/a>. As Inscri\u00e7\u00f5es para o II Congresso de Oncologia do Hospital Dom Tom\u00e1s abrem no pr\u00f3ximo dia 06 de mar\u00e7o.<\/p>\n","protected":false},"excerpt":{"rendered":"<p>Como parte da programa\u00e7\u00e3o do II Congresso de Oncologia do Hospital Dom Tom\u00e1s que ser\u00e1 realizado nos dias 28 a 30 de abril, est\u00e1 aberto, a partir desta segunda-feira (13) o prazo para inscri\u00e7\u00e3o de trabalhos cient\u00edficos.\u00a0 Os trabalhos devem ser enviados em formato \u2018.pdf\u2019 para o email:\u00a0congressoncologiahdt@gmail.com. Ser\u00e3o aceitos 20 trabalhos que ficar\u00e3o expostos a partir do dia 29 de abril das 08h \u00e0s 18h. A sele\u00e7\u00e3o ser\u00e1 feita por uma comiss\u00e3o cient\u00edfica\u00a0composta por profissionais do Centro de Oncologia da Apami em Petrolina. &#8220;Para aprova\u00e7\u00e3o dos trabalhos \u00e9 necess\u00e1rio que um dos autores esteja inscrito no congresso. As normas est\u00e3o publicadas em edital que devem ser seguidas para o envio correto do material&#8221;, explicou a oncopediatra Michelle Viana, integrante&hellip; <\/p>\n","protected":false},"author":1,"featured_media":156032,"comment_status":"open","ping_status":"open","sticky":false,"template":"","format":"standard","meta":{"_acf_changed":false,"footnotes":""},"categories":[44],"tags":[],"class_list":["post-158938","post","type-post","status-publish","format-standard","has-post-thumbnail","hentry","category-administracao"],"acf":[],"yoast_head":"<!-- This site is optimized with the Yoast SEO plugin v27.4 - https:\/\/yoast.com\/product\/yoast-seo-wordpress\/ -->\n<title>II CONGRESSO DE ONCOLOGIA DO HOSPITAL DOM TOM\u00c1S ABRE PRAZO PARA INSCRI\u00c7\u00c3O DE TRABALHO CIENTIFICO - Blog do Farn\u00e9sio<\/title>\n<meta name=\"robots\" content=\"index, follow, max-snippet:-1, max-image-preview:large, max-video-preview:-1\" \/>\n<link rel=\"canonical\" href=\"https:\/\/blogdofarnesio.com.br\/?p=158938\" \/>\n<meta property=\"og:locale\" content=\"pt_BR\" \/>\n<meta property=\"og:type\" content=\"article\" \/>\n<meta property=\"og:title\" content=\"II CONGRESSO DE ONCOLOGIA DO HOSPITAL DOM TOM\u00c1S ABRE PRAZO PARA INSCRI\u00c7\u00c3O DE TRABALHO CIENTIFICO - Blog do Farn\u00e9sio\" \/>\n<meta property=\"og:description\" content=\"Como parte da programa\u00e7\u00e3o do II Congresso de Oncologia do Hospital Dom Tom\u00e1s que ser\u00e1 realizado nos dias 28 a 30 de abril, est\u00e1 aberto, a partir desta segunda-feira (13) o prazo para inscri\u00e7\u00e3o de trabalhos cient\u00edficos.\u00a0 Os trabalhos devem ser enviados em formato \u2018.pdf\u2019 para o email:\u00a0congressoncologiahdt@gmail.com. Ser\u00e3o aceitos 20 trabalhos que ficar\u00e3o expostos a partir do dia 29 de abril das 08h \u00e0s 18h. A sele\u00e7\u00e3o ser\u00e1 feita por uma comiss\u00e3o cient\u00edfica\u00a0composta por profissionais do Centro de Oncologia da Apami em Petrolina. &#8220;Para aprova\u00e7\u00e3o dos trabalhos \u00e9 necess\u00e1rio que um dos autores esteja inscrito no congresso. As normas est\u00e3o publicadas em edital que devem ser seguidas para o envio correto do material&#8221;, explicou a oncopediatra Michelle Viana, integrante&hellip;\" \/>\n<meta property=\"og:url\" content=\"https:\/\/blogdofarnesio.com.br\/?p=158938\" \/>\n<meta property=\"og:site_name\" content=\"Blog do Farn\u00e9sio\" \/>\n<meta property=\"article:publisher\" content=\"https:\/\/www.facebook.com\/BlogQuerSaberPolitica\/\" \/>\n<meta property=\"article:published_time\" content=\"2017-02-14T10:43:08+00:00\" \/>\n<meta property=\"og:image\" content=\"https:\/\/blogdofarnesio.com.br\/wp-content\/uploads\/2017\/02\/blogqsp-log-coco.jpg\" \/>\n\t<meta property=\"og:image:width\" content=\"566\" \/>\n\t<meta property=\"og:image:height\" content=\"612\" \/>\n\t<meta property=\"og:image:type\" content=\"image\/jpeg\" \/>\n<meta name=\"author\" content=\"Farn\u00e9sio\" \/>\n<meta name=\"twitter:card\" content=\"summary_large_image\" \/>\n<meta name=\"twitter:label1\" content=\"Escrito por\" \/>\n\t<meta name=\"twitter:data1\" content=\"Farn\u00e9sio\" \/>\n\t<meta name=\"twitter:label2\" content=\"Est. tempo de leitura\" \/>\n\t<meta name=\"twitter:data2\" content=\"1 minuto\" \/>\n<script type=\"application\/ld+json\" class=\"yoast-schema-graph\">{\"@context\":\"https:\\\/\\\/schema.org\",\"@graph\":[{\"@type\":\"Article\",\"@id\":\"https:\\\/\\\/blogdofarnesio.com.br\\\/?p=158938#article\",\"isPartOf\":{\"@id\":\"https:\\\/\\\/blogdofarnesio.com.br\\\/?p=158938\"},\"author\":{\"name\":\"Farn\u00e9sio\",\"@id\":\"https:\\\/\\\/blogdofarnesio.com.br\\\/#\\\/schema\\\/person\\\/301c4acf522bccbfdb45af95b5b906a1\"},\"headline\":\"II CONGRESSO DE ONCOLOGIA DO HOSPITAL DOM TOM\u00c1S ABRE PRAZO PARA INSCRI\u00c7\u00c3O DE TRABALHO CIENTIFICO\",\"datePublished\":\"2017-02-14T10:43:08+00:00\",\"mainEntityOfPage\":{\"@id\":\"https:\\\/\\\/blogdofarnesio.com.br\\\/?p=158938\"},\"wordCount\":216,\"commentCount\":0,\"publisher\":{\"@id\":\"https:\\\/\\\/blogdofarnesio.com.br\\\/#organization\"},\"image\":{\"@id\":\"https:\\\/\\\/blogdofarnesio.com.br\\\/?p=158938#primaryimage\"},\"thumbnailUrl\":\"https:\\\/\\\/blogdofarnesio.com.br\\\/wp-content\\\/uploads\\\/2017\\\/02\\\/blogqsp-log-coco.jpg\",\"articleSection\":[\"Administra\u00e7\u00e3o\"],\"inLanguage\":\"pt-BR\",\"potentialAction\":[{\"@type\":\"CommentAction\",\"name\":\"Comment\",\"target\":[\"https:\\\/\\\/blogdofarnesio.com.br\\\/?p=158938#respond\"]}]},{\"@type\":\"WebPage\",\"@id\":\"https:\\\/\\\/blogdofarnesio.com.br\\\/?p=158938\",\"url\":\"https:\\\/\\\/blogdofarnesio.com.br\\\/?p=158938\",\"name\":\"II CONGRESSO DE ONCOLOGIA DO HOSPITAL DOM TOM\u00c1S ABRE PRAZO PARA INSCRI\u00c7\u00c3O DE TRABALHO CIENTIFICO - Blog do Farn\u00e9sio\",\"isPartOf\":{\"@id\":\"https:\\\/\\\/blogdofarnesio.com.br\\\/#website\"},\"primaryImageOfPage\":{\"@id\":\"https:\\\/\\\/blogdofarnesio.com.br\\\/?p=158938#primaryimage\"},\"image\":{\"@id\":\"https:\\\/\\\/blogdofarnesio.com.br\\\/?p=158938#primaryimage\"},\"thumbnailUrl\":\"https:\\\/\\\/blogdofarnesio.com.br\\\/wp-content\\\/uploads\\\/2017\\\/02\\\/blogqsp-log-coco.jpg\",\"datePublished\":\"2017-02-14T10:43:08+00:00\",\"breadcrumb\":{\"@id\":\"https:\\\/\\\/blogdofarnesio.com.br\\\/?p=158938#breadcrumb\"},\"inLanguage\":\"pt-BR\",\"potentialAction\":[{\"@type\":\"ReadAction\",\"target\":[\"https:\\\/\\\/blogdofarnesio.com.br\\\/?p=158938\"]}]},{\"@type\":\"ImageObject\",\"inLanguage\":\"pt-BR\",\"@id\":\"https:\\\/\\\/blogdofarnesio.com.br\\\/?p=158938#primaryimage\",\"url\":\"https:\\\/\\\/blogdofarnesio.com.br\\\/wp-content\\\/uploads\\\/2017\\\/02\\\/blogqsp-log-coco.jpg\",\"contentUrl\":\"https:\\\/\\\/blogdofarnesio.com.br\\\/wp-content\\\/uploads\\\/2017\\\/02\\\/blogqsp-log-coco.jpg\",\"width\":566,\"height\":612},{\"@type\":\"BreadcrumbList\",\"@id\":\"https:\\\/\\\/blogdofarnesio.com.br\\\/?p=158938#breadcrumb\",\"itemListElement\":[{\"@type\":\"ListItem\",\"position\":1,\"name\":\"In\u00edcio\",\"item\":\"https:\\\/\\\/blogdofarnesio.com.br\\\/\"},{\"@type\":\"ListItem\",\"position\":2,\"name\":\"II CONGRESSO DE ONCOLOGIA DO HOSPITAL DOM TOM\u00c1S ABRE PRAZO PARA INSCRI\u00c7\u00c3O DE TRABALHO CIENTIFICO\"}]},{\"@type\":\"WebSite\",\"@id\":\"https:\\\/\\\/blogdofarnesio.com.br\\\/#website\",\"url\":\"https:\\\/\\\/blogdofarnesio.com.br\\\/\",\"name\":\"Blog do Farn\u00e9sio\",\"description\":\"Quer Saber Pol\u00edtica?\",\"publisher\":{\"@id\":\"https:\\\/\\\/blogdofarnesio.com.br\\\/#organization\"},\"potentialAction\":[{\"@type\":\"SearchAction\",\"target\":{\"@type\":\"EntryPoint\",\"urlTemplate\":\"https:\\\/\\\/blogdofarnesio.com.br\\\/?s={search_term_string}\"},\"query-input\":{\"@type\":\"PropertyValueSpecification\",\"valueRequired\":true,\"valueName\":\"search_term_string\"}}],\"inLanguage\":\"pt-BR\"},{\"@type\":\"Organization\",\"@id\":\"https:\\\/\\\/blogdofarnesio.com.br\\\/#organization\",\"name\":\"Blog do Farn\u00e9sio\",\"url\":\"https:\\\/\\\/blogdofarnesio.com.br\\\/\",\"logo\":{\"@type\":\"ImageObject\",\"inLanguage\":\"pt-BR\",\"@id\":\"https:\\\/\\\/blogdofarnesio.com.br\\\/#\\\/schema\\\/logo\\\/image\\\/\",\"url\":\"https:\\\/\\\/blogdofarnesio.com.br\\\/wp-content\\\/uploads\\\/2026\\\/03\\\/cropped-logo_new-1.png\",\"contentUrl\":\"https:\\\/\\\/blogdofarnesio.com.br\\\/wp-content\\\/uploads\\\/2026\\\/03\\\/cropped-logo_new-1.png\",\"width\":881,\"height\":685,\"caption\":\"Blog do Farn\u00e9sio\"},\"image\":{\"@id\":\"https:\\\/\\\/blogdofarnesio.com.br\\\/#\\\/schema\\\/logo\\\/image\\\/\"},\"sameAs\":[\"https:\\\/\\\/www.facebook.com\\\/BlogQuerSaberPolitica\\\/\"]},{\"@type\":\"Person\",\"@id\":\"https:\\\/\\\/blogdofarnesio.com.br\\\/#\\\/schema\\\/person\\\/301c4acf522bccbfdb45af95b5b906a1\",\"name\":\"Farn\u00e9sio\",\"image\":{\"@type\":\"ImageObject\",\"inLanguage\":\"pt-BR\",\"@id\":\"https:\\\/\\\/secure.gravatar.com\\\/avatar\\\/df0c9a14567c056f8ad6876ba5bbd1e3e2c48023eb6807342fc4663adf549f38?s=96&d=mm&r=g\",\"url\":\"https:\\\/\\\/secure.gravatar.com\\\/avatar\\\/df0c9a14567c056f8ad6876ba5bbd1e3e2c48023eb6807342fc4663adf549f38?s=96&d=mm&r=g\",\"contentUrl\":\"https:\\\/\\\/secure.gravatar.com\\\/avatar\\\/df0c9a14567c056f8ad6876ba5bbd1e3e2c48023eb6807342fc4663adf549f38?s=96&d=mm&r=g\",\"caption\":\"Farn\u00e9sio\"},\"sameAs\":[\"https:\\\/\\\/quersaberpolitica.com.br\"],\"url\":\"https:\\\/\\\/blogdofarnesio.com.br\\\/?author=1\"}]}<\/script>\n<!-- \/ Yoast SEO plugin. -->","yoast_head_json":{"title":"II CONGRESSO DE ONCOLOGIA DO HOSPITAL DOM TOM\u00c1S ABRE PRAZO PARA INSCRI\u00c7\u00c3O DE TRABALHO CIENTIFICO - Blog do Farn\u00e9sio","robots":{"index":"index","follow":"follow","max-snippet":"max-snippet:-1","max-image-preview":"max-image-preview:large","max-video-preview":"max-video-preview:-1"},"canonical":"https:\/\/blogdofarnesio.com.br\/?p=158938","og_locale":"pt_BR","og_type":"article","og_title":"II CONGRESSO DE ONCOLOGIA DO HOSPITAL DOM TOM\u00c1S ABRE PRAZO PARA INSCRI\u00c7\u00c3O DE TRABALHO CIENTIFICO - Blog do Farn\u00e9sio","og_description":"Como parte da programa\u00e7\u00e3o do II Congresso de Oncologia do Hospital Dom Tom\u00e1s que ser\u00e1 realizado nos dias 28 a 30 de abril, est\u00e1 aberto, a partir desta segunda-feira (13) o prazo para inscri\u00e7\u00e3o de trabalhos cient\u00edficos.\u00a0 Os trabalhos devem ser enviados em formato \u2018.pdf\u2019 para o email:\u00a0congressoncologiahdt@gmail.com. Ser\u00e3o aceitos 20 trabalhos que ficar\u00e3o expostos a partir do dia 29 de abril das 08h \u00e0s 18h. A sele\u00e7\u00e3o ser\u00e1 feita por uma comiss\u00e3o cient\u00edfica\u00a0composta por profissionais do Centro de Oncologia da Apami em Petrolina. &#8220;Para aprova\u00e7\u00e3o dos trabalhos \u00e9 necess\u00e1rio que um dos autores esteja inscrito no congresso. As normas est\u00e3o publicadas em edital que devem ser seguidas para o envio correto do material&#8221;, explicou a oncopediatra Michelle Viana, integrante&hellip;","og_url":"https:\/\/blogdofarnesio.com.br\/?p=158938","og_site_name":"Blog do Farn\u00e9sio","article_publisher":"https:\/\/www.facebook.com\/BlogQuerSaberPolitica\/","article_published_time":"2017-02-14T10:43:08+00:00","og_image":[{"width":566,"height":612,"url":"https:\/\/blogdofarnesio.com.br\/wp-content\/uploads\/2017\/02\/blogqsp-log-coco.jpg","type":"image\/jpeg"}],"author":"Farn\u00e9sio","twitter_card":"summary_large_image","twitter_misc":{"Escrito por":"Farn\u00e9sio","Est. tempo de leitura":"1 minuto"},"schema":{"@context":"https:\/\/schema.org","@graph":[{"@type":"Article","@id":"https:\/\/blogdofarnesio.com.br\/?p=158938#article","isPartOf":{"@id":"https:\/\/blogdofarnesio.com.br\/?p=158938"},"author":{"name":"Farn\u00e9sio","@id":"https:\/\/blogdofarnesio.com.br\/#\/schema\/person\/301c4acf522bccbfdb45af95b5b906a1"},"headline":"II CONGRESSO DE ONCOLOGIA DO HOSPITAL DOM TOM\u00c1S ABRE PRAZO PARA INSCRI\u00c7\u00c3O DE TRABALHO CIENTIFICO","datePublished":"2017-02-14T10:43:08+00:00","mainEntityOfPage":{"@id":"https:\/\/blogdofarnesio.com.br\/?p=158938"},"wordCount":216,"commentCount":0,"publisher":{"@id":"https:\/\/blogdofarnesio.com.br\/#organization"},"image":{"@id":"https:\/\/blogdofarnesio.com.br\/?p=158938#primaryimage"},"thumbnailUrl":"https:\/\/blogdofarnesio.com.br\/wp-content\/uploads\/2017\/02\/blogqsp-log-coco.jpg","articleSection":["Administra\u00e7\u00e3o"],"inLanguage":"pt-BR","potentialAction":[{"@type":"CommentAction","name":"Comment","target":["https:\/\/blogdofarnesio.com.br\/?p=158938#respond"]}]},{"@type":"WebPage","@id":"https:\/\/blogdofarnesio.com.br\/?p=158938","url":"https:\/\/blogdofarnesio.com.br\/?p=158938","name":"II CONGRESSO DE ONCOLOGIA DO HOSPITAL DOM TOM\u00c1S ABRE PRAZO PARA INSCRI\u00c7\u00c3O DE TRABALHO CIENTIFICO - Blog do Farn\u00e9sio","isPartOf":{"@id":"https:\/\/blogdofarnesio.com.br\/#website"},"primaryImageOfPage":{"@id":"https:\/\/blogdofarnesio.com.br\/?p=158938#primaryimage"},"image":{"@id":"https:\/\/blogdofarnesio.com.br\/?p=158938#primaryimage"},"thumbnailUrl":"https:\/\/blogdofarnesio.com.br\/wp-content\/uploads\/2017\/02\/blogqsp-log-coco.jpg","datePublished":"2017-02-14T10:43:08+00:00","breadcrumb":{"@id":"https:\/\/blogdofarnesio.com.br\/?p=158938#breadcrumb"},"inLanguage":"pt-BR","potentialAction":[{"@type":"ReadAction","target":["https:\/\/blogdofarnesio.com.br\/?p=158938"]}]},{"@type":"ImageObject","inLanguage":"pt-BR","@id":"https:\/\/blogdofarnesio.com.br\/?p=158938#primaryimage","url":"https:\/\/blogdofarnesio.com.br\/wp-content\/uploads\/2017\/02\/blogqsp-log-coco.jpg","contentUrl":"https:\/\/blogdofarnesio.com.br\/wp-content\/uploads\/2017\/02\/blogqsp-log-coco.jpg","width":566,"height":612},{"@type":"BreadcrumbList","@id":"https:\/\/blogdofarnesio.com.br\/?p=158938#breadcrumb","itemListElement":[{"@type":"ListItem","position":1,"name":"In\u00edcio","item":"https:\/\/blogdofarnesio.com.br\/"},{"@type":"ListItem","position":2,"name":"II CONGRESSO DE ONCOLOGIA DO HOSPITAL DOM TOM\u00c1S ABRE PRAZO PARA INSCRI\u00c7\u00c3O DE TRABALHO CIENTIFICO"}]},{"@type":"WebSite","@id":"https:\/\/blogdofarnesio.com.br\/#website","url":"https:\/\/blogdofarnesio.com.br\/","name":"Blog do Farn\u00e9sio","description":"Quer Saber Pol\u00edtica?","publisher":{"@id":"https:\/\/blogdofarnesio.com.br\/#organization"},"potentialAction":[{"@type":"SearchAction","target":{"@type":"EntryPoint","urlTemplate":"https:\/\/blogdofarnesio.com.br\/?s={search_term_string}"},"query-input":{"@type":"PropertyValueSpecification","valueRequired":true,"valueName":"search_term_string"}}],"inLanguage":"pt-BR"},{"@type":"Organization","@id":"https:\/\/blogdofarnesio.com.br\/#organization","name":"Blog do Farn\u00e9sio","url":"https:\/\/blogdofarnesio.com.br\/","logo":{"@type":"ImageObject","inLanguage":"pt-BR","@id":"https:\/\/blogdofarnesio.com.br\/#\/schema\/logo\/image\/","url":"https:\/\/blogdofarnesio.com.br\/wp-content\/uploads\/2026\/03\/cropped-logo_new-1.png","contentUrl":"https:\/\/blogdofarnesio.com.br\/wp-content\/uploads\/2026\/03\/cropped-logo_new-1.png","width":881,"height":685,"caption":"Blog do Farn\u00e9sio"},"image":{"@id":"https:\/\/blogdofarnesio.com.br\/#\/schema\/logo\/image\/"},"sameAs":["https:\/\/www.facebook.com\/BlogQuerSaberPolitica\/"]},{"@type":"Person","@id":"https:\/\/blogdofarnesio.com.br\/#\/schema\/person\/301c4acf522bccbfdb45af95b5b906a1","name":"Farn\u00e9sio","image":{"@type":"ImageObject","inLanguage":"pt-BR","@id":"https:\/\/secure.gravatar.com\/avatar\/df0c9a14567c056f8ad6876ba5bbd1e3e2c48023eb6807342fc4663adf549f38?s=96&d=mm&r=g","url":"https:\/\/secure.gravatar.com\/avatar\/df0c9a14567c056f8ad6876ba5bbd1e3e2c48023eb6807342fc4663adf549f38?s=96&d=mm&r=g","contentUrl":"https:\/\/secure.gravatar.com\/avatar\/df0c9a14567c056f8ad6876ba5bbd1e3e2c48023eb6807342fc4663adf549f38?s=96&d=mm&r=g","caption":"Farn\u00e9sio"},"sameAs":["https:\/\/quersaberpolitica.com.br"],"url":"https:\/\/blogdofarnesio.com.br\/?author=1"}]}},"_links":{"self":[{"href":"https:\/\/blogdofarnesio.com.br\/index.php?rest_route=\/wp\/v2\/posts\/158938","targetHints":{"allow":["GET"]}}],"collection":[{"href":"https:\/\/blogdofarnesio.com.br\/index.php?rest_route=\/wp\/v2\/posts"}],"about":[{"href":"https:\/\/blogdofarnesio.com.br\/index.php?rest_route=\/wp\/v2\/types\/post"}],"author":[{"embeddable":true,"href":"https:\/\/blogdofarnesio.com.br\/index.php?rest_route=\/wp\/v2\/users\/1"}],"replies":[{"embeddable":true,"href":"https:\/\/blogdofarnesio.com.br\/index.php?rest_route=%2Fwp%2Fv2%2Fcomments&post=158938"}],"version-history":[{"count":0,"href":"https:\/\/blogdofarnesio.com.br\/index.php?rest_route=\/wp\/v2\/posts\/158938\/revisions"}],"wp:featuredmedia":[{"embeddable":true,"href":"https:\/\/blogdofarnesio.com.br\/index.php?rest_route=\/wp\/v2\/media\/156032"}],"wp:attachment":[{"href":"https:\/\/blogdofarnesio.com.br\/index.php?rest_route=%2Fwp%2Fv2%2Fmedia&parent=158938"}],"wp:term":[{"taxonomy":"category","embeddable":true,"href":"https:\/\/blogdofarnesio.com.br\/index.php?rest_route=%2Fwp%2Fv2%2Fcategories&post=158938"},{"taxonomy":"post_tag","embeddable":true,"href":"https:\/\/blogdofarnesio.com.br\/index.php?rest_route=%2Fwp%2Fv2%2Ftags&post=158938"}],"curies":[{"name":"wp","href":"https:\/\/api.w.org\/{rel}","templated":true}]}}