{"id":158906,"date":"2017-02-13T12:00:17","date_gmt":"2017-02-13T15:00:17","guid":{"rendered":"http:\/\/quersaberpolitica.com.br\/2016\/?p=158906"},"modified":"2017-02-13T10:14:24","modified_gmt":"2017-02-13T13:14:24","slug":"justica-censura-reportagem-da-folha-sobre-extorsao-a-marcela-temer","status":"publish","type":"post","link":"https:\/\/blogdofarnesio.com.br\/?p=158906","title":{"rendered":"JUSTI\u00c7A CENSURA REPORTAGEM DA FOLHA SOBRE EXTORS\u00c3O A MARCELA TEMER"},"content":{"rendered":"<p style=\"text-align: justify;\">A pedido do Pal\u00e1cio do Planalto, a Justi\u00e7a de Bras\u00edlia censurou reportagem da\u00a0<strong>Folha<\/strong>\u00a0sobre uma tentativa de extors\u00e3o sofrida pela primeira-dama Marcela Temer no ano passado.<\/p>\n<p style=\"text-align: justify;\">Uma liminar concedida pelo juiz Hilmar Castelo Branco Raposo Filho, da 21\u00aa Vara C\u00edvel de Bras\u00edlia, impede que a\u00a0<strong>Folha<\/strong>\u00a0publique informa\u00e7\u00f5es sobre uma tentativa de um hacker de chantage\u00e1-la, no ano passado.<\/p>\n<p style=\"text-align: justify;\">A peti\u00e7\u00e3o foi assinada pelo advogado Gustavo do Vale Rocha, subchefe para Assuntos Jur\u00eddicos da Casa Civil, em nome de Marcela.<\/p>\n<p style=\"text-align: justify;\">O pedido menciona tamb\u00e9m o jornal &#8220;O Globo&#8221;, cujo site publicou uma reportagem sobre o assunto logo ap\u00f3s a\u00a0<strong>Folha<\/strong>.<\/p>\n<p style=\"text-align: justify;\">O texto foi publicado no site da\u00a0<strong>Folha<\/strong>\u00a0\u00e0s 18h45 na sexta (10). A a\u00e7\u00e3o foi protocolada \u00e0s 17h47, segundo registro do tribunal de Bras\u00edlia.<\/p>\n<p style=\"text-align: justify;\">A\u00a0<strong>Folha<\/strong>\u00a0foi intimada da decis\u00e3o \u00e0s 9h05 desta segunda (13). No site do jornal, o texto foi suprimido ap\u00f3s a notifica\u00e7\u00e3o.<\/p>\n<p style=\"text-align: justify;\">Segundo o juiz, os fundamentos apresentados pela defesa da primeira-dama s\u00e3o &#8220;relevantes e amparados em prova id\u00f4nea&#8221;. &#8220;A inviolabilidade da intimidade tem resguardo legal claro&#8221;, diz o despacho.<\/p>\n<p style=\"text-align: justify;\">&#8220;Defiro o pedido de antecipa\u00e7\u00e3o dos efeitos da tutela para determinar que os r\u00e9us se abstenham de dar publicidade a qualquer dos dados e informa\u00e7\u00f5es obtidas no aparelho celular da autora. Isto sob pena de multa no valor de R$ 50.000,00&#8221;, diz o juiz.<\/p>\n<p style=\"text-align: justify;\">O hacker\u00a0<a href=\"http:\/\/painel.blogfolha.uol.com.br\/2016\/06\/06\/hacker-que-clonou-celular-de-marcela-temer-e-denunciado-a-justica\/\">Silvonei de Jesus Souza<\/a>\u00a0foi condenado em outubro a 5 anos e 10 meses de pris\u00e3o por estelionato e extors\u00e3o e cumpre pena em Trememb\u00e9 (SP).<\/p>\n<p style=\"text-align: justify;\">Souza usa um \u00e1udio do celular de Marcela clonado por ele para chantagear a primeira-dama e menciona o nome do presidente Michel Temer. Todo o conte\u00fado de um celular e contas de e-mail de Marcela Temer foram furtados pelo hacker.<\/p>\n<p style=\"text-align: justify;\">A reportagem da\u00a0<strong>Folha<\/strong>\u00a0teve acesso a informa\u00e7\u00f5es tornadas p\u00fablicas pelo Tribunal de Justi\u00e7a de S\u00e3o Paulo.<\/p>\n<p style=\"text-align: justify;\">Os processos s\u00e3o os seguintes: 0000057-20.2017.8.26.0520, 0036961-28.2016.8.26.0050, 0036960-43.2016.8.26.0050 e 0032415-27.2016.8.26.0050.<\/p>\n<p style=\"text-align: justify;\">Qualquer advogado ou pessoa cadastrada no site do tribunal pode acessar os autos.<\/p>\n<p style=\"text-align: justify;\">O advogado da Casa Civil diz que a a\u00e7\u00e3o para impedir a publica\u00e7\u00e3o de informa\u00e7\u00f5es sobre a primeira-dama &#8220;serve a evitar preju\u00edzo irrepar\u00e1vel \u00e0 autora, que, caso tenha sua intimidade exposta indevidamente pelos ve\u00edculos de comunica\u00e7\u00e3o, que mais uma vez est\u00e3o a confundir informa\u00e7\u00e3o com viola\u00e7\u00e3o da privacidade de uma pessoa p\u00fablica&#8221;.<\/p>\n<p style=\"text-align: justify;\">Ele pede que, no caso de os dados terem sido publicados, que sejam &#8220;imediatamente retirados do site e recolhidas eventuais edi\u00e7\u00f5es impressas&#8221;.<\/p>\n<p style=\"text-align: justify;\">&#8220;Sob pena de multa de R$ 500.000,00 por acesso no site e edi\u00e7\u00e3o vendida&#8221;, diz o pedido do advogado.<\/p>\n<p style=\"text-align: justify;\"><strong>RECURSO<\/strong><\/p>\n<p style=\"text-align: justify;\">O diretor jur\u00eddico do Grupo Folha, Orlando Molina, considera que a decis\u00e3o atenta contra a liberdade de imprensa. &#8220;Eu vejo como uma tentativa brutal de impedir a liberdade de informa\u00e7\u00e3o&#8221;, diz. &#8220;Isso configura censura ao ve\u00edculo de imprensa.&#8221; A\u00a0<strong>Folha<\/strong>\u00a0vai recorrer da decis\u00e3o<\/p>\n","protected":false},"excerpt":{"rendered":"<p>A pedido do Pal\u00e1cio do Planalto, a Justi\u00e7a de Bras\u00edlia censurou reportagem da\u00a0Folha\u00a0sobre uma tentativa de extors\u00e3o sofrida pela primeira-dama Marcela Temer no ano passado. Uma liminar concedida pelo juiz Hilmar Castelo Branco Raposo Filho, da 21\u00aa Vara C\u00edvel de Bras\u00edlia, impede que a\u00a0Folha\u00a0publique informa\u00e7\u00f5es sobre uma tentativa de um hacker de chantage\u00e1-la, no ano passado. A peti\u00e7\u00e3o foi assinada pelo advogado Gustavo do Vale Rocha, subchefe para Assuntos Jur\u00eddicos da Casa Civil, em nome de Marcela. O pedido menciona tamb\u00e9m o jornal &#8220;O Globo&#8221;, cujo site publicou uma reportagem sobre o assunto logo ap\u00f3s a\u00a0Folha. O texto foi publicado no site da\u00a0Folha\u00a0\u00e0s 18h45 na sexta (10). A a\u00e7\u00e3o foi protocolada \u00e0s 17h47, segundo registro do tribunal de Bras\u00edlia. A\u00a0Folha\u00a0foi&hellip; <\/p>\n","protected":false},"author":1,"featured_media":156006,"comment_status":"open","ping_status":"open","sticky":false,"template":"","format":"standard","meta":{"_acf_changed":false,"footnotes":""},"categories":[1],"tags":[],"class_list":["post-158906","post","type-post","status-publish","format-standard","has-post-thumbnail","hentry","category-politica"],"acf":[],"yoast_head":"<!-- This site is optimized with the Yoast SEO plugin v27.4 - https:\/\/yoast.com\/product\/yoast-seo-wordpress\/ -->\n<title>JUSTI\u00c7A CENSURA REPORTAGEM DA FOLHA SOBRE EXTORS\u00c3O A MARCELA TEMER - Blog do Farn\u00e9sio<\/title>\n<meta name=\"robots\" content=\"index, follow, max-snippet:-1, max-image-preview:large, max-video-preview:-1\" \/>\n<link rel=\"canonical\" href=\"https:\/\/blogdofarnesio.com.br\/?p=158906\" \/>\n<meta property=\"og:locale\" content=\"pt_BR\" \/>\n<meta property=\"og:type\" content=\"article\" \/>\n<meta property=\"og:title\" content=\"JUSTI\u00c7A CENSURA REPORTAGEM DA FOLHA SOBRE EXTORS\u00c3O A MARCELA TEMER - Blog do Farn\u00e9sio\" \/>\n<meta property=\"og:description\" content=\"A pedido do Pal\u00e1cio do Planalto, a Justi\u00e7a de Bras\u00edlia censurou reportagem da\u00a0Folha\u00a0sobre uma tentativa de extors\u00e3o sofrida pela primeira-dama Marcela Temer no ano passado. Uma liminar concedida pelo juiz Hilmar Castelo Branco Raposo Filho, da 21\u00aa Vara C\u00edvel de Bras\u00edlia, impede que a\u00a0Folha\u00a0publique informa\u00e7\u00f5es sobre uma tentativa de um hacker de chantage\u00e1-la, no ano passado. A peti\u00e7\u00e3o foi assinada pelo advogado Gustavo do Vale Rocha, subchefe para Assuntos Jur\u00eddicos da Casa Civil, em nome de Marcela. O pedido menciona tamb\u00e9m o jornal &#8220;O Globo&#8221;, cujo site publicou uma reportagem sobre o assunto logo ap\u00f3s a\u00a0Folha. O texto foi publicado no site da\u00a0Folha\u00a0\u00e0s 18h45 na sexta (10). A a\u00e7\u00e3o foi protocolada \u00e0s 17h47, segundo registro do tribunal de Bras\u00edlia. A\u00a0Folha\u00a0foi&hellip;\" \/>\n<meta property=\"og:url\" content=\"https:\/\/blogdofarnesio.com.br\/?p=158906\" \/>\n<meta property=\"og:site_name\" content=\"Blog do Farn\u00e9sio\" \/>\n<meta property=\"article:publisher\" content=\"https:\/\/www.facebook.com\/BlogQuerSaberPolitica\/\" \/>\n<meta property=\"article:published_time\" content=\"2017-02-13T15:00:17+00:00\" \/>\n<meta property=\"og:image\" content=\"https:\/\/blogdofarnesio.com.br\/wp-content\/uploads\/2017\/02\/blogqsp-temer-marcela.jpg\" \/>\n\t<meta property=\"og:image:width\" content=\"640\" \/>\n\t<meta property=\"og:image:height\" content=\"355\" \/>\n\t<meta property=\"og:image:type\" content=\"image\/jpeg\" \/>\n<meta name=\"author\" content=\"Farn\u00e9sio\" \/>\n<meta name=\"twitter:card\" content=\"summary_large_image\" \/>\n<meta name=\"twitter:label1\" content=\"Escrito por\" \/>\n\t<meta name=\"twitter:data1\" content=\"Farn\u00e9sio\" \/>\n\t<meta name=\"twitter:label2\" content=\"Est. tempo de leitura\" \/>\n\t<meta name=\"twitter:data2\" content=\"3 minutos\" \/>\n<script type=\"application\/ld+json\" class=\"yoast-schema-graph\">{\"@context\":\"https:\\\/\\\/schema.org\",\"@graph\":[{\"@type\":\"Article\",\"@id\":\"https:\\\/\\\/blogdofarnesio.com.br\\\/?p=158906#article\",\"isPartOf\":{\"@id\":\"https:\\\/\\\/blogdofarnesio.com.br\\\/?p=158906\"},\"author\":{\"name\":\"Farn\u00e9sio\",\"@id\":\"https:\\\/\\\/blogdofarnesio.com.br\\\/#\\\/schema\\\/person\\\/301c4acf522bccbfdb45af95b5b906a1\"},\"headline\":\"JUSTI\u00c7A CENSURA REPORTAGEM DA FOLHA SOBRE EXTORS\u00c3O A MARCELA TEMER\",\"datePublished\":\"2017-02-13T15:00:17+00:00\",\"mainEntityOfPage\":{\"@id\":\"https:\\\/\\\/blogdofarnesio.com.br\\\/?p=158906\"},\"wordCount\":518,\"commentCount\":0,\"publisher\":{\"@id\":\"https:\\\/\\\/blogdofarnesio.com.br\\\/#organization\"},\"image\":{\"@id\":\"https:\\\/\\\/blogdofarnesio.com.br\\\/?p=158906#primaryimage\"},\"thumbnailUrl\":\"https:\\\/\\\/blogdofarnesio.com.br\\\/wp-content\\\/uploads\\\/2017\\\/02\\\/blogqsp-temer-marcela.jpg\",\"articleSection\":[\"Pol\u00edtica\"],\"inLanguage\":\"pt-BR\",\"potentialAction\":[{\"@type\":\"CommentAction\",\"name\":\"Comment\",\"target\":[\"https:\\\/\\\/blogdofarnesio.com.br\\\/?p=158906#respond\"]}]},{\"@type\":\"WebPage\",\"@id\":\"https:\\\/\\\/blogdofarnesio.com.br\\\/?p=158906\",\"url\":\"https:\\\/\\\/blogdofarnesio.com.br\\\/?p=158906\",\"name\":\"JUSTI\u00c7A CENSURA REPORTAGEM DA FOLHA SOBRE EXTORS\u00c3O A MARCELA TEMER - Blog do Farn\u00e9sio\",\"isPartOf\":{\"@id\":\"https:\\\/\\\/blogdofarnesio.com.br\\\/#website\"},\"primaryImageOfPage\":{\"@id\":\"https:\\\/\\\/blogdofarnesio.com.br\\\/?p=158906#primaryimage\"},\"image\":{\"@id\":\"https:\\\/\\\/blogdofarnesio.com.br\\\/?p=158906#primaryimage\"},\"thumbnailUrl\":\"https:\\\/\\\/blogdofarnesio.com.br\\\/wp-content\\\/uploads\\\/2017\\\/02\\\/blogqsp-temer-marcela.jpg\",\"datePublished\":\"2017-02-13T15:00:17+00:00\",\"breadcrumb\":{\"@id\":\"https:\\\/\\\/blogdofarnesio.com.br\\\/?p=158906#breadcrumb\"},\"inLanguage\":\"pt-BR\",\"potentialAction\":[{\"@type\":\"ReadAction\",\"target\":[\"https:\\\/\\\/blogdofarnesio.com.br\\\/?p=158906\"]}]},{\"@type\":\"ImageObject\",\"inLanguage\":\"pt-BR\",\"@id\":\"https:\\\/\\\/blogdofarnesio.com.br\\\/?p=158906#primaryimage\",\"url\":\"https:\\\/\\\/blogdofarnesio.com.br\\\/wp-content\\\/uploads\\\/2017\\\/02\\\/blogqsp-temer-marcela.jpg\",\"contentUrl\":\"https:\\\/\\\/blogdofarnesio.com.br\\\/wp-content\\\/uploads\\\/2017\\\/02\\\/blogqsp-temer-marcela.jpg\",\"width\":640,\"height\":355},{\"@type\":\"BreadcrumbList\",\"@id\":\"https:\\\/\\\/blogdofarnesio.com.br\\\/?p=158906#breadcrumb\",\"itemListElement\":[{\"@type\":\"ListItem\",\"position\":1,\"name\":\"In\u00edcio\",\"item\":\"https:\\\/\\\/blogdofarnesio.com.br\\\/\"},{\"@type\":\"ListItem\",\"position\":2,\"name\":\"JUSTI\u00c7A CENSURA REPORTAGEM DA FOLHA SOBRE EXTORS\u00c3O A MARCELA TEMER\"}]},{\"@type\":\"WebSite\",\"@id\":\"https:\\\/\\\/blogdofarnesio.com.br\\\/#website\",\"url\":\"https:\\\/\\\/blogdofarnesio.com.br\\\/\",\"name\":\"Blog do Farn\u00e9sio\",\"description\":\"Quer Saber Pol\u00edtica?\",\"publisher\":{\"@id\":\"https:\\\/\\\/blogdofarnesio.com.br\\\/#organization\"},\"potentialAction\":[{\"@type\":\"SearchAction\",\"target\":{\"@type\":\"EntryPoint\",\"urlTemplate\":\"https:\\\/\\\/blogdofarnesio.com.br\\\/?s={search_term_string}\"},\"query-input\":{\"@type\":\"PropertyValueSpecification\",\"valueRequired\":true,\"valueName\":\"search_term_string\"}}],\"inLanguage\":\"pt-BR\"},{\"@type\":\"Organization\",\"@id\":\"https:\\\/\\\/blogdofarnesio.com.br\\\/#organization\",\"name\":\"Blog do Farn\u00e9sio\",\"url\":\"https:\\\/\\\/blogdofarnesio.com.br\\\/\",\"logo\":{\"@type\":\"ImageObject\",\"inLanguage\":\"pt-BR\",\"@id\":\"https:\\\/\\\/blogdofarnesio.com.br\\\/#\\\/schema\\\/logo\\\/image\\\/\",\"url\":\"https:\\\/\\\/blogdofarnesio.com.br\\\/wp-content\\\/uploads\\\/2026\\\/03\\\/cropped-logo_new-1.png\",\"contentUrl\":\"https:\\\/\\\/blogdofarnesio.com.br\\\/wp-content\\\/uploads\\\/2026\\\/03\\\/cropped-logo_new-1.png\",\"width\":881,\"height\":685,\"caption\":\"Blog do Farn\u00e9sio\"},\"image\":{\"@id\":\"https:\\\/\\\/blogdofarnesio.com.br\\\/#\\\/schema\\\/logo\\\/image\\\/\"},\"sameAs\":[\"https:\\\/\\\/www.facebook.com\\\/BlogQuerSaberPolitica\\\/\"]},{\"@type\":\"Person\",\"@id\":\"https:\\\/\\\/blogdofarnesio.com.br\\\/#\\\/schema\\\/person\\\/301c4acf522bccbfdb45af95b5b906a1\",\"name\":\"Farn\u00e9sio\",\"image\":{\"@type\":\"ImageObject\",\"inLanguage\":\"pt-BR\",\"@id\":\"https:\\\/\\\/secure.gravatar.com\\\/avatar\\\/df0c9a14567c056f8ad6876ba5bbd1e3e2c48023eb6807342fc4663adf549f38?s=96&d=mm&r=g\",\"url\":\"https:\\\/\\\/secure.gravatar.com\\\/avatar\\\/df0c9a14567c056f8ad6876ba5bbd1e3e2c48023eb6807342fc4663adf549f38?s=96&d=mm&r=g\",\"contentUrl\":\"https:\\\/\\\/secure.gravatar.com\\\/avatar\\\/df0c9a14567c056f8ad6876ba5bbd1e3e2c48023eb6807342fc4663adf549f38?s=96&d=mm&r=g\",\"caption\":\"Farn\u00e9sio\"},\"sameAs\":[\"https:\\\/\\\/quersaberpolitica.com.br\"],\"url\":\"https:\\\/\\\/blogdofarnesio.com.br\\\/?author=1\"}]}<\/script>\n<!-- \/ Yoast SEO plugin. -->","yoast_head_json":{"title":"JUSTI\u00c7A CENSURA REPORTAGEM DA FOLHA SOBRE EXTORS\u00c3O A MARCELA TEMER - Blog do Farn\u00e9sio","robots":{"index":"index","follow":"follow","max-snippet":"max-snippet:-1","max-image-preview":"max-image-preview:large","max-video-preview":"max-video-preview:-1"},"canonical":"https:\/\/blogdofarnesio.com.br\/?p=158906","og_locale":"pt_BR","og_type":"article","og_title":"JUSTI\u00c7A CENSURA REPORTAGEM DA FOLHA SOBRE EXTORS\u00c3O A MARCELA TEMER - Blog do Farn\u00e9sio","og_description":"A pedido do Pal\u00e1cio do Planalto, a Justi\u00e7a de Bras\u00edlia censurou reportagem da\u00a0Folha\u00a0sobre uma tentativa de extors\u00e3o sofrida pela primeira-dama Marcela Temer no ano passado. Uma liminar concedida pelo juiz Hilmar Castelo Branco Raposo Filho, da 21\u00aa Vara C\u00edvel de Bras\u00edlia, impede que a\u00a0Folha\u00a0publique informa\u00e7\u00f5es sobre uma tentativa de um hacker de chantage\u00e1-la, no ano passado. A peti\u00e7\u00e3o foi assinada pelo advogado Gustavo do Vale Rocha, subchefe para Assuntos Jur\u00eddicos da Casa Civil, em nome de Marcela. O pedido menciona tamb\u00e9m o jornal &#8220;O Globo&#8221;, cujo site publicou uma reportagem sobre o assunto logo ap\u00f3s a\u00a0Folha. O texto foi publicado no site da\u00a0Folha\u00a0\u00e0s 18h45 na sexta (10). A a\u00e7\u00e3o foi protocolada \u00e0s 17h47, segundo registro do tribunal de Bras\u00edlia. A\u00a0Folha\u00a0foi&hellip;","og_url":"https:\/\/blogdofarnesio.com.br\/?p=158906","og_site_name":"Blog do Farn\u00e9sio","article_publisher":"https:\/\/www.facebook.com\/BlogQuerSaberPolitica\/","article_published_time":"2017-02-13T15:00:17+00:00","og_image":[{"width":640,"height":355,"url":"https:\/\/blogdofarnesio.com.br\/wp-content\/uploads\/2017\/02\/blogqsp-temer-marcela.jpg","type":"image\/jpeg"}],"author":"Farn\u00e9sio","twitter_card":"summary_large_image","twitter_misc":{"Escrito por":"Farn\u00e9sio","Est. tempo de leitura":"3 minutos"},"schema":{"@context":"https:\/\/schema.org","@graph":[{"@type":"Article","@id":"https:\/\/blogdofarnesio.com.br\/?p=158906#article","isPartOf":{"@id":"https:\/\/blogdofarnesio.com.br\/?p=158906"},"author":{"name":"Farn\u00e9sio","@id":"https:\/\/blogdofarnesio.com.br\/#\/schema\/person\/301c4acf522bccbfdb45af95b5b906a1"},"headline":"JUSTI\u00c7A CENSURA REPORTAGEM DA FOLHA SOBRE EXTORS\u00c3O A MARCELA TEMER","datePublished":"2017-02-13T15:00:17+00:00","mainEntityOfPage":{"@id":"https:\/\/blogdofarnesio.com.br\/?p=158906"},"wordCount":518,"commentCount":0,"publisher":{"@id":"https:\/\/blogdofarnesio.com.br\/#organization"},"image":{"@id":"https:\/\/blogdofarnesio.com.br\/?p=158906#primaryimage"},"thumbnailUrl":"https:\/\/blogdofarnesio.com.br\/wp-content\/uploads\/2017\/02\/blogqsp-temer-marcela.jpg","articleSection":["Pol\u00edtica"],"inLanguage":"pt-BR","potentialAction":[{"@type":"CommentAction","name":"Comment","target":["https:\/\/blogdofarnesio.com.br\/?p=158906#respond"]}]},{"@type":"WebPage","@id":"https:\/\/blogdofarnesio.com.br\/?p=158906","url":"https:\/\/blogdofarnesio.com.br\/?p=158906","name":"JUSTI\u00c7A CENSURA REPORTAGEM DA FOLHA SOBRE EXTORS\u00c3O A MARCELA TEMER - Blog do Farn\u00e9sio","isPartOf":{"@id":"https:\/\/blogdofarnesio.com.br\/#website"},"primaryImageOfPage":{"@id":"https:\/\/blogdofarnesio.com.br\/?p=158906#primaryimage"},"image":{"@id":"https:\/\/blogdofarnesio.com.br\/?p=158906#primaryimage"},"thumbnailUrl":"https:\/\/blogdofarnesio.com.br\/wp-content\/uploads\/2017\/02\/blogqsp-temer-marcela.jpg","datePublished":"2017-02-13T15:00:17+00:00","breadcrumb":{"@id":"https:\/\/blogdofarnesio.com.br\/?p=158906#breadcrumb"},"inLanguage":"pt-BR","potentialAction":[{"@type":"ReadAction","target":["https:\/\/blogdofarnesio.com.br\/?p=158906"]}]},{"@type":"ImageObject","inLanguage":"pt-BR","@id":"https:\/\/blogdofarnesio.com.br\/?p=158906#primaryimage","url":"https:\/\/blogdofarnesio.com.br\/wp-content\/uploads\/2017\/02\/blogqsp-temer-marcela.jpg","contentUrl":"https:\/\/blogdofarnesio.com.br\/wp-content\/uploads\/2017\/02\/blogqsp-temer-marcela.jpg","width":640,"height":355},{"@type":"BreadcrumbList","@id":"https:\/\/blogdofarnesio.com.br\/?p=158906#breadcrumb","itemListElement":[{"@type":"ListItem","position":1,"name":"In\u00edcio","item":"https:\/\/blogdofarnesio.com.br\/"},{"@type":"ListItem","position":2,"name":"JUSTI\u00c7A CENSURA REPORTAGEM DA FOLHA SOBRE EXTORS\u00c3O A MARCELA TEMER"}]},{"@type":"WebSite","@id":"https:\/\/blogdofarnesio.com.br\/#website","url":"https:\/\/blogdofarnesio.com.br\/","name":"Blog do Farn\u00e9sio","description":"Quer Saber Pol\u00edtica?","publisher":{"@id":"https:\/\/blogdofarnesio.com.br\/#organization"},"potentialAction":[{"@type":"SearchAction","target":{"@type":"EntryPoint","urlTemplate":"https:\/\/blogdofarnesio.com.br\/?s={search_term_string}"},"query-input":{"@type":"PropertyValueSpecification","valueRequired":true,"valueName":"search_term_string"}}],"inLanguage":"pt-BR"},{"@type":"Organization","@id":"https:\/\/blogdofarnesio.com.br\/#organization","name":"Blog do Farn\u00e9sio","url":"https:\/\/blogdofarnesio.com.br\/","logo":{"@type":"ImageObject","inLanguage":"pt-BR","@id":"https:\/\/blogdofarnesio.com.br\/#\/schema\/logo\/image\/","url":"https:\/\/blogdofarnesio.com.br\/wp-content\/uploads\/2026\/03\/cropped-logo_new-1.png","contentUrl":"https:\/\/blogdofarnesio.com.br\/wp-content\/uploads\/2026\/03\/cropped-logo_new-1.png","width":881,"height":685,"caption":"Blog do Farn\u00e9sio"},"image":{"@id":"https:\/\/blogdofarnesio.com.br\/#\/schema\/logo\/image\/"},"sameAs":["https:\/\/www.facebook.com\/BlogQuerSaberPolitica\/"]},{"@type":"Person","@id":"https:\/\/blogdofarnesio.com.br\/#\/schema\/person\/301c4acf522bccbfdb45af95b5b906a1","name":"Farn\u00e9sio","image":{"@type":"ImageObject","inLanguage":"pt-BR","@id":"https:\/\/secure.gravatar.com\/avatar\/df0c9a14567c056f8ad6876ba5bbd1e3e2c48023eb6807342fc4663adf549f38?s=96&d=mm&r=g","url":"https:\/\/secure.gravatar.com\/avatar\/df0c9a14567c056f8ad6876ba5bbd1e3e2c48023eb6807342fc4663adf549f38?s=96&d=mm&r=g","contentUrl":"https:\/\/secure.gravatar.com\/avatar\/df0c9a14567c056f8ad6876ba5bbd1e3e2c48023eb6807342fc4663adf549f38?s=96&d=mm&r=g","caption":"Farn\u00e9sio"},"sameAs":["https:\/\/quersaberpolitica.com.br"],"url":"https:\/\/blogdofarnesio.com.br\/?author=1"}]}},"_links":{"self":[{"href":"https:\/\/blogdofarnesio.com.br\/index.php?rest_route=\/wp\/v2\/posts\/158906","targetHints":{"allow":["GET"]}}],"collection":[{"href":"https:\/\/blogdofarnesio.com.br\/index.php?rest_route=\/wp\/v2\/posts"}],"about":[{"href":"https:\/\/blogdofarnesio.com.br\/index.php?rest_route=\/wp\/v2\/types\/post"}],"author":[{"embeddable":true,"href":"https:\/\/blogdofarnesio.com.br\/index.php?rest_route=\/wp\/v2\/users\/1"}],"replies":[{"embeddable":true,"href":"https:\/\/blogdofarnesio.com.br\/index.php?rest_route=%2Fwp%2Fv2%2Fcomments&post=158906"}],"version-history":[{"count":0,"href":"https:\/\/blogdofarnesio.com.br\/index.php?rest_route=\/wp\/v2\/posts\/158906\/revisions"}],"wp:featuredmedia":[{"embeddable":true,"href":"https:\/\/blogdofarnesio.com.br\/index.php?rest_route=\/wp\/v2\/media\/156006"}],"wp:attachment":[{"href":"https:\/\/blogdofarnesio.com.br\/index.php?rest_route=%2Fwp%2Fv2%2Fmedia&parent=158906"}],"wp:term":[{"taxonomy":"category","embeddable":true,"href":"https:\/\/blogdofarnesio.com.br\/index.php?rest_route=%2Fwp%2Fv2%2Fcategories&post=158906"},{"taxonomy":"post_tag","embeddable":true,"href":"https:\/\/blogdofarnesio.com.br\/index.php?rest_route=%2Fwp%2Fv2%2Ftags&post=158906"}],"curies":[{"name":"wp","href":"https:\/\/api.w.org\/{rel}","templated":true}]}}