{"id":15880,"date":"2012-07-20T08:04:18","date_gmt":"2012-07-20T08:04:18","guid":{"rendered":"http:\/\/www.quersaberpolitica.com.br?p=15880"},"modified":"-0001-11-30T00:00:00","modified_gmt":"-0001-11-30T03:00:00","slug":"inaugurada-remediacao-do-lixao-de-juazeiro","status":"publish","type":"post","link":"https:\/\/blogdofarnesio.com.br\/?p=15880","title":{"rendered":"Inaugurada Remedia\u00e7\u00e3o do Lix\u00e3o  de Juazeiro"},"content":{"rendered":"<p>&nbsp;<\/p>\n<p class=\"MsoNormal\" style=\"text-align: justify; \"><span style=\"font-size: medium;\"><span style=\"font-size: small;\"><strong><a rel=\"lightbox\" href=\"http:\/\/www.quersaberpolitica.com.br\/2016\/wp-content\/uploads\/2012\/12\/blogqspceliaregina.jpg\"><img loading=\"lazy\" decoding=\"async\" style=\"float: left; margin: 5px 10px;\" src=\"http:\/\/www.quersaberpolitica.com.br\/2016\/wp-content\/uploads\/2012\/12\/blogqspceliaregina.jpg\" alt=\"\" width=\"200\" height=\"133\" \/><\/a><a rel=\"lightbox\" href=\"http:\/\/www.quersaberpolitica.com.br\/2016\/wp-content\/uploads\/2012\/12\/blogqspunebvisitalixao.jpg\"><img loading=\"lazy\" decoding=\"async\" style=\"float: right; margin: 5px 10px;\" title=\"Imagem\/Ilustrativa\" src=\"http:\/\/www.quersaberpolitica.com.br\/2016\/wp-content\/uploads\/2012\/12\/blogqspunebvisitalixao.jpg\" alt=\"\" width=\"200\" height=\"150\" \/><\/a><\/strong>&ldquo;Com esta importante obra, nossa cidade ficar&aacute; cada dia mais limpa. Os catadores de materiais recicl&aacute;veis, a popula&ccedil;&atilde;o e o meio ambiente agradecem. Esperamos anos para que este sonho se transformasse em realidade, a Prefeitura e a Codevasf est&atilde;o de parab&eacute;ns&rdquo;, afirmou o representante da Associa&ccedil;&atilde;o de Catadores, Raimundo da Silva durante o ato de inaugura&ccedil;&atilde;o da 1&ordf; Etapa da Remedia&ccedil;&atilde;o do Lix&atilde;o de Juazeiro, nesta quinta-feira (19)<\/span><\/span><\/p>\n<p class=\"MsoNormal\" style=\"text-align: justify; \"><span style=\"font-size: medium;\"><span style=\"font-size: small;\">O superintendente da Codevasf, Emanoel Lima destacou os benef&iacute;cios desta obra tanto na &aacute;rea social, como na preserva&ccedil;&atilde;o do meio ambiente e no desenvolvimento do turismo na nossa regi&atilde;o. &ldquo;Esta &aacute;rea era uma vergonha. O turismo na nossa regi&atilde;o vem crescendo a cada dia, agora os turistas poder&atilde;o transitar tranquilamente por este trecho da BA 210, quando forem visitar a ilha do Rodeadouro e a Barragem de Sobradinho. Precisamos firmar parcerias como esta para realizarmos obras que tenham o objetivo de preservar o meio ambiente em outros munic&iacute;pios da regi&atilde;o&rdquo;, ressaltou o superintendente.<\/span><\/span><\/p>\n<p class=\"MsoNormal\" style=\"text-align: justify; \"><span style=\"font-size: medium;\"><span style=\"font-size: small;\">A &aacute;rea foi totalmente remediada, e ir&aacute; reduzir significativamente os impactos negativos causados ao meio ambiente pela disposi&ccedil;&atilde;o inadequada do lixo, uma obra que h&aacute; muitos anos era esperada pela popula&ccedil;&atilde;o e s&oacute; agora se concretizou. Nesta etapa, a &aacute;rea de mais de 43 hectares foi totalmente limpa; foram instaladas cercas de isolamento; todo o lixo existente na &aacute;rea foi aterrado na primeira c&eacute;lula, al&eacute;m da constru&ccedil;&atilde;o do pr&eacute;dio de administra&ccedil;&atilde;o, o galp&atilde;o para manuten&ccedil;&atilde;o e portaria de acesso. A constru&ccedil;&atilde;o da lagoa de estabiliza&ccedil;&atilde;o est&aacute; em fase final, e neste local o chorume extra&iacute;do do lixo ser&aacute; encaminhado para tratamento, impedindo que n&atilde;o alcance o leito do riacho Maria Preta.<\/span><\/span><\/p>\n<p class=\"MsoNormal\" style=\"text-align: justify; \"><span style=\"font-size: medium;\"><span style=\"font-size: small;\">Segundo a secret&aacute;ria de Desenvolvimento Urbano &ndash; SEDUR, C&eacute;lia Regina Carvalho, al&eacute;m de todos os benef&iacute;cios para o meio ambiente e a sa&uacute;de da popula&ccedil;&atilde;o, a obra possibilitou que a Prefeitura realizasse a&ccedil;&otilde;es junto aos catadores que moravam e viviam em situa&ccedil;&atilde;o prec&aacute;ria no lix&atilde;o. &ldquo;Aqui nasceram gera&ccedil;&otilde;es, que foram criadas no meio do lixo durante anos. Hoje a maioria est&aacute; trabalhando na limpeza p&uacute;blica da cidade, na Secretaria de Servi&ccedil;os P&uacute;blicos, e outros na coleta seletiva, que foi iniciada nos condom&iacute;nios. &Eacute; nossa obriga&ccedil;&atilde;o cuidar do lixo, reciclar e preservar o meio ambiente,&rdquo; evidenciou C&eacute;lia Regina.<\/span><\/span><\/p>\n<p class=\"MsoNormal\" style=\"text-align: justify; \"><span style=\"font-size: medium;\"><span style=\"font-size: small;\">A secret&aacute;ria ressaltou ainda a import&acirc;ncia da parceria com o Governo Federal, atrav&eacute;s da Codevasf neste projeto.&nbsp;&nbsp;&ldquo;Agora Juazeiro tem um Aterro Sanit&aacute;rio. O lixo que foi depositado durante anos j&aacute; est&aacute; todo aterrado. A segunda c&eacute;lula, que est&aacute; em fase de conclus&atilde;o, ir&aacute; receber os novos res&iacute;duos s&oacute;lidos, com<a name=\"_GoBack\"><\/a>&nbsp;vida &uacute;til de 20 anos, o que vai possibilitar que a &aacute;rea continue sendo utilizada, mas agora de maneira adequada, reduzindo os impactos negativos ao meio ambiente. A empresa que vai operar o aterro j&aacute; foi contratada pela Prefeitura&rdquo;, finalizou.<\/span><\/span><\/p>\n<div style=\"text-align: justify; \"><span style=\"font-size: medium;\"><span style=\"font-family: arial, helvetica, sans-serif;\"><br \/><\/span><\/span><\/div>\n<p>&nbsp;<\/p>\n","protected":false},"excerpt":{"rendered":"<p>&nbsp; &ldquo;Com esta importante obra, nossa cidade ficar&aacute; cada dia mais limpa. Os catadores de materiais recicl&aacute;veis, a popula&ccedil;&atilde;o e o meio ambiente agradecem. Esperamos anos para que este sonho se transformasse em realidade, a Prefeitura e a Codevasf est&atilde;o de parab&eacute;ns&rdquo;, afirmou o representante da Associa&ccedil;&atilde;o de Catadores, Raimundo da Silva durante o ato de inaugura&ccedil;&atilde;o da 1&ordf; Etapa da Remedia&ccedil;&atilde;o do Lix&atilde;o de Juazeiro, nesta quinta-feira (19) O superintendente da Codevasf, Emanoel Lima destacou os benef&iacute;cios desta obra tanto na &aacute;rea social, como na preserva&ccedil;&atilde;o do meio ambiente e no desenvolvimento do turismo na nossa regi&atilde;o. &ldquo;Esta &aacute;rea era uma vergonha. O turismo na nossa regi&atilde;o vem crescendo a cada dia, agora os turistas poder&atilde;o transitar tranquilamente por&hellip; <\/p>\n","protected":false},"author":0,"featured_media":0,"comment_status":"open","ping_status":"open","sticky":false,"template":"","format":"standard","meta":{"_acf_changed":false,"footnotes":""},"categories":[],"tags":[],"class_list":["post-15880","post","type-post","status-publish","format-standard","hentry"],"acf":[],"yoast_head":"<!-- This site is optimized with the Yoast SEO plugin v27.4 - https:\/\/yoast.com\/product\/yoast-seo-wordpress\/ -->\n<title>Inaugurada Remedia\u00e7\u00e3o do Lix\u00e3o de Juazeiro  - Blog do Farn\u00e9sio<\/title>\n<meta name=\"robots\" content=\"index, follow, max-snippet:-1, max-image-preview:large, max-video-preview:-1\" \/>\n<link rel=\"canonical\" href=\"https:\/\/blogdofarnesio.com.br\/?p=15880\" \/>\n<meta property=\"og:locale\" content=\"pt_BR\" \/>\n<meta property=\"og:type\" content=\"article\" \/>\n<meta property=\"og:title\" content=\"Inaugurada Remedia\u00e7\u00e3o do Lix\u00e3o de Juazeiro  - Blog do Farn\u00e9sio\" \/>\n<meta property=\"og:description\" content=\"&nbsp; &ldquo;Com esta importante obra, nossa cidade ficar&aacute; cada dia mais limpa. Os catadores de materiais recicl&aacute;veis, a popula&ccedil;&atilde;o e o meio ambiente agradecem. Esperamos anos para que este sonho se transformasse em realidade, a Prefeitura e a Codevasf est&atilde;o de parab&eacute;ns&rdquo;, afirmou o representante da Associa&ccedil;&atilde;o de Catadores, Raimundo da Silva durante o ato de inaugura&ccedil;&atilde;o da 1&ordf; Etapa da Remedia&ccedil;&atilde;o do Lix&atilde;o de Juazeiro, nesta quinta-feira (19) O superintendente da Codevasf, Emanoel Lima destacou os benef&iacute;cios desta obra tanto na &aacute;rea social, como na preserva&ccedil;&atilde;o do meio ambiente e no desenvolvimento do turismo na nossa regi&atilde;o. &ldquo;Esta &aacute;rea era uma vergonha. O turismo na nossa regi&atilde;o vem crescendo a cada dia, agora os turistas poder&atilde;o transitar tranquilamente por&hellip;\" \/>\n<meta property=\"og:url\" content=\"https:\/\/blogdofarnesio.com.br\/?p=15880\" \/>\n<meta property=\"og:site_name\" content=\"Blog do Farn\u00e9sio\" \/>\n<meta property=\"article:publisher\" content=\"https:\/\/www.facebook.com\/BlogQuerSaberPolitica\/\" \/>\n<meta property=\"article:published_time\" content=\"2012-07-20T08:04:18+00:00\" \/>\n<meta property=\"og:image\" content=\"http:\/\/www.quersaberpolitica.com.br\/2016\/wp-content\/uploads\/2012\/12\/blogqspceliaregina.jpg\" \/>\n<meta name=\"twitter:card\" content=\"summary_large_image\" \/>\n<meta name=\"twitter:label1\" content=\"Est. tempo de leitura\" \/>\n\t<meta name=\"twitter:data1\" content=\"3 minutos\" \/>\n<script type=\"application\/ld+json\" class=\"yoast-schema-graph\">{\"@context\":\"https:\\\/\\\/schema.org\",\"@graph\":[{\"@type\":\"Article\",\"@id\":\"https:\\\/\\\/blogdofarnesio.com.br\\\/?p=15880#article\",\"isPartOf\":{\"@id\":\"https:\\\/\\\/blogdofarnesio.com.br\\\/?p=15880\"},\"author\":{\"name\":\"\",\"@id\":\"\"},\"headline\":\"Inaugurada Remedia\u00e7\u00e3o do Lix\u00e3o de Juazeiro\",\"datePublished\":\"2012-07-20T08:04:18+00:00\",\"mainEntityOfPage\":{\"@id\":\"https:\\\/\\\/blogdofarnesio.com.br\\\/?p=15880\"},\"wordCount\":618,\"commentCount\":0,\"publisher\":{\"@id\":\"https:\\\/\\\/blogdofarnesio.com.br\\\/#organization\"},\"image\":{\"@id\":\"https:\\\/\\\/blogdofarnesio.com.br\\\/?p=15880#primaryimage\"},\"thumbnailUrl\":\"http:\\\/\\\/www.quersaberpolitica.com.br\\\/2016\\\/wp-content\\\/uploads\\\/2012\\\/12\\\/blogqspceliaregina.jpg\",\"inLanguage\":\"pt-BR\",\"potentialAction\":[{\"@type\":\"CommentAction\",\"name\":\"Comment\",\"target\":[\"https:\\\/\\\/blogdofarnesio.com.br\\\/?p=15880#respond\"]}]},{\"@type\":\"WebPage\",\"@id\":\"https:\\\/\\\/blogdofarnesio.com.br\\\/?p=15880\",\"url\":\"https:\\\/\\\/blogdofarnesio.com.br\\\/?p=15880\",\"name\":\"Inaugurada Remedia\u00e7\u00e3o do Lix\u00e3o de Juazeiro - Blog do Farn\u00e9sio\",\"isPartOf\":{\"@id\":\"https:\\\/\\\/blogdofarnesio.com.br\\\/#website\"},\"primaryImageOfPage\":{\"@id\":\"https:\\\/\\\/blogdofarnesio.com.br\\\/?p=15880#primaryimage\"},\"image\":{\"@id\":\"https:\\\/\\\/blogdofarnesio.com.br\\\/?p=15880#primaryimage\"},\"thumbnailUrl\":\"http:\\\/\\\/www.quersaberpolitica.com.br\\\/2016\\\/wp-content\\\/uploads\\\/2012\\\/12\\\/blogqspceliaregina.jpg\",\"datePublished\":\"2012-07-20T08:04:18+00:00\",\"breadcrumb\":{\"@id\":\"https:\\\/\\\/blogdofarnesio.com.br\\\/?p=15880#breadcrumb\"},\"inLanguage\":\"pt-BR\",\"potentialAction\":[{\"@type\":\"ReadAction\",\"target\":[\"https:\\\/\\\/blogdofarnesio.com.br\\\/?p=15880\"]}]},{\"@type\":\"ImageObject\",\"inLanguage\":\"pt-BR\",\"@id\":\"https:\\\/\\\/blogdofarnesio.com.br\\\/?p=15880#primaryimage\",\"url\":\"http:\\\/\\\/www.quersaberpolitica.com.br\\\/2016\\\/wp-content\\\/uploads\\\/2012\\\/12\\\/blogqspceliaregina.jpg\",\"contentUrl\":\"http:\\\/\\\/www.quersaberpolitica.com.br\\\/2016\\\/wp-content\\\/uploads\\\/2012\\\/12\\\/blogqspceliaregina.jpg\"},{\"@type\":\"BreadcrumbList\",\"@id\":\"https:\\\/\\\/blogdofarnesio.com.br\\\/?p=15880#breadcrumb\",\"itemListElement\":[{\"@type\":\"ListItem\",\"position\":1,\"name\":\"In\u00edcio\",\"item\":\"https:\\\/\\\/blogdofarnesio.com.br\\\/\"},{\"@type\":\"ListItem\",\"position\":2,\"name\":\"Inaugurada Remedia\u00e7\u00e3o do Lix\u00e3o de Juazeiro\"}]},{\"@type\":\"WebSite\",\"@id\":\"https:\\\/\\\/blogdofarnesio.com.br\\\/#website\",\"url\":\"https:\\\/\\\/blogdofarnesio.com.br\\\/\",\"name\":\"Blog do Farn\u00e9sio\",\"description\":\"Quer Saber Pol\u00edtica?\",\"publisher\":{\"@id\":\"https:\\\/\\\/blogdofarnesio.com.br\\\/#organization\"},\"potentialAction\":[{\"@type\":\"SearchAction\",\"target\":{\"@type\":\"EntryPoint\",\"urlTemplate\":\"https:\\\/\\\/blogdofarnesio.com.br\\\/?s={search_term_string}\"},\"query-input\":{\"@type\":\"PropertyValueSpecification\",\"valueRequired\":true,\"valueName\":\"search_term_string\"}}],\"inLanguage\":\"pt-BR\"},{\"@type\":\"Organization\",\"@id\":\"https:\\\/\\\/blogdofarnesio.com.br\\\/#organization\",\"name\":\"Blog do Farn\u00e9sio\",\"url\":\"https:\\\/\\\/blogdofarnesio.com.br\\\/\",\"logo\":{\"@type\":\"ImageObject\",\"inLanguage\":\"pt-BR\",\"@id\":\"https:\\\/\\\/blogdofarnesio.com.br\\\/#\\\/schema\\\/logo\\\/image\\\/\",\"url\":\"https:\\\/\\\/blogdofarnesio.com.br\\\/wp-content\\\/uploads\\\/2026\\\/03\\\/cropped-logo_new-1.png\",\"contentUrl\":\"https:\\\/\\\/blogdofarnesio.com.br\\\/wp-content\\\/uploads\\\/2026\\\/03\\\/cropped-logo_new-1.png\",\"width\":881,\"height\":685,\"caption\":\"Blog do Farn\u00e9sio\"},\"image\":{\"@id\":\"https:\\\/\\\/blogdofarnesio.com.br\\\/#\\\/schema\\\/logo\\\/image\\\/\"},\"sameAs\":[\"https:\\\/\\\/www.facebook.com\\\/BlogQuerSaberPolitica\\\/\"]}]}<\/script>\n<!-- \/ Yoast SEO plugin. -->","yoast_head_json":{"title":"Inaugurada Remedia\u00e7\u00e3o do Lix\u00e3o de Juazeiro  - Blog do Farn\u00e9sio","robots":{"index":"index","follow":"follow","max-snippet":"max-snippet:-1","max-image-preview":"max-image-preview:large","max-video-preview":"max-video-preview:-1"},"canonical":"https:\/\/blogdofarnesio.com.br\/?p=15880","og_locale":"pt_BR","og_type":"article","og_title":"Inaugurada Remedia\u00e7\u00e3o do Lix\u00e3o de Juazeiro  - Blog do Farn\u00e9sio","og_description":"&nbsp; &ldquo;Com esta importante obra, nossa cidade ficar&aacute; cada dia mais limpa. Os catadores de materiais recicl&aacute;veis, a popula&ccedil;&atilde;o e o meio ambiente agradecem. Esperamos anos para que este sonho se transformasse em realidade, a Prefeitura e a Codevasf est&atilde;o de parab&eacute;ns&rdquo;, afirmou o representante da Associa&ccedil;&atilde;o de Catadores, Raimundo da Silva durante o ato de inaugura&ccedil;&atilde;o da 1&ordf; Etapa da Remedia&ccedil;&atilde;o do Lix&atilde;o de Juazeiro, nesta quinta-feira (19) O superintendente da Codevasf, Emanoel Lima destacou os benef&iacute;cios desta obra tanto na &aacute;rea social, como na preserva&ccedil;&atilde;o do meio ambiente e no desenvolvimento do turismo na nossa regi&atilde;o. &ldquo;Esta &aacute;rea era uma vergonha. O turismo na nossa regi&atilde;o vem crescendo a cada dia, agora os turistas poder&atilde;o transitar tranquilamente por&hellip;","og_url":"https:\/\/blogdofarnesio.com.br\/?p=15880","og_site_name":"Blog do Farn\u00e9sio","article_publisher":"https:\/\/www.facebook.com\/BlogQuerSaberPolitica\/","article_published_time":"2012-07-20T08:04:18+00:00","og_image":[{"url":"http:\/\/www.quersaberpolitica.com.br\/2016\/wp-content\/uploads\/2012\/12\/blogqspceliaregina.jpg","type":"","width":"","height":""}],"twitter_card":"summary_large_image","twitter_misc":{"Est. tempo de leitura":"3 minutos"},"schema":{"@context":"https:\/\/schema.org","@graph":[{"@type":"Article","@id":"https:\/\/blogdofarnesio.com.br\/?p=15880#article","isPartOf":{"@id":"https:\/\/blogdofarnesio.com.br\/?p=15880"},"author":{"name":"","@id":""},"headline":"Inaugurada Remedia\u00e7\u00e3o do Lix\u00e3o de Juazeiro","datePublished":"2012-07-20T08:04:18+00:00","mainEntityOfPage":{"@id":"https:\/\/blogdofarnesio.com.br\/?p=15880"},"wordCount":618,"commentCount":0,"publisher":{"@id":"https:\/\/blogdofarnesio.com.br\/#organization"},"image":{"@id":"https:\/\/blogdofarnesio.com.br\/?p=15880#primaryimage"},"thumbnailUrl":"http:\/\/www.quersaberpolitica.com.br\/2016\/wp-content\/uploads\/2012\/12\/blogqspceliaregina.jpg","inLanguage":"pt-BR","potentialAction":[{"@type":"CommentAction","name":"Comment","target":["https:\/\/blogdofarnesio.com.br\/?p=15880#respond"]}]},{"@type":"WebPage","@id":"https:\/\/blogdofarnesio.com.br\/?p=15880","url":"https:\/\/blogdofarnesio.com.br\/?p=15880","name":"Inaugurada Remedia\u00e7\u00e3o do Lix\u00e3o de Juazeiro - Blog do Farn\u00e9sio","isPartOf":{"@id":"https:\/\/blogdofarnesio.com.br\/#website"},"primaryImageOfPage":{"@id":"https:\/\/blogdofarnesio.com.br\/?p=15880#primaryimage"},"image":{"@id":"https:\/\/blogdofarnesio.com.br\/?p=15880#primaryimage"},"thumbnailUrl":"http:\/\/www.quersaberpolitica.com.br\/2016\/wp-content\/uploads\/2012\/12\/blogqspceliaregina.jpg","datePublished":"2012-07-20T08:04:18+00:00","breadcrumb":{"@id":"https:\/\/blogdofarnesio.com.br\/?p=15880#breadcrumb"},"inLanguage":"pt-BR","potentialAction":[{"@type":"ReadAction","target":["https:\/\/blogdofarnesio.com.br\/?p=15880"]}]},{"@type":"ImageObject","inLanguage":"pt-BR","@id":"https:\/\/blogdofarnesio.com.br\/?p=15880#primaryimage","url":"http:\/\/www.quersaberpolitica.com.br\/2016\/wp-content\/uploads\/2012\/12\/blogqspceliaregina.jpg","contentUrl":"http:\/\/www.quersaberpolitica.com.br\/2016\/wp-content\/uploads\/2012\/12\/blogqspceliaregina.jpg"},{"@type":"BreadcrumbList","@id":"https:\/\/blogdofarnesio.com.br\/?p=15880#breadcrumb","itemListElement":[{"@type":"ListItem","position":1,"name":"In\u00edcio","item":"https:\/\/blogdofarnesio.com.br\/"},{"@type":"ListItem","position":2,"name":"Inaugurada Remedia\u00e7\u00e3o do Lix\u00e3o de Juazeiro"}]},{"@type":"WebSite","@id":"https:\/\/blogdofarnesio.com.br\/#website","url":"https:\/\/blogdofarnesio.com.br\/","name":"Blog do Farn\u00e9sio","description":"Quer Saber Pol\u00edtica?","publisher":{"@id":"https:\/\/blogdofarnesio.com.br\/#organization"},"potentialAction":[{"@type":"SearchAction","target":{"@type":"EntryPoint","urlTemplate":"https:\/\/blogdofarnesio.com.br\/?s={search_term_string}"},"query-input":{"@type":"PropertyValueSpecification","valueRequired":true,"valueName":"search_term_string"}}],"inLanguage":"pt-BR"},{"@type":"Organization","@id":"https:\/\/blogdofarnesio.com.br\/#organization","name":"Blog do Farn\u00e9sio","url":"https:\/\/blogdofarnesio.com.br\/","logo":{"@type":"ImageObject","inLanguage":"pt-BR","@id":"https:\/\/blogdofarnesio.com.br\/#\/schema\/logo\/image\/","url":"https:\/\/blogdofarnesio.com.br\/wp-content\/uploads\/2026\/03\/cropped-logo_new-1.png","contentUrl":"https:\/\/blogdofarnesio.com.br\/wp-content\/uploads\/2026\/03\/cropped-logo_new-1.png","width":881,"height":685,"caption":"Blog do Farn\u00e9sio"},"image":{"@id":"https:\/\/blogdofarnesio.com.br\/#\/schema\/logo\/image\/"},"sameAs":["https:\/\/www.facebook.com\/BlogQuerSaberPolitica\/"]}]}},"_links":{"self":[{"href":"https:\/\/blogdofarnesio.com.br\/index.php?rest_route=\/wp\/v2\/posts\/15880","targetHints":{"allow":["GET"]}}],"collection":[{"href":"https:\/\/blogdofarnesio.com.br\/index.php?rest_route=\/wp\/v2\/posts"}],"about":[{"href":"https:\/\/blogdofarnesio.com.br\/index.php?rest_route=\/wp\/v2\/types\/post"}],"replies":[{"embeddable":true,"href":"https:\/\/blogdofarnesio.com.br\/index.php?rest_route=%2Fwp%2Fv2%2Fcomments&post=15880"}],"version-history":[{"count":0,"href":"https:\/\/blogdofarnesio.com.br\/index.php?rest_route=\/wp\/v2\/posts\/15880\/revisions"}],"wp:attachment":[{"href":"https:\/\/blogdofarnesio.com.br\/index.php?rest_route=%2Fwp%2Fv2%2Fmedia&parent=15880"}],"wp:term":[{"taxonomy":"category","embeddable":true,"href":"https:\/\/blogdofarnesio.com.br\/index.php?rest_route=%2Fwp%2Fv2%2Fcategories&post=15880"},{"taxonomy":"post_tag","embeddable":true,"href":"https:\/\/blogdofarnesio.com.br\/index.php?rest_route=%2Fwp%2Fv2%2Ftags&post=15880"}],"curies":[{"name":"wp","href":"https:\/\/api.w.org\/{rel}","templated":true}]}}