{"id":158723,"date":"2017-02-13T11:04:44","date_gmt":"2017-02-13T14:04:44","guid":{"rendered":"http:\/\/quersaberpolitica.com.br\/2016\/?p=158723"},"modified":"2017-02-12T21:21:44","modified_gmt":"2017-02-13T00:21:44","slug":"o-avanco-dos-extremistas","status":"publish","type":"post","link":"https:\/\/blogdofarnesio.com.br\/?p=158723","title":{"rendered":"&#8216;O AVAN\u00c7O DOS EXTREMISTAS&#8217;"},"content":{"rendered":"<div class=\"news_heading\"><\/div>\n<p><span class=\"bluelight\">Por:<\/span> <a class=\"yellowlight\" href=\"mailto:edviver.pe@dpnet.com.br\">Diario de Pernambuco<\/a><\/p>\n<div class=\"news_body\">\n<div class=\"font_change\">\n<div id=\"abanoticia\">\n<div>A Fran\u00e7a vive a sua mais imprevis\u00edvel elei\u00e7\u00e3o presidencial e o que est\u00e1 acontecendo l\u00e1 tornou-se foco da aten\u00e7\u00e3o mundial. Pesquisa divulgada ontem pelo instituto Ifop mostra a candidata da extrema-direita, Marine Le Pen, em primeiro lugar, com 26% dos votos. Algo inimagin\u00e1vel d\u00e9cadas atr\u00e1s, atualmente j\u00e1 n\u00e3o \u00e9 mais: a Fran\u00e7a ser governada por um presidente de extrema-direita. A aten\u00e7\u00e3o que o pleito franc\u00eas desperta \u00e9 motivada tamb\u00e9m pelo que aconteceu em 2016, quando, na Europa, a Inglaterra abandonou a Uni\u00e3o Europeia e, na Am\u00e9rica do Norte, o controvertido megaempres\u00e1rio Donald Trump elegeu-se presidente dos Estados Unidos.<\/div>\n<div><\/div>\n<div>O caso da Fran\u00e7a tem algumas singularidades que passam despercebidas no notici\u00e1rio tradicional. L\u00e1 o presidente socialista Francois Hollande est\u00e1 t\u00e3o desgastado que sequer concorrer\u00e1 \u00e0 reelei\u00e7\u00e3o. O seu partido ter\u00e1 outro candidato, Beno\u00eet Hamon. Em todas as pesquisas realizadas at\u00e9 agora, a esquerda aparece distante das primeiras coloca\u00e7\u00f5es.<\/div>\n<div><\/div>\n<div>O segundo colocado nas sondagens \u00e9 um candidato que afirma \u201cn\u00e3o ser de direita nem de esquerda\u201d, Emmanuel Macron, que em agosto do ano passado deixou o governo de Hollande, do qual foi ministro da Economia. \u201cO nosso sistema pol\u00edtico est\u00e1 bloqueado\u201d, diz ele, em um discurso que parece de candidato no Brasil, \u201ce os aparelhos pol\u00edticos e as l\u00f3gicas politiqueiras paralisam a capacidade de avan\u00e7ar\u201d. \u00a0A imprensa francesa o define como centrista.<\/div>\n<div><\/div>\n<div>Em terceiro lugar est\u00e1 o candidato da direita cl\u00e1ssica francesa, Fran\u00e7ois Fillon, que era o favorito para a disputa, mas viu sua candidatura derreter ap\u00f3s den\u00fancia de que quando era deputado deu empregos p\u00fablicos \u00e0 mulher e filhos, que teriam recebido sal\u00e1rios sem trabalhar. Fillon surge com 18,5% das inten\u00e7\u00f5es de voto.<\/div>\n<div><\/div>\n<div>A elei\u00e7\u00e3o francesa \u00e9 como a brasileira: tem dois turnos. O primeiro acontece em 23 de abril pr\u00f3ximo; o segundo, em 7 de maio. Este modelo, segundo analistas internacionais, \u00e9 o principal obst\u00e1culo \u00e0 vit\u00f3ria de Marine Le Pen. Apesar da for\u00e7a de sua candidatura, seu perfil radical a impede de conquistar a hegemonia da sociedade francesa. Em um eventual segundo turno, teria mais advers\u00e1rios contra ela do que a favor. A mesma pesquisa Ifop aponta que, se o segundo turno fosse hoje, ela estaria em desvantagem perante Macron, que aparece com 64% das inten\u00e7\u00f5es de voto, contra 36%.<\/div>\n<div><\/div>\n<div>Independentemente do que aconte\u00e7a, o panorama eleitoral na Fran\u00e7a \u00e9 mais um indicativo do preocupante avan\u00e7o de for\u00e7as extremistas no mundo.<\/div>\n<\/div>\n<\/div>\n<\/div>\n","protected":false},"excerpt":{"rendered":"<p>Por: Diario de Pernambuco A Fran\u00e7a vive a sua mais imprevis\u00edvel elei\u00e7\u00e3o presidencial e o que est\u00e1 acontecendo l\u00e1 tornou-se foco da aten\u00e7\u00e3o mundial. Pesquisa divulgada ontem pelo instituto Ifop mostra a candidata da extrema-direita, Marine Le Pen, em primeiro lugar, com 26% dos votos. Algo inimagin\u00e1vel d\u00e9cadas atr\u00e1s, atualmente j\u00e1 n\u00e3o \u00e9 mais: a Fran\u00e7a ser governada por um presidente de extrema-direita. A aten\u00e7\u00e3o que o pleito franc\u00eas desperta \u00e9 motivada tamb\u00e9m pelo que aconteceu em 2016, quando, na Europa, a Inglaterra abandonou a Uni\u00e3o Europeia e, na Am\u00e9rica do Norte, o controvertido megaempres\u00e1rio Donald Trump elegeu-se presidente dos Estados Unidos. O caso da Fran\u00e7a tem algumas singularidades que passam despercebidas no notici\u00e1rio tradicional. L\u00e1 o presidente socialista Francois&hellip; <\/p>\n","protected":false},"author":1,"featured_media":155983,"comment_status":"open","ping_status":"open","sticky":false,"template":"","format":"standard","meta":{"_acf_changed":false,"footnotes":""},"categories":[30],"tags":[],"class_list":["post-158723","post","type-post","status-publish","format-standard","has-post-thumbnail","hentry","category-artigo"],"acf":[],"yoast_head":"<!-- This site is optimized with the Yoast SEO plugin v27.4 - https:\/\/yoast.com\/product\/yoast-seo-wordpress\/ -->\n<title>&#039;O AVAN\u00c7O DOS EXTREMISTAS&#039; - Blog do Farn\u00e9sio<\/title>\n<meta name=\"robots\" content=\"index, follow, max-snippet:-1, max-image-preview:large, max-video-preview:-1\" \/>\n<link rel=\"canonical\" href=\"https:\/\/blogdofarnesio.com.br\/?p=158723\" \/>\n<meta property=\"og:locale\" content=\"pt_BR\" \/>\n<meta property=\"og:type\" content=\"article\" \/>\n<meta property=\"og:title\" content=\"&#039;O AVAN\u00c7O DOS EXTREMISTAS&#039; - Blog do Farn\u00e9sio\" \/>\n<meta property=\"og:description\" content=\"Por: Diario de Pernambuco A Fran\u00e7a vive a sua mais imprevis\u00edvel elei\u00e7\u00e3o presidencial e o que est\u00e1 acontecendo l\u00e1 tornou-se foco da aten\u00e7\u00e3o mundial. Pesquisa divulgada ontem pelo instituto Ifop mostra a candidata da extrema-direita, Marine Le Pen, em primeiro lugar, com 26% dos votos. Algo inimagin\u00e1vel d\u00e9cadas atr\u00e1s, atualmente j\u00e1 n\u00e3o \u00e9 mais: a Fran\u00e7a ser governada por um presidente de extrema-direita. A aten\u00e7\u00e3o que o pleito franc\u00eas desperta \u00e9 motivada tamb\u00e9m pelo que aconteceu em 2016, quando, na Europa, a Inglaterra abandonou a Uni\u00e3o Europeia e, na Am\u00e9rica do Norte, o controvertido megaempres\u00e1rio Donald Trump elegeu-se presidente dos Estados Unidos. O caso da Fran\u00e7a tem algumas singularidades que passam despercebidas no notici\u00e1rio tradicional. L\u00e1 o presidente socialista Francois&hellip;\" \/>\n<meta property=\"og:url\" content=\"https:\/\/blogdofarnesio.com.br\/?p=158723\" \/>\n<meta property=\"og:site_name\" content=\"Blog do Farn\u00e9sio\" \/>\n<meta property=\"article:publisher\" content=\"https:\/\/www.facebook.com\/BlogQuerSaberPolitica\/\" \/>\n<meta property=\"article:published_time\" content=\"2017-02-13T14:04:44+00:00\" \/>\n<meta property=\"og:image\" content=\"https:\/\/blogdofarnesio.com.br\/wp-content\/uploads\/2017\/02\/blogqspeditorial.jpg\" \/>\n\t<meta property=\"og:image:width\" content=\"620\" \/>\n\t<meta property=\"og:image:height\" content=\"300\" \/>\n\t<meta property=\"og:image:type\" content=\"image\/jpeg\" \/>\n<meta name=\"author\" content=\"Farn\u00e9sio\" \/>\n<meta name=\"twitter:card\" content=\"summary_large_image\" \/>\n<meta name=\"twitter:label1\" content=\"Escrito por\" \/>\n\t<meta name=\"twitter:data1\" content=\"Farn\u00e9sio\" \/>\n\t<meta name=\"twitter:label2\" content=\"Est. tempo de leitura\" \/>\n\t<meta name=\"twitter:data2\" content=\"2 minutos\" \/>\n<script type=\"application\/ld+json\" class=\"yoast-schema-graph\">{\"@context\":\"https:\\\/\\\/schema.org\",\"@graph\":[{\"@type\":\"Article\",\"@id\":\"https:\\\/\\\/blogdofarnesio.com.br\\\/?p=158723#article\",\"isPartOf\":{\"@id\":\"https:\\\/\\\/blogdofarnesio.com.br\\\/?p=158723\"},\"author\":{\"name\":\"Farn\u00e9sio\",\"@id\":\"https:\\\/\\\/blogdofarnesio.com.br\\\/#\\\/schema\\\/person\\\/301c4acf522bccbfdb45af95b5b906a1\"},\"headline\":\"&#8216;O AVAN\u00c7O DOS EXTREMISTAS&#8217;\",\"datePublished\":\"2017-02-13T14:04:44+00:00\",\"mainEntityOfPage\":{\"@id\":\"https:\\\/\\\/blogdofarnesio.com.br\\\/?p=158723\"},\"wordCount\":429,\"commentCount\":0,\"publisher\":{\"@id\":\"https:\\\/\\\/blogdofarnesio.com.br\\\/#organization\"},\"image\":{\"@id\":\"https:\\\/\\\/blogdofarnesio.com.br\\\/?p=158723#primaryimage\"},\"thumbnailUrl\":\"https:\\\/\\\/blogdofarnesio.com.br\\\/wp-content\\\/uploads\\\/2017\\\/02\\\/blogqspeditorial.jpg\",\"articleSection\":[\"Artigo\"],\"inLanguage\":\"pt-BR\",\"potentialAction\":[{\"@type\":\"CommentAction\",\"name\":\"Comment\",\"target\":[\"https:\\\/\\\/blogdofarnesio.com.br\\\/?p=158723#respond\"]}]},{\"@type\":\"WebPage\",\"@id\":\"https:\\\/\\\/blogdofarnesio.com.br\\\/?p=158723\",\"url\":\"https:\\\/\\\/blogdofarnesio.com.br\\\/?p=158723\",\"name\":\"'O AVAN\u00c7O DOS EXTREMISTAS' - Blog do Farn\u00e9sio\",\"isPartOf\":{\"@id\":\"https:\\\/\\\/blogdofarnesio.com.br\\\/#website\"},\"primaryImageOfPage\":{\"@id\":\"https:\\\/\\\/blogdofarnesio.com.br\\\/?p=158723#primaryimage\"},\"image\":{\"@id\":\"https:\\\/\\\/blogdofarnesio.com.br\\\/?p=158723#primaryimage\"},\"thumbnailUrl\":\"https:\\\/\\\/blogdofarnesio.com.br\\\/wp-content\\\/uploads\\\/2017\\\/02\\\/blogqspeditorial.jpg\",\"datePublished\":\"2017-02-13T14:04:44+00:00\",\"breadcrumb\":{\"@id\":\"https:\\\/\\\/blogdofarnesio.com.br\\\/?p=158723#breadcrumb\"},\"inLanguage\":\"pt-BR\",\"potentialAction\":[{\"@type\":\"ReadAction\",\"target\":[\"https:\\\/\\\/blogdofarnesio.com.br\\\/?p=158723\"]}]},{\"@type\":\"ImageObject\",\"inLanguage\":\"pt-BR\",\"@id\":\"https:\\\/\\\/blogdofarnesio.com.br\\\/?p=158723#primaryimage\",\"url\":\"https:\\\/\\\/blogdofarnesio.com.br\\\/wp-content\\\/uploads\\\/2017\\\/02\\\/blogqspeditorial.jpg\",\"contentUrl\":\"https:\\\/\\\/blogdofarnesio.com.br\\\/wp-content\\\/uploads\\\/2017\\\/02\\\/blogqspeditorial.jpg\",\"width\":620,\"height\":300},{\"@type\":\"BreadcrumbList\",\"@id\":\"https:\\\/\\\/blogdofarnesio.com.br\\\/?p=158723#breadcrumb\",\"itemListElement\":[{\"@type\":\"ListItem\",\"position\":1,\"name\":\"In\u00edcio\",\"item\":\"https:\\\/\\\/blogdofarnesio.com.br\\\/\"},{\"@type\":\"ListItem\",\"position\":2,\"name\":\"&#8216;O AVAN\u00c7O DOS EXTREMISTAS&#8217;\"}]},{\"@type\":\"WebSite\",\"@id\":\"https:\\\/\\\/blogdofarnesio.com.br\\\/#website\",\"url\":\"https:\\\/\\\/blogdofarnesio.com.br\\\/\",\"name\":\"Blog do Farn\u00e9sio\",\"description\":\"Quer Saber Pol\u00edtica?\",\"publisher\":{\"@id\":\"https:\\\/\\\/blogdofarnesio.com.br\\\/#organization\"},\"potentialAction\":[{\"@type\":\"SearchAction\",\"target\":{\"@type\":\"EntryPoint\",\"urlTemplate\":\"https:\\\/\\\/blogdofarnesio.com.br\\\/?s={search_term_string}\"},\"query-input\":{\"@type\":\"PropertyValueSpecification\",\"valueRequired\":true,\"valueName\":\"search_term_string\"}}],\"inLanguage\":\"pt-BR\"},{\"@type\":\"Organization\",\"@id\":\"https:\\\/\\\/blogdofarnesio.com.br\\\/#organization\",\"name\":\"Blog do Farn\u00e9sio\",\"url\":\"https:\\\/\\\/blogdofarnesio.com.br\\\/\",\"logo\":{\"@type\":\"ImageObject\",\"inLanguage\":\"pt-BR\",\"@id\":\"https:\\\/\\\/blogdofarnesio.com.br\\\/#\\\/schema\\\/logo\\\/image\\\/\",\"url\":\"https:\\\/\\\/blogdofarnesio.com.br\\\/wp-content\\\/uploads\\\/2026\\\/03\\\/cropped-logo_new-1.png\",\"contentUrl\":\"https:\\\/\\\/blogdofarnesio.com.br\\\/wp-content\\\/uploads\\\/2026\\\/03\\\/cropped-logo_new-1.png\",\"width\":881,\"height\":685,\"caption\":\"Blog do Farn\u00e9sio\"},\"image\":{\"@id\":\"https:\\\/\\\/blogdofarnesio.com.br\\\/#\\\/schema\\\/logo\\\/image\\\/\"},\"sameAs\":[\"https:\\\/\\\/www.facebook.com\\\/BlogQuerSaberPolitica\\\/\"]},{\"@type\":\"Person\",\"@id\":\"https:\\\/\\\/blogdofarnesio.com.br\\\/#\\\/schema\\\/person\\\/301c4acf522bccbfdb45af95b5b906a1\",\"name\":\"Farn\u00e9sio\",\"image\":{\"@type\":\"ImageObject\",\"inLanguage\":\"pt-BR\",\"@id\":\"https:\\\/\\\/secure.gravatar.com\\\/avatar\\\/df0c9a14567c056f8ad6876ba5bbd1e3e2c48023eb6807342fc4663adf549f38?s=96&d=mm&r=g\",\"url\":\"https:\\\/\\\/secure.gravatar.com\\\/avatar\\\/df0c9a14567c056f8ad6876ba5bbd1e3e2c48023eb6807342fc4663adf549f38?s=96&d=mm&r=g\",\"contentUrl\":\"https:\\\/\\\/secure.gravatar.com\\\/avatar\\\/df0c9a14567c056f8ad6876ba5bbd1e3e2c48023eb6807342fc4663adf549f38?s=96&d=mm&r=g\",\"caption\":\"Farn\u00e9sio\"},\"sameAs\":[\"https:\\\/\\\/quersaberpolitica.com.br\"],\"url\":\"https:\\\/\\\/blogdofarnesio.com.br\\\/?author=1\"}]}<\/script>\n<!-- \/ Yoast SEO plugin. -->","yoast_head_json":{"title":"'O AVAN\u00c7O DOS EXTREMISTAS' - Blog do Farn\u00e9sio","robots":{"index":"index","follow":"follow","max-snippet":"max-snippet:-1","max-image-preview":"max-image-preview:large","max-video-preview":"max-video-preview:-1"},"canonical":"https:\/\/blogdofarnesio.com.br\/?p=158723","og_locale":"pt_BR","og_type":"article","og_title":"'O AVAN\u00c7O DOS EXTREMISTAS' - Blog do Farn\u00e9sio","og_description":"Por: Diario de Pernambuco A Fran\u00e7a vive a sua mais imprevis\u00edvel elei\u00e7\u00e3o presidencial e o que est\u00e1 acontecendo l\u00e1 tornou-se foco da aten\u00e7\u00e3o mundial. Pesquisa divulgada ontem pelo instituto Ifop mostra a candidata da extrema-direita, Marine Le Pen, em primeiro lugar, com 26% dos votos. Algo inimagin\u00e1vel d\u00e9cadas atr\u00e1s, atualmente j\u00e1 n\u00e3o \u00e9 mais: a Fran\u00e7a ser governada por um presidente de extrema-direita. A aten\u00e7\u00e3o que o pleito franc\u00eas desperta \u00e9 motivada tamb\u00e9m pelo que aconteceu em 2016, quando, na Europa, a Inglaterra abandonou a Uni\u00e3o Europeia e, na Am\u00e9rica do Norte, o controvertido megaempres\u00e1rio Donald Trump elegeu-se presidente dos Estados Unidos. O caso da Fran\u00e7a tem algumas singularidades que passam despercebidas no notici\u00e1rio tradicional. L\u00e1 o presidente socialista Francois&hellip;","og_url":"https:\/\/blogdofarnesio.com.br\/?p=158723","og_site_name":"Blog do Farn\u00e9sio","article_publisher":"https:\/\/www.facebook.com\/BlogQuerSaberPolitica\/","article_published_time":"2017-02-13T14:04:44+00:00","og_image":[{"width":620,"height":300,"url":"https:\/\/blogdofarnesio.com.br\/wp-content\/uploads\/2017\/02\/blogqspeditorial.jpg","type":"image\/jpeg"}],"author":"Farn\u00e9sio","twitter_card":"summary_large_image","twitter_misc":{"Escrito por":"Farn\u00e9sio","Est. tempo de leitura":"2 minutos"},"schema":{"@context":"https:\/\/schema.org","@graph":[{"@type":"Article","@id":"https:\/\/blogdofarnesio.com.br\/?p=158723#article","isPartOf":{"@id":"https:\/\/blogdofarnesio.com.br\/?p=158723"},"author":{"name":"Farn\u00e9sio","@id":"https:\/\/blogdofarnesio.com.br\/#\/schema\/person\/301c4acf522bccbfdb45af95b5b906a1"},"headline":"&#8216;O AVAN\u00c7O DOS EXTREMISTAS&#8217;","datePublished":"2017-02-13T14:04:44+00:00","mainEntityOfPage":{"@id":"https:\/\/blogdofarnesio.com.br\/?p=158723"},"wordCount":429,"commentCount":0,"publisher":{"@id":"https:\/\/blogdofarnesio.com.br\/#organization"},"image":{"@id":"https:\/\/blogdofarnesio.com.br\/?p=158723#primaryimage"},"thumbnailUrl":"https:\/\/blogdofarnesio.com.br\/wp-content\/uploads\/2017\/02\/blogqspeditorial.jpg","articleSection":["Artigo"],"inLanguage":"pt-BR","potentialAction":[{"@type":"CommentAction","name":"Comment","target":["https:\/\/blogdofarnesio.com.br\/?p=158723#respond"]}]},{"@type":"WebPage","@id":"https:\/\/blogdofarnesio.com.br\/?p=158723","url":"https:\/\/blogdofarnesio.com.br\/?p=158723","name":"'O AVAN\u00c7O DOS EXTREMISTAS' - Blog do Farn\u00e9sio","isPartOf":{"@id":"https:\/\/blogdofarnesio.com.br\/#website"},"primaryImageOfPage":{"@id":"https:\/\/blogdofarnesio.com.br\/?p=158723#primaryimage"},"image":{"@id":"https:\/\/blogdofarnesio.com.br\/?p=158723#primaryimage"},"thumbnailUrl":"https:\/\/blogdofarnesio.com.br\/wp-content\/uploads\/2017\/02\/blogqspeditorial.jpg","datePublished":"2017-02-13T14:04:44+00:00","breadcrumb":{"@id":"https:\/\/blogdofarnesio.com.br\/?p=158723#breadcrumb"},"inLanguage":"pt-BR","potentialAction":[{"@type":"ReadAction","target":["https:\/\/blogdofarnesio.com.br\/?p=158723"]}]},{"@type":"ImageObject","inLanguage":"pt-BR","@id":"https:\/\/blogdofarnesio.com.br\/?p=158723#primaryimage","url":"https:\/\/blogdofarnesio.com.br\/wp-content\/uploads\/2017\/02\/blogqspeditorial.jpg","contentUrl":"https:\/\/blogdofarnesio.com.br\/wp-content\/uploads\/2017\/02\/blogqspeditorial.jpg","width":620,"height":300},{"@type":"BreadcrumbList","@id":"https:\/\/blogdofarnesio.com.br\/?p=158723#breadcrumb","itemListElement":[{"@type":"ListItem","position":1,"name":"In\u00edcio","item":"https:\/\/blogdofarnesio.com.br\/"},{"@type":"ListItem","position":2,"name":"&#8216;O AVAN\u00c7O DOS EXTREMISTAS&#8217;"}]},{"@type":"WebSite","@id":"https:\/\/blogdofarnesio.com.br\/#website","url":"https:\/\/blogdofarnesio.com.br\/","name":"Blog do Farn\u00e9sio","description":"Quer Saber Pol\u00edtica?","publisher":{"@id":"https:\/\/blogdofarnesio.com.br\/#organization"},"potentialAction":[{"@type":"SearchAction","target":{"@type":"EntryPoint","urlTemplate":"https:\/\/blogdofarnesio.com.br\/?s={search_term_string}"},"query-input":{"@type":"PropertyValueSpecification","valueRequired":true,"valueName":"search_term_string"}}],"inLanguage":"pt-BR"},{"@type":"Organization","@id":"https:\/\/blogdofarnesio.com.br\/#organization","name":"Blog do Farn\u00e9sio","url":"https:\/\/blogdofarnesio.com.br\/","logo":{"@type":"ImageObject","inLanguage":"pt-BR","@id":"https:\/\/blogdofarnesio.com.br\/#\/schema\/logo\/image\/","url":"https:\/\/blogdofarnesio.com.br\/wp-content\/uploads\/2026\/03\/cropped-logo_new-1.png","contentUrl":"https:\/\/blogdofarnesio.com.br\/wp-content\/uploads\/2026\/03\/cropped-logo_new-1.png","width":881,"height":685,"caption":"Blog do Farn\u00e9sio"},"image":{"@id":"https:\/\/blogdofarnesio.com.br\/#\/schema\/logo\/image\/"},"sameAs":["https:\/\/www.facebook.com\/BlogQuerSaberPolitica\/"]},{"@type":"Person","@id":"https:\/\/blogdofarnesio.com.br\/#\/schema\/person\/301c4acf522bccbfdb45af95b5b906a1","name":"Farn\u00e9sio","image":{"@type":"ImageObject","inLanguage":"pt-BR","@id":"https:\/\/secure.gravatar.com\/avatar\/df0c9a14567c056f8ad6876ba5bbd1e3e2c48023eb6807342fc4663adf549f38?s=96&d=mm&r=g","url":"https:\/\/secure.gravatar.com\/avatar\/df0c9a14567c056f8ad6876ba5bbd1e3e2c48023eb6807342fc4663adf549f38?s=96&d=mm&r=g","contentUrl":"https:\/\/secure.gravatar.com\/avatar\/df0c9a14567c056f8ad6876ba5bbd1e3e2c48023eb6807342fc4663adf549f38?s=96&d=mm&r=g","caption":"Farn\u00e9sio"},"sameAs":["https:\/\/quersaberpolitica.com.br"],"url":"https:\/\/blogdofarnesio.com.br\/?author=1"}]}},"_links":{"self":[{"href":"https:\/\/blogdofarnesio.com.br\/index.php?rest_route=\/wp\/v2\/posts\/158723","targetHints":{"allow":["GET"]}}],"collection":[{"href":"https:\/\/blogdofarnesio.com.br\/index.php?rest_route=\/wp\/v2\/posts"}],"about":[{"href":"https:\/\/blogdofarnesio.com.br\/index.php?rest_route=\/wp\/v2\/types\/post"}],"author":[{"embeddable":true,"href":"https:\/\/blogdofarnesio.com.br\/index.php?rest_route=\/wp\/v2\/users\/1"}],"replies":[{"embeddable":true,"href":"https:\/\/blogdofarnesio.com.br\/index.php?rest_route=%2Fwp%2Fv2%2Fcomments&post=158723"}],"version-history":[{"count":0,"href":"https:\/\/blogdofarnesio.com.br\/index.php?rest_route=\/wp\/v2\/posts\/158723\/revisions"}],"wp:featuredmedia":[{"embeddable":true,"href":"https:\/\/blogdofarnesio.com.br\/index.php?rest_route=\/wp\/v2\/media\/155983"}],"wp:attachment":[{"href":"https:\/\/blogdofarnesio.com.br\/index.php?rest_route=%2Fwp%2Fv2%2Fmedia&parent=158723"}],"wp:term":[{"taxonomy":"category","embeddable":true,"href":"https:\/\/blogdofarnesio.com.br\/index.php?rest_route=%2Fwp%2Fv2%2Fcategories&post=158723"},{"taxonomy":"post_tag","embeddable":true,"href":"https:\/\/blogdofarnesio.com.br\/index.php?rest_route=%2Fwp%2Fv2%2Ftags&post=158723"}],"curies":[{"name":"wp","href":"https:\/\/api.w.org\/{rel}","templated":true}]}}