{"id":158718,"date":"2017-02-08T17:00:08","date_gmt":"2017-02-08T20:00:08","guid":{"rendered":"http:\/\/quersaberpolitica.com.br\/2016\/?p=158718"},"modified":"2017-02-08T15:08:01","modified_gmt":"2017-02-08T18:08:01","slug":"cunha-da-um-no-em-moro-e-diz-que-temer-coordenava-nomeacoes-na-petrobras","status":"publish","type":"post","link":"https:\/\/blogdofarnesio.com.br\/?p=158718","title":{"rendered":"CUNHA D\u00c1 UM N\u00d3 EM MORO. E DIZ QUE TEMER COORDENAVA NOMEA\u00c7\u00d5ES NA PETROBRAS"},"content":{"rendered":"<p><a href=\"http:\/\/www.tijolaco.com.br\/blog\/cunha-da-um-no-em-moro-o-despreparo-e-gritante-tudo-se-move-delacao\/\" target=\"_blank\"><strong>Por Fernando Brito, editor do Tijola\u00e7o<\/strong><\/a><\/p>\n<p>Sei que \u00e9 um sacrif\u00edcio acima e al\u00e9m do dever c\u00edvico, mas tive a pachorra de assistir o depoimento de Eduardo Cunha a S\u00e9rgio Moro, de quase tr\u00eas horas. (aqui, no Estad\u00e3o)<\/p>\n<p>E no final do post coloco o trecho que reputo mais importante, onde ele responsabiliza diretamente Michel Temer pela aprova\u00e7\u00e3o dos diretores da Petrobras que seriam os operadores do PMDB na empresa.<\/p>\n<p>Antes, descrevo a impress\u00e3o que me ficou do show de hipocrisia.<\/p>\n<p>Impressionante como, apesar do asco que a figura do ex-presidente da C\u00e2mara, ele se expressa com muito mais seguran\u00e7a que seu inquisidor, S\u00e9rgio Moro, que fica, praticamente, naquilo que est\u00e1 noticiado na m\u00eddia.<\/p>\n<p>A hist\u00f3ria dos trustees n\u00e3o avan\u00e7ou um mil\u00edmetro, exceto pelo fato de que n\u00e3o est\u00e1 ali o grosso das vantagens e do ervan\u00e1rio de Cunha.<\/p>\n<p>Moro se baseava, volta e meia, em entrevistas dadas \u00e0 imprensa, que Cunha rebarbava, com toda a raz\u00e3o jur\u00eddica, dizendo que estava ali para discutir depoimentos e n\u00e3o not\u00edcias que possam ter sido veiculadas apenas em parte.<\/p>\n<p>Em momento algum Cunha foi colocado diante de evid\u00eancias irrespond\u00edveis.<\/p>\n<p>O Minist\u00e9rio P\u00fablico, que estranhamente n\u00e3o escala as \u201cestrelas\u201d da For\u00e7a Tarefa para estes interrogat\u00f3rios, mas apenas para as apresenta\u00e7\u00f5es de powerpoint sobre Lula, estava representado por um procurador an\u00f4nimo.<\/p>\n<p>Nem mesmo a evidente contradi\u00e7\u00e3o entre a alega\u00e7\u00e3o de Cunha de que n\u00e3o administrava nem podia fazer movimenta\u00e7\u00e3o dos trustees e um deles pagar as contas do cart\u00e3o de cr\u00e9dito o Dr. Moro teve capacidade de expor e cobrar explica\u00e7\u00e3o do r\u00e9u.<\/p>\n<p>O mais importante nem sequer mereceu perguntas ou aprofundamento: Cunha disse que Michel Temer foi o grande \u00e1rbitro da nomea\u00e7\u00e3o de diretores da Petrobras.<\/p>\n<p>\u00c9, no m\u00ednimo, estranho que numa instru\u00e7\u00e3o criminal isso n\u00e3o chame a aten\u00e7\u00e3o, nem do juiz, nem da imprensa.<\/p>\n<p>A impress\u00e3o que fica, mesmo com todo o nojo que se possa ter de uma figura como Eduardo Cunha, \u00e9 que n\u00e3o h\u00e1 a menor preocupa\u00e7\u00e3o de apurar a verdade, mas a de fazer apenas o papel de moralizador.<\/p>\n<p>E, acima de tudo, como mesmo ainda n\u00e3o descendo aos fatos mais crus, Cunha faz quest\u00e3o de mostrar que Temer est\u00e1 em suas m\u00e3os, embora a m\u00eddia n\u00e3o o queira ver.<\/p>\n","protected":false},"excerpt":{"rendered":"<p>Por Fernando Brito, editor do Tijola\u00e7o Sei que \u00e9 um sacrif\u00edcio acima e al\u00e9m do dever c\u00edvico, mas tive a pachorra de assistir o depoimento de Eduardo Cunha a S\u00e9rgio Moro, de quase tr\u00eas horas. (aqui, no Estad\u00e3o) E no final do post coloco o trecho que reputo mais importante, onde ele responsabiliza diretamente Michel Temer pela aprova\u00e7\u00e3o dos diretores da Petrobras que seriam os operadores do PMDB na empresa. Antes, descrevo a impress\u00e3o que me ficou do show de hipocrisia. Impressionante como, apesar do asco que a figura do ex-presidente da C\u00e2mara, ele se expressa com muito mais seguran\u00e7a que seu inquisidor, S\u00e9rgio Moro, que fica, praticamente, naquilo que est\u00e1 noticiado na m\u00eddia. A hist\u00f3ria dos trustees n\u00e3o avan\u00e7ou&hellip; <\/p>\n","protected":false},"author":1,"featured_media":155855,"comment_status":"open","ping_status":"open","sticky":false,"template":"","format":"standard","meta":{"_acf_changed":false,"footnotes":""},"categories":[30],"tags":[],"class_list":["post-158718","post","type-post","status-publish","format-standard","has-post-thumbnail","hentry","category-artigo"],"acf":[],"yoast_head":"<!-- This site is optimized with the Yoast SEO plugin v27.4 - https:\/\/yoast.com\/product\/yoast-seo-wordpress\/ -->\n<title>CUNHA D\u00c1 UM N\u00d3 EM MORO. E DIZ QUE TEMER COORDENAVA NOMEA\u00c7\u00d5ES NA PETROBRAS - Blog do Farn\u00e9sio<\/title>\n<meta name=\"robots\" content=\"index, follow, max-snippet:-1, max-image-preview:large, max-video-preview:-1\" \/>\n<link rel=\"canonical\" href=\"https:\/\/blogdofarnesio.com.br\/?p=158718\" \/>\n<meta property=\"og:locale\" content=\"pt_BR\" \/>\n<meta property=\"og:type\" content=\"article\" \/>\n<meta property=\"og:title\" content=\"CUNHA D\u00c1 UM N\u00d3 EM MORO. E DIZ QUE TEMER COORDENAVA NOMEA\u00c7\u00d5ES NA PETROBRAS - Blog do Farn\u00e9sio\" \/>\n<meta property=\"og:description\" content=\"Por Fernando Brito, editor do Tijola\u00e7o Sei que \u00e9 um sacrif\u00edcio acima e al\u00e9m do dever c\u00edvico, mas tive a pachorra de assistir o depoimento de Eduardo Cunha a S\u00e9rgio Moro, de quase tr\u00eas horas. (aqui, no Estad\u00e3o) E no final do post coloco o trecho que reputo mais importante, onde ele responsabiliza diretamente Michel Temer pela aprova\u00e7\u00e3o dos diretores da Petrobras que seriam os operadores do PMDB na empresa. Antes, descrevo a impress\u00e3o que me ficou do show de hipocrisia. Impressionante como, apesar do asco que a figura do ex-presidente da C\u00e2mara, ele se expressa com muito mais seguran\u00e7a que seu inquisidor, S\u00e9rgio Moro, que fica, praticamente, naquilo que est\u00e1 noticiado na m\u00eddia. A hist\u00f3ria dos trustees n\u00e3o avan\u00e7ou&hellip;\" \/>\n<meta property=\"og:url\" content=\"https:\/\/blogdofarnesio.com.br\/?p=158718\" \/>\n<meta property=\"og:site_name\" content=\"Blog do Farn\u00e9sio\" \/>\n<meta property=\"article:publisher\" content=\"https:\/\/www.facebook.com\/BlogQuerSaberPolitica\/\" \/>\n<meta property=\"article:published_time\" content=\"2017-02-08T20:00:08+00:00\" \/>\n<meta property=\"og:image\" content=\"https:\/\/blogdofarnesio.com.br\/wp-content\/uploads\/2017\/02\/blogqspdedodurofoiele.jpg\" \/>\n\t<meta property=\"og:image:width\" content=\"320\" \/>\n\t<meta property=\"og:image:height\" content=\"214\" \/>\n\t<meta property=\"og:image:type\" content=\"image\/jpeg\" \/>\n<meta name=\"author\" content=\"Farn\u00e9sio\" \/>\n<meta name=\"twitter:card\" content=\"summary_large_image\" \/>\n<meta name=\"twitter:label1\" content=\"Escrito por\" \/>\n\t<meta name=\"twitter:data1\" content=\"Farn\u00e9sio\" \/>\n\t<meta name=\"twitter:label2\" content=\"Est. tempo de leitura\" \/>\n\t<meta name=\"twitter:data2\" content=\"2 minutos\" \/>\n<script type=\"application\/ld+json\" class=\"yoast-schema-graph\">{\"@context\":\"https:\\\/\\\/schema.org\",\"@graph\":[{\"@type\":\"Article\",\"@id\":\"https:\\\/\\\/blogdofarnesio.com.br\\\/?p=158718#article\",\"isPartOf\":{\"@id\":\"https:\\\/\\\/blogdofarnesio.com.br\\\/?p=158718\"},\"author\":{\"name\":\"Farn\u00e9sio\",\"@id\":\"https:\\\/\\\/blogdofarnesio.com.br\\\/#\\\/schema\\\/person\\\/301c4acf522bccbfdb45af95b5b906a1\"},\"headline\":\"CUNHA D\u00c1 UM N\u00d3 EM MORO. E DIZ QUE TEMER COORDENAVA NOMEA\u00c7\u00d5ES NA PETROBRAS\",\"datePublished\":\"2017-02-08T20:00:08+00:00\",\"mainEntityOfPage\":{\"@id\":\"https:\\\/\\\/blogdofarnesio.com.br\\\/?p=158718\"},\"wordCount\":435,\"commentCount\":0,\"publisher\":{\"@id\":\"https:\\\/\\\/blogdofarnesio.com.br\\\/#organization\"},\"image\":{\"@id\":\"https:\\\/\\\/blogdofarnesio.com.br\\\/?p=158718#primaryimage\"},\"thumbnailUrl\":\"https:\\\/\\\/blogdofarnesio.com.br\\\/wp-content\\\/uploads\\\/2017\\\/02\\\/blogqspdedodurofoiele.jpg\",\"articleSection\":[\"Artigo\"],\"inLanguage\":\"pt-BR\",\"potentialAction\":[{\"@type\":\"CommentAction\",\"name\":\"Comment\",\"target\":[\"https:\\\/\\\/blogdofarnesio.com.br\\\/?p=158718#respond\"]}]},{\"@type\":\"WebPage\",\"@id\":\"https:\\\/\\\/blogdofarnesio.com.br\\\/?p=158718\",\"url\":\"https:\\\/\\\/blogdofarnesio.com.br\\\/?p=158718\",\"name\":\"CUNHA D\u00c1 UM N\u00d3 EM MORO. E DIZ QUE TEMER COORDENAVA NOMEA\u00c7\u00d5ES NA PETROBRAS - Blog do Farn\u00e9sio\",\"isPartOf\":{\"@id\":\"https:\\\/\\\/blogdofarnesio.com.br\\\/#website\"},\"primaryImageOfPage\":{\"@id\":\"https:\\\/\\\/blogdofarnesio.com.br\\\/?p=158718#primaryimage\"},\"image\":{\"@id\":\"https:\\\/\\\/blogdofarnesio.com.br\\\/?p=158718#primaryimage\"},\"thumbnailUrl\":\"https:\\\/\\\/blogdofarnesio.com.br\\\/wp-content\\\/uploads\\\/2017\\\/02\\\/blogqspdedodurofoiele.jpg\",\"datePublished\":\"2017-02-08T20:00:08+00:00\",\"breadcrumb\":{\"@id\":\"https:\\\/\\\/blogdofarnesio.com.br\\\/?p=158718#breadcrumb\"},\"inLanguage\":\"pt-BR\",\"potentialAction\":[{\"@type\":\"ReadAction\",\"target\":[\"https:\\\/\\\/blogdofarnesio.com.br\\\/?p=158718\"]}]},{\"@type\":\"ImageObject\",\"inLanguage\":\"pt-BR\",\"@id\":\"https:\\\/\\\/blogdofarnesio.com.br\\\/?p=158718#primaryimage\",\"url\":\"https:\\\/\\\/blogdofarnesio.com.br\\\/wp-content\\\/uploads\\\/2017\\\/02\\\/blogqspdedodurofoiele.jpg\",\"contentUrl\":\"https:\\\/\\\/blogdofarnesio.com.br\\\/wp-content\\\/uploads\\\/2017\\\/02\\\/blogqspdedodurofoiele.jpg\",\"width\":320,\"height\":214},{\"@type\":\"BreadcrumbList\",\"@id\":\"https:\\\/\\\/blogdofarnesio.com.br\\\/?p=158718#breadcrumb\",\"itemListElement\":[{\"@type\":\"ListItem\",\"position\":1,\"name\":\"In\u00edcio\",\"item\":\"https:\\\/\\\/blogdofarnesio.com.br\\\/\"},{\"@type\":\"ListItem\",\"position\":2,\"name\":\"CUNHA D\u00c1 UM N\u00d3 EM MORO. E DIZ QUE TEMER COORDENAVA NOMEA\u00c7\u00d5ES NA PETROBRAS\"}]},{\"@type\":\"WebSite\",\"@id\":\"https:\\\/\\\/blogdofarnesio.com.br\\\/#website\",\"url\":\"https:\\\/\\\/blogdofarnesio.com.br\\\/\",\"name\":\"Blog do Farn\u00e9sio\",\"description\":\"Quer Saber Pol\u00edtica?\",\"publisher\":{\"@id\":\"https:\\\/\\\/blogdofarnesio.com.br\\\/#organization\"},\"potentialAction\":[{\"@type\":\"SearchAction\",\"target\":{\"@type\":\"EntryPoint\",\"urlTemplate\":\"https:\\\/\\\/blogdofarnesio.com.br\\\/?s={search_term_string}\"},\"query-input\":{\"@type\":\"PropertyValueSpecification\",\"valueRequired\":true,\"valueName\":\"search_term_string\"}}],\"inLanguage\":\"pt-BR\"},{\"@type\":\"Organization\",\"@id\":\"https:\\\/\\\/blogdofarnesio.com.br\\\/#organization\",\"name\":\"Blog do Farn\u00e9sio\",\"url\":\"https:\\\/\\\/blogdofarnesio.com.br\\\/\",\"logo\":{\"@type\":\"ImageObject\",\"inLanguage\":\"pt-BR\",\"@id\":\"https:\\\/\\\/blogdofarnesio.com.br\\\/#\\\/schema\\\/logo\\\/image\\\/\",\"url\":\"https:\\\/\\\/blogdofarnesio.com.br\\\/wp-content\\\/uploads\\\/2026\\\/03\\\/cropped-logo_new-1.png\",\"contentUrl\":\"https:\\\/\\\/blogdofarnesio.com.br\\\/wp-content\\\/uploads\\\/2026\\\/03\\\/cropped-logo_new-1.png\",\"width\":881,\"height\":685,\"caption\":\"Blog do Farn\u00e9sio\"},\"image\":{\"@id\":\"https:\\\/\\\/blogdofarnesio.com.br\\\/#\\\/schema\\\/logo\\\/image\\\/\"},\"sameAs\":[\"https:\\\/\\\/www.facebook.com\\\/BlogQuerSaberPolitica\\\/\"]},{\"@type\":\"Person\",\"@id\":\"https:\\\/\\\/blogdofarnesio.com.br\\\/#\\\/schema\\\/person\\\/301c4acf522bccbfdb45af95b5b906a1\",\"name\":\"Farn\u00e9sio\",\"image\":{\"@type\":\"ImageObject\",\"inLanguage\":\"pt-BR\",\"@id\":\"https:\\\/\\\/secure.gravatar.com\\\/avatar\\\/df0c9a14567c056f8ad6876ba5bbd1e3e2c48023eb6807342fc4663adf549f38?s=96&d=mm&r=g\",\"url\":\"https:\\\/\\\/secure.gravatar.com\\\/avatar\\\/df0c9a14567c056f8ad6876ba5bbd1e3e2c48023eb6807342fc4663adf549f38?s=96&d=mm&r=g\",\"contentUrl\":\"https:\\\/\\\/secure.gravatar.com\\\/avatar\\\/df0c9a14567c056f8ad6876ba5bbd1e3e2c48023eb6807342fc4663adf549f38?s=96&d=mm&r=g\",\"caption\":\"Farn\u00e9sio\"},\"sameAs\":[\"https:\\\/\\\/quersaberpolitica.com.br\"],\"url\":\"https:\\\/\\\/blogdofarnesio.com.br\\\/?author=1\"}]}<\/script>\n<!-- \/ Yoast SEO plugin. -->","yoast_head_json":{"title":"CUNHA D\u00c1 UM N\u00d3 EM MORO. E DIZ QUE TEMER COORDENAVA NOMEA\u00c7\u00d5ES NA PETROBRAS - Blog do Farn\u00e9sio","robots":{"index":"index","follow":"follow","max-snippet":"max-snippet:-1","max-image-preview":"max-image-preview:large","max-video-preview":"max-video-preview:-1"},"canonical":"https:\/\/blogdofarnesio.com.br\/?p=158718","og_locale":"pt_BR","og_type":"article","og_title":"CUNHA D\u00c1 UM N\u00d3 EM MORO. E DIZ QUE TEMER COORDENAVA NOMEA\u00c7\u00d5ES NA PETROBRAS - Blog do Farn\u00e9sio","og_description":"Por Fernando Brito, editor do Tijola\u00e7o Sei que \u00e9 um sacrif\u00edcio acima e al\u00e9m do dever c\u00edvico, mas tive a pachorra de assistir o depoimento de Eduardo Cunha a S\u00e9rgio Moro, de quase tr\u00eas horas. (aqui, no Estad\u00e3o) E no final do post coloco o trecho que reputo mais importante, onde ele responsabiliza diretamente Michel Temer pela aprova\u00e7\u00e3o dos diretores da Petrobras que seriam os operadores do PMDB na empresa. Antes, descrevo a impress\u00e3o que me ficou do show de hipocrisia. Impressionante como, apesar do asco que a figura do ex-presidente da C\u00e2mara, ele se expressa com muito mais seguran\u00e7a que seu inquisidor, S\u00e9rgio Moro, que fica, praticamente, naquilo que est\u00e1 noticiado na m\u00eddia. A hist\u00f3ria dos trustees n\u00e3o avan\u00e7ou&hellip;","og_url":"https:\/\/blogdofarnesio.com.br\/?p=158718","og_site_name":"Blog do Farn\u00e9sio","article_publisher":"https:\/\/www.facebook.com\/BlogQuerSaberPolitica\/","article_published_time":"2017-02-08T20:00:08+00:00","og_image":[{"width":320,"height":214,"url":"https:\/\/blogdofarnesio.com.br\/wp-content\/uploads\/2017\/02\/blogqspdedodurofoiele.jpg","type":"image\/jpeg"}],"author":"Farn\u00e9sio","twitter_card":"summary_large_image","twitter_misc":{"Escrito por":"Farn\u00e9sio","Est. tempo de leitura":"2 minutos"},"schema":{"@context":"https:\/\/schema.org","@graph":[{"@type":"Article","@id":"https:\/\/blogdofarnesio.com.br\/?p=158718#article","isPartOf":{"@id":"https:\/\/blogdofarnesio.com.br\/?p=158718"},"author":{"name":"Farn\u00e9sio","@id":"https:\/\/blogdofarnesio.com.br\/#\/schema\/person\/301c4acf522bccbfdb45af95b5b906a1"},"headline":"CUNHA D\u00c1 UM N\u00d3 EM MORO. E DIZ QUE TEMER COORDENAVA NOMEA\u00c7\u00d5ES NA PETROBRAS","datePublished":"2017-02-08T20:00:08+00:00","mainEntityOfPage":{"@id":"https:\/\/blogdofarnesio.com.br\/?p=158718"},"wordCount":435,"commentCount":0,"publisher":{"@id":"https:\/\/blogdofarnesio.com.br\/#organization"},"image":{"@id":"https:\/\/blogdofarnesio.com.br\/?p=158718#primaryimage"},"thumbnailUrl":"https:\/\/blogdofarnesio.com.br\/wp-content\/uploads\/2017\/02\/blogqspdedodurofoiele.jpg","articleSection":["Artigo"],"inLanguage":"pt-BR","potentialAction":[{"@type":"CommentAction","name":"Comment","target":["https:\/\/blogdofarnesio.com.br\/?p=158718#respond"]}]},{"@type":"WebPage","@id":"https:\/\/blogdofarnesio.com.br\/?p=158718","url":"https:\/\/blogdofarnesio.com.br\/?p=158718","name":"CUNHA D\u00c1 UM N\u00d3 EM MORO. E DIZ QUE TEMER COORDENAVA NOMEA\u00c7\u00d5ES NA PETROBRAS - Blog do Farn\u00e9sio","isPartOf":{"@id":"https:\/\/blogdofarnesio.com.br\/#website"},"primaryImageOfPage":{"@id":"https:\/\/blogdofarnesio.com.br\/?p=158718#primaryimage"},"image":{"@id":"https:\/\/blogdofarnesio.com.br\/?p=158718#primaryimage"},"thumbnailUrl":"https:\/\/blogdofarnesio.com.br\/wp-content\/uploads\/2017\/02\/blogqspdedodurofoiele.jpg","datePublished":"2017-02-08T20:00:08+00:00","breadcrumb":{"@id":"https:\/\/blogdofarnesio.com.br\/?p=158718#breadcrumb"},"inLanguage":"pt-BR","potentialAction":[{"@type":"ReadAction","target":["https:\/\/blogdofarnesio.com.br\/?p=158718"]}]},{"@type":"ImageObject","inLanguage":"pt-BR","@id":"https:\/\/blogdofarnesio.com.br\/?p=158718#primaryimage","url":"https:\/\/blogdofarnesio.com.br\/wp-content\/uploads\/2017\/02\/blogqspdedodurofoiele.jpg","contentUrl":"https:\/\/blogdofarnesio.com.br\/wp-content\/uploads\/2017\/02\/blogqspdedodurofoiele.jpg","width":320,"height":214},{"@type":"BreadcrumbList","@id":"https:\/\/blogdofarnesio.com.br\/?p=158718#breadcrumb","itemListElement":[{"@type":"ListItem","position":1,"name":"In\u00edcio","item":"https:\/\/blogdofarnesio.com.br\/"},{"@type":"ListItem","position":2,"name":"CUNHA D\u00c1 UM N\u00d3 EM MORO. E DIZ QUE TEMER COORDENAVA NOMEA\u00c7\u00d5ES NA PETROBRAS"}]},{"@type":"WebSite","@id":"https:\/\/blogdofarnesio.com.br\/#website","url":"https:\/\/blogdofarnesio.com.br\/","name":"Blog do Farn\u00e9sio","description":"Quer Saber Pol\u00edtica?","publisher":{"@id":"https:\/\/blogdofarnesio.com.br\/#organization"},"potentialAction":[{"@type":"SearchAction","target":{"@type":"EntryPoint","urlTemplate":"https:\/\/blogdofarnesio.com.br\/?s={search_term_string}"},"query-input":{"@type":"PropertyValueSpecification","valueRequired":true,"valueName":"search_term_string"}}],"inLanguage":"pt-BR"},{"@type":"Organization","@id":"https:\/\/blogdofarnesio.com.br\/#organization","name":"Blog do Farn\u00e9sio","url":"https:\/\/blogdofarnesio.com.br\/","logo":{"@type":"ImageObject","inLanguage":"pt-BR","@id":"https:\/\/blogdofarnesio.com.br\/#\/schema\/logo\/image\/","url":"https:\/\/blogdofarnesio.com.br\/wp-content\/uploads\/2026\/03\/cropped-logo_new-1.png","contentUrl":"https:\/\/blogdofarnesio.com.br\/wp-content\/uploads\/2026\/03\/cropped-logo_new-1.png","width":881,"height":685,"caption":"Blog do Farn\u00e9sio"},"image":{"@id":"https:\/\/blogdofarnesio.com.br\/#\/schema\/logo\/image\/"},"sameAs":["https:\/\/www.facebook.com\/BlogQuerSaberPolitica\/"]},{"@type":"Person","@id":"https:\/\/blogdofarnesio.com.br\/#\/schema\/person\/301c4acf522bccbfdb45af95b5b906a1","name":"Farn\u00e9sio","image":{"@type":"ImageObject","inLanguage":"pt-BR","@id":"https:\/\/secure.gravatar.com\/avatar\/df0c9a14567c056f8ad6876ba5bbd1e3e2c48023eb6807342fc4663adf549f38?s=96&d=mm&r=g","url":"https:\/\/secure.gravatar.com\/avatar\/df0c9a14567c056f8ad6876ba5bbd1e3e2c48023eb6807342fc4663adf549f38?s=96&d=mm&r=g","contentUrl":"https:\/\/secure.gravatar.com\/avatar\/df0c9a14567c056f8ad6876ba5bbd1e3e2c48023eb6807342fc4663adf549f38?s=96&d=mm&r=g","caption":"Farn\u00e9sio"},"sameAs":["https:\/\/quersaberpolitica.com.br"],"url":"https:\/\/blogdofarnesio.com.br\/?author=1"}]}},"_links":{"self":[{"href":"https:\/\/blogdofarnesio.com.br\/index.php?rest_route=\/wp\/v2\/posts\/158718","targetHints":{"allow":["GET"]}}],"collection":[{"href":"https:\/\/blogdofarnesio.com.br\/index.php?rest_route=\/wp\/v2\/posts"}],"about":[{"href":"https:\/\/blogdofarnesio.com.br\/index.php?rest_route=\/wp\/v2\/types\/post"}],"author":[{"embeddable":true,"href":"https:\/\/blogdofarnesio.com.br\/index.php?rest_route=\/wp\/v2\/users\/1"}],"replies":[{"embeddable":true,"href":"https:\/\/blogdofarnesio.com.br\/index.php?rest_route=%2Fwp%2Fv2%2Fcomments&post=158718"}],"version-history":[{"count":0,"href":"https:\/\/blogdofarnesio.com.br\/index.php?rest_route=\/wp\/v2\/posts\/158718\/revisions"}],"wp:featuredmedia":[{"embeddable":true,"href":"https:\/\/blogdofarnesio.com.br\/index.php?rest_route=\/wp\/v2\/media\/155855"}],"wp:attachment":[{"href":"https:\/\/blogdofarnesio.com.br\/index.php?rest_route=%2Fwp%2Fv2%2Fmedia&parent=158718"}],"wp:term":[{"taxonomy":"category","embeddable":true,"href":"https:\/\/blogdofarnesio.com.br\/index.php?rest_route=%2Fwp%2Fv2%2Fcategories&post=158718"},{"taxonomy":"post_tag","embeddable":true,"href":"https:\/\/blogdofarnesio.com.br\/index.php?rest_route=%2Fwp%2Fv2%2Ftags&post=158718"}],"curies":[{"name":"wp","href":"https:\/\/api.w.org\/{rel}","templated":true}]}}