{"id":158601,"date":"2017-02-07T08:31:07","date_gmt":"2017-02-07T11:31:07","guid":{"rendered":"http:\/\/quersaberpolitica.com.br\/2016\/?p=158601"},"modified":"2017-02-06T20:05:52","modified_gmt":"2017-02-06T23:05:52","slug":"calculadora-da-aposentadoria-confira-aqui","status":"publish","type":"post","link":"https:\/\/blogdofarnesio.com.br\/?p=158601","title":{"rendered":"CALCULADORA DA APOSENTADORIA. CONFIRA AQUI"},"content":{"rendered":"<header>\n<h1>Em que ano voc\u00ea pode parar de trabalhar sem desconto no benef\u00edcio<\/h1>\n<p class=\"folhagraficos rs_skip\"><iframe loading=\"lazy\" src=\"http:\/\/arte.folha.uol.com.br\/mercado\/2015\/12\/18\/calculadora-aposentadoria\/?\" width=\"620\" height=\"500\" scrolling=\"no\" data-mce-fragment=\"1\"><\/iframe><\/p>\n<div class=\"author\">\n<p>FOLHA DE S\u00c3O PAULO<\/p>\n<\/div>\n<\/header>\n<div class=\"content\">\n<div id=\"ad-180x150-1\" class=\"advertising ad-180x150 rs_skip\"><\/div>\n<p>Em novembro, a presidente Dilma Rousseff sancionou a nova f\u00f3rmula, aprovada pelo Congresso Nacional, do chamado fator 85\/95.<\/p>\n<p>A regra soma o tempo de contribui\u00e7\u00e3o com o INSS \u00e0 idade.<\/p>\n<p>Quem atinge o fator 85\/95 se aposenta sem que ocorra o desconto do fator previdenci\u00e1rio, o \u00edndice que reduz a renda de quem se aposenta cedo, mas tamb\u00e9m aumenta o sal\u00e1rio do segurado que espera mais para pendurar as chuteiras.<\/p>\n<table class=\"articleGraphic rs_skip\">\n<tbody>\n<tr>\n<td class=\"articleGraphicSpace rs_skip\" rowspan=\"3\"><\/td>\n<td class=\"articleGraphicCredit rs_skip\">Ilustra\u00e7\u00e3o Luciano Veronezi<\/td>\n<td class=\"articleGraphicSpace rs_skip\" rowspan=\"3\"><\/td>\n<\/tr>\n<tr>\n<td class=\"articleGraphicImage rs_skip\"><img loading=\"lazy\" decoding=\"async\" src=\"http:\/\/f.i.uol.com.br\/folha\/mercado\/images\/15355463.jpeg\" alt=\"Aposentadoria\" width=\"620\" height=\"325\" border=\"0\" \/><\/td>\n<\/tr>\n<tr>\n<td class=\"articleGraphicCaption rs_skip\">Aposentadoria<\/td>\n<\/tr>\n<\/tbody>\n<\/table>\n<p>Atualmente, o teto da aposentadoria pelo INSS \u00e9 de R$ 4.663,75.<\/p>\n<p>Para homens, a soma deve ser de 95 pontos, com tempo de contribui\u00e7\u00e3o de pelo menos 35 anos. Para as mulheres, de 85 pontos, com contribui\u00e7\u00e3o de pelo menos 30 anos.<\/p>\n<p>Isso quer dizer, por exemplo, que um homem de 60 anos que contribuiu por 35 pode se aposentar pela nova regra. O mesmo vale para uma mulher de 55 anos que contribuiu por 30.<\/p>\n<p class=\"folhagraficos rs_skip\"><iframe loading=\"lazy\" src=\"http:\/\/arte.folha.uol.com.br\/mercado\/2015\/12\/01\/aposentadoria\/?\" width=\"620\" height=\"550\" scrolling=\"no\" data-mce-fragment=\"1\"><\/iframe><\/p>\n<p>O n\u00famero de pontos a que essa soma ter\u00e1 que chegar aumentar\u00e1 a partir de 31 de dezembro de 2018, quando passar\u00e1 para 86\/96.<\/p>\n<p>Outros aumentos foram estabelecidos para a mesma data dos anos de 2020, 2022, 2024 e 2026, quando a rela\u00e7\u00e3o chegar\u00e1 a 90\/100. O objetivo \u00e9 acompanhar o aumento da expectativa de vida da popula\u00e7\u00e3o brasileira.<\/p>\n<p>Como muitos trabalhadores optar\u00e3o por atrasar a aposentadoria para atingir o fator 85\/95, a Previd\u00eancia pretende economizar R$ 17,481 bilh\u00f5es no per\u00edodo 2015-2018 com a medida.<\/p>\n<p>Conforme essas pessoas se aposentam mais para a frente sem a incid\u00eancia do fator previdenci\u00e1rio, o gasto pode ser, no entanto, ampliado.<\/p>\n<p><a href=\"http:\/\/www1.folha.uol.com.br\/mercado\/2015\/06\/1645929-tire-suas-duvidas-sobre-o-que-muda-na-aposentadoria-com-o-fator-8595.shtml\"><b>TIRE SUAS D\u00daVIDAS SOBRE AS NOVAS REGRAS DA APOSENTADORIA<\/b><\/a><\/p>\n<p class=\"division rs_skip\">&#8211;<\/p>\n<div class=\"articleGallery\" data-id=\"359080\">\n<div class=\"gallery-content\">\n<h4 class=\"title\"><a href=\"http:\/\/fotografia.folha.uol.com.br\/galerias\/35908-entenda-o-novo-calculo-da-aposentadoria\">Entenda o novo c\u00e1lculo da aposentadoria<\/a><\/h4>\n<nav>\n<div class=\"page\"><span class=\"actual\">1<\/span> de <span class=\"total\">10<\/span><\/div>\n<\/nav>\n<div class=\"image\">\n<div class=\"credit\">Leticia Moreira\/Folhapress<\/div>\n<p><a class=\"control prev_img\">Anterior<\/a><a class=\"control next_img\">Pr\u00f3xima<\/a><img loading=\"lazy\" decoding=\"async\" src=\"http:\/\/f.i.uol.com.br\/fotografia\/2015\/07\/12\/529541-970x600-1.jpeg\" width=\"620\" height=\"383\" \/><a href=\"http:\/\/www1.folha.uol.com.br\/mercado\/2015\/12\/1720484-calculadora-da-aposentadoria-em-que-ano-voce-pode-parar-de-trabalhar.shtml?cmpid=mercdir#\"><img loading=\"lazy\" decoding=\"async\" src=\"http:\/\/f.i.uol.com.br\/fotografia\/2015\/06\/18\/521747-970x600-1-medium.png\" width=\"70\" height=\"54\" \/><\/a><\/div>\n<\/div>\n<\/div>\n<h2>APOSENTADORIA<\/h2>\n<h3>10 PERGUNTAS E RESPOSTAS<\/h3>\n<p><b>1- Ainda existe tempo m\u00ednimo de contribui\u00e7\u00e3o?<\/b><\/p>\n<p>Sim. Para se aposentar por tempo de contribui\u00e7\u00e3o, s\u00e3o necess\u00e1rios 30 anos de contribui\u00e7\u00e3o para mulheres e 35 para homens. Por idade, o tempo m\u00ednimo \u00e9 de 15 anos<\/p>\n<p><b>2- Como receber benef\u00edcio integral?<\/b><\/p>\n<p>Pela nova f\u00f3rmula, at\u00e9 o final de 2018 a soma da idade com os anos de contribui\u00e7\u00e3o deve ser 85 (mulheres) e 95 (homens)<\/p>\n<p><b>3- E se j\u00e1 contribu\u00ed por 30 anos, mas minha idade n\u00e3o \u00e9 suficiente?<\/b><\/p>\n<p>Se n\u00e3o quiser esperar, pode escolher o fator previdenci\u00e1rio<\/p>\n<p><b>4- O que \u00e9 fator previdenci\u00e1rio?<\/b><\/p>\n<p>Um \u00edndice, recalculado todo ano, que reduz o valor do benef\u00edcio para quem se aposenta mais cedo. Pela tabela atual, por exemplo, um homem de 59 anos e 35 anos de contribui\u00e7\u00e3o teria o benef\u00edcio multiplicado por 0,815. Se esperar mais um ano, ter\u00e1 o benef\u00edcio integral<\/p>\n<p><b>5- H\u00e1 casos em que o fator previdenci\u00e1rio \u00e9 melhor que a nova f\u00f3rmula?<\/b><\/p>\n<p>Sim. Por exemplo, pela tabela de 2015, podem ganhar benef\u00edcio maior que o integral um trabalhador de 60 anos que contribuiu por 41 anos, ou um de 65 que contribuiu por 34<\/p>\n<p><b>6- Se o fator previdenci\u00e1rio for vantajoso, posso optar por ele?<\/b><\/p>\n<p>Sim. Vale sempre a f\u00f3rmula mais vantajosa ao trabalhador<\/p>\n<p><b>7- Qual o benef\u00edcio integral?<\/b><\/p>\n<p>\u00c9 a m\u00e9dia dos 80% maiores sal\u00e1rios de contribui\u00e7\u00e3o desde julho de 94, corrigidos pelo INPC, limitada ao teto do INSS, de R$ 4.663,75<\/p>\n<p><b>8- Como se aposentar por idade?<\/b><\/p>\n<p>Se tiver no m\u00ednimo 15 anos de contribui\u00e7\u00e3o, a mulher pode se aposentar aos 60 anos e o homem, aos 65. O valor do benef\u00edcio aumenta com o n\u00famero de anos de contribui\u00e7\u00e3o<\/p>\n<p><b>9- Como saber qual a f\u00f3rmula mais vantajosa?<\/b><\/p>\n<p>Se n\u00e3o tiver o tempo m\u00ednimo de contribui\u00e7\u00e3o, a \u00fanica op\u00e7\u00e3o \u00e9 a aposentadoria por idade.<\/p>\n<p>Se tiver o tempo m\u00ednimo de contribui\u00e7\u00e3o, consulte primeiro a tabela do fator previdenci\u00e1rio (guiagoverno.com\/tabela-pratica-do-fator-previdenciario-2015\/).<\/p>\n<p>Se o \u00edndice for superior a 1, essa \u00e9 a f\u00f3rmula mais vantajosa. Se for inferior a 1 e voc\u00ea cumprir as condi\u00e7\u00f5es da f\u00f3rmula 85\/95, opte por ela<\/p>\n<p><b>10- Se j\u00e1 me aposentei pelo fator previdenci\u00e1rio, posso mudar para o 85\/95?<\/b><\/p>\n<p>N\u00e3o<\/p>\n<\/div>\n","protected":false},"excerpt":{"rendered":"<p>Em que ano voc\u00ea pode parar de trabalhar sem desconto no benef\u00edcio FOLHA DE S\u00c3O PAULO Em novembro, a presidente Dilma Rousseff sancionou a nova f\u00f3rmula, aprovada pelo Congresso Nacional, do chamado fator 85\/95. A regra soma o tempo de contribui\u00e7\u00e3o com o INSS \u00e0 idade. Quem atinge o fator 85\/95 se aposenta sem que ocorra o desconto do fator previdenci\u00e1rio, o \u00edndice que reduz a renda de quem se aposenta cedo, mas tamb\u00e9m aumenta o sal\u00e1rio do segurado que espera mais para pendurar as chuteiras. Ilustra\u00e7\u00e3o Luciano Veronezi Aposentadoria Atualmente, o teto da aposentadoria pelo INSS \u00e9 de R$ 4.663,75. Para homens, a soma deve ser de 95 pontos, com tempo de contribui\u00e7\u00e3o de pelo menos 35 anos. Para&hellip; <\/p>\n","protected":false},"author":1,"featured_media":153779,"comment_status":"open","ping_status":"open","sticky":false,"template":"","format":"standard","meta":{"_acf_changed":false,"footnotes":""},"categories":[22],"tags":[],"class_list":["post-158601","post","type-post","status-publish","format-standard","has-post-thumbnail","hentry","category-acao-social"],"acf":[],"yoast_head":"<!-- This site is optimized with the Yoast SEO plugin v27.4 - https:\/\/yoast.com\/product\/yoast-seo-wordpress\/ -->\n<title>CALCULADORA DA APOSENTADORIA. CONFIRA AQUI - Blog do Farn\u00e9sio<\/title>\n<meta name=\"robots\" content=\"index, follow, max-snippet:-1, max-image-preview:large, max-video-preview:-1\" \/>\n<link rel=\"canonical\" href=\"https:\/\/blogdofarnesio.com.br\/?p=158601\" \/>\n<meta property=\"og:locale\" content=\"pt_BR\" \/>\n<meta property=\"og:type\" content=\"article\" \/>\n<meta property=\"og:title\" content=\"CALCULADORA DA APOSENTADORIA. CONFIRA AQUI - Blog do Farn\u00e9sio\" \/>\n<meta property=\"og:description\" content=\"Em que ano voc\u00ea pode parar de trabalhar sem desconto no benef\u00edcio FOLHA DE S\u00c3O PAULO Em novembro, a presidente Dilma Rousseff sancionou a nova f\u00f3rmula, aprovada pelo Congresso Nacional, do chamado fator 85\/95. A regra soma o tempo de contribui\u00e7\u00e3o com o INSS \u00e0 idade. Quem atinge o fator 85\/95 se aposenta sem que ocorra o desconto do fator previdenci\u00e1rio, o \u00edndice que reduz a renda de quem se aposenta cedo, mas tamb\u00e9m aumenta o sal\u00e1rio do segurado que espera mais para pendurar as chuteiras. Ilustra\u00e7\u00e3o Luciano Veronezi Aposentadoria Atualmente, o teto da aposentadoria pelo INSS \u00e9 de R$ 4.663,75. Para homens, a soma deve ser de 95 pontos, com tempo de contribui\u00e7\u00e3o de pelo menos 35 anos. Para&hellip;\" \/>\n<meta property=\"og:url\" content=\"https:\/\/blogdofarnesio.com.br\/?p=158601\" \/>\n<meta property=\"og:site_name\" content=\"Blog do Farn\u00e9sio\" \/>\n<meta property=\"article:publisher\" content=\"https:\/\/www.facebook.com\/BlogQuerSaberPolitica\/\" \/>\n<meta property=\"article:published_time\" content=\"2017-02-07T11:31:07+00:00\" \/>\n<meta property=\"og:image\" content=\"https:\/\/blogdofarnesio.com.br\/wp-content\/uploads\/2016\/12\/blogqspferiado2.jpg\" \/>\n\t<meta property=\"og:image:width\" content=\"277\" \/>\n\t<meta property=\"og:image:height\" content=\"182\" \/>\n\t<meta property=\"og:image:type\" content=\"image\/jpeg\" \/>\n<meta name=\"author\" content=\"Farn\u00e9sio\" \/>\n<meta name=\"twitter:card\" content=\"summary_large_image\" \/>\n<meta name=\"twitter:label1\" content=\"Escrito por\" \/>\n\t<meta name=\"twitter:data1\" content=\"Farn\u00e9sio\" \/>\n\t<meta name=\"twitter:label2\" content=\"Est. tempo de leitura\" \/>\n\t<meta name=\"twitter:data2\" content=\"3 minutos\" \/>\n<script type=\"application\/ld+json\" class=\"yoast-schema-graph\">{\"@context\":\"https:\\\/\\\/schema.org\",\"@graph\":[{\"@type\":\"Article\",\"@id\":\"https:\\\/\\\/blogdofarnesio.com.br\\\/?p=158601#article\",\"isPartOf\":{\"@id\":\"https:\\\/\\\/blogdofarnesio.com.br\\\/?p=158601\"},\"author\":{\"name\":\"Farn\u00e9sio\",\"@id\":\"https:\\\/\\\/blogdofarnesio.com.br\\\/#\\\/schema\\\/person\\\/301c4acf522bccbfdb45af95b5b906a1\"},\"headline\":\"CALCULADORA DA APOSENTADORIA. CONFIRA AQUI\",\"datePublished\":\"2017-02-07T11:31:07+00:00\",\"mainEntityOfPage\":{\"@id\":\"https:\\\/\\\/blogdofarnesio.com.br\\\/?p=158601\"},\"wordCount\":674,\"commentCount\":0,\"publisher\":{\"@id\":\"https:\\\/\\\/blogdofarnesio.com.br\\\/#organization\"},\"image\":{\"@id\":\"https:\\\/\\\/blogdofarnesio.com.br\\\/?p=158601#primaryimage\"},\"thumbnailUrl\":\"https:\\\/\\\/blogdofarnesio.com.br\\\/wp-content\\\/uploads\\\/2016\\\/12\\\/blogqspferiado2.jpg\",\"articleSection\":[\"A\u00e7\u00e3o Social\"],\"inLanguage\":\"pt-BR\",\"potentialAction\":[{\"@type\":\"CommentAction\",\"name\":\"Comment\",\"target\":[\"https:\\\/\\\/blogdofarnesio.com.br\\\/?p=158601#respond\"]}]},{\"@type\":\"WebPage\",\"@id\":\"https:\\\/\\\/blogdofarnesio.com.br\\\/?p=158601\",\"url\":\"https:\\\/\\\/blogdofarnesio.com.br\\\/?p=158601\",\"name\":\"CALCULADORA DA APOSENTADORIA. CONFIRA AQUI - Blog do Farn\u00e9sio\",\"isPartOf\":{\"@id\":\"https:\\\/\\\/blogdofarnesio.com.br\\\/#website\"},\"primaryImageOfPage\":{\"@id\":\"https:\\\/\\\/blogdofarnesio.com.br\\\/?p=158601#primaryimage\"},\"image\":{\"@id\":\"https:\\\/\\\/blogdofarnesio.com.br\\\/?p=158601#primaryimage\"},\"thumbnailUrl\":\"https:\\\/\\\/blogdofarnesio.com.br\\\/wp-content\\\/uploads\\\/2016\\\/12\\\/blogqspferiado2.jpg\",\"datePublished\":\"2017-02-07T11:31:07+00:00\",\"breadcrumb\":{\"@id\":\"https:\\\/\\\/blogdofarnesio.com.br\\\/?p=158601#breadcrumb\"},\"inLanguage\":\"pt-BR\",\"potentialAction\":[{\"@type\":\"ReadAction\",\"target\":[\"https:\\\/\\\/blogdofarnesio.com.br\\\/?p=158601\"]}]},{\"@type\":\"ImageObject\",\"inLanguage\":\"pt-BR\",\"@id\":\"https:\\\/\\\/blogdofarnesio.com.br\\\/?p=158601#primaryimage\",\"url\":\"https:\\\/\\\/blogdofarnesio.com.br\\\/wp-content\\\/uploads\\\/2016\\\/12\\\/blogqspferiado2.jpg\",\"contentUrl\":\"https:\\\/\\\/blogdofarnesio.com.br\\\/wp-content\\\/uploads\\\/2016\\\/12\\\/blogqspferiado2.jpg\",\"width\":277,\"height\":182},{\"@type\":\"BreadcrumbList\",\"@id\":\"https:\\\/\\\/blogdofarnesio.com.br\\\/?p=158601#breadcrumb\",\"itemListElement\":[{\"@type\":\"ListItem\",\"position\":1,\"name\":\"In\u00edcio\",\"item\":\"https:\\\/\\\/blogdofarnesio.com.br\\\/\"},{\"@type\":\"ListItem\",\"position\":2,\"name\":\"CALCULADORA DA APOSENTADORIA. CONFIRA AQUI\"}]},{\"@type\":\"WebSite\",\"@id\":\"https:\\\/\\\/blogdofarnesio.com.br\\\/#website\",\"url\":\"https:\\\/\\\/blogdofarnesio.com.br\\\/\",\"name\":\"Blog do Farn\u00e9sio\",\"description\":\"Quer Saber Pol\u00edtica?\",\"publisher\":{\"@id\":\"https:\\\/\\\/blogdofarnesio.com.br\\\/#organization\"},\"potentialAction\":[{\"@type\":\"SearchAction\",\"target\":{\"@type\":\"EntryPoint\",\"urlTemplate\":\"https:\\\/\\\/blogdofarnesio.com.br\\\/?s={search_term_string}\"},\"query-input\":{\"@type\":\"PropertyValueSpecification\",\"valueRequired\":true,\"valueName\":\"search_term_string\"}}],\"inLanguage\":\"pt-BR\"},{\"@type\":\"Organization\",\"@id\":\"https:\\\/\\\/blogdofarnesio.com.br\\\/#organization\",\"name\":\"Blog do Farn\u00e9sio\",\"url\":\"https:\\\/\\\/blogdofarnesio.com.br\\\/\",\"logo\":{\"@type\":\"ImageObject\",\"inLanguage\":\"pt-BR\",\"@id\":\"https:\\\/\\\/blogdofarnesio.com.br\\\/#\\\/schema\\\/logo\\\/image\\\/\",\"url\":\"https:\\\/\\\/blogdofarnesio.com.br\\\/wp-content\\\/uploads\\\/2026\\\/03\\\/cropped-logo_new-1.png\",\"contentUrl\":\"https:\\\/\\\/blogdofarnesio.com.br\\\/wp-content\\\/uploads\\\/2026\\\/03\\\/cropped-logo_new-1.png\",\"width\":881,\"height\":685,\"caption\":\"Blog do Farn\u00e9sio\"},\"image\":{\"@id\":\"https:\\\/\\\/blogdofarnesio.com.br\\\/#\\\/schema\\\/logo\\\/image\\\/\"},\"sameAs\":[\"https:\\\/\\\/www.facebook.com\\\/BlogQuerSaberPolitica\\\/\"]},{\"@type\":\"Person\",\"@id\":\"https:\\\/\\\/blogdofarnesio.com.br\\\/#\\\/schema\\\/person\\\/301c4acf522bccbfdb45af95b5b906a1\",\"name\":\"Farn\u00e9sio\",\"image\":{\"@type\":\"ImageObject\",\"inLanguage\":\"pt-BR\",\"@id\":\"https:\\\/\\\/secure.gravatar.com\\\/avatar\\\/df0c9a14567c056f8ad6876ba5bbd1e3e2c48023eb6807342fc4663adf549f38?s=96&d=mm&r=g\",\"url\":\"https:\\\/\\\/secure.gravatar.com\\\/avatar\\\/df0c9a14567c056f8ad6876ba5bbd1e3e2c48023eb6807342fc4663adf549f38?s=96&d=mm&r=g\",\"contentUrl\":\"https:\\\/\\\/secure.gravatar.com\\\/avatar\\\/df0c9a14567c056f8ad6876ba5bbd1e3e2c48023eb6807342fc4663adf549f38?s=96&d=mm&r=g\",\"caption\":\"Farn\u00e9sio\"},\"sameAs\":[\"https:\\\/\\\/quersaberpolitica.com.br\"],\"url\":\"https:\\\/\\\/blogdofarnesio.com.br\\\/?author=1\"}]}<\/script>\n<!-- \/ Yoast SEO plugin. -->","yoast_head_json":{"title":"CALCULADORA DA APOSENTADORIA. CONFIRA AQUI - Blog do Farn\u00e9sio","robots":{"index":"index","follow":"follow","max-snippet":"max-snippet:-1","max-image-preview":"max-image-preview:large","max-video-preview":"max-video-preview:-1"},"canonical":"https:\/\/blogdofarnesio.com.br\/?p=158601","og_locale":"pt_BR","og_type":"article","og_title":"CALCULADORA DA APOSENTADORIA. CONFIRA AQUI - Blog do Farn\u00e9sio","og_description":"Em que ano voc\u00ea pode parar de trabalhar sem desconto no benef\u00edcio FOLHA DE S\u00c3O PAULO Em novembro, a presidente Dilma Rousseff sancionou a nova f\u00f3rmula, aprovada pelo Congresso Nacional, do chamado fator 85\/95. A regra soma o tempo de contribui\u00e7\u00e3o com o INSS \u00e0 idade. Quem atinge o fator 85\/95 se aposenta sem que ocorra o desconto do fator previdenci\u00e1rio, o \u00edndice que reduz a renda de quem se aposenta cedo, mas tamb\u00e9m aumenta o sal\u00e1rio do segurado que espera mais para pendurar as chuteiras. Ilustra\u00e7\u00e3o Luciano Veronezi Aposentadoria Atualmente, o teto da aposentadoria pelo INSS \u00e9 de R$ 4.663,75. Para homens, a soma deve ser de 95 pontos, com tempo de contribui\u00e7\u00e3o de pelo menos 35 anos. Para&hellip;","og_url":"https:\/\/blogdofarnesio.com.br\/?p=158601","og_site_name":"Blog do Farn\u00e9sio","article_publisher":"https:\/\/www.facebook.com\/BlogQuerSaberPolitica\/","article_published_time":"2017-02-07T11:31:07+00:00","og_image":[{"width":277,"height":182,"url":"https:\/\/blogdofarnesio.com.br\/wp-content\/uploads\/2016\/12\/blogqspferiado2.jpg","type":"image\/jpeg"}],"author":"Farn\u00e9sio","twitter_card":"summary_large_image","twitter_misc":{"Escrito por":"Farn\u00e9sio","Est. tempo de leitura":"3 minutos"},"schema":{"@context":"https:\/\/schema.org","@graph":[{"@type":"Article","@id":"https:\/\/blogdofarnesio.com.br\/?p=158601#article","isPartOf":{"@id":"https:\/\/blogdofarnesio.com.br\/?p=158601"},"author":{"name":"Farn\u00e9sio","@id":"https:\/\/blogdofarnesio.com.br\/#\/schema\/person\/301c4acf522bccbfdb45af95b5b906a1"},"headline":"CALCULADORA DA APOSENTADORIA. CONFIRA AQUI","datePublished":"2017-02-07T11:31:07+00:00","mainEntityOfPage":{"@id":"https:\/\/blogdofarnesio.com.br\/?p=158601"},"wordCount":674,"commentCount":0,"publisher":{"@id":"https:\/\/blogdofarnesio.com.br\/#organization"},"image":{"@id":"https:\/\/blogdofarnesio.com.br\/?p=158601#primaryimage"},"thumbnailUrl":"https:\/\/blogdofarnesio.com.br\/wp-content\/uploads\/2016\/12\/blogqspferiado2.jpg","articleSection":["A\u00e7\u00e3o Social"],"inLanguage":"pt-BR","potentialAction":[{"@type":"CommentAction","name":"Comment","target":["https:\/\/blogdofarnesio.com.br\/?p=158601#respond"]}]},{"@type":"WebPage","@id":"https:\/\/blogdofarnesio.com.br\/?p=158601","url":"https:\/\/blogdofarnesio.com.br\/?p=158601","name":"CALCULADORA DA APOSENTADORIA. CONFIRA AQUI - Blog do Farn\u00e9sio","isPartOf":{"@id":"https:\/\/blogdofarnesio.com.br\/#website"},"primaryImageOfPage":{"@id":"https:\/\/blogdofarnesio.com.br\/?p=158601#primaryimage"},"image":{"@id":"https:\/\/blogdofarnesio.com.br\/?p=158601#primaryimage"},"thumbnailUrl":"https:\/\/blogdofarnesio.com.br\/wp-content\/uploads\/2016\/12\/blogqspferiado2.jpg","datePublished":"2017-02-07T11:31:07+00:00","breadcrumb":{"@id":"https:\/\/blogdofarnesio.com.br\/?p=158601#breadcrumb"},"inLanguage":"pt-BR","potentialAction":[{"@type":"ReadAction","target":["https:\/\/blogdofarnesio.com.br\/?p=158601"]}]},{"@type":"ImageObject","inLanguage":"pt-BR","@id":"https:\/\/blogdofarnesio.com.br\/?p=158601#primaryimage","url":"https:\/\/blogdofarnesio.com.br\/wp-content\/uploads\/2016\/12\/blogqspferiado2.jpg","contentUrl":"https:\/\/blogdofarnesio.com.br\/wp-content\/uploads\/2016\/12\/blogqspferiado2.jpg","width":277,"height":182},{"@type":"BreadcrumbList","@id":"https:\/\/blogdofarnesio.com.br\/?p=158601#breadcrumb","itemListElement":[{"@type":"ListItem","position":1,"name":"In\u00edcio","item":"https:\/\/blogdofarnesio.com.br\/"},{"@type":"ListItem","position":2,"name":"CALCULADORA DA APOSENTADORIA. CONFIRA AQUI"}]},{"@type":"WebSite","@id":"https:\/\/blogdofarnesio.com.br\/#website","url":"https:\/\/blogdofarnesio.com.br\/","name":"Blog do Farn\u00e9sio","description":"Quer Saber Pol\u00edtica?","publisher":{"@id":"https:\/\/blogdofarnesio.com.br\/#organization"},"potentialAction":[{"@type":"SearchAction","target":{"@type":"EntryPoint","urlTemplate":"https:\/\/blogdofarnesio.com.br\/?s={search_term_string}"},"query-input":{"@type":"PropertyValueSpecification","valueRequired":true,"valueName":"search_term_string"}}],"inLanguage":"pt-BR"},{"@type":"Organization","@id":"https:\/\/blogdofarnesio.com.br\/#organization","name":"Blog do Farn\u00e9sio","url":"https:\/\/blogdofarnesio.com.br\/","logo":{"@type":"ImageObject","inLanguage":"pt-BR","@id":"https:\/\/blogdofarnesio.com.br\/#\/schema\/logo\/image\/","url":"https:\/\/blogdofarnesio.com.br\/wp-content\/uploads\/2026\/03\/cropped-logo_new-1.png","contentUrl":"https:\/\/blogdofarnesio.com.br\/wp-content\/uploads\/2026\/03\/cropped-logo_new-1.png","width":881,"height":685,"caption":"Blog do Farn\u00e9sio"},"image":{"@id":"https:\/\/blogdofarnesio.com.br\/#\/schema\/logo\/image\/"},"sameAs":["https:\/\/www.facebook.com\/BlogQuerSaberPolitica\/"]},{"@type":"Person","@id":"https:\/\/blogdofarnesio.com.br\/#\/schema\/person\/301c4acf522bccbfdb45af95b5b906a1","name":"Farn\u00e9sio","image":{"@type":"ImageObject","inLanguage":"pt-BR","@id":"https:\/\/secure.gravatar.com\/avatar\/df0c9a14567c056f8ad6876ba5bbd1e3e2c48023eb6807342fc4663adf549f38?s=96&d=mm&r=g","url":"https:\/\/secure.gravatar.com\/avatar\/df0c9a14567c056f8ad6876ba5bbd1e3e2c48023eb6807342fc4663adf549f38?s=96&d=mm&r=g","contentUrl":"https:\/\/secure.gravatar.com\/avatar\/df0c9a14567c056f8ad6876ba5bbd1e3e2c48023eb6807342fc4663adf549f38?s=96&d=mm&r=g","caption":"Farn\u00e9sio"},"sameAs":["https:\/\/quersaberpolitica.com.br"],"url":"https:\/\/blogdofarnesio.com.br\/?author=1"}]}},"_links":{"self":[{"href":"https:\/\/blogdofarnesio.com.br\/index.php?rest_route=\/wp\/v2\/posts\/158601","targetHints":{"allow":["GET"]}}],"collection":[{"href":"https:\/\/blogdofarnesio.com.br\/index.php?rest_route=\/wp\/v2\/posts"}],"about":[{"href":"https:\/\/blogdofarnesio.com.br\/index.php?rest_route=\/wp\/v2\/types\/post"}],"author":[{"embeddable":true,"href":"https:\/\/blogdofarnesio.com.br\/index.php?rest_route=\/wp\/v2\/users\/1"}],"replies":[{"embeddable":true,"href":"https:\/\/blogdofarnesio.com.br\/index.php?rest_route=%2Fwp%2Fv2%2Fcomments&post=158601"}],"version-history":[{"count":0,"href":"https:\/\/blogdofarnesio.com.br\/index.php?rest_route=\/wp\/v2\/posts\/158601\/revisions"}],"wp:featuredmedia":[{"embeddable":true,"href":"https:\/\/blogdofarnesio.com.br\/index.php?rest_route=\/wp\/v2\/media\/153779"}],"wp:attachment":[{"href":"https:\/\/blogdofarnesio.com.br\/index.php?rest_route=%2Fwp%2Fv2%2Fmedia&parent=158601"}],"wp:term":[{"taxonomy":"category","embeddable":true,"href":"https:\/\/blogdofarnesio.com.br\/index.php?rest_route=%2Fwp%2Fv2%2Fcategories&post=158601"},{"taxonomy":"post_tag","embeddable":true,"href":"https:\/\/blogdofarnesio.com.br\/index.php?rest_route=%2Fwp%2Fv2%2Ftags&post=158601"}],"curies":[{"name":"wp","href":"https:\/\/api.w.org\/{rel}","templated":true}]}}