{"id":15858,"date":"2012-07-20T08:30:27","date_gmt":"2012-07-20T08:30:27","guid":{"rendered":"http:\/\/www.quersaberpolitica.com.br?p=15858"},"modified":"2012-07-19T12:57:16","modified_gmt":"2012-07-19T12:57:16","slug":"transportes-em-motocicletas-e-motonetas-tem-ate-o-dia-5-de-agosto-para-cumprir-determinacoes-do-contran","status":"publish","type":"post","link":"https:\/\/blogdofarnesio.com.br\/?p=15858","title":{"rendered":"Transportes em motocicletas e motonetas tem at\u00e9 o dia 5 de agosto para cumprir determina\u00e7\u00f5es do CONTRAN"},"content":{"rendered":"<p>&nbsp;<\/p>\n<p><span style=\"font-size: small;\"><a style=\"font-size: medium; text-align: justify;\" rel=\"lightbox\" href=\"http:\/\/www.quersaberpolitica.com.br\/2016\/wp-content\/uploads\/2012\/12\/blogqspmotofretista.jpg\"><img loading=\"lazy\" decoding=\"async\" style=\"float: left; margin: 5px 10px;\" src=\"http:\/\/www.quersaberpolitica.com.br\/2016\/wp-content\/uploads\/2012\/12\/blogqspmotofretista.jpg\" alt=\"\" width=\"200\" height=\"174\" \/><\/a><\/span><\/p>\n<p style=\"text-align: justify;\"><span style=\"font-size: small;\">Em Petrolina, segundo informa&ccedil;&otilde;es da associa&ccedil;&atilde;o da categoria, o munic&iacute;pio re&uacute;ne 1.800 motofretistas e cerca de 800 mototaxistas. A Policia Rodovi&aacute;ria Federal j&aacute; alertou motofretistas e mototaxistas para novas regras de tr&acirc;nsito. Dentre as determina&ccedil;&otilde;es, o cumprimento das resolu&ccedil;&otilde;es 350 e 356 do CONTRAN que dizem respeito aos requisitos minimos de seguran&ccedil;a para transportes de passageiros e cargas. Os motofrentistas e mototaxistas t&ecirc;m at&eacute; o pr&oacute;ximo dia 5 de agosto para se adptarem as novas regras do Conselho Nacional de Tr&acirc;nsito.<\/span><\/p>\n<p style=\"text-align: justify;\"><span style=\"font-size: medium;\"><span style=\"font-size: small;\">Tendo em vista a regulariza&ccedil;&atilde;o de empresas e motoristas que fazem uso profissional de transportes em motocicleta ou motoneta, o Minist&eacute;rio P&uacute;blico do Trabalho (MPT) em Pernambuco realiza audi&ecirc;ncia p&uacute;blica na pr&oacute;xima quinta-feira (19), &agrave;s 16h, na sede do Departamento Estadual de Tr&acirc;nsito em Pernambuco (Detran\/PE). Na audi&ecirc;ncia, ser&atilde;o esclarecidas as exig&ecirc;ncias legais que regulamentam o exerc&iacute;cio da atividade dos profissionais em transporte de passageiros (mototaxistas) e de entrega de mercadorias (motofretistas), conforme nova resolu&ccedil;&atilde;o do Conselho Nacional de Tr&acirc;nsito (Contran).<\/span><\/span><\/p>\n<p style=\"text-align: justify;\"><span style=\"font-size: medium;\"><span style=\"font-size: small;\">Dentre as determina&ccedil;&otilde;es a serem atendidas est&atilde;o, para os motoristas: a idade m&iacute;nima de 21 anos e habilita&ccedil;&atilde;o na categoria &#8220;A&#8221; por pelo menos dois anos; curso de especializa&ccedil;&atilde;o e uso dos devidos equipamentos individuais de seguran&ccedil;a (tais como capacetes, coletes e roupas adequadas); e para os ve&iacute;culos: possuir registro na categoria de aluguel, ter instalado o protetor mata-cachorro e o aparador de linha antena corta-pipas, al&eacute;m da obrigatoriedade da inspe&ccedil;&atilde;o semestral.<\/span><\/span><\/p>\n<div><span style=\"font-size: medium;\"><span style=\"font-family: arial, helvetica, sans-serif;\"><br \/><\/span><\/span><\/div>\n<p>&nbsp;<\/p>\n","protected":false},"excerpt":{"rendered":"<p>&nbsp; Em Petrolina, segundo informa&ccedil;&otilde;es da associa&ccedil;&atilde;o da categoria, o munic&iacute;pio re&uacute;ne 1.800 motofretistas e cerca de 800 mototaxistas. A Policia Rodovi&aacute;ria Federal j&aacute; alertou motofretistas e mototaxistas para novas regras de tr&acirc;nsito. Dentre as determina&ccedil;&otilde;es, o cumprimento das resolu&ccedil;&otilde;es 350 e 356 do CONTRAN que dizem respeito aos requisitos minimos de seguran&ccedil;a para transportes de passageiros e cargas. Os motofrentistas e mototaxistas t&ecirc;m at&eacute; o pr&oacute;ximo dia 5 de agosto para se adptarem as novas regras do Conselho Nacional de Tr&acirc;nsito. Tendo em vista a regulariza&ccedil;&atilde;o de empresas e motoristas que fazem uso profissional de transportes em motocicleta ou motoneta, o Minist&eacute;rio P&uacute;blico do Trabalho (MPT) em Pernambuco realiza audi&ecirc;ncia p&uacute;blica na pr&oacute;xima quinta-feira (19), &agrave;s 16h, na sede&hellip; <\/p>\n","protected":false},"author":0,"featured_media":0,"comment_status":"open","ping_status":"open","sticky":false,"template":"","format":"standard","meta":{"_acf_changed":false,"footnotes":""},"categories":[21],"tags":[],"class_list":["post-15858","post","type-post","status-publish","format-standard","hentry","category-transito"],"acf":[],"yoast_head":"<!-- This site is optimized with the Yoast SEO plugin v27.4 - https:\/\/yoast.com\/product\/yoast-seo-wordpress\/ -->\n<title>Transportes em motocicletas e motonetas tem at\u00e9 o dia 5 de agosto para cumprir determina\u00e7\u00f5es do CONTRAN  - Blog do Farn\u00e9sio<\/title>\n<meta name=\"robots\" content=\"index, follow, max-snippet:-1, max-image-preview:large, max-video-preview:-1\" \/>\n<link rel=\"canonical\" href=\"https:\/\/blogdofarnesio.com.br\/?p=15858\" \/>\n<meta property=\"og:locale\" content=\"pt_BR\" \/>\n<meta property=\"og:type\" content=\"article\" \/>\n<meta property=\"og:title\" content=\"Transportes em motocicletas e motonetas tem at\u00e9 o dia 5 de agosto para cumprir determina\u00e7\u00f5es do CONTRAN  - Blog do Farn\u00e9sio\" \/>\n<meta property=\"og:description\" content=\"&nbsp; Em Petrolina, segundo informa&ccedil;&otilde;es da associa&ccedil;&atilde;o da categoria, o munic&iacute;pio re&uacute;ne 1.800 motofretistas e cerca de 800 mototaxistas. A Policia Rodovi&aacute;ria Federal j&aacute; alertou motofretistas e mototaxistas para novas regras de tr&acirc;nsito. Dentre as determina&ccedil;&otilde;es, o cumprimento das resolu&ccedil;&otilde;es 350 e 356 do CONTRAN que dizem respeito aos requisitos minimos de seguran&ccedil;a para transportes de passageiros e cargas. Os motofrentistas e mototaxistas t&ecirc;m at&eacute; o pr&oacute;ximo dia 5 de agosto para se adptarem as novas regras do Conselho Nacional de Tr&acirc;nsito. Tendo em vista a regulariza&ccedil;&atilde;o de empresas e motoristas que fazem uso profissional de transportes em motocicleta ou motoneta, o Minist&eacute;rio P&uacute;blico do Trabalho (MPT) em Pernambuco realiza audi&ecirc;ncia p&uacute;blica na pr&oacute;xima quinta-feira (19), &agrave;s 16h, na sede&hellip;\" \/>\n<meta property=\"og:url\" content=\"https:\/\/blogdofarnesio.com.br\/?p=15858\" \/>\n<meta property=\"og:site_name\" content=\"Blog do Farn\u00e9sio\" \/>\n<meta property=\"article:publisher\" content=\"https:\/\/www.facebook.com\/BlogQuerSaberPolitica\/\" \/>\n<meta property=\"article:published_time\" content=\"2012-07-20T08:30:27+00:00\" \/>\n<meta property=\"og:image\" content=\"http:\/\/www.quersaberpolitica.com.br\/2016\/wp-content\/uploads\/2012\/12\/blogqspmotofretista.jpg\" \/>\n<meta name=\"twitter:card\" content=\"summary_large_image\" \/>\n<meta name=\"twitter:label1\" content=\"Est. tempo de leitura\" \/>\n\t<meta name=\"twitter:data1\" content=\"2 minutos\" \/>\n<script type=\"application\/ld+json\" class=\"yoast-schema-graph\">{\"@context\":\"https:\\\/\\\/schema.org\",\"@graph\":[{\"@type\":\"Article\",\"@id\":\"https:\\\/\\\/blogdofarnesio.com.br\\\/?p=15858#article\",\"isPartOf\":{\"@id\":\"https:\\\/\\\/blogdofarnesio.com.br\\\/?p=15858\"},\"author\":{\"name\":\"\",\"@id\":\"\"},\"headline\":\"Transportes em motocicletas e motonetas tem at\u00e9 o dia 5 de agosto para cumprir determina\u00e7\u00f5es do CONTRAN\",\"datePublished\":\"2012-07-20T08:30:27+00:00\",\"mainEntityOfPage\":{\"@id\":\"https:\\\/\\\/blogdofarnesio.com.br\\\/?p=15858\"},\"wordCount\":328,\"commentCount\":0,\"publisher\":{\"@id\":\"https:\\\/\\\/blogdofarnesio.com.br\\\/#organization\"},\"image\":{\"@id\":\"https:\\\/\\\/blogdofarnesio.com.br\\\/?p=15858#primaryimage\"},\"thumbnailUrl\":\"http:\\\/\\\/www.quersaberpolitica.com.br\\\/2016\\\/wp-content\\\/uploads\\\/2012\\\/12\\\/blogqspmotofretista.jpg\",\"articleSection\":[\"Tr\u00e2nsito\"],\"inLanguage\":\"pt-BR\",\"potentialAction\":[{\"@type\":\"CommentAction\",\"name\":\"Comment\",\"target\":[\"https:\\\/\\\/blogdofarnesio.com.br\\\/?p=15858#respond\"]}]},{\"@type\":\"WebPage\",\"@id\":\"https:\\\/\\\/blogdofarnesio.com.br\\\/?p=15858\",\"url\":\"https:\\\/\\\/blogdofarnesio.com.br\\\/?p=15858\",\"name\":\"Transportes em motocicletas e motonetas tem at\u00e9 o dia 5 de agosto para cumprir determina\u00e7\u00f5es do CONTRAN - Blog do Farn\u00e9sio\",\"isPartOf\":{\"@id\":\"https:\\\/\\\/blogdofarnesio.com.br\\\/#website\"},\"primaryImageOfPage\":{\"@id\":\"https:\\\/\\\/blogdofarnesio.com.br\\\/?p=15858#primaryimage\"},\"image\":{\"@id\":\"https:\\\/\\\/blogdofarnesio.com.br\\\/?p=15858#primaryimage\"},\"thumbnailUrl\":\"http:\\\/\\\/www.quersaberpolitica.com.br\\\/2016\\\/wp-content\\\/uploads\\\/2012\\\/12\\\/blogqspmotofretista.jpg\",\"datePublished\":\"2012-07-20T08:30:27+00:00\",\"breadcrumb\":{\"@id\":\"https:\\\/\\\/blogdofarnesio.com.br\\\/?p=15858#breadcrumb\"},\"inLanguage\":\"pt-BR\",\"potentialAction\":[{\"@type\":\"ReadAction\",\"target\":[\"https:\\\/\\\/blogdofarnesio.com.br\\\/?p=15858\"]}]},{\"@type\":\"ImageObject\",\"inLanguage\":\"pt-BR\",\"@id\":\"https:\\\/\\\/blogdofarnesio.com.br\\\/?p=15858#primaryimage\",\"url\":\"http:\\\/\\\/www.quersaberpolitica.com.br\\\/2016\\\/wp-content\\\/uploads\\\/2012\\\/12\\\/blogqspmotofretista.jpg\",\"contentUrl\":\"http:\\\/\\\/www.quersaberpolitica.com.br\\\/2016\\\/wp-content\\\/uploads\\\/2012\\\/12\\\/blogqspmotofretista.jpg\"},{\"@type\":\"BreadcrumbList\",\"@id\":\"https:\\\/\\\/blogdofarnesio.com.br\\\/?p=15858#breadcrumb\",\"itemListElement\":[{\"@type\":\"ListItem\",\"position\":1,\"name\":\"In\u00edcio\",\"item\":\"https:\\\/\\\/blogdofarnesio.com.br\\\/\"},{\"@type\":\"ListItem\",\"position\":2,\"name\":\"Transportes em motocicletas e motonetas tem at\u00e9 o dia 5 de agosto para cumprir determina\u00e7\u00f5es do CONTRAN\"}]},{\"@type\":\"WebSite\",\"@id\":\"https:\\\/\\\/blogdofarnesio.com.br\\\/#website\",\"url\":\"https:\\\/\\\/blogdofarnesio.com.br\\\/\",\"name\":\"Blog do Farn\u00e9sio\",\"description\":\"Quer Saber Pol\u00edtica?\",\"publisher\":{\"@id\":\"https:\\\/\\\/blogdofarnesio.com.br\\\/#organization\"},\"potentialAction\":[{\"@type\":\"SearchAction\",\"target\":{\"@type\":\"EntryPoint\",\"urlTemplate\":\"https:\\\/\\\/blogdofarnesio.com.br\\\/?s={search_term_string}\"},\"query-input\":{\"@type\":\"PropertyValueSpecification\",\"valueRequired\":true,\"valueName\":\"search_term_string\"}}],\"inLanguage\":\"pt-BR\"},{\"@type\":\"Organization\",\"@id\":\"https:\\\/\\\/blogdofarnesio.com.br\\\/#organization\",\"name\":\"Blog do Farn\u00e9sio\",\"url\":\"https:\\\/\\\/blogdofarnesio.com.br\\\/\",\"logo\":{\"@type\":\"ImageObject\",\"inLanguage\":\"pt-BR\",\"@id\":\"https:\\\/\\\/blogdofarnesio.com.br\\\/#\\\/schema\\\/logo\\\/image\\\/\",\"url\":\"https:\\\/\\\/blogdofarnesio.com.br\\\/wp-content\\\/uploads\\\/2026\\\/03\\\/cropped-logo_new-1.png\",\"contentUrl\":\"https:\\\/\\\/blogdofarnesio.com.br\\\/wp-content\\\/uploads\\\/2026\\\/03\\\/cropped-logo_new-1.png\",\"width\":881,\"height\":685,\"caption\":\"Blog do Farn\u00e9sio\"},\"image\":{\"@id\":\"https:\\\/\\\/blogdofarnesio.com.br\\\/#\\\/schema\\\/logo\\\/image\\\/\"},\"sameAs\":[\"https:\\\/\\\/www.facebook.com\\\/BlogQuerSaberPolitica\\\/\"]}]}<\/script>\n<!-- \/ Yoast SEO plugin. -->","yoast_head_json":{"title":"Transportes em motocicletas e motonetas tem at\u00e9 o dia 5 de agosto para cumprir determina\u00e7\u00f5es do CONTRAN  - Blog do Farn\u00e9sio","robots":{"index":"index","follow":"follow","max-snippet":"max-snippet:-1","max-image-preview":"max-image-preview:large","max-video-preview":"max-video-preview:-1"},"canonical":"https:\/\/blogdofarnesio.com.br\/?p=15858","og_locale":"pt_BR","og_type":"article","og_title":"Transportes em motocicletas e motonetas tem at\u00e9 o dia 5 de agosto para cumprir determina\u00e7\u00f5es do CONTRAN  - Blog do Farn\u00e9sio","og_description":"&nbsp; Em Petrolina, segundo informa&ccedil;&otilde;es da associa&ccedil;&atilde;o da categoria, o munic&iacute;pio re&uacute;ne 1.800 motofretistas e cerca de 800 mototaxistas. A Policia Rodovi&aacute;ria Federal j&aacute; alertou motofretistas e mototaxistas para novas regras de tr&acirc;nsito. Dentre as determina&ccedil;&otilde;es, o cumprimento das resolu&ccedil;&otilde;es 350 e 356 do CONTRAN que dizem respeito aos requisitos minimos de seguran&ccedil;a para transportes de passageiros e cargas. Os motofrentistas e mototaxistas t&ecirc;m at&eacute; o pr&oacute;ximo dia 5 de agosto para se adptarem as novas regras do Conselho Nacional de Tr&acirc;nsito. Tendo em vista a regulariza&ccedil;&atilde;o de empresas e motoristas que fazem uso profissional de transportes em motocicleta ou motoneta, o Minist&eacute;rio P&uacute;blico do Trabalho (MPT) em Pernambuco realiza audi&ecirc;ncia p&uacute;blica na pr&oacute;xima quinta-feira (19), &agrave;s 16h, na sede&hellip;","og_url":"https:\/\/blogdofarnesio.com.br\/?p=15858","og_site_name":"Blog do Farn\u00e9sio","article_publisher":"https:\/\/www.facebook.com\/BlogQuerSaberPolitica\/","article_published_time":"2012-07-20T08:30:27+00:00","og_image":[{"url":"http:\/\/www.quersaberpolitica.com.br\/2016\/wp-content\/uploads\/2012\/12\/blogqspmotofretista.jpg","type":"","width":"","height":""}],"twitter_card":"summary_large_image","twitter_misc":{"Est. tempo de leitura":"2 minutos"},"schema":{"@context":"https:\/\/schema.org","@graph":[{"@type":"Article","@id":"https:\/\/blogdofarnesio.com.br\/?p=15858#article","isPartOf":{"@id":"https:\/\/blogdofarnesio.com.br\/?p=15858"},"author":{"name":"","@id":""},"headline":"Transportes em motocicletas e motonetas tem at\u00e9 o dia 5 de agosto para cumprir determina\u00e7\u00f5es do CONTRAN","datePublished":"2012-07-20T08:30:27+00:00","mainEntityOfPage":{"@id":"https:\/\/blogdofarnesio.com.br\/?p=15858"},"wordCount":328,"commentCount":0,"publisher":{"@id":"https:\/\/blogdofarnesio.com.br\/#organization"},"image":{"@id":"https:\/\/blogdofarnesio.com.br\/?p=15858#primaryimage"},"thumbnailUrl":"http:\/\/www.quersaberpolitica.com.br\/2016\/wp-content\/uploads\/2012\/12\/blogqspmotofretista.jpg","articleSection":["Tr\u00e2nsito"],"inLanguage":"pt-BR","potentialAction":[{"@type":"CommentAction","name":"Comment","target":["https:\/\/blogdofarnesio.com.br\/?p=15858#respond"]}]},{"@type":"WebPage","@id":"https:\/\/blogdofarnesio.com.br\/?p=15858","url":"https:\/\/blogdofarnesio.com.br\/?p=15858","name":"Transportes em motocicletas e motonetas tem at\u00e9 o dia 5 de agosto para cumprir determina\u00e7\u00f5es do CONTRAN - Blog do Farn\u00e9sio","isPartOf":{"@id":"https:\/\/blogdofarnesio.com.br\/#website"},"primaryImageOfPage":{"@id":"https:\/\/blogdofarnesio.com.br\/?p=15858#primaryimage"},"image":{"@id":"https:\/\/blogdofarnesio.com.br\/?p=15858#primaryimage"},"thumbnailUrl":"http:\/\/www.quersaberpolitica.com.br\/2016\/wp-content\/uploads\/2012\/12\/blogqspmotofretista.jpg","datePublished":"2012-07-20T08:30:27+00:00","breadcrumb":{"@id":"https:\/\/blogdofarnesio.com.br\/?p=15858#breadcrumb"},"inLanguage":"pt-BR","potentialAction":[{"@type":"ReadAction","target":["https:\/\/blogdofarnesio.com.br\/?p=15858"]}]},{"@type":"ImageObject","inLanguage":"pt-BR","@id":"https:\/\/blogdofarnesio.com.br\/?p=15858#primaryimage","url":"http:\/\/www.quersaberpolitica.com.br\/2016\/wp-content\/uploads\/2012\/12\/blogqspmotofretista.jpg","contentUrl":"http:\/\/www.quersaberpolitica.com.br\/2016\/wp-content\/uploads\/2012\/12\/blogqspmotofretista.jpg"},{"@type":"BreadcrumbList","@id":"https:\/\/blogdofarnesio.com.br\/?p=15858#breadcrumb","itemListElement":[{"@type":"ListItem","position":1,"name":"In\u00edcio","item":"https:\/\/blogdofarnesio.com.br\/"},{"@type":"ListItem","position":2,"name":"Transportes em motocicletas e motonetas tem at\u00e9 o dia 5 de agosto para cumprir determina\u00e7\u00f5es do CONTRAN"}]},{"@type":"WebSite","@id":"https:\/\/blogdofarnesio.com.br\/#website","url":"https:\/\/blogdofarnesio.com.br\/","name":"Blog do Farn\u00e9sio","description":"Quer Saber Pol\u00edtica?","publisher":{"@id":"https:\/\/blogdofarnesio.com.br\/#organization"},"potentialAction":[{"@type":"SearchAction","target":{"@type":"EntryPoint","urlTemplate":"https:\/\/blogdofarnesio.com.br\/?s={search_term_string}"},"query-input":{"@type":"PropertyValueSpecification","valueRequired":true,"valueName":"search_term_string"}}],"inLanguage":"pt-BR"},{"@type":"Organization","@id":"https:\/\/blogdofarnesio.com.br\/#organization","name":"Blog do Farn\u00e9sio","url":"https:\/\/blogdofarnesio.com.br\/","logo":{"@type":"ImageObject","inLanguage":"pt-BR","@id":"https:\/\/blogdofarnesio.com.br\/#\/schema\/logo\/image\/","url":"https:\/\/blogdofarnesio.com.br\/wp-content\/uploads\/2026\/03\/cropped-logo_new-1.png","contentUrl":"https:\/\/blogdofarnesio.com.br\/wp-content\/uploads\/2026\/03\/cropped-logo_new-1.png","width":881,"height":685,"caption":"Blog do Farn\u00e9sio"},"image":{"@id":"https:\/\/blogdofarnesio.com.br\/#\/schema\/logo\/image\/"},"sameAs":["https:\/\/www.facebook.com\/BlogQuerSaberPolitica\/"]}]}},"_links":{"self":[{"href":"https:\/\/blogdofarnesio.com.br\/index.php?rest_route=\/wp\/v2\/posts\/15858","targetHints":{"allow":["GET"]}}],"collection":[{"href":"https:\/\/blogdofarnesio.com.br\/index.php?rest_route=\/wp\/v2\/posts"}],"about":[{"href":"https:\/\/blogdofarnesio.com.br\/index.php?rest_route=\/wp\/v2\/types\/post"}],"replies":[{"embeddable":true,"href":"https:\/\/blogdofarnesio.com.br\/index.php?rest_route=%2Fwp%2Fv2%2Fcomments&post=15858"}],"version-history":[{"count":0,"href":"https:\/\/blogdofarnesio.com.br\/index.php?rest_route=\/wp\/v2\/posts\/15858\/revisions"}],"wp:attachment":[{"href":"https:\/\/blogdofarnesio.com.br\/index.php?rest_route=%2Fwp%2Fv2%2Fmedia&parent=15858"}],"wp:term":[{"taxonomy":"category","embeddable":true,"href":"https:\/\/blogdofarnesio.com.br\/index.php?rest_route=%2Fwp%2Fv2%2Fcategories&post=15858"},{"taxonomy":"post_tag","embeddable":true,"href":"https:\/\/blogdofarnesio.com.br\/index.php?rest_route=%2Fwp%2Fv2%2Ftags&post=15858"}],"curies":[{"name":"wp","href":"https:\/\/api.w.org\/{rel}","templated":true}]}}