{"id":15857,"date":"2012-07-19T10:41:02","date_gmt":"2012-07-19T10:41:02","guid":{"rendered":"http:\/\/www.quersaberpolitica.com.br?p=15857"},"modified":"2012-07-19T07:43:18","modified_gmt":"2012-07-19T07:43:18","slug":"cdl-prepara-documento-para-reclamar-da-ineficiencia-no-servico-de-telefonia-oi","status":"publish","type":"post","link":"https:\/\/blogdofarnesio.com.br\/?p=15857","title":{"rendered":"CDL prepara documento para reclamar da inefici\u00eancia no servi\u00e7o de telefonia OI"},"content":{"rendered":"<p>&nbsp;<\/p>\n<p style=\"text-align: justify;\"><a rel=\"lightbox\" href=\"http:\/\/www.quersaberpolitica.com.br\/2016\/wp-content\/uploads\/2012\/12\/blogsp.chips.jpg\"><img loading=\"lazy\" decoding=\"async\" style=\"float: left; margin: 5px 10px;\" src=\"http:\/\/www.quersaberpolitica.com.br\/2016\/wp-content\/uploads\/2012\/12\/blogsp.chips.jpg\" alt=\"\" width=\"200\" height=\"133\" \/><\/a><span style=\"font-size: medium;\">O presidente da CDL de Juazeiro, Erivaldo Oliveira, esteve esta manh&atilde; no programa Nos Bastidores da Noticia, na Tropical SAT\/FM, para falar sobre a medida que a tomou com rela&ccedil;&atilde;o as reclama&ccedil;&otilde;es sobre a operadora OI na cidade. Segundo o mesmo a presid&ecirc;ncia da CDL de Juazeiro, tendo constatado junto a diversos associados da Entidade insatisfa&ccedil;&otilde;es com o servi&ccedil;o de telefonia (m&oacute;vel e fixo) prestado pela Operadora OI em Juazeiro e diante das evidencias est&aacute; documentando, via abaixo-assinado, reclama&ccedil;&atilde;o ao Minist&eacute;rio P&uacute;blico local com c&oacute;pia para o presidente da OAB &#8211; subse&ccedil;&atilde;o Juazeiro, Dr. Artur Carlos Filho, e ao Procon em Salvador.<\/span><\/p>\n<p style=\"text-align: justify;\"><span style=\"font-size: medium;\">&#8220;A CDL espera que sejam tomadas medidas equacionadoras para melhorar a presta&ccedil;&atilde;o do servi&ccedil;o ofertado. Estamos colocando a CDL de Juazeiro como interlocutora do fato, no acompanhamento da solu&ccedil;&atilde;o de t&atilde;o grave problema e em defesa dos seus associados em Juazeiro.&#8221;, revelou, explicando que cada lojista interessado, associado (ou mesmo n&atilde;o associado), que se sente de alguma forma prejudicado ou diretamente lesado, deve assinar documento dispon&iacute;vel na pr&oacute;pria CDL e na Papelaria Avenida (centro da cidade) e nas r&aacute;dios locais. &#8220;Desejando antecipar suas queixas, ligue para os telefones 3611.7751\/6583, para fortalecer esse objetivo em prol de uma melhor qualidade e satisfa&ccedil;&atilde;o no servi&ccedil;o da concession&aacute;ria de telefonia OI em Juazeiro&#8221;.<\/span><\/p>\n<p style=\"text-align: justify;\"><span style=\"font-size: medium;\">Falso<\/span><\/p>\n<p style=\"text-align: justify;\"><span style=\"font-size: medium;\"><a rel=\"lightbox\" href=\"http:\/\/www.quersaberpolitica.com.br\/2016\/wp-content\/uploads\/2012\/12\/blogqsp.notasfalsas.jpg\"><img loading=\"lazy\" decoding=\"async\" style=\"float: right; margin: 5px 10px;\" src=\"http:\/\/www.quersaberpolitica.com.br\/2016\/wp-content\/uploads\/2012\/12\/blogqsp.notasfalsas.jpg\" alt=\"\" width=\"200\" height=\"150\" \/><\/a>Aproveitando a oportunidade e a audi&ecirc;ncia do programa Erivaldo Oliveira trouxe a tona outro assunto de interesse publico. O primeiro um alerta a popula&ccedil;&atilde;o com rela&ccedil;&atilde;o a notas de dinheiro falsa que est&atilde;o sendo utilizadas no centro comercial. &#8220;A CDL de Juazeiro est&aacute; em alerta por conta de um derrame de c&eacute;dulas falsificadas em circula&ccedil;&atilde;o na nossa cidade. A Entidade foi informada por gerentes de bancos que nos &uacute;ltimos meses houve um aumento significativo em ocorr&ecirc;ncias deste crime. As principais notas falsificadas s&atilde;o de R$ 50 e R$ 100. O tipo do crime varia de estelionato &agrave; falsifica&ccedil;&atilde;o de moeda, de acordo com a qualidade da c&oacute;pia&#8221;, explicou.&nbsp;<br \/>A orienta&ccedil;&atilde;o do presidente da CDL de Juazeiro para quem tiver duvida se o dinheiro &eacute; falso ou n&atilde;o &eacute; procurar o Banco do Brasil para n&atilde;o correr o risco de ser flagrado com uma nota dessas e responder na justi&ccedil;a por crime.<\/span><\/p>\n<p style=\"text-align: justify;\"><span style=\"font-size: medium;\"><br \/><\/span><\/p>\n<p>&nbsp;<\/p>\n","protected":false},"excerpt":{"rendered":"<p>&nbsp; O presidente da CDL de Juazeiro, Erivaldo Oliveira, esteve esta manh&atilde; no programa Nos Bastidores da Noticia, na Tropical SAT\/FM, para falar sobre a medida que a tomou com rela&ccedil;&atilde;o as reclama&ccedil;&otilde;es sobre a operadora OI na cidade. Segundo o mesmo a presid&ecirc;ncia da CDL de Juazeiro, tendo constatado junto a diversos associados da Entidade insatisfa&ccedil;&otilde;es com o servi&ccedil;o de telefonia (m&oacute;vel e fixo) prestado pela Operadora OI em Juazeiro e diante das evidencias est&aacute; documentando, via abaixo-assinado, reclama&ccedil;&atilde;o ao Minist&eacute;rio P&uacute;blico local com c&oacute;pia para o presidente da OAB &#8211; subse&ccedil;&atilde;o Juazeiro, Dr. Artur Carlos Filho, e ao Procon em Salvador. &#8220;A CDL espera que sejam tomadas medidas equacionadoras para melhorar a presta&ccedil;&atilde;o do servi&ccedil;o ofertado. Estamos colocando&hellip; <\/p>\n","protected":false},"author":0,"featured_media":0,"comment_status":"open","ping_status":"open","sticky":false,"template":"","format":"standard","meta":{"_acf_changed":false,"footnotes":""},"categories":[20],"tags":[],"class_list":["post-15857","post","type-post","status-publish","format-standard","hentry","category-economia"],"acf":[],"yoast_head":"<!-- This site is optimized with the Yoast SEO plugin v27.4 - https:\/\/yoast.com\/product\/yoast-seo-wordpress\/ -->\n<title>CDL prepara documento para reclamar da inefici\u00eancia no servi\u00e7o de telefonia OI  - Blog do Farn\u00e9sio<\/title>\n<meta name=\"robots\" content=\"index, follow, max-snippet:-1, max-image-preview:large, max-video-preview:-1\" \/>\n<link rel=\"canonical\" href=\"https:\/\/blogdofarnesio.com.br\/?p=15857\" \/>\n<meta property=\"og:locale\" content=\"pt_BR\" \/>\n<meta property=\"og:type\" content=\"article\" \/>\n<meta property=\"og:title\" content=\"CDL prepara documento para reclamar da inefici\u00eancia no servi\u00e7o de telefonia OI  - Blog do Farn\u00e9sio\" \/>\n<meta property=\"og:description\" content=\"&nbsp; O presidente da CDL de Juazeiro, Erivaldo Oliveira, esteve esta manh&atilde; no programa Nos Bastidores da Noticia, na Tropical SAT\/FM, para falar sobre a medida que a tomou com rela&ccedil;&atilde;o as reclama&ccedil;&otilde;es sobre a operadora OI na cidade. Segundo o mesmo a presid&ecirc;ncia da CDL de Juazeiro, tendo constatado junto a diversos associados da Entidade insatisfa&ccedil;&otilde;es com o servi&ccedil;o de telefonia (m&oacute;vel e fixo) prestado pela Operadora OI em Juazeiro e diante das evidencias est&aacute; documentando, via abaixo-assinado, reclama&ccedil;&atilde;o ao Minist&eacute;rio P&uacute;blico local com c&oacute;pia para o presidente da OAB &#8211; subse&ccedil;&atilde;o Juazeiro, Dr. Artur Carlos Filho, e ao Procon em Salvador. &#8220;A CDL espera que sejam tomadas medidas equacionadoras para melhorar a presta&ccedil;&atilde;o do servi&ccedil;o ofertado. Estamos colocando&hellip;\" \/>\n<meta property=\"og:url\" content=\"https:\/\/blogdofarnesio.com.br\/?p=15857\" \/>\n<meta property=\"og:site_name\" content=\"Blog do Farn\u00e9sio\" \/>\n<meta property=\"article:publisher\" content=\"https:\/\/www.facebook.com\/BlogQuerSaberPolitica\/\" \/>\n<meta property=\"article:published_time\" content=\"2012-07-19T10:41:02+00:00\" \/>\n<meta property=\"og:image\" content=\"http:\/\/www.quersaberpolitica.com.br\/2016\/wp-content\/uploads\/2012\/12\/blogsp.chips.jpg\" \/>\n<meta name=\"twitter:card\" content=\"summary_large_image\" \/>\n<meta name=\"twitter:label1\" content=\"Est. tempo de leitura\" \/>\n\t<meta name=\"twitter:data1\" content=\"2 minutos\" \/>\n<script type=\"application\/ld+json\" class=\"yoast-schema-graph\">{\"@context\":\"https:\\\/\\\/schema.org\",\"@graph\":[{\"@type\":\"Article\",\"@id\":\"https:\\\/\\\/blogdofarnesio.com.br\\\/?p=15857#article\",\"isPartOf\":{\"@id\":\"https:\\\/\\\/blogdofarnesio.com.br\\\/?p=15857\"},\"author\":{\"name\":\"\",\"@id\":\"\"},\"headline\":\"CDL prepara documento para reclamar da inefici\u00eancia no servi\u00e7o de telefonia OI\",\"datePublished\":\"2012-07-19T10:41:02+00:00\",\"mainEntityOfPage\":{\"@id\":\"https:\\\/\\\/blogdofarnesio.com.br\\\/?p=15857\"},\"wordCount\":468,\"commentCount\":0,\"publisher\":{\"@id\":\"https:\\\/\\\/blogdofarnesio.com.br\\\/#organization\"},\"image\":{\"@id\":\"https:\\\/\\\/blogdofarnesio.com.br\\\/?p=15857#primaryimage\"},\"thumbnailUrl\":\"http:\\\/\\\/www.quersaberpolitica.com.br\\\/2016\\\/wp-content\\\/uploads\\\/2012\\\/12\\\/blogsp.chips.jpg\",\"articleSection\":[\"Economia\"],\"inLanguage\":\"pt-BR\",\"potentialAction\":[{\"@type\":\"CommentAction\",\"name\":\"Comment\",\"target\":[\"https:\\\/\\\/blogdofarnesio.com.br\\\/?p=15857#respond\"]}]},{\"@type\":\"WebPage\",\"@id\":\"https:\\\/\\\/blogdofarnesio.com.br\\\/?p=15857\",\"url\":\"https:\\\/\\\/blogdofarnesio.com.br\\\/?p=15857\",\"name\":\"CDL prepara documento para reclamar da inefici\u00eancia no servi\u00e7o de telefonia OI - Blog do Farn\u00e9sio\",\"isPartOf\":{\"@id\":\"https:\\\/\\\/blogdofarnesio.com.br\\\/#website\"},\"primaryImageOfPage\":{\"@id\":\"https:\\\/\\\/blogdofarnesio.com.br\\\/?p=15857#primaryimage\"},\"image\":{\"@id\":\"https:\\\/\\\/blogdofarnesio.com.br\\\/?p=15857#primaryimage\"},\"thumbnailUrl\":\"http:\\\/\\\/www.quersaberpolitica.com.br\\\/2016\\\/wp-content\\\/uploads\\\/2012\\\/12\\\/blogsp.chips.jpg\",\"datePublished\":\"2012-07-19T10:41:02+00:00\",\"breadcrumb\":{\"@id\":\"https:\\\/\\\/blogdofarnesio.com.br\\\/?p=15857#breadcrumb\"},\"inLanguage\":\"pt-BR\",\"potentialAction\":[{\"@type\":\"ReadAction\",\"target\":[\"https:\\\/\\\/blogdofarnesio.com.br\\\/?p=15857\"]}]},{\"@type\":\"ImageObject\",\"inLanguage\":\"pt-BR\",\"@id\":\"https:\\\/\\\/blogdofarnesio.com.br\\\/?p=15857#primaryimage\",\"url\":\"http:\\\/\\\/www.quersaberpolitica.com.br\\\/2016\\\/wp-content\\\/uploads\\\/2012\\\/12\\\/blogsp.chips.jpg\",\"contentUrl\":\"http:\\\/\\\/www.quersaberpolitica.com.br\\\/2016\\\/wp-content\\\/uploads\\\/2012\\\/12\\\/blogsp.chips.jpg\"},{\"@type\":\"BreadcrumbList\",\"@id\":\"https:\\\/\\\/blogdofarnesio.com.br\\\/?p=15857#breadcrumb\",\"itemListElement\":[{\"@type\":\"ListItem\",\"position\":1,\"name\":\"In\u00edcio\",\"item\":\"https:\\\/\\\/blogdofarnesio.com.br\\\/\"},{\"@type\":\"ListItem\",\"position\":2,\"name\":\"CDL prepara documento para reclamar da inefici\u00eancia no servi\u00e7o de telefonia OI\"}]},{\"@type\":\"WebSite\",\"@id\":\"https:\\\/\\\/blogdofarnesio.com.br\\\/#website\",\"url\":\"https:\\\/\\\/blogdofarnesio.com.br\\\/\",\"name\":\"Blog do Farn\u00e9sio\",\"description\":\"Quer Saber Pol\u00edtica?\",\"publisher\":{\"@id\":\"https:\\\/\\\/blogdofarnesio.com.br\\\/#organization\"},\"potentialAction\":[{\"@type\":\"SearchAction\",\"target\":{\"@type\":\"EntryPoint\",\"urlTemplate\":\"https:\\\/\\\/blogdofarnesio.com.br\\\/?s={search_term_string}\"},\"query-input\":{\"@type\":\"PropertyValueSpecification\",\"valueRequired\":true,\"valueName\":\"search_term_string\"}}],\"inLanguage\":\"pt-BR\"},{\"@type\":\"Organization\",\"@id\":\"https:\\\/\\\/blogdofarnesio.com.br\\\/#organization\",\"name\":\"Blog do Farn\u00e9sio\",\"url\":\"https:\\\/\\\/blogdofarnesio.com.br\\\/\",\"logo\":{\"@type\":\"ImageObject\",\"inLanguage\":\"pt-BR\",\"@id\":\"https:\\\/\\\/blogdofarnesio.com.br\\\/#\\\/schema\\\/logo\\\/image\\\/\",\"url\":\"https:\\\/\\\/blogdofarnesio.com.br\\\/wp-content\\\/uploads\\\/2026\\\/03\\\/cropped-logo_new-1.png\",\"contentUrl\":\"https:\\\/\\\/blogdofarnesio.com.br\\\/wp-content\\\/uploads\\\/2026\\\/03\\\/cropped-logo_new-1.png\",\"width\":881,\"height\":685,\"caption\":\"Blog do Farn\u00e9sio\"},\"image\":{\"@id\":\"https:\\\/\\\/blogdofarnesio.com.br\\\/#\\\/schema\\\/logo\\\/image\\\/\"},\"sameAs\":[\"https:\\\/\\\/www.facebook.com\\\/BlogQuerSaberPolitica\\\/\"]}]}<\/script>\n<!-- \/ Yoast SEO plugin. -->","yoast_head_json":{"title":"CDL prepara documento para reclamar da inefici\u00eancia no servi\u00e7o de telefonia OI  - Blog do Farn\u00e9sio","robots":{"index":"index","follow":"follow","max-snippet":"max-snippet:-1","max-image-preview":"max-image-preview:large","max-video-preview":"max-video-preview:-1"},"canonical":"https:\/\/blogdofarnesio.com.br\/?p=15857","og_locale":"pt_BR","og_type":"article","og_title":"CDL prepara documento para reclamar da inefici\u00eancia no servi\u00e7o de telefonia OI  - Blog do Farn\u00e9sio","og_description":"&nbsp; O presidente da CDL de Juazeiro, Erivaldo Oliveira, esteve esta manh&atilde; no programa Nos Bastidores da Noticia, na Tropical SAT\/FM, para falar sobre a medida que a tomou com rela&ccedil;&atilde;o as reclama&ccedil;&otilde;es sobre a operadora OI na cidade. Segundo o mesmo a presid&ecirc;ncia da CDL de Juazeiro, tendo constatado junto a diversos associados da Entidade insatisfa&ccedil;&otilde;es com o servi&ccedil;o de telefonia (m&oacute;vel e fixo) prestado pela Operadora OI em Juazeiro e diante das evidencias est&aacute; documentando, via abaixo-assinado, reclama&ccedil;&atilde;o ao Minist&eacute;rio P&uacute;blico local com c&oacute;pia para o presidente da OAB &#8211; subse&ccedil;&atilde;o Juazeiro, Dr. Artur Carlos Filho, e ao Procon em Salvador. &#8220;A CDL espera que sejam tomadas medidas equacionadoras para melhorar a presta&ccedil;&atilde;o do servi&ccedil;o ofertado. Estamos colocando&hellip;","og_url":"https:\/\/blogdofarnesio.com.br\/?p=15857","og_site_name":"Blog do Farn\u00e9sio","article_publisher":"https:\/\/www.facebook.com\/BlogQuerSaberPolitica\/","article_published_time":"2012-07-19T10:41:02+00:00","og_image":[{"url":"http:\/\/www.quersaberpolitica.com.br\/2016\/wp-content\/uploads\/2012\/12\/blogsp.chips.jpg","type":"","width":"","height":""}],"twitter_card":"summary_large_image","twitter_misc":{"Est. tempo de leitura":"2 minutos"},"schema":{"@context":"https:\/\/schema.org","@graph":[{"@type":"Article","@id":"https:\/\/blogdofarnesio.com.br\/?p=15857#article","isPartOf":{"@id":"https:\/\/blogdofarnesio.com.br\/?p=15857"},"author":{"name":"","@id":""},"headline":"CDL prepara documento para reclamar da inefici\u00eancia no servi\u00e7o de telefonia OI","datePublished":"2012-07-19T10:41:02+00:00","mainEntityOfPage":{"@id":"https:\/\/blogdofarnesio.com.br\/?p=15857"},"wordCount":468,"commentCount":0,"publisher":{"@id":"https:\/\/blogdofarnesio.com.br\/#organization"},"image":{"@id":"https:\/\/blogdofarnesio.com.br\/?p=15857#primaryimage"},"thumbnailUrl":"http:\/\/www.quersaberpolitica.com.br\/2016\/wp-content\/uploads\/2012\/12\/blogsp.chips.jpg","articleSection":["Economia"],"inLanguage":"pt-BR","potentialAction":[{"@type":"CommentAction","name":"Comment","target":["https:\/\/blogdofarnesio.com.br\/?p=15857#respond"]}]},{"@type":"WebPage","@id":"https:\/\/blogdofarnesio.com.br\/?p=15857","url":"https:\/\/blogdofarnesio.com.br\/?p=15857","name":"CDL prepara documento para reclamar da inefici\u00eancia no servi\u00e7o de telefonia OI - Blog do Farn\u00e9sio","isPartOf":{"@id":"https:\/\/blogdofarnesio.com.br\/#website"},"primaryImageOfPage":{"@id":"https:\/\/blogdofarnesio.com.br\/?p=15857#primaryimage"},"image":{"@id":"https:\/\/blogdofarnesio.com.br\/?p=15857#primaryimage"},"thumbnailUrl":"http:\/\/www.quersaberpolitica.com.br\/2016\/wp-content\/uploads\/2012\/12\/blogsp.chips.jpg","datePublished":"2012-07-19T10:41:02+00:00","breadcrumb":{"@id":"https:\/\/blogdofarnesio.com.br\/?p=15857#breadcrumb"},"inLanguage":"pt-BR","potentialAction":[{"@type":"ReadAction","target":["https:\/\/blogdofarnesio.com.br\/?p=15857"]}]},{"@type":"ImageObject","inLanguage":"pt-BR","@id":"https:\/\/blogdofarnesio.com.br\/?p=15857#primaryimage","url":"http:\/\/www.quersaberpolitica.com.br\/2016\/wp-content\/uploads\/2012\/12\/blogsp.chips.jpg","contentUrl":"http:\/\/www.quersaberpolitica.com.br\/2016\/wp-content\/uploads\/2012\/12\/blogsp.chips.jpg"},{"@type":"BreadcrumbList","@id":"https:\/\/blogdofarnesio.com.br\/?p=15857#breadcrumb","itemListElement":[{"@type":"ListItem","position":1,"name":"In\u00edcio","item":"https:\/\/blogdofarnesio.com.br\/"},{"@type":"ListItem","position":2,"name":"CDL prepara documento para reclamar da inefici\u00eancia no servi\u00e7o de telefonia OI"}]},{"@type":"WebSite","@id":"https:\/\/blogdofarnesio.com.br\/#website","url":"https:\/\/blogdofarnesio.com.br\/","name":"Blog do Farn\u00e9sio","description":"Quer Saber Pol\u00edtica?","publisher":{"@id":"https:\/\/blogdofarnesio.com.br\/#organization"},"potentialAction":[{"@type":"SearchAction","target":{"@type":"EntryPoint","urlTemplate":"https:\/\/blogdofarnesio.com.br\/?s={search_term_string}"},"query-input":{"@type":"PropertyValueSpecification","valueRequired":true,"valueName":"search_term_string"}}],"inLanguage":"pt-BR"},{"@type":"Organization","@id":"https:\/\/blogdofarnesio.com.br\/#organization","name":"Blog do Farn\u00e9sio","url":"https:\/\/blogdofarnesio.com.br\/","logo":{"@type":"ImageObject","inLanguage":"pt-BR","@id":"https:\/\/blogdofarnesio.com.br\/#\/schema\/logo\/image\/","url":"https:\/\/blogdofarnesio.com.br\/wp-content\/uploads\/2026\/03\/cropped-logo_new-1.png","contentUrl":"https:\/\/blogdofarnesio.com.br\/wp-content\/uploads\/2026\/03\/cropped-logo_new-1.png","width":881,"height":685,"caption":"Blog do Farn\u00e9sio"},"image":{"@id":"https:\/\/blogdofarnesio.com.br\/#\/schema\/logo\/image\/"},"sameAs":["https:\/\/www.facebook.com\/BlogQuerSaberPolitica\/"]}]}},"_links":{"self":[{"href":"https:\/\/blogdofarnesio.com.br\/index.php?rest_route=\/wp\/v2\/posts\/15857","targetHints":{"allow":["GET"]}}],"collection":[{"href":"https:\/\/blogdofarnesio.com.br\/index.php?rest_route=\/wp\/v2\/posts"}],"about":[{"href":"https:\/\/blogdofarnesio.com.br\/index.php?rest_route=\/wp\/v2\/types\/post"}],"replies":[{"embeddable":true,"href":"https:\/\/blogdofarnesio.com.br\/index.php?rest_route=%2Fwp%2Fv2%2Fcomments&post=15857"}],"version-history":[{"count":0,"href":"https:\/\/blogdofarnesio.com.br\/index.php?rest_route=\/wp\/v2\/posts\/15857\/revisions"}],"wp:attachment":[{"href":"https:\/\/blogdofarnesio.com.br\/index.php?rest_route=%2Fwp%2Fv2%2Fmedia&parent=15857"}],"wp:term":[{"taxonomy":"category","embeddable":true,"href":"https:\/\/blogdofarnesio.com.br\/index.php?rest_route=%2Fwp%2Fv2%2Fcategories&post=15857"},{"taxonomy":"post_tag","embeddable":true,"href":"https:\/\/blogdofarnesio.com.br\/index.php?rest_route=%2Fwp%2Fv2%2Ftags&post=15857"}],"curies":[{"name":"wp","href":"https:\/\/api.w.org\/{rel}","templated":true}]}}