{"id":158420,"date":"2017-02-03T15:30:33","date_gmt":"2017-02-03T18:30:33","guid":{"rendered":"http:\/\/quersaberpolitica.com.br\/2016\/?p=158420"},"modified":"2017-02-03T11:24:48","modified_gmt":"2017-02-03T14:24:48","slug":"seduc-de-juazeiro-firma-parceria-com-editora-de-livros-didaticos-do-ceara","status":"publish","type":"post","link":"https:\/\/blogdofarnesio.com.br\/?p=158420","title":{"rendered":"SEDUC DE JUAZEIRO FIRMA PARCERIA COM EDITORA DE LIVROS DID\u00c1TICOS DO CEAR\u00c1"},"content":{"rendered":"<p style=\"text-align: justify;\"><em>\u00a0<\/em><\/p>\n<p style=\"text-align: justify;\">Ontem\u00a0(02), a secret\u00e1ria de Educa\u00e7\u00e3o e Juventude (SEDUC), Lucinete Alves e equipe se reuniram com Daniela Miranda e Gilvanira Maria Xavier, autoras e supervisoras da Aprender Editora, do Cear\u00e1, onde firmaram parceria para desenvolver um projeto junto as escolas da Rede Municipal de Ensino de Juazeiro.<\/p>\n<p style=\"text-align: justify;\">De acordo a supervisora pedag\u00f3gica da editora, Daniela Miranda, o objetivo deste primeiro encontro foi apresentar a equipe da SEDUC, a cole\u00e7\u00e3o dos livros do 1\u00ba e 2\u00ba ano do Ensino Fundamental, al\u00e9m do trabalho de forma\u00e7\u00e3o de professores que ser\u00e1 desenvolvido em parceria com o munic\u00edpio. &#8220;Trabalhamos com um projeto que visa formar alunos leitores e escritores. Aqui em Juazeiro, a nossa atua\u00e7\u00e3o vai ser para o 1\u00ba e 2\u00ba ano do ensino fundamental, atrav\u00e9s da forma\u00e7\u00e3o de professores. Vamos ter cinco encontros anuais onde esse material vai ser estudado, para que o professor possa fortalecer a pr\u00e1tica pedag\u00f3gica a ser desenvolvida na sala de aula, com o acompanhamento da SEDUC e da nossa equipe&#8221;, explicou Daniela.<\/p>\n<p style=\"text-align: justify;\">&#8220;Essa parceria com a Aprender Editora vai contribuir para que nossa Rede melhore ainda mais os padr\u00f5es de alfabetiza\u00e7\u00e3o, atrav\u00e9s de materiais did\u00e1ticos de alta qualidade, associados a programas de forma\u00e7\u00e3o continuada direcionados a professores, coordenadores, supervisores e diretores. Estamos buscando parcerias para oferecer aos nossos alunos alternativas educacionais inovadoras e eficazes para uma aprendizagem cada vez mais rica e de qualidade&#8221;, finalizou a secret\u00e1ria da SEDUC, Lucinete Alves.<\/p>\n<p style=\"text-align: justify;\"><em>Por Emanuelle Lustosa\/SEDUC<\/em><\/p>\n","protected":false},"excerpt":{"rendered":"<p>\u00a0 Ontem\u00a0(02), a secret\u00e1ria de Educa\u00e7\u00e3o e Juventude (SEDUC), Lucinete Alves e equipe se reuniram com Daniela Miranda e Gilvanira Maria Xavier, autoras e supervisoras da Aprender Editora, do Cear\u00e1, onde firmaram parceria para desenvolver um projeto junto as escolas da Rede Municipal de Ensino de Juazeiro. De acordo a supervisora pedag\u00f3gica da editora, Daniela Miranda, o objetivo deste primeiro encontro foi apresentar a equipe da SEDUC, a cole\u00e7\u00e3o dos livros do 1\u00ba e 2\u00ba ano do Ensino Fundamental, al\u00e9m do trabalho de forma\u00e7\u00e3o de professores que ser\u00e1 desenvolvido em parceria com o munic\u00edpio. &#8220;Trabalhamos com um projeto que visa formar alunos leitores e escritores. Aqui em Juazeiro, a nossa atua\u00e7\u00e3o vai ser para o 1\u00ba e 2\u00ba ano do&hellip; <\/p>\n","protected":false},"author":1,"featured_media":155637,"comment_status":"open","ping_status":"open","sticky":false,"template":"","format":"standard","meta":{"_acf_changed":false,"footnotes":""},"categories":[44,6],"tags":[],"class_list":["post-158420","post","type-post","status-publish","format-standard","has-post-thumbnail","hentry","category-administracao","category-educacao"],"acf":[],"yoast_head":"<!-- This site is optimized with the Yoast SEO plugin v27.4 - https:\/\/yoast.com\/product\/yoast-seo-wordpress\/ -->\n<title>SEDUC DE JUAZEIRO FIRMA PARCERIA COM EDITORA DE LIVROS DID\u00c1TICOS DO CEAR\u00c1 - Blog do Farn\u00e9sio<\/title>\n<meta name=\"robots\" content=\"index, follow, max-snippet:-1, max-image-preview:large, max-video-preview:-1\" \/>\n<link rel=\"canonical\" href=\"https:\/\/blogdofarnesio.com.br\/?p=158420\" \/>\n<meta property=\"og:locale\" content=\"pt_BR\" \/>\n<meta property=\"og:type\" content=\"article\" \/>\n<meta property=\"og:title\" content=\"SEDUC DE JUAZEIRO FIRMA PARCERIA COM EDITORA DE LIVROS DID\u00c1TICOS DO CEAR\u00c1 - Blog do Farn\u00e9sio\" \/>\n<meta property=\"og:description\" content=\"\u00a0 Ontem\u00a0(02), a secret\u00e1ria de Educa\u00e7\u00e3o e Juventude (SEDUC), Lucinete Alves e equipe se reuniram com Daniela Miranda e Gilvanira Maria Xavier, autoras e supervisoras da Aprender Editora, do Cear\u00e1, onde firmaram parceria para desenvolver um projeto junto as escolas da Rede Municipal de Ensino de Juazeiro. De acordo a supervisora pedag\u00f3gica da editora, Daniela Miranda, o objetivo deste primeiro encontro foi apresentar a equipe da SEDUC, a cole\u00e7\u00e3o dos livros do 1\u00ba e 2\u00ba ano do Ensino Fundamental, al\u00e9m do trabalho de forma\u00e7\u00e3o de professores que ser\u00e1 desenvolvido em parceria com o munic\u00edpio. &#8220;Trabalhamos com um projeto que visa formar alunos leitores e escritores. Aqui em Juazeiro, a nossa atua\u00e7\u00e3o vai ser para o 1\u00ba e 2\u00ba ano do&hellip;\" \/>\n<meta property=\"og:url\" content=\"https:\/\/blogdofarnesio.com.br\/?p=158420\" \/>\n<meta property=\"og:site_name\" content=\"Blog do Farn\u00e9sio\" \/>\n<meta property=\"article:publisher\" content=\"https:\/\/www.facebook.com\/BlogQuerSaberPolitica\/\" \/>\n<meta property=\"article:published_time\" content=\"2017-02-03T18:30:33+00:00\" \/>\n<meta property=\"og:image\" content=\"https:\/\/blogdofarnesio.com.br\/wp-content\/uploads\/2017\/02\/blogqsp-livrosdidaticos.jpg\" \/>\n\t<meta property=\"og:image:width\" content=\"625\" \/>\n\t<meta property=\"og:image:height\" content=\"470\" \/>\n\t<meta property=\"og:image:type\" content=\"image\/jpeg\" \/>\n<meta name=\"author\" content=\"Farn\u00e9sio\" \/>\n<meta name=\"twitter:card\" content=\"summary_large_image\" \/>\n<meta name=\"twitter:label1\" content=\"Escrito por\" \/>\n\t<meta name=\"twitter:data1\" content=\"Farn\u00e9sio\" \/>\n\t<meta name=\"twitter:label2\" content=\"Est. tempo de leitura\" \/>\n\t<meta name=\"twitter:data2\" content=\"1 minuto\" \/>\n<script type=\"application\/ld+json\" class=\"yoast-schema-graph\">{\"@context\":\"https:\\\/\\\/schema.org\",\"@graph\":[{\"@type\":\"Article\",\"@id\":\"https:\\\/\\\/blogdofarnesio.com.br\\\/?p=158420#article\",\"isPartOf\":{\"@id\":\"https:\\\/\\\/blogdofarnesio.com.br\\\/?p=158420\"},\"author\":{\"name\":\"Farn\u00e9sio\",\"@id\":\"https:\\\/\\\/blogdofarnesio.com.br\\\/#\\\/schema\\\/person\\\/301c4acf522bccbfdb45af95b5b906a1\"},\"headline\":\"SEDUC DE JUAZEIRO FIRMA PARCERIA COM EDITORA DE LIVROS DID\u00c1TICOS DO CEAR\u00c1\",\"datePublished\":\"2017-02-03T18:30:33+00:00\",\"mainEntityOfPage\":{\"@id\":\"https:\\\/\\\/blogdofarnesio.com.br\\\/?p=158420\"},\"wordCount\":264,\"commentCount\":0,\"publisher\":{\"@id\":\"https:\\\/\\\/blogdofarnesio.com.br\\\/#organization\"},\"image\":{\"@id\":\"https:\\\/\\\/blogdofarnesio.com.br\\\/?p=158420#primaryimage\"},\"thumbnailUrl\":\"https:\\\/\\\/blogdofarnesio.com.br\\\/wp-content\\\/uploads\\\/2017\\\/02\\\/blogqsp-livrosdidaticos.jpg\",\"articleSection\":[\"Administra\u00e7\u00e3o\",\"Educa\u00e7\u00e3o\"],\"inLanguage\":\"pt-BR\",\"potentialAction\":[{\"@type\":\"CommentAction\",\"name\":\"Comment\",\"target\":[\"https:\\\/\\\/blogdofarnesio.com.br\\\/?p=158420#respond\"]}]},{\"@type\":\"WebPage\",\"@id\":\"https:\\\/\\\/blogdofarnesio.com.br\\\/?p=158420\",\"url\":\"https:\\\/\\\/blogdofarnesio.com.br\\\/?p=158420\",\"name\":\"SEDUC DE JUAZEIRO FIRMA PARCERIA COM EDITORA DE LIVROS DID\u00c1TICOS DO CEAR\u00c1 - Blog do Farn\u00e9sio\",\"isPartOf\":{\"@id\":\"https:\\\/\\\/blogdofarnesio.com.br\\\/#website\"},\"primaryImageOfPage\":{\"@id\":\"https:\\\/\\\/blogdofarnesio.com.br\\\/?p=158420#primaryimage\"},\"image\":{\"@id\":\"https:\\\/\\\/blogdofarnesio.com.br\\\/?p=158420#primaryimage\"},\"thumbnailUrl\":\"https:\\\/\\\/blogdofarnesio.com.br\\\/wp-content\\\/uploads\\\/2017\\\/02\\\/blogqsp-livrosdidaticos.jpg\",\"datePublished\":\"2017-02-03T18:30:33+00:00\",\"breadcrumb\":{\"@id\":\"https:\\\/\\\/blogdofarnesio.com.br\\\/?p=158420#breadcrumb\"},\"inLanguage\":\"pt-BR\",\"potentialAction\":[{\"@type\":\"ReadAction\",\"target\":[\"https:\\\/\\\/blogdofarnesio.com.br\\\/?p=158420\"]}]},{\"@type\":\"ImageObject\",\"inLanguage\":\"pt-BR\",\"@id\":\"https:\\\/\\\/blogdofarnesio.com.br\\\/?p=158420#primaryimage\",\"url\":\"https:\\\/\\\/blogdofarnesio.com.br\\\/wp-content\\\/uploads\\\/2017\\\/02\\\/blogqsp-livrosdidaticos.jpg\",\"contentUrl\":\"https:\\\/\\\/blogdofarnesio.com.br\\\/wp-content\\\/uploads\\\/2017\\\/02\\\/blogqsp-livrosdidaticos.jpg\",\"width\":625,\"height\":470},{\"@type\":\"BreadcrumbList\",\"@id\":\"https:\\\/\\\/blogdofarnesio.com.br\\\/?p=158420#breadcrumb\",\"itemListElement\":[{\"@type\":\"ListItem\",\"position\":1,\"name\":\"In\u00edcio\",\"item\":\"https:\\\/\\\/blogdofarnesio.com.br\\\/\"},{\"@type\":\"ListItem\",\"position\":2,\"name\":\"SEDUC DE JUAZEIRO FIRMA PARCERIA COM EDITORA DE LIVROS DID\u00c1TICOS DO CEAR\u00c1\"}]},{\"@type\":\"WebSite\",\"@id\":\"https:\\\/\\\/blogdofarnesio.com.br\\\/#website\",\"url\":\"https:\\\/\\\/blogdofarnesio.com.br\\\/\",\"name\":\"Blog do Farn\u00e9sio\",\"description\":\"Quer Saber Pol\u00edtica?\",\"publisher\":{\"@id\":\"https:\\\/\\\/blogdofarnesio.com.br\\\/#organization\"},\"potentialAction\":[{\"@type\":\"SearchAction\",\"target\":{\"@type\":\"EntryPoint\",\"urlTemplate\":\"https:\\\/\\\/blogdofarnesio.com.br\\\/?s={search_term_string}\"},\"query-input\":{\"@type\":\"PropertyValueSpecification\",\"valueRequired\":true,\"valueName\":\"search_term_string\"}}],\"inLanguage\":\"pt-BR\"},{\"@type\":\"Organization\",\"@id\":\"https:\\\/\\\/blogdofarnesio.com.br\\\/#organization\",\"name\":\"Blog do Farn\u00e9sio\",\"url\":\"https:\\\/\\\/blogdofarnesio.com.br\\\/\",\"logo\":{\"@type\":\"ImageObject\",\"inLanguage\":\"pt-BR\",\"@id\":\"https:\\\/\\\/blogdofarnesio.com.br\\\/#\\\/schema\\\/logo\\\/image\\\/\",\"url\":\"https:\\\/\\\/blogdofarnesio.com.br\\\/wp-content\\\/uploads\\\/2026\\\/03\\\/cropped-logo_new-1.png\",\"contentUrl\":\"https:\\\/\\\/blogdofarnesio.com.br\\\/wp-content\\\/uploads\\\/2026\\\/03\\\/cropped-logo_new-1.png\",\"width\":881,\"height\":685,\"caption\":\"Blog do Farn\u00e9sio\"},\"image\":{\"@id\":\"https:\\\/\\\/blogdofarnesio.com.br\\\/#\\\/schema\\\/logo\\\/image\\\/\"},\"sameAs\":[\"https:\\\/\\\/www.facebook.com\\\/BlogQuerSaberPolitica\\\/\"]},{\"@type\":\"Person\",\"@id\":\"https:\\\/\\\/blogdofarnesio.com.br\\\/#\\\/schema\\\/person\\\/301c4acf522bccbfdb45af95b5b906a1\",\"name\":\"Farn\u00e9sio\",\"image\":{\"@type\":\"ImageObject\",\"inLanguage\":\"pt-BR\",\"@id\":\"https:\\\/\\\/secure.gravatar.com\\\/avatar\\\/df0c9a14567c056f8ad6876ba5bbd1e3e2c48023eb6807342fc4663adf549f38?s=96&d=mm&r=g\",\"url\":\"https:\\\/\\\/secure.gravatar.com\\\/avatar\\\/df0c9a14567c056f8ad6876ba5bbd1e3e2c48023eb6807342fc4663adf549f38?s=96&d=mm&r=g\",\"contentUrl\":\"https:\\\/\\\/secure.gravatar.com\\\/avatar\\\/df0c9a14567c056f8ad6876ba5bbd1e3e2c48023eb6807342fc4663adf549f38?s=96&d=mm&r=g\",\"caption\":\"Farn\u00e9sio\"},\"sameAs\":[\"https:\\\/\\\/quersaberpolitica.com.br\"],\"url\":\"https:\\\/\\\/blogdofarnesio.com.br\\\/?author=1\"}]}<\/script>\n<!-- \/ Yoast SEO plugin. -->","yoast_head_json":{"title":"SEDUC DE JUAZEIRO FIRMA PARCERIA COM EDITORA DE LIVROS DID\u00c1TICOS DO CEAR\u00c1 - Blog do Farn\u00e9sio","robots":{"index":"index","follow":"follow","max-snippet":"max-snippet:-1","max-image-preview":"max-image-preview:large","max-video-preview":"max-video-preview:-1"},"canonical":"https:\/\/blogdofarnesio.com.br\/?p=158420","og_locale":"pt_BR","og_type":"article","og_title":"SEDUC DE JUAZEIRO FIRMA PARCERIA COM EDITORA DE LIVROS DID\u00c1TICOS DO CEAR\u00c1 - Blog do Farn\u00e9sio","og_description":"\u00a0 Ontem\u00a0(02), a secret\u00e1ria de Educa\u00e7\u00e3o e Juventude (SEDUC), Lucinete Alves e equipe se reuniram com Daniela Miranda e Gilvanira Maria Xavier, autoras e supervisoras da Aprender Editora, do Cear\u00e1, onde firmaram parceria para desenvolver um projeto junto as escolas da Rede Municipal de Ensino de Juazeiro. De acordo a supervisora pedag\u00f3gica da editora, Daniela Miranda, o objetivo deste primeiro encontro foi apresentar a equipe da SEDUC, a cole\u00e7\u00e3o dos livros do 1\u00ba e 2\u00ba ano do Ensino Fundamental, al\u00e9m do trabalho de forma\u00e7\u00e3o de professores que ser\u00e1 desenvolvido em parceria com o munic\u00edpio. &#8220;Trabalhamos com um projeto que visa formar alunos leitores e escritores. Aqui em Juazeiro, a nossa atua\u00e7\u00e3o vai ser para o 1\u00ba e 2\u00ba ano do&hellip;","og_url":"https:\/\/blogdofarnesio.com.br\/?p=158420","og_site_name":"Blog do Farn\u00e9sio","article_publisher":"https:\/\/www.facebook.com\/BlogQuerSaberPolitica\/","article_published_time":"2017-02-03T18:30:33+00:00","og_image":[{"width":625,"height":470,"url":"https:\/\/blogdofarnesio.com.br\/wp-content\/uploads\/2017\/02\/blogqsp-livrosdidaticos.jpg","type":"image\/jpeg"}],"author":"Farn\u00e9sio","twitter_card":"summary_large_image","twitter_misc":{"Escrito por":"Farn\u00e9sio","Est. tempo de leitura":"1 minuto"},"schema":{"@context":"https:\/\/schema.org","@graph":[{"@type":"Article","@id":"https:\/\/blogdofarnesio.com.br\/?p=158420#article","isPartOf":{"@id":"https:\/\/blogdofarnesio.com.br\/?p=158420"},"author":{"name":"Farn\u00e9sio","@id":"https:\/\/blogdofarnesio.com.br\/#\/schema\/person\/301c4acf522bccbfdb45af95b5b906a1"},"headline":"SEDUC DE JUAZEIRO FIRMA PARCERIA COM EDITORA DE LIVROS DID\u00c1TICOS DO CEAR\u00c1","datePublished":"2017-02-03T18:30:33+00:00","mainEntityOfPage":{"@id":"https:\/\/blogdofarnesio.com.br\/?p=158420"},"wordCount":264,"commentCount":0,"publisher":{"@id":"https:\/\/blogdofarnesio.com.br\/#organization"},"image":{"@id":"https:\/\/blogdofarnesio.com.br\/?p=158420#primaryimage"},"thumbnailUrl":"https:\/\/blogdofarnesio.com.br\/wp-content\/uploads\/2017\/02\/blogqsp-livrosdidaticos.jpg","articleSection":["Administra\u00e7\u00e3o","Educa\u00e7\u00e3o"],"inLanguage":"pt-BR","potentialAction":[{"@type":"CommentAction","name":"Comment","target":["https:\/\/blogdofarnesio.com.br\/?p=158420#respond"]}]},{"@type":"WebPage","@id":"https:\/\/blogdofarnesio.com.br\/?p=158420","url":"https:\/\/blogdofarnesio.com.br\/?p=158420","name":"SEDUC DE JUAZEIRO FIRMA PARCERIA COM EDITORA DE LIVROS DID\u00c1TICOS DO CEAR\u00c1 - Blog do Farn\u00e9sio","isPartOf":{"@id":"https:\/\/blogdofarnesio.com.br\/#website"},"primaryImageOfPage":{"@id":"https:\/\/blogdofarnesio.com.br\/?p=158420#primaryimage"},"image":{"@id":"https:\/\/blogdofarnesio.com.br\/?p=158420#primaryimage"},"thumbnailUrl":"https:\/\/blogdofarnesio.com.br\/wp-content\/uploads\/2017\/02\/blogqsp-livrosdidaticos.jpg","datePublished":"2017-02-03T18:30:33+00:00","breadcrumb":{"@id":"https:\/\/blogdofarnesio.com.br\/?p=158420#breadcrumb"},"inLanguage":"pt-BR","potentialAction":[{"@type":"ReadAction","target":["https:\/\/blogdofarnesio.com.br\/?p=158420"]}]},{"@type":"ImageObject","inLanguage":"pt-BR","@id":"https:\/\/blogdofarnesio.com.br\/?p=158420#primaryimage","url":"https:\/\/blogdofarnesio.com.br\/wp-content\/uploads\/2017\/02\/blogqsp-livrosdidaticos.jpg","contentUrl":"https:\/\/blogdofarnesio.com.br\/wp-content\/uploads\/2017\/02\/blogqsp-livrosdidaticos.jpg","width":625,"height":470},{"@type":"BreadcrumbList","@id":"https:\/\/blogdofarnesio.com.br\/?p=158420#breadcrumb","itemListElement":[{"@type":"ListItem","position":1,"name":"In\u00edcio","item":"https:\/\/blogdofarnesio.com.br\/"},{"@type":"ListItem","position":2,"name":"SEDUC DE JUAZEIRO FIRMA PARCERIA COM EDITORA DE LIVROS DID\u00c1TICOS DO CEAR\u00c1"}]},{"@type":"WebSite","@id":"https:\/\/blogdofarnesio.com.br\/#website","url":"https:\/\/blogdofarnesio.com.br\/","name":"Blog do Farn\u00e9sio","description":"Quer Saber Pol\u00edtica?","publisher":{"@id":"https:\/\/blogdofarnesio.com.br\/#organization"},"potentialAction":[{"@type":"SearchAction","target":{"@type":"EntryPoint","urlTemplate":"https:\/\/blogdofarnesio.com.br\/?s={search_term_string}"},"query-input":{"@type":"PropertyValueSpecification","valueRequired":true,"valueName":"search_term_string"}}],"inLanguage":"pt-BR"},{"@type":"Organization","@id":"https:\/\/blogdofarnesio.com.br\/#organization","name":"Blog do Farn\u00e9sio","url":"https:\/\/blogdofarnesio.com.br\/","logo":{"@type":"ImageObject","inLanguage":"pt-BR","@id":"https:\/\/blogdofarnesio.com.br\/#\/schema\/logo\/image\/","url":"https:\/\/blogdofarnesio.com.br\/wp-content\/uploads\/2026\/03\/cropped-logo_new-1.png","contentUrl":"https:\/\/blogdofarnesio.com.br\/wp-content\/uploads\/2026\/03\/cropped-logo_new-1.png","width":881,"height":685,"caption":"Blog do Farn\u00e9sio"},"image":{"@id":"https:\/\/blogdofarnesio.com.br\/#\/schema\/logo\/image\/"},"sameAs":["https:\/\/www.facebook.com\/BlogQuerSaberPolitica\/"]},{"@type":"Person","@id":"https:\/\/blogdofarnesio.com.br\/#\/schema\/person\/301c4acf522bccbfdb45af95b5b906a1","name":"Farn\u00e9sio","image":{"@type":"ImageObject","inLanguage":"pt-BR","@id":"https:\/\/secure.gravatar.com\/avatar\/df0c9a14567c056f8ad6876ba5bbd1e3e2c48023eb6807342fc4663adf549f38?s=96&d=mm&r=g","url":"https:\/\/secure.gravatar.com\/avatar\/df0c9a14567c056f8ad6876ba5bbd1e3e2c48023eb6807342fc4663adf549f38?s=96&d=mm&r=g","contentUrl":"https:\/\/secure.gravatar.com\/avatar\/df0c9a14567c056f8ad6876ba5bbd1e3e2c48023eb6807342fc4663adf549f38?s=96&d=mm&r=g","caption":"Farn\u00e9sio"},"sameAs":["https:\/\/quersaberpolitica.com.br"],"url":"https:\/\/blogdofarnesio.com.br\/?author=1"}]}},"_links":{"self":[{"href":"https:\/\/blogdofarnesio.com.br\/index.php?rest_route=\/wp\/v2\/posts\/158420","targetHints":{"allow":["GET"]}}],"collection":[{"href":"https:\/\/blogdofarnesio.com.br\/index.php?rest_route=\/wp\/v2\/posts"}],"about":[{"href":"https:\/\/blogdofarnesio.com.br\/index.php?rest_route=\/wp\/v2\/types\/post"}],"author":[{"embeddable":true,"href":"https:\/\/blogdofarnesio.com.br\/index.php?rest_route=\/wp\/v2\/users\/1"}],"replies":[{"embeddable":true,"href":"https:\/\/blogdofarnesio.com.br\/index.php?rest_route=%2Fwp%2Fv2%2Fcomments&post=158420"}],"version-history":[{"count":0,"href":"https:\/\/blogdofarnesio.com.br\/index.php?rest_route=\/wp\/v2\/posts\/158420\/revisions"}],"wp:featuredmedia":[{"embeddable":true,"href":"https:\/\/blogdofarnesio.com.br\/index.php?rest_route=\/wp\/v2\/media\/155637"}],"wp:attachment":[{"href":"https:\/\/blogdofarnesio.com.br\/index.php?rest_route=%2Fwp%2Fv2%2Fmedia&parent=158420"}],"wp:term":[{"taxonomy":"category","embeddable":true,"href":"https:\/\/blogdofarnesio.com.br\/index.php?rest_route=%2Fwp%2Fv2%2Fcategories&post=158420"},{"taxonomy":"post_tag","embeddable":true,"href":"https:\/\/blogdofarnesio.com.br\/index.php?rest_route=%2Fwp%2Fv2%2Ftags&post=158420"}],"curies":[{"name":"wp","href":"https:\/\/api.w.org\/{rel}","templated":true}]}}