{"id":158321,"date":"2017-02-03T10:40:05","date_gmt":"2017-02-03T13:40:05","guid":{"rendered":"http:\/\/quersaberpolitica.com.br\/2016\/?p=158321"},"modified":"2017-02-03T09:51:16","modified_gmt":"2017-02-03T12:51:16","slug":"obras-de-pavimentacao-no-alto-da-alianca-entram-em-fase-conclusiva","status":"publish","type":"post","link":"https:\/\/blogdofarnesio.com.br\/?p=158321","title":{"rendered":"OBRAS DE PAVIMENTA\u00c7\u00c3O NO ALTO DA ALIAN\u00c7A ENTRAM EM FASE CONCLUSIVA"},"content":{"rendered":"<p style=\"text-align: justify;\">A comunidade do bairro Alto da Alian\u00e7a j\u00e1 pode come\u00e7ar a comemorar, pois as obras de pavimenta\u00e7\u00e3o em andamento na localidade est\u00e3o prestes a ser conclu\u00eddas. Iniciadas h\u00e1 pouco mais de 20 dias as interven\u00e7\u00f5es beneficiam as Ruas Ant\u00f4nio Conselheiro e Marqu\u00eas de Barbacena com pavimenta\u00e7\u00e3o em paralelep\u00edpedo gran\u00edtico, drenagem superficial, linha d\u2019\u00e1gua, meio fio e cal\u00e7adas.<\/p>\n<p style=\"text-align: justify;\">\u201cNa Rua Ant\u00f4nio Conselheiro que tem uma extens\u00e3o de 110 metros j\u00e1 finalizamos a obra. J\u00e1 na Rua Marqu\u00eas de Barbacena que \u00e9 mais extensa &#8211; aproximadamente 900 metros &#8211; estamos com cerca de 600 metros pavimentados. Nossa previs\u00e3o \u00e9 concluir a obra entre os dias 15 e 20 desse m\u00eas\u201d, explica o engenheiro da Secretaria de Obras e Desenvolvimento Urbano (SEDUR), Rodrigo Cid Passos.<\/p>\n<p style=\"text-align: justify;\">A Rua Ant\u00f4nio Conselheiro liga os dois lados do bairro e a Marqu\u00eas de Barbacena liga o bairro \u00e0 BA 210. De acordo com o titular da SEDUR, Anderson Alves, \u201cesse \u00e9 um momento que pedimos a compreens\u00e3o da comunidade, pois a pavimenta\u00e7\u00e3o em paralelo necessita de um per\u00edodo de cura para que ve\u00edculos motorizados possam transitar sem danificar o pavimento, por isso a via conclu\u00edda ainda n\u00e3o foi liberada para o tr\u00e2nsito de ve\u00edculos, mas no momento certo ser\u00e1 liberada e inaugurada\u201d, explica o secret\u00e1rio.<\/p>\n<p style=\"text-align: justify;\">As interven\u00e7\u00f5es de pavimenta\u00e7\u00e3o do bairro Alto da Alian\u00e7a fazem parte do conjunto de obras do Projeto da Interven\u00e7\u00e3o da Poligonal Urbana est\u00e1 dentro do Programa de Acelera\u00e7\u00e3o do Crescimento \u2013 PAC 2 e contempla um total de 12 bairros com obras de pavimenta\u00e7\u00e3o, drenagem, recapeamento do corredor de \u00f4nibus de toda Poligonal, revitaliza\u00e7\u00e3o do Canal da Malhada da Areia (dando origem a duas avenidas paralelas), revitaliza\u00e7\u00e3o do Canal CAIC (dando origem a uma nova avenida), dentre outras interven\u00e7\u00f5es.<\/p>\n<p style=\"text-align: justify;\"><strong>Por Gardennia Garibalde\/SEDUR<\/strong><\/p>\n","protected":false},"excerpt":{"rendered":"<p>A comunidade do bairro Alto da Alian\u00e7a j\u00e1 pode come\u00e7ar a comemorar, pois as obras de pavimenta\u00e7\u00e3o em andamento na localidade est\u00e3o prestes a ser conclu\u00eddas. Iniciadas h\u00e1 pouco mais de 20 dias as interven\u00e7\u00f5es beneficiam as Ruas Ant\u00f4nio Conselheiro e Marqu\u00eas de Barbacena com pavimenta\u00e7\u00e3o em paralelep\u00edpedo gran\u00edtico, drenagem superficial, linha d\u2019\u00e1gua, meio fio e cal\u00e7adas. \u201cNa Rua Ant\u00f4nio Conselheiro que tem uma extens\u00e3o de 110 metros j\u00e1 finalizamos a obra. J\u00e1 na Rua Marqu\u00eas de Barbacena que \u00e9 mais extensa &#8211; aproximadamente 900 metros &#8211; estamos com cerca de 600 metros pavimentados. Nossa previs\u00e3o \u00e9 concluir a obra entre os dias 15 e 20 desse m\u00eas\u201d, explica o engenheiro da Secretaria de Obras e Desenvolvimento Urbano (SEDUR), Rodrigo&hellip; <\/p>\n","protected":false},"author":1,"featured_media":155558,"comment_status":"open","ping_status":"open","sticky":false,"template":"","format":"standard","meta":{"_acf_changed":false,"footnotes":""},"categories":[43],"tags":[],"class_list":["post-158321","post","type-post","status-publish","format-standard","has-post-thumbnail","hentry","category-sem-categoria"],"acf":[],"yoast_head":"<!-- This site is optimized with the Yoast SEO plugin v27.4 - https:\/\/yoast.com\/product\/yoast-seo-wordpress\/ -->\n<title>OBRAS DE PAVIMENTA\u00c7\u00c3O NO ALTO DA ALIAN\u00c7A ENTRAM EM FASE CONCLUSIVA - Blog do Farn\u00e9sio<\/title>\n<meta name=\"robots\" content=\"index, follow, max-snippet:-1, max-image-preview:large, max-video-preview:-1\" \/>\n<link rel=\"canonical\" href=\"https:\/\/blogdofarnesio.com.br\/?p=158321\" \/>\n<meta property=\"og:locale\" content=\"pt_BR\" \/>\n<meta property=\"og:type\" content=\"article\" \/>\n<meta property=\"og:title\" content=\"OBRAS DE PAVIMENTA\u00c7\u00c3O NO ALTO DA ALIAN\u00c7A ENTRAM EM FASE CONCLUSIVA - Blog do Farn\u00e9sio\" \/>\n<meta property=\"og:description\" content=\"A comunidade do bairro Alto da Alian\u00e7a j\u00e1 pode come\u00e7ar a comemorar, pois as obras de pavimenta\u00e7\u00e3o em andamento na localidade est\u00e3o prestes a ser conclu\u00eddas. Iniciadas h\u00e1 pouco mais de 20 dias as interven\u00e7\u00f5es beneficiam as Ruas Ant\u00f4nio Conselheiro e Marqu\u00eas de Barbacena com pavimenta\u00e7\u00e3o em paralelep\u00edpedo gran\u00edtico, drenagem superficial, linha d\u2019\u00e1gua, meio fio e cal\u00e7adas. \u201cNa Rua Ant\u00f4nio Conselheiro que tem uma extens\u00e3o de 110 metros j\u00e1 finalizamos a obra. J\u00e1 na Rua Marqu\u00eas de Barbacena que \u00e9 mais extensa &#8211; aproximadamente 900 metros &#8211; estamos com cerca de 600 metros pavimentados. Nossa previs\u00e3o \u00e9 concluir a obra entre os dias 15 e 20 desse m\u00eas\u201d, explica o engenheiro da Secretaria de Obras e Desenvolvimento Urbano (SEDUR), Rodrigo&hellip;\" \/>\n<meta property=\"og:url\" content=\"https:\/\/blogdofarnesio.com.br\/?p=158321\" \/>\n<meta property=\"og:site_name\" content=\"Blog do Farn\u00e9sio\" \/>\n<meta property=\"article:publisher\" content=\"https:\/\/www.facebook.com\/BlogQuerSaberPolitica\/\" \/>\n<meta property=\"article:published_time\" content=\"2017-02-03T13:40:05+00:00\" \/>\n<meta property=\"og:image\" content=\"https:\/\/blogdofarnesio.com.br\/wp-content\/uploads\/2017\/02\/blogqsp-altodaalian\u00e7a-obra.jpg\" \/>\n\t<meta property=\"og:image:width\" content=\"800\" \/>\n\t<meta property=\"og:image:height\" content=\"599\" \/>\n\t<meta property=\"og:image:type\" content=\"image\/jpeg\" \/>\n<meta name=\"author\" content=\"Farn\u00e9sio\" \/>\n<meta name=\"twitter:card\" content=\"summary_large_image\" \/>\n<meta name=\"twitter:label1\" content=\"Escrito por\" \/>\n\t<meta name=\"twitter:data1\" content=\"Farn\u00e9sio\" \/>\n\t<meta name=\"twitter:label2\" content=\"Est. tempo de leitura\" \/>\n\t<meta name=\"twitter:data2\" content=\"2 minutos\" \/>\n<script type=\"application\/ld+json\" class=\"yoast-schema-graph\">{\"@context\":\"https:\\\/\\\/schema.org\",\"@graph\":[{\"@type\":\"Article\",\"@id\":\"https:\\\/\\\/blogdofarnesio.com.br\\\/?p=158321#article\",\"isPartOf\":{\"@id\":\"https:\\\/\\\/blogdofarnesio.com.br\\\/?p=158321\"},\"author\":{\"name\":\"Farn\u00e9sio\",\"@id\":\"https:\\\/\\\/blogdofarnesio.com.br\\\/#\\\/schema\\\/person\\\/301c4acf522bccbfdb45af95b5b906a1\"},\"headline\":\"OBRAS DE PAVIMENTA\u00c7\u00c3O NO ALTO DA ALIAN\u00c7A ENTRAM EM FASE CONCLUSIVA\",\"datePublished\":\"2017-02-03T13:40:05+00:00\",\"mainEntityOfPage\":{\"@id\":\"https:\\\/\\\/blogdofarnesio.com.br\\\/?p=158321\"},\"wordCount\":328,\"commentCount\":0,\"publisher\":{\"@id\":\"https:\\\/\\\/blogdofarnesio.com.br\\\/#organization\"},\"image\":{\"@id\":\"https:\\\/\\\/blogdofarnesio.com.br\\\/?p=158321#primaryimage\"},\"thumbnailUrl\":\"https:\\\/\\\/blogdofarnesio.com.br\\\/wp-content\\\/uploads\\\/2017\\\/02\\\/blogqsp-altodaalian\u00e7a-obra.jpg\",\"inLanguage\":\"pt-BR\",\"potentialAction\":[{\"@type\":\"CommentAction\",\"name\":\"Comment\",\"target\":[\"https:\\\/\\\/blogdofarnesio.com.br\\\/?p=158321#respond\"]}]},{\"@type\":\"WebPage\",\"@id\":\"https:\\\/\\\/blogdofarnesio.com.br\\\/?p=158321\",\"url\":\"https:\\\/\\\/blogdofarnesio.com.br\\\/?p=158321\",\"name\":\"OBRAS DE PAVIMENTA\u00c7\u00c3O NO ALTO DA ALIAN\u00c7A ENTRAM EM FASE CONCLUSIVA - Blog do Farn\u00e9sio\",\"isPartOf\":{\"@id\":\"https:\\\/\\\/blogdofarnesio.com.br\\\/#website\"},\"primaryImageOfPage\":{\"@id\":\"https:\\\/\\\/blogdofarnesio.com.br\\\/?p=158321#primaryimage\"},\"image\":{\"@id\":\"https:\\\/\\\/blogdofarnesio.com.br\\\/?p=158321#primaryimage\"},\"thumbnailUrl\":\"https:\\\/\\\/blogdofarnesio.com.br\\\/wp-content\\\/uploads\\\/2017\\\/02\\\/blogqsp-altodaalian\u00e7a-obra.jpg\",\"datePublished\":\"2017-02-03T13:40:05+00:00\",\"breadcrumb\":{\"@id\":\"https:\\\/\\\/blogdofarnesio.com.br\\\/?p=158321#breadcrumb\"},\"inLanguage\":\"pt-BR\",\"potentialAction\":[{\"@type\":\"ReadAction\",\"target\":[\"https:\\\/\\\/blogdofarnesio.com.br\\\/?p=158321\"]}]},{\"@type\":\"ImageObject\",\"inLanguage\":\"pt-BR\",\"@id\":\"https:\\\/\\\/blogdofarnesio.com.br\\\/?p=158321#primaryimage\",\"url\":\"https:\\\/\\\/blogdofarnesio.com.br\\\/wp-content\\\/uploads\\\/2017\\\/02\\\/blogqsp-altodaalian\u00e7a-obra.jpg\",\"contentUrl\":\"https:\\\/\\\/blogdofarnesio.com.br\\\/wp-content\\\/uploads\\\/2017\\\/02\\\/blogqsp-altodaalian\u00e7a-obra.jpg\",\"width\":800,\"height\":599},{\"@type\":\"BreadcrumbList\",\"@id\":\"https:\\\/\\\/blogdofarnesio.com.br\\\/?p=158321#breadcrumb\",\"itemListElement\":[{\"@type\":\"ListItem\",\"position\":1,\"name\":\"In\u00edcio\",\"item\":\"https:\\\/\\\/blogdofarnesio.com.br\\\/\"},{\"@type\":\"ListItem\",\"position\":2,\"name\":\"OBRAS DE PAVIMENTA\u00c7\u00c3O NO ALTO DA ALIAN\u00c7A ENTRAM EM FASE CONCLUSIVA\"}]},{\"@type\":\"WebSite\",\"@id\":\"https:\\\/\\\/blogdofarnesio.com.br\\\/#website\",\"url\":\"https:\\\/\\\/blogdofarnesio.com.br\\\/\",\"name\":\"Blog do Farn\u00e9sio\",\"description\":\"Quer Saber Pol\u00edtica?\",\"publisher\":{\"@id\":\"https:\\\/\\\/blogdofarnesio.com.br\\\/#organization\"},\"potentialAction\":[{\"@type\":\"SearchAction\",\"target\":{\"@type\":\"EntryPoint\",\"urlTemplate\":\"https:\\\/\\\/blogdofarnesio.com.br\\\/?s={search_term_string}\"},\"query-input\":{\"@type\":\"PropertyValueSpecification\",\"valueRequired\":true,\"valueName\":\"search_term_string\"}}],\"inLanguage\":\"pt-BR\"},{\"@type\":\"Organization\",\"@id\":\"https:\\\/\\\/blogdofarnesio.com.br\\\/#organization\",\"name\":\"Blog do Farn\u00e9sio\",\"url\":\"https:\\\/\\\/blogdofarnesio.com.br\\\/\",\"logo\":{\"@type\":\"ImageObject\",\"inLanguage\":\"pt-BR\",\"@id\":\"https:\\\/\\\/blogdofarnesio.com.br\\\/#\\\/schema\\\/logo\\\/image\\\/\",\"url\":\"https:\\\/\\\/blogdofarnesio.com.br\\\/wp-content\\\/uploads\\\/2026\\\/03\\\/cropped-logo_new-1.png\",\"contentUrl\":\"https:\\\/\\\/blogdofarnesio.com.br\\\/wp-content\\\/uploads\\\/2026\\\/03\\\/cropped-logo_new-1.png\",\"width\":881,\"height\":685,\"caption\":\"Blog do Farn\u00e9sio\"},\"image\":{\"@id\":\"https:\\\/\\\/blogdofarnesio.com.br\\\/#\\\/schema\\\/logo\\\/image\\\/\"},\"sameAs\":[\"https:\\\/\\\/www.facebook.com\\\/BlogQuerSaberPolitica\\\/\"]},{\"@type\":\"Person\",\"@id\":\"https:\\\/\\\/blogdofarnesio.com.br\\\/#\\\/schema\\\/person\\\/301c4acf522bccbfdb45af95b5b906a1\",\"name\":\"Farn\u00e9sio\",\"image\":{\"@type\":\"ImageObject\",\"inLanguage\":\"pt-BR\",\"@id\":\"https:\\\/\\\/secure.gravatar.com\\\/avatar\\\/df0c9a14567c056f8ad6876ba5bbd1e3e2c48023eb6807342fc4663adf549f38?s=96&d=mm&r=g\",\"url\":\"https:\\\/\\\/secure.gravatar.com\\\/avatar\\\/df0c9a14567c056f8ad6876ba5bbd1e3e2c48023eb6807342fc4663adf549f38?s=96&d=mm&r=g\",\"contentUrl\":\"https:\\\/\\\/secure.gravatar.com\\\/avatar\\\/df0c9a14567c056f8ad6876ba5bbd1e3e2c48023eb6807342fc4663adf549f38?s=96&d=mm&r=g\",\"caption\":\"Farn\u00e9sio\"},\"sameAs\":[\"https:\\\/\\\/quersaberpolitica.com.br\"],\"url\":\"https:\\\/\\\/blogdofarnesio.com.br\\\/?author=1\"}]}<\/script>\n<!-- \/ Yoast SEO plugin. -->","yoast_head_json":{"title":"OBRAS DE PAVIMENTA\u00c7\u00c3O NO ALTO DA ALIAN\u00c7A ENTRAM EM FASE CONCLUSIVA - Blog do Farn\u00e9sio","robots":{"index":"index","follow":"follow","max-snippet":"max-snippet:-1","max-image-preview":"max-image-preview:large","max-video-preview":"max-video-preview:-1"},"canonical":"https:\/\/blogdofarnesio.com.br\/?p=158321","og_locale":"pt_BR","og_type":"article","og_title":"OBRAS DE PAVIMENTA\u00c7\u00c3O NO ALTO DA ALIAN\u00c7A ENTRAM EM FASE CONCLUSIVA - Blog do Farn\u00e9sio","og_description":"A comunidade do bairro Alto da Alian\u00e7a j\u00e1 pode come\u00e7ar a comemorar, pois as obras de pavimenta\u00e7\u00e3o em andamento na localidade est\u00e3o prestes a ser conclu\u00eddas. Iniciadas h\u00e1 pouco mais de 20 dias as interven\u00e7\u00f5es beneficiam as Ruas Ant\u00f4nio Conselheiro e Marqu\u00eas de Barbacena com pavimenta\u00e7\u00e3o em paralelep\u00edpedo gran\u00edtico, drenagem superficial, linha d\u2019\u00e1gua, meio fio e cal\u00e7adas. \u201cNa Rua Ant\u00f4nio Conselheiro que tem uma extens\u00e3o de 110 metros j\u00e1 finalizamos a obra. J\u00e1 na Rua Marqu\u00eas de Barbacena que \u00e9 mais extensa &#8211; aproximadamente 900 metros &#8211; estamos com cerca de 600 metros pavimentados. Nossa previs\u00e3o \u00e9 concluir a obra entre os dias 15 e 20 desse m\u00eas\u201d, explica o engenheiro da Secretaria de Obras e Desenvolvimento Urbano (SEDUR), Rodrigo&hellip;","og_url":"https:\/\/blogdofarnesio.com.br\/?p=158321","og_site_name":"Blog do Farn\u00e9sio","article_publisher":"https:\/\/www.facebook.com\/BlogQuerSaberPolitica\/","article_published_time":"2017-02-03T13:40:05+00:00","og_image":[{"width":800,"height":599,"url":"https:\/\/blogdofarnesio.com.br\/wp-content\/uploads\/2017\/02\/blogqsp-altodaalian\u00e7a-obra.jpg","type":"image\/jpeg"}],"author":"Farn\u00e9sio","twitter_card":"summary_large_image","twitter_misc":{"Escrito por":"Farn\u00e9sio","Est. tempo de leitura":"2 minutos"},"schema":{"@context":"https:\/\/schema.org","@graph":[{"@type":"Article","@id":"https:\/\/blogdofarnesio.com.br\/?p=158321#article","isPartOf":{"@id":"https:\/\/blogdofarnesio.com.br\/?p=158321"},"author":{"name":"Farn\u00e9sio","@id":"https:\/\/blogdofarnesio.com.br\/#\/schema\/person\/301c4acf522bccbfdb45af95b5b906a1"},"headline":"OBRAS DE PAVIMENTA\u00c7\u00c3O NO ALTO DA ALIAN\u00c7A ENTRAM EM FASE CONCLUSIVA","datePublished":"2017-02-03T13:40:05+00:00","mainEntityOfPage":{"@id":"https:\/\/blogdofarnesio.com.br\/?p=158321"},"wordCount":328,"commentCount":0,"publisher":{"@id":"https:\/\/blogdofarnesio.com.br\/#organization"},"image":{"@id":"https:\/\/blogdofarnesio.com.br\/?p=158321#primaryimage"},"thumbnailUrl":"https:\/\/blogdofarnesio.com.br\/wp-content\/uploads\/2017\/02\/blogqsp-altodaalian\u00e7a-obra.jpg","inLanguage":"pt-BR","potentialAction":[{"@type":"CommentAction","name":"Comment","target":["https:\/\/blogdofarnesio.com.br\/?p=158321#respond"]}]},{"@type":"WebPage","@id":"https:\/\/blogdofarnesio.com.br\/?p=158321","url":"https:\/\/blogdofarnesio.com.br\/?p=158321","name":"OBRAS DE PAVIMENTA\u00c7\u00c3O NO ALTO DA ALIAN\u00c7A ENTRAM EM FASE CONCLUSIVA - Blog do Farn\u00e9sio","isPartOf":{"@id":"https:\/\/blogdofarnesio.com.br\/#website"},"primaryImageOfPage":{"@id":"https:\/\/blogdofarnesio.com.br\/?p=158321#primaryimage"},"image":{"@id":"https:\/\/blogdofarnesio.com.br\/?p=158321#primaryimage"},"thumbnailUrl":"https:\/\/blogdofarnesio.com.br\/wp-content\/uploads\/2017\/02\/blogqsp-altodaalian\u00e7a-obra.jpg","datePublished":"2017-02-03T13:40:05+00:00","breadcrumb":{"@id":"https:\/\/blogdofarnesio.com.br\/?p=158321#breadcrumb"},"inLanguage":"pt-BR","potentialAction":[{"@type":"ReadAction","target":["https:\/\/blogdofarnesio.com.br\/?p=158321"]}]},{"@type":"ImageObject","inLanguage":"pt-BR","@id":"https:\/\/blogdofarnesio.com.br\/?p=158321#primaryimage","url":"https:\/\/blogdofarnesio.com.br\/wp-content\/uploads\/2017\/02\/blogqsp-altodaalian\u00e7a-obra.jpg","contentUrl":"https:\/\/blogdofarnesio.com.br\/wp-content\/uploads\/2017\/02\/blogqsp-altodaalian\u00e7a-obra.jpg","width":800,"height":599},{"@type":"BreadcrumbList","@id":"https:\/\/blogdofarnesio.com.br\/?p=158321#breadcrumb","itemListElement":[{"@type":"ListItem","position":1,"name":"In\u00edcio","item":"https:\/\/blogdofarnesio.com.br\/"},{"@type":"ListItem","position":2,"name":"OBRAS DE PAVIMENTA\u00c7\u00c3O NO ALTO DA ALIAN\u00c7A ENTRAM EM FASE CONCLUSIVA"}]},{"@type":"WebSite","@id":"https:\/\/blogdofarnesio.com.br\/#website","url":"https:\/\/blogdofarnesio.com.br\/","name":"Blog do Farn\u00e9sio","description":"Quer Saber Pol\u00edtica?","publisher":{"@id":"https:\/\/blogdofarnesio.com.br\/#organization"},"potentialAction":[{"@type":"SearchAction","target":{"@type":"EntryPoint","urlTemplate":"https:\/\/blogdofarnesio.com.br\/?s={search_term_string}"},"query-input":{"@type":"PropertyValueSpecification","valueRequired":true,"valueName":"search_term_string"}}],"inLanguage":"pt-BR"},{"@type":"Organization","@id":"https:\/\/blogdofarnesio.com.br\/#organization","name":"Blog do Farn\u00e9sio","url":"https:\/\/blogdofarnesio.com.br\/","logo":{"@type":"ImageObject","inLanguage":"pt-BR","@id":"https:\/\/blogdofarnesio.com.br\/#\/schema\/logo\/image\/","url":"https:\/\/blogdofarnesio.com.br\/wp-content\/uploads\/2026\/03\/cropped-logo_new-1.png","contentUrl":"https:\/\/blogdofarnesio.com.br\/wp-content\/uploads\/2026\/03\/cropped-logo_new-1.png","width":881,"height":685,"caption":"Blog do Farn\u00e9sio"},"image":{"@id":"https:\/\/blogdofarnesio.com.br\/#\/schema\/logo\/image\/"},"sameAs":["https:\/\/www.facebook.com\/BlogQuerSaberPolitica\/"]},{"@type":"Person","@id":"https:\/\/blogdofarnesio.com.br\/#\/schema\/person\/301c4acf522bccbfdb45af95b5b906a1","name":"Farn\u00e9sio","image":{"@type":"ImageObject","inLanguage":"pt-BR","@id":"https:\/\/secure.gravatar.com\/avatar\/df0c9a14567c056f8ad6876ba5bbd1e3e2c48023eb6807342fc4663adf549f38?s=96&d=mm&r=g","url":"https:\/\/secure.gravatar.com\/avatar\/df0c9a14567c056f8ad6876ba5bbd1e3e2c48023eb6807342fc4663adf549f38?s=96&d=mm&r=g","contentUrl":"https:\/\/secure.gravatar.com\/avatar\/df0c9a14567c056f8ad6876ba5bbd1e3e2c48023eb6807342fc4663adf549f38?s=96&d=mm&r=g","caption":"Farn\u00e9sio"},"sameAs":["https:\/\/quersaberpolitica.com.br"],"url":"https:\/\/blogdofarnesio.com.br\/?author=1"}]}},"_links":{"self":[{"href":"https:\/\/blogdofarnesio.com.br\/index.php?rest_route=\/wp\/v2\/posts\/158321","targetHints":{"allow":["GET"]}}],"collection":[{"href":"https:\/\/blogdofarnesio.com.br\/index.php?rest_route=\/wp\/v2\/posts"}],"about":[{"href":"https:\/\/blogdofarnesio.com.br\/index.php?rest_route=\/wp\/v2\/types\/post"}],"author":[{"embeddable":true,"href":"https:\/\/blogdofarnesio.com.br\/index.php?rest_route=\/wp\/v2\/users\/1"}],"replies":[{"embeddable":true,"href":"https:\/\/blogdofarnesio.com.br\/index.php?rest_route=%2Fwp%2Fv2%2Fcomments&post=158321"}],"version-history":[{"count":0,"href":"https:\/\/blogdofarnesio.com.br\/index.php?rest_route=\/wp\/v2\/posts\/158321\/revisions"}],"wp:featuredmedia":[{"embeddable":true,"href":"https:\/\/blogdofarnesio.com.br\/index.php?rest_route=\/wp\/v2\/media\/155558"}],"wp:attachment":[{"href":"https:\/\/blogdofarnesio.com.br\/index.php?rest_route=%2Fwp%2Fv2%2Fmedia&parent=158321"}],"wp:term":[{"taxonomy":"category","embeddable":true,"href":"https:\/\/blogdofarnesio.com.br\/index.php?rest_route=%2Fwp%2Fv2%2Fcategories&post=158321"},{"taxonomy":"post_tag","embeddable":true,"href":"https:\/\/blogdofarnesio.com.br\/index.php?rest_route=%2Fwp%2Fv2%2Ftags&post=158321"}],"curies":[{"name":"wp","href":"https:\/\/api.w.org\/{rel}","templated":true}]}}