{"id":15790,"date":"2012-07-17T14:23:24","date_gmt":"2012-07-17T14:23:24","guid":{"rendered":"http:\/\/www.quersaberpolitica.com.br?p=15790"},"modified":"2012-07-17T08:40:37","modified_gmt":"2012-07-17T08:40:37","slug":"sead-abre-vagas-para-selecao-de-tutores","status":"publish","type":"post","link":"https:\/\/blogdofarnesio.com.br\/?p=15790","title":{"rendered":"Sead abre vagas para sele\u00e7\u00e3o de tutores"},"content":{"rendered":"<p>&nbsp;<\/p>\n<p style=\"text-align: justify;\"><span style=\"font-size: medium;\"><span style=\"font-size: small;\"><a rel=\"lightbox\" href=\"http:\/\/www.quersaberpolitica.com.br\/2016\/wp-content\/uploads\/2012\/12\/blogfarnesiounivasf2.jpg\"><img loading=\"lazy\" decoding=\"async\" style=\"float: left; margin: 5px 10px;\" src=\"http:\/\/www.quersaberpolitica.com.br\/2016\/wp-content\/uploads\/2012\/12\/blogfarnesiounivasf2.jpg\" alt=\"\" width=\"200\" height=\"129\" \/><\/a>A Secretaria de Educa&ccedil;&atilde;o a Dist&acirc;ncia da Universidade Federal do Vale do S&atilde;o Francisco (Sead\/Univasf) est&aacute; com inscri&ccedil;&otilde;es abertas a partir de hoje (16) at&eacute; 20 de julho para o Processo Seletivo Simplificado de Tutores Presenciais. S&atilde;o oferecidas 30 vagas imediatas e 60 para forma&ccedil;&atilde;o de cadastro de reserva nas &aacute;reas de Artes Visuais, Educa&ccedil;&atilde;o F&iacute;sica, Matem&aacute;tica, F&iacute;sica, Qu&iacute;mica e Ci&ecirc;ncias Biol&oacute;gicas.<\/span><\/span><\/p>\n<p style=\"text-align: justify;\"><span style=\"font-size: medium;\"><span style=\"font-size: small;\">As inscri&ccedil;&otilde;es poder&atilde;o ser feitas, gratuitamente, na sede dos p&oacute;los de apoio presencial das cidades de Petrolina, Ouricuri e Salgueiro, em Pernambuco, e Juazeiro e Pintadas, na Bahia, no hor&aacute;rio de 8h &agrave;s 12h e de 14h &agrave;s 17h.<\/span><\/span><\/p>\n<p style=\"text-align: justify;\"><span style=\"font-size: medium;\"><span style=\"font-size: small;\">Os candidatos dever&atilde;o escolher um curso para o qual desejam concorrer e indicar o p&oacute;lo onde pretende atuar. O processo seletivo ocorrer&aacute; em duas etapas: an&aacute;lise do curr&iacute;culo lattes, com suas respectivas comprova&ccedil;&otilde;es, e da Carta de Inten&ccedil;&atilde;o, documento escrito com os motivos pelos quais est&aacute; pleiteando a vaga.<\/span><\/span><\/p>\n<p style=\"text-align: justify;\"><span style=\"font-size: medium;\"><span style=\"font-size: small;\">A bolsa para tutores &eacute; de R$ 765 por 20 horas semanais. O resultado final da sele&ccedil;&atilde;o ser&aacute; divulgado no dia 31 de julho no site da Sead. O edital completo pode ser acessado no site da Sead.<\/span><\/span><\/p>\n<p>&nbsp;<\/p>\n","protected":false},"excerpt":{"rendered":"<p>&nbsp; A Secretaria de Educa&ccedil;&atilde;o a Dist&acirc;ncia da Universidade Federal do Vale do S&atilde;o Francisco (Sead\/Univasf) est&aacute; com inscri&ccedil;&otilde;es abertas a partir de hoje (16) at&eacute; 20 de julho para o Processo Seletivo Simplificado de Tutores Presenciais. S&atilde;o oferecidas 30 vagas imediatas e 60 para forma&ccedil;&atilde;o de cadastro de reserva nas &aacute;reas de Artes Visuais, Educa&ccedil;&atilde;o F&iacute;sica, Matem&aacute;tica, F&iacute;sica, Qu&iacute;mica e Ci&ecirc;ncias Biol&oacute;gicas. As inscri&ccedil;&otilde;es poder&atilde;o ser feitas, gratuitamente, na sede dos p&oacute;los de apoio presencial das cidades de Petrolina, Ouricuri e Salgueiro, em Pernambuco, e Juazeiro e Pintadas, na Bahia, no hor&aacute;rio de 8h &agrave;s 12h e de 14h &agrave;s 17h. Os candidatos dever&atilde;o escolher um curso para o qual desejam concorrer e indicar o p&oacute;lo onde pretende atuar.&hellip; <\/p>\n","protected":false},"author":0,"featured_media":0,"comment_status":"open","ping_status":"open","sticky":false,"template":"","format":"standard","meta":{"_acf_changed":false,"footnotes":""},"categories":[43],"tags":[],"class_list":["post-15790","post","type-post","status-publish","format-standard","hentry","category-sem-categoria"],"acf":[],"yoast_head":"<!-- This site is optimized with the Yoast SEO plugin v27.4 - https:\/\/yoast.com\/product\/yoast-seo-wordpress\/ -->\n<title>Sead abre vagas para sele\u00e7\u00e3o de tutores - Blog do Farn\u00e9sio<\/title>\n<meta name=\"robots\" content=\"index, follow, max-snippet:-1, max-image-preview:large, max-video-preview:-1\" \/>\n<link rel=\"canonical\" href=\"https:\/\/blogdofarnesio.com.br\/?p=15790\" \/>\n<meta property=\"og:locale\" content=\"pt_BR\" \/>\n<meta property=\"og:type\" content=\"article\" \/>\n<meta property=\"og:title\" content=\"Sead abre vagas para sele\u00e7\u00e3o de tutores - Blog do Farn\u00e9sio\" \/>\n<meta property=\"og:description\" content=\"&nbsp; A Secretaria de Educa&ccedil;&atilde;o a Dist&acirc;ncia da Universidade Federal do Vale do S&atilde;o Francisco (Sead\/Univasf) est&aacute; com inscri&ccedil;&otilde;es abertas a partir de hoje (16) at&eacute; 20 de julho para o Processo Seletivo Simplificado de Tutores Presenciais. S&atilde;o oferecidas 30 vagas imediatas e 60 para forma&ccedil;&atilde;o de cadastro de reserva nas &aacute;reas de Artes Visuais, Educa&ccedil;&atilde;o F&iacute;sica, Matem&aacute;tica, F&iacute;sica, Qu&iacute;mica e Ci&ecirc;ncias Biol&oacute;gicas. As inscri&ccedil;&otilde;es poder&atilde;o ser feitas, gratuitamente, na sede dos p&oacute;los de apoio presencial das cidades de Petrolina, Ouricuri e Salgueiro, em Pernambuco, e Juazeiro e Pintadas, na Bahia, no hor&aacute;rio de 8h &agrave;s 12h e de 14h &agrave;s 17h. Os candidatos dever&atilde;o escolher um curso para o qual desejam concorrer e indicar o p&oacute;lo onde pretende atuar.&hellip;\" \/>\n<meta property=\"og:url\" content=\"https:\/\/blogdofarnesio.com.br\/?p=15790\" \/>\n<meta property=\"og:site_name\" content=\"Blog do Farn\u00e9sio\" \/>\n<meta property=\"article:publisher\" content=\"https:\/\/www.facebook.com\/BlogQuerSaberPolitica\/\" \/>\n<meta property=\"article:published_time\" content=\"2012-07-17T14:23:24+00:00\" \/>\n<meta property=\"og:image\" content=\"http:\/\/www.quersaberpolitica.com.br\/2016\/wp-content\/uploads\/2012\/12\/blogfarnesiounivasf2.jpg\" \/>\n<meta name=\"twitter:card\" content=\"summary_large_image\" \/>\n<meta name=\"twitter:label1\" content=\"Est. tempo de leitura\" \/>\n\t<meta name=\"twitter:data1\" content=\"1 minuto\" \/>\n<script type=\"application\/ld+json\" class=\"yoast-schema-graph\">{\"@context\":\"https:\\\/\\\/schema.org\",\"@graph\":[{\"@type\":\"Article\",\"@id\":\"https:\\\/\\\/blogdofarnesio.com.br\\\/?p=15790#article\",\"isPartOf\":{\"@id\":\"https:\\\/\\\/blogdofarnesio.com.br\\\/?p=15790\"},\"author\":{\"name\":\"\",\"@id\":\"\"},\"headline\":\"Sead abre vagas para sele\u00e7\u00e3o de tutores\",\"datePublished\":\"2012-07-17T14:23:24+00:00\",\"mainEntityOfPage\":{\"@id\":\"https:\\\/\\\/blogdofarnesio.com.br\\\/?p=15790\"},\"wordCount\":256,\"commentCount\":0,\"publisher\":{\"@id\":\"https:\\\/\\\/blogdofarnesio.com.br\\\/#organization\"},\"image\":{\"@id\":\"https:\\\/\\\/blogdofarnesio.com.br\\\/?p=15790#primaryimage\"},\"thumbnailUrl\":\"http:\\\/\\\/www.quersaberpolitica.com.br\\\/2016\\\/wp-content\\\/uploads\\\/2012\\\/12\\\/blogfarnesiounivasf2.jpg\",\"inLanguage\":\"pt-BR\",\"potentialAction\":[{\"@type\":\"CommentAction\",\"name\":\"Comment\",\"target\":[\"https:\\\/\\\/blogdofarnesio.com.br\\\/?p=15790#respond\"]}]},{\"@type\":\"WebPage\",\"@id\":\"https:\\\/\\\/blogdofarnesio.com.br\\\/?p=15790\",\"url\":\"https:\\\/\\\/blogdofarnesio.com.br\\\/?p=15790\",\"name\":\"Sead abre vagas para sele\u00e7\u00e3o de tutores - Blog do Farn\u00e9sio\",\"isPartOf\":{\"@id\":\"https:\\\/\\\/blogdofarnesio.com.br\\\/#website\"},\"primaryImageOfPage\":{\"@id\":\"https:\\\/\\\/blogdofarnesio.com.br\\\/?p=15790#primaryimage\"},\"image\":{\"@id\":\"https:\\\/\\\/blogdofarnesio.com.br\\\/?p=15790#primaryimage\"},\"thumbnailUrl\":\"http:\\\/\\\/www.quersaberpolitica.com.br\\\/2016\\\/wp-content\\\/uploads\\\/2012\\\/12\\\/blogfarnesiounivasf2.jpg\",\"datePublished\":\"2012-07-17T14:23:24+00:00\",\"breadcrumb\":{\"@id\":\"https:\\\/\\\/blogdofarnesio.com.br\\\/?p=15790#breadcrumb\"},\"inLanguage\":\"pt-BR\",\"potentialAction\":[{\"@type\":\"ReadAction\",\"target\":[\"https:\\\/\\\/blogdofarnesio.com.br\\\/?p=15790\"]}]},{\"@type\":\"ImageObject\",\"inLanguage\":\"pt-BR\",\"@id\":\"https:\\\/\\\/blogdofarnesio.com.br\\\/?p=15790#primaryimage\",\"url\":\"http:\\\/\\\/www.quersaberpolitica.com.br\\\/2016\\\/wp-content\\\/uploads\\\/2012\\\/12\\\/blogfarnesiounivasf2.jpg\",\"contentUrl\":\"http:\\\/\\\/www.quersaberpolitica.com.br\\\/2016\\\/wp-content\\\/uploads\\\/2012\\\/12\\\/blogfarnesiounivasf2.jpg\"},{\"@type\":\"BreadcrumbList\",\"@id\":\"https:\\\/\\\/blogdofarnesio.com.br\\\/?p=15790#breadcrumb\",\"itemListElement\":[{\"@type\":\"ListItem\",\"position\":1,\"name\":\"In\u00edcio\",\"item\":\"https:\\\/\\\/blogdofarnesio.com.br\\\/\"},{\"@type\":\"ListItem\",\"position\":2,\"name\":\"Sead abre vagas para sele\u00e7\u00e3o de tutores\"}]},{\"@type\":\"WebSite\",\"@id\":\"https:\\\/\\\/blogdofarnesio.com.br\\\/#website\",\"url\":\"https:\\\/\\\/blogdofarnesio.com.br\\\/\",\"name\":\"Blog do Farn\u00e9sio\",\"description\":\"Quer Saber Pol\u00edtica?\",\"publisher\":{\"@id\":\"https:\\\/\\\/blogdofarnesio.com.br\\\/#organization\"},\"potentialAction\":[{\"@type\":\"SearchAction\",\"target\":{\"@type\":\"EntryPoint\",\"urlTemplate\":\"https:\\\/\\\/blogdofarnesio.com.br\\\/?s={search_term_string}\"},\"query-input\":{\"@type\":\"PropertyValueSpecification\",\"valueRequired\":true,\"valueName\":\"search_term_string\"}}],\"inLanguage\":\"pt-BR\"},{\"@type\":\"Organization\",\"@id\":\"https:\\\/\\\/blogdofarnesio.com.br\\\/#organization\",\"name\":\"Blog do Farn\u00e9sio\",\"url\":\"https:\\\/\\\/blogdofarnesio.com.br\\\/\",\"logo\":{\"@type\":\"ImageObject\",\"inLanguage\":\"pt-BR\",\"@id\":\"https:\\\/\\\/blogdofarnesio.com.br\\\/#\\\/schema\\\/logo\\\/image\\\/\",\"url\":\"https:\\\/\\\/blogdofarnesio.com.br\\\/wp-content\\\/uploads\\\/2026\\\/03\\\/cropped-logo_new-1.png\",\"contentUrl\":\"https:\\\/\\\/blogdofarnesio.com.br\\\/wp-content\\\/uploads\\\/2026\\\/03\\\/cropped-logo_new-1.png\",\"width\":881,\"height\":685,\"caption\":\"Blog do Farn\u00e9sio\"},\"image\":{\"@id\":\"https:\\\/\\\/blogdofarnesio.com.br\\\/#\\\/schema\\\/logo\\\/image\\\/\"},\"sameAs\":[\"https:\\\/\\\/www.facebook.com\\\/BlogQuerSaberPolitica\\\/\"]}]}<\/script>\n<!-- \/ Yoast SEO plugin. -->","yoast_head_json":{"title":"Sead abre vagas para sele\u00e7\u00e3o de tutores - Blog do Farn\u00e9sio","robots":{"index":"index","follow":"follow","max-snippet":"max-snippet:-1","max-image-preview":"max-image-preview:large","max-video-preview":"max-video-preview:-1"},"canonical":"https:\/\/blogdofarnesio.com.br\/?p=15790","og_locale":"pt_BR","og_type":"article","og_title":"Sead abre vagas para sele\u00e7\u00e3o de tutores - Blog do Farn\u00e9sio","og_description":"&nbsp; A Secretaria de Educa&ccedil;&atilde;o a Dist&acirc;ncia da Universidade Federal do Vale do S&atilde;o Francisco (Sead\/Univasf) est&aacute; com inscri&ccedil;&otilde;es abertas a partir de hoje (16) at&eacute; 20 de julho para o Processo Seletivo Simplificado de Tutores Presenciais. S&atilde;o oferecidas 30 vagas imediatas e 60 para forma&ccedil;&atilde;o de cadastro de reserva nas &aacute;reas de Artes Visuais, Educa&ccedil;&atilde;o F&iacute;sica, Matem&aacute;tica, F&iacute;sica, Qu&iacute;mica e Ci&ecirc;ncias Biol&oacute;gicas. As inscri&ccedil;&otilde;es poder&atilde;o ser feitas, gratuitamente, na sede dos p&oacute;los de apoio presencial das cidades de Petrolina, Ouricuri e Salgueiro, em Pernambuco, e Juazeiro e Pintadas, na Bahia, no hor&aacute;rio de 8h &agrave;s 12h e de 14h &agrave;s 17h. Os candidatos dever&atilde;o escolher um curso para o qual desejam concorrer e indicar o p&oacute;lo onde pretende atuar.&hellip;","og_url":"https:\/\/blogdofarnesio.com.br\/?p=15790","og_site_name":"Blog do Farn\u00e9sio","article_publisher":"https:\/\/www.facebook.com\/BlogQuerSaberPolitica\/","article_published_time":"2012-07-17T14:23:24+00:00","og_image":[{"url":"http:\/\/www.quersaberpolitica.com.br\/2016\/wp-content\/uploads\/2012\/12\/blogfarnesiounivasf2.jpg","type":"","width":"","height":""}],"twitter_card":"summary_large_image","twitter_misc":{"Est. tempo de leitura":"1 minuto"},"schema":{"@context":"https:\/\/schema.org","@graph":[{"@type":"Article","@id":"https:\/\/blogdofarnesio.com.br\/?p=15790#article","isPartOf":{"@id":"https:\/\/blogdofarnesio.com.br\/?p=15790"},"author":{"name":"","@id":""},"headline":"Sead abre vagas para sele\u00e7\u00e3o de tutores","datePublished":"2012-07-17T14:23:24+00:00","mainEntityOfPage":{"@id":"https:\/\/blogdofarnesio.com.br\/?p=15790"},"wordCount":256,"commentCount":0,"publisher":{"@id":"https:\/\/blogdofarnesio.com.br\/#organization"},"image":{"@id":"https:\/\/blogdofarnesio.com.br\/?p=15790#primaryimage"},"thumbnailUrl":"http:\/\/www.quersaberpolitica.com.br\/2016\/wp-content\/uploads\/2012\/12\/blogfarnesiounivasf2.jpg","inLanguage":"pt-BR","potentialAction":[{"@type":"CommentAction","name":"Comment","target":["https:\/\/blogdofarnesio.com.br\/?p=15790#respond"]}]},{"@type":"WebPage","@id":"https:\/\/blogdofarnesio.com.br\/?p=15790","url":"https:\/\/blogdofarnesio.com.br\/?p=15790","name":"Sead abre vagas para sele\u00e7\u00e3o de tutores - Blog do Farn\u00e9sio","isPartOf":{"@id":"https:\/\/blogdofarnesio.com.br\/#website"},"primaryImageOfPage":{"@id":"https:\/\/blogdofarnesio.com.br\/?p=15790#primaryimage"},"image":{"@id":"https:\/\/blogdofarnesio.com.br\/?p=15790#primaryimage"},"thumbnailUrl":"http:\/\/www.quersaberpolitica.com.br\/2016\/wp-content\/uploads\/2012\/12\/blogfarnesiounivasf2.jpg","datePublished":"2012-07-17T14:23:24+00:00","breadcrumb":{"@id":"https:\/\/blogdofarnesio.com.br\/?p=15790#breadcrumb"},"inLanguage":"pt-BR","potentialAction":[{"@type":"ReadAction","target":["https:\/\/blogdofarnesio.com.br\/?p=15790"]}]},{"@type":"ImageObject","inLanguage":"pt-BR","@id":"https:\/\/blogdofarnesio.com.br\/?p=15790#primaryimage","url":"http:\/\/www.quersaberpolitica.com.br\/2016\/wp-content\/uploads\/2012\/12\/blogfarnesiounivasf2.jpg","contentUrl":"http:\/\/www.quersaberpolitica.com.br\/2016\/wp-content\/uploads\/2012\/12\/blogfarnesiounivasf2.jpg"},{"@type":"BreadcrumbList","@id":"https:\/\/blogdofarnesio.com.br\/?p=15790#breadcrumb","itemListElement":[{"@type":"ListItem","position":1,"name":"In\u00edcio","item":"https:\/\/blogdofarnesio.com.br\/"},{"@type":"ListItem","position":2,"name":"Sead abre vagas para sele\u00e7\u00e3o de tutores"}]},{"@type":"WebSite","@id":"https:\/\/blogdofarnesio.com.br\/#website","url":"https:\/\/blogdofarnesio.com.br\/","name":"Blog do Farn\u00e9sio","description":"Quer Saber Pol\u00edtica?","publisher":{"@id":"https:\/\/blogdofarnesio.com.br\/#organization"},"potentialAction":[{"@type":"SearchAction","target":{"@type":"EntryPoint","urlTemplate":"https:\/\/blogdofarnesio.com.br\/?s={search_term_string}"},"query-input":{"@type":"PropertyValueSpecification","valueRequired":true,"valueName":"search_term_string"}}],"inLanguage":"pt-BR"},{"@type":"Organization","@id":"https:\/\/blogdofarnesio.com.br\/#organization","name":"Blog do Farn\u00e9sio","url":"https:\/\/blogdofarnesio.com.br\/","logo":{"@type":"ImageObject","inLanguage":"pt-BR","@id":"https:\/\/blogdofarnesio.com.br\/#\/schema\/logo\/image\/","url":"https:\/\/blogdofarnesio.com.br\/wp-content\/uploads\/2026\/03\/cropped-logo_new-1.png","contentUrl":"https:\/\/blogdofarnesio.com.br\/wp-content\/uploads\/2026\/03\/cropped-logo_new-1.png","width":881,"height":685,"caption":"Blog do Farn\u00e9sio"},"image":{"@id":"https:\/\/blogdofarnesio.com.br\/#\/schema\/logo\/image\/"},"sameAs":["https:\/\/www.facebook.com\/BlogQuerSaberPolitica\/"]}]}},"_links":{"self":[{"href":"https:\/\/blogdofarnesio.com.br\/index.php?rest_route=\/wp\/v2\/posts\/15790","targetHints":{"allow":["GET"]}}],"collection":[{"href":"https:\/\/blogdofarnesio.com.br\/index.php?rest_route=\/wp\/v2\/posts"}],"about":[{"href":"https:\/\/blogdofarnesio.com.br\/index.php?rest_route=\/wp\/v2\/types\/post"}],"replies":[{"embeddable":true,"href":"https:\/\/blogdofarnesio.com.br\/index.php?rest_route=%2Fwp%2Fv2%2Fcomments&post=15790"}],"version-history":[{"count":0,"href":"https:\/\/blogdofarnesio.com.br\/index.php?rest_route=\/wp\/v2\/posts\/15790\/revisions"}],"wp:attachment":[{"href":"https:\/\/blogdofarnesio.com.br\/index.php?rest_route=%2Fwp%2Fv2%2Fmedia&parent=15790"}],"wp:term":[{"taxonomy":"category","embeddable":true,"href":"https:\/\/blogdofarnesio.com.br\/index.php?rest_route=%2Fwp%2Fv2%2Fcategories&post=15790"},{"taxonomy":"post_tag","embeddable":true,"href":"https:\/\/blogdofarnesio.com.br\/index.php?rest_route=%2Fwp%2Fv2%2Ftags&post=15790"}],"curies":[{"name":"wp","href":"https:\/\/api.w.org\/{rel}","templated":true}]}}