{"id":157268,"date":"2017-01-12T10:00:19","date_gmt":"2017-01-12T13:00:19","guid":{"rendered":"http:\/\/quersaberpolitica.com.br\/2016\/?p=157268"},"modified":"2017-01-12T08:01:44","modified_gmt":"2017-01-12T11:01:44","slug":"secretarias-municipais-iniciam-projeto-de-revitalizacao-da-orla-de-juazeiro","status":"publish","type":"post","link":"https:\/\/blogdofarnesio.com.br\/?p=157268","title":{"rendered":"SECRETARIAS MUNICIPAIS INICIAM PROJETO DE REVITALIZA\u00c7\u00c3O DA ORLA DE JUAZEIRO"},"content":{"rendered":"<p>&nbsp;<\/p>\n<p style=\"text-align: justify;\">Uma parceria entre as Secretarias de Cultura, Turismo e Esporte, Servi\u00e7os P\u00fablicos, Meio Ambiente e Ordenamento Urbano, al\u00e9m da Secretaria de Obras vai realizar um projeto de revitaliza\u00e7\u00e3o da Orla de Juazeiro para dar mais visibilidade ao Rio S\u00e3o Francsico \u2013 o maior cart\u00e3o postal da cidade. Nesta quarta-feira, 11, os representantes de cada pasta reuniram-se para detalhar o projeto e dar in\u00edcio ao trabalho.<\/p>\n<p style=\"text-align: justify;\">&#8220;As algarobas estavam transformando as margens do rio em uma floresta prejudicando a seguran\u00e7a de quem frequenta a Orla e gerando reclama\u00e7\u00f5es por parte das pessoas\u201d, explica Maur\u00edcio Dias, superintendente da Secretaria de Cultura, Turismo e Esporte.<\/p>\n<p style=\"text-align: justify;\"><!--more--><\/p>\n<p style=\"text-align: justify;\">Com autoriza\u00e7\u00e3o dada pela ger\u00eancia de fiscaliza\u00e7\u00e3o ambiental da prefeitura, as \u00e1rvores da esp\u00e9cie algaroba j\u00e1 come\u00e7aram a ser derrubadas. &#8220;Como as algarobas s\u00e3o plantas invasoras que n\u00e3o permitem que a vegeta\u00e7\u00e3o nativa possa nascer, ser\u00e3o retiradas e substitu\u00eddas por mata ciliar. Tamb\u00e9m estamos podando algumas galhas de outras \u00e1rvores, para dar melhor visibilidade do rio e ajudar na quest\u00e3o da seguran\u00e7a para a popula\u00e7\u00e3o. Tudo est\u00e1 sendo feito dentro das normas ambientais&#8221;, garante o agr\u00f4nomo Hudson Moreira Junior.<\/p>\n<p style=\"text-align: justify;\">&#8220;Al\u00e9m de bonita, a orla ficar\u00e1 mais segura e com mata ciliar preservada. Queremos terminar a primeira etapa antes do carnaval, para que nosso cart\u00e3o postal esteja vis\u00edvel a todos que ir\u00e3o participar da festa&#8221;, disse Celso Leal, secret\u00e1rio de Servi\u00e7os P\u00fablicos.<\/p>\n<p style=\"text-align: justify;\">O senhor Eurico Ferreira Francelino, um juazeirense apaixonado pelo rio S\u00e3o Francisco estava observando o trabalho da prefeitura e parabenizou a a\u00e7\u00e3o. &#8220;A gente que senta aqui todo dia ficava se perguntando porque n\u00e3o davam um jeito nessa floresta que se formou na beira do rio. Agora j\u00e1 est\u00e1 uma beleza. Toda a equipe respons\u00e1vel est\u00e1 de parab\u00e9ns&#8221;.<\/p>\n<p style=\"text-align: justify;\">&#8220;Nosso interesse \u00e9 cumprir o que o Prefeito Paulo Bonfim prometeu, de mudar a cidade ainda mais e de avan\u00e7ar no trabalho. Se minha equipe, que \u00e9 capacitada, tem uma ideia e essa n\u00e3o depende s\u00f3 de n\u00f3s, nos reunimos e conseguimos pensar no que \u00e9 melhor para a popula\u00e7\u00e3o. O trabalho segue em frente e estamos convictos de que esse projeto ser\u00e1 um grande sucesso&#8221;, conclui o secret\u00e1rio S\u00e9rgio Fernandes.<\/p>\n<p style=\"text-align: justify;\"><strong>Por Ram\u00e1iana Leal<\/strong><\/p>\n","protected":false},"excerpt":{"rendered":"<p>&nbsp; Uma parceria entre as Secretarias de Cultura, Turismo e Esporte, Servi\u00e7os P\u00fablicos, Meio Ambiente e Ordenamento Urbano, al\u00e9m da Secretaria de Obras vai realizar um projeto de revitaliza\u00e7\u00e3o da Orla de Juazeiro para dar mais visibilidade ao Rio S\u00e3o Francsico \u2013 o maior cart\u00e3o postal da cidade. Nesta quarta-feira, 11, os representantes de cada pasta reuniram-se para detalhar o projeto e dar in\u00edcio ao trabalho. &#8220;As algarobas estavam transformando as margens do rio em uma floresta prejudicando a seguran\u00e7a de quem frequenta a Orla e gerando reclama\u00e7\u00f5es por parte das pessoas\u201d, explica Maur\u00edcio Dias, superintendente da Secretaria de Cultura, Turismo e Esporte.<\/p>\n","protected":false},"author":1,"featured_media":154638,"comment_status":"open","ping_status":"open","sticky":false,"template":"","format":"standard","meta":{"_acf_changed":false,"footnotes":""},"categories":[44],"tags":[],"class_list":["post-157268","post","type-post","status-publish","format-standard","has-post-thumbnail","hentry","category-administracao"],"acf":[],"yoast_head":"<!-- This site is optimized with the Yoast SEO plugin v27.4 - https:\/\/yoast.com\/product\/yoast-seo-wordpress\/ -->\n<title>SECRETARIAS MUNICIPAIS INICIAM PROJETO DE REVITALIZA\u00c7\u00c3O DA ORLA DE JUAZEIRO - Blog do Farn\u00e9sio<\/title>\n<meta name=\"robots\" content=\"index, follow, max-snippet:-1, max-image-preview:large, max-video-preview:-1\" \/>\n<link rel=\"canonical\" href=\"https:\/\/blogdofarnesio.com.br\/?p=157268\" \/>\n<meta property=\"og:locale\" content=\"pt_BR\" \/>\n<meta property=\"og:type\" content=\"article\" \/>\n<meta property=\"og:title\" content=\"SECRETARIAS MUNICIPAIS INICIAM PROJETO DE REVITALIZA\u00c7\u00c3O DA ORLA DE JUAZEIRO - Blog do Farn\u00e9sio\" \/>\n<meta property=\"og:description\" content=\"&nbsp; Uma parceria entre as Secretarias de Cultura, Turismo e Esporte, Servi\u00e7os P\u00fablicos, Meio Ambiente e Ordenamento Urbano, al\u00e9m da Secretaria de Obras vai realizar um projeto de revitaliza\u00e7\u00e3o da Orla de Juazeiro para dar mais visibilidade ao Rio S\u00e3o Francsico \u2013 o maior cart\u00e3o postal da cidade. Nesta quarta-feira, 11, os representantes de cada pasta reuniram-se para detalhar o projeto e dar in\u00edcio ao trabalho. &#8220;As algarobas estavam transformando as margens do rio em uma floresta prejudicando a seguran\u00e7a de quem frequenta a Orla e gerando reclama\u00e7\u00f5es por parte das pessoas\u201d, explica Maur\u00edcio Dias, superintendente da Secretaria de Cultura, Turismo e Esporte.\" \/>\n<meta property=\"og:url\" content=\"https:\/\/blogdofarnesio.com.br\/?p=157268\" \/>\n<meta property=\"og:site_name\" content=\"Blog do Farn\u00e9sio\" \/>\n<meta property=\"article:publisher\" content=\"https:\/\/www.facebook.com\/BlogQuerSaberPolitica\/\" \/>\n<meta property=\"article:published_time\" content=\"2017-01-12T13:00:19+00:00\" \/>\n<meta property=\"og:image\" content=\"https:\/\/blogdofarnesio.com.br\/wp-content\/uploads\/2017\/01\/blogqsp-revitaliza\u00e7\u00e3o-orlaII.jpg\" \/>\n\t<meta property=\"og:image:width\" content=\"640\" \/>\n\t<meta property=\"og:image:height\" content=\"359\" \/>\n\t<meta property=\"og:image:type\" content=\"image\/jpeg\" \/>\n<meta name=\"author\" content=\"Farn\u00e9sio\" \/>\n<meta name=\"twitter:card\" content=\"summary_large_image\" \/>\n<meta name=\"twitter:label1\" content=\"Escrito por\" \/>\n\t<meta name=\"twitter:data1\" content=\"Farn\u00e9sio\" \/>\n\t<meta name=\"twitter:label2\" content=\"Est. tempo de leitura\" \/>\n\t<meta name=\"twitter:data2\" content=\"2 minutos\" \/>\n<script type=\"application\/ld+json\" class=\"yoast-schema-graph\">{\"@context\":\"https:\\\/\\\/schema.org\",\"@graph\":[{\"@type\":\"Article\",\"@id\":\"https:\\\/\\\/blogdofarnesio.com.br\\\/?p=157268#article\",\"isPartOf\":{\"@id\":\"https:\\\/\\\/blogdofarnesio.com.br\\\/?p=157268\"},\"author\":{\"name\":\"Farn\u00e9sio\",\"@id\":\"https:\\\/\\\/blogdofarnesio.com.br\\\/#\\\/schema\\\/person\\\/301c4acf522bccbfdb45af95b5b906a1\"},\"headline\":\"SECRETARIAS MUNICIPAIS INICIAM PROJETO DE REVITALIZA\u00c7\u00c3O DA ORLA DE JUAZEIRO\",\"datePublished\":\"2017-01-12T13:00:19+00:00\",\"mainEntityOfPage\":{\"@id\":\"https:\\\/\\\/blogdofarnesio.com.br\\\/?p=157268\"},\"wordCount\":406,\"commentCount\":0,\"publisher\":{\"@id\":\"https:\\\/\\\/blogdofarnesio.com.br\\\/#organization\"},\"image\":{\"@id\":\"https:\\\/\\\/blogdofarnesio.com.br\\\/?p=157268#primaryimage\"},\"thumbnailUrl\":\"https:\\\/\\\/blogdofarnesio.com.br\\\/wp-content\\\/uploads\\\/2017\\\/01\\\/blogqsp-revitaliza\u00e7\u00e3o-orlaII.jpg\",\"articleSection\":[\"Administra\u00e7\u00e3o\"],\"inLanguage\":\"pt-BR\",\"potentialAction\":[{\"@type\":\"CommentAction\",\"name\":\"Comment\",\"target\":[\"https:\\\/\\\/blogdofarnesio.com.br\\\/?p=157268#respond\"]}]},{\"@type\":\"WebPage\",\"@id\":\"https:\\\/\\\/blogdofarnesio.com.br\\\/?p=157268\",\"url\":\"https:\\\/\\\/blogdofarnesio.com.br\\\/?p=157268\",\"name\":\"SECRETARIAS MUNICIPAIS INICIAM PROJETO DE REVITALIZA\u00c7\u00c3O DA ORLA DE JUAZEIRO - Blog do Farn\u00e9sio\",\"isPartOf\":{\"@id\":\"https:\\\/\\\/blogdofarnesio.com.br\\\/#website\"},\"primaryImageOfPage\":{\"@id\":\"https:\\\/\\\/blogdofarnesio.com.br\\\/?p=157268#primaryimage\"},\"image\":{\"@id\":\"https:\\\/\\\/blogdofarnesio.com.br\\\/?p=157268#primaryimage\"},\"thumbnailUrl\":\"https:\\\/\\\/blogdofarnesio.com.br\\\/wp-content\\\/uploads\\\/2017\\\/01\\\/blogqsp-revitaliza\u00e7\u00e3o-orlaII.jpg\",\"datePublished\":\"2017-01-12T13:00:19+00:00\",\"breadcrumb\":{\"@id\":\"https:\\\/\\\/blogdofarnesio.com.br\\\/?p=157268#breadcrumb\"},\"inLanguage\":\"pt-BR\",\"potentialAction\":[{\"@type\":\"ReadAction\",\"target\":[\"https:\\\/\\\/blogdofarnesio.com.br\\\/?p=157268\"]}]},{\"@type\":\"ImageObject\",\"inLanguage\":\"pt-BR\",\"@id\":\"https:\\\/\\\/blogdofarnesio.com.br\\\/?p=157268#primaryimage\",\"url\":\"https:\\\/\\\/blogdofarnesio.com.br\\\/wp-content\\\/uploads\\\/2017\\\/01\\\/blogqsp-revitaliza\u00e7\u00e3o-orlaII.jpg\",\"contentUrl\":\"https:\\\/\\\/blogdofarnesio.com.br\\\/wp-content\\\/uploads\\\/2017\\\/01\\\/blogqsp-revitaliza\u00e7\u00e3o-orlaII.jpg\",\"width\":640,\"height\":359},{\"@type\":\"BreadcrumbList\",\"@id\":\"https:\\\/\\\/blogdofarnesio.com.br\\\/?p=157268#breadcrumb\",\"itemListElement\":[{\"@type\":\"ListItem\",\"position\":1,\"name\":\"In\u00edcio\",\"item\":\"https:\\\/\\\/blogdofarnesio.com.br\\\/\"},{\"@type\":\"ListItem\",\"position\":2,\"name\":\"SECRETARIAS MUNICIPAIS INICIAM PROJETO DE REVITALIZA\u00c7\u00c3O DA ORLA DE JUAZEIRO\"}]},{\"@type\":\"WebSite\",\"@id\":\"https:\\\/\\\/blogdofarnesio.com.br\\\/#website\",\"url\":\"https:\\\/\\\/blogdofarnesio.com.br\\\/\",\"name\":\"Blog do Farn\u00e9sio\",\"description\":\"Quer Saber Pol\u00edtica?\",\"publisher\":{\"@id\":\"https:\\\/\\\/blogdofarnesio.com.br\\\/#organization\"},\"potentialAction\":[{\"@type\":\"SearchAction\",\"target\":{\"@type\":\"EntryPoint\",\"urlTemplate\":\"https:\\\/\\\/blogdofarnesio.com.br\\\/?s={search_term_string}\"},\"query-input\":{\"@type\":\"PropertyValueSpecification\",\"valueRequired\":true,\"valueName\":\"search_term_string\"}}],\"inLanguage\":\"pt-BR\"},{\"@type\":\"Organization\",\"@id\":\"https:\\\/\\\/blogdofarnesio.com.br\\\/#organization\",\"name\":\"Blog do Farn\u00e9sio\",\"url\":\"https:\\\/\\\/blogdofarnesio.com.br\\\/\",\"logo\":{\"@type\":\"ImageObject\",\"inLanguage\":\"pt-BR\",\"@id\":\"https:\\\/\\\/blogdofarnesio.com.br\\\/#\\\/schema\\\/logo\\\/image\\\/\",\"url\":\"https:\\\/\\\/blogdofarnesio.com.br\\\/wp-content\\\/uploads\\\/2026\\\/03\\\/cropped-logo_new-1.png\",\"contentUrl\":\"https:\\\/\\\/blogdofarnesio.com.br\\\/wp-content\\\/uploads\\\/2026\\\/03\\\/cropped-logo_new-1.png\",\"width\":881,\"height\":685,\"caption\":\"Blog do Farn\u00e9sio\"},\"image\":{\"@id\":\"https:\\\/\\\/blogdofarnesio.com.br\\\/#\\\/schema\\\/logo\\\/image\\\/\"},\"sameAs\":[\"https:\\\/\\\/www.facebook.com\\\/BlogQuerSaberPolitica\\\/\"]},{\"@type\":\"Person\",\"@id\":\"https:\\\/\\\/blogdofarnesio.com.br\\\/#\\\/schema\\\/person\\\/301c4acf522bccbfdb45af95b5b906a1\",\"name\":\"Farn\u00e9sio\",\"image\":{\"@type\":\"ImageObject\",\"inLanguage\":\"pt-BR\",\"@id\":\"https:\\\/\\\/secure.gravatar.com\\\/avatar\\\/df0c9a14567c056f8ad6876ba5bbd1e3e2c48023eb6807342fc4663adf549f38?s=96&d=mm&r=g\",\"url\":\"https:\\\/\\\/secure.gravatar.com\\\/avatar\\\/df0c9a14567c056f8ad6876ba5bbd1e3e2c48023eb6807342fc4663adf549f38?s=96&d=mm&r=g\",\"contentUrl\":\"https:\\\/\\\/secure.gravatar.com\\\/avatar\\\/df0c9a14567c056f8ad6876ba5bbd1e3e2c48023eb6807342fc4663adf549f38?s=96&d=mm&r=g\",\"caption\":\"Farn\u00e9sio\"},\"sameAs\":[\"https:\\\/\\\/quersaberpolitica.com.br\"],\"url\":\"https:\\\/\\\/blogdofarnesio.com.br\\\/?author=1\"}]}<\/script>\n<!-- \/ Yoast SEO plugin. -->","yoast_head_json":{"title":"SECRETARIAS MUNICIPAIS INICIAM PROJETO DE REVITALIZA\u00c7\u00c3O DA ORLA DE JUAZEIRO - Blog do Farn\u00e9sio","robots":{"index":"index","follow":"follow","max-snippet":"max-snippet:-1","max-image-preview":"max-image-preview:large","max-video-preview":"max-video-preview:-1"},"canonical":"https:\/\/blogdofarnesio.com.br\/?p=157268","og_locale":"pt_BR","og_type":"article","og_title":"SECRETARIAS MUNICIPAIS INICIAM PROJETO DE REVITALIZA\u00c7\u00c3O DA ORLA DE JUAZEIRO - Blog do Farn\u00e9sio","og_description":"&nbsp; Uma parceria entre as Secretarias de Cultura, Turismo e Esporte, Servi\u00e7os P\u00fablicos, Meio Ambiente e Ordenamento Urbano, al\u00e9m da Secretaria de Obras vai realizar um projeto de revitaliza\u00e7\u00e3o da Orla de Juazeiro para dar mais visibilidade ao Rio S\u00e3o Francsico \u2013 o maior cart\u00e3o postal da cidade. Nesta quarta-feira, 11, os representantes de cada pasta reuniram-se para detalhar o projeto e dar in\u00edcio ao trabalho. &#8220;As algarobas estavam transformando as margens do rio em uma floresta prejudicando a seguran\u00e7a de quem frequenta a Orla e gerando reclama\u00e7\u00f5es por parte das pessoas\u201d, explica Maur\u00edcio Dias, superintendente da Secretaria de Cultura, Turismo e Esporte.","og_url":"https:\/\/blogdofarnesio.com.br\/?p=157268","og_site_name":"Blog do Farn\u00e9sio","article_publisher":"https:\/\/www.facebook.com\/BlogQuerSaberPolitica\/","article_published_time":"2017-01-12T13:00:19+00:00","og_image":[{"width":640,"height":359,"url":"https:\/\/blogdofarnesio.com.br\/wp-content\/uploads\/2017\/01\/blogqsp-revitaliza\u00e7\u00e3o-orlaII.jpg","type":"image\/jpeg"}],"author":"Farn\u00e9sio","twitter_card":"summary_large_image","twitter_misc":{"Escrito por":"Farn\u00e9sio","Est. tempo de leitura":"2 minutos"},"schema":{"@context":"https:\/\/schema.org","@graph":[{"@type":"Article","@id":"https:\/\/blogdofarnesio.com.br\/?p=157268#article","isPartOf":{"@id":"https:\/\/blogdofarnesio.com.br\/?p=157268"},"author":{"name":"Farn\u00e9sio","@id":"https:\/\/blogdofarnesio.com.br\/#\/schema\/person\/301c4acf522bccbfdb45af95b5b906a1"},"headline":"SECRETARIAS MUNICIPAIS INICIAM PROJETO DE REVITALIZA\u00c7\u00c3O DA ORLA DE JUAZEIRO","datePublished":"2017-01-12T13:00:19+00:00","mainEntityOfPage":{"@id":"https:\/\/blogdofarnesio.com.br\/?p=157268"},"wordCount":406,"commentCount":0,"publisher":{"@id":"https:\/\/blogdofarnesio.com.br\/#organization"},"image":{"@id":"https:\/\/blogdofarnesio.com.br\/?p=157268#primaryimage"},"thumbnailUrl":"https:\/\/blogdofarnesio.com.br\/wp-content\/uploads\/2017\/01\/blogqsp-revitaliza\u00e7\u00e3o-orlaII.jpg","articleSection":["Administra\u00e7\u00e3o"],"inLanguage":"pt-BR","potentialAction":[{"@type":"CommentAction","name":"Comment","target":["https:\/\/blogdofarnesio.com.br\/?p=157268#respond"]}]},{"@type":"WebPage","@id":"https:\/\/blogdofarnesio.com.br\/?p=157268","url":"https:\/\/blogdofarnesio.com.br\/?p=157268","name":"SECRETARIAS MUNICIPAIS INICIAM PROJETO DE REVITALIZA\u00c7\u00c3O DA ORLA DE JUAZEIRO - Blog do Farn\u00e9sio","isPartOf":{"@id":"https:\/\/blogdofarnesio.com.br\/#website"},"primaryImageOfPage":{"@id":"https:\/\/blogdofarnesio.com.br\/?p=157268#primaryimage"},"image":{"@id":"https:\/\/blogdofarnesio.com.br\/?p=157268#primaryimage"},"thumbnailUrl":"https:\/\/blogdofarnesio.com.br\/wp-content\/uploads\/2017\/01\/blogqsp-revitaliza\u00e7\u00e3o-orlaII.jpg","datePublished":"2017-01-12T13:00:19+00:00","breadcrumb":{"@id":"https:\/\/blogdofarnesio.com.br\/?p=157268#breadcrumb"},"inLanguage":"pt-BR","potentialAction":[{"@type":"ReadAction","target":["https:\/\/blogdofarnesio.com.br\/?p=157268"]}]},{"@type":"ImageObject","inLanguage":"pt-BR","@id":"https:\/\/blogdofarnesio.com.br\/?p=157268#primaryimage","url":"https:\/\/blogdofarnesio.com.br\/wp-content\/uploads\/2017\/01\/blogqsp-revitaliza\u00e7\u00e3o-orlaII.jpg","contentUrl":"https:\/\/blogdofarnesio.com.br\/wp-content\/uploads\/2017\/01\/blogqsp-revitaliza\u00e7\u00e3o-orlaII.jpg","width":640,"height":359},{"@type":"BreadcrumbList","@id":"https:\/\/blogdofarnesio.com.br\/?p=157268#breadcrumb","itemListElement":[{"@type":"ListItem","position":1,"name":"In\u00edcio","item":"https:\/\/blogdofarnesio.com.br\/"},{"@type":"ListItem","position":2,"name":"SECRETARIAS MUNICIPAIS INICIAM PROJETO DE REVITALIZA\u00c7\u00c3O DA ORLA DE JUAZEIRO"}]},{"@type":"WebSite","@id":"https:\/\/blogdofarnesio.com.br\/#website","url":"https:\/\/blogdofarnesio.com.br\/","name":"Blog do Farn\u00e9sio","description":"Quer Saber Pol\u00edtica?","publisher":{"@id":"https:\/\/blogdofarnesio.com.br\/#organization"},"potentialAction":[{"@type":"SearchAction","target":{"@type":"EntryPoint","urlTemplate":"https:\/\/blogdofarnesio.com.br\/?s={search_term_string}"},"query-input":{"@type":"PropertyValueSpecification","valueRequired":true,"valueName":"search_term_string"}}],"inLanguage":"pt-BR"},{"@type":"Organization","@id":"https:\/\/blogdofarnesio.com.br\/#organization","name":"Blog do Farn\u00e9sio","url":"https:\/\/blogdofarnesio.com.br\/","logo":{"@type":"ImageObject","inLanguage":"pt-BR","@id":"https:\/\/blogdofarnesio.com.br\/#\/schema\/logo\/image\/","url":"https:\/\/blogdofarnesio.com.br\/wp-content\/uploads\/2026\/03\/cropped-logo_new-1.png","contentUrl":"https:\/\/blogdofarnesio.com.br\/wp-content\/uploads\/2026\/03\/cropped-logo_new-1.png","width":881,"height":685,"caption":"Blog do Farn\u00e9sio"},"image":{"@id":"https:\/\/blogdofarnesio.com.br\/#\/schema\/logo\/image\/"},"sameAs":["https:\/\/www.facebook.com\/BlogQuerSaberPolitica\/"]},{"@type":"Person","@id":"https:\/\/blogdofarnesio.com.br\/#\/schema\/person\/301c4acf522bccbfdb45af95b5b906a1","name":"Farn\u00e9sio","image":{"@type":"ImageObject","inLanguage":"pt-BR","@id":"https:\/\/secure.gravatar.com\/avatar\/df0c9a14567c056f8ad6876ba5bbd1e3e2c48023eb6807342fc4663adf549f38?s=96&d=mm&r=g","url":"https:\/\/secure.gravatar.com\/avatar\/df0c9a14567c056f8ad6876ba5bbd1e3e2c48023eb6807342fc4663adf549f38?s=96&d=mm&r=g","contentUrl":"https:\/\/secure.gravatar.com\/avatar\/df0c9a14567c056f8ad6876ba5bbd1e3e2c48023eb6807342fc4663adf549f38?s=96&d=mm&r=g","caption":"Farn\u00e9sio"},"sameAs":["https:\/\/quersaberpolitica.com.br"],"url":"https:\/\/blogdofarnesio.com.br\/?author=1"}]}},"_links":{"self":[{"href":"https:\/\/blogdofarnesio.com.br\/index.php?rest_route=\/wp\/v2\/posts\/157268","targetHints":{"allow":["GET"]}}],"collection":[{"href":"https:\/\/blogdofarnesio.com.br\/index.php?rest_route=\/wp\/v2\/posts"}],"about":[{"href":"https:\/\/blogdofarnesio.com.br\/index.php?rest_route=\/wp\/v2\/types\/post"}],"author":[{"embeddable":true,"href":"https:\/\/blogdofarnesio.com.br\/index.php?rest_route=\/wp\/v2\/users\/1"}],"replies":[{"embeddable":true,"href":"https:\/\/blogdofarnesio.com.br\/index.php?rest_route=%2Fwp%2Fv2%2Fcomments&post=157268"}],"version-history":[{"count":0,"href":"https:\/\/blogdofarnesio.com.br\/index.php?rest_route=\/wp\/v2\/posts\/157268\/revisions"}],"wp:featuredmedia":[{"embeddable":true,"href":"https:\/\/blogdofarnesio.com.br\/index.php?rest_route=\/wp\/v2\/media\/154638"}],"wp:attachment":[{"href":"https:\/\/blogdofarnesio.com.br\/index.php?rest_route=%2Fwp%2Fv2%2Fmedia&parent=157268"}],"wp:term":[{"taxonomy":"category","embeddable":true,"href":"https:\/\/blogdofarnesio.com.br\/index.php?rest_route=%2Fwp%2Fv2%2Fcategories&post=157268"},{"taxonomy":"post_tag","embeddable":true,"href":"https:\/\/blogdofarnesio.com.br\/index.php?rest_route=%2Fwp%2Fv2%2Ftags&post=157268"}],"curies":[{"name":"wp","href":"https:\/\/api.w.org\/{rel}","templated":true}]}}