{"id":157065,"date":"2017-01-09T12:00:13","date_gmt":"2017-01-09T15:00:13","guid":{"rendered":"http:\/\/quersaberpolitica.com.br\/2016\/?p=157065"},"modified":"2017-01-09T10:51:43","modified_gmt":"2017-01-09T13:51:43","slug":"questao-semantica-toma-conta-da-crise-nos-presidios","status":"publish","type":"post","link":"https:\/\/blogdofarnesio.com.br\/2017\/01\/questao-semantica-toma-conta-da-crise-nos-presidios\/","title":{"rendered":"QUEST\u00c3O SEM\u00c2NTICA TOMA CONTA DA CRISE NOS PRES\u00cdDIOS"},"content":{"rendered":"<div class=\"col-lg-8 col-md-8 col-sm-8 col-xs-12\">\n<div class=\"font_a font_i\"><a class=\"lnk_red\" href=\"http:\/\/diariodopoder.com.br\/artigos_autor.php?i=Paulo%20Castelo%20Branco\">PAULO CASTELO BRANCO<\/a><\/div>\n<\/div>\n<div class=\"col-lg-12 col-md-12 col-sm-12 col-xs-12 font_a\">\n<p>\u00c0 falta de assunto pol\u00edtico que chame a aten\u00e7\u00e3o dos leitores; \u00a0a \u00a0m\u00eddia e as redes sociais &#8211; estas \u00a0mais atuante do que a outra &#8211; , \u00a0direcionam \u00a0suas baterias contra o presidente Michel Temer que, com responsabilidade e dificuldade em conduzir o destino do pa\u00eds, deve, sempre que ocorra algum fato importante, se pronunciar sobre a quest\u00e3o.<\/p>\n<p>\u00c9 o caso agora \u00a0que toma lugar de qualquer outro acontecimento acidental, provocado, doloso, ocasional, il\u00edcito, eventual e de tantos outros que se possa indicar para chacina, trag\u00e9dia, acidente pavoroso, irresponsabilidade de governantes, quadrilhas rivais, prote\u00e7\u00e3o de presos, controle de penitenci\u00e1rias, e aos discursos polidos ou cuidadosos de autoridades.<\/p>\n<p>A palavra chacina foi adotada como a melhor de todas as palavras para designar a matan\u00e7a contra pessoas indefesas que s\u00e3o torturadas e mortas por ato criminoso, planejado e executado por criminosos ou por grupos de agentes p\u00fablicos que passam em concursos dific\u00edlimos para se infiltrar nas corpora\u00e7\u00f5es e agir em nome de quadrilhas.<\/p>\n<p>As chacinas, hoje expostas ao p\u00fablico, t\u00eam a mesma origem dos massacres cometidos contra inocentes nas guerras que envolvem interesses econ\u00f4micos, religiosos \u00a0e prest\u00edgio pessoal. N\u00e3o s\u00e3o diferentes dos ataques que n\u00e3o respeitam as leis internacionais que regulam os embates militares e seguem matando indiscriminadamente milhares de inocentes todos os dias.<\/p>\n<p>Nas penitenci\u00e1rias \u00e9 raro o dia em que n\u00e3o h\u00e1 torturas entre presos, o mesmo se pode dizer\u00a0 de igual pr\u00e1tica por parte dos respons\u00e1veis pela administra\u00e7\u00e3o. \u00a0A fala do governador do Amazonas, \u00a0na qual ele afirma que nas penitenci\u00e1rias sob a sua responsabilidade &#8220;n\u00e3o havia inocentes&#8221;,\u00a0 se equipara \u00e0s falas grosseiras dos criminosos sanguin\u00e1rios que julgam e condenam a penas variadas, inclusive de morte, seus asseclas ou os inimigos das fac\u00e7\u00f5es que proliferam pelo pa\u00eds.<\/p>\n<p>Esses julgamentos s\u00e3o realizados por ordem de condenados e presos em pris\u00f5es de &#8220;seguran\u00e7a m\u00e1xima&#8221; que, em troca de prote\u00e7\u00e3o \u00e0s fam\u00edlias de seus carcereiros, vivem em celas especiais \u00a0e reformadas para que tenham conforto, \u00a0minimizando a possibilidade de serem assaltados e mortos em esquinas das nossas cidades.<\/p>\n<p>Os chefes do crime organizado recebem comida de restaurantes refinados, s\u00e3o isolados dos presos rivais, usam os mais variados meios de comunica\u00e7\u00e3o em tempo real, determinam a\u00e7\u00f5es e se dedicam \u00e0 leitura para reduzirem suas penas. Ficam presos a custo de milhares de reais que saem dos bolsos dos assaltados ou desempregados, que lhes garantem\u00a0 sa\u00fade, cultura e vida longa.<\/p>\n<p>E como devemos nos referir a esses fatos incontest\u00e1veis da vida nacional? Ainda n\u00e3o se chegou a nenhuma conclus\u00e3o, nem\u00a0 entre especialistas, nem entre os parlamentares que deveriam olhar para o interesse p\u00fablico, e n\u00e3o \u00a0para os corporativos. As bancadas pol\u00edticas s\u00e3o organizadas &#8211; \u00a0excluindo-se alguns parlamentares\u00a0 &#8211; para aprovarem quest\u00f5es sobre suas corpora\u00e7\u00f5es, o que lhes garantem \u00a0a reelei\u00e7\u00e3o, ou\u00a0 para \u00a0votarem a favor das \u00a0quest\u00f5es fundamentais ao desenvolvimento econ\u00f4mico e social do pais, e, \u00a0quando sob os holofotes da m\u00eddia, seguem \u00a0as orienta\u00e7\u00f5es das lideran\u00e7as \u00a0e bradam suas falas e votos como se os parlamentares estivessem dedicados a causa maior.<\/p>\n<p>As mortes que est\u00e3o ocorrendo nos pres\u00eddios s\u00e3o fruto das pris\u00f5es desnecess\u00e1rias e de \u00a0pol\u00edticas de seguran\u00e7a p\u00fablica ineficazes que jogam policiais nos n\u00facleos de viol\u00eancia e criminalidade a que ficam expostas suas fam\u00edlias \u00a0enquanto eles saem \u00e0s ruas para combater criminosos fortemente armados e organizados que s\u00f3 n\u00e3o matam mais para n\u00e3o atingirem comunidades onde vivem seus companheiros e familiares.<\/p>\n<p>A fala do presidente n\u00e3o \u00a0deve servir \u00a0como muni\u00e7\u00e3o nessa guerra real. O que se constata\u00a0 no momento \u00e9 uma\u00a0\u00a0 guerra de palavras que s\u00e3o levadas pelo vento como as dos discursos falaciosos das campanhas pol\u00edticas que eram abastecidas por bandidos de &#8220;colarinho branco&#8221; e, agora, por traficantes do p\u00f3, igualmente branco. Discutamos os fatos.<\/p>\n<\/div>\n","protected":false},"excerpt":{"rendered":"<p>PAULO CASTELO BRANCO \u00c0 falta de assunto pol\u00edtico que chame a aten\u00e7\u00e3o dos leitores; \u00a0a \u00a0m\u00eddia e as redes sociais &#8211; estas \u00a0mais atuante do que a outra &#8211; , \u00a0direcionam \u00a0suas baterias contra o presidente Michel Temer que, com responsabilidade e dificuldade em conduzir o destino do pa\u00eds, deve, sempre que ocorra algum fato importante, se pronunciar sobre a quest\u00e3o. \u00c9 o caso agora \u00a0que toma lugar de qualquer outro acontecimento acidental, provocado, doloso, ocasional, il\u00edcito, eventual e de tantos outros que se possa indicar para chacina, trag\u00e9dia, acidente pavoroso, irresponsabilidade de governantes, quadrilhas rivais, prote\u00e7\u00e3o de presos, controle de penitenci\u00e1rias, e aos discursos polidos ou cuidadosos de autoridades. A palavra chacina foi adotada como a melhor de todas&hellip; <\/p>\n","protected":false},"author":1,"featured_media":153554,"comment_status":"open","ping_status":"open","sticky":false,"template":"","format":"standard","meta":{"_acf_changed":false,"footnotes":""},"categories":[30],"tags":[],"class_list":["post-157065","post","type-post","status-publish","format-standard","has-post-thumbnail","hentry","category-artigo"],"acf":[],"yoast_head":"<!-- This site is optimized with the Yoast SEO plugin v27.5 - https:\/\/yoast.com\/product\/yoast-seo-wordpress\/ -->\n<title>QUEST\u00c3O SEM\u00c2NTICA TOMA CONTA DA CRISE NOS PRES\u00cdDIOS - Blog do Farn\u00e9sio<\/title>\n<meta name=\"robots\" content=\"index, follow, max-snippet:-1, max-image-preview:large, max-video-preview:-1\" \/>\n<link rel=\"canonical\" href=\"https:\/\/blogdofarnesio.com.br\/2017\/01\/questao-semantica-toma-conta-da-crise-nos-presidios\/\" \/>\n<meta property=\"og:locale\" content=\"pt_BR\" \/>\n<meta property=\"og:type\" content=\"article\" \/>\n<meta property=\"og:title\" content=\"QUEST\u00c3O SEM\u00c2NTICA TOMA CONTA DA CRISE NOS PRES\u00cdDIOS - Blog do Farn\u00e9sio\" \/>\n<meta property=\"og:description\" content=\"PAULO CASTELO BRANCO \u00c0 falta de assunto pol\u00edtico que chame a aten\u00e7\u00e3o dos leitores; \u00a0a \u00a0m\u00eddia e as redes sociais &#8211; estas \u00a0mais atuante do que a outra &#8211; , \u00a0direcionam \u00a0suas baterias contra o presidente Michel Temer que, com responsabilidade e dificuldade em conduzir o destino do pa\u00eds, deve, sempre que ocorra algum fato importante, se pronunciar sobre a quest\u00e3o. \u00c9 o caso agora \u00a0que toma lugar de qualquer outro acontecimento acidental, provocado, doloso, ocasional, il\u00edcito, eventual e de tantos outros que se possa indicar para chacina, trag\u00e9dia, acidente pavoroso, irresponsabilidade de governantes, quadrilhas rivais, prote\u00e7\u00e3o de presos, controle de penitenci\u00e1rias, e aos discursos polidos ou cuidadosos de autoridades. A palavra chacina foi adotada como a melhor de todas&hellip;\" \/>\n<meta property=\"og:url\" content=\"https:\/\/blogdofarnesio.com.br\/2017\/01\/questao-semantica-toma-conta-da-crise-nos-presidios\/\" \/>\n<meta property=\"og:site_name\" content=\"Blog do Farn\u00e9sio\" \/>\n<meta property=\"article:publisher\" content=\"https:\/\/www.facebook.com\/BlogQuerSaberPolitica\/\" \/>\n<meta property=\"article:published_time\" content=\"2017-01-09T15:00:13+00:00\" \/>\n<meta property=\"og:image\" content=\"https:\/\/blogdofarnesio.com.br\/wp-content\/uploads\/2016\/12\/blogqspCrimes.jpg\" \/>\n\t<meta property=\"og:image:width\" content=\"390\" \/>\n\t<meta property=\"og:image:height\" content=\"293\" \/>\n\t<meta property=\"og:image:type\" content=\"image\/jpeg\" \/>\n<meta name=\"author\" content=\"Farn\u00e9sio\" \/>\n<meta name=\"twitter:card\" content=\"summary_large_image\" \/>\n<meta name=\"twitter:label1\" content=\"Escrito por\" \/>\n\t<meta name=\"twitter:data1\" content=\"Farn\u00e9sio\" \/>\n\t<meta name=\"twitter:label2\" content=\"Est. tempo de leitura\" \/>\n\t<meta name=\"twitter:data2\" content=\"3 minutos\" \/>\n<script type=\"application\/ld+json\" class=\"yoast-schema-graph\">{\"@context\":\"https:\\\/\\\/schema.org\",\"@graph\":[{\"@type\":\"Article\",\"@id\":\"https:\\\/\\\/blogdofarnesio.com.br\\\/2017\\\/01\\\/questao-semantica-toma-conta-da-crise-nos-presidios\\\/#article\",\"isPartOf\":{\"@id\":\"https:\\\/\\\/blogdofarnesio.com.br\\\/2017\\\/01\\\/questao-semantica-toma-conta-da-crise-nos-presidios\\\/\"},\"author\":{\"name\":\"Farn\u00e9sio\",\"@id\":\"https:\\\/\\\/blogdofarnesio.com.br\\\/#\\\/schema\\\/person\\\/301c4acf522bccbfdb45af95b5b906a1\"},\"headline\":\"QUEST\u00c3O SEM\u00c2NTICA TOMA CONTA DA CRISE NOS PRES\u00cdDIOS\",\"datePublished\":\"2017-01-09T15:00:13+00:00\",\"mainEntityOfPage\":{\"@id\":\"https:\\\/\\\/blogdofarnesio.com.br\\\/2017\\\/01\\\/questao-semantica-toma-conta-da-crise-nos-presidios\\\/\"},\"wordCount\":695,\"commentCount\":0,\"publisher\":{\"@id\":\"https:\\\/\\\/blogdofarnesio.com.br\\\/#organization\"},\"image\":{\"@id\":\"https:\\\/\\\/blogdofarnesio.com.br\\\/2017\\\/01\\\/questao-semantica-toma-conta-da-crise-nos-presidios\\\/#primaryimage\"},\"thumbnailUrl\":\"https:\\\/\\\/blogdofarnesio.com.br\\\/wp-content\\\/uploads\\\/2016\\\/12\\\/blogqspCrimes.jpg\",\"articleSection\":[\"Artigo\"],\"inLanguage\":\"pt-BR\",\"potentialAction\":[{\"@type\":\"CommentAction\",\"name\":\"Comment\",\"target\":[\"https:\\\/\\\/blogdofarnesio.com.br\\\/2017\\\/01\\\/questao-semantica-toma-conta-da-crise-nos-presidios\\\/#respond\"]}]},{\"@type\":\"WebPage\",\"@id\":\"https:\\\/\\\/blogdofarnesio.com.br\\\/2017\\\/01\\\/questao-semantica-toma-conta-da-crise-nos-presidios\\\/\",\"url\":\"https:\\\/\\\/blogdofarnesio.com.br\\\/2017\\\/01\\\/questao-semantica-toma-conta-da-crise-nos-presidios\\\/\",\"name\":\"QUEST\u00c3O SEM\u00c2NTICA TOMA CONTA DA CRISE NOS PRES\u00cdDIOS - Blog do Farn\u00e9sio\",\"isPartOf\":{\"@id\":\"https:\\\/\\\/blogdofarnesio.com.br\\\/#website\"},\"primaryImageOfPage\":{\"@id\":\"https:\\\/\\\/blogdofarnesio.com.br\\\/2017\\\/01\\\/questao-semantica-toma-conta-da-crise-nos-presidios\\\/#primaryimage\"},\"image\":{\"@id\":\"https:\\\/\\\/blogdofarnesio.com.br\\\/2017\\\/01\\\/questao-semantica-toma-conta-da-crise-nos-presidios\\\/#primaryimage\"},\"thumbnailUrl\":\"https:\\\/\\\/blogdofarnesio.com.br\\\/wp-content\\\/uploads\\\/2016\\\/12\\\/blogqspCrimes.jpg\",\"datePublished\":\"2017-01-09T15:00:13+00:00\",\"breadcrumb\":{\"@id\":\"https:\\\/\\\/blogdofarnesio.com.br\\\/2017\\\/01\\\/questao-semantica-toma-conta-da-crise-nos-presidios\\\/#breadcrumb\"},\"inLanguage\":\"pt-BR\",\"potentialAction\":[{\"@type\":\"ReadAction\",\"target\":[\"https:\\\/\\\/blogdofarnesio.com.br\\\/2017\\\/01\\\/questao-semantica-toma-conta-da-crise-nos-presidios\\\/\"]}]},{\"@type\":\"ImageObject\",\"inLanguage\":\"pt-BR\",\"@id\":\"https:\\\/\\\/blogdofarnesio.com.br\\\/2017\\\/01\\\/questao-semantica-toma-conta-da-crise-nos-presidios\\\/#primaryimage\",\"url\":\"https:\\\/\\\/blogdofarnesio.com.br\\\/wp-content\\\/uploads\\\/2016\\\/12\\\/blogqspCrimes.jpg\",\"contentUrl\":\"https:\\\/\\\/blogdofarnesio.com.br\\\/wp-content\\\/uploads\\\/2016\\\/12\\\/blogqspCrimes.jpg\",\"width\":390,\"height\":293},{\"@type\":\"BreadcrumbList\",\"@id\":\"https:\\\/\\\/blogdofarnesio.com.br\\\/2017\\\/01\\\/questao-semantica-toma-conta-da-crise-nos-presidios\\\/#breadcrumb\",\"itemListElement\":[{\"@type\":\"ListItem\",\"position\":1,\"name\":\"In\u00edcio\",\"item\":\"https:\\\/\\\/blogdofarnesio.com.br\\\/\"},{\"@type\":\"ListItem\",\"position\":2,\"name\":\"QUEST\u00c3O SEM\u00c2NTICA TOMA CONTA DA CRISE NOS PRES\u00cdDIOS\"}]},{\"@type\":\"WebSite\",\"@id\":\"https:\\\/\\\/blogdofarnesio.com.br\\\/#website\",\"url\":\"https:\\\/\\\/blogdofarnesio.com.br\\\/\",\"name\":\"Blog do Farn\u00e9sio\",\"description\":\"Quer Saber Pol\u00edtica?\",\"publisher\":{\"@id\":\"https:\\\/\\\/blogdofarnesio.com.br\\\/#organization\"},\"potentialAction\":[{\"@type\":\"SearchAction\",\"target\":{\"@type\":\"EntryPoint\",\"urlTemplate\":\"https:\\\/\\\/blogdofarnesio.com.br\\\/?s={search_term_string}\"},\"query-input\":{\"@type\":\"PropertyValueSpecification\",\"valueRequired\":true,\"valueName\":\"search_term_string\"}}],\"inLanguage\":\"pt-BR\"},{\"@type\":\"Organization\",\"@id\":\"https:\\\/\\\/blogdofarnesio.com.br\\\/#organization\",\"name\":\"Blog do Farn\u00e9sio\",\"url\":\"https:\\\/\\\/blogdofarnesio.com.br\\\/\",\"logo\":{\"@type\":\"ImageObject\",\"inLanguage\":\"pt-BR\",\"@id\":\"https:\\\/\\\/blogdofarnesio.com.br\\\/#\\\/schema\\\/logo\\\/image\\\/\",\"url\":\"https:\\\/\\\/blogdofarnesio.com.br\\\/wp-content\\\/uploads\\\/2026\\\/03\\\/cropped-logo_new-1.png\",\"contentUrl\":\"https:\\\/\\\/blogdofarnesio.com.br\\\/wp-content\\\/uploads\\\/2026\\\/03\\\/cropped-logo_new-1.png\",\"width\":881,\"height\":685,\"caption\":\"Blog do Farn\u00e9sio\"},\"image\":{\"@id\":\"https:\\\/\\\/blogdofarnesio.com.br\\\/#\\\/schema\\\/logo\\\/image\\\/\"},\"sameAs\":[\"https:\\\/\\\/www.facebook.com\\\/BlogQuerSaberPolitica\\\/\"]},{\"@type\":\"Person\",\"@id\":\"https:\\\/\\\/blogdofarnesio.com.br\\\/#\\\/schema\\\/person\\\/301c4acf522bccbfdb45af95b5b906a1\",\"name\":\"Farn\u00e9sio\",\"image\":{\"@type\":\"ImageObject\",\"inLanguage\":\"pt-BR\",\"@id\":\"https:\\\/\\\/secure.gravatar.com\\\/avatar\\\/df0c9a14567c056f8ad6876ba5bbd1e3e2c48023eb6807342fc4663adf549f38?s=96&d=mm&r=g\",\"url\":\"https:\\\/\\\/secure.gravatar.com\\\/avatar\\\/df0c9a14567c056f8ad6876ba5bbd1e3e2c48023eb6807342fc4663adf549f38?s=96&d=mm&r=g\",\"contentUrl\":\"https:\\\/\\\/secure.gravatar.com\\\/avatar\\\/df0c9a14567c056f8ad6876ba5bbd1e3e2c48023eb6807342fc4663adf549f38?s=96&d=mm&r=g\",\"caption\":\"Farn\u00e9sio\"},\"sameAs\":[\"https:\\\/\\\/quersaberpolitica.com.br\"],\"url\":\"https:\\\/\\\/blogdofarnesio.com.br\\\/author\\\/farnesio\\\/\"}]}<\/script>\n<!-- \/ Yoast SEO plugin. -->","yoast_head_json":{"title":"QUEST\u00c3O SEM\u00c2NTICA TOMA CONTA DA CRISE NOS PRES\u00cdDIOS - Blog do Farn\u00e9sio","robots":{"index":"index","follow":"follow","max-snippet":"max-snippet:-1","max-image-preview":"max-image-preview:large","max-video-preview":"max-video-preview:-1"},"canonical":"https:\/\/blogdofarnesio.com.br\/2017\/01\/questao-semantica-toma-conta-da-crise-nos-presidios\/","og_locale":"pt_BR","og_type":"article","og_title":"QUEST\u00c3O SEM\u00c2NTICA TOMA CONTA DA CRISE NOS PRES\u00cdDIOS - Blog do Farn\u00e9sio","og_description":"PAULO CASTELO BRANCO \u00c0 falta de assunto pol\u00edtico que chame a aten\u00e7\u00e3o dos leitores; \u00a0a \u00a0m\u00eddia e as redes sociais &#8211; estas \u00a0mais atuante do que a outra &#8211; , \u00a0direcionam \u00a0suas baterias contra o presidente Michel Temer que, com responsabilidade e dificuldade em conduzir o destino do pa\u00eds, deve, sempre que ocorra algum fato importante, se pronunciar sobre a quest\u00e3o. \u00c9 o caso agora \u00a0que toma lugar de qualquer outro acontecimento acidental, provocado, doloso, ocasional, il\u00edcito, eventual e de tantos outros que se possa indicar para chacina, trag\u00e9dia, acidente pavoroso, irresponsabilidade de governantes, quadrilhas rivais, prote\u00e7\u00e3o de presos, controle de penitenci\u00e1rias, e aos discursos polidos ou cuidadosos de autoridades. A palavra chacina foi adotada como a melhor de todas&hellip;","og_url":"https:\/\/blogdofarnesio.com.br\/2017\/01\/questao-semantica-toma-conta-da-crise-nos-presidios\/","og_site_name":"Blog do Farn\u00e9sio","article_publisher":"https:\/\/www.facebook.com\/BlogQuerSaberPolitica\/","article_published_time":"2017-01-09T15:00:13+00:00","og_image":[{"width":390,"height":293,"url":"https:\/\/blogdofarnesio.com.br\/wp-content\/uploads\/2016\/12\/blogqspCrimes.jpg","type":"image\/jpeg"}],"author":"Farn\u00e9sio","twitter_card":"summary_large_image","twitter_misc":{"Escrito por":"Farn\u00e9sio","Est. tempo de leitura":"3 minutos"},"schema":{"@context":"https:\/\/schema.org","@graph":[{"@type":"Article","@id":"https:\/\/blogdofarnesio.com.br\/2017\/01\/questao-semantica-toma-conta-da-crise-nos-presidios\/#article","isPartOf":{"@id":"https:\/\/blogdofarnesio.com.br\/2017\/01\/questao-semantica-toma-conta-da-crise-nos-presidios\/"},"author":{"name":"Farn\u00e9sio","@id":"https:\/\/blogdofarnesio.com.br\/#\/schema\/person\/301c4acf522bccbfdb45af95b5b906a1"},"headline":"QUEST\u00c3O SEM\u00c2NTICA TOMA CONTA DA CRISE NOS PRES\u00cdDIOS","datePublished":"2017-01-09T15:00:13+00:00","mainEntityOfPage":{"@id":"https:\/\/blogdofarnesio.com.br\/2017\/01\/questao-semantica-toma-conta-da-crise-nos-presidios\/"},"wordCount":695,"commentCount":0,"publisher":{"@id":"https:\/\/blogdofarnesio.com.br\/#organization"},"image":{"@id":"https:\/\/blogdofarnesio.com.br\/2017\/01\/questao-semantica-toma-conta-da-crise-nos-presidios\/#primaryimage"},"thumbnailUrl":"https:\/\/blogdofarnesio.com.br\/wp-content\/uploads\/2016\/12\/blogqspCrimes.jpg","articleSection":["Artigo"],"inLanguage":"pt-BR","potentialAction":[{"@type":"CommentAction","name":"Comment","target":["https:\/\/blogdofarnesio.com.br\/2017\/01\/questao-semantica-toma-conta-da-crise-nos-presidios\/#respond"]}]},{"@type":"WebPage","@id":"https:\/\/blogdofarnesio.com.br\/2017\/01\/questao-semantica-toma-conta-da-crise-nos-presidios\/","url":"https:\/\/blogdofarnesio.com.br\/2017\/01\/questao-semantica-toma-conta-da-crise-nos-presidios\/","name":"QUEST\u00c3O SEM\u00c2NTICA TOMA CONTA DA CRISE NOS PRES\u00cdDIOS - Blog do Farn\u00e9sio","isPartOf":{"@id":"https:\/\/blogdofarnesio.com.br\/#website"},"primaryImageOfPage":{"@id":"https:\/\/blogdofarnesio.com.br\/2017\/01\/questao-semantica-toma-conta-da-crise-nos-presidios\/#primaryimage"},"image":{"@id":"https:\/\/blogdofarnesio.com.br\/2017\/01\/questao-semantica-toma-conta-da-crise-nos-presidios\/#primaryimage"},"thumbnailUrl":"https:\/\/blogdofarnesio.com.br\/wp-content\/uploads\/2016\/12\/blogqspCrimes.jpg","datePublished":"2017-01-09T15:00:13+00:00","breadcrumb":{"@id":"https:\/\/blogdofarnesio.com.br\/2017\/01\/questao-semantica-toma-conta-da-crise-nos-presidios\/#breadcrumb"},"inLanguage":"pt-BR","potentialAction":[{"@type":"ReadAction","target":["https:\/\/blogdofarnesio.com.br\/2017\/01\/questao-semantica-toma-conta-da-crise-nos-presidios\/"]}]},{"@type":"ImageObject","inLanguage":"pt-BR","@id":"https:\/\/blogdofarnesio.com.br\/2017\/01\/questao-semantica-toma-conta-da-crise-nos-presidios\/#primaryimage","url":"https:\/\/blogdofarnesio.com.br\/wp-content\/uploads\/2016\/12\/blogqspCrimes.jpg","contentUrl":"https:\/\/blogdofarnesio.com.br\/wp-content\/uploads\/2016\/12\/blogqspCrimes.jpg","width":390,"height":293},{"@type":"BreadcrumbList","@id":"https:\/\/blogdofarnesio.com.br\/2017\/01\/questao-semantica-toma-conta-da-crise-nos-presidios\/#breadcrumb","itemListElement":[{"@type":"ListItem","position":1,"name":"In\u00edcio","item":"https:\/\/blogdofarnesio.com.br\/"},{"@type":"ListItem","position":2,"name":"QUEST\u00c3O SEM\u00c2NTICA TOMA CONTA DA CRISE NOS PRES\u00cdDIOS"}]},{"@type":"WebSite","@id":"https:\/\/blogdofarnesio.com.br\/#website","url":"https:\/\/blogdofarnesio.com.br\/","name":"Blog do Farn\u00e9sio","description":"Quer Saber Pol\u00edtica?","publisher":{"@id":"https:\/\/blogdofarnesio.com.br\/#organization"},"potentialAction":[{"@type":"SearchAction","target":{"@type":"EntryPoint","urlTemplate":"https:\/\/blogdofarnesio.com.br\/?s={search_term_string}"},"query-input":{"@type":"PropertyValueSpecification","valueRequired":true,"valueName":"search_term_string"}}],"inLanguage":"pt-BR"},{"@type":"Organization","@id":"https:\/\/blogdofarnesio.com.br\/#organization","name":"Blog do Farn\u00e9sio","url":"https:\/\/blogdofarnesio.com.br\/","logo":{"@type":"ImageObject","inLanguage":"pt-BR","@id":"https:\/\/blogdofarnesio.com.br\/#\/schema\/logo\/image\/","url":"https:\/\/blogdofarnesio.com.br\/wp-content\/uploads\/2026\/03\/cropped-logo_new-1.png","contentUrl":"https:\/\/blogdofarnesio.com.br\/wp-content\/uploads\/2026\/03\/cropped-logo_new-1.png","width":881,"height":685,"caption":"Blog do Farn\u00e9sio"},"image":{"@id":"https:\/\/blogdofarnesio.com.br\/#\/schema\/logo\/image\/"},"sameAs":["https:\/\/www.facebook.com\/BlogQuerSaberPolitica\/"]},{"@type":"Person","@id":"https:\/\/blogdofarnesio.com.br\/#\/schema\/person\/301c4acf522bccbfdb45af95b5b906a1","name":"Farn\u00e9sio","image":{"@type":"ImageObject","inLanguage":"pt-BR","@id":"https:\/\/secure.gravatar.com\/avatar\/df0c9a14567c056f8ad6876ba5bbd1e3e2c48023eb6807342fc4663adf549f38?s=96&d=mm&r=g","url":"https:\/\/secure.gravatar.com\/avatar\/df0c9a14567c056f8ad6876ba5bbd1e3e2c48023eb6807342fc4663adf549f38?s=96&d=mm&r=g","contentUrl":"https:\/\/secure.gravatar.com\/avatar\/df0c9a14567c056f8ad6876ba5bbd1e3e2c48023eb6807342fc4663adf549f38?s=96&d=mm&r=g","caption":"Farn\u00e9sio"},"sameAs":["https:\/\/quersaberpolitica.com.br"],"url":"https:\/\/blogdofarnesio.com.br\/author\/farnesio\/"}]}},"_links":{"self":[{"href":"https:\/\/blogdofarnesio.com.br\/wp-json\/wp\/v2\/posts\/157065","targetHints":{"allow":["GET"]}}],"collection":[{"href":"https:\/\/blogdofarnesio.com.br\/wp-json\/wp\/v2\/posts"}],"about":[{"href":"https:\/\/blogdofarnesio.com.br\/wp-json\/wp\/v2\/types\/post"}],"author":[{"embeddable":true,"href":"https:\/\/blogdofarnesio.com.br\/wp-json\/wp\/v2\/users\/1"}],"replies":[{"embeddable":true,"href":"https:\/\/blogdofarnesio.com.br\/wp-json\/wp\/v2\/comments?post=157065"}],"version-history":[{"count":0,"href":"https:\/\/blogdofarnesio.com.br\/wp-json\/wp\/v2\/posts\/157065\/revisions"}],"wp:featuredmedia":[{"embeddable":true,"href":"https:\/\/blogdofarnesio.com.br\/wp-json\/wp\/v2\/media\/153554"}],"wp:attachment":[{"href":"https:\/\/blogdofarnesio.com.br\/wp-json\/wp\/v2\/media?parent=157065"}],"wp:term":[{"taxonomy":"category","embeddable":true,"href":"https:\/\/blogdofarnesio.com.br\/wp-json\/wp\/v2\/categories?post=157065"},{"taxonomy":"post_tag","embeddable":true,"href":"https:\/\/blogdofarnesio.com.br\/wp-json\/wp\/v2\/tags?post=157065"}],"curies":[{"name":"wp","href":"https:\/\/api.w.org\/{rel}","templated":true}]}}