{"id":156843,"date":"2017-01-12T16:00:16","date_gmt":"2017-01-12T19:00:16","guid":{"rendered":"http:\/\/quersaberpolitica.com.br\/2016\/?p=156843"},"modified":"2017-01-12T15:27:05","modified_gmt":"2017-01-12T18:27:05","slug":"marajanato-salarios-de-dar-inveja-na-camara-de-vereadores-de-petrolina","status":"publish","type":"post","link":"https:\/\/blogdofarnesio.com.br\/?p=156843","title":{"rendered":"&#8220;MARAJANATO&#8221;: SAL\u00c1RIOS DE DAR INVEJA, NA C\u00c2MARA DE VEREADORES DE PETROLINA"},"content":{"rendered":"<div class=\"_5x46\">\n<div class=\"clearfix _5va3\">\n<div class=\"clearfix _42ef\">\n<div class=\"_5va4\">\n<div>\n<div class=\"_6a _5u5j\">\n<div class=\"_6a _5u5j _6b\">\n<h5 id=\"js_io0\" class=\"_5pbw _5vra\" data-ft=\"{&quot;tn&quot;:&quot;C&quot;}\"><span class=\"fwn fcg\"><span class=\"fwb fcg\" data-ft=\"{&quot;tn&quot;:&quot;;&quot;}\"><a id=\"js_lkb\" href=\"https:\/\/www.facebook.com\/caubfernandes?fref=nf\" data-hovercard=\"\/ajax\/hovercard\/user.php?id=100000128081497&amp;extragetparams=%7B%22fref%22%3A%22nf%22%2C%22directed_target_id%22%3A658572670927251%7D\" data-hovercard-prefer-more-content-show=\"1\">Cauby Fernandes Assun\u00e7\u00e3o<\/a><\/span><\/span><\/h5>\n<\/div>\n<\/div>\n<\/div>\n<\/div>\n<\/div>\n<\/div>\n<\/div>\n<div id=\"js_io2\" class=\"_5pbx userContent\" data-ft=\"{&quot;tn&quot;:&quot;K&quot;}\">\n<div id=\"id_5877c9cf155a41754100616\" class=\"text_exposed_root text_exposed\">\n<p>Sal\u00e1rios altos e muito dinheiro na C\u00e2mara de Petrolina\u2026Saiba quanto custa um vereador<\/p>\n<p>A remunera\u00e7\u00e3o bruta de um vereador da C\u00e2mara Municipal de Petrolina \u00e9 de R$ 15 mil, limitada ao teto salarial descrito no artigo 37 da Constitui\u00e7\u00e3o Federal. Com os descontos, cada um dos 23 vereadores ganha em m\u00e9dia R$ 12 mil l\u00edquidos por m\u00eas.<\/p>\n<p>Al\u00e9m do sal\u00e1rio, o vereador tem acesso a uma verba mensal de R$ 10 mil reais para pagamento de 04 assistentes parlamentares.<\/p>\n<div class=\"text_exposed_show\">\n<p>Tamb\u00e9m fica \u00e0 disposi\u00e7\u00e3o de cada parlamentar um auxilio para encargos do gabinete &#8211; uma verba anual de at\u00e9 R$ 60.000,00 (cerca de R$ 5 mil mensais) para pagamento de servi\u00e7os gr\u00e1ficos, correios, aluguel de carro e materiais de escrit\u00f3rio.<\/p>\n<p>Parte desse limite anual \u00e9 usado para pagamento do uso de carros alugados pela C\u00e2mara por meio de licita\u00e7\u00e3o, servi\u00e7os de correios e de c\u00f3pia. Tudo administrado centralmente pela Casa Pl\u00ednio Amorim.<\/p>\n<p>Uma das novidades na C\u00e2mara de Vereadores de Petrolina referente a despesas realizadas pelo parlamentar, \u00e9 a que os vereadores n\u00e3o precisam apresentar notas fiscais ou documentos equivalentes, j\u00e1 que eles n\u00e3o pegam diretamente no dinheiro, tudo \u00e9 feito pela Casa.<\/p>\n<p>A C\u00e2mara de Vereadores de Petrolina recebe 1,1 Milh\u00e3o de Reais mensalmente (Duod\u00e9cimo).<\/p>\n<p>70% desse montante \u00e9 para despesa com Pessoal e os outros 30% para manuten\u00e7\u00e3o da Casa.<\/p>\n<p>O presidente da C\u00e2mara \u00e9 o mais beneficiado entre os Vereadores. Ele det\u00e9m o poder de ter 40 cargos a seu dispor, dois gabinetes e sal\u00e1rio dobrado.<\/p>\n<p>Ainda falando em benesses, tanto o primeiro Vice-presidente como o primeiro secret\u00e1rio da mesa, tamb\u00e9m podem ter dois gabinetes.<\/p>\n<p>Ent\u00e3o , entenda melhor a situa\u00e7\u00e3o . Cada Vereador tem direito a :<\/p>\n<p>1 Sal\u00e1rio de R$ 15.000,00<\/p>\n<p>1 carro R$ 1.800,00<\/p>\n<p>Verba de telefone de R$ 500,00<\/p>\n<p>Verba de combust\u00edvel R$ 1. 400,00<\/p>\n<p>Verba de expediente R$ 1. 300,00<\/p>\n<p>0 4 Assessores sendo:<\/p>\n<p>01 chefe de gabinete R$ 4.000,00<\/p>\n<p>01 Secret\u00e1rio parlamentar R$ 2. 500,00<\/p>\n<p>01 assistente legislativo R$ 1.900,00<\/p>\n<p>01 Assistente administrativo R$ 1.528,00<\/p>\n<p>O Presidente da C\u00e2mara tem direito a 40 cargos e ganha 30 mil Reais (15 de sal\u00e1rio e 15 de representa\u00e7\u00e3o) , com direito a 02 gabinetes (08 Assessores direto) .<\/p>\n<p>O custo com a presid\u00eancia gira em torno dos R$ 150.000,00 s\u00f3 com assessores, diretos e indiretos.<\/p>\n<p>O 1\u00ba Vice presidente tem dois gabinetes sendo que em um dos gabinetes, ele s\u00f3 pode ter mais um assessor que custa R$ 1.528,00.<\/p>\n<p>O 1\u00ba secret\u00e1rio tamb\u00e9m tem dois gabinetes sendo que em um dos gabinetes, ele s\u00f3 pode ter mais um assessor que custa R$ 1.528,00.<\/p>\n<p>Os lideres de bancada de situa\u00e7\u00e3o e de oposi\u00e7\u00e3o tamb\u00e9m tem direito a mais um assessor que custa R$ 1.528,00.<\/p>\n<p>Por Cauby Fernandes\u00a0\u00e9\u00a0Radialista, Te\u00f3logo graduado em n\u00edvel superior pela Faculdade Cenecista de Os\u00f3rio (FACOS) e editor do\u00a0<a href=\"http:\/\/l.facebook.com\/l.php?u=http%3A%2F%2Fwww.aLingua.com.br%2F&amp;h=EAQHJBwIPAQGE0pg66zb0Vd80kjt6hxM0ee0zYq8ynU7Lwg&amp;enc=AZPqoHaTpubsQwc2YU9fKO65ROep0SALAX_a6FCJiy3g0Cj8cm2w9b_rFkB-SCrcn1aXr5DOkLpKxOdMiiHFWR_Iqhx0IyWSJMEKzLrA4xxGK4wp9XmyQZ1qXPAG6ULHiwe65ca0XaY0RrejluxzE7469mBq3401fRs5Whdp8kZkKjajQuKdIEjK7ED7X0CtyOU&amp;s=1\" target=\"_blank\" rel=\"nofollow\">www.aLingua.com.br<\/a><\/p>\n<p>* As informa\u00e7\u00f5es s\u00e3o da C\u00e2mara Municipal de Petrolina<\/p>\n<\/div>\n<\/div>\n<\/div>\n","protected":false},"excerpt":{"rendered":"<p>Cauby Fernandes Assun\u00e7\u00e3o Sal\u00e1rios altos e muito dinheiro na C\u00e2mara de Petrolina\u2026Saiba quanto custa um vereador A remunera\u00e7\u00e3o bruta de um vereador da C\u00e2mara Municipal de Petrolina \u00e9 de R$ 15 mil, limitada ao teto salarial descrito no artigo 37 da Constitui\u00e7\u00e3o Federal. Com os descontos, cada um dos 23 vereadores ganha em m\u00e9dia R$ 12 mil l\u00edquidos por m\u00eas. Al\u00e9m do sal\u00e1rio, o vereador tem acesso a uma verba mensal de R$ 10 mil reais para pagamento de 04 assistentes parlamentares. Tamb\u00e9m fica \u00e0 disposi\u00e7\u00e3o de cada parlamentar um auxilio para encargos do gabinete &#8211; uma verba anual de at\u00e9 R$ 60.000,00 (cerca de R$ 5 mil mensais) para pagamento de servi\u00e7os gr\u00e1ficos, correios, aluguel de carro e materiais&hellip; <\/p>\n","protected":false},"author":1,"featured_media":154213,"comment_status":"open","ping_status":"open","sticky":false,"template":"","format":"standard","meta":{"_acf_changed":false,"footnotes":""},"categories":[30],"tags":[],"class_list":["post-156843","post","type-post","status-publish","format-standard","has-post-thumbnail","hentry","category-artigo"],"acf":[],"yoast_head":"<!-- This site is optimized with the Yoast SEO plugin v27.4 - https:\/\/yoast.com\/product\/yoast-seo-wordpress\/ -->\n<title>&quot;MARAJANATO&quot;: SAL\u00c1RIOS DE DAR INVEJA, NA C\u00c2MARA DE VEREADORES DE PETROLINA - Blog do Farn\u00e9sio<\/title>\n<meta name=\"robots\" content=\"index, follow, max-snippet:-1, max-image-preview:large, max-video-preview:-1\" \/>\n<link rel=\"canonical\" href=\"https:\/\/blogdofarnesio.com.br\/?p=156843\" \/>\n<meta property=\"og:locale\" content=\"pt_BR\" \/>\n<meta property=\"og:type\" content=\"article\" \/>\n<meta property=\"og:title\" content=\"&quot;MARAJANATO&quot;: SAL\u00c1RIOS DE DAR INVEJA, NA C\u00c2MARA DE VEREADORES DE PETROLINA - Blog do Farn\u00e9sio\" \/>\n<meta property=\"og:description\" content=\"Cauby Fernandes Assun\u00e7\u00e3o Sal\u00e1rios altos e muito dinheiro na C\u00e2mara de Petrolina\u2026Saiba quanto custa um vereador A remunera\u00e7\u00e3o bruta de um vereador da C\u00e2mara Municipal de Petrolina \u00e9 de R$ 15 mil, limitada ao teto salarial descrito no artigo 37 da Constitui\u00e7\u00e3o Federal. Com os descontos, cada um dos 23 vereadores ganha em m\u00e9dia R$ 12 mil l\u00edquidos por m\u00eas. Al\u00e9m do sal\u00e1rio, o vereador tem acesso a uma verba mensal de R$ 10 mil reais para pagamento de 04 assistentes parlamentares. Tamb\u00e9m fica \u00e0 disposi\u00e7\u00e3o de cada parlamentar um auxilio para encargos do gabinete &#8211; uma verba anual de at\u00e9 R$ 60.000,00 (cerca de R$ 5 mil mensais) para pagamento de servi\u00e7os gr\u00e1ficos, correios, aluguel de carro e materiais&hellip;\" \/>\n<meta property=\"og:url\" content=\"https:\/\/blogdofarnesio.com.br\/?p=156843\" \/>\n<meta property=\"og:site_name\" content=\"Blog do Farn\u00e9sio\" \/>\n<meta property=\"article:publisher\" content=\"https:\/\/www.facebook.com\/BlogQuerSaberPolitica\/\" \/>\n<meta property=\"article:published_time\" content=\"2017-01-12T19:00:16+00:00\" \/>\n<meta property=\"og:image\" content=\"https:\/\/blogdofarnesio.com.br\/wp-content\/uploads\/2017\/01\/blogqspvereadorespetposse.jpg\" \/>\n\t<meta property=\"og:image:width\" content=\"500\" \/>\n\t<meta property=\"og:image:height\" content=\"292\" \/>\n\t<meta property=\"og:image:type\" content=\"image\/jpeg\" \/>\n<meta name=\"author\" content=\"Farn\u00e9sio\" \/>\n<meta name=\"twitter:card\" content=\"summary_large_image\" \/>\n<meta name=\"twitter:label1\" content=\"Escrito por\" \/>\n\t<meta name=\"twitter:data1\" content=\"Farn\u00e9sio\" \/>\n\t<meta name=\"twitter:label2\" content=\"Est. tempo de leitura\" \/>\n\t<meta name=\"twitter:data2\" content=\"2 minutos\" \/>\n<script type=\"application\/ld+json\" class=\"yoast-schema-graph\">{\"@context\":\"https:\\\/\\\/schema.org\",\"@graph\":[{\"@type\":\"Article\",\"@id\":\"https:\\\/\\\/blogdofarnesio.com.br\\\/?p=156843#article\",\"isPartOf\":{\"@id\":\"https:\\\/\\\/blogdofarnesio.com.br\\\/?p=156843\"},\"author\":{\"name\":\"Farn\u00e9sio\",\"@id\":\"https:\\\/\\\/blogdofarnesio.com.br\\\/#\\\/schema\\\/person\\\/301c4acf522bccbfdb45af95b5b906a1\"},\"headline\":\"&#8220;MARAJANATO&#8221;: SAL\u00c1RIOS DE DAR INVEJA, NA C\u00c2MARA DE VEREADORES DE PETROLINA\",\"datePublished\":\"2017-01-12T19:00:16+00:00\",\"mainEntityOfPage\":{\"@id\":\"https:\\\/\\\/blogdofarnesio.com.br\\\/?p=156843\"},\"wordCount\":493,\"commentCount\":0,\"publisher\":{\"@id\":\"https:\\\/\\\/blogdofarnesio.com.br\\\/#organization\"},\"image\":{\"@id\":\"https:\\\/\\\/blogdofarnesio.com.br\\\/?p=156843#primaryimage\"},\"thumbnailUrl\":\"https:\\\/\\\/blogdofarnesio.com.br\\\/wp-content\\\/uploads\\\/2017\\\/01\\\/blogqspvereadorespetposse.jpg\",\"articleSection\":[\"Artigo\"],\"inLanguage\":\"pt-BR\",\"potentialAction\":[{\"@type\":\"CommentAction\",\"name\":\"Comment\",\"target\":[\"https:\\\/\\\/blogdofarnesio.com.br\\\/?p=156843#respond\"]}]},{\"@type\":\"WebPage\",\"@id\":\"https:\\\/\\\/blogdofarnesio.com.br\\\/?p=156843\",\"url\":\"https:\\\/\\\/blogdofarnesio.com.br\\\/?p=156843\",\"name\":\"\\\"MARAJANATO\\\": SAL\u00c1RIOS DE DAR INVEJA, NA C\u00c2MARA DE VEREADORES DE PETROLINA - Blog do Farn\u00e9sio\",\"isPartOf\":{\"@id\":\"https:\\\/\\\/blogdofarnesio.com.br\\\/#website\"},\"primaryImageOfPage\":{\"@id\":\"https:\\\/\\\/blogdofarnesio.com.br\\\/?p=156843#primaryimage\"},\"image\":{\"@id\":\"https:\\\/\\\/blogdofarnesio.com.br\\\/?p=156843#primaryimage\"},\"thumbnailUrl\":\"https:\\\/\\\/blogdofarnesio.com.br\\\/wp-content\\\/uploads\\\/2017\\\/01\\\/blogqspvereadorespetposse.jpg\",\"datePublished\":\"2017-01-12T19:00:16+00:00\",\"breadcrumb\":{\"@id\":\"https:\\\/\\\/blogdofarnesio.com.br\\\/?p=156843#breadcrumb\"},\"inLanguage\":\"pt-BR\",\"potentialAction\":[{\"@type\":\"ReadAction\",\"target\":[\"https:\\\/\\\/blogdofarnesio.com.br\\\/?p=156843\"]}]},{\"@type\":\"ImageObject\",\"inLanguage\":\"pt-BR\",\"@id\":\"https:\\\/\\\/blogdofarnesio.com.br\\\/?p=156843#primaryimage\",\"url\":\"https:\\\/\\\/blogdofarnesio.com.br\\\/wp-content\\\/uploads\\\/2017\\\/01\\\/blogqspvereadorespetposse.jpg\",\"contentUrl\":\"https:\\\/\\\/blogdofarnesio.com.br\\\/wp-content\\\/uploads\\\/2017\\\/01\\\/blogqspvereadorespetposse.jpg\",\"width\":500,\"height\":292},{\"@type\":\"BreadcrumbList\",\"@id\":\"https:\\\/\\\/blogdofarnesio.com.br\\\/?p=156843#breadcrumb\",\"itemListElement\":[{\"@type\":\"ListItem\",\"position\":1,\"name\":\"In\u00edcio\",\"item\":\"https:\\\/\\\/blogdofarnesio.com.br\\\/\"},{\"@type\":\"ListItem\",\"position\":2,\"name\":\"&#8220;MARAJANATO&#8221;: SAL\u00c1RIOS DE DAR INVEJA, NA C\u00c2MARA DE VEREADORES DE PETROLINA\"}]},{\"@type\":\"WebSite\",\"@id\":\"https:\\\/\\\/blogdofarnesio.com.br\\\/#website\",\"url\":\"https:\\\/\\\/blogdofarnesio.com.br\\\/\",\"name\":\"Blog do Farn\u00e9sio\",\"description\":\"Quer Saber Pol\u00edtica?\",\"publisher\":{\"@id\":\"https:\\\/\\\/blogdofarnesio.com.br\\\/#organization\"},\"potentialAction\":[{\"@type\":\"SearchAction\",\"target\":{\"@type\":\"EntryPoint\",\"urlTemplate\":\"https:\\\/\\\/blogdofarnesio.com.br\\\/?s={search_term_string}\"},\"query-input\":{\"@type\":\"PropertyValueSpecification\",\"valueRequired\":true,\"valueName\":\"search_term_string\"}}],\"inLanguage\":\"pt-BR\"},{\"@type\":\"Organization\",\"@id\":\"https:\\\/\\\/blogdofarnesio.com.br\\\/#organization\",\"name\":\"Blog do Farn\u00e9sio\",\"url\":\"https:\\\/\\\/blogdofarnesio.com.br\\\/\",\"logo\":{\"@type\":\"ImageObject\",\"inLanguage\":\"pt-BR\",\"@id\":\"https:\\\/\\\/blogdofarnesio.com.br\\\/#\\\/schema\\\/logo\\\/image\\\/\",\"url\":\"https:\\\/\\\/blogdofarnesio.com.br\\\/wp-content\\\/uploads\\\/2026\\\/03\\\/cropped-logo_new-1.png\",\"contentUrl\":\"https:\\\/\\\/blogdofarnesio.com.br\\\/wp-content\\\/uploads\\\/2026\\\/03\\\/cropped-logo_new-1.png\",\"width\":881,\"height\":685,\"caption\":\"Blog do Farn\u00e9sio\"},\"image\":{\"@id\":\"https:\\\/\\\/blogdofarnesio.com.br\\\/#\\\/schema\\\/logo\\\/image\\\/\"},\"sameAs\":[\"https:\\\/\\\/www.facebook.com\\\/BlogQuerSaberPolitica\\\/\"]},{\"@type\":\"Person\",\"@id\":\"https:\\\/\\\/blogdofarnesio.com.br\\\/#\\\/schema\\\/person\\\/301c4acf522bccbfdb45af95b5b906a1\",\"name\":\"Farn\u00e9sio\",\"image\":{\"@type\":\"ImageObject\",\"inLanguage\":\"pt-BR\",\"@id\":\"https:\\\/\\\/secure.gravatar.com\\\/avatar\\\/df0c9a14567c056f8ad6876ba5bbd1e3e2c48023eb6807342fc4663adf549f38?s=96&d=mm&r=g\",\"url\":\"https:\\\/\\\/secure.gravatar.com\\\/avatar\\\/df0c9a14567c056f8ad6876ba5bbd1e3e2c48023eb6807342fc4663adf549f38?s=96&d=mm&r=g\",\"contentUrl\":\"https:\\\/\\\/secure.gravatar.com\\\/avatar\\\/df0c9a14567c056f8ad6876ba5bbd1e3e2c48023eb6807342fc4663adf549f38?s=96&d=mm&r=g\",\"caption\":\"Farn\u00e9sio\"},\"sameAs\":[\"https:\\\/\\\/quersaberpolitica.com.br\"],\"url\":\"https:\\\/\\\/blogdofarnesio.com.br\\\/?author=1\"}]}<\/script>\n<!-- \/ Yoast SEO plugin. -->","yoast_head_json":{"title":"\"MARAJANATO\": SAL\u00c1RIOS DE DAR INVEJA, NA C\u00c2MARA DE VEREADORES DE PETROLINA - Blog do Farn\u00e9sio","robots":{"index":"index","follow":"follow","max-snippet":"max-snippet:-1","max-image-preview":"max-image-preview:large","max-video-preview":"max-video-preview:-1"},"canonical":"https:\/\/blogdofarnesio.com.br\/?p=156843","og_locale":"pt_BR","og_type":"article","og_title":"\"MARAJANATO\": SAL\u00c1RIOS DE DAR INVEJA, NA C\u00c2MARA DE VEREADORES DE PETROLINA - Blog do Farn\u00e9sio","og_description":"Cauby Fernandes Assun\u00e7\u00e3o Sal\u00e1rios altos e muito dinheiro na C\u00e2mara de Petrolina\u2026Saiba quanto custa um vereador A remunera\u00e7\u00e3o bruta de um vereador da C\u00e2mara Municipal de Petrolina \u00e9 de R$ 15 mil, limitada ao teto salarial descrito no artigo 37 da Constitui\u00e7\u00e3o Federal. Com os descontos, cada um dos 23 vereadores ganha em m\u00e9dia R$ 12 mil l\u00edquidos por m\u00eas. Al\u00e9m do sal\u00e1rio, o vereador tem acesso a uma verba mensal de R$ 10 mil reais para pagamento de 04 assistentes parlamentares. Tamb\u00e9m fica \u00e0 disposi\u00e7\u00e3o de cada parlamentar um auxilio para encargos do gabinete &#8211; uma verba anual de at\u00e9 R$ 60.000,00 (cerca de R$ 5 mil mensais) para pagamento de servi\u00e7os gr\u00e1ficos, correios, aluguel de carro e materiais&hellip;","og_url":"https:\/\/blogdofarnesio.com.br\/?p=156843","og_site_name":"Blog do Farn\u00e9sio","article_publisher":"https:\/\/www.facebook.com\/BlogQuerSaberPolitica\/","article_published_time":"2017-01-12T19:00:16+00:00","og_image":[{"width":500,"height":292,"url":"https:\/\/blogdofarnesio.com.br\/wp-content\/uploads\/2017\/01\/blogqspvereadorespetposse.jpg","type":"image\/jpeg"}],"author":"Farn\u00e9sio","twitter_card":"summary_large_image","twitter_misc":{"Escrito por":"Farn\u00e9sio","Est. tempo de leitura":"2 minutos"},"schema":{"@context":"https:\/\/schema.org","@graph":[{"@type":"Article","@id":"https:\/\/blogdofarnesio.com.br\/?p=156843#article","isPartOf":{"@id":"https:\/\/blogdofarnesio.com.br\/?p=156843"},"author":{"name":"Farn\u00e9sio","@id":"https:\/\/blogdofarnesio.com.br\/#\/schema\/person\/301c4acf522bccbfdb45af95b5b906a1"},"headline":"&#8220;MARAJANATO&#8221;: SAL\u00c1RIOS DE DAR INVEJA, NA C\u00c2MARA DE VEREADORES DE PETROLINA","datePublished":"2017-01-12T19:00:16+00:00","mainEntityOfPage":{"@id":"https:\/\/blogdofarnesio.com.br\/?p=156843"},"wordCount":493,"commentCount":0,"publisher":{"@id":"https:\/\/blogdofarnesio.com.br\/#organization"},"image":{"@id":"https:\/\/blogdofarnesio.com.br\/?p=156843#primaryimage"},"thumbnailUrl":"https:\/\/blogdofarnesio.com.br\/wp-content\/uploads\/2017\/01\/blogqspvereadorespetposse.jpg","articleSection":["Artigo"],"inLanguage":"pt-BR","potentialAction":[{"@type":"CommentAction","name":"Comment","target":["https:\/\/blogdofarnesio.com.br\/?p=156843#respond"]}]},{"@type":"WebPage","@id":"https:\/\/blogdofarnesio.com.br\/?p=156843","url":"https:\/\/blogdofarnesio.com.br\/?p=156843","name":"\"MARAJANATO\": SAL\u00c1RIOS DE DAR INVEJA, NA C\u00c2MARA DE VEREADORES DE PETROLINA - Blog do Farn\u00e9sio","isPartOf":{"@id":"https:\/\/blogdofarnesio.com.br\/#website"},"primaryImageOfPage":{"@id":"https:\/\/blogdofarnesio.com.br\/?p=156843#primaryimage"},"image":{"@id":"https:\/\/blogdofarnesio.com.br\/?p=156843#primaryimage"},"thumbnailUrl":"https:\/\/blogdofarnesio.com.br\/wp-content\/uploads\/2017\/01\/blogqspvereadorespetposse.jpg","datePublished":"2017-01-12T19:00:16+00:00","breadcrumb":{"@id":"https:\/\/blogdofarnesio.com.br\/?p=156843#breadcrumb"},"inLanguage":"pt-BR","potentialAction":[{"@type":"ReadAction","target":["https:\/\/blogdofarnesio.com.br\/?p=156843"]}]},{"@type":"ImageObject","inLanguage":"pt-BR","@id":"https:\/\/blogdofarnesio.com.br\/?p=156843#primaryimage","url":"https:\/\/blogdofarnesio.com.br\/wp-content\/uploads\/2017\/01\/blogqspvereadorespetposse.jpg","contentUrl":"https:\/\/blogdofarnesio.com.br\/wp-content\/uploads\/2017\/01\/blogqspvereadorespetposse.jpg","width":500,"height":292},{"@type":"BreadcrumbList","@id":"https:\/\/blogdofarnesio.com.br\/?p=156843#breadcrumb","itemListElement":[{"@type":"ListItem","position":1,"name":"In\u00edcio","item":"https:\/\/blogdofarnesio.com.br\/"},{"@type":"ListItem","position":2,"name":"&#8220;MARAJANATO&#8221;: SAL\u00c1RIOS DE DAR INVEJA, NA C\u00c2MARA DE VEREADORES DE PETROLINA"}]},{"@type":"WebSite","@id":"https:\/\/blogdofarnesio.com.br\/#website","url":"https:\/\/blogdofarnesio.com.br\/","name":"Blog do Farn\u00e9sio","description":"Quer Saber Pol\u00edtica?","publisher":{"@id":"https:\/\/blogdofarnesio.com.br\/#organization"},"potentialAction":[{"@type":"SearchAction","target":{"@type":"EntryPoint","urlTemplate":"https:\/\/blogdofarnesio.com.br\/?s={search_term_string}"},"query-input":{"@type":"PropertyValueSpecification","valueRequired":true,"valueName":"search_term_string"}}],"inLanguage":"pt-BR"},{"@type":"Organization","@id":"https:\/\/blogdofarnesio.com.br\/#organization","name":"Blog do Farn\u00e9sio","url":"https:\/\/blogdofarnesio.com.br\/","logo":{"@type":"ImageObject","inLanguage":"pt-BR","@id":"https:\/\/blogdofarnesio.com.br\/#\/schema\/logo\/image\/","url":"https:\/\/blogdofarnesio.com.br\/wp-content\/uploads\/2026\/03\/cropped-logo_new-1.png","contentUrl":"https:\/\/blogdofarnesio.com.br\/wp-content\/uploads\/2026\/03\/cropped-logo_new-1.png","width":881,"height":685,"caption":"Blog do Farn\u00e9sio"},"image":{"@id":"https:\/\/blogdofarnesio.com.br\/#\/schema\/logo\/image\/"},"sameAs":["https:\/\/www.facebook.com\/BlogQuerSaberPolitica\/"]},{"@type":"Person","@id":"https:\/\/blogdofarnesio.com.br\/#\/schema\/person\/301c4acf522bccbfdb45af95b5b906a1","name":"Farn\u00e9sio","image":{"@type":"ImageObject","inLanguage":"pt-BR","@id":"https:\/\/secure.gravatar.com\/avatar\/df0c9a14567c056f8ad6876ba5bbd1e3e2c48023eb6807342fc4663adf549f38?s=96&d=mm&r=g","url":"https:\/\/secure.gravatar.com\/avatar\/df0c9a14567c056f8ad6876ba5bbd1e3e2c48023eb6807342fc4663adf549f38?s=96&d=mm&r=g","contentUrl":"https:\/\/secure.gravatar.com\/avatar\/df0c9a14567c056f8ad6876ba5bbd1e3e2c48023eb6807342fc4663adf549f38?s=96&d=mm&r=g","caption":"Farn\u00e9sio"},"sameAs":["https:\/\/quersaberpolitica.com.br"],"url":"https:\/\/blogdofarnesio.com.br\/?author=1"}]}},"_links":{"self":[{"href":"https:\/\/blogdofarnesio.com.br\/index.php?rest_route=\/wp\/v2\/posts\/156843","targetHints":{"allow":["GET"]}}],"collection":[{"href":"https:\/\/blogdofarnesio.com.br\/index.php?rest_route=\/wp\/v2\/posts"}],"about":[{"href":"https:\/\/blogdofarnesio.com.br\/index.php?rest_route=\/wp\/v2\/types\/post"}],"author":[{"embeddable":true,"href":"https:\/\/blogdofarnesio.com.br\/index.php?rest_route=\/wp\/v2\/users\/1"}],"replies":[{"embeddable":true,"href":"https:\/\/blogdofarnesio.com.br\/index.php?rest_route=%2Fwp%2Fv2%2Fcomments&post=156843"}],"version-history":[{"count":0,"href":"https:\/\/blogdofarnesio.com.br\/index.php?rest_route=\/wp\/v2\/posts\/156843\/revisions"}],"wp:featuredmedia":[{"embeddable":true,"href":"https:\/\/blogdofarnesio.com.br\/index.php?rest_route=\/wp\/v2\/media\/154213"}],"wp:attachment":[{"href":"https:\/\/blogdofarnesio.com.br\/index.php?rest_route=%2Fwp%2Fv2%2Fmedia&parent=156843"}],"wp:term":[{"taxonomy":"category","embeddable":true,"href":"https:\/\/blogdofarnesio.com.br\/index.php?rest_route=%2Fwp%2Fv2%2Fcategories&post=156843"},{"taxonomy":"post_tag","embeddable":true,"href":"https:\/\/blogdofarnesio.com.br\/index.php?rest_route=%2Fwp%2Fv2%2Ftags&post=156843"}],"curies":[{"name":"wp","href":"https:\/\/api.w.org\/{rel}","templated":true}]}}