{"id":156651,"date":"2017-02-03T11:00:48","date_gmt":"2017-02-03T14:00:48","guid":{"rendered":"http:\/\/quersaberpolitica.com.br\/2016\/?p=156651"},"modified":"2017-02-03T09:57:25","modified_gmt":"2017-02-03T12:57:25","slug":"corpo-da-ex-primeira-dama-sera-velado-no-sindicato-dos-metalurgicos-do-abc","status":"publish","type":"post","link":"https:\/\/blogdofarnesio.com.br\/?p=156651","title":{"rendered":"CORPO DA EX-PRIMEIRA-DAMA SER\u00c1 VELADO NO SINDICATO DOS METAL\u00daRGICOS DO ABC"},"content":{"rendered":"<p style=\"text-align: justify;\">O corpo da esposa do ex-presidente da Rep\u00fablica Luiz In\u00e1cio Lula da Silva ser\u00e1 velado no Sindicato dos Metal\u00fargicos do ABC, em S\u00e3o Bernardo do Campo, na Grande S\u00e3o Paulo. Marisa Let\u00edcia Lula da Silva, de 66 anos, teve morte cerebral declarada na manh\u00e3 desta quinta-feira, 2.<\/p>\n<p style=\"text-align: justify;\">A ex-primeira dama foi internada na Unidade de Terapia Intensiva (UTI) do Hospital S\u00edrio-Liban\u00eas no \u00faltimo dia 24, ap\u00f3s sofrer um acidente vascular cerebral (AVC) hemorr\u00e1gico.<\/p>\n<p style=\"text-align: justify;\">De acordo com o boletim m\u00e9dico, um Doppler transcraniano foi realizado hoje pela manh\u00e3 e identificou a aus\u00eancia de fluxo cerebral na paciente. Em publica\u00e7\u00e3o na sua p\u00e1gina do Facebook, Lula informou que &#8220;autorizou os procedimentos preparativos para a doa\u00e7\u00e3o dos \u00f3rg\u00e3os&#8221;.<\/p>\n","protected":false},"excerpt":{"rendered":"<p>O corpo da esposa do ex-presidente da Rep\u00fablica Luiz In\u00e1cio Lula da Silva ser\u00e1 velado no Sindicato dos Metal\u00fargicos do ABC, em S\u00e3o Bernardo do Campo, na Grande S\u00e3o Paulo. Marisa Let\u00edcia Lula da Silva, de 66 anos, teve morte cerebral declarada na manh\u00e3 desta quinta-feira, 2. A ex-primeira dama foi internada na Unidade de Terapia Intensiva (UTI) do Hospital S\u00edrio-Liban\u00eas no \u00faltimo dia 24, ap\u00f3s sofrer um acidente vascular cerebral (AVC) hemorr\u00e1gico. De acordo com o boletim m\u00e9dico, um Doppler transcraniano foi realizado hoje pela manh\u00e3 e identificou a aus\u00eancia de fluxo cerebral na paciente. Em publica\u00e7\u00e3o na sua p\u00e1gina do Facebook, Lula informou que &#8220;autorizou os procedimentos preparativos para a doa\u00e7\u00e3o dos \u00f3rg\u00e3os&#8221;.<\/p>\n","protected":false},"author":1,"featured_media":154080,"comment_status":"open","ping_status":"open","sticky":false,"template":"","format":"standard","meta":{"_acf_changed":false,"footnotes":""},"categories":[44],"tags":[],"class_list":["post-156651","post","type-post","status-publish","format-standard","has-post-thumbnail","hentry","category-administracao"],"acf":[],"yoast_head":"<!-- This site is optimized with the Yoast SEO plugin v27.4 - https:\/\/yoast.com\/product\/yoast-seo-wordpress\/ -->\n<title>CORPO DA EX-PRIMEIRA-DAMA SER\u00c1 VELADO NO SINDICATO DOS METAL\u00daRGICOS DO ABC - Blog do Farn\u00e9sio<\/title>\n<meta name=\"robots\" content=\"index, follow, max-snippet:-1, max-image-preview:large, max-video-preview:-1\" \/>\n<link rel=\"canonical\" href=\"https:\/\/blogdofarnesio.com.br\/?p=156651\" \/>\n<meta property=\"og:locale\" content=\"pt_BR\" \/>\n<meta property=\"og:type\" content=\"article\" \/>\n<meta property=\"og:title\" content=\"CORPO DA EX-PRIMEIRA-DAMA SER\u00c1 VELADO NO SINDICATO DOS METAL\u00daRGICOS DO ABC - Blog do Farn\u00e9sio\" \/>\n<meta property=\"og:description\" content=\"O corpo da esposa do ex-presidente da Rep\u00fablica Luiz In\u00e1cio Lula da Silva ser\u00e1 velado no Sindicato dos Metal\u00fargicos do ABC, em S\u00e3o Bernardo do Campo, na Grande S\u00e3o Paulo. Marisa Let\u00edcia Lula da Silva, de 66 anos, teve morte cerebral declarada na manh\u00e3 desta quinta-feira, 2. A ex-primeira dama foi internada na Unidade de Terapia Intensiva (UTI) do Hospital S\u00edrio-Liban\u00eas no \u00faltimo dia 24, ap\u00f3s sofrer um acidente vascular cerebral (AVC) hemorr\u00e1gico. De acordo com o boletim m\u00e9dico, um Doppler transcraniano foi realizado hoje pela manh\u00e3 e identificou a aus\u00eancia de fluxo cerebral na paciente. Em publica\u00e7\u00e3o na sua p\u00e1gina do Facebook, Lula informou que &#8220;autorizou os procedimentos preparativos para a doa\u00e7\u00e3o dos \u00f3rg\u00e3os&#8221;.\" \/>\n<meta property=\"og:url\" content=\"https:\/\/blogdofarnesio.com.br\/?p=156651\" \/>\n<meta property=\"og:site_name\" content=\"Blog do Farn\u00e9sio\" \/>\n<meta property=\"article:publisher\" content=\"https:\/\/www.facebook.com\/BlogQuerSaberPolitica\/\" \/>\n<meta property=\"article:published_time\" content=\"2017-02-03T14:00:48+00:00\" \/>\n<meta property=\"og:image\" content=\"https:\/\/blogdofarnesio.com.br\/wp-content\/uploads\/2017\/02\/BLOGQSP-marisa_leticia.jpg\" \/>\n\t<meta property=\"og:image:width\" content=\"615\" \/>\n\t<meta property=\"og:image:height\" content=\"320\" \/>\n\t<meta property=\"og:image:type\" content=\"image\/jpeg\" \/>\n<meta name=\"author\" content=\"Farn\u00e9sio\" \/>\n<meta name=\"twitter:card\" content=\"summary_large_image\" \/>\n<meta name=\"twitter:label1\" content=\"Escrito por\" \/>\n\t<meta name=\"twitter:data1\" content=\"Farn\u00e9sio\" \/>\n\t<meta name=\"twitter:label2\" content=\"Est. tempo de leitura\" \/>\n\t<meta name=\"twitter:data2\" content=\"1 minuto\" \/>\n<script type=\"application\/ld+json\" class=\"yoast-schema-graph\">{\"@context\":\"https:\\\/\\\/schema.org\",\"@graph\":[{\"@type\":\"Article\",\"@id\":\"https:\\\/\\\/blogdofarnesio.com.br\\\/?p=156651#article\",\"isPartOf\":{\"@id\":\"https:\\\/\\\/blogdofarnesio.com.br\\\/?p=156651\"},\"author\":{\"name\":\"Farn\u00e9sio\",\"@id\":\"https:\\\/\\\/blogdofarnesio.com.br\\\/#\\\/schema\\\/person\\\/301c4acf522bccbfdb45af95b5b906a1\"},\"headline\":\"CORPO DA EX-PRIMEIRA-DAMA SER\u00c1 VELADO NO SINDICATO DOS METAL\u00daRGICOS DO ABC\",\"datePublished\":\"2017-02-03T14:00:48+00:00\",\"mainEntityOfPage\":{\"@id\":\"https:\\\/\\\/blogdofarnesio.com.br\\\/?p=156651\"},\"wordCount\":140,\"commentCount\":0,\"publisher\":{\"@id\":\"https:\\\/\\\/blogdofarnesio.com.br\\\/#organization\"},\"image\":{\"@id\":\"https:\\\/\\\/blogdofarnesio.com.br\\\/?p=156651#primaryimage\"},\"thumbnailUrl\":\"https:\\\/\\\/blogdofarnesio.com.br\\\/wp-content\\\/uploads\\\/2017\\\/02\\\/BLOGQSP-marisa_leticia.jpg\",\"articleSection\":[\"Administra\u00e7\u00e3o\"],\"inLanguage\":\"pt-BR\",\"potentialAction\":[{\"@type\":\"CommentAction\",\"name\":\"Comment\",\"target\":[\"https:\\\/\\\/blogdofarnesio.com.br\\\/?p=156651#respond\"]}]},{\"@type\":\"WebPage\",\"@id\":\"https:\\\/\\\/blogdofarnesio.com.br\\\/?p=156651\",\"url\":\"https:\\\/\\\/blogdofarnesio.com.br\\\/?p=156651\",\"name\":\"CORPO DA EX-PRIMEIRA-DAMA SER\u00c1 VELADO NO SINDICATO DOS METAL\u00daRGICOS DO ABC - Blog do Farn\u00e9sio\",\"isPartOf\":{\"@id\":\"https:\\\/\\\/blogdofarnesio.com.br\\\/#website\"},\"primaryImageOfPage\":{\"@id\":\"https:\\\/\\\/blogdofarnesio.com.br\\\/?p=156651#primaryimage\"},\"image\":{\"@id\":\"https:\\\/\\\/blogdofarnesio.com.br\\\/?p=156651#primaryimage\"},\"thumbnailUrl\":\"https:\\\/\\\/blogdofarnesio.com.br\\\/wp-content\\\/uploads\\\/2017\\\/02\\\/BLOGQSP-marisa_leticia.jpg\",\"datePublished\":\"2017-02-03T14:00:48+00:00\",\"breadcrumb\":{\"@id\":\"https:\\\/\\\/blogdofarnesio.com.br\\\/?p=156651#breadcrumb\"},\"inLanguage\":\"pt-BR\",\"potentialAction\":[{\"@type\":\"ReadAction\",\"target\":[\"https:\\\/\\\/blogdofarnesio.com.br\\\/?p=156651\"]}]},{\"@type\":\"ImageObject\",\"inLanguage\":\"pt-BR\",\"@id\":\"https:\\\/\\\/blogdofarnesio.com.br\\\/?p=156651#primaryimage\",\"url\":\"https:\\\/\\\/blogdofarnesio.com.br\\\/wp-content\\\/uploads\\\/2017\\\/02\\\/BLOGQSP-marisa_leticia.jpg\",\"contentUrl\":\"https:\\\/\\\/blogdofarnesio.com.br\\\/wp-content\\\/uploads\\\/2017\\\/02\\\/BLOGQSP-marisa_leticia.jpg\",\"width\":615,\"height\":320},{\"@type\":\"BreadcrumbList\",\"@id\":\"https:\\\/\\\/blogdofarnesio.com.br\\\/?p=156651#breadcrumb\",\"itemListElement\":[{\"@type\":\"ListItem\",\"position\":1,\"name\":\"In\u00edcio\",\"item\":\"https:\\\/\\\/blogdofarnesio.com.br\\\/\"},{\"@type\":\"ListItem\",\"position\":2,\"name\":\"CORPO DA EX-PRIMEIRA-DAMA SER\u00c1 VELADO NO SINDICATO DOS METAL\u00daRGICOS DO ABC\"}]},{\"@type\":\"WebSite\",\"@id\":\"https:\\\/\\\/blogdofarnesio.com.br\\\/#website\",\"url\":\"https:\\\/\\\/blogdofarnesio.com.br\\\/\",\"name\":\"Blog do Farn\u00e9sio\",\"description\":\"Quer Saber Pol\u00edtica?\",\"publisher\":{\"@id\":\"https:\\\/\\\/blogdofarnesio.com.br\\\/#organization\"},\"potentialAction\":[{\"@type\":\"SearchAction\",\"target\":{\"@type\":\"EntryPoint\",\"urlTemplate\":\"https:\\\/\\\/blogdofarnesio.com.br\\\/?s={search_term_string}\"},\"query-input\":{\"@type\":\"PropertyValueSpecification\",\"valueRequired\":true,\"valueName\":\"search_term_string\"}}],\"inLanguage\":\"pt-BR\"},{\"@type\":\"Organization\",\"@id\":\"https:\\\/\\\/blogdofarnesio.com.br\\\/#organization\",\"name\":\"Blog do Farn\u00e9sio\",\"url\":\"https:\\\/\\\/blogdofarnesio.com.br\\\/\",\"logo\":{\"@type\":\"ImageObject\",\"inLanguage\":\"pt-BR\",\"@id\":\"https:\\\/\\\/blogdofarnesio.com.br\\\/#\\\/schema\\\/logo\\\/image\\\/\",\"url\":\"https:\\\/\\\/blogdofarnesio.com.br\\\/wp-content\\\/uploads\\\/2026\\\/03\\\/cropped-logo_new-1.png\",\"contentUrl\":\"https:\\\/\\\/blogdofarnesio.com.br\\\/wp-content\\\/uploads\\\/2026\\\/03\\\/cropped-logo_new-1.png\",\"width\":881,\"height\":685,\"caption\":\"Blog do Farn\u00e9sio\"},\"image\":{\"@id\":\"https:\\\/\\\/blogdofarnesio.com.br\\\/#\\\/schema\\\/logo\\\/image\\\/\"},\"sameAs\":[\"https:\\\/\\\/www.facebook.com\\\/BlogQuerSaberPolitica\\\/\"]},{\"@type\":\"Person\",\"@id\":\"https:\\\/\\\/blogdofarnesio.com.br\\\/#\\\/schema\\\/person\\\/301c4acf522bccbfdb45af95b5b906a1\",\"name\":\"Farn\u00e9sio\",\"image\":{\"@type\":\"ImageObject\",\"inLanguage\":\"pt-BR\",\"@id\":\"https:\\\/\\\/secure.gravatar.com\\\/avatar\\\/df0c9a14567c056f8ad6876ba5bbd1e3e2c48023eb6807342fc4663adf549f38?s=96&d=mm&r=g\",\"url\":\"https:\\\/\\\/secure.gravatar.com\\\/avatar\\\/df0c9a14567c056f8ad6876ba5bbd1e3e2c48023eb6807342fc4663adf549f38?s=96&d=mm&r=g\",\"contentUrl\":\"https:\\\/\\\/secure.gravatar.com\\\/avatar\\\/df0c9a14567c056f8ad6876ba5bbd1e3e2c48023eb6807342fc4663adf549f38?s=96&d=mm&r=g\",\"caption\":\"Farn\u00e9sio\"},\"sameAs\":[\"https:\\\/\\\/quersaberpolitica.com.br\"],\"url\":\"https:\\\/\\\/blogdofarnesio.com.br\\\/?author=1\"}]}<\/script>\n<!-- \/ Yoast SEO plugin. -->","yoast_head_json":{"title":"CORPO DA EX-PRIMEIRA-DAMA SER\u00c1 VELADO NO SINDICATO DOS METAL\u00daRGICOS DO ABC - Blog do Farn\u00e9sio","robots":{"index":"index","follow":"follow","max-snippet":"max-snippet:-1","max-image-preview":"max-image-preview:large","max-video-preview":"max-video-preview:-1"},"canonical":"https:\/\/blogdofarnesio.com.br\/?p=156651","og_locale":"pt_BR","og_type":"article","og_title":"CORPO DA EX-PRIMEIRA-DAMA SER\u00c1 VELADO NO SINDICATO DOS METAL\u00daRGICOS DO ABC - Blog do Farn\u00e9sio","og_description":"O corpo da esposa do ex-presidente da Rep\u00fablica Luiz In\u00e1cio Lula da Silva ser\u00e1 velado no Sindicato dos Metal\u00fargicos do ABC, em S\u00e3o Bernardo do Campo, na Grande S\u00e3o Paulo. Marisa Let\u00edcia Lula da Silva, de 66 anos, teve morte cerebral declarada na manh\u00e3 desta quinta-feira, 2. A ex-primeira dama foi internada na Unidade de Terapia Intensiva (UTI) do Hospital S\u00edrio-Liban\u00eas no \u00faltimo dia 24, ap\u00f3s sofrer um acidente vascular cerebral (AVC) hemorr\u00e1gico. De acordo com o boletim m\u00e9dico, um Doppler transcraniano foi realizado hoje pela manh\u00e3 e identificou a aus\u00eancia de fluxo cerebral na paciente. Em publica\u00e7\u00e3o na sua p\u00e1gina do Facebook, Lula informou que &#8220;autorizou os procedimentos preparativos para a doa\u00e7\u00e3o dos \u00f3rg\u00e3os&#8221;.","og_url":"https:\/\/blogdofarnesio.com.br\/?p=156651","og_site_name":"Blog do Farn\u00e9sio","article_publisher":"https:\/\/www.facebook.com\/BlogQuerSaberPolitica\/","article_published_time":"2017-02-03T14:00:48+00:00","og_image":[{"width":615,"height":320,"url":"https:\/\/blogdofarnesio.com.br\/wp-content\/uploads\/2017\/02\/BLOGQSP-marisa_leticia.jpg","type":"image\/jpeg"}],"author":"Farn\u00e9sio","twitter_card":"summary_large_image","twitter_misc":{"Escrito por":"Farn\u00e9sio","Est. tempo de leitura":"1 minuto"},"schema":{"@context":"https:\/\/schema.org","@graph":[{"@type":"Article","@id":"https:\/\/blogdofarnesio.com.br\/?p=156651#article","isPartOf":{"@id":"https:\/\/blogdofarnesio.com.br\/?p=156651"},"author":{"name":"Farn\u00e9sio","@id":"https:\/\/blogdofarnesio.com.br\/#\/schema\/person\/301c4acf522bccbfdb45af95b5b906a1"},"headline":"CORPO DA EX-PRIMEIRA-DAMA SER\u00c1 VELADO NO SINDICATO DOS METAL\u00daRGICOS DO ABC","datePublished":"2017-02-03T14:00:48+00:00","mainEntityOfPage":{"@id":"https:\/\/blogdofarnesio.com.br\/?p=156651"},"wordCount":140,"commentCount":0,"publisher":{"@id":"https:\/\/blogdofarnesio.com.br\/#organization"},"image":{"@id":"https:\/\/blogdofarnesio.com.br\/?p=156651#primaryimage"},"thumbnailUrl":"https:\/\/blogdofarnesio.com.br\/wp-content\/uploads\/2017\/02\/BLOGQSP-marisa_leticia.jpg","articleSection":["Administra\u00e7\u00e3o"],"inLanguage":"pt-BR","potentialAction":[{"@type":"CommentAction","name":"Comment","target":["https:\/\/blogdofarnesio.com.br\/?p=156651#respond"]}]},{"@type":"WebPage","@id":"https:\/\/blogdofarnesio.com.br\/?p=156651","url":"https:\/\/blogdofarnesio.com.br\/?p=156651","name":"CORPO DA EX-PRIMEIRA-DAMA SER\u00c1 VELADO NO SINDICATO DOS METAL\u00daRGICOS DO ABC - Blog do Farn\u00e9sio","isPartOf":{"@id":"https:\/\/blogdofarnesio.com.br\/#website"},"primaryImageOfPage":{"@id":"https:\/\/blogdofarnesio.com.br\/?p=156651#primaryimage"},"image":{"@id":"https:\/\/blogdofarnesio.com.br\/?p=156651#primaryimage"},"thumbnailUrl":"https:\/\/blogdofarnesio.com.br\/wp-content\/uploads\/2017\/02\/BLOGQSP-marisa_leticia.jpg","datePublished":"2017-02-03T14:00:48+00:00","breadcrumb":{"@id":"https:\/\/blogdofarnesio.com.br\/?p=156651#breadcrumb"},"inLanguage":"pt-BR","potentialAction":[{"@type":"ReadAction","target":["https:\/\/blogdofarnesio.com.br\/?p=156651"]}]},{"@type":"ImageObject","inLanguage":"pt-BR","@id":"https:\/\/blogdofarnesio.com.br\/?p=156651#primaryimage","url":"https:\/\/blogdofarnesio.com.br\/wp-content\/uploads\/2017\/02\/BLOGQSP-marisa_leticia.jpg","contentUrl":"https:\/\/blogdofarnesio.com.br\/wp-content\/uploads\/2017\/02\/BLOGQSP-marisa_leticia.jpg","width":615,"height":320},{"@type":"BreadcrumbList","@id":"https:\/\/blogdofarnesio.com.br\/?p=156651#breadcrumb","itemListElement":[{"@type":"ListItem","position":1,"name":"In\u00edcio","item":"https:\/\/blogdofarnesio.com.br\/"},{"@type":"ListItem","position":2,"name":"CORPO DA EX-PRIMEIRA-DAMA SER\u00c1 VELADO NO SINDICATO DOS METAL\u00daRGICOS DO ABC"}]},{"@type":"WebSite","@id":"https:\/\/blogdofarnesio.com.br\/#website","url":"https:\/\/blogdofarnesio.com.br\/","name":"Blog do Farn\u00e9sio","description":"Quer Saber Pol\u00edtica?","publisher":{"@id":"https:\/\/blogdofarnesio.com.br\/#organization"},"potentialAction":[{"@type":"SearchAction","target":{"@type":"EntryPoint","urlTemplate":"https:\/\/blogdofarnesio.com.br\/?s={search_term_string}"},"query-input":{"@type":"PropertyValueSpecification","valueRequired":true,"valueName":"search_term_string"}}],"inLanguage":"pt-BR"},{"@type":"Organization","@id":"https:\/\/blogdofarnesio.com.br\/#organization","name":"Blog do Farn\u00e9sio","url":"https:\/\/blogdofarnesio.com.br\/","logo":{"@type":"ImageObject","inLanguage":"pt-BR","@id":"https:\/\/blogdofarnesio.com.br\/#\/schema\/logo\/image\/","url":"https:\/\/blogdofarnesio.com.br\/wp-content\/uploads\/2026\/03\/cropped-logo_new-1.png","contentUrl":"https:\/\/blogdofarnesio.com.br\/wp-content\/uploads\/2026\/03\/cropped-logo_new-1.png","width":881,"height":685,"caption":"Blog do Farn\u00e9sio"},"image":{"@id":"https:\/\/blogdofarnesio.com.br\/#\/schema\/logo\/image\/"},"sameAs":["https:\/\/www.facebook.com\/BlogQuerSaberPolitica\/"]},{"@type":"Person","@id":"https:\/\/blogdofarnesio.com.br\/#\/schema\/person\/301c4acf522bccbfdb45af95b5b906a1","name":"Farn\u00e9sio","image":{"@type":"ImageObject","inLanguage":"pt-BR","@id":"https:\/\/secure.gravatar.com\/avatar\/df0c9a14567c056f8ad6876ba5bbd1e3e2c48023eb6807342fc4663adf549f38?s=96&d=mm&r=g","url":"https:\/\/secure.gravatar.com\/avatar\/df0c9a14567c056f8ad6876ba5bbd1e3e2c48023eb6807342fc4663adf549f38?s=96&d=mm&r=g","contentUrl":"https:\/\/secure.gravatar.com\/avatar\/df0c9a14567c056f8ad6876ba5bbd1e3e2c48023eb6807342fc4663adf549f38?s=96&d=mm&r=g","caption":"Farn\u00e9sio"},"sameAs":["https:\/\/quersaberpolitica.com.br"],"url":"https:\/\/blogdofarnesio.com.br\/?author=1"}]}},"_links":{"self":[{"href":"https:\/\/blogdofarnesio.com.br\/index.php?rest_route=\/wp\/v2\/posts\/156651","targetHints":{"allow":["GET"]}}],"collection":[{"href":"https:\/\/blogdofarnesio.com.br\/index.php?rest_route=\/wp\/v2\/posts"}],"about":[{"href":"https:\/\/blogdofarnesio.com.br\/index.php?rest_route=\/wp\/v2\/types\/post"}],"author":[{"embeddable":true,"href":"https:\/\/blogdofarnesio.com.br\/index.php?rest_route=\/wp\/v2\/users\/1"}],"replies":[{"embeddable":true,"href":"https:\/\/blogdofarnesio.com.br\/index.php?rest_route=%2Fwp%2Fv2%2Fcomments&post=156651"}],"version-history":[{"count":0,"href":"https:\/\/blogdofarnesio.com.br\/index.php?rest_route=\/wp\/v2\/posts\/156651\/revisions"}],"wp:featuredmedia":[{"embeddable":true,"href":"https:\/\/blogdofarnesio.com.br\/index.php?rest_route=\/wp\/v2\/media\/154080"}],"wp:attachment":[{"href":"https:\/\/blogdofarnesio.com.br\/index.php?rest_route=%2Fwp%2Fv2%2Fmedia&parent=156651"}],"wp:term":[{"taxonomy":"category","embeddable":true,"href":"https:\/\/blogdofarnesio.com.br\/index.php?rest_route=%2Fwp%2Fv2%2Fcategories&post=156651"},{"taxonomy":"post_tag","embeddable":true,"href":"https:\/\/blogdofarnesio.com.br\/index.php?rest_route=%2Fwp%2Fv2%2Ftags&post=156651"}],"curies":[{"name":"wp","href":"https:\/\/api.w.org\/{rel}","templated":true}]}}