{"id":156650,"date":"2017-02-03T10:20:05","date_gmt":"2017-02-03T13:20:05","guid":{"rendered":"http:\/\/quersaberpolitica.com.br\/2016\/?p=156650"},"modified":"2017-02-03T09:50:28","modified_gmt":"2017-02-03T12:50:28","slug":"correios-vao-reduzir-total-de-agencias","status":"publish","type":"post","link":"https:\/\/blogdofarnesio.com.br\/?p=156650","title":{"rendered":"CORREIOS V\u00c3O REDUZIR TOTAL DE AG\u00caNCIAS"},"content":{"rendered":"<p style=\"text-align: justify;\">Com quatro anos seguidos de preju\u00edzo, os Correios estudam fechar ag\u00eancias pr\u00f3prias em grandes centros urbanos de todos os Estados brasileiros. A fus\u00e3o de ag\u00eancias faz parte de um plano de economia que est\u00e1 sendo implementado pela dire\u00e7\u00e3o para tentar reverter a crise que a Empresa Brasileira dos Correios e Tel\u00e9grafos (ECT) enfrenta, mais de dez anos ap\u00f3s ser o palco inaugural do esc\u00e2ndalo do mensal\u00e3o.<\/p>\n<p style=\"text-align: justify;\">O n\u00famero ainda n\u00e3o est\u00e1 fechado, mas a estatal &#8211; que registrou em 2016 preju\u00edzo em torno de R$ 2 bilh\u00f5es, patamar semelhante ao de 2015 &#8211; vai fundir ag\u00eancias consideradas \u201csuperpostas\u201d, ou seja, muito pr\u00f3ximas. Um exemplo: na Esplanada dos Minist\u00e9rios, em Bras\u00edlia, num raio de 10 km, existem 20 ag\u00eancias pr\u00f3prias da empresa.<\/p>\n<p style=\"text-align: justify;\">\u201cO processo est\u00e1 sendo feito em conson\u00e2ncia com o Minist\u00e9rio das Comunica\u00e7\u00f5es, porque sabemos as reverbera\u00e7\u00f5es que a medida vai trazer\u201d, disse o presidente dos Correios, Guilherme Campos. Segundo ele, a estatal trabalha contra o tempo para colocar em pr\u00e1tica o processo de \u201cotimiza\u00e7\u00e3o e racionaliza\u00e7\u00e3o\u201d dos servi\u00e7os.<\/p>\n<p style=\"text-align: justify;\">Atualmente, os Correios contam com 6.511 ag\u00eancias pr\u00f3prias. Respons\u00e1vel pela condu\u00e7\u00e3o do estudo de fus\u00e3o das ag\u00eancias, o vice-presidente da rede de ag\u00eancia e varejo, Cristiano Morbach, adianta que o \u201cn\u00famero vai cair bastante\u201d. <strong>(Ag\u00eancia Estado)<\/strong><\/p>\n","protected":false},"excerpt":{"rendered":"<p>Com quatro anos seguidos de preju\u00edzo, os Correios estudam fechar ag\u00eancias pr\u00f3prias em grandes centros urbanos de todos os Estados brasileiros. A fus\u00e3o de ag\u00eancias faz parte de um plano de economia que est\u00e1 sendo implementado pela dire\u00e7\u00e3o para tentar reverter a crise que a Empresa Brasileira dos Correios e Tel\u00e9grafos (ECT) enfrenta, mais de dez anos ap\u00f3s ser o palco inaugural do esc\u00e2ndalo do mensal\u00e3o. O n\u00famero ainda n\u00e3o est\u00e1 fechado, mas a estatal &#8211; que registrou em 2016 preju\u00edzo em torno de R$ 2 bilh\u00f5es, patamar semelhante ao de 2015 &#8211; vai fundir ag\u00eancias consideradas \u201csuperpostas\u201d, ou seja, muito pr\u00f3ximas. Um exemplo: na Esplanada dos Minist\u00e9rios, em Bras\u00edlia, num raio de 10 km, existem 20 ag\u00eancias pr\u00f3prias da&hellip; <\/p>\n","protected":false},"author":1,"featured_media":154079,"comment_status":"open","ping_status":"open","sticky":false,"template":"","format":"standard","meta":{"_acf_changed":false,"footnotes":""},"categories":[44],"tags":[],"class_list":["post-156650","post","type-post","status-publish","format-standard","has-post-thumbnail","hentry","category-administracao"],"acf":[],"yoast_head":"<!-- This site is optimized with the Yoast SEO plugin v27.4 - https:\/\/yoast.com\/product\/yoast-seo-wordpress\/ -->\n<title>CORREIOS V\u00c3O REDUZIR TOTAL DE AG\u00caNCIAS - Blog do Farn\u00e9sio<\/title>\n<meta name=\"robots\" content=\"index, follow, max-snippet:-1, max-image-preview:large, max-video-preview:-1\" \/>\n<link rel=\"canonical\" href=\"https:\/\/blogdofarnesio.com.br\/?p=156650\" \/>\n<meta property=\"og:locale\" content=\"pt_BR\" \/>\n<meta property=\"og:type\" content=\"article\" \/>\n<meta property=\"og:title\" content=\"CORREIOS V\u00c3O REDUZIR TOTAL DE AG\u00caNCIAS - Blog do Farn\u00e9sio\" \/>\n<meta property=\"og:description\" content=\"Com quatro anos seguidos de preju\u00edzo, os Correios estudam fechar ag\u00eancias pr\u00f3prias em grandes centros urbanos de todos os Estados brasileiros. A fus\u00e3o de ag\u00eancias faz parte de um plano de economia que est\u00e1 sendo implementado pela dire\u00e7\u00e3o para tentar reverter a crise que a Empresa Brasileira dos Correios e Tel\u00e9grafos (ECT) enfrenta, mais de dez anos ap\u00f3s ser o palco inaugural do esc\u00e2ndalo do mensal\u00e3o. O n\u00famero ainda n\u00e3o est\u00e1 fechado, mas a estatal &#8211; que registrou em 2016 preju\u00edzo em torno de R$ 2 bilh\u00f5es, patamar semelhante ao de 2015 &#8211; vai fundir ag\u00eancias consideradas \u201csuperpostas\u201d, ou seja, muito pr\u00f3ximas. Um exemplo: na Esplanada dos Minist\u00e9rios, em Bras\u00edlia, num raio de 10 km, existem 20 ag\u00eancias pr\u00f3prias da&hellip;\" \/>\n<meta property=\"og:url\" content=\"https:\/\/blogdofarnesio.com.br\/?p=156650\" \/>\n<meta property=\"og:site_name\" content=\"Blog do Farn\u00e9sio\" \/>\n<meta property=\"article:publisher\" content=\"https:\/\/www.facebook.com\/BlogQuerSaberPolitica\/\" \/>\n<meta property=\"article:published_time\" content=\"2017-02-03T13:20:05+00:00\" \/>\n<meta property=\"og:image\" content=\"https:\/\/blogdofarnesio.com.br\/wp-content\/uploads\/2017\/02\/BLOGQSP-correios.jpg\" \/>\n\t<meta property=\"og:image:width\" content=\"700\" \/>\n\t<meta property=\"og:image:height\" content=\"525\" \/>\n\t<meta property=\"og:image:type\" content=\"image\/jpeg\" \/>\n<meta name=\"author\" content=\"Farn\u00e9sio\" \/>\n<meta name=\"twitter:card\" content=\"summary_large_image\" \/>\n<meta name=\"twitter:label1\" content=\"Escrito por\" \/>\n\t<meta name=\"twitter:data1\" content=\"Farn\u00e9sio\" \/>\n\t<meta name=\"twitter:label2\" content=\"Est. tempo de leitura\" \/>\n\t<meta name=\"twitter:data2\" content=\"1 minuto\" \/>\n<script type=\"application\/ld+json\" class=\"yoast-schema-graph\">{\"@context\":\"https:\\\/\\\/schema.org\",\"@graph\":[{\"@type\":\"Article\",\"@id\":\"https:\\\/\\\/blogdofarnesio.com.br\\\/?p=156650#article\",\"isPartOf\":{\"@id\":\"https:\\\/\\\/blogdofarnesio.com.br\\\/?p=156650\"},\"author\":{\"name\":\"Farn\u00e9sio\",\"@id\":\"https:\\\/\\\/blogdofarnesio.com.br\\\/#\\\/schema\\\/person\\\/301c4acf522bccbfdb45af95b5b906a1\"},\"headline\":\"CORREIOS V\u00c3O REDUZIR TOTAL DE AG\u00caNCIAS\",\"datePublished\":\"2017-02-03T13:20:05+00:00\",\"mainEntityOfPage\":{\"@id\":\"https:\\\/\\\/blogdofarnesio.com.br\\\/?p=156650\"},\"wordCount\":244,\"commentCount\":0,\"publisher\":{\"@id\":\"https:\\\/\\\/blogdofarnesio.com.br\\\/#organization\"},\"image\":{\"@id\":\"https:\\\/\\\/blogdofarnesio.com.br\\\/?p=156650#primaryimage\"},\"thumbnailUrl\":\"https:\\\/\\\/blogdofarnesio.com.br\\\/wp-content\\\/uploads\\\/2017\\\/02\\\/BLOGQSP-correios.jpg\",\"articleSection\":[\"Administra\u00e7\u00e3o\"],\"inLanguage\":\"pt-BR\",\"potentialAction\":[{\"@type\":\"CommentAction\",\"name\":\"Comment\",\"target\":[\"https:\\\/\\\/blogdofarnesio.com.br\\\/?p=156650#respond\"]}]},{\"@type\":\"WebPage\",\"@id\":\"https:\\\/\\\/blogdofarnesio.com.br\\\/?p=156650\",\"url\":\"https:\\\/\\\/blogdofarnesio.com.br\\\/?p=156650\",\"name\":\"CORREIOS V\u00c3O REDUZIR TOTAL DE AG\u00caNCIAS - Blog do Farn\u00e9sio\",\"isPartOf\":{\"@id\":\"https:\\\/\\\/blogdofarnesio.com.br\\\/#website\"},\"primaryImageOfPage\":{\"@id\":\"https:\\\/\\\/blogdofarnesio.com.br\\\/?p=156650#primaryimage\"},\"image\":{\"@id\":\"https:\\\/\\\/blogdofarnesio.com.br\\\/?p=156650#primaryimage\"},\"thumbnailUrl\":\"https:\\\/\\\/blogdofarnesio.com.br\\\/wp-content\\\/uploads\\\/2017\\\/02\\\/BLOGQSP-correios.jpg\",\"datePublished\":\"2017-02-03T13:20:05+00:00\",\"breadcrumb\":{\"@id\":\"https:\\\/\\\/blogdofarnesio.com.br\\\/?p=156650#breadcrumb\"},\"inLanguage\":\"pt-BR\",\"potentialAction\":[{\"@type\":\"ReadAction\",\"target\":[\"https:\\\/\\\/blogdofarnesio.com.br\\\/?p=156650\"]}]},{\"@type\":\"ImageObject\",\"inLanguage\":\"pt-BR\",\"@id\":\"https:\\\/\\\/blogdofarnesio.com.br\\\/?p=156650#primaryimage\",\"url\":\"https:\\\/\\\/blogdofarnesio.com.br\\\/wp-content\\\/uploads\\\/2017\\\/02\\\/BLOGQSP-correios.jpg\",\"contentUrl\":\"https:\\\/\\\/blogdofarnesio.com.br\\\/wp-content\\\/uploads\\\/2017\\\/02\\\/BLOGQSP-correios.jpg\",\"width\":700,\"height\":525},{\"@type\":\"BreadcrumbList\",\"@id\":\"https:\\\/\\\/blogdofarnesio.com.br\\\/?p=156650#breadcrumb\",\"itemListElement\":[{\"@type\":\"ListItem\",\"position\":1,\"name\":\"In\u00edcio\",\"item\":\"https:\\\/\\\/blogdofarnesio.com.br\\\/\"},{\"@type\":\"ListItem\",\"position\":2,\"name\":\"CORREIOS V\u00c3O REDUZIR TOTAL DE AG\u00caNCIAS\"}]},{\"@type\":\"WebSite\",\"@id\":\"https:\\\/\\\/blogdofarnesio.com.br\\\/#website\",\"url\":\"https:\\\/\\\/blogdofarnesio.com.br\\\/\",\"name\":\"Blog do Farn\u00e9sio\",\"description\":\"Quer Saber Pol\u00edtica?\",\"publisher\":{\"@id\":\"https:\\\/\\\/blogdofarnesio.com.br\\\/#organization\"},\"potentialAction\":[{\"@type\":\"SearchAction\",\"target\":{\"@type\":\"EntryPoint\",\"urlTemplate\":\"https:\\\/\\\/blogdofarnesio.com.br\\\/?s={search_term_string}\"},\"query-input\":{\"@type\":\"PropertyValueSpecification\",\"valueRequired\":true,\"valueName\":\"search_term_string\"}}],\"inLanguage\":\"pt-BR\"},{\"@type\":\"Organization\",\"@id\":\"https:\\\/\\\/blogdofarnesio.com.br\\\/#organization\",\"name\":\"Blog do Farn\u00e9sio\",\"url\":\"https:\\\/\\\/blogdofarnesio.com.br\\\/\",\"logo\":{\"@type\":\"ImageObject\",\"inLanguage\":\"pt-BR\",\"@id\":\"https:\\\/\\\/blogdofarnesio.com.br\\\/#\\\/schema\\\/logo\\\/image\\\/\",\"url\":\"https:\\\/\\\/blogdofarnesio.com.br\\\/wp-content\\\/uploads\\\/2026\\\/03\\\/cropped-logo_new-1.png\",\"contentUrl\":\"https:\\\/\\\/blogdofarnesio.com.br\\\/wp-content\\\/uploads\\\/2026\\\/03\\\/cropped-logo_new-1.png\",\"width\":881,\"height\":685,\"caption\":\"Blog do Farn\u00e9sio\"},\"image\":{\"@id\":\"https:\\\/\\\/blogdofarnesio.com.br\\\/#\\\/schema\\\/logo\\\/image\\\/\"},\"sameAs\":[\"https:\\\/\\\/www.facebook.com\\\/BlogQuerSaberPolitica\\\/\"]},{\"@type\":\"Person\",\"@id\":\"https:\\\/\\\/blogdofarnesio.com.br\\\/#\\\/schema\\\/person\\\/301c4acf522bccbfdb45af95b5b906a1\",\"name\":\"Farn\u00e9sio\",\"image\":{\"@type\":\"ImageObject\",\"inLanguage\":\"pt-BR\",\"@id\":\"https:\\\/\\\/secure.gravatar.com\\\/avatar\\\/df0c9a14567c056f8ad6876ba5bbd1e3e2c48023eb6807342fc4663adf549f38?s=96&d=mm&r=g\",\"url\":\"https:\\\/\\\/secure.gravatar.com\\\/avatar\\\/df0c9a14567c056f8ad6876ba5bbd1e3e2c48023eb6807342fc4663adf549f38?s=96&d=mm&r=g\",\"contentUrl\":\"https:\\\/\\\/secure.gravatar.com\\\/avatar\\\/df0c9a14567c056f8ad6876ba5bbd1e3e2c48023eb6807342fc4663adf549f38?s=96&d=mm&r=g\",\"caption\":\"Farn\u00e9sio\"},\"sameAs\":[\"https:\\\/\\\/quersaberpolitica.com.br\"],\"url\":\"https:\\\/\\\/blogdofarnesio.com.br\\\/?author=1\"}]}<\/script>\n<!-- \/ Yoast SEO plugin. -->","yoast_head_json":{"title":"CORREIOS V\u00c3O REDUZIR TOTAL DE AG\u00caNCIAS - Blog do Farn\u00e9sio","robots":{"index":"index","follow":"follow","max-snippet":"max-snippet:-1","max-image-preview":"max-image-preview:large","max-video-preview":"max-video-preview:-1"},"canonical":"https:\/\/blogdofarnesio.com.br\/?p=156650","og_locale":"pt_BR","og_type":"article","og_title":"CORREIOS V\u00c3O REDUZIR TOTAL DE AG\u00caNCIAS - Blog do Farn\u00e9sio","og_description":"Com quatro anos seguidos de preju\u00edzo, os Correios estudam fechar ag\u00eancias pr\u00f3prias em grandes centros urbanos de todos os Estados brasileiros. A fus\u00e3o de ag\u00eancias faz parte de um plano de economia que est\u00e1 sendo implementado pela dire\u00e7\u00e3o para tentar reverter a crise que a Empresa Brasileira dos Correios e Tel\u00e9grafos (ECT) enfrenta, mais de dez anos ap\u00f3s ser o palco inaugural do esc\u00e2ndalo do mensal\u00e3o. O n\u00famero ainda n\u00e3o est\u00e1 fechado, mas a estatal &#8211; que registrou em 2016 preju\u00edzo em torno de R$ 2 bilh\u00f5es, patamar semelhante ao de 2015 &#8211; vai fundir ag\u00eancias consideradas \u201csuperpostas\u201d, ou seja, muito pr\u00f3ximas. Um exemplo: na Esplanada dos Minist\u00e9rios, em Bras\u00edlia, num raio de 10 km, existem 20 ag\u00eancias pr\u00f3prias da&hellip;","og_url":"https:\/\/blogdofarnesio.com.br\/?p=156650","og_site_name":"Blog do Farn\u00e9sio","article_publisher":"https:\/\/www.facebook.com\/BlogQuerSaberPolitica\/","article_published_time":"2017-02-03T13:20:05+00:00","og_image":[{"width":700,"height":525,"url":"https:\/\/blogdofarnesio.com.br\/wp-content\/uploads\/2017\/02\/BLOGQSP-correios.jpg","type":"image\/jpeg"}],"author":"Farn\u00e9sio","twitter_card":"summary_large_image","twitter_misc":{"Escrito por":"Farn\u00e9sio","Est. tempo de leitura":"1 minuto"},"schema":{"@context":"https:\/\/schema.org","@graph":[{"@type":"Article","@id":"https:\/\/blogdofarnesio.com.br\/?p=156650#article","isPartOf":{"@id":"https:\/\/blogdofarnesio.com.br\/?p=156650"},"author":{"name":"Farn\u00e9sio","@id":"https:\/\/blogdofarnesio.com.br\/#\/schema\/person\/301c4acf522bccbfdb45af95b5b906a1"},"headline":"CORREIOS V\u00c3O REDUZIR TOTAL DE AG\u00caNCIAS","datePublished":"2017-02-03T13:20:05+00:00","mainEntityOfPage":{"@id":"https:\/\/blogdofarnesio.com.br\/?p=156650"},"wordCount":244,"commentCount":0,"publisher":{"@id":"https:\/\/blogdofarnesio.com.br\/#organization"},"image":{"@id":"https:\/\/blogdofarnesio.com.br\/?p=156650#primaryimage"},"thumbnailUrl":"https:\/\/blogdofarnesio.com.br\/wp-content\/uploads\/2017\/02\/BLOGQSP-correios.jpg","articleSection":["Administra\u00e7\u00e3o"],"inLanguage":"pt-BR","potentialAction":[{"@type":"CommentAction","name":"Comment","target":["https:\/\/blogdofarnesio.com.br\/?p=156650#respond"]}]},{"@type":"WebPage","@id":"https:\/\/blogdofarnesio.com.br\/?p=156650","url":"https:\/\/blogdofarnesio.com.br\/?p=156650","name":"CORREIOS V\u00c3O REDUZIR TOTAL DE AG\u00caNCIAS - Blog do Farn\u00e9sio","isPartOf":{"@id":"https:\/\/blogdofarnesio.com.br\/#website"},"primaryImageOfPage":{"@id":"https:\/\/blogdofarnesio.com.br\/?p=156650#primaryimage"},"image":{"@id":"https:\/\/blogdofarnesio.com.br\/?p=156650#primaryimage"},"thumbnailUrl":"https:\/\/blogdofarnesio.com.br\/wp-content\/uploads\/2017\/02\/BLOGQSP-correios.jpg","datePublished":"2017-02-03T13:20:05+00:00","breadcrumb":{"@id":"https:\/\/blogdofarnesio.com.br\/?p=156650#breadcrumb"},"inLanguage":"pt-BR","potentialAction":[{"@type":"ReadAction","target":["https:\/\/blogdofarnesio.com.br\/?p=156650"]}]},{"@type":"ImageObject","inLanguage":"pt-BR","@id":"https:\/\/blogdofarnesio.com.br\/?p=156650#primaryimage","url":"https:\/\/blogdofarnesio.com.br\/wp-content\/uploads\/2017\/02\/BLOGQSP-correios.jpg","contentUrl":"https:\/\/blogdofarnesio.com.br\/wp-content\/uploads\/2017\/02\/BLOGQSP-correios.jpg","width":700,"height":525},{"@type":"BreadcrumbList","@id":"https:\/\/blogdofarnesio.com.br\/?p=156650#breadcrumb","itemListElement":[{"@type":"ListItem","position":1,"name":"In\u00edcio","item":"https:\/\/blogdofarnesio.com.br\/"},{"@type":"ListItem","position":2,"name":"CORREIOS V\u00c3O REDUZIR TOTAL DE AG\u00caNCIAS"}]},{"@type":"WebSite","@id":"https:\/\/blogdofarnesio.com.br\/#website","url":"https:\/\/blogdofarnesio.com.br\/","name":"Blog do Farn\u00e9sio","description":"Quer Saber Pol\u00edtica?","publisher":{"@id":"https:\/\/blogdofarnesio.com.br\/#organization"},"potentialAction":[{"@type":"SearchAction","target":{"@type":"EntryPoint","urlTemplate":"https:\/\/blogdofarnesio.com.br\/?s={search_term_string}"},"query-input":{"@type":"PropertyValueSpecification","valueRequired":true,"valueName":"search_term_string"}}],"inLanguage":"pt-BR"},{"@type":"Organization","@id":"https:\/\/blogdofarnesio.com.br\/#organization","name":"Blog do Farn\u00e9sio","url":"https:\/\/blogdofarnesio.com.br\/","logo":{"@type":"ImageObject","inLanguage":"pt-BR","@id":"https:\/\/blogdofarnesio.com.br\/#\/schema\/logo\/image\/","url":"https:\/\/blogdofarnesio.com.br\/wp-content\/uploads\/2026\/03\/cropped-logo_new-1.png","contentUrl":"https:\/\/blogdofarnesio.com.br\/wp-content\/uploads\/2026\/03\/cropped-logo_new-1.png","width":881,"height":685,"caption":"Blog do Farn\u00e9sio"},"image":{"@id":"https:\/\/blogdofarnesio.com.br\/#\/schema\/logo\/image\/"},"sameAs":["https:\/\/www.facebook.com\/BlogQuerSaberPolitica\/"]},{"@type":"Person","@id":"https:\/\/blogdofarnesio.com.br\/#\/schema\/person\/301c4acf522bccbfdb45af95b5b906a1","name":"Farn\u00e9sio","image":{"@type":"ImageObject","inLanguage":"pt-BR","@id":"https:\/\/secure.gravatar.com\/avatar\/df0c9a14567c056f8ad6876ba5bbd1e3e2c48023eb6807342fc4663adf549f38?s=96&d=mm&r=g","url":"https:\/\/secure.gravatar.com\/avatar\/df0c9a14567c056f8ad6876ba5bbd1e3e2c48023eb6807342fc4663adf549f38?s=96&d=mm&r=g","contentUrl":"https:\/\/secure.gravatar.com\/avatar\/df0c9a14567c056f8ad6876ba5bbd1e3e2c48023eb6807342fc4663adf549f38?s=96&d=mm&r=g","caption":"Farn\u00e9sio"},"sameAs":["https:\/\/quersaberpolitica.com.br"],"url":"https:\/\/blogdofarnesio.com.br\/?author=1"}]}},"_links":{"self":[{"href":"https:\/\/blogdofarnesio.com.br\/index.php?rest_route=\/wp\/v2\/posts\/156650","targetHints":{"allow":["GET"]}}],"collection":[{"href":"https:\/\/blogdofarnesio.com.br\/index.php?rest_route=\/wp\/v2\/posts"}],"about":[{"href":"https:\/\/blogdofarnesio.com.br\/index.php?rest_route=\/wp\/v2\/types\/post"}],"author":[{"embeddable":true,"href":"https:\/\/blogdofarnesio.com.br\/index.php?rest_route=\/wp\/v2\/users\/1"}],"replies":[{"embeddable":true,"href":"https:\/\/blogdofarnesio.com.br\/index.php?rest_route=%2Fwp%2Fv2%2Fcomments&post=156650"}],"version-history":[{"count":0,"href":"https:\/\/blogdofarnesio.com.br\/index.php?rest_route=\/wp\/v2\/posts\/156650\/revisions"}],"wp:featuredmedia":[{"embeddable":true,"href":"https:\/\/blogdofarnesio.com.br\/index.php?rest_route=\/wp\/v2\/media\/154079"}],"wp:attachment":[{"href":"https:\/\/blogdofarnesio.com.br\/index.php?rest_route=%2Fwp%2Fv2%2Fmedia&parent=156650"}],"wp:term":[{"taxonomy":"category","embeddable":true,"href":"https:\/\/blogdofarnesio.com.br\/index.php?rest_route=%2Fwp%2Fv2%2Fcategories&post=156650"},{"taxonomy":"post_tag","embeddable":true,"href":"https:\/\/blogdofarnesio.com.br\/index.php?rest_route=%2Fwp%2Fv2%2Ftags&post=156650"}],"curies":[{"name":"wp","href":"https:\/\/api.w.org\/{rel}","templated":true}]}}