{"id":156582,"date":"2017-02-03T10:00:11","date_gmt":"2017-02-03T13:00:11","guid":{"rendered":"http:\/\/quersaberpolitica.com.br\/2016\/?p=156582"},"modified":"2017-02-03T09:28:24","modified_gmt":"2017-02-03T12:28:24","slug":"marisa-leticia-fara-exames-para-avaliar-morte-cerebral","status":"publish","type":"post","link":"https:\/\/blogdofarnesio.com.br\/?p=156582","title":{"rendered":"MARISA LET\u00cdCIA FAR\u00c1 EXAMES PARA AVALIAR MORTE CEREBRAL"},"content":{"rendered":"<p style=\"text-align: justify;\">A ex-primeira-dama Marisa Let\u00edcia Lula da Silva, de 66 anos, passar\u00e1 hoje (3) por um protocolo de avalia\u00e7\u00e3o de morte cerebral, informou a equipe do ex-presidente Luiz In\u00e1cio Lula da Silva, por meio do Facebook. Segundo o Hospital S\u00edrio Liban\u00eas, onde Marisa est\u00e1 internada, na capital paulista, o exame feito na manh\u00e3 de ontem (2) mostrou que a ex-primeira-dama n\u00e3o tinha mais fluxo sangu\u00edneo no c\u00e9rebro.<\/p>\n<p style=\"text-align: justify;\">De acordo com a mensagem postada na rede social, o primeiro exame do protocolo deve acontecer \u00e0s 12h e o segundo \u00e0s 18h de hoje. O objetivo \u00e9 comprovar a perda definitiva e irrevers\u00edvel das fun\u00e7\u00f5es cerebrais. Os procedimentos de doa\u00e7\u00e3o de \u00f3rg\u00e3os s\u00f3 podem come\u00e7ar ap\u00f3s a conclus\u00e3o do protocolo.<\/p>\n<p style=\"text-align: justify;\">Ontem, o presidente Michel Temer compareceu no hospital para prestar condol\u00eancias ao ex-presidente Lula. Antes de Temer, diversos pol\u00edticos estiveram no hospital para expressar pesar pela condi\u00e7\u00e3o de Marisa Let\u00edcia, como o ex-presidente Fernando Henrique Cardoso, os ex-ministros Aloizio Mercadante e Celso Amorim, e o senador Jorge Viana (PT-AC).<\/p>\n","protected":false},"excerpt":{"rendered":"<p>A ex-primeira-dama Marisa Let\u00edcia Lula da Silva, de 66 anos, passar\u00e1 hoje (3) por um protocolo de avalia\u00e7\u00e3o de morte cerebral, informou a equipe do ex-presidente Luiz In\u00e1cio Lula da Silva, por meio do Facebook. Segundo o Hospital S\u00edrio Liban\u00eas, onde Marisa est\u00e1 internada, na capital paulista, o exame feito na manh\u00e3 de ontem (2) mostrou que a ex-primeira-dama n\u00e3o tinha mais fluxo sangu\u00edneo no c\u00e9rebro. De acordo com a mensagem postada na rede social, o primeiro exame do protocolo deve acontecer \u00e0s 12h e o segundo \u00e0s 18h de hoje. O objetivo \u00e9 comprovar a perda definitiva e irrevers\u00edvel das fun\u00e7\u00f5es cerebrais. Os procedimentos de doa\u00e7\u00e3o de \u00f3rg\u00e3os s\u00f3 podem come\u00e7ar ap\u00f3s a conclus\u00e3o do protocolo. Ontem, o presidente&hellip; <\/p>\n","protected":false},"author":1,"featured_media":155133,"comment_status":"open","ping_status":"open","sticky":false,"template":"","format":"standard","meta":{"_acf_changed":false,"footnotes":""},"categories":[4],"tags":[],"class_list":["post-156582","post","type-post","status-publish","format-standard","has-post-thumbnail","hentry","category-saude"],"acf":[],"yoast_head":"<!-- This site is optimized with the Yoast SEO plugin v27.4 - https:\/\/yoast.com\/product\/yoast-seo-wordpress\/ -->\n<title>MARISA LET\u00cdCIA FAR\u00c1 EXAMES PARA AVALIAR MORTE CEREBRAL - Blog do Farn\u00e9sio<\/title>\n<meta name=\"robots\" content=\"index, follow, max-snippet:-1, max-image-preview:large, max-video-preview:-1\" \/>\n<link rel=\"canonical\" href=\"https:\/\/blogdofarnesio.com.br\/?p=156582\" \/>\n<meta property=\"og:locale\" content=\"pt_BR\" \/>\n<meta property=\"og:type\" content=\"article\" \/>\n<meta property=\"og:title\" content=\"MARISA LET\u00cdCIA FAR\u00c1 EXAMES PARA AVALIAR MORTE CEREBRAL - Blog do Farn\u00e9sio\" \/>\n<meta property=\"og:description\" content=\"A ex-primeira-dama Marisa Let\u00edcia Lula da Silva, de 66 anos, passar\u00e1 hoje (3) por um protocolo de avalia\u00e7\u00e3o de morte cerebral, informou a equipe do ex-presidente Luiz In\u00e1cio Lula da Silva, por meio do Facebook. Segundo o Hospital S\u00edrio Liban\u00eas, onde Marisa est\u00e1 internada, na capital paulista, o exame feito na manh\u00e3 de ontem (2) mostrou que a ex-primeira-dama n\u00e3o tinha mais fluxo sangu\u00edneo no c\u00e9rebro. De acordo com a mensagem postada na rede social, o primeiro exame do protocolo deve acontecer \u00e0s 12h e o segundo \u00e0s 18h de hoje. O objetivo \u00e9 comprovar a perda definitiva e irrevers\u00edvel das fun\u00e7\u00f5es cerebrais. Os procedimentos de doa\u00e7\u00e3o de \u00f3rg\u00e3os s\u00f3 podem come\u00e7ar ap\u00f3s a conclus\u00e3o do protocolo. Ontem, o presidente&hellip;\" \/>\n<meta property=\"og:url\" content=\"https:\/\/blogdofarnesio.com.br\/?p=156582\" \/>\n<meta property=\"og:site_name\" content=\"Blog do Farn\u00e9sio\" \/>\n<meta property=\"article:publisher\" content=\"https:\/\/www.facebook.com\/BlogQuerSaberPolitica\/\" \/>\n<meta property=\"article:published_time\" content=\"2017-02-03T13:00:11+00:00\" \/>\n<meta property=\"og:image\" content=\"https:\/\/blogdofarnesio.com.br\/wp-content\/uploads\/2017\/01\/blogqspmarisa-leticia-e-lula.jpg\" \/>\n\t<meta property=\"og:image:width\" content=\"615\" \/>\n\t<meta property=\"og:image:height\" content=\"300\" \/>\n\t<meta property=\"og:image:type\" content=\"image\/jpeg\" \/>\n<meta name=\"author\" content=\"Farn\u00e9sio\" \/>\n<meta name=\"twitter:card\" content=\"summary_large_image\" \/>\n<meta name=\"twitter:label1\" content=\"Escrito por\" \/>\n\t<meta name=\"twitter:data1\" content=\"Farn\u00e9sio\" \/>\n\t<meta name=\"twitter:label2\" content=\"Est. tempo de leitura\" \/>\n\t<meta name=\"twitter:data2\" content=\"1 minuto\" \/>\n<script type=\"application\/ld+json\" class=\"yoast-schema-graph\">{\"@context\":\"https:\\\/\\\/schema.org\",\"@graph\":[{\"@type\":\"Article\",\"@id\":\"https:\\\/\\\/blogdofarnesio.com.br\\\/?p=156582#article\",\"isPartOf\":{\"@id\":\"https:\\\/\\\/blogdofarnesio.com.br\\\/?p=156582\"},\"author\":{\"name\":\"Farn\u00e9sio\",\"@id\":\"https:\\\/\\\/blogdofarnesio.com.br\\\/#\\\/schema\\\/person\\\/301c4acf522bccbfdb45af95b5b906a1\"},\"headline\":\"MARISA LET\u00cdCIA FAR\u00c1 EXAMES PARA AVALIAR MORTE CEREBRAL\",\"datePublished\":\"2017-02-03T13:00:11+00:00\",\"mainEntityOfPage\":{\"@id\":\"https:\\\/\\\/blogdofarnesio.com.br\\\/?p=156582\"},\"wordCount\":190,\"commentCount\":0,\"publisher\":{\"@id\":\"https:\\\/\\\/blogdofarnesio.com.br\\\/#organization\"},\"image\":{\"@id\":\"https:\\\/\\\/blogdofarnesio.com.br\\\/?p=156582#primaryimage\"},\"thumbnailUrl\":\"https:\\\/\\\/blogdofarnesio.com.br\\\/wp-content\\\/uploads\\\/2017\\\/01\\\/blogqspmarisa-leticia-e-lula.jpg\",\"articleSection\":[\"Sa\u00fade\"],\"inLanguage\":\"pt-BR\",\"potentialAction\":[{\"@type\":\"CommentAction\",\"name\":\"Comment\",\"target\":[\"https:\\\/\\\/blogdofarnesio.com.br\\\/?p=156582#respond\"]}]},{\"@type\":\"WebPage\",\"@id\":\"https:\\\/\\\/blogdofarnesio.com.br\\\/?p=156582\",\"url\":\"https:\\\/\\\/blogdofarnesio.com.br\\\/?p=156582\",\"name\":\"MARISA LET\u00cdCIA FAR\u00c1 EXAMES PARA AVALIAR MORTE CEREBRAL - Blog do Farn\u00e9sio\",\"isPartOf\":{\"@id\":\"https:\\\/\\\/blogdofarnesio.com.br\\\/#website\"},\"primaryImageOfPage\":{\"@id\":\"https:\\\/\\\/blogdofarnesio.com.br\\\/?p=156582#primaryimage\"},\"image\":{\"@id\":\"https:\\\/\\\/blogdofarnesio.com.br\\\/?p=156582#primaryimage\"},\"thumbnailUrl\":\"https:\\\/\\\/blogdofarnesio.com.br\\\/wp-content\\\/uploads\\\/2017\\\/01\\\/blogqspmarisa-leticia-e-lula.jpg\",\"datePublished\":\"2017-02-03T13:00:11+00:00\",\"breadcrumb\":{\"@id\":\"https:\\\/\\\/blogdofarnesio.com.br\\\/?p=156582#breadcrumb\"},\"inLanguage\":\"pt-BR\",\"potentialAction\":[{\"@type\":\"ReadAction\",\"target\":[\"https:\\\/\\\/blogdofarnesio.com.br\\\/?p=156582\"]}]},{\"@type\":\"ImageObject\",\"inLanguage\":\"pt-BR\",\"@id\":\"https:\\\/\\\/blogdofarnesio.com.br\\\/?p=156582#primaryimage\",\"url\":\"https:\\\/\\\/blogdofarnesio.com.br\\\/wp-content\\\/uploads\\\/2017\\\/01\\\/blogqspmarisa-leticia-e-lula.jpg\",\"contentUrl\":\"https:\\\/\\\/blogdofarnesio.com.br\\\/wp-content\\\/uploads\\\/2017\\\/01\\\/blogqspmarisa-leticia-e-lula.jpg\",\"width\":615,\"height\":300},{\"@type\":\"BreadcrumbList\",\"@id\":\"https:\\\/\\\/blogdofarnesio.com.br\\\/?p=156582#breadcrumb\",\"itemListElement\":[{\"@type\":\"ListItem\",\"position\":1,\"name\":\"In\u00edcio\",\"item\":\"https:\\\/\\\/blogdofarnesio.com.br\\\/\"},{\"@type\":\"ListItem\",\"position\":2,\"name\":\"MARISA LET\u00cdCIA FAR\u00c1 EXAMES PARA AVALIAR MORTE CEREBRAL\"}]},{\"@type\":\"WebSite\",\"@id\":\"https:\\\/\\\/blogdofarnesio.com.br\\\/#website\",\"url\":\"https:\\\/\\\/blogdofarnesio.com.br\\\/\",\"name\":\"Blog do Farn\u00e9sio\",\"description\":\"Quer Saber Pol\u00edtica?\",\"publisher\":{\"@id\":\"https:\\\/\\\/blogdofarnesio.com.br\\\/#organization\"},\"potentialAction\":[{\"@type\":\"SearchAction\",\"target\":{\"@type\":\"EntryPoint\",\"urlTemplate\":\"https:\\\/\\\/blogdofarnesio.com.br\\\/?s={search_term_string}\"},\"query-input\":{\"@type\":\"PropertyValueSpecification\",\"valueRequired\":true,\"valueName\":\"search_term_string\"}}],\"inLanguage\":\"pt-BR\"},{\"@type\":\"Organization\",\"@id\":\"https:\\\/\\\/blogdofarnesio.com.br\\\/#organization\",\"name\":\"Blog do Farn\u00e9sio\",\"url\":\"https:\\\/\\\/blogdofarnesio.com.br\\\/\",\"logo\":{\"@type\":\"ImageObject\",\"inLanguage\":\"pt-BR\",\"@id\":\"https:\\\/\\\/blogdofarnesio.com.br\\\/#\\\/schema\\\/logo\\\/image\\\/\",\"url\":\"https:\\\/\\\/blogdofarnesio.com.br\\\/wp-content\\\/uploads\\\/2026\\\/03\\\/cropped-logo_new-1.png\",\"contentUrl\":\"https:\\\/\\\/blogdofarnesio.com.br\\\/wp-content\\\/uploads\\\/2026\\\/03\\\/cropped-logo_new-1.png\",\"width\":881,\"height\":685,\"caption\":\"Blog do Farn\u00e9sio\"},\"image\":{\"@id\":\"https:\\\/\\\/blogdofarnesio.com.br\\\/#\\\/schema\\\/logo\\\/image\\\/\"},\"sameAs\":[\"https:\\\/\\\/www.facebook.com\\\/BlogQuerSaberPolitica\\\/\"]},{\"@type\":\"Person\",\"@id\":\"https:\\\/\\\/blogdofarnesio.com.br\\\/#\\\/schema\\\/person\\\/301c4acf522bccbfdb45af95b5b906a1\",\"name\":\"Farn\u00e9sio\",\"image\":{\"@type\":\"ImageObject\",\"inLanguage\":\"pt-BR\",\"@id\":\"https:\\\/\\\/secure.gravatar.com\\\/avatar\\\/df0c9a14567c056f8ad6876ba5bbd1e3e2c48023eb6807342fc4663adf549f38?s=96&d=mm&r=g\",\"url\":\"https:\\\/\\\/secure.gravatar.com\\\/avatar\\\/df0c9a14567c056f8ad6876ba5bbd1e3e2c48023eb6807342fc4663adf549f38?s=96&d=mm&r=g\",\"contentUrl\":\"https:\\\/\\\/secure.gravatar.com\\\/avatar\\\/df0c9a14567c056f8ad6876ba5bbd1e3e2c48023eb6807342fc4663adf549f38?s=96&d=mm&r=g\",\"caption\":\"Farn\u00e9sio\"},\"sameAs\":[\"https:\\\/\\\/quersaberpolitica.com.br\"],\"url\":\"https:\\\/\\\/blogdofarnesio.com.br\\\/?author=1\"}]}<\/script>\n<!-- \/ Yoast SEO plugin. -->","yoast_head_json":{"title":"MARISA LET\u00cdCIA FAR\u00c1 EXAMES PARA AVALIAR MORTE CEREBRAL - Blog do Farn\u00e9sio","robots":{"index":"index","follow":"follow","max-snippet":"max-snippet:-1","max-image-preview":"max-image-preview:large","max-video-preview":"max-video-preview:-1"},"canonical":"https:\/\/blogdofarnesio.com.br\/?p=156582","og_locale":"pt_BR","og_type":"article","og_title":"MARISA LET\u00cdCIA FAR\u00c1 EXAMES PARA AVALIAR MORTE CEREBRAL - Blog do Farn\u00e9sio","og_description":"A ex-primeira-dama Marisa Let\u00edcia Lula da Silva, de 66 anos, passar\u00e1 hoje (3) por um protocolo de avalia\u00e7\u00e3o de morte cerebral, informou a equipe do ex-presidente Luiz In\u00e1cio Lula da Silva, por meio do Facebook. Segundo o Hospital S\u00edrio Liban\u00eas, onde Marisa est\u00e1 internada, na capital paulista, o exame feito na manh\u00e3 de ontem (2) mostrou que a ex-primeira-dama n\u00e3o tinha mais fluxo sangu\u00edneo no c\u00e9rebro. De acordo com a mensagem postada na rede social, o primeiro exame do protocolo deve acontecer \u00e0s 12h e o segundo \u00e0s 18h de hoje. O objetivo \u00e9 comprovar a perda definitiva e irrevers\u00edvel das fun\u00e7\u00f5es cerebrais. Os procedimentos de doa\u00e7\u00e3o de \u00f3rg\u00e3os s\u00f3 podem come\u00e7ar ap\u00f3s a conclus\u00e3o do protocolo. Ontem, o presidente&hellip;","og_url":"https:\/\/blogdofarnesio.com.br\/?p=156582","og_site_name":"Blog do Farn\u00e9sio","article_publisher":"https:\/\/www.facebook.com\/BlogQuerSaberPolitica\/","article_published_time":"2017-02-03T13:00:11+00:00","og_image":[{"width":615,"height":300,"url":"https:\/\/blogdofarnesio.com.br\/wp-content\/uploads\/2017\/01\/blogqspmarisa-leticia-e-lula.jpg","type":"image\/jpeg"}],"author":"Farn\u00e9sio","twitter_card":"summary_large_image","twitter_misc":{"Escrito por":"Farn\u00e9sio","Est. tempo de leitura":"1 minuto"},"schema":{"@context":"https:\/\/schema.org","@graph":[{"@type":"Article","@id":"https:\/\/blogdofarnesio.com.br\/?p=156582#article","isPartOf":{"@id":"https:\/\/blogdofarnesio.com.br\/?p=156582"},"author":{"name":"Farn\u00e9sio","@id":"https:\/\/blogdofarnesio.com.br\/#\/schema\/person\/301c4acf522bccbfdb45af95b5b906a1"},"headline":"MARISA LET\u00cdCIA FAR\u00c1 EXAMES PARA AVALIAR MORTE CEREBRAL","datePublished":"2017-02-03T13:00:11+00:00","mainEntityOfPage":{"@id":"https:\/\/blogdofarnesio.com.br\/?p=156582"},"wordCount":190,"commentCount":0,"publisher":{"@id":"https:\/\/blogdofarnesio.com.br\/#organization"},"image":{"@id":"https:\/\/blogdofarnesio.com.br\/?p=156582#primaryimage"},"thumbnailUrl":"https:\/\/blogdofarnesio.com.br\/wp-content\/uploads\/2017\/01\/blogqspmarisa-leticia-e-lula.jpg","articleSection":["Sa\u00fade"],"inLanguage":"pt-BR","potentialAction":[{"@type":"CommentAction","name":"Comment","target":["https:\/\/blogdofarnesio.com.br\/?p=156582#respond"]}]},{"@type":"WebPage","@id":"https:\/\/blogdofarnesio.com.br\/?p=156582","url":"https:\/\/blogdofarnesio.com.br\/?p=156582","name":"MARISA LET\u00cdCIA FAR\u00c1 EXAMES PARA AVALIAR MORTE CEREBRAL - Blog do Farn\u00e9sio","isPartOf":{"@id":"https:\/\/blogdofarnesio.com.br\/#website"},"primaryImageOfPage":{"@id":"https:\/\/blogdofarnesio.com.br\/?p=156582#primaryimage"},"image":{"@id":"https:\/\/blogdofarnesio.com.br\/?p=156582#primaryimage"},"thumbnailUrl":"https:\/\/blogdofarnesio.com.br\/wp-content\/uploads\/2017\/01\/blogqspmarisa-leticia-e-lula.jpg","datePublished":"2017-02-03T13:00:11+00:00","breadcrumb":{"@id":"https:\/\/blogdofarnesio.com.br\/?p=156582#breadcrumb"},"inLanguage":"pt-BR","potentialAction":[{"@type":"ReadAction","target":["https:\/\/blogdofarnesio.com.br\/?p=156582"]}]},{"@type":"ImageObject","inLanguage":"pt-BR","@id":"https:\/\/blogdofarnesio.com.br\/?p=156582#primaryimage","url":"https:\/\/blogdofarnesio.com.br\/wp-content\/uploads\/2017\/01\/blogqspmarisa-leticia-e-lula.jpg","contentUrl":"https:\/\/blogdofarnesio.com.br\/wp-content\/uploads\/2017\/01\/blogqspmarisa-leticia-e-lula.jpg","width":615,"height":300},{"@type":"BreadcrumbList","@id":"https:\/\/blogdofarnesio.com.br\/?p=156582#breadcrumb","itemListElement":[{"@type":"ListItem","position":1,"name":"In\u00edcio","item":"https:\/\/blogdofarnesio.com.br\/"},{"@type":"ListItem","position":2,"name":"MARISA LET\u00cdCIA FAR\u00c1 EXAMES PARA AVALIAR MORTE CEREBRAL"}]},{"@type":"WebSite","@id":"https:\/\/blogdofarnesio.com.br\/#website","url":"https:\/\/blogdofarnesio.com.br\/","name":"Blog do Farn\u00e9sio","description":"Quer Saber Pol\u00edtica?","publisher":{"@id":"https:\/\/blogdofarnesio.com.br\/#organization"},"potentialAction":[{"@type":"SearchAction","target":{"@type":"EntryPoint","urlTemplate":"https:\/\/blogdofarnesio.com.br\/?s={search_term_string}"},"query-input":{"@type":"PropertyValueSpecification","valueRequired":true,"valueName":"search_term_string"}}],"inLanguage":"pt-BR"},{"@type":"Organization","@id":"https:\/\/blogdofarnesio.com.br\/#organization","name":"Blog do Farn\u00e9sio","url":"https:\/\/blogdofarnesio.com.br\/","logo":{"@type":"ImageObject","inLanguage":"pt-BR","@id":"https:\/\/blogdofarnesio.com.br\/#\/schema\/logo\/image\/","url":"https:\/\/blogdofarnesio.com.br\/wp-content\/uploads\/2026\/03\/cropped-logo_new-1.png","contentUrl":"https:\/\/blogdofarnesio.com.br\/wp-content\/uploads\/2026\/03\/cropped-logo_new-1.png","width":881,"height":685,"caption":"Blog do Farn\u00e9sio"},"image":{"@id":"https:\/\/blogdofarnesio.com.br\/#\/schema\/logo\/image\/"},"sameAs":["https:\/\/www.facebook.com\/BlogQuerSaberPolitica\/"]},{"@type":"Person","@id":"https:\/\/blogdofarnesio.com.br\/#\/schema\/person\/301c4acf522bccbfdb45af95b5b906a1","name":"Farn\u00e9sio","image":{"@type":"ImageObject","inLanguage":"pt-BR","@id":"https:\/\/secure.gravatar.com\/avatar\/df0c9a14567c056f8ad6876ba5bbd1e3e2c48023eb6807342fc4663adf549f38?s=96&d=mm&r=g","url":"https:\/\/secure.gravatar.com\/avatar\/df0c9a14567c056f8ad6876ba5bbd1e3e2c48023eb6807342fc4663adf549f38?s=96&d=mm&r=g","contentUrl":"https:\/\/secure.gravatar.com\/avatar\/df0c9a14567c056f8ad6876ba5bbd1e3e2c48023eb6807342fc4663adf549f38?s=96&d=mm&r=g","caption":"Farn\u00e9sio"},"sameAs":["https:\/\/quersaberpolitica.com.br"],"url":"https:\/\/blogdofarnesio.com.br\/?author=1"}]}},"_links":{"self":[{"href":"https:\/\/blogdofarnesio.com.br\/index.php?rest_route=\/wp\/v2\/posts\/156582","targetHints":{"allow":["GET"]}}],"collection":[{"href":"https:\/\/blogdofarnesio.com.br\/index.php?rest_route=\/wp\/v2\/posts"}],"about":[{"href":"https:\/\/blogdofarnesio.com.br\/index.php?rest_route=\/wp\/v2\/types\/post"}],"author":[{"embeddable":true,"href":"https:\/\/blogdofarnesio.com.br\/index.php?rest_route=\/wp\/v2\/users\/1"}],"replies":[{"embeddable":true,"href":"https:\/\/blogdofarnesio.com.br\/index.php?rest_route=%2Fwp%2Fv2%2Fcomments&post=156582"}],"version-history":[{"count":0,"href":"https:\/\/blogdofarnesio.com.br\/index.php?rest_route=\/wp\/v2\/posts\/156582\/revisions"}],"wp:featuredmedia":[{"embeddable":true,"href":"https:\/\/blogdofarnesio.com.br\/index.php?rest_route=\/wp\/v2\/media\/155133"}],"wp:attachment":[{"href":"https:\/\/blogdofarnesio.com.br\/index.php?rest_route=%2Fwp%2Fv2%2Fmedia&parent=156582"}],"wp:term":[{"taxonomy":"category","embeddable":true,"href":"https:\/\/blogdofarnesio.com.br\/index.php?rest_route=%2Fwp%2Fv2%2Fcategories&post=156582"},{"taxonomy":"post_tag","embeddable":true,"href":"https:\/\/blogdofarnesio.com.br\/index.php?rest_route=%2Fwp%2Fv2%2Ftags&post=156582"}],"curies":[{"name":"wp","href":"https:\/\/api.w.org\/{rel}","templated":true}]}}