{"id":156081,"date":"2016-12-30T16:30:24","date_gmt":"2016-12-30T19:30:24","guid":{"rendered":"http:\/\/quersaberpolitica.com.br\/2016\/?p=156081"},"modified":"2017-01-01T22:35:53","modified_gmt":"2017-01-02T01:35:53","slug":"lava-jato-ja-gerou-120-condenacoes-e-mais-de-1-200-anos-de-pena-diz-balanco","status":"publish","type":"post","link":"https:\/\/blogdofarnesio.com.br\/?p=156081","title":{"rendered":"LAVA JATO J\u00c1 GEROU 120 CONDENA\u00c7\u00d5ES E MAIS DE 1.200 ANOS DE PENA, DIZ BALAN\u00c7O"},"content":{"rendered":"<div style=\"text-align: justify;\">O ano de 2016 foi o mais produtivo da Lava Jato, opera\u00e7\u00e3o que apura o esquema de desvio de recursos p\u00fablicos da Petrobras e outros \u00f3rg\u00e3os da administra\u00e7\u00e3o federal. A avalia\u00e7\u00e3o \u00e9 do Minist\u00e9rio P\u00fablico Federal do Paran\u00e1 (MPF-PR), respons\u00e1vel pela condu\u00e7\u00e3o da for\u00e7a tarefa desde 2014.<\/div>\n<div style=\"text-align: justify;\"><\/div>\n<div style=\"text-align: justify;\">Em balan\u00e7o divulgado na quinta-feira (29), a procuradoria paranaense relata que em 2016 foram deflagradas 17 opera\u00e7\u00f5es e oferecidas 20 den\u00fancias contra acusados pelos crimes de corrup\u00e7\u00e3o ativa e passiva, lavagem de dinheiros e organiza\u00e7\u00e3o criminosa. O n\u00famero supera as a\u00e7\u00f5es realizadas nos dois anos anteriores.<\/div>\n<div style=\"text-align: justify;\"><\/div>\n<div style=\"text-align: justify;\">Em 2016, tamb\u00e9m ocorreu a terceira restitui\u00e7\u00e3o de recursos aos cofres da Petrobras, por meio de acordos de dela\u00e7\u00e3o premiada e de leni\u00eancia. Em novembro, a empresa recebeu de volta mais de R$ 204 milh\u00f5es, o maior valor j\u00e1 devolvido pela justi\u00e7a criminal brasileira a uma v\u00edtima. Desde o in\u00edcio da opera\u00e7\u00e3o, aproximadamente R$ 500 milh\u00f5es foram devolvidos \u00e0 Petrobras.<\/div>\n<div style=\"text-align: justify;\"><\/div>\n<div style=\"text-align: justify;\">Segundo a nota, de 2014 at\u00e9 o momento foram cumpridos 103 mandados de pris\u00e3o tempor\u00e1ria, 79 de pris\u00f5es preventivas, 730 de busca e apreens\u00e3o, 197 de condu\u00e7\u00e3o coercitiva e seis pris\u00f5es em flagrante. A pris\u00e3o do ex-governador do Rio, S\u00e9rgio Cabral, em novembro, foi uma das a\u00e7\u00f5es desenvolvidas este ano pelo MPF-PR em parceria com a procuradoria fluminense.<\/div>\n<div style=\"text-align: justify;\"><\/div>\n<div style=\"text-align: justify;\">A investiga\u00e7\u00e3o da procuradoria paranaense aponta que o valor das propinas pagas no esquema superam R$ 6,4 bilh\u00f5es e o total de preju\u00edzos pode ultrapassar R$ 40 bilh\u00f5es. A revela\u00e7\u00e3o dos crimes j\u00e1 resultou em 120 condena\u00e7\u00f5es e mais de 1.200 anos de pena.<\/div>\n<div style=\"text-align: justify;\"><\/div>\n<div style=\"text-align: justify;\">O balan\u00e7o do MPF-PR tamb\u00e9m faz men\u00e7\u00e3o ao projeto de iniciativa popular conhecido como pacote anticorrup\u00e7\u00e3o, que, segundo a nota, foi desfigurado pela C\u00e2mara dos Deputados para inibir a atua\u00e7\u00e3o dos procuradores. Para a procuradoria, as altera\u00e7\u00f5es feitas foram \u201cclaramente retaliat\u00f3rias\u201d.<\/div>\n<div style=\"text-align: justify;\"><\/div>\n<div style=\"text-align: justify;\">O Minist\u00e9rio P\u00fablico Federal do Paran\u00e1 tamb\u00e9m critica a lei de abuso de autoridade e outras iniciativas apresentadas no Congresso, como as propostas de altera\u00e7\u00e3o na Lei de Repatria\u00e7\u00e3o de Recursos e na lei que trata dos acordos de leni\u00eancia. As mudan\u00e7as propostas pelos parlamentares teriam o intuito de abrir a possibilidade de impunidade e anistia para crimes graves de corrup\u00e7\u00e3o e lavagem de dinheiro.<\/div>\n<div style=\"text-align: justify;\"><\/div>\n<div style=\"text-align: justify;\">Os procuradores respons\u00e1veis pela for\u00e7a-tarefa afirmam ainda que \u00e9 a sociedade que proteger\u00e1 a Opera\u00e7\u00e3o Lava Jato das investidas do Legislativo e alertam para o impacto econ\u00f4mico da corrup\u00e7\u00e3o. \u201cApenas a sociedade poder\u00e1 levar o pa\u00eds na dire\u00e7\u00e3o certa, com reformas pol\u00edticas e do sistema de justi\u00e7a que previnam novos esc\u00e2ndalos de corrup\u00e7\u00e3o e nos coloquem nos trilhos do desenvolvimento econ\u00f4mico e social\u201d, diz Deltan Dallagnol, coordenador da for\u00e7a-tarefa.<\/div>\n<div style=\"text-align: justify;\"><\/div>\n<div style=\"text-align: justify;\">\u201cEstudos mundiais revelam que, se queremos uma economia forte, precisamos passar pela diminui\u00e7\u00e3o dos \u00edndices de corrup\u00e7\u00e3o. Dizer que o combate \u00e0 corrup\u00e7\u00e3o prejudica a economia n\u00e3o s\u00f3 ignora as reais causas da crise como tamb\u00e9m que o caminho para o desenvolvimento econ\u00f4mico e social passa pelo enfrentamento desse mal&#8221;, disse o procurador Orlando Martello.<\/div>\n","protected":false},"excerpt":{"rendered":"<p>O ano de 2016 foi o mais produtivo da Lava Jato, opera\u00e7\u00e3o que apura o esquema de desvio de recursos p\u00fablicos da Petrobras e outros \u00f3rg\u00e3os da administra\u00e7\u00e3o federal. A avalia\u00e7\u00e3o \u00e9 do Minist\u00e9rio P\u00fablico Federal do Paran\u00e1 (MPF-PR), respons\u00e1vel pela condu\u00e7\u00e3o da for\u00e7a tarefa desde 2014. Em balan\u00e7o divulgado na quinta-feira (29), a procuradoria paranaense relata que em 2016 foram deflagradas 17 opera\u00e7\u00f5es e oferecidas 20 den\u00fancias contra acusados pelos crimes de corrup\u00e7\u00e3o ativa e passiva, lavagem de dinheiros e organiza\u00e7\u00e3o criminosa. O n\u00famero supera as a\u00e7\u00f5es realizadas nos dois anos anteriores. Em 2016, tamb\u00e9m ocorreu a terceira restitui\u00e7\u00e3o de recursos aos cofres da Petrobras, por meio de acordos de dela\u00e7\u00e3o premiada e de leni\u00eancia. Em novembro, a empresa&hellip; <\/p>\n","protected":false},"author":1,"featured_media":153849,"comment_status":"open","ping_status":"open","sticky":false,"template":"","format":"standard","meta":{"_acf_changed":false,"footnotes":""},"categories":[9],"tags":[],"class_list":["post-156081","post","type-post","status-publish","format-standard","has-post-thumbnail","hentry","category-policia"],"acf":[],"yoast_head":"<!-- This site is optimized with the Yoast SEO plugin v27.4 - https:\/\/yoast.com\/product\/yoast-seo-wordpress\/ -->\n<title>LAVA JATO J\u00c1 GEROU 120 CONDENA\u00c7\u00d5ES E MAIS DE 1.200 ANOS DE PENA, DIZ BALAN\u00c7O - Blog do Farn\u00e9sio<\/title>\n<meta name=\"robots\" content=\"index, follow, max-snippet:-1, max-image-preview:large, max-video-preview:-1\" \/>\n<link rel=\"canonical\" href=\"https:\/\/blogdofarnesio.com.br\/?p=156081\" \/>\n<meta property=\"og:locale\" content=\"pt_BR\" \/>\n<meta property=\"og:type\" content=\"article\" \/>\n<meta property=\"og:title\" content=\"LAVA JATO J\u00c1 GEROU 120 CONDENA\u00c7\u00d5ES E MAIS DE 1.200 ANOS DE PENA, DIZ BALAN\u00c7O - Blog do Farn\u00e9sio\" \/>\n<meta property=\"og:description\" content=\"O ano de 2016 foi o mais produtivo da Lava Jato, opera\u00e7\u00e3o que apura o esquema de desvio de recursos p\u00fablicos da Petrobras e outros \u00f3rg\u00e3os da administra\u00e7\u00e3o federal. A avalia\u00e7\u00e3o \u00e9 do Minist\u00e9rio P\u00fablico Federal do Paran\u00e1 (MPF-PR), respons\u00e1vel pela condu\u00e7\u00e3o da for\u00e7a tarefa desde 2014. Em balan\u00e7o divulgado na quinta-feira (29), a procuradoria paranaense relata que em 2016 foram deflagradas 17 opera\u00e7\u00f5es e oferecidas 20 den\u00fancias contra acusados pelos crimes de corrup\u00e7\u00e3o ativa e passiva, lavagem de dinheiros e organiza\u00e7\u00e3o criminosa. O n\u00famero supera as a\u00e7\u00f5es realizadas nos dois anos anteriores. Em 2016, tamb\u00e9m ocorreu a terceira restitui\u00e7\u00e3o de recursos aos cofres da Petrobras, por meio de acordos de dela\u00e7\u00e3o premiada e de leni\u00eancia. Em novembro, a empresa&hellip;\" \/>\n<meta property=\"og:url\" content=\"https:\/\/blogdofarnesio.com.br\/?p=156081\" \/>\n<meta property=\"og:site_name\" content=\"Blog do Farn\u00e9sio\" \/>\n<meta property=\"article:publisher\" content=\"https:\/\/www.facebook.com\/BlogQuerSaberPolitica\/\" \/>\n<meta property=\"article:published_time\" content=\"2016-12-30T19:30:24+00:00\" \/>\n<meta property=\"article:modified_time\" content=\"2017-01-02T01:35:53+00:00\" \/>\n<meta property=\"og:image\" content=\"https:\/\/blogdofarnesio.com.br\/wp-content\/uploads\/2016\/12\/blogqsp-pf-1.jpg\" \/>\n\t<meta property=\"og:image:width\" content=\"800\" \/>\n\t<meta property=\"og:image:height\" content=\"532\" \/>\n\t<meta property=\"og:image:type\" content=\"image\/jpeg\" \/>\n<meta name=\"author\" content=\"Farn\u00e9sio\" \/>\n<meta name=\"twitter:card\" content=\"summary_large_image\" \/>\n<meta name=\"twitter:label1\" content=\"Escrito por\" \/>\n\t<meta name=\"twitter:data1\" content=\"Farn\u00e9sio\" \/>\n\t<meta name=\"twitter:label2\" content=\"Est. tempo de leitura\" \/>\n\t<meta name=\"twitter:data2\" content=\"3 minutos\" \/>\n<script type=\"application\/ld+json\" class=\"yoast-schema-graph\">{\"@context\":\"https:\\\/\\\/schema.org\",\"@graph\":[{\"@type\":\"Article\",\"@id\":\"https:\\\/\\\/blogdofarnesio.com.br\\\/?p=156081#article\",\"isPartOf\":{\"@id\":\"https:\\\/\\\/blogdofarnesio.com.br\\\/?p=156081\"},\"author\":{\"name\":\"Farn\u00e9sio\",\"@id\":\"https:\\\/\\\/blogdofarnesio.com.br\\\/#\\\/schema\\\/person\\\/301c4acf522bccbfdb45af95b5b906a1\"},\"headline\":\"LAVA JATO J\u00c1 GEROU 120 CONDENA\u00c7\u00d5ES E MAIS DE 1.200 ANOS DE PENA, DIZ BALAN\u00c7O\",\"datePublished\":\"2016-12-30T19:30:24+00:00\",\"dateModified\":\"2017-01-02T01:35:53+00:00\",\"mainEntityOfPage\":{\"@id\":\"https:\\\/\\\/blogdofarnesio.com.br\\\/?p=156081\"},\"wordCount\":555,\"commentCount\":0,\"publisher\":{\"@id\":\"https:\\\/\\\/blogdofarnesio.com.br\\\/#organization\"},\"image\":{\"@id\":\"https:\\\/\\\/blogdofarnesio.com.br\\\/?p=156081#primaryimage\"},\"thumbnailUrl\":\"https:\\\/\\\/blogdofarnesio.com.br\\\/wp-content\\\/uploads\\\/2016\\\/12\\\/blogqsp-pf-1.jpg\",\"articleSection\":[\"Pol\u00edcia\"],\"inLanguage\":\"pt-BR\",\"potentialAction\":[{\"@type\":\"CommentAction\",\"name\":\"Comment\",\"target\":[\"https:\\\/\\\/blogdofarnesio.com.br\\\/?p=156081#respond\"]}]},{\"@type\":\"WebPage\",\"@id\":\"https:\\\/\\\/blogdofarnesio.com.br\\\/?p=156081\",\"url\":\"https:\\\/\\\/blogdofarnesio.com.br\\\/?p=156081\",\"name\":\"LAVA JATO J\u00c1 GEROU 120 CONDENA\u00c7\u00d5ES E MAIS DE 1.200 ANOS DE PENA, DIZ BALAN\u00c7O - Blog do Farn\u00e9sio\",\"isPartOf\":{\"@id\":\"https:\\\/\\\/blogdofarnesio.com.br\\\/#website\"},\"primaryImageOfPage\":{\"@id\":\"https:\\\/\\\/blogdofarnesio.com.br\\\/?p=156081#primaryimage\"},\"image\":{\"@id\":\"https:\\\/\\\/blogdofarnesio.com.br\\\/?p=156081#primaryimage\"},\"thumbnailUrl\":\"https:\\\/\\\/blogdofarnesio.com.br\\\/wp-content\\\/uploads\\\/2016\\\/12\\\/blogqsp-pf-1.jpg\",\"datePublished\":\"2016-12-30T19:30:24+00:00\",\"dateModified\":\"2017-01-02T01:35:53+00:00\",\"breadcrumb\":{\"@id\":\"https:\\\/\\\/blogdofarnesio.com.br\\\/?p=156081#breadcrumb\"},\"inLanguage\":\"pt-BR\",\"potentialAction\":[{\"@type\":\"ReadAction\",\"target\":[\"https:\\\/\\\/blogdofarnesio.com.br\\\/?p=156081\"]}]},{\"@type\":\"ImageObject\",\"inLanguage\":\"pt-BR\",\"@id\":\"https:\\\/\\\/blogdofarnesio.com.br\\\/?p=156081#primaryimage\",\"url\":\"https:\\\/\\\/blogdofarnesio.com.br\\\/wp-content\\\/uploads\\\/2016\\\/12\\\/blogqsp-pf-1.jpg\",\"contentUrl\":\"https:\\\/\\\/blogdofarnesio.com.br\\\/wp-content\\\/uploads\\\/2016\\\/12\\\/blogqsp-pf-1.jpg\",\"width\":800,\"height\":532},{\"@type\":\"BreadcrumbList\",\"@id\":\"https:\\\/\\\/blogdofarnesio.com.br\\\/?p=156081#breadcrumb\",\"itemListElement\":[{\"@type\":\"ListItem\",\"position\":1,\"name\":\"In\u00edcio\",\"item\":\"https:\\\/\\\/blogdofarnesio.com.br\\\/\"},{\"@type\":\"ListItem\",\"position\":2,\"name\":\"LAVA JATO J\u00c1 GEROU 120 CONDENA\u00c7\u00d5ES E MAIS DE 1.200 ANOS DE PENA, DIZ BALAN\u00c7O\"}]},{\"@type\":\"WebSite\",\"@id\":\"https:\\\/\\\/blogdofarnesio.com.br\\\/#website\",\"url\":\"https:\\\/\\\/blogdofarnesio.com.br\\\/\",\"name\":\"Blog do Farn\u00e9sio\",\"description\":\"Quer Saber Pol\u00edtica?\",\"publisher\":{\"@id\":\"https:\\\/\\\/blogdofarnesio.com.br\\\/#organization\"},\"potentialAction\":[{\"@type\":\"SearchAction\",\"target\":{\"@type\":\"EntryPoint\",\"urlTemplate\":\"https:\\\/\\\/blogdofarnesio.com.br\\\/?s={search_term_string}\"},\"query-input\":{\"@type\":\"PropertyValueSpecification\",\"valueRequired\":true,\"valueName\":\"search_term_string\"}}],\"inLanguage\":\"pt-BR\"},{\"@type\":\"Organization\",\"@id\":\"https:\\\/\\\/blogdofarnesio.com.br\\\/#organization\",\"name\":\"Blog do Farn\u00e9sio\",\"url\":\"https:\\\/\\\/blogdofarnesio.com.br\\\/\",\"logo\":{\"@type\":\"ImageObject\",\"inLanguage\":\"pt-BR\",\"@id\":\"https:\\\/\\\/blogdofarnesio.com.br\\\/#\\\/schema\\\/logo\\\/image\\\/\",\"url\":\"https:\\\/\\\/blogdofarnesio.com.br\\\/wp-content\\\/uploads\\\/2026\\\/03\\\/cropped-logo_new-1.png\",\"contentUrl\":\"https:\\\/\\\/blogdofarnesio.com.br\\\/wp-content\\\/uploads\\\/2026\\\/03\\\/cropped-logo_new-1.png\",\"width\":881,\"height\":685,\"caption\":\"Blog do Farn\u00e9sio\"},\"image\":{\"@id\":\"https:\\\/\\\/blogdofarnesio.com.br\\\/#\\\/schema\\\/logo\\\/image\\\/\"},\"sameAs\":[\"https:\\\/\\\/www.facebook.com\\\/BlogQuerSaberPolitica\\\/\"]},{\"@type\":\"Person\",\"@id\":\"https:\\\/\\\/blogdofarnesio.com.br\\\/#\\\/schema\\\/person\\\/301c4acf522bccbfdb45af95b5b906a1\",\"name\":\"Farn\u00e9sio\",\"image\":{\"@type\":\"ImageObject\",\"inLanguage\":\"pt-BR\",\"@id\":\"https:\\\/\\\/secure.gravatar.com\\\/avatar\\\/df0c9a14567c056f8ad6876ba5bbd1e3e2c48023eb6807342fc4663adf549f38?s=96&d=mm&r=g\",\"url\":\"https:\\\/\\\/secure.gravatar.com\\\/avatar\\\/df0c9a14567c056f8ad6876ba5bbd1e3e2c48023eb6807342fc4663adf549f38?s=96&d=mm&r=g\",\"contentUrl\":\"https:\\\/\\\/secure.gravatar.com\\\/avatar\\\/df0c9a14567c056f8ad6876ba5bbd1e3e2c48023eb6807342fc4663adf549f38?s=96&d=mm&r=g\",\"caption\":\"Farn\u00e9sio\"},\"sameAs\":[\"https:\\\/\\\/quersaberpolitica.com.br\"],\"url\":\"https:\\\/\\\/blogdofarnesio.com.br\\\/?author=1\"}]}<\/script>\n<!-- \/ Yoast SEO plugin. -->","yoast_head_json":{"title":"LAVA JATO J\u00c1 GEROU 120 CONDENA\u00c7\u00d5ES E MAIS DE 1.200 ANOS DE PENA, DIZ BALAN\u00c7O - Blog do Farn\u00e9sio","robots":{"index":"index","follow":"follow","max-snippet":"max-snippet:-1","max-image-preview":"max-image-preview:large","max-video-preview":"max-video-preview:-1"},"canonical":"https:\/\/blogdofarnesio.com.br\/?p=156081","og_locale":"pt_BR","og_type":"article","og_title":"LAVA JATO J\u00c1 GEROU 120 CONDENA\u00c7\u00d5ES E MAIS DE 1.200 ANOS DE PENA, DIZ BALAN\u00c7O - Blog do Farn\u00e9sio","og_description":"O ano de 2016 foi o mais produtivo da Lava Jato, opera\u00e7\u00e3o que apura o esquema de desvio de recursos p\u00fablicos da Petrobras e outros \u00f3rg\u00e3os da administra\u00e7\u00e3o federal. A avalia\u00e7\u00e3o \u00e9 do Minist\u00e9rio P\u00fablico Federal do Paran\u00e1 (MPF-PR), respons\u00e1vel pela condu\u00e7\u00e3o da for\u00e7a tarefa desde 2014. Em balan\u00e7o divulgado na quinta-feira (29), a procuradoria paranaense relata que em 2016 foram deflagradas 17 opera\u00e7\u00f5es e oferecidas 20 den\u00fancias contra acusados pelos crimes de corrup\u00e7\u00e3o ativa e passiva, lavagem de dinheiros e organiza\u00e7\u00e3o criminosa. O n\u00famero supera as a\u00e7\u00f5es realizadas nos dois anos anteriores. Em 2016, tamb\u00e9m ocorreu a terceira restitui\u00e7\u00e3o de recursos aos cofres da Petrobras, por meio de acordos de dela\u00e7\u00e3o premiada e de leni\u00eancia. Em novembro, a empresa&hellip;","og_url":"https:\/\/blogdofarnesio.com.br\/?p=156081","og_site_name":"Blog do Farn\u00e9sio","article_publisher":"https:\/\/www.facebook.com\/BlogQuerSaberPolitica\/","article_published_time":"2016-12-30T19:30:24+00:00","article_modified_time":"2017-01-02T01:35:53+00:00","og_image":[{"width":800,"height":532,"url":"https:\/\/blogdofarnesio.com.br\/wp-content\/uploads\/2016\/12\/blogqsp-pf-1.jpg","type":"image\/jpeg"}],"author":"Farn\u00e9sio","twitter_card":"summary_large_image","twitter_misc":{"Escrito por":"Farn\u00e9sio","Est. tempo de leitura":"3 minutos"},"schema":{"@context":"https:\/\/schema.org","@graph":[{"@type":"Article","@id":"https:\/\/blogdofarnesio.com.br\/?p=156081#article","isPartOf":{"@id":"https:\/\/blogdofarnesio.com.br\/?p=156081"},"author":{"name":"Farn\u00e9sio","@id":"https:\/\/blogdofarnesio.com.br\/#\/schema\/person\/301c4acf522bccbfdb45af95b5b906a1"},"headline":"LAVA JATO J\u00c1 GEROU 120 CONDENA\u00c7\u00d5ES E MAIS DE 1.200 ANOS DE PENA, DIZ BALAN\u00c7O","datePublished":"2016-12-30T19:30:24+00:00","dateModified":"2017-01-02T01:35:53+00:00","mainEntityOfPage":{"@id":"https:\/\/blogdofarnesio.com.br\/?p=156081"},"wordCount":555,"commentCount":0,"publisher":{"@id":"https:\/\/blogdofarnesio.com.br\/#organization"},"image":{"@id":"https:\/\/blogdofarnesio.com.br\/?p=156081#primaryimage"},"thumbnailUrl":"https:\/\/blogdofarnesio.com.br\/wp-content\/uploads\/2016\/12\/blogqsp-pf-1.jpg","articleSection":["Pol\u00edcia"],"inLanguage":"pt-BR","potentialAction":[{"@type":"CommentAction","name":"Comment","target":["https:\/\/blogdofarnesio.com.br\/?p=156081#respond"]}]},{"@type":"WebPage","@id":"https:\/\/blogdofarnesio.com.br\/?p=156081","url":"https:\/\/blogdofarnesio.com.br\/?p=156081","name":"LAVA JATO J\u00c1 GEROU 120 CONDENA\u00c7\u00d5ES E MAIS DE 1.200 ANOS DE PENA, DIZ BALAN\u00c7O - Blog do Farn\u00e9sio","isPartOf":{"@id":"https:\/\/blogdofarnesio.com.br\/#website"},"primaryImageOfPage":{"@id":"https:\/\/blogdofarnesio.com.br\/?p=156081#primaryimage"},"image":{"@id":"https:\/\/blogdofarnesio.com.br\/?p=156081#primaryimage"},"thumbnailUrl":"https:\/\/blogdofarnesio.com.br\/wp-content\/uploads\/2016\/12\/blogqsp-pf-1.jpg","datePublished":"2016-12-30T19:30:24+00:00","dateModified":"2017-01-02T01:35:53+00:00","breadcrumb":{"@id":"https:\/\/blogdofarnesio.com.br\/?p=156081#breadcrumb"},"inLanguage":"pt-BR","potentialAction":[{"@type":"ReadAction","target":["https:\/\/blogdofarnesio.com.br\/?p=156081"]}]},{"@type":"ImageObject","inLanguage":"pt-BR","@id":"https:\/\/blogdofarnesio.com.br\/?p=156081#primaryimage","url":"https:\/\/blogdofarnesio.com.br\/wp-content\/uploads\/2016\/12\/blogqsp-pf-1.jpg","contentUrl":"https:\/\/blogdofarnesio.com.br\/wp-content\/uploads\/2016\/12\/blogqsp-pf-1.jpg","width":800,"height":532},{"@type":"BreadcrumbList","@id":"https:\/\/blogdofarnesio.com.br\/?p=156081#breadcrumb","itemListElement":[{"@type":"ListItem","position":1,"name":"In\u00edcio","item":"https:\/\/blogdofarnesio.com.br\/"},{"@type":"ListItem","position":2,"name":"LAVA JATO J\u00c1 GEROU 120 CONDENA\u00c7\u00d5ES E MAIS DE 1.200 ANOS DE PENA, DIZ BALAN\u00c7O"}]},{"@type":"WebSite","@id":"https:\/\/blogdofarnesio.com.br\/#website","url":"https:\/\/blogdofarnesio.com.br\/","name":"Blog do Farn\u00e9sio","description":"Quer Saber Pol\u00edtica?","publisher":{"@id":"https:\/\/blogdofarnesio.com.br\/#organization"},"potentialAction":[{"@type":"SearchAction","target":{"@type":"EntryPoint","urlTemplate":"https:\/\/blogdofarnesio.com.br\/?s={search_term_string}"},"query-input":{"@type":"PropertyValueSpecification","valueRequired":true,"valueName":"search_term_string"}}],"inLanguage":"pt-BR"},{"@type":"Organization","@id":"https:\/\/blogdofarnesio.com.br\/#organization","name":"Blog do Farn\u00e9sio","url":"https:\/\/blogdofarnesio.com.br\/","logo":{"@type":"ImageObject","inLanguage":"pt-BR","@id":"https:\/\/blogdofarnesio.com.br\/#\/schema\/logo\/image\/","url":"https:\/\/blogdofarnesio.com.br\/wp-content\/uploads\/2026\/03\/cropped-logo_new-1.png","contentUrl":"https:\/\/blogdofarnesio.com.br\/wp-content\/uploads\/2026\/03\/cropped-logo_new-1.png","width":881,"height":685,"caption":"Blog do Farn\u00e9sio"},"image":{"@id":"https:\/\/blogdofarnesio.com.br\/#\/schema\/logo\/image\/"},"sameAs":["https:\/\/www.facebook.com\/BlogQuerSaberPolitica\/"]},{"@type":"Person","@id":"https:\/\/blogdofarnesio.com.br\/#\/schema\/person\/301c4acf522bccbfdb45af95b5b906a1","name":"Farn\u00e9sio","image":{"@type":"ImageObject","inLanguage":"pt-BR","@id":"https:\/\/secure.gravatar.com\/avatar\/df0c9a14567c056f8ad6876ba5bbd1e3e2c48023eb6807342fc4663adf549f38?s=96&d=mm&r=g","url":"https:\/\/secure.gravatar.com\/avatar\/df0c9a14567c056f8ad6876ba5bbd1e3e2c48023eb6807342fc4663adf549f38?s=96&d=mm&r=g","contentUrl":"https:\/\/secure.gravatar.com\/avatar\/df0c9a14567c056f8ad6876ba5bbd1e3e2c48023eb6807342fc4663adf549f38?s=96&d=mm&r=g","caption":"Farn\u00e9sio"},"sameAs":["https:\/\/quersaberpolitica.com.br"],"url":"https:\/\/blogdofarnesio.com.br\/?author=1"}]}},"_links":{"self":[{"href":"https:\/\/blogdofarnesio.com.br\/index.php?rest_route=\/wp\/v2\/posts\/156081","targetHints":{"allow":["GET"]}}],"collection":[{"href":"https:\/\/blogdofarnesio.com.br\/index.php?rest_route=\/wp\/v2\/posts"}],"about":[{"href":"https:\/\/blogdofarnesio.com.br\/index.php?rest_route=\/wp\/v2\/types\/post"}],"author":[{"embeddable":true,"href":"https:\/\/blogdofarnesio.com.br\/index.php?rest_route=\/wp\/v2\/users\/1"}],"replies":[{"embeddable":true,"href":"https:\/\/blogdofarnesio.com.br\/index.php?rest_route=%2Fwp%2Fv2%2Fcomments&post=156081"}],"version-history":[{"count":0,"href":"https:\/\/blogdofarnesio.com.br\/index.php?rest_route=\/wp\/v2\/posts\/156081\/revisions"}],"wp:featuredmedia":[{"embeddable":true,"href":"https:\/\/blogdofarnesio.com.br\/index.php?rest_route=\/wp\/v2\/media\/153849"}],"wp:attachment":[{"href":"https:\/\/blogdofarnesio.com.br\/index.php?rest_route=%2Fwp%2Fv2%2Fmedia&parent=156081"}],"wp:term":[{"taxonomy":"category","embeddable":true,"href":"https:\/\/blogdofarnesio.com.br\/index.php?rest_route=%2Fwp%2Fv2%2Fcategories&post=156081"},{"taxonomy":"post_tag","embeddable":true,"href":"https:\/\/blogdofarnesio.com.br\/index.php?rest_route=%2Fwp%2Fv2%2Ftags&post=156081"}],"curies":[{"name":"wp","href":"https:\/\/api.w.org\/{rel}","templated":true}]}}