{"id":156057,"date":"2016-12-30T15:32:06","date_gmt":"2016-12-30T18:32:06","guid":{"rendered":"http:\/\/quersaberpolitica.com.br\/2016\/?p=156057"},"modified":"2016-12-30T15:32:06","modified_gmt":"2016-12-30T18:32:06","slug":"mulher-e-amante-tramaram-morte-de-embaixador-da-grecia","status":"publish","type":"post","link":"https:\/\/blogdofarnesio.com.br\/?p=156057","title":{"rendered":"MULHER E AMANTE TRAMARAM MORTE DE EMBAIXADOR DA GR\u00c9CIA"},"content":{"rendered":"<p style=\"text-align: justify;\">A Divis\u00e3o de Homic\u00eddios da Baixada Fluminense (DHBF) est\u00e1 pedindo, no plant\u00e3o judici\u00e1rio, a decreta\u00e7\u00e3o da pris\u00e3o preventiva de quatro suspeitos de terem tramado a morte do embaixador da Gr\u00e9cia no Brasil,Kyriakos Amiridis\u00a0de 59 anos, que estava desaparecido desde a \u00faltima segunda-feira. O corpo foi encontrado dentro de um carro carbonizado no Arco Metropolitano, em Nova Igua\u00e7u. Entre os envolvidos est\u00e3o a vi\u00fava do diplomata, Fran\u00e7oise Amiridis, e um policial militar que seria seu amante.<\/p>\n<p style=\"text-align: justify;\">O soldado S\u00e9rgio Gomes Moreira Filho, de 29 anos, lotado na UPP do Morro do Fallet, confessou o crime depois que os investigadores mostraram que tinham em m\u00e3os uma filmagem dele entrando e saindo da casa no grego, em Nova Igua\u00e7u, na noite do crime. Para os agentes, ele ainda n\u00e3o contou toda a verdade, mas admitiu participa\u00e7\u00e3o no assassinato. Assim que a pris\u00e3o for decretada, a Pol\u00edcia Civil dar\u00e1 uma entrevista coletiva para dar mais detalhes do caso.<\/p>\n<p style=\"text-align: justify;\">O site de VEJA apurou, no entanto, que a trama para matar o embaixador grego come\u00e7ou a partir do dia 22, quando ele e a mulher tiveram uma briga dentro de casa. Ela teria sido agredida e decidido se vingar. \u201cA partir da\u00ed ela contou para o PM, que era amante dela, e eles tramaram o crime\u201d, explica um investigador.<\/p>\n<p style=\"text-align: justify;\">Em depoimento prestado na tarde desta quinta-feira, a mulher do embaixador contou que o marido estava em casa e decidiu sair sem dizer para onde ia na \u00faltima segunda-feira. O casal morava em Bras\u00edlia e estava passando f\u00e9rias em Nova Igua\u00e7u. C\u00f4nsul-geral da Gr\u00e9cia no Rio de 2001 a 2004, Amiridis assumiu o posto de embaixador da Gr\u00e9cia no Brasil h\u00e1 um ano.<\/p>\n<div class=\"widget-news widget-box no-margin no-border\" style=\"text-align: justify;\"><span class=\"widget-news-title content-box-title\">Veja\u00a0online\u00a0<\/span><\/div>\n","protected":false},"excerpt":{"rendered":"<p>A Divis\u00e3o de Homic\u00eddios da Baixada Fluminense (DHBF) est\u00e1 pedindo, no plant\u00e3o judici\u00e1rio, a decreta\u00e7\u00e3o da pris\u00e3o preventiva de quatro suspeitos de terem tramado a morte do embaixador da Gr\u00e9cia no Brasil,Kyriakos Amiridis\u00a0de 59 anos, que estava desaparecido desde a \u00faltima segunda-feira. O corpo foi encontrado dentro de um carro carbonizado no Arco Metropolitano, em Nova Igua\u00e7u. Entre os envolvidos est\u00e3o a vi\u00fava do diplomata, Fran\u00e7oise Amiridis, e um policial militar que seria seu amante. O soldado S\u00e9rgio Gomes Moreira Filho, de 29 anos, lotado na UPP do Morro do Fallet, confessou o crime depois que os investigadores mostraram que tinham em m\u00e3os uma filmagem dele entrando e saindo da casa no grego, em Nova Igua\u00e7u, na noite do crime.&hellip; <\/p>\n","protected":false},"author":1,"featured_media":153844,"comment_status":"open","ping_status":"open","sticky":false,"template":"","format":"standard","meta":{"_acf_changed":false,"footnotes":""},"categories":[44],"tags":[],"class_list":["post-156057","post","type-post","status-publish","format-standard","has-post-thumbnail","hentry","category-administracao"],"acf":[],"yoast_head":"<!-- This site is optimized with the Yoast SEO plugin v27.4 - https:\/\/yoast.com\/product\/yoast-seo-wordpress\/ -->\n<title>MULHER E AMANTE TRAMARAM MORTE DE EMBAIXADOR DA GR\u00c9CIA - Blog do Farn\u00e9sio<\/title>\n<meta name=\"robots\" content=\"index, follow, max-snippet:-1, max-image-preview:large, max-video-preview:-1\" \/>\n<link rel=\"canonical\" href=\"https:\/\/blogdofarnesio.com.br\/?p=156057\" \/>\n<meta property=\"og:locale\" content=\"pt_BR\" \/>\n<meta property=\"og:type\" content=\"article\" \/>\n<meta property=\"og:title\" content=\"MULHER E AMANTE TRAMARAM MORTE DE EMBAIXADOR DA GR\u00c9CIA - Blog do Farn\u00e9sio\" \/>\n<meta property=\"og:description\" content=\"A Divis\u00e3o de Homic\u00eddios da Baixada Fluminense (DHBF) est\u00e1 pedindo, no plant\u00e3o judici\u00e1rio, a decreta\u00e7\u00e3o da pris\u00e3o preventiva de quatro suspeitos de terem tramado a morte do embaixador da Gr\u00e9cia no Brasil,Kyriakos Amiridis\u00a0de 59 anos, que estava desaparecido desde a \u00faltima segunda-feira. O corpo foi encontrado dentro de um carro carbonizado no Arco Metropolitano, em Nova Igua\u00e7u. Entre os envolvidos est\u00e3o a vi\u00fava do diplomata, Fran\u00e7oise Amiridis, e um policial militar que seria seu amante. O soldado S\u00e9rgio Gomes Moreira Filho, de 29 anos, lotado na UPP do Morro do Fallet, confessou o crime depois que os investigadores mostraram que tinham em m\u00e3os uma filmagem dele entrando e saindo da casa no grego, em Nova Igua\u00e7u, na noite do crime.&hellip;\" \/>\n<meta property=\"og:url\" content=\"https:\/\/blogdofarnesio.com.br\/?p=156057\" \/>\n<meta property=\"og:site_name\" content=\"Blog do Farn\u00e9sio\" \/>\n<meta property=\"article:publisher\" content=\"https:\/\/www.facebook.com\/BlogQuerSaberPolitica\/\" \/>\n<meta property=\"article:published_time\" content=\"2016-12-30T18:32:06+00:00\" \/>\n<meta property=\"og:image\" content=\"https:\/\/blogdofarnesio.com.br\/wp-content\/uploads\/2016\/12\/blogqsp-Kyriakos-Amiridis.jpeg\" \/>\n\t<meta property=\"og:image:width\" content=\"750\" \/>\n\t<meta property=\"og:image:height\" content=\"422\" \/>\n\t<meta property=\"og:image:type\" content=\"image\/jpeg\" \/>\n<meta name=\"author\" content=\"Farn\u00e9sio\" \/>\n<meta name=\"twitter:card\" content=\"summary_large_image\" \/>\n<meta name=\"twitter:label1\" content=\"Escrito por\" \/>\n\t<meta name=\"twitter:data1\" content=\"Farn\u00e9sio\" \/>\n\t<meta name=\"twitter:label2\" content=\"Est. tempo de leitura\" \/>\n\t<meta name=\"twitter:data2\" content=\"2 minutos\" \/>\n<script type=\"application\/ld+json\" class=\"yoast-schema-graph\">{\"@context\":\"https:\\\/\\\/schema.org\",\"@graph\":[{\"@type\":\"Article\",\"@id\":\"https:\\\/\\\/blogdofarnesio.com.br\\\/?p=156057#article\",\"isPartOf\":{\"@id\":\"https:\\\/\\\/blogdofarnesio.com.br\\\/?p=156057\"},\"author\":{\"name\":\"Farn\u00e9sio\",\"@id\":\"https:\\\/\\\/blogdofarnesio.com.br\\\/#\\\/schema\\\/person\\\/301c4acf522bccbfdb45af95b5b906a1\"},\"headline\":\"MULHER E AMANTE TRAMARAM MORTE DE EMBAIXADOR DA GR\u00c9CIA\",\"datePublished\":\"2016-12-30T18:32:06+00:00\",\"mainEntityOfPage\":{\"@id\":\"https:\\\/\\\/blogdofarnesio.com.br\\\/?p=156057\"},\"wordCount\":311,\"commentCount\":0,\"publisher\":{\"@id\":\"https:\\\/\\\/blogdofarnesio.com.br\\\/#organization\"},\"image\":{\"@id\":\"https:\\\/\\\/blogdofarnesio.com.br\\\/?p=156057#primaryimage\"},\"thumbnailUrl\":\"https:\\\/\\\/blogdofarnesio.com.br\\\/wp-content\\\/uploads\\\/2016\\\/12\\\/blogqsp-Kyriakos-Amiridis.jpeg\",\"articleSection\":[\"Administra\u00e7\u00e3o\"],\"inLanguage\":\"pt-BR\",\"potentialAction\":[{\"@type\":\"CommentAction\",\"name\":\"Comment\",\"target\":[\"https:\\\/\\\/blogdofarnesio.com.br\\\/?p=156057#respond\"]}]},{\"@type\":\"WebPage\",\"@id\":\"https:\\\/\\\/blogdofarnesio.com.br\\\/?p=156057\",\"url\":\"https:\\\/\\\/blogdofarnesio.com.br\\\/?p=156057\",\"name\":\"MULHER E AMANTE TRAMARAM MORTE DE EMBAIXADOR DA GR\u00c9CIA - Blog do Farn\u00e9sio\",\"isPartOf\":{\"@id\":\"https:\\\/\\\/blogdofarnesio.com.br\\\/#website\"},\"primaryImageOfPage\":{\"@id\":\"https:\\\/\\\/blogdofarnesio.com.br\\\/?p=156057#primaryimage\"},\"image\":{\"@id\":\"https:\\\/\\\/blogdofarnesio.com.br\\\/?p=156057#primaryimage\"},\"thumbnailUrl\":\"https:\\\/\\\/blogdofarnesio.com.br\\\/wp-content\\\/uploads\\\/2016\\\/12\\\/blogqsp-Kyriakos-Amiridis.jpeg\",\"datePublished\":\"2016-12-30T18:32:06+00:00\",\"breadcrumb\":{\"@id\":\"https:\\\/\\\/blogdofarnesio.com.br\\\/?p=156057#breadcrumb\"},\"inLanguage\":\"pt-BR\",\"potentialAction\":[{\"@type\":\"ReadAction\",\"target\":[\"https:\\\/\\\/blogdofarnesio.com.br\\\/?p=156057\"]}]},{\"@type\":\"ImageObject\",\"inLanguage\":\"pt-BR\",\"@id\":\"https:\\\/\\\/blogdofarnesio.com.br\\\/?p=156057#primaryimage\",\"url\":\"https:\\\/\\\/blogdofarnesio.com.br\\\/wp-content\\\/uploads\\\/2016\\\/12\\\/blogqsp-Kyriakos-Amiridis.jpeg\",\"contentUrl\":\"https:\\\/\\\/blogdofarnesio.com.br\\\/wp-content\\\/uploads\\\/2016\\\/12\\\/blogqsp-Kyriakos-Amiridis.jpeg\",\"width\":750,\"height\":422,\"caption\":\"BRAS\u00cdLIA, DF - 25.05.2016: TEMER-DF - (e\\\/d) Serra, Temer e o embaixador da Gr\u00e9cia Kyriakos Amiridi - O presidente interino Michel Temer e o ministro das Rela\u00e7\u00f5es Exteriores, Jos\u00e9 Serra, durante cerim\u00f4nia de apresenta\u00e7\u00e3o de credenciais de embaixadores, no Pal\u00e1cio do Planalto, na manh\u00e3 desta quarta-feira.(Foto: Pedro Ladeira\\\/Folhapress)\"},{\"@type\":\"BreadcrumbList\",\"@id\":\"https:\\\/\\\/blogdofarnesio.com.br\\\/?p=156057#breadcrumb\",\"itemListElement\":[{\"@type\":\"ListItem\",\"position\":1,\"name\":\"In\u00edcio\",\"item\":\"https:\\\/\\\/blogdofarnesio.com.br\\\/\"},{\"@type\":\"ListItem\",\"position\":2,\"name\":\"MULHER E AMANTE TRAMARAM MORTE DE EMBAIXADOR DA GR\u00c9CIA\"}]},{\"@type\":\"WebSite\",\"@id\":\"https:\\\/\\\/blogdofarnesio.com.br\\\/#website\",\"url\":\"https:\\\/\\\/blogdofarnesio.com.br\\\/\",\"name\":\"Blog do Farn\u00e9sio\",\"description\":\"Quer Saber Pol\u00edtica?\",\"publisher\":{\"@id\":\"https:\\\/\\\/blogdofarnesio.com.br\\\/#organization\"},\"potentialAction\":[{\"@type\":\"SearchAction\",\"target\":{\"@type\":\"EntryPoint\",\"urlTemplate\":\"https:\\\/\\\/blogdofarnesio.com.br\\\/?s={search_term_string}\"},\"query-input\":{\"@type\":\"PropertyValueSpecification\",\"valueRequired\":true,\"valueName\":\"search_term_string\"}}],\"inLanguage\":\"pt-BR\"},{\"@type\":\"Organization\",\"@id\":\"https:\\\/\\\/blogdofarnesio.com.br\\\/#organization\",\"name\":\"Blog do Farn\u00e9sio\",\"url\":\"https:\\\/\\\/blogdofarnesio.com.br\\\/\",\"logo\":{\"@type\":\"ImageObject\",\"inLanguage\":\"pt-BR\",\"@id\":\"https:\\\/\\\/blogdofarnesio.com.br\\\/#\\\/schema\\\/logo\\\/image\\\/\",\"url\":\"https:\\\/\\\/blogdofarnesio.com.br\\\/wp-content\\\/uploads\\\/2026\\\/03\\\/cropped-logo_new-1.png\",\"contentUrl\":\"https:\\\/\\\/blogdofarnesio.com.br\\\/wp-content\\\/uploads\\\/2026\\\/03\\\/cropped-logo_new-1.png\",\"width\":881,\"height\":685,\"caption\":\"Blog do Farn\u00e9sio\"},\"image\":{\"@id\":\"https:\\\/\\\/blogdofarnesio.com.br\\\/#\\\/schema\\\/logo\\\/image\\\/\"},\"sameAs\":[\"https:\\\/\\\/www.facebook.com\\\/BlogQuerSaberPolitica\\\/\"]},{\"@type\":\"Person\",\"@id\":\"https:\\\/\\\/blogdofarnesio.com.br\\\/#\\\/schema\\\/person\\\/301c4acf522bccbfdb45af95b5b906a1\",\"name\":\"Farn\u00e9sio\",\"image\":{\"@type\":\"ImageObject\",\"inLanguage\":\"pt-BR\",\"@id\":\"https:\\\/\\\/secure.gravatar.com\\\/avatar\\\/df0c9a14567c056f8ad6876ba5bbd1e3e2c48023eb6807342fc4663adf549f38?s=96&d=mm&r=g\",\"url\":\"https:\\\/\\\/secure.gravatar.com\\\/avatar\\\/df0c9a14567c056f8ad6876ba5bbd1e3e2c48023eb6807342fc4663adf549f38?s=96&d=mm&r=g\",\"contentUrl\":\"https:\\\/\\\/secure.gravatar.com\\\/avatar\\\/df0c9a14567c056f8ad6876ba5bbd1e3e2c48023eb6807342fc4663adf549f38?s=96&d=mm&r=g\",\"caption\":\"Farn\u00e9sio\"},\"sameAs\":[\"https:\\\/\\\/quersaberpolitica.com.br\"],\"url\":\"https:\\\/\\\/blogdofarnesio.com.br\\\/?author=1\"}]}<\/script>\n<!-- \/ Yoast SEO plugin. -->","yoast_head_json":{"title":"MULHER E AMANTE TRAMARAM MORTE DE EMBAIXADOR DA GR\u00c9CIA - Blog do Farn\u00e9sio","robots":{"index":"index","follow":"follow","max-snippet":"max-snippet:-1","max-image-preview":"max-image-preview:large","max-video-preview":"max-video-preview:-1"},"canonical":"https:\/\/blogdofarnesio.com.br\/?p=156057","og_locale":"pt_BR","og_type":"article","og_title":"MULHER E AMANTE TRAMARAM MORTE DE EMBAIXADOR DA GR\u00c9CIA - Blog do Farn\u00e9sio","og_description":"A Divis\u00e3o de Homic\u00eddios da Baixada Fluminense (DHBF) est\u00e1 pedindo, no plant\u00e3o judici\u00e1rio, a decreta\u00e7\u00e3o da pris\u00e3o preventiva de quatro suspeitos de terem tramado a morte do embaixador da Gr\u00e9cia no Brasil,Kyriakos Amiridis\u00a0de 59 anos, que estava desaparecido desde a \u00faltima segunda-feira. O corpo foi encontrado dentro de um carro carbonizado no Arco Metropolitano, em Nova Igua\u00e7u. Entre os envolvidos est\u00e3o a vi\u00fava do diplomata, Fran\u00e7oise Amiridis, e um policial militar que seria seu amante. O soldado S\u00e9rgio Gomes Moreira Filho, de 29 anos, lotado na UPP do Morro do Fallet, confessou o crime depois que os investigadores mostraram que tinham em m\u00e3os uma filmagem dele entrando e saindo da casa no grego, em Nova Igua\u00e7u, na noite do crime.&hellip;","og_url":"https:\/\/blogdofarnesio.com.br\/?p=156057","og_site_name":"Blog do Farn\u00e9sio","article_publisher":"https:\/\/www.facebook.com\/BlogQuerSaberPolitica\/","article_published_time":"2016-12-30T18:32:06+00:00","og_image":[{"width":750,"height":422,"url":"https:\/\/blogdofarnesio.com.br\/wp-content\/uploads\/2016\/12\/blogqsp-Kyriakos-Amiridis.jpeg","type":"image\/jpeg"}],"author":"Farn\u00e9sio","twitter_card":"summary_large_image","twitter_misc":{"Escrito por":"Farn\u00e9sio","Est. tempo de leitura":"2 minutos"},"schema":{"@context":"https:\/\/schema.org","@graph":[{"@type":"Article","@id":"https:\/\/blogdofarnesio.com.br\/?p=156057#article","isPartOf":{"@id":"https:\/\/blogdofarnesio.com.br\/?p=156057"},"author":{"name":"Farn\u00e9sio","@id":"https:\/\/blogdofarnesio.com.br\/#\/schema\/person\/301c4acf522bccbfdb45af95b5b906a1"},"headline":"MULHER E AMANTE TRAMARAM MORTE DE EMBAIXADOR DA GR\u00c9CIA","datePublished":"2016-12-30T18:32:06+00:00","mainEntityOfPage":{"@id":"https:\/\/blogdofarnesio.com.br\/?p=156057"},"wordCount":311,"commentCount":0,"publisher":{"@id":"https:\/\/blogdofarnesio.com.br\/#organization"},"image":{"@id":"https:\/\/blogdofarnesio.com.br\/?p=156057#primaryimage"},"thumbnailUrl":"https:\/\/blogdofarnesio.com.br\/wp-content\/uploads\/2016\/12\/blogqsp-Kyriakos-Amiridis.jpeg","articleSection":["Administra\u00e7\u00e3o"],"inLanguage":"pt-BR","potentialAction":[{"@type":"CommentAction","name":"Comment","target":["https:\/\/blogdofarnesio.com.br\/?p=156057#respond"]}]},{"@type":"WebPage","@id":"https:\/\/blogdofarnesio.com.br\/?p=156057","url":"https:\/\/blogdofarnesio.com.br\/?p=156057","name":"MULHER E AMANTE TRAMARAM MORTE DE EMBAIXADOR DA GR\u00c9CIA - Blog do Farn\u00e9sio","isPartOf":{"@id":"https:\/\/blogdofarnesio.com.br\/#website"},"primaryImageOfPage":{"@id":"https:\/\/blogdofarnesio.com.br\/?p=156057#primaryimage"},"image":{"@id":"https:\/\/blogdofarnesio.com.br\/?p=156057#primaryimage"},"thumbnailUrl":"https:\/\/blogdofarnesio.com.br\/wp-content\/uploads\/2016\/12\/blogqsp-Kyriakos-Amiridis.jpeg","datePublished":"2016-12-30T18:32:06+00:00","breadcrumb":{"@id":"https:\/\/blogdofarnesio.com.br\/?p=156057#breadcrumb"},"inLanguage":"pt-BR","potentialAction":[{"@type":"ReadAction","target":["https:\/\/blogdofarnesio.com.br\/?p=156057"]}]},{"@type":"ImageObject","inLanguage":"pt-BR","@id":"https:\/\/blogdofarnesio.com.br\/?p=156057#primaryimage","url":"https:\/\/blogdofarnesio.com.br\/wp-content\/uploads\/2016\/12\/blogqsp-Kyriakos-Amiridis.jpeg","contentUrl":"https:\/\/blogdofarnesio.com.br\/wp-content\/uploads\/2016\/12\/blogqsp-Kyriakos-Amiridis.jpeg","width":750,"height":422,"caption":"BRAS\u00cdLIA, DF - 25.05.2016: TEMER-DF - (e\/d) Serra, Temer e o embaixador da Gr\u00e9cia Kyriakos Amiridi - O presidente interino Michel Temer e o ministro das Rela\u00e7\u00f5es Exteriores, Jos\u00e9 Serra, durante cerim\u00f4nia de apresenta\u00e7\u00e3o de credenciais de embaixadores, no Pal\u00e1cio do Planalto, na manh\u00e3 desta quarta-feira.(Foto: Pedro Ladeira\/Folhapress)"},{"@type":"BreadcrumbList","@id":"https:\/\/blogdofarnesio.com.br\/?p=156057#breadcrumb","itemListElement":[{"@type":"ListItem","position":1,"name":"In\u00edcio","item":"https:\/\/blogdofarnesio.com.br\/"},{"@type":"ListItem","position":2,"name":"MULHER E AMANTE TRAMARAM MORTE DE EMBAIXADOR DA GR\u00c9CIA"}]},{"@type":"WebSite","@id":"https:\/\/blogdofarnesio.com.br\/#website","url":"https:\/\/blogdofarnesio.com.br\/","name":"Blog do Farn\u00e9sio","description":"Quer Saber Pol\u00edtica?","publisher":{"@id":"https:\/\/blogdofarnesio.com.br\/#organization"},"potentialAction":[{"@type":"SearchAction","target":{"@type":"EntryPoint","urlTemplate":"https:\/\/blogdofarnesio.com.br\/?s={search_term_string}"},"query-input":{"@type":"PropertyValueSpecification","valueRequired":true,"valueName":"search_term_string"}}],"inLanguage":"pt-BR"},{"@type":"Organization","@id":"https:\/\/blogdofarnesio.com.br\/#organization","name":"Blog do Farn\u00e9sio","url":"https:\/\/blogdofarnesio.com.br\/","logo":{"@type":"ImageObject","inLanguage":"pt-BR","@id":"https:\/\/blogdofarnesio.com.br\/#\/schema\/logo\/image\/","url":"https:\/\/blogdofarnesio.com.br\/wp-content\/uploads\/2026\/03\/cropped-logo_new-1.png","contentUrl":"https:\/\/blogdofarnesio.com.br\/wp-content\/uploads\/2026\/03\/cropped-logo_new-1.png","width":881,"height":685,"caption":"Blog do Farn\u00e9sio"},"image":{"@id":"https:\/\/blogdofarnesio.com.br\/#\/schema\/logo\/image\/"},"sameAs":["https:\/\/www.facebook.com\/BlogQuerSaberPolitica\/"]},{"@type":"Person","@id":"https:\/\/blogdofarnesio.com.br\/#\/schema\/person\/301c4acf522bccbfdb45af95b5b906a1","name":"Farn\u00e9sio","image":{"@type":"ImageObject","inLanguage":"pt-BR","@id":"https:\/\/secure.gravatar.com\/avatar\/df0c9a14567c056f8ad6876ba5bbd1e3e2c48023eb6807342fc4663adf549f38?s=96&d=mm&r=g","url":"https:\/\/secure.gravatar.com\/avatar\/df0c9a14567c056f8ad6876ba5bbd1e3e2c48023eb6807342fc4663adf549f38?s=96&d=mm&r=g","contentUrl":"https:\/\/secure.gravatar.com\/avatar\/df0c9a14567c056f8ad6876ba5bbd1e3e2c48023eb6807342fc4663adf549f38?s=96&d=mm&r=g","caption":"Farn\u00e9sio"},"sameAs":["https:\/\/quersaberpolitica.com.br"],"url":"https:\/\/blogdofarnesio.com.br\/?author=1"}]}},"_links":{"self":[{"href":"https:\/\/blogdofarnesio.com.br\/index.php?rest_route=\/wp\/v2\/posts\/156057","targetHints":{"allow":["GET"]}}],"collection":[{"href":"https:\/\/blogdofarnesio.com.br\/index.php?rest_route=\/wp\/v2\/posts"}],"about":[{"href":"https:\/\/blogdofarnesio.com.br\/index.php?rest_route=\/wp\/v2\/types\/post"}],"author":[{"embeddable":true,"href":"https:\/\/blogdofarnesio.com.br\/index.php?rest_route=\/wp\/v2\/users\/1"}],"replies":[{"embeddable":true,"href":"https:\/\/blogdofarnesio.com.br\/index.php?rest_route=%2Fwp%2Fv2%2Fcomments&post=156057"}],"version-history":[{"count":0,"href":"https:\/\/blogdofarnesio.com.br\/index.php?rest_route=\/wp\/v2\/posts\/156057\/revisions"}],"wp:featuredmedia":[{"embeddable":true,"href":"https:\/\/blogdofarnesio.com.br\/index.php?rest_route=\/wp\/v2\/media\/153844"}],"wp:attachment":[{"href":"https:\/\/blogdofarnesio.com.br\/index.php?rest_route=%2Fwp%2Fv2%2Fmedia&parent=156057"}],"wp:term":[{"taxonomy":"category","embeddable":true,"href":"https:\/\/blogdofarnesio.com.br\/index.php?rest_route=%2Fwp%2Fv2%2Fcategories&post=156057"},{"taxonomy":"post_tag","embeddable":true,"href":"https:\/\/blogdofarnesio.com.br\/index.php?rest_route=%2Fwp%2Fv2%2Ftags&post=156057"}],"curies":[{"name":"wp","href":"https:\/\/api.w.org\/{rel}","templated":true}]}}