{"id":155973,"date":"2017-02-13T09:00:14","date_gmt":"2017-02-13T12:00:14","guid":{"rendered":"http:\/\/quersaberpolitica.com.br\/2016\/?p=155973"},"modified":"2017-02-12T18:45:50","modified_gmt":"2017-02-12T21:45:50","slug":"crise-economica-leva-meio-milhao-de-familias-de-volta-ao-bolsa-familia","status":"publish","type":"post","link":"https:\/\/blogdofarnesio.com.br\/?p=155973","title":{"rendered":"CRISE EC\u00d4NOMICA LEVA MEIO MILH\u00c3O DE FAM\u00cdLIAS DE VOLTA AO BOLSA FAM\u00cdLIA"},"content":{"rendered":"<div class=\"large-16 mtfckr\">\n<div class=\"head-materia\">\n<h1>Taxa de reingresso no programa aumenta com a alta do desemprego<\/h1>\n<\/div>\n<\/div>\n<div class=\"row\">\n<div class=\"large-16 columns\">\n<div class=\"corpo novo large-16 columns\">\n<div class=\"meta\">\n<p id=\"autor\">POR <span class=\"autor\">RENATA MARIZ\/OGLOBO<\/span><\/p>\n<\/div>\n<div id=\"pub-retangulo-1\" class=\"arroba publicidade clearfix\" data-google-query-id=\"CIjTve-Xi9ICFUcQkQodzMoAQw\">\n<div id=\"google_ads_iframe_\/95377733\/info.web.oglobo\/brasil\/materia_5__container__\">BRAS\u00cdLIA \u2014 Pouco mais de um ano foi o tempo suficiente para Rosimaria Rodrigues de Santana Amorim deixar o programa Bolsa Fam\u00edlia. H\u00e1 quase uma d\u00e9cada, ela deu \u201cbaixa\u201d no cart\u00e3o porque conseguiu emprego como auxiliar de servi\u00e7os gerais. O marido, Wagner Amorim, tamb\u00e9m passou a trabalhar de ajudante de pedreiro com carteira assinada. A renda do casal que mora em Planaltina de Goi\u00e1s, mais conhecida como \u201cBrasilinha\u201d devido \u00e0 proximidade de 60 km com a capital federal, permitiu financiar uma casa popular, comprar m\u00f3veis modestos, ter eletrodom\u00e9sticos e fazer um agrado vez por outra para os dois filhos, que adoram pizza e sonham com um tablet.<\/div>\n<\/div>\n<p>Ap\u00f3s o nascimento do mais novo, Enzo, de tr\u00eas anos, que tem crises de asma e fica frequentemente internado, Rosimaria saiu do emprego para cuidar do menino. O setor de constru\u00e7\u00e3o e reforma ainda estava em alta e o sal\u00e1rio do marido, em torno de R$ 1 mil, era suficiente para as necessidades da casa. Em 2014, por\u00e9m, a firma onde Wagner trabalhava fechou. A fam\u00edlia continuou vivendo dos bicos que ele arranjava com frequ\u00eancia. Mas, no fim do ano passado, at\u00e9 os servi\u00e7os tempor\u00e1rios sumiram. O jeito foi recorrer novamente ao Bolsa Fam\u00edlia.<\/p>\n<p>\u2014 Nunca pensei que a gente ia passar por essa situa\u00e7\u00e3o. A crise chegou mesmo aqui em casa. O Bolsa Fam\u00edlia \u00e9 a nossa \u00fanica renda desde setembro \u2014 conta Rosimaria.<\/p>\n<p>Apesar da perplexidade, Rosimaria n\u00e3o est\u00e1 sozinha. No Brasil, mais de meio milh\u00e3o de fam\u00edlias que haviam sa\u00eddo do Bolsa Fam\u00edlia at\u00e9 2011 reingressaram no programa apenas no ano passado. Foram, mais exatamente, 519.568 retornos em 2016. O n\u00famero \u00e9 superior ao de 2015, quando houve o primeiro salto, com a reinclus\u00e3o de 423.668 fam\u00edlias. Antes disso, o movimento de volta ao programa era bem menos intenso: 104.704 fam\u00edlias em 2014, 186.761 em 2013 e 164.973 em 2012, segundo dados in\u00e9ditos do Minist\u00e9rio do Desenvolvimento Social obtidos pelo GLOBO.<\/p>\n<p>Para o soci\u00f3logo Elimar Nascimento, professor da Universidade de Bras\u00edlia (UnB) e pesquisador na \u00e1rea de pol\u00edticas p\u00fablicas e desenvolvimento sustent\u00e1vel, a explos\u00e3o do desemprego a partir de 2015 \u00e9 o principal respons\u00e1vel pelo retorno da popula\u00e7\u00e3o \u00e0 pobreza.<\/p>\n<p>\u2014 Nos \u00faltimos dois anos de recess\u00e3o, o desemprego explica por que as pessoas est\u00e3o voltando ao Bolsa Fam\u00edlia, que \u00e9 um paliativo, n\u00e3o resolve o problema da pobreza. S\u00f3 com a retomada do crescimento esse movimento pode ser superado, n\u00e3o existe m\u00e1gica a ser feita \u2014 afirma o pesquisador.<\/p>\n<div class=\"foto\">\n<figure><img loading=\"lazy\" decoding=\"async\" src=\"http:\/\/og.infg.com.br\/in\/20912373-982-617\/FT1086A\/420\/bolsa-familia.jpg\" width=\"700\" height=\"420\" \/><figcaption>Celiane da Silva Neves saiu de S\u00e3o Luiz (MA) com o filho Hyago. Desempregada, vive da ajuda de vizinhos no bairro Jardim das Palmeiras, em Planaltina de Goi\u00e1s, enquanto aguarda o Bolsa Fam\u00edlia <b>&#8211; Andr\u00e9 Coelho \/ Ag\u00eancia O Globo<\/b><\/figcaption><\/figure>\n<\/div>\n<p>Os dados gerais, sem distin\u00e7\u00e3o entre quem j\u00e1 foi ou n\u00e3o benefici\u00e1rio do programa, mostram que a demanda pelo Bolsa Fam\u00edlia cresceu 33% nos dois \u00faltimos anos. Em 2015, 1,2 milh\u00e3o de fam\u00edlias foram habilitadas a receber o benef\u00edcio por atender aos requisitos de baixa renda, ou 105 mil fam\u00edlias por m\u00eas. Em 2016, a m\u00e9dia mensal bateu 141 mil, totalizando 1,6 milh\u00e3o de fam\u00edlias cadastradas ao longo do ano.<\/p>\n<div class=\"box box-vejaTambem\">\n<h6><a href=\"http:\/\/oglobo.globo.com\/brasil\/bolsa-familia-sera-planejado-pela-demanda-diz-ministro-do-desenvolvimento-social-20912801\"><img decoding=\"async\" src=\"http:\/\/og.infg.com.br\/in\/20912800-b86-a1a\/FT1086A\/69\/osmar-terra.jpg\" alt=\" Osmar Terra: \u201cN\u00e3o houve mobilidade entre quem ganha menos de meio sal\u00e1rio m\u00ednimo per capita\u201d \" \/><\/a><a href=\"http:\/\/oglobo.globo.com\/brasil\/governo-encontra-15-milhao-de-familias-no-bolsa-familia-com-renda-menor-que-declarada-20912790\"><img decoding=\"async\" src=\"http:\/\/og.infg.com.br\/in\/20912374-e20-7a5\/FT1086A\/69\/volta-bolsa-familia.jpg\" alt=\" Wagner Amorim, ladeado pela mulher Rosimaria, com Enzo ao colo, e Marcelo Henrique, se preocupa com as parcelas restantes da casa comprada em Planaltina de Goi\u00e1s por ter voltado a depender do benef\u00edcio do Bolsa Fam\u00edlia \" \/><\/a><\/h6>\n<\/div>\n<div id=\"pub-retangulo-2\" class=\"arroba publicidade clearfix\" data-google-query-id=\"CLH6vu-Xi9ICFReCkQodMtkCNg\">\n<div id=\"google_ads_iframe_\/95377733\/info.web.oglobo\/brasil\/materia_3__container__\">A fila de espera para o Bolsa Fam\u00edlia chegou a janeiro deste ano com 463,9 mil fam\u00edlias. Na \u00faltima semana do m\u00eas, o governo anunciou ter conseguido incluir quem aguardava. O saldo de habilitados hoje conta com 1.898 fam\u00edlias.<\/div>\n<\/div>\n<p>Essa diminui\u00e7\u00e3o significativa da fila s\u00f3 foi poss\u00edvel por causa do pente-fino feito no segundo semestre do ano passado e o refor\u00e7o nas fiscaliza\u00e7\u00f5es de rotina, que culminaram no desligamento de milhares de fam\u00edlias do programa. Ao longo de 2016, 3 milh\u00f5es de fam\u00edlias tiveram o benef\u00edcio cancelado, por n\u00e3o atender aos requisitos exigidos, ao mesmo tempo em que 2,4 milh\u00f5es foram contempladas. Por isso, sem aumentar a cobertura de 13,5 milh\u00f5es de fam\u00edlias atendidas no total, o governo chegou perto de zerar a fila.<\/p>\n<p>O governo estuda dar um reajuste no benef\u00edcio com base na infla\u00e7\u00e3o medida entre julho de 2016 e julho de 2017, que deve oscilar de 4% a 5%. O valor m\u00e9dio pago \u00e0s 13,5 milh\u00f5es de fam\u00edlias atendidas hoje \u2014 que re\u00fanem cerca de 50 milh\u00f5es de pessoas \u2014 \u00e9 de R$ 182. A quantia pode ser maior ou menor conforme a renda da fam\u00edlia, o n\u00famero de dependentes, entre outros fatores.<\/p>\n<div class=\"embed-social\"><\/div>\n<p>Com o benef\u00edcio mensal de R$ 341 que recebem do programa, Rosimaria, de 30 anos, e Wagner, de 25, se desdobram para pagar as contas b\u00e1sicas, como \u00e1gua e luz. A fam\u00edlia recebe ajuda de parentes para a alimenta\u00e7\u00e3o. A mulher at\u00e9 brinca com o fato de h\u00e1 meses n\u00e3o frequentar um supermercado:<\/p>\n<p>\u2014 Acho que vou at\u00e9 me perder quando entrar num mercado de novo. Minha despensa hoje s\u00f3 tem o b\u00e1sico e tudo \u00e9 dado pelos parentes.<\/p>\n<p>A preocupa\u00e7\u00e3o maior do casal, no momento, \u00e9 garantir o pagamento do financiamento da casa popular que compraram num programa habitacional do governo. O pai de Wagner, pensionista, auxilia como pode. Mas a 55\u00aa e 56\u00aa parcelas \u2014 de um total de 300 \u2014 devidas para a Caixa Econ\u00f4mica est\u00e3o atrasadas. O valor da presta\u00e7\u00e3o \u00e9 de aproximadamente R$ 500. Com o extrato nas m\u00e3os, Wagner explica por que a d\u00edvida tira o sono dele:<\/p>\n<p>\u2014 Se atrasar tr\u00eas parcelas, tomam a casa da gente. Eu nunca passei por um tempo t\u00e3o dif\u00edcil para arranjar servi\u00e7o.<\/p>\n<div id=\"player-wrapper2-5644929\" class=\"artigo-video video-mobi clearfix\">\n<div id=\"wp3-player-1\" class=\"clappr-player\" tabindex=\"9999\" data-player=\"\">\n<div class=\"dfp-ad-overlay dfp-poster-mode\" data-ad-overlay=\"\"><\/div>\n<div class=\"container master-container pointer-enabled\" data-container=\"\" data-pip=\"\">\n<div class=\"player-poster\" data-poster=\"\"><\/div>\n<div id=\"c16\" data-id-playback=\"\"><video src=\"https:\/\/s.glbimg.com\/vi\/p3\/black.mp4\" preload=\"none\" width=\"300\" height=\"150\" data-html5-video=\"\" data-mce-fragment=\"1\"><\/video><\/div>\n<\/div>\n<\/div>\n<\/div>\n<p>Se a casa se tornou a maior preocupa\u00e7\u00e3o do casal, ela \u00e9 o motivo de eles n\u00e3o terem retornado para Socorro do Piau\u00ed, cidade natal dos dois.<\/p>\n<div id=\"pub-retangulo-3\" class=\"arroba publicidade clearfix\" data-google-query-id=\"CNmjgvCXi9ICFcGCkQodrsEL6A\">\n<p><a href=\"http:\/\/oglobo.globo.com\/anuncie\/\" target=\"_blank\">PUBLICIDADE<\/a><\/p>\n<div id=\"google_ads_iframe_\/95377733\/info.web.oglobo\/brasil\/materia_6__container__\"><iframe loading=\"lazy\" id=\"google_ads_iframe_\/95377733\/info.web.oglobo\/brasil\/materia_6\" title=\"3rd party ad content\" src=\"http:\/\/tpc.googlesyndication.com\/safeframe\/1-0-5\/html\/container.html#xpc=sf-gdn-exp-1&amp;p=http%3A\/\/oglobo.globo.com\" name=\"\" width=\"300\" height=\"250\" frameborder=\"0\" marginwidth=\"0\" marginheight=\"0\" scrolling=\"no\" data-is-safeframe=\"true\" data-mce-fragment=\"1\"><\/iframe><\/div>\n<\/div>\n<p>\u2014 A gente lutou tanto para ter essa casa que a gente n\u00e3o quer deixar isso para tr\u00e1s \u2014 diz Rosimaria.<\/p>\n<p>Rosa por fora e verde por dentro, a habita\u00e7\u00e3o de tr\u00eas quartos \u00e9 modesta mas confort\u00e1vel. A cobertura de cer\u00e2mica do piso do quintal est\u00e1 pela metade. Depois que o or\u00e7amento apertou, Wagner n\u00e3o teve como comprar a argamassa. Na janela de um dos quartos, repousam as botas encardidas usadas para trabalhar em obras.<\/p>\n<p>\u2014 J\u00e1 faz tempo que est\u00e3o a\u00ed, paradas \u2014 comenta Wagner, com ar desolado.<\/p>\n<\/div>\n<\/div>\n<\/div>\n<p>Leia mais sobre esse assunto em <a href=\"http:\/\/oglobo.globo.com\/brasil\/crise-economica-leva-meio-milhao-de-familias-de-volta-ao-bolsa-familia-20912375#ixzz4YUsZBAqU\">http:\/\/oglobo.globo.com\/brasil\/crise-economica-leva-meio-milhao-de-familias-de-volta-ao-bolsa-familia-20912375#ixzz4YUsZBAqU<\/a><br \/>\n\u00a9 1996 &#8211; 2017. Todos direitos reservados a Infoglobo Comunica\u00e7\u00e3o e Participa\u00e7\u00f5es S.A. Este material n\u00e3o pode ser publicado, transmitido por broadcast, reescrito ou redistribu\u00eddo sem autoriza\u00e7\u00e3o.<\/p>\n","protected":false},"excerpt":{"rendered":"<p>Taxa de reingresso no programa aumenta com a alta do desemprego POR RENATA MARIZ\/OGLOBO BRAS\u00cdLIA \u2014 Pouco mais de um ano foi o tempo suficiente para Rosimaria Rodrigues de Santana Amorim deixar o programa Bolsa Fam\u00edlia. H\u00e1 quase uma d\u00e9cada, ela deu \u201cbaixa\u201d no cart\u00e3o porque conseguiu emprego como auxiliar de servi\u00e7os gerais. O marido, Wagner Amorim, tamb\u00e9m passou a trabalhar de ajudante de pedreiro com carteira assinada. A renda do casal que mora em Planaltina de Goi\u00e1s, mais conhecida como \u201cBrasilinha\u201d devido \u00e0 proximidade de 60 km com a capital federal, permitiu financiar uma casa popular, comprar m\u00f3veis modestos, ter eletrodom\u00e9sticos e fazer um agrado vez por outra para os dois filhos, que adoram pizza e sonham com um&hellip; <\/p>\n","protected":false},"author":1,"featured_media":154814,"comment_status":"open","ping_status":"open","sticky":false,"template":"","format":"standard","meta":{"_acf_changed":false,"footnotes":""},"categories":[22,30],"tags":[],"class_list":["post-155973","post","type-post","status-publish","format-standard","has-post-thumbnail","hentry","category-acao-social","category-artigo"],"acf":[],"yoast_head":"<!-- This site is optimized with the Yoast SEO plugin v27.4 - https:\/\/yoast.com\/product\/yoast-seo-wordpress\/ -->\n<title>CRISE EC\u00d4NOMICA LEVA MEIO MILH\u00c3O DE FAM\u00cdLIAS DE VOLTA AO BOLSA FAM\u00cdLIA - Blog do Farn\u00e9sio<\/title>\n<meta name=\"robots\" content=\"index, follow, max-snippet:-1, max-image-preview:large, max-video-preview:-1\" \/>\n<link rel=\"canonical\" href=\"https:\/\/blogdofarnesio.com.br\/?p=155973\" \/>\n<meta property=\"og:locale\" content=\"pt_BR\" \/>\n<meta property=\"og:type\" content=\"article\" \/>\n<meta property=\"og:title\" content=\"CRISE EC\u00d4NOMICA LEVA MEIO MILH\u00c3O DE FAM\u00cdLIAS DE VOLTA AO BOLSA FAM\u00cdLIA - Blog do Farn\u00e9sio\" \/>\n<meta property=\"og:description\" content=\"Taxa de reingresso no programa aumenta com a alta do desemprego POR RENATA MARIZ\/OGLOBO BRAS\u00cdLIA \u2014 Pouco mais de um ano foi o tempo suficiente para Rosimaria Rodrigues de Santana Amorim deixar o programa Bolsa Fam\u00edlia. H\u00e1 quase uma d\u00e9cada, ela deu \u201cbaixa\u201d no cart\u00e3o porque conseguiu emprego como auxiliar de servi\u00e7os gerais. O marido, Wagner Amorim, tamb\u00e9m passou a trabalhar de ajudante de pedreiro com carteira assinada. A renda do casal que mora em Planaltina de Goi\u00e1s, mais conhecida como \u201cBrasilinha\u201d devido \u00e0 proximidade de 60 km com a capital federal, permitiu financiar uma casa popular, comprar m\u00f3veis modestos, ter eletrodom\u00e9sticos e fazer um agrado vez por outra para os dois filhos, que adoram pizza e sonham com um&hellip;\" \/>\n<meta property=\"og:url\" content=\"https:\/\/blogdofarnesio.com.br\/?p=155973\" \/>\n<meta property=\"og:site_name\" content=\"Blog do Farn\u00e9sio\" \/>\n<meta property=\"article:publisher\" content=\"https:\/\/www.facebook.com\/BlogQuerSaberPolitica\/\" \/>\n<meta property=\"article:published_time\" content=\"2017-02-13T12:00:14+00:00\" \/>\n<meta property=\"og:image\" content=\"https:\/\/blogdofarnesio.com.br\/wp-content\/uploads\/2017\/01\/blogqsp-cartao-bolsa-familia.jpg\" \/>\n\t<meta property=\"og:image:width\" content=\"660\" \/>\n\t<meta property=\"og:image:height\" content=\"371\" \/>\n\t<meta property=\"og:image:type\" content=\"image\/jpeg\" \/>\n<meta name=\"author\" content=\"Farn\u00e9sio\" \/>\n<meta name=\"twitter:card\" content=\"summary_large_image\" \/>\n<meta name=\"twitter:label1\" content=\"Escrito por\" \/>\n\t<meta name=\"twitter:data1\" content=\"Farn\u00e9sio\" \/>\n\t<meta name=\"twitter:label2\" content=\"Est. tempo de leitura\" \/>\n\t<meta name=\"twitter:data2\" content=\"6 minutos\" \/>\n<script type=\"application\/ld+json\" class=\"yoast-schema-graph\">{\"@context\":\"https:\\\/\\\/schema.org\",\"@graph\":[{\"@type\":\"Article\",\"@id\":\"https:\\\/\\\/blogdofarnesio.com.br\\\/?p=155973#article\",\"isPartOf\":{\"@id\":\"https:\\\/\\\/blogdofarnesio.com.br\\\/?p=155973\"},\"author\":{\"name\":\"Farn\u00e9sio\",\"@id\":\"https:\\\/\\\/blogdofarnesio.com.br\\\/#\\\/schema\\\/person\\\/301c4acf522bccbfdb45af95b5b906a1\"},\"headline\":\"CRISE EC\u00d4NOMICA LEVA MEIO MILH\u00c3O DE FAM\u00cdLIAS DE VOLTA AO BOLSA FAM\u00cdLIA\",\"datePublished\":\"2017-02-13T12:00:14+00:00\",\"mainEntityOfPage\":{\"@id\":\"https:\\\/\\\/blogdofarnesio.com.br\\\/?p=155973\"},\"wordCount\":1127,\"commentCount\":0,\"publisher\":{\"@id\":\"https:\\\/\\\/blogdofarnesio.com.br\\\/#organization\"},\"image\":{\"@id\":\"https:\\\/\\\/blogdofarnesio.com.br\\\/?p=155973#primaryimage\"},\"thumbnailUrl\":\"https:\\\/\\\/blogdofarnesio.com.br\\\/wp-content\\\/uploads\\\/2017\\\/01\\\/blogqsp-cartao-bolsa-familia.jpg\",\"articleSection\":[\"A\u00e7\u00e3o Social\",\"Artigo\"],\"inLanguage\":\"pt-BR\",\"potentialAction\":[{\"@type\":\"CommentAction\",\"name\":\"Comment\",\"target\":[\"https:\\\/\\\/blogdofarnesio.com.br\\\/?p=155973#respond\"]}]},{\"@type\":\"WebPage\",\"@id\":\"https:\\\/\\\/blogdofarnesio.com.br\\\/?p=155973\",\"url\":\"https:\\\/\\\/blogdofarnesio.com.br\\\/?p=155973\",\"name\":\"CRISE EC\u00d4NOMICA LEVA MEIO MILH\u00c3O DE FAM\u00cdLIAS DE VOLTA AO BOLSA FAM\u00cdLIA - Blog do Farn\u00e9sio\",\"isPartOf\":{\"@id\":\"https:\\\/\\\/blogdofarnesio.com.br\\\/#website\"},\"primaryImageOfPage\":{\"@id\":\"https:\\\/\\\/blogdofarnesio.com.br\\\/?p=155973#primaryimage\"},\"image\":{\"@id\":\"https:\\\/\\\/blogdofarnesio.com.br\\\/?p=155973#primaryimage\"},\"thumbnailUrl\":\"https:\\\/\\\/blogdofarnesio.com.br\\\/wp-content\\\/uploads\\\/2017\\\/01\\\/blogqsp-cartao-bolsa-familia.jpg\",\"datePublished\":\"2017-02-13T12:00:14+00:00\",\"breadcrumb\":{\"@id\":\"https:\\\/\\\/blogdofarnesio.com.br\\\/?p=155973#breadcrumb\"},\"inLanguage\":\"pt-BR\",\"potentialAction\":[{\"@type\":\"ReadAction\",\"target\":[\"https:\\\/\\\/blogdofarnesio.com.br\\\/?p=155973\"]}]},{\"@type\":\"ImageObject\",\"inLanguage\":\"pt-BR\",\"@id\":\"https:\\\/\\\/blogdofarnesio.com.br\\\/?p=155973#primaryimage\",\"url\":\"https:\\\/\\\/blogdofarnesio.com.br\\\/wp-content\\\/uploads\\\/2017\\\/01\\\/blogqsp-cartao-bolsa-familia.jpg\",\"contentUrl\":\"https:\\\/\\\/blogdofarnesio.com.br\\\/wp-content\\\/uploads\\\/2017\\\/01\\\/blogqsp-cartao-bolsa-familia.jpg\",\"width\":660,\"height\":371},{\"@type\":\"BreadcrumbList\",\"@id\":\"https:\\\/\\\/blogdofarnesio.com.br\\\/?p=155973#breadcrumb\",\"itemListElement\":[{\"@type\":\"ListItem\",\"position\":1,\"name\":\"In\u00edcio\",\"item\":\"https:\\\/\\\/blogdofarnesio.com.br\\\/\"},{\"@type\":\"ListItem\",\"position\":2,\"name\":\"CRISE EC\u00d4NOMICA LEVA MEIO MILH\u00c3O DE FAM\u00cdLIAS DE VOLTA AO BOLSA FAM\u00cdLIA\"}]},{\"@type\":\"WebSite\",\"@id\":\"https:\\\/\\\/blogdofarnesio.com.br\\\/#website\",\"url\":\"https:\\\/\\\/blogdofarnesio.com.br\\\/\",\"name\":\"Blog do Farn\u00e9sio\",\"description\":\"Quer Saber Pol\u00edtica?\",\"publisher\":{\"@id\":\"https:\\\/\\\/blogdofarnesio.com.br\\\/#organization\"},\"potentialAction\":[{\"@type\":\"SearchAction\",\"target\":{\"@type\":\"EntryPoint\",\"urlTemplate\":\"https:\\\/\\\/blogdofarnesio.com.br\\\/?s={search_term_string}\"},\"query-input\":{\"@type\":\"PropertyValueSpecification\",\"valueRequired\":true,\"valueName\":\"search_term_string\"}}],\"inLanguage\":\"pt-BR\"},{\"@type\":\"Organization\",\"@id\":\"https:\\\/\\\/blogdofarnesio.com.br\\\/#organization\",\"name\":\"Blog do Farn\u00e9sio\",\"url\":\"https:\\\/\\\/blogdofarnesio.com.br\\\/\",\"logo\":{\"@type\":\"ImageObject\",\"inLanguage\":\"pt-BR\",\"@id\":\"https:\\\/\\\/blogdofarnesio.com.br\\\/#\\\/schema\\\/logo\\\/image\\\/\",\"url\":\"https:\\\/\\\/blogdofarnesio.com.br\\\/wp-content\\\/uploads\\\/2026\\\/03\\\/cropped-logo_new-1.png\",\"contentUrl\":\"https:\\\/\\\/blogdofarnesio.com.br\\\/wp-content\\\/uploads\\\/2026\\\/03\\\/cropped-logo_new-1.png\",\"width\":881,\"height\":685,\"caption\":\"Blog do Farn\u00e9sio\"},\"image\":{\"@id\":\"https:\\\/\\\/blogdofarnesio.com.br\\\/#\\\/schema\\\/logo\\\/image\\\/\"},\"sameAs\":[\"https:\\\/\\\/www.facebook.com\\\/BlogQuerSaberPolitica\\\/\"]},{\"@type\":\"Person\",\"@id\":\"https:\\\/\\\/blogdofarnesio.com.br\\\/#\\\/schema\\\/person\\\/301c4acf522bccbfdb45af95b5b906a1\",\"name\":\"Farn\u00e9sio\",\"image\":{\"@type\":\"ImageObject\",\"inLanguage\":\"pt-BR\",\"@id\":\"https:\\\/\\\/secure.gravatar.com\\\/avatar\\\/df0c9a14567c056f8ad6876ba5bbd1e3e2c48023eb6807342fc4663adf549f38?s=96&d=mm&r=g\",\"url\":\"https:\\\/\\\/secure.gravatar.com\\\/avatar\\\/df0c9a14567c056f8ad6876ba5bbd1e3e2c48023eb6807342fc4663adf549f38?s=96&d=mm&r=g\",\"contentUrl\":\"https:\\\/\\\/secure.gravatar.com\\\/avatar\\\/df0c9a14567c056f8ad6876ba5bbd1e3e2c48023eb6807342fc4663adf549f38?s=96&d=mm&r=g\",\"caption\":\"Farn\u00e9sio\"},\"sameAs\":[\"https:\\\/\\\/quersaberpolitica.com.br\"],\"url\":\"https:\\\/\\\/blogdofarnesio.com.br\\\/?author=1\"}]}<\/script>\n<!-- \/ Yoast SEO plugin. -->","yoast_head_json":{"title":"CRISE EC\u00d4NOMICA LEVA MEIO MILH\u00c3O DE FAM\u00cdLIAS DE VOLTA AO BOLSA FAM\u00cdLIA - Blog do Farn\u00e9sio","robots":{"index":"index","follow":"follow","max-snippet":"max-snippet:-1","max-image-preview":"max-image-preview:large","max-video-preview":"max-video-preview:-1"},"canonical":"https:\/\/blogdofarnesio.com.br\/?p=155973","og_locale":"pt_BR","og_type":"article","og_title":"CRISE EC\u00d4NOMICA LEVA MEIO MILH\u00c3O DE FAM\u00cdLIAS DE VOLTA AO BOLSA FAM\u00cdLIA - Blog do Farn\u00e9sio","og_description":"Taxa de reingresso no programa aumenta com a alta do desemprego POR RENATA MARIZ\/OGLOBO BRAS\u00cdLIA \u2014 Pouco mais de um ano foi o tempo suficiente para Rosimaria Rodrigues de Santana Amorim deixar o programa Bolsa Fam\u00edlia. H\u00e1 quase uma d\u00e9cada, ela deu \u201cbaixa\u201d no cart\u00e3o porque conseguiu emprego como auxiliar de servi\u00e7os gerais. O marido, Wagner Amorim, tamb\u00e9m passou a trabalhar de ajudante de pedreiro com carteira assinada. A renda do casal que mora em Planaltina de Goi\u00e1s, mais conhecida como \u201cBrasilinha\u201d devido \u00e0 proximidade de 60 km com a capital federal, permitiu financiar uma casa popular, comprar m\u00f3veis modestos, ter eletrodom\u00e9sticos e fazer um agrado vez por outra para os dois filhos, que adoram pizza e sonham com um&hellip;","og_url":"https:\/\/blogdofarnesio.com.br\/?p=155973","og_site_name":"Blog do Farn\u00e9sio","article_publisher":"https:\/\/www.facebook.com\/BlogQuerSaberPolitica\/","article_published_time":"2017-02-13T12:00:14+00:00","og_image":[{"width":660,"height":371,"url":"https:\/\/blogdofarnesio.com.br\/wp-content\/uploads\/2017\/01\/blogqsp-cartao-bolsa-familia.jpg","type":"image\/jpeg"}],"author":"Farn\u00e9sio","twitter_card":"summary_large_image","twitter_misc":{"Escrito por":"Farn\u00e9sio","Est. tempo de leitura":"6 minutos"},"schema":{"@context":"https:\/\/schema.org","@graph":[{"@type":"Article","@id":"https:\/\/blogdofarnesio.com.br\/?p=155973#article","isPartOf":{"@id":"https:\/\/blogdofarnesio.com.br\/?p=155973"},"author":{"name":"Farn\u00e9sio","@id":"https:\/\/blogdofarnesio.com.br\/#\/schema\/person\/301c4acf522bccbfdb45af95b5b906a1"},"headline":"CRISE EC\u00d4NOMICA LEVA MEIO MILH\u00c3O DE FAM\u00cdLIAS DE VOLTA AO BOLSA FAM\u00cdLIA","datePublished":"2017-02-13T12:00:14+00:00","mainEntityOfPage":{"@id":"https:\/\/blogdofarnesio.com.br\/?p=155973"},"wordCount":1127,"commentCount":0,"publisher":{"@id":"https:\/\/blogdofarnesio.com.br\/#organization"},"image":{"@id":"https:\/\/blogdofarnesio.com.br\/?p=155973#primaryimage"},"thumbnailUrl":"https:\/\/blogdofarnesio.com.br\/wp-content\/uploads\/2017\/01\/blogqsp-cartao-bolsa-familia.jpg","articleSection":["A\u00e7\u00e3o Social","Artigo"],"inLanguage":"pt-BR","potentialAction":[{"@type":"CommentAction","name":"Comment","target":["https:\/\/blogdofarnesio.com.br\/?p=155973#respond"]}]},{"@type":"WebPage","@id":"https:\/\/blogdofarnesio.com.br\/?p=155973","url":"https:\/\/blogdofarnesio.com.br\/?p=155973","name":"CRISE EC\u00d4NOMICA LEVA MEIO MILH\u00c3O DE FAM\u00cdLIAS DE VOLTA AO BOLSA FAM\u00cdLIA - Blog do Farn\u00e9sio","isPartOf":{"@id":"https:\/\/blogdofarnesio.com.br\/#website"},"primaryImageOfPage":{"@id":"https:\/\/blogdofarnesio.com.br\/?p=155973#primaryimage"},"image":{"@id":"https:\/\/blogdofarnesio.com.br\/?p=155973#primaryimage"},"thumbnailUrl":"https:\/\/blogdofarnesio.com.br\/wp-content\/uploads\/2017\/01\/blogqsp-cartao-bolsa-familia.jpg","datePublished":"2017-02-13T12:00:14+00:00","breadcrumb":{"@id":"https:\/\/blogdofarnesio.com.br\/?p=155973#breadcrumb"},"inLanguage":"pt-BR","potentialAction":[{"@type":"ReadAction","target":["https:\/\/blogdofarnesio.com.br\/?p=155973"]}]},{"@type":"ImageObject","inLanguage":"pt-BR","@id":"https:\/\/blogdofarnesio.com.br\/?p=155973#primaryimage","url":"https:\/\/blogdofarnesio.com.br\/wp-content\/uploads\/2017\/01\/blogqsp-cartao-bolsa-familia.jpg","contentUrl":"https:\/\/blogdofarnesio.com.br\/wp-content\/uploads\/2017\/01\/blogqsp-cartao-bolsa-familia.jpg","width":660,"height":371},{"@type":"BreadcrumbList","@id":"https:\/\/blogdofarnesio.com.br\/?p=155973#breadcrumb","itemListElement":[{"@type":"ListItem","position":1,"name":"In\u00edcio","item":"https:\/\/blogdofarnesio.com.br\/"},{"@type":"ListItem","position":2,"name":"CRISE EC\u00d4NOMICA LEVA MEIO MILH\u00c3O DE FAM\u00cdLIAS DE VOLTA AO BOLSA FAM\u00cdLIA"}]},{"@type":"WebSite","@id":"https:\/\/blogdofarnesio.com.br\/#website","url":"https:\/\/blogdofarnesio.com.br\/","name":"Blog do Farn\u00e9sio","description":"Quer Saber Pol\u00edtica?","publisher":{"@id":"https:\/\/blogdofarnesio.com.br\/#organization"},"potentialAction":[{"@type":"SearchAction","target":{"@type":"EntryPoint","urlTemplate":"https:\/\/blogdofarnesio.com.br\/?s={search_term_string}"},"query-input":{"@type":"PropertyValueSpecification","valueRequired":true,"valueName":"search_term_string"}}],"inLanguage":"pt-BR"},{"@type":"Organization","@id":"https:\/\/blogdofarnesio.com.br\/#organization","name":"Blog do Farn\u00e9sio","url":"https:\/\/blogdofarnesio.com.br\/","logo":{"@type":"ImageObject","inLanguage":"pt-BR","@id":"https:\/\/blogdofarnesio.com.br\/#\/schema\/logo\/image\/","url":"https:\/\/blogdofarnesio.com.br\/wp-content\/uploads\/2026\/03\/cropped-logo_new-1.png","contentUrl":"https:\/\/blogdofarnesio.com.br\/wp-content\/uploads\/2026\/03\/cropped-logo_new-1.png","width":881,"height":685,"caption":"Blog do Farn\u00e9sio"},"image":{"@id":"https:\/\/blogdofarnesio.com.br\/#\/schema\/logo\/image\/"},"sameAs":["https:\/\/www.facebook.com\/BlogQuerSaberPolitica\/"]},{"@type":"Person","@id":"https:\/\/blogdofarnesio.com.br\/#\/schema\/person\/301c4acf522bccbfdb45af95b5b906a1","name":"Farn\u00e9sio","image":{"@type":"ImageObject","inLanguage":"pt-BR","@id":"https:\/\/secure.gravatar.com\/avatar\/df0c9a14567c056f8ad6876ba5bbd1e3e2c48023eb6807342fc4663adf549f38?s=96&d=mm&r=g","url":"https:\/\/secure.gravatar.com\/avatar\/df0c9a14567c056f8ad6876ba5bbd1e3e2c48023eb6807342fc4663adf549f38?s=96&d=mm&r=g","contentUrl":"https:\/\/secure.gravatar.com\/avatar\/df0c9a14567c056f8ad6876ba5bbd1e3e2c48023eb6807342fc4663adf549f38?s=96&d=mm&r=g","caption":"Farn\u00e9sio"},"sameAs":["https:\/\/quersaberpolitica.com.br"],"url":"https:\/\/blogdofarnesio.com.br\/?author=1"}]}},"_links":{"self":[{"href":"https:\/\/blogdofarnesio.com.br\/index.php?rest_route=\/wp\/v2\/posts\/155973","targetHints":{"allow":["GET"]}}],"collection":[{"href":"https:\/\/blogdofarnesio.com.br\/index.php?rest_route=\/wp\/v2\/posts"}],"about":[{"href":"https:\/\/blogdofarnesio.com.br\/index.php?rest_route=\/wp\/v2\/types\/post"}],"author":[{"embeddable":true,"href":"https:\/\/blogdofarnesio.com.br\/index.php?rest_route=\/wp\/v2\/users\/1"}],"replies":[{"embeddable":true,"href":"https:\/\/blogdofarnesio.com.br\/index.php?rest_route=%2Fwp%2Fv2%2Fcomments&post=155973"}],"version-history":[{"count":0,"href":"https:\/\/blogdofarnesio.com.br\/index.php?rest_route=\/wp\/v2\/posts\/155973\/revisions"}],"wp:featuredmedia":[{"embeddable":true,"href":"https:\/\/blogdofarnesio.com.br\/index.php?rest_route=\/wp\/v2\/media\/154814"}],"wp:attachment":[{"href":"https:\/\/blogdofarnesio.com.br\/index.php?rest_route=%2Fwp%2Fv2%2Fmedia&parent=155973"}],"wp:term":[{"taxonomy":"category","embeddable":true,"href":"https:\/\/blogdofarnesio.com.br\/index.php?rest_route=%2Fwp%2Fv2%2Fcategories&post=155973"},{"taxonomy":"post_tag","embeddable":true,"href":"https:\/\/blogdofarnesio.com.br\/index.php?rest_route=%2Fwp%2Fv2%2Ftags&post=155973"}],"curies":[{"name":"wp","href":"https:\/\/api.w.org\/{rel}","templated":true}]}}