{"id":155727,"date":"2016-12-29T08:02:27","date_gmt":"2016-12-29T11:02:27","guid":{"rendered":"http:\/\/quersaberpolitica.com.br\/2016\/?p=155727"},"modified":"2016-12-28T20:21:38","modified_gmt":"2016-12-28T23:21:38","slug":"confira-a-tabela-do-ipva-2017-em-pernambuco","status":"publish","type":"post","link":"https:\/\/blogdofarnesio.com.br\/2016\/12\/confira-a-tabela-do-ipva-2017-em-pernambuco\/","title":{"rendered":"CONFIRA A TABELA DO IPVA 2017 EM PERNAMBUCO"},"content":{"rendered":"<div class=\"manchete padrao1\">\n<h1><\/h1>\n<p class=\"publicacao\">NE10<\/p>\n<\/div>\n<div id=\"texto-noticia\" class=\"conteudo\">\n<p class=\"autor\">\n<p>boletos de pagamento do IPVA estar\u00e3o dispon\u00edveis no site do Detran PE a partir de 1\u00ba de janeiro<em>Foto: Marcos Santos\/USP\/Fotos P\u00fablicas<\/em><\/p>\n<p>A tabela com os valores do IPVA 2017 foi publicada na edi\u00e7\u00e3o desta quarta-feira (28) do <a href=\"http:\/\/200.238.101.22\/docreader\/docreader.aspx?bib=20161228&amp;pasta=Dezembro\\Dia%2028\">Di\u00e1rio Oficial do Estado<\/a>. Para saber o valor que ir\u00e1 pagar, basta fazer uma busca de acordo com o ano e modelo do ve\u00edculo. De acordo com a Secretaria da Fazenda do Estado de Pernambuco (Sefaz-PE), os valores do imposto de 2017 ser\u00e3o mais baixos do que os cobrados em 2016.<\/p>\n<ul class=\"vejatambem direita\">\n<li class=\"last first\"><a href=\"http:\/\/jconline.ne10.uol.com.br\/canal\/economia\/pernambuco\/noticia\/2016\/12\/15\/sefaz-modifica-datas-de-pagamento-do-ipva-2017-em-abril-263683.php\">Sefaz modifica datas de pagamento do IPVA 2017 em abril<\/a><\/li>\n<\/ul>\n<p>A Sefaz informa ainda que os contribuintes que quitarem o IPVA na cota \u00fanica ter\u00e3o um desconto de 7% no valor do imposto. Os boletos de pagamento do IPVA estar\u00e3o dispon\u00edveis no site do Detran PE (<a href=\"http:\/\/www.detran.pe.gov.br\/\" target=\"_blank\">www.detran.pe.gov.br<\/a>), a partir do pr\u00f3ximo dia 1\u00ba de janeiro.Segundo dados da Funda\u00e7\u00e3o Instituto de Pesquisas Aplic\u00e1veis (FIPE), o valor venal dos ve\u00edculos caiu 3,8% em 2016 em compara\u00e7\u00e3o com o ano anterior. Em rela\u00e7\u00e3o ao interior, a redu\u00e7\u00e3o foi de 4,5%. J\u00e1 para caminh\u00f5es, o pre\u00e7o diminuiu, em m\u00e9dia, 6,3%. Com isso, o valor do IPVA tamb\u00e9m ficar\u00e1 menor, j\u00e1 que ele tem como base os pre\u00e7os divulgados na Tabela FIPE.<\/p>\n<h2>Confira a tabela do IPVA 2017:<\/h2>\n<p><img loading=\"lazy\" decoding=\"async\" class=\"aligncenter\" src=\"http:\/\/www2.uol.com.br\/JC\/_ne10\/foto\/tabela-valores.gif\" width=\"657\" height=\"286\" border=\"0\" \/><\/p>\n<p><img loading=\"lazy\" decoding=\"async\" class=\"aligncenter\" src=\"http:\/\/www2.uol.com.br\/JC\/_ne10\/foto\/tabela-valores2.gif\" width=\"663\" height=\"289\" border=\"0\" \/><\/p>\n<\/div>\n","protected":false},"excerpt":{"rendered":"<p>NE10 boletos de pagamento do IPVA estar\u00e3o dispon\u00edveis no site do Detran PE a partir de 1\u00ba de janeiroFoto: Marcos Santos\/USP\/Fotos P\u00fablicas A tabela com os valores do IPVA 2017 foi publicada na edi\u00e7\u00e3o desta quarta-feira (28) do Di\u00e1rio Oficial do Estado. Para saber o valor que ir\u00e1 pagar, basta fazer uma busca de acordo com o ano e modelo do ve\u00edculo. De acordo com a Secretaria da Fazenda do Estado de Pernambuco (Sefaz-PE), os valores do imposto de 2017 ser\u00e3o mais baixos do que os cobrados em 2016. Sefaz modifica datas de pagamento do IPVA 2017 em abril A Sefaz informa ainda que os contribuintes que quitarem o IPVA na cota \u00fanica ter\u00e3o um desconto de 7% no valor&hellip; <\/p>\n","protected":false},"author":1,"featured_media":0,"comment_status":"open","ping_status":"open","sticky":false,"template":"","format":"standard","meta":{"_acf_changed":false,"footnotes":""},"categories":[44],"tags":[],"class_list":["post-155727","post","type-post","status-publish","format-standard","hentry","category-administracao"],"acf":[],"yoast_head":"<!-- This site is optimized with the Yoast SEO plugin v27.5 - https:\/\/yoast.com\/product\/yoast-seo-wordpress\/ -->\n<title>CONFIRA A TABELA DO IPVA 2017 EM PERNAMBUCO - Blog do Farn\u00e9sio<\/title>\n<meta name=\"robots\" content=\"index, follow, max-snippet:-1, max-image-preview:large, max-video-preview:-1\" \/>\n<link rel=\"canonical\" href=\"https:\/\/blogdofarnesio.com.br\/2016\/12\/confira-a-tabela-do-ipva-2017-em-pernambuco\/\" \/>\n<meta property=\"og:locale\" content=\"pt_BR\" \/>\n<meta property=\"og:type\" content=\"article\" \/>\n<meta property=\"og:title\" content=\"CONFIRA A TABELA DO IPVA 2017 EM PERNAMBUCO - Blog do Farn\u00e9sio\" \/>\n<meta property=\"og:description\" content=\"NE10 boletos de pagamento do IPVA estar\u00e3o dispon\u00edveis no site do Detran PE a partir de 1\u00ba de janeiroFoto: Marcos Santos\/USP\/Fotos P\u00fablicas A tabela com os valores do IPVA 2017 foi publicada na edi\u00e7\u00e3o desta quarta-feira (28) do Di\u00e1rio Oficial do Estado. Para saber o valor que ir\u00e1 pagar, basta fazer uma busca de acordo com o ano e modelo do ve\u00edculo. De acordo com a Secretaria da Fazenda do Estado de Pernambuco (Sefaz-PE), os valores do imposto de 2017 ser\u00e3o mais baixos do que os cobrados em 2016. Sefaz modifica datas de pagamento do IPVA 2017 em abril A Sefaz informa ainda que os contribuintes que quitarem o IPVA na cota \u00fanica ter\u00e3o um desconto de 7% no valor&hellip;\" \/>\n<meta property=\"og:url\" content=\"https:\/\/blogdofarnesio.com.br\/2016\/12\/confira-a-tabela-do-ipva-2017-em-pernambuco\/\" \/>\n<meta property=\"og:site_name\" content=\"Blog do Farn\u00e9sio\" \/>\n<meta property=\"article:publisher\" content=\"https:\/\/www.facebook.com\/BlogQuerSaberPolitica\/\" \/>\n<meta property=\"article:published_time\" content=\"2016-12-29T11:02:27+00:00\" \/>\n<meta property=\"og:image\" content=\"http:\/\/www2.uol.com.br\/JC\/_ne10\/foto\/tabela-valores.gif\" \/>\n<meta name=\"author\" content=\"Farn\u00e9sio\" \/>\n<meta name=\"twitter:card\" content=\"summary_large_image\" \/>\n<meta name=\"twitter:label1\" content=\"Escrito por\" \/>\n\t<meta name=\"twitter:data1\" content=\"Farn\u00e9sio\" \/>\n\t<meta name=\"twitter:label2\" content=\"Est. tempo de leitura\" \/>\n\t<meta name=\"twitter:data2\" content=\"1 minuto\" \/>\n<script type=\"application\/ld+json\" class=\"yoast-schema-graph\">{\"@context\":\"https:\\\/\\\/schema.org\",\"@graph\":[{\"@type\":\"Article\",\"@id\":\"https:\\\/\\\/blogdofarnesio.com.br\\\/2016\\\/12\\\/confira-a-tabela-do-ipva-2017-em-pernambuco\\\/#article\",\"isPartOf\":{\"@id\":\"https:\\\/\\\/blogdofarnesio.com.br\\\/2016\\\/12\\\/confira-a-tabela-do-ipva-2017-em-pernambuco\\\/\"},\"author\":{\"name\":\"Farn\u00e9sio\",\"@id\":\"https:\\\/\\\/blogdofarnesio.com.br\\\/#\\\/schema\\\/person\\\/301c4acf522bccbfdb45af95b5b906a1\"},\"headline\":\"CONFIRA A TABELA DO IPVA 2017 EM PERNAMBUCO\",\"datePublished\":\"2016-12-29T11:02:27+00:00\",\"mainEntityOfPage\":{\"@id\":\"https:\\\/\\\/blogdofarnesio.com.br\\\/2016\\\/12\\\/confira-a-tabela-do-ipva-2017-em-pernambuco\\\/\"},\"wordCount\":235,\"commentCount\":0,\"publisher\":{\"@id\":\"https:\\\/\\\/blogdofarnesio.com.br\\\/#organization\"},\"image\":{\"@id\":\"https:\\\/\\\/blogdofarnesio.com.br\\\/2016\\\/12\\\/confira-a-tabela-do-ipva-2017-em-pernambuco\\\/#primaryimage\"},\"thumbnailUrl\":\"http:\\\/\\\/www2.uol.com.br\\\/JC\\\/_ne10\\\/foto\\\/tabela-valores.gif\",\"articleSection\":[\"Administra\u00e7\u00e3o\"],\"inLanguage\":\"pt-BR\",\"potentialAction\":[{\"@type\":\"CommentAction\",\"name\":\"Comment\",\"target\":[\"https:\\\/\\\/blogdofarnesio.com.br\\\/2016\\\/12\\\/confira-a-tabela-do-ipva-2017-em-pernambuco\\\/#respond\"]}]},{\"@type\":\"WebPage\",\"@id\":\"https:\\\/\\\/blogdofarnesio.com.br\\\/2016\\\/12\\\/confira-a-tabela-do-ipva-2017-em-pernambuco\\\/\",\"url\":\"https:\\\/\\\/blogdofarnesio.com.br\\\/2016\\\/12\\\/confira-a-tabela-do-ipva-2017-em-pernambuco\\\/\",\"name\":\"CONFIRA A TABELA DO IPVA 2017 EM PERNAMBUCO - Blog do Farn\u00e9sio\",\"isPartOf\":{\"@id\":\"https:\\\/\\\/blogdofarnesio.com.br\\\/#website\"},\"primaryImageOfPage\":{\"@id\":\"https:\\\/\\\/blogdofarnesio.com.br\\\/2016\\\/12\\\/confira-a-tabela-do-ipva-2017-em-pernambuco\\\/#primaryimage\"},\"image\":{\"@id\":\"https:\\\/\\\/blogdofarnesio.com.br\\\/2016\\\/12\\\/confira-a-tabela-do-ipva-2017-em-pernambuco\\\/#primaryimage\"},\"thumbnailUrl\":\"http:\\\/\\\/www2.uol.com.br\\\/JC\\\/_ne10\\\/foto\\\/tabela-valores.gif\",\"datePublished\":\"2016-12-29T11:02:27+00:00\",\"breadcrumb\":{\"@id\":\"https:\\\/\\\/blogdofarnesio.com.br\\\/2016\\\/12\\\/confira-a-tabela-do-ipva-2017-em-pernambuco\\\/#breadcrumb\"},\"inLanguage\":\"pt-BR\",\"potentialAction\":[{\"@type\":\"ReadAction\",\"target\":[\"https:\\\/\\\/blogdofarnesio.com.br\\\/2016\\\/12\\\/confira-a-tabela-do-ipva-2017-em-pernambuco\\\/\"]}]},{\"@type\":\"ImageObject\",\"inLanguage\":\"pt-BR\",\"@id\":\"https:\\\/\\\/blogdofarnesio.com.br\\\/2016\\\/12\\\/confira-a-tabela-do-ipva-2017-em-pernambuco\\\/#primaryimage\",\"url\":\"http:\\\/\\\/www2.uol.com.br\\\/JC\\\/_ne10\\\/foto\\\/tabela-valores.gif\",\"contentUrl\":\"http:\\\/\\\/www2.uol.com.br\\\/JC\\\/_ne10\\\/foto\\\/tabela-valores.gif\"},{\"@type\":\"BreadcrumbList\",\"@id\":\"https:\\\/\\\/blogdofarnesio.com.br\\\/2016\\\/12\\\/confira-a-tabela-do-ipva-2017-em-pernambuco\\\/#breadcrumb\",\"itemListElement\":[{\"@type\":\"ListItem\",\"position\":1,\"name\":\"In\u00edcio\",\"item\":\"https:\\\/\\\/blogdofarnesio.com.br\\\/\"},{\"@type\":\"ListItem\",\"position\":2,\"name\":\"CONFIRA A TABELA DO IPVA 2017 EM PERNAMBUCO\"}]},{\"@type\":\"WebSite\",\"@id\":\"https:\\\/\\\/blogdofarnesio.com.br\\\/#website\",\"url\":\"https:\\\/\\\/blogdofarnesio.com.br\\\/\",\"name\":\"Blog do Farn\u00e9sio\",\"description\":\"Quer Saber Pol\u00edtica?\",\"publisher\":{\"@id\":\"https:\\\/\\\/blogdofarnesio.com.br\\\/#organization\"},\"potentialAction\":[{\"@type\":\"SearchAction\",\"target\":{\"@type\":\"EntryPoint\",\"urlTemplate\":\"https:\\\/\\\/blogdofarnesio.com.br\\\/?s={search_term_string}\"},\"query-input\":{\"@type\":\"PropertyValueSpecification\",\"valueRequired\":true,\"valueName\":\"search_term_string\"}}],\"inLanguage\":\"pt-BR\"},{\"@type\":\"Organization\",\"@id\":\"https:\\\/\\\/blogdofarnesio.com.br\\\/#organization\",\"name\":\"Blog do Farn\u00e9sio\",\"url\":\"https:\\\/\\\/blogdofarnesio.com.br\\\/\",\"logo\":{\"@type\":\"ImageObject\",\"inLanguage\":\"pt-BR\",\"@id\":\"https:\\\/\\\/blogdofarnesio.com.br\\\/#\\\/schema\\\/logo\\\/image\\\/\",\"url\":\"https:\\\/\\\/blogdofarnesio.com.br\\\/wp-content\\\/uploads\\\/2026\\\/03\\\/cropped-logo_new-1.png\",\"contentUrl\":\"https:\\\/\\\/blogdofarnesio.com.br\\\/wp-content\\\/uploads\\\/2026\\\/03\\\/cropped-logo_new-1.png\",\"width\":881,\"height\":685,\"caption\":\"Blog do Farn\u00e9sio\"},\"image\":{\"@id\":\"https:\\\/\\\/blogdofarnesio.com.br\\\/#\\\/schema\\\/logo\\\/image\\\/\"},\"sameAs\":[\"https:\\\/\\\/www.facebook.com\\\/BlogQuerSaberPolitica\\\/\"]},{\"@type\":\"Person\",\"@id\":\"https:\\\/\\\/blogdofarnesio.com.br\\\/#\\\/schema\\\/person\\\/301c4acf522bccbfdb45af95b5b906a1\",\"name\":\"Farn\u00e9sio\",\"image\":{\"@type\":\"ImageObject\",\"inLanguage\":\"pt-BR\",\"@id\":\"https:\\\/\\\/secure.gravatar.com\\\/avatar\\\/df0c9a14567c056f8ad6876ba5bbd1e3e2c48023eb6807342fc4663adf549f38?s=96&d=mm&r=g\",\"url\":\"https:\\\/\\\/secure.gravatar.com\\\/avatar\\\/df0c9a14567c056f8ad6876ba5bbd1e3e2c48023eb6807342fc4663adf549f38?s=96&d=mm&r=g\",\"contentUrl\":\"https:\\\/\\\/secure.gravatar.com\\\/avatar\\\/df0c9a14567c056f8ad6876ba5bbd1e3e2c48023eb6807342fc4663adf549f38?s=96&d=mm&r=g\",\"caption\":\"Farn\u00e9sio\"},\"sameAs\":[\"https:\\\/\\\/quersaberpolitica.com.br\"],\"url\":\"https:\\\/\\\/blogdofarnesio.com.br\\\/author\\\/farnesio\\\/\"}]}<\/script>\n<!-- \/ Yoast SEO plugin. -->","yoast_head_json":{"title":"CONFIRA A TABELA DO IPVA 2017 EM PERNAMBUCO - Blog do Farn\u00e9sio","robots":{"index":"index","follow":"follow","max-snippet":"max-snippet:-1","max-image-preview":"max-image-preview:large","max-video-preview":"max-video-preview:-1"},"canonical":"https:\/\/blogdofarnesio.com.br\/2016\/12\/confira-a-tabela-do-ipva-2017-em-pernambuco\/","og_locale":"pt_BR","og_type":"article","og_title":"CONFIRA A TABELA DO IPVA 2017 EM PERNAMBUCO - Blog do Farn\u00e9sio","og_description":"NE10 boletos de pagamento do IPVA estar\u00e3o dispon\u00edveis no site do Detran PE a partir de 1\u00ba de janeiroFoto: Marcos Santos\/USP\/Fotos P\u00fablicas A tabela com os valores do IPVA 2017 foi publicada na edi\u00e7\u00e3o desta quarta-feira (28) do Di\u00e1rio Oficial do Estado. Para saber o valor que ir\u00e1 pagar, basta fazer uma busca de acordo com o ano e modelo do ve\u00edculo. De acordo com a Secretaria da Fazenda do Estado de Pernambuco (Sefaz-PE), os valores do imposto de 2017 ser\u00e3o mais baixos do que os cobrados em 2016. Sefaz modifica datas de pagamento do IPVA 2017 em abril A Sefaz informa ainda que os contribuintes que quitarem o IPVA na cota \u00fanica ter\u00e3o um desconto de 7% no valor&hellip;","og_url":"https:\/\/blogdofarnesio.com.br\/2016\/12\/confira-a-tabela-do-ipva-2017-em-pernambuco\/","og_site_name":"Blog do Farn\u00e9sio","article_publisher":"https:\/\/www.facebook.com\/BlogQuerSaberPolitica\/","article_published_time":"2016-12-29T11:02:27+00:00","og_image":[{"url":"http:\/\/www2.uol.com.br\/JC\/_ne10\/foto\/tabela-valores.gif","type":"","width":"","height":""}],"author":"Farn\u00e9sio","twitter_card":"summary_large_image","twitter_misc":{"Escrito por":"Farn\u00e9sio","Est. tempo de leitura":"1 minuto"},"schema":{"@context":"https:\/\/schema.org","@graph":[{"@type":"Article","@id":"https:\/\/blogdofarnesio.com.br\/2016\/12\/confira-a-tabela-do-ipva-2017-em-pernambuco\/#article","isPartOf":{"@id":"https:\/\/blogdofarnesio.com.br\/2016\/12\/confira-a-tabela-do-ipva-2017-em-pernambuco\/"},"author":{"name":"Farn\u00e9sio","@id":"https:\/\/blogdofarnesio.com.br\/#\/schema\/person\/301c4acf522bccbfdb45af95b5b906a1"},"headline":"CONFIRA A TABELA DO IPVA 2017 EM PERNAMBUCO","datePublished":"2016-12-29T11:02:27+00:00","mainEntityOfPage":{"@id":"https:\/\/blogdofarnesio.com.br\/2016\/12\/confira-a-tabela-do-ipva-2017-em-pernambuco\/"},"wordCount":235,"commentCount":0,"publisher":{"@id":"https:\/\/blogdofarnesio.com.br\/#organization"},"image":{"@id":"https:\/\/blogdofarnesio.com.br\/2016\/12\/confira-a-tabela-do-ipva-2017-em-pernambuco\/#primaryimage"},"thumbnailUrl":"http:\/\/www2.uol.com.br\/JC\/_ne10\/foto\/tabela-valores.gif","articleSection":["Administra\u00e7\u00e3o"],"inLanguage":"pt-BR","potentialAction":[{"@type":"CommentAction","name":"Comment","target":["https:\/\/blogdofarnesio.com.br\/2016\/12\/confira-a-tabela-do-ipva-2017-em-pernambuco\/#respond"]}]},{"@type":"WebPage","@id":"https:\/\/blogdofarnesio.com.br\/2016\/12\/confira-a-tabela-do-ipva-2017-em-pernambuco\/","url":"https:\/\/blogdofarnesio.com.br\/2016\/12\/confira-a-tabela-do-ipva-2017-em-pernambuco\/","name":"CONFIRA A TABELA DO IPVA 2017 EM PERNAMBUCO - Blog do Farn\u00e9sio","isPartOf":{"@id":"https:\/\/blogdofarnesio.com.br\/#website"},"primaryImageOfPage":{"@id":"https:\/\/blogdofarnesio.com.br\/2016\/12\/confira-a-tabela-do-ipva-2017-em-pernambuco\/#primaryimage"},"image":{"@id":"https:\/\/blogdofarnesio.com.br\/2016\/12\/confira-a-tabela-do-ipva-2017-em-pernambuco\/#primaryimage"},"thumbnailUrl":"http:\/\/www2.uol.com.br\/JC\/_ne10\/foto\/tabela-valores.gif","datePublished":"2016-12-29T11:02:27+00:00","breadcrumb":{"@id":"https:\/\/blogdofarnesio.com.br\/2016\/12\/confira-a-tabela-do-ipva-2017-em-pernambuco\/#breadcrumb"},"inLanguage":"pt-BR","potentialAction":[{"@type":"ReadAction","target":["https:\/\/blogdofarnesio.com.br\/2016\/12\/confira-a-tabela-do-ipva-2017-em-pernambuco\/"]}]},{"@type":"ImageObject","inLanguage":"pt-BR","@id":"https:\/\/blogdofarnesio.com.br\/2016\/12\/confira-a-tabela-do-ipva-2017-em-pernambuco\/#primaryimage","url":"http:\/\/www2.uol.com.br\/JC\/_ne10\/foto\/tabela-valores.gif","contentUrl":"http:\/\/www2.uol.com.br\/JC\/_ne10\/foto\/tabela-valores.gif"},{"@type":"BreadcrumbList","@id":"https:\/\/blogdofarnesio.com.br\/2016\/12\/confira-a-tabela-do-ipva-2017-em-pernambuco\/#breadcrumb","itemListElement":[{"@type":"ListItem","position":1,"name":"In\u00edcio","item":"https:\/\/blogdofarnesio.com.br\/"},{"@type":"ListItem","position":2,"name":"CONFIRA A TABELA DO IPVA 2017 EM PERNAMBUCO"}]},{"@type":"WebSite","@id":"https:\/\/blogdofarnesio.com.br\/#website","url":"https:\/\/blogdofarnesio.com.br\/","name":"Blog do Farn\u00e9sio","description":"Quer Saber Pol\u00edtica?","publisher":{"@id":"https:\/\/blogdofarnesio.com.br\/#organization"},"potentialAction":[{"@type":"SearchAction","target":{"@type":"EntryPoint","urlTemplate":"https:\/\/blogdofarnesio.com.br\/?s={search_term_string}"},"query-input":{"@type":"PropertyValueSpecification","valueRequired":true,"valueName":"search_term_string"}}],"inLanguage":"pt-BR"},{"@type":"Organization","@id":"https:\/\/blogdofarnesio.com.br\/#organization","name":"Blog do Farn\u00e9sio","url":"https:\/\/blogdofarnesio.com.br\/","logo":{"@type":"ImageObject","inLanguage":"pt-BR","@id":"https:\/\/blogdofarnesio.com.br\/#\/schema\/logo\/image\/","url":"https:\/\/blogdofarnesio.com.br\/wp-content\/uploads\/2026\/03\/cropped-logo_new-1.png","contentUrl":"https:\/\/blogdofarnesio.com.br\/wp-content\/uploads\/2026\/03\/cropped-logo_new-1.png","width":881,"height":685,"caption":"Blog do Farn\u00e9sio"},"image":{"@id":"https:\/\/blogdofarnesio.com.br\/#\/schema\/logo\/image\/"},"sameAs":["https:\/\/www.facebook.com\/BlogQuerSaberPolitica\/"]},{"@type":"Person","@id":"https:\/\/blogdofarnesio.com.br\/#\/schema\/person\/301c4acf522bccbfdb45af95b5b906a1","name":"Farn\u00e9sio","image":{"@type":"ImageObject","inLanguage":"pt-BR","@id":"https:\/\/secure.gravatar.com\/avatar\/df0c9a14567c056f8ad6876ba5bbd1e3e2c48023eb6807342fc4663adf549f38?s=96&d=mm&r=g","url":"https:\/\/secure.gravatar.com\/avatar\/df0c9a14567c056f8ad6876ba5bbd1e3e2c48023eb6807342fc4663adf549f38?s=96&d=mm&r=g","contentUrl":"https:\/\/secure.gravatar.com\/avatar\/df0c9a14567c056f8ad6876ba5bbd1e3e2c48023eb6807342fc4663adf549f38?s=96&d=mm&r=g","caption":"Farn\u00e9sio"},"sameAs":["https:\/\/quersaberpolitica.com.br"],"url":"https:\/\/blogdofarnesio.com.br\/author\/farnesio\/"}]}},"_links":{"self":[{"href":"https:\/\/blogdofarnesio.com.br\/wp-json\/wp\/v2\/posts\/155727","targetHints":{"allow":["GET"]}}],"collection":[{"href":"https:\/\/blogdofarnesio.com.br\/wp-json\/wp\/v2\/posts"}],"about":[{"href":"https:\/\/blogdofarnesio.com.br\/wp-json\/wp\/v2\/types\/post"}],"author":[{"embeddable":true,"href":"https:\/\/blogdofarnesio.com.br\/wp-json\/wp\/v2\/users\/1"}],"replies":[{"embeddable":true,"href":"https:\/\/blogdofarnesio.com.br\/wp-json\/wp\/v2\/comments?post=155727"}],"version-history":[{"count":0,"href":"https:\/\/blogdofarnesio.com.br\/wp-json\/wp\/v2\/posts\/155727\/revisions"}],"wp:attachment":[{"href":"https:\/\/blogdofarnesio.com.br\/wp-json\/wp\/v2\/media?parent=155727"}],"wp:term":[{"taxonomy":"category","embeddable":true,"href":"https:\/\/blogdofarnesio.com.br\/wp-json\/wp\/v2\/categories?post=155727"},{"taxonomy":"post_tag","embeddable":true,"href":"https:\/\/blogdofarnesio.com.br\/wp-json\/wp\/v2\/tags?post=155727"}],"curies":[{"name":"wp","href":"https:\/\/api.w.org\/{rel}","templated":true}]}}