{"id":155702,"date":"2016-12-29T08:31:36","date_gmt":"2016-12-29T11:31:36","guid":{"rendered":"http:\/\/quersaberpolitica.com.br\/2016\/?p=155702"},"modified":"2016-12-28T21:09:40","modified_gmt":"2016-12-29T00:09:40","slug":"posse-e-transmissao-de-cargo-de-prefeito-de-petrolina-ocorrera-neste-domingo","status":"publish","type":"post","link":"https:\/\/blogdofarnesio.com.br\/?p=155702","title":{"rendered":"POSSE E TRANSMISS\u00c3O DE CARGO DE PREFEITO DE PETROLINA OCORRER\u00c1 NESTE DOMINGO"},"content":{"rendered":"<p style=\"text-align: justify;\">Os novos prefeito e vice-prefeita de Petrolina, Miguel Coelho e Luska Portela, assumem os cargos oficialmente neste domingo (1\u00b0). O evento ser\u00e1 realizado em duas cerim\u00f4nias: a posse no Sesc, a partir das 17h, e, em seguida, a transmiss\u00e3o de cargo na sede da Prefeitura, por volta das 19h. As duas solenidades ser\u00e3o abertas ao p\u00fablico.<\/p>\n<p>No Sesc, al\u00e9m da posse de Miguel e Luska, ser\u00e3o oficialmente nomeados os 23 vereadores eleitos da capital do S\u00e3o Francisco. A cerim\u00f4nia ser\u00e1 conduzida pela C\u00e2mara Municipal e ter\u00e1 espa\u00e7o para discursos do presidente da C\u00e2mara, Os\u00f3rio Siqueira, e do prefeito Miguel Coelho.<\/p>\n<p>Ao t\u00e9rmino da posse, Miguel e Luska seguem a p\u00e9 direto para a sede da Prefeitura de Petrolina. No pr\u00e9dio municipal, o novo prefeito ser\u00e1 recebido pelo atual gestor, Julio L\u00f3ssio, para a transmiss\u00e3o de cargo. Os dois prefeitos assinam documento de in\u00edcio e t\u00e9rmino de cada mandato. Ap\u00f3s a transfer\u00eancia de cargo, Miguel se dirigir\u00e1 at\u00e9 a sacada do gabinete para falar ao p\u00fablico que assistir\u00e1 em frente ao pr\u00e9dio da Prefeitura.<\/p>\n<p>Para a realiza\u00e7\u00e3o do evento, ser\u00e1 montada uma estrutura de apoio da Guarda Municipal e para o tr\u00e2nsito do entorno da sede municipal. A expectativa \u00e9 de que todo o evento encerre em torno das 20h30.<\/p>\n<p>Servi\u00e7o:<br \/>\nPosse de Miguel, Luska e vereadores<br \/>\nLocal: Sesc \u2013 Rua Pac\u00edfico da Luz, 618, Centro<br \/>\nHor\u00e1rio: 17h<\/p>\n<p>Transmiss\u00e3o de cargo<br \/>\nLocal: sede da Prefeitura \u2013 Avenida Guararapes, Centro<br \/>\nHor\u00e1rio: ap\u00f3s a posse, por volta das 19h<\/p>\n","protected":false},"excerpt":{"rendered":"<p>Os novos prefeito e vice-prefeita de Petrolina, Miguel Coelho e Luska Portela, assumem os cargos oficialmente neste domingo (1\u00b0). O evento ser\u00e1 realizado em duas cerim\u00f4nias: a posse no Sesc, a partir das 17h, e, em seguida, a transmiss\u00e3o de cargo na sede da Prefeitura, por volta das 19h. As duas solenidades ser\u00e3o abertas ao p\u00fablico. No Sesc, al\u00e9m da posse de Miguel e Luska, ser\u00e3o oficialmente nomeados os 23 vereadores eleitos da capital do S\u00e3o Francisco. A cerim\u00f4nia ser\u00e1 conduzida pela C\u00e2mara Municipal e ter\u00e1 espa\u00e7o para discursos do presidente da C\u00e2mara, Os\u00f3rio Siqueira, e do prefeito Miguel Coelho. Ao t\u00e9rmino da posse, Miguel e Luska seguem a p\u00e9 direto para a sede da Prefeitura de Petrolina. No pr\u00e9dio&hellip; <\/p>\n","protected":false},"author":1,"featured_media":153037,"comment_status":"open","ping_status":"open","sticky":false,"template":"","format":"standard","meta":{"_acf_changed":false,"footnotes":""},"categories":[44,1],"tags":[],"class_list":["post-155702","post","type-post","status-publish","format-standard","has-post-thumbnail","hentry","category-administracao","category-politica"],"acf":[],"yoast_head":"<!-- This site is optimized with the Yoast SEO plugin v27.4 - https:\/\/yoast.com\/product\/yoast-seo-wordpress\/ -->\n<title>POSSE E TRANSMISS\u00c3O DE CARGO DE PREFEITO DE PETROLINA OCORRER\u00c1 NESTE DOMINGO - Blog do Farn\u00e9sio<\/title>\n<meta name=\"robots\" content=\"index, follow, max-snippet:-1, max-image-preview:large, max-video-preview:-1\" \/>\n<link rel=\"canonical\" href=\"https:\/\/blogdofarnesio.com.br\/?p=155702\" \/>\n<meta property=\"og:locale\" content=\"pt_BR\" \/>\n<meta property=\"og:type\" content=\"article\" \/>\n<meta property=\"og:title\" content=\"POSSE E TRANSMISS\u00c3O DE CARGO DE PREFEITO DE PETROLINA OCORRER\u00c1 NESTE DOMINGO - Blog do Farn\u00e9sio\" \/>\n<meta property=\"og:description\" content=\"Os novos prefeito e vice-prefeita de Petrolina, Miguel Coelho e Luska Portela, assumem os cargos oficialmente neste domingo (1\u00b0). O evento ser\u00e1 realizado em duas cerim\u00f4nias: a posse no Sesc, a partir das 17h, e, em seguida, a transmiss\u00e3o de cargo na sede da Prefeitura, por volta das 19h. As duas solenidades ser\u00e3o abertas ao p\u00fablico. No Sesc, al\u00e9m da posse de Miguel e Luska, ser\u00e3o oficialmente nomeados os 23 vereadores eleitos da capital do S\u00e3o Francisco. A cerim\u00f4nia ser\u00e1 conduzida pela C\u00e2mara Municipal e ter\u00e1 espa\u00e7o para discursos do presidente da C\u00e2mara, Os\u00f3rio Siqueira, e do prefeito Miguel Coelho. Ao t\u00e9rmino da posse, Miguel e Luska seguem a p\u00e9 direto para a sede da Prefeitura de Petrolina. No pr\u00e9dio&hellip;\" \/>\n<meta property=\"og:url\" content=\"https:\/\/blogdofarnesio.com.br\/?p=155702\" \/>\n<meta property=\"og:site_name\" content=\"Blog do Farn\u00e9sio\" \/>\n<meta property=\"article:publisher\" content=\"https:\/\/www.facebook.com\/BlogQuerSaberPolitica\/\" \/>\n<meta property=\"article:published_time\" content=\"2016-12-29T11:31:36+00:00\" \/>\n<meta property=\"og:image\" content=\"https:\/\/blogdofarnesio.com.br\/wp-content\/uploads\/2016\/12\/blogqsp-miguel-luska-vice.jpg\" \/>\n\t<meta property=\"og:image:width\" content=\"640\" \/>\n\t<meta property=\"og:image:height\" content=\"359\" \/>\n\t<meta property=\"og:image:type\" content=\"image\/jpeg\" \/>\n<meta name=\"author\" content=\"Farn\u00e9sio\" \/>\n<meta name=\"twitter:card\" content=\"summary_large_image\" \/>\n<meta name=\"twitter:label1\" content=\"Escrito por\" \/>\n\t<meta name=\"twitter:data1\" content=\"Farn\u00e9sio\" \/>\n\t<meta name=\"twitter:label2\" content=\"Est. tempo de leitura\" \/>\n\t<meta name=\"twitter:data2\" content=\"1 minuto\" \/>\n<script type=\"application\/ld+json\" class=\"yoast-schema-graph\">{\"@context\":\"https:\\\/\\\/schema.org\",\"@graph\":[{\"@type\":\"Article\",\"@id\":\"https:\\\/\\\/blogdofarnesio.com.br\\\/?p=155702#article\",\"isPartOf\":{\"@id\":\"https:\\\/\\\/blogdofarnesio.com.br\\\/?p=155702\"},\"author\":{\"name\":\"Farn\u00e9sio\",\"@id\":\"https:\\\/\\\/blogdofarnesio.com.br\\\/#\\\/schema\\\/person\\\/301c4acf522bccbfdb45af95b5b906a1\"},\"headline\":\"POSSE E TRANSMISS\u00c3O DE CARGO DE PREFEITO DE PETROLINA OCORRER\u00c1 NESTE DOMINGO\",\"datePublished\":\"2016-12-29T11:31:36+00:00\",\"mainEntityOfPage\":{\"@id\":\"https:\\\/\\\/blogdofarnesio.com.br\\\/?p=155702\"},\"wordCount\":283,\"commentCount\":0,\"publisher\":{\"@id\":\"https:\\\/\\\/blogdofarnesio.com.br\\\/#organization\"},\"image\":{\"@id\":\"https:\\\/\\\/blogdofarnesio.com.br\\\/?p=155702#primaryimage\"},\"thumbnailUrl\":\"https:\\\/\\\/blogdofarnesio.com.br\\\/wp-content\\\/uploads\\\/2016\\\/12\\\/blogqsp-miguel-luska-vice.jpg\",\"articleSection\":[\"Administra\u00e7\u00e3o\",\"Pol\u00edtica\"],\"inLanguage\":\"pt-BR\",\"potentialAction\":[{\"@type\":\"CommentAction\",\"name\":\"Comment\",\"target\":[\"https:\\\/\\\/blogdofarnesio.com.br\\\/?p=155702#respond\"]}]},{\"@type\":\"WebPage\",\"@id\":\"https:\\\/\\\/blogdofarnesio.com.br\\\/?p=155702\",\"url\":\"https:\\\/\\\/blogdofarnesio.com.br\\\/?p=155702\",\"name\":\"POSSE E TRANSMISS\u00c3O DE CARGO DE PREFEITO DE PETROLINA OCORRER\u00c1 NESTE DOMINGO - Blog do Farn\u00e9sio\",\"isPartOf\":{\"@id\":\"https:\\\/\\\/blogdofarnesio.com.br\\\/#website\"},\"primaryImageOfPage\":{\"@id\":\"https:\\\/\\\/blogdofarnesio.com.br\\\/?p=155702#primaryimage\"},\"image\":{\"@id\":\"https:\\\/\\\/blogdofarnesio.com.br\\\/?p=155702#primaryimage\"},\"thumbnailUrl\":\"https:\\\/\\\/blogdofarnesio.com.br\\\/wp-content\\\/uploads\\\/2016\\\/12\\\/blogqsp-miguel-luska-vice.jpg\",\"datePublished\":\"2016-12-29T11:31:36+00:00\",\"breadcrumb\":{\"@id\":\"https:\\\/\\\/blogdofarnesio.com.br\\\/?p=155702#breadcrumb\"},\"inLanguage\":\"pt-BR\",\"potentialAction\":[{\"@type\":\"ReadAction\",\"target\":[\"https:\\\/\\\/blogdofarnesio.com.br\\\/?p=155702\"]}]},{\"@type\":\"ImageObject\",\"inLanguage\":\"pt-BR\",\"@id\":\"https:\\\/\\\/blogdofarnesio.com.br\\\/?p=155702#primaryimage\",\"url\":\"https:\\\/\\\/blogdofarnesio.com.br\\\/wp-content\\\/uploads\\\/2016\\\/12\\\/blogqsp-miguel-luska-vice.jpg\",\"contentUrl\":\"https:\\\/\\\/blogdofarnesio.com.br\\\/wp-content\\\/uploads\\\/2016\\\/12\\\/blogqsp-miguel-luska-vice.jpg\",\"width\":640,\"height\":359,\"caption\":\"SONY DSC\"},{\"@type\":\"BreadcrumbList\",\"@id\":\"https:\\\/\\\/blogdofarnesio.com.br\\\/?p=155702#breadcrumb\",\"itemListElement\":[{\"@type\":\"ListItem\",\"position\":1,\"name\":\"In\u00edcio\",\"item\":\"https:\\\/\\\/blogdofarnesio.com.br\\\/\"},{\"@type\":\"ListItem\",\"position\":2,\"name\":\"POSSE E TRANSMISS\u00c3O DE CARGO DE PREFEITO DE PETROLINA OCORRER\u00c1 NESTE DOMINGO\"}]},{\"@type\":\"WebSite\",\"@id\":\"https:\\\/\\\/blogdofarnesio.com.br\\\/#website\",\"url\":\"https:\\\/\\\/blogdofarnesio.com.br\\\/\",\"name\":\"Blog do Farn\u00e9sio\",\"description\":\"Quer Saber Pol\u00edtica?\",\"publisher\":{\"@id\":\"https:\\\/\\\/blogdofarnesio.com.br\\\/#organization\"},\"potentialAction\":[{\"@type\":\"SearchAction\",\"target\":{\"@type\":\"EntryPoint\",\"urlTemplate\":\"https:\\\/\\\/blogdofarnesio.com.br\\\/?s={search_term_string}\"},\"query-input\":{\"@type\":\"PropertyValueSpecification\",\"valueRequired\":true,\"valueName\":\"search_term_string\"}}],\"inLanguage\":\"pt-BR\"},{\"@type\":\"Organization\",\"@id\":\"https:\\\/\\\/blogdofarnesio.com.br\\\/#organization\",\"name\":\"Blog do Farn\u00e9sio\",\"url\":\"https:\\\/\\\/blogdofarnesio.com.br\\\/\",\"logo\":{\"@type\":\"ImageObject\",\"inLanguage\":\"pt-BR\",\"@id\":\"https:\\\/\\\/blogdofarnesio.com.br\\\/#\\\/schema\\\/logo\\\/image\\\/\",\"url\":\"https:\\\/\\\/blogdofarnesio.com.br\\\/wp-content\\\/uploads\\\/2026\\\/03\\\/cropped-logo_new-1.png\",\"contentUrl\":\"https:\\\/\\\/blogdofarnesio.com.br\\\/wp-content\\\/uploads\\\/2026\\\/03\\\/cropped-logo_new-1.png\",\"width\":881,\"height\":685,\"caption\":\"Blog do Farn\u00e9sio\"},\"image\":{\"@id\":\"https:\\\/\\\/blogdofarnesio.com.br\\\/#\\\/schema\\\/logo\\\/image\\\/\"},\"sameAs\":[\"https:\\\/\\\/www.facebook.com\\\/BlogQuerSaberPolitica\\\/\"]},{\"@type\":\"Person\",\"@id\":\"https:\\\/\\\/blogdofarnesio.com.br\\\/#\\\/schema\\\/person\\\/301c4acf522bccbfdb45af95b5b906a1\",\"name\":\"Farn\u00e9sio\",\"image\":{\"@type\":\"ImageObject\",\"inLanguage\":\"pt-BR\",\"@id\":\"https:\\\/\\\/secure.gravatar.com\\\/avatar\\\/df0c9a14567c056f8ad6876ba5bbd1e3e2c48023eb6807342fc4663adf549f38?s=96&d=mm&r=g\",\"url\":\"https:\\\/\\\/secure.gravatar.com\\\/avatar\\\/df0c9a14567c056f8ad6876ba5bbd1e3e2c48023eb6807342fc4663adf549f38?s=96&d=mm&r=g\",\"contentUrl\":\"https:\\\/\\\/secure.gravatar.com\\\/avatar\\\/df0c9a14567c056f8ad6876ba5bbd1e3e2c48023eb6807342fc4663adf549f38?s=96&d=mm&r=g\",\"caption\":\"Farn\u00e9sio\"},\"sameAs\":[\"https:\\\/\\\/quersaberpolitica.com.br\"],\"url\":\"https:\\\/\\\/blogdofarnesio.com.br\\\/?author=1\"}]}<\/script>\n<!-- \/ Yoast SEO plugin. -->","yoast_head_json":{"title":"POSSE E TRANSMISS\u00c3O DE CARGO DE PREFEITO DE PETROLINA OCORRER\u00c1 NESTE DOMINGO - Blog do Farn\u00e9sio","robots":{"index":"index","follow":"follow","max-snippet":"max-snippet:-1","max-image-preview":"max-image-preview:large","max-video-preview":"max-video-preview:-1"},"canonical":"https:\/\/blogdofarnesio.com.br\/?p=155702","og_locale":"pt_BR","og_type":"article","og_title":"POSSE E TRANSMISS\u00c3O DE CARGO DE PREFEITO DE PETROLINA OCORRER\u00c1 NESTE DOMINGO - Blog do Farn\u00e9sio","og_description":"Os novos prefeito e vice-prefeita de Petrolina, Miguel Coelho e Luska Portela, assumem os cargos oficialmente neste domingo (1\u00b0). O evento ser\u00e1 realizado em duas cerim\u00f4nias: a posse no Sesc, a partir das 17h, e, em seguida, a transmiss\u00e3o de cargo na sede da Prefeitura, por volta das 19h. As duas solenidades ser\u00e3o abertas ao p\u00fablico. No Sesc, al\u00e9m da posse de Miguel e Luska, ser\u00e3o oficialmente nomeados os 23 vereadores eleitos da capital do S\u00e3o Francisco. A cerim\u00f4nia ser\u00e1 conduzida pela C\u00e2mara Municipal e ter\u00e1 espa\u00e7o para discursos do presidente da C\u00e2mara, Os\u00f3rio Siqueira, e do prefeito Miguel Coelho. Ao t\u00e9rmino da posse, Miguel e Luska seguem a p\u00e9 direto para a sede da Prefeitura de Petrolina. No pr\u00e9dio&hellip;","og_url":"https:\/\/blogdofarnesio.com.br\/?p=155702","og_site_name":"Blog do Farn\u00e9sio","article_publisher":"https:\/\/www.facebook.com\/BlogQuerSaberPolitica\/","article_published_time":"2016-12-29T11:31:36+00:00","og_image":[{"width":640,"height":359,"url":"https:\/\/blogdofarnesio.com.br\/wp-content\/uploads\/2016\/12\/blogqsp-miguel-luska-vice.jpg","type":"image\/jpeg"}],"author":"Farn\u00e9sio","twitter_card":"summary_large_image","twitter_misc":{"Escrito por":"Farn\u00e9sio","Est. tempo de leitura":"1 minuto"},"schema":{"@context":"https:\/\/schema.org","@graph":[{"@type":"Article","@id":"https:\/\/blogdofarnesio.com.br\/?p=155702#article","isPartOf":{"@id":"https:\/\/blogdofarnesio.com.br\/?p=155702"},"author":{"name":"Farn\u00e9sio","@id":"https:\/\/blogdofarnesio.com.br\/#\/schema\/person\/301c4acf522bccbfdb45af95b5b906a1"},"headline":"POSSE E TRANSMISS\u00c3O DE CARGO DE PREFEITO DE PETROLINA OCORRER\u00c1 NESTE DOMINGO","datePublished":"2016-12-29T11:31:36+00:00","mainEntityOfPage":{"@id":"https:\/\/blogdofarnesio.com.br\/?p=155702"},"wordCount":283,"commentCount":0,"publisher":{"@id":"https:\/\/blogdofarnesio.com.br\/#organization"},"image":{"@id":"https:\/\/blogdofarnesio.com.br\/?p=155702#primaryimage"},"thumbnailUrl":"https:\/\/blogdofarnesio.com.br\/wp-content\/uploads\/2016\/12\/blogqsp-miguel-luska-vice.jpg","articleSection":["Administra\u00e7\u00e3o","Pol\u00edtica"],"inLanguage":"pt-BR","potentialAction":[{"@type":"CommentAction","name":"Comment","target":["https:\/\/blogdofarnesio.com.br\/?p=155702#respond"]}]},{"@type":"WebPage","@id":"https:\/\/blogdofarnesio.com.br\/?p=155702","url":"https:\/\/blogdofarnesio.com.br\/?p=155702","name":"POSSE E TRANSMISS\u00c3O DE CARGO DE PREFEITO DE PETROLINA OCORRER\u00c1 NESTE DOMINGO - Blog do Farn\u00e9sio","isPartOf":{"@id":"https:\/\/blogdofarnesio.com.br\/#website"},"primaryImageOfPage":{"@id":"https:\/\/blogdofarnesio.com.br\/?p=155702#primaryimage"},"image":{"@id":"https:\/\/blogdofarnesio.com.br\/?p=155702#primaryimage"},"thumbnailUrl":"https:\/\/blogdofarnesio.com.br\/wp-content\/uploads\/2016\/12\/blogqsp-miguel-luska-vice.jpg","datePublished":"2016-12-29T11:31:36+00:00","breadcrumb":{"@id":"https:\/\/blogdofarnesio.com.br\/?p=155702#breadcrumb"},"inLanguage":"pt-BR","potentialAction":[{"@type":"ReadAction","target":["https:\/\/blogdofarnesio.com.br\/?p=155702"]}]},{"@type":"ImageObject","inLanguage":"pt-BR","@id":"https:\/\/blogdofarnesio.com.br\/?p=155702#primaryimage","url":"https:\/\/blogdofarnesio.com.br\/wp-content\/uploads\/2016\/12\/blogqsp-miguel-luska-vice.jpg","contentUrl":"https:\/\/blogdofarnesio.com.br\/wp-content\/uploads\/2016\/12\/blogqsp-miguel-luska-vice.jpg","width":640,"height":359,"caption":"SONY DSC"},{"@type":"BreadcrumbList","@id":"https:\/\/blogdofarnesio.com.br\/?p=155702#breadcrumb","itemListElement":[{"@type":"ListItem","position":1,"name":"In\u00edcio","item":"https:\/\/blogdofarnesio.com.br\/"},{"@type":"ListItem","position":2,"name":"POSSE E TRANSMISS\u00c3O DE CARGO DE PREFEITO DE PETROLINA OCORRER\u00c1 NESTE DOMINGO"}]},{"@type":"WebSite","@id":"https:\/\/blogdofarnesio.com.br\/#website","url":"https:\/\/blogdofarnesio.com.br\/","name":"Blog do Farn\u00e9sio","description":"Quer Saber Pol\u00edtica?","publisher":{"@id":"https:\/\/blogdofarnesio.com.br\/#organization"},"potentialAction":[{"@type":"SearchAction","target":{"@type":"EntryPoint","urlTemplate":"https:\/\/blogdofarnesio.com.br\/?s={search_term_string}"},"query-input":{"@type":"PropertyValueSpecification","valueRequired":true,"valueName":"search_term_string"}}],"inLanguage":"pt-BR"},{"@type":"Organization","@id":"https:\/\/blogdofarnesio.com.br\/#organization","name":"Blog do Farn\u00e9sio","url":"https:\/\/blogdofarnesio.com.br\/","logo":{"@type":"ImageObject","inLanguage":"pt-BR","@id":"https:\/\/blogdofarnesio.com.br\/#\/schema\/logo\/image\/","url":"https:\/\/blogdofarnesio.com.br\/wp-content\/uploads\/2026\/03\/cropped-logo_new-1.png","contentUrl":"https:\/\/blogdofarnesio.com.br\/wp-content\/uploads\/2026\/03\/cropped-logo_new-1.png","width":881,"height":685,"caption":"Blog do Farn\u00e9sio"},"image":{"@id":"https:\/\/blogdofarnesio.com.br\/#\/schema\/logo\/image\/"},"sameAs":["https:\/\/www.facebook.com\/BlogQuerSaberPolitica\/"]},{"@type":"Person","@id":"https:\/\/blogdofarnesio.com.br\/#\/schema\/person\/301c4acf522bccbfdb45af95b5b906a1","name":"Farn\u00e9sio","image":{"@type":"ImageObject","inLanguage":"pt-BR","@id":"https:\/\/secure.gravatar.com\/avatar\/df0c9a14567c056f8ad6876ba5bbd1e3e2c48023eb6807342fc4663adf549f38?s=96&d=mm&r=g","url":"https:\/\/secure.gravatar.com\/avatar\/df0c9a14567c056f8ad6876ba5bbd1e3e2c48023eb6807342fc4663adf549f38?s=96&d=mm&r=g","contentUrl":"https:\/\/secure.gravatar.com\/avatar\/df0c9a14567c056f8ad6876ba5bbd1e3e2c48023eb6807342fc4663adf549f38?s=96&d=mm&r=g","caption":"Farn\u00e9sio"},"sameAs":["https:\/\/quersaberpolitica.com.br"],"url":"https:\/\/blogdofarnesio.com.br\/?author=1"}]}},"_links":{"self":[{"href":"https:\/\/blogdofarnesio.com.br\/index.php?rest_route=\/wp\/v2\/posts\/155702","targetHints":{"allow":["GET"]}}],"collection":[{"href":"https:\/\/blogdofarnesio.com.br\/index.php?rest_route=\/wp\/v2\/posts"}],"about":[{"href":"https:\/\/blogdofarnesio.com.br\/index.php?rest_route=\/wp\/v2\/types\/post"}],"author":[{"embeddable":true,"href":"https:\/\/blogdofarnesio.com.br\/index.php?rest_route=\/wp\/v2\/users\/1"}],"replies":[{"embeddable":true,"href":"https:\/\/blogdofarnesio.com.br\/index.php?rest_route=%2Fwp%2Fv2%2Fcomments&post=155702"}],"version-history":[{"count":0,"href":"https:\/\/blogdofarnesio.com.br\/index.php?rest_route=\/wp\/v2\/posts\/155702\/revisions"}],"wp:featuredmedia":[{"embeddable":true,"href":"https:\/\/blogdofarnesio.com.br\/index.php?rest_route=\/wp\/v2\/media\/153037"}],"wp:attachment":[{"href":"https:\/\/blogdofarnesio.com.br\/index.php?rest_route=%2Fwp%2Fv2%2Fmedia&parent=155702"}],"wp:term":[{"taxonomy":"category","embeddable":true,"href":"https:\/\/blogdofarnesio.com.br\/index.php?rest_route=%2Fwp%2Fv2%2Fcategories&post=155702"},{"taxonomy":"post_tag","embeddable":true,"href":"https:\/\/blogdofarnesio.com.br\/index.php?rest_route=%2Fwp%2Fv2%2Ftags&post=155702"}],"curies":[{"name":"wp","href":"https:\/\/api.w.org\/{rel}","templated":true}]}}