{"id":15547,"date":"2012-07-08T20:00:09","date_gmt":"2012-07-08T20:00:09","guid":{"rendered":"http:\/\/www.quersaberpolitica.com.br?p=15547"},"modified":"-0001-11-30T00:00:00","modified_gmt":"-0001-11-30T03:00:00","slug":"ministro-da-saude-inaugura-fabrica-de-mosquito-aedes-transgenico-em-juazeiro","status":"publish","type":"post","link":"https:\/\/blogdofarnesio.com.br\/?p=15547","title":{"rendered":"Ministro da sa\u00fade inaugura F\u00e1brica de mosquito Aedes Transg\u00eanico Em Juazeiro"},"content":{"rendered":"<p><p style=\"text-align: justify;\"><a rel=\"lightbox\" href=\"http:\/\/www.quersaberpolitica.com.br\/2016\/wp-content\/uploads\/2012\/12\/blogqspmoscamed_foto_farnesio_silva(32).jpg\"><img loading=\"lazy\" decoding=\"async\" style=\"float: left; margin: 5px 10px;\" src=\"http:\/\/www.quersaberpolitica.com.br\/2016\/wp-content\/uploads\/2012\/12\/blogqspmoscamed_foto_farnesio_silva(32).jpg\" alt=\"\" width=\"200\" height=\"150\" \/><\/a><span style=\"font-size: medium;\"><span style=\"font-family: arial, helvetica, sans-serif;\"><a rel=\"lightbox\" href=\"http:\/\/www.quersaberpolitica.com.br\/2016\/wp-content\/uploads\/2012\/12\/blogqspmoscamed_foto_farnesio_silva(31).jpg\"><img loading=\"lazy\" decoding=\"async\" style=\"float: right; margin: 5px 10px;\" src=\"http:\/\/www.quersaberpolitica.com.br\/2016\/wp-content\/uploads\/2012\/12\/blogqspmoscamed_foto_farnesio_silva(31).jpg\" alt=\"\" width=\"200\" height=\"150\" \/><\/a>A pesquisa desenvolvida na Bahia para o controle biol&oacute;gico do mosquito transmissor da dengue vai dar um importante passo neste s&aacute;bado, com a inaugura&ccedil;&atilde;o das novas instala&ccedil;&otilde;es da Unidade de Produ&ccedil;&atilde;o do Aedes Transg&ecirc;nico, na Biof&aacute;brica Moscamed Brasil, em Juazeiro. O empreendimento foi constru&iacute;do com recursos do governo da Bahia, cerca de R$ 1,6 milh&atilde;o. Participaram da solenidade, o ministro da Sa&uacute;de, Alexandre Padilha, e os secret&aacute;rios estaduais da Sa&uacute;de, Jorge Solla, da Ci&ecirc;ncia, Tecnologia e Inova&ccedil;&atilde;o, Paulo C&acirc;mera, &nbsp;da Agricultura, Eduardo Salles da Bahia e Ranilson Ramos de Pernambuco.<\/span><\/span><\/p>\n<p style=\"text-align: justify;\"><span style=\"font-size: medium;\"><span style=\"font-family: arial, helvetica, sans-serif;\"><a rel=\"lightbox\" href=\"http:\/\/www.quersaberpolitica.com.br\/2016\/wp-content\/uploads\/2012\/12\/blogqspmoscamed_foto_farnesio_silva(20).jpg\"><img loading=\"lazy\" decoding=\"async\" style=\"float: right; margin: 5px 10px;\" src=\"http:\/\/www.quersaberpolitica.com.br\/2016\/wp-content\/uploads\/2012\/12\/blogqspmoscamed_foto_farnesio_silva(20).jpg\" alt=\"\" width=\"200\" height=\"150\" \/><\/a>O Projeto Aedes Transg&ecirc;nico visa controlar a transmiss&atilde;o da doen&ccedil;a produzindo linhagens de mosquitos geneticamente modificados, que morrem antes de chegar &agrave; fase adulta, e, por isso, n&atilde;o conseguir&atilde;o transmitir a doen&ccedil;a. Com a amplia&ccedil;&atilde;o, a biof&aacute;brica passa a produzir quatro milh&otilde;es do mosquito macho por semana, n&uacute;mero oito vezes superior aos 500 mil que eram produzidos.<\/span><\/span><\/p>\n<p style=\"text-align: justify;\"><span style=\"font-size: medium;\"><span style=\"font-family: arial, helvetica, sans-serif;\">Tamb&eacute;m presente ao evento o secret&aacute;rio de agricultura de Pernambuco, Ranilson Ramos (foto), anunciou em primeira m&atilde;o ao Blogdofarnesio, que o governador Eduardo Campos liberou recursos da ordem de 500 mil reais, que ser&atilde;o investidos na pesquisa da Mosca da Fruta, principal preocupa&ccedil;&atilde;o dos fruticultores da regi&atilde;o, que ajudar&atilde;o a incrementar a pesquisa desenvolvida pela Moscamed, que ter&aacute; reflexos positivos no combate a esta praga das frutas.<\/span><\/span><\/p><\/p>\n","protected":false},"excerpt":{"rendered":"<p>A pesquisa desenvolvida na Bahia para o controle biol&oacute;gico do mosquito transmissor da dengue vai dar um importante passo neste s&aacute;bado, com a inaugura&ccedil;&atilde;o das novas instala&ccedil;&otilde;es da Unidade de Produ&ccedil;&atilde;o do Aedes Transg&ecirc;nico, na Biof&aacute;brica Moscamed Brasil, em Juazeiro. O empreendimento foi constru&iacute;do com recursos do governo da Bahia, cerca de R$ 1,6 milh&atilde;o. Participaram da solenidade, o ministro da Sa&uacute;de, Alexandre Padilha, e os secret&aacute;rios estaduais da Sa&uacute;de, Jorge Solla, da Ci&ecirc;ncia, Tecnologia e Inova&ccedil;&atilde;o, Paulo C&acirc;mera, &nbsp;da Agricultura, Eduardo Salles da Bahia e Ranilson Ramos de Pernambuco. O Projeto Aedes Transg&ecirc;nico visa controlar a transmiss&atilde;o da doen&ccedil;a produzindo linhagens de mosquitos geneticamente modificados, que morrem antes de chegar &agrave; fase adulta, e, por isso, n&atilde;o conseguir&atilde;o transmitir&hellip; <\/p>\n","protected":false},"author":0,"featured_media":0,"comment_status":"open","ping_status":"open","sticky":false,"template":"","format":"standard","meta":{"_acf_changed":false,"footnotes":""},"categories":[3],"tags":[],"class_list":["post-15547","post","type-post","status-publish","format-standard","hentry","category-entretenimento"],"acf":[],"yoast_head":"<!-- This site is optimized with the Yoast SEO plugin v27.4 - https:\/\/yoast.com\/product\/yoast-seo-wordpress\/ -->\n<title>Ministro da sa\u00fade inaugura F\u00e1brica de mosquito Aedes Transg\u00eanico Em Juazeiro - Blog do Farn\u00e9sio<\/title>\n<meta name=\"robots\" content=\"index, follow, max-snippet:-1, max-image-preview:large, max-video-preview:-1\" \/>\n<link rel=\"canonical\" href=\"https:\/\/blogdofarnesio.com.br\/?p=15547\" \/>\n<meta property=\"og:locale\" content=\"pt_BR\" \/>\n<meta property=\"og:type\" content=\"article\" \/>\n<meta property=\"og:title\" content=\"Ministro da sa\u00fade inaugura F\u00e1brica de mosquito Aedes Transg\u00eanico Em Juazeiro - Blog do Farn\u00e9sio\" \/>\n<meta property=\"og:description\" content=\"A pesquisa desenvolvida na Bahia para o controle biol&oacute;gico do mosquito transmissor da dengue vai dar um importante passo neste s&aacute;bado, com a inaugura&ccedil;&atilde;o das novas instala&ccedil;&otilde;es da Unidade de Produ&ccedil;&atilde;o do Aedes Transg&ecirc;nico, na Biof&aacute;brica Moscamed Brasil, em Juazeiro. O empreendimento foi constru&iacute;do com recursos do governo da Bahia, cerca de R$ 1,6 milh&atilde;o. Participaram da solenidade, o ministro da Sa&uacute;de, Alexandre Padilha, e os secret&aacute;rios estaduais da Sa&uacute;de, Jorge Solla, da Ci&ecirc;ncia, Tecnologia e Inova&ccedil;&atilde;o, Paulo C&acirc;mera, &nbsp;da Agricultura, Eduardo Salles da Bahia e Ranilson Ramos de Pernambuco. O Projeto Aedes Transg&ecirc;nico visa controlar a transmiss&atilde;o da doen&ccedil;a produzindo linhagens de mosquitos geneticamente modificados, que morrem antes de chegar &agrave; fase adulta, e, por isso, n&atilde;o conseguir&atilde;o transmitir&hellip;\" \/>\n<meta property=\"og:url\" content=\"https:\/\/blogdofarnesio.com.br\/?p=15547\" \/>\n<meta property=\"og:site_name\" content=\"Blog do Farn\u00e9sio\" \/>\n<meta property=\"article:publisher\" content=\"https:\/\/www.facebook.com\/BlogQuerSaberPolitica\/\" \/>\n<meta property=\"article:published_time\" content=\"2012-07-08T20:00:09+00:00\" \/>\n<meta property=\"og:image\" content=\"http:\/\/www.quersaberpolitica.com.br\/2016\/wp-content\/uploads\/2012\/12\/blogqspmoscamed_foto_farnesio_silva(32).jpg\" \/>\n<meta name=\"twitter:card\" content=\"summary_large_image\" \/>\n<meta name=\"twitter:label1\" content=\"Est. tempo de leitura\" \/>\n\t<meta name=\"twitter:data1\" content=\"1 minuto\" \/>\n<script type=\"application\/ld+json\" class=\"yoast-schema-graph\">{\"@context\":\"https:\\\/\\\/schema.org\",\"@graph\":[{\"@type\":\"Article\",\"@id\":\"https:\\\/\\\/blogdofarnesio.com.br\\\/?p=15547#article\",\"isPartOf\":{\"@id\":\"https:\\\/\\\/blogdofarnesio.com.br\\\/?p=15547\"},\"author\":{\"name\":\"\",\"@id\":\"\"},\"headline\":\"Ministro da sa\u00fade inaugura F\u00e1brica de mosquito Aedes Transg\u00eanico Em Juazeiro\",\"datePublished\":\"2012-07-08T20:00:09+00:00\",\"mainEntityOfPage\":{\"@id\":\"https:\\\/\\\/blogdofarnesio.com.br\\\/?p=15547\"},\"wordCount\":297,\"commentCount\":0,\"publisher\":{\"@id\":\"https:\\\/\\\/blogdofarnesio.com.br\\\/#organization\"},\"image\":{\"@id\":\"https:\\\/\\\/blogdofarnesio.com.br\\\/?p=15547#primaryimage\"},\"thumbnailUrl\":\"http:\\\/\\\/www.quersaberpolitica.com.br\\\/2016\\\/wp-content\\\/uploads\\\/2012\\\/12\\\/blogqspmoscamed_foto_farnesio_silva(32).jpg\",\"articleSection\":[\"Entretenimento\"],\"inLanguage\":\"pt-BR\",\"potentialAction\":[{\"@type\":\"CommentAction\",\"name\":\"Comment\",\"target\":[\"https:\\\/\\\/blogdofarnesio.com.br\\\/?p=15547#respond\"]}]},{\"@type\":\"WebPage\",\"@id\":\"https:\\\/\\\/blogdofarnesio.com.br\\\/?p=15547\",\"url\":\"https:\\\/\\\/blogdofarnesio.com.br\\\/?p=15547\",\"name\":\"Ministro da sa\u00fade inaugura F\u00e1brica de mosquito Aedes Transg\u00eanico Em Juazeiro - Blog do Farn\u00e9sio\",\"isPartOf\":{\"@id\":\"https:\\\/\\\/blogdofarnesio.com.br\\\/#website\"},\"primaryImageOfPage\":{\"@id\":\"https:\\\/\\\/blogdofarnesio.com.br\\\/?p=15547#primaryimage\"},\"image\":{\"@id\":\"https:\\\/\\\/blogdofarnesio.com.br\\\/?p=15547#primaryimage\"},\"thumbnailUrl\":\"http:\\\/\\\/www.quersaberpolitica.com.br\\\/2016\\\/wp-content\\\/uploads\\\/2012\\\/12\\\/blogqspmoscamed_foto_farnesio_silva(32).jpg\",\"datePublished\":\"2012-07-08T20:00:09+00:00\",\"breadcrumb\":{\"@id\":\"https:\\\/\\\/blogdofarnesio.com.br\\\/?p=15547#breadcrumb\"},\"inLanguage\":\"pt-BR\",\"potentialAction\":[{\"@type\":\"ReadAction\",\"target\":[\"https:\\\/\\\/blogdofarnesio.com.br\\\/?p=15547\"]}]},{\"@type\":\"ImageObject\",\"inLanguage\":\"pt-BR\",\"@id\":\"https:\\\/\\\/blogdofarnesio.com.br\\\/?p=15547#primaryimage\",\"url\":\"http:\\\/\\\/www.quersaberpolitica.com.br\\\/2016\\\/wp-content\\\/uploads\\\/2012\\\/12\\\/blogqspmoscamed_foto_farnesio_silva(32).jpg\",\"contentUrl\":\"http:\\\/\\\/www.quersaberpolitica.com.br\\\/2016\\\/wp-content\\\/uploads\\\/2012\\\/12\\\/blogqspmoscamed_foto_farnesio_silva(32).jpg\"},{\"@type\":\"BreadcrumbList\",\"@id\":\"https:\\\/\\\/blogdofarnesio.com.br\\\/?p=15547#breadcrumb\",\"itemListElement\":[{\"@type\":\"ListItem\",\"position\":1,\"name\":\"In\u00edcio\",\"item\":\"https:\\\/\\\/blogdofarnesio.com.br\\\/\"},{\"@type\":\"ListItem\",\"position\":2,\"name\":\"Ministro da sa\u00fade inaugura F\u00e1brica de mosquito Aedes Transg\u00eanico Em Juazeiro\"}]},{\"@type\":\"WebSite\",\"@id\":\"https:\\\/\\\/blogdofarnesio.com.br\\\/#website\",\"url\":\"https:\\\/\\\/blogdofarnesio.com.br\\\/\",\"name\":\"Blog do Farn\u00e9sio\",\"description\":\"Quer Saber Pol\u00edtica?\",\"publisher\":{\"@id\":\"https:\\\/\\\/blogdofarnesio.com.br\\\/#organization\"},\"potentialAction\":[{\"@type\":\"SearchAction\",\"target\":{\"@type\":\"EntryPoint\",\"urlTemplate\":\"https:\\\/\\\/blogdofarnesio.com.br\\\/?s={search_term_string}\"},\"query-input\":{\"@type\":\"PropertyValueSpecification\",\"valueRequired\":true,\"valueName\":\"search_term_string\"}}],\"inLanguage\":\"pt-BR\"},{\"@type\":\"Organization\",\"@id\":\"https:\\\/\\\/blogdofarnesio.com.br\\\/#organization\",\"name\":\"Blog do Farn\u00e9sio\",\"url\":\"https:\\\/\\\/blogdofarnesio.com.br\\\/\",\"logo\":{\"@type\":\"ImageObject\",\"inLanguage\":\"pt-BR\",\"@id\":\"https:\\\/\\\/blogdofarnesio.com.br\\\/#\\\/schema\\\/logo\\\/image\\\/\",\"url\":\"https:\\\/\\\/blogdofarnesio.com.br\\\/wp-content\\\/uploads\\\/2026\\\/03\\\/cropped-logo_new-1.png\",\"contentUrl\":\"https:\\\/\\\/blogdofarnesio.com.br\\\/wp-content\\\/uploads\\\/2026\\\/03\\\/cropped-logo_new-1.png\",\"width\":881,\"height\":685,\"caption\":\"Blog do Farn\u00e9sio\"},\"image\":{\"@id\":\"https:\\\/\\\/blogdofarnesio.com.br\\\/#\\\/schema\\\/logo\\\/image\\\/\"},\"sameAs\":[\"https:\\\/\\\/www.facebook.com\\\/BlogQuerSaberPolitica\\\/\"]}]}<\/script>\n<!-- \/ Yoast SEO plugin. -->","yoast_head_json":{"title":"Ministro da sa\u00fade inaugura F\u00e1brica de mosquito Aedes Transg\u00eanico Em Juazeiro - Blog do Farn\u00e9sio","robots":{"index":"index","follow":"follow","max-snippet":"max-snippet:-1","max-image-preview":"max-image-preview:large","max-video-preview":"max-video-preview:-1"},"canonical":"https:\/\/blogdofarnesio.com.br\/?p=15547","og_locale":"pt_BR","og_type":"article","og_title":"Ministro da sa\u00fade inaugura F\u00e1brica de mosquito Aedes Transg\u00eanico Em Juazeiro - Blog do Farn\u00e9sio","og_description":"A pesquisa desenvolvida na Bahia para o controle biol&oacute;gico do mosquito transmissor da dengue vai dar um importante passo neste s&aacute;bado, com a inaugura&ccedil;&atilde;o das novas instala&ccedil;&otilde;es da Unidade de Produ&ccedil;&atilde;o do Aedes Transg&ecirc;nico, na Biof&aacute;brica Moscamed Brasil, em Juazeiro. O empreendimento foi constru&iacute;do com recursos do governo da Bahia, cerca de R$ 1,6 milh&atilde;o. Participaram da solenidade, o ministro da Sa&uacute;de, Alexandre Padilha, e os secret&aacute;rios estaduais da Sa&uacute;de, Jorge Solla, da Ci&ecirc;ncia, Tecnologia e Inova&ccedil;&atilde;o, Paulo C&acirc;mera, &nbsp;da Agricultura, Eduardo Salles da Bahia e Ranilson Ramos de Pernambuco. O Projeto Aedes Transg&ecirc;nico visa controlar a transmiss&atilde;o da doen&ccedil;a produzindo linhagens de mosquitos geneticamente modificados, que morrem antes de chegar &agrave; fase adulta, e, por isso, n&atilde;o conseguir&atilde;o transmitir&hellip;","og_url":"https:\/\/blogdofarnesio.com.br\/?p=15547","og_site_name":"Blog do Farn\u00e9sio","article_publisher":"https:\/\/www.facebook.com\/BlogQuerSaberPolitica\/","article_published_time":"2012-07-08T20:00:09+00:00","og_image":[{"url":"http:\/\/www.quersaberpolitica.com.br\/2016\/wp-content\/uploads\/2012\/12\/blogqspmoscamed_foto_farnesio_silva(32).jpg","type":"","width":"","height":""}],"twitter_card":"summary_large_image","twitter_misc":{"Est. tempo de leitura":"1 minuto"},"schema":{"@context":"https:\/\/schema.org","@graph":[{"@type":"Article","@id":"https:\/\/blogdofarnesio.com.br\/?p=15547#article","isPartOf":{"@id":"https:\/\/blogdofarnesio.com.br\/?p=15547"},"author":{"name":"","@id":""},"headline":"Ministro da sa\u00fade inaugura F\u00e1brica de mosquito Aedes Transg\u00eanico Em Juazeiro","datePublished":"2012-07-08T20:00:09+00:00","mainEntityOfPage":{"@id":"https:\/\/blogdofarnesio.com.br\/?p=15547"},"wordCount":297,"commentCount":0,"publisher":{"@id":"https:\/\/blogdofarnesio.com.br\/#organization"},"image":{"@id":"https:\/\/blogdofarnesio.com.br\/?p=15547#primaryimage"},"thumbnailUrl":"http:\/\/www.quersaberpolitica.com.br\/2016\/wp-content\/uploads\/2012\/12\/blogqspmoscamed_foto_farnesio_silva(32).jpg","articleSection":["Entretenimento"],"inLanguage":"pt-BR","potentialAction":[{"@type":"CommentAction","name":"Comment","target":["https:\/\/blogdofarnesio.com.br\/?p=15547#respond"]}]},{"@type":"WebPage","@id":"https:\/\/blogdofarnesio.com.br\/?p=15547","url":"https:\/\/blogdofarnesio.com.br\/?p=15547","name":"Ministro da sa\u00fade inaugura F\u00e1brica de mosquito Aedes Transg\u00eanico Em Juazeiro - Blog do Farn\u00e9sio","isPartOf":{"@id":"https:\/\/blogdofarnesio.com.br\/#website"},"primaryImageOfPage":{"@id":"https:\/\/blogdofarnesio.com.br\/?p=15547#primaryimage"},"image":{"@id":"https:\/\/blogdofarnesio.com.br\/?p=15547#primaryimage"},"thumbnailUrl":"http:\/\/www.quersaberpolitica.com.br\/2016\/wp-content\/uploads\/2012\/12\/blogqspmoscamed_foto_farnesio_silva(32).jpg","datePublished":"2012-07-08T20:00:09+00:00","breadcrumb":{"@id":"https:\/\/blogdofarnesio.com.br\/?p=15547#breadcrumb"},"inLanguage":"pt-BR","potentialAction":[{"@type":"ReadAction","target":["https:\/\/blogdofarnesio.com.br\/?p=15547"]}]},{"@type":"ImageObject","inLanguage":"pt-BR","@id":"https:\/\/blogdofarnesio.com.br\/?p=15547#primaryimage","url":"http:\/\/www.quersaberpolitica.com.br\/2016\/wp-content\/uploads\/2012\/12\/blogqspmoscamed_foto_farnesio_silva(32).jpg","contentUrl":"http:\/\/www.quersaberpolitica.com.br\/2016\/wp-content\/uploads\/2012\/12\/blogqspmoscamed_foto_farnesio_silva(32).jpg"},{"@type":"BreadcrumbList","@id":"https:\/\/blogdofarnesio.com.br\/?p=15547#breadcrumb","itemListElement":[{"@type":"ListItem","position":1,"name":"In\u00edcio","item":"https:\/\/blogdofarnesio.com.br\/"},{"@type":"ListItem","position":2,"name":"Ministro da sa\u00fade inaugura F\u00e1brica de mosquito Aedes Transg\u00eanico Em Juazeiro"}]},{"@type":"WebSite","@id":"https:\/\/blogdofarnesio.com.br\/#website","url":"https:\/\/blogdofarnesio.com.br\/","name":"Blog do Farn\u00e9sio","description":"Quer Saber Pol\u00edtica?","publisher":{"@id":"https:\/\/blogdofarnesio.com.br\/#organization"},"potentialAction":[{"@type":"SearchAction","target":{"@type":"EntryPoint","urlTemplate":"https:\/\/blogdofarnesio.com.br\/?s={search_term_string}"},"query-input":{"@type":"PropertyValueSpecification","valueRequired":true,"valueName":"search_term_string"}}],"inLanguage":"pt-BR"},{"@type":"Organization","@id":"https:\/\/blogdofarnesio.com.br\/#organization","name":"Blog do Farn\u00e9sio","url":"https:\/\/blogdofarnesio.com.br\/","logo":{"@type":"ImageObject","inLanguage":"pt-BR","@id":"https:\/\/blogdofarnesio.com.br\/#\/schema\/logo\/image\/","url":"https:\/\/blogdofarnesio.com.br\/wp-content\/uploads\/2026\/03\/cropped-logo_new-1.png","contentUrl":"https:\/\/blogdofarnesio.com.br\/wp-content\/uploads\/2026\/03\/cropped-logo_new-1.png","width":881,"height":685,"caption":"Blog do Farn\u00e9sio"},"image":{"@id":"https:\/\/blogdofarnesio.com.br\/#\/schema\/logo\/image\/"},"sameAs":["https:\/\/www.facebook.com\/BlogQuerSaberPolitica\/"]}]}},"_links":{"self":[{"href":"https:\/\/blogdofarnesio.com.br\/index.php?rest_route=\/wp\/v2\/posts\/15547","targetHints":{"allow":["GET"]}}],"collection":[{"href":"https:\/\/blogdofarnesio.com.br\/index.php?rest_route=\/wp\/v2\/posts"}],"about":[{"href":"https:\/\/blogdofarnesio.com.br\/index.php?rest_route=\/wp\/v2\/types\/post"}],"replies":[{"embeddable":true,"href":"https:\/\/blogdofarnesio.com.br\/index.php?rest_route=%2Fwp%2Fv2%2Fcomments&post=15547"}],"version-history":[{"count":0,"href":"https:\/\/blogdofarnesio.com.br\/index.php?rest_route=\/wp\/v2\/posts\/15547\/revisions"}],"wp:attachment":[{"href":"https:\/\/blogdofarnesio.com.br\/index.php?rest_route=%2Fwp%2Fv2%2Fmedia&parent=15547"}],"wp:term":[{"taxonomy":"category","embeddable":true,"href":"https:\/\/blogdofarnesio.com.br\/index.php?rest_route=%2Fwp%2Fv2%2Fcategories&post=15547"},{"taxonomy":"post_tag","embeddable":true,"href":"https:\/\/blogdofarnesio.com.br\/index.php?rest_route=%2Fwp%2Fv2%2Ftags&post=15547"}],"curies":[{"name":"wp","href":"https:\/\/api.w.org\/{rel}","templated":true}]}}