{"id":155319,"date":"2016-12-27T07:22:36","date_gmt":"2016-12-27T10:22:36","guid":{"rendered":"http:\/\/quersaberpolitica.com.br\/2016\/?p=155319"},"modified":"2016-12-26T20:13:03","modified_gmt":"2016-12-26T23:13:03","slug":"curaca-festeja-aprovacao-da-festa-do-vaqueiro-como-patrimonio-imaterial-da-bahia","status":"publish","type":"post","link":"https:\/\/blogdofarnesio.com.br\/?p=155319","title":{"rendered":"CURA\u00c7\u00c1 FESTEJA APROVA\u00c7\u00c3O DA FESTA DO VAQUEIRO COMO PATRIM\u00d4NIO IMATERIAL DA BAHIA"},"content":{"rendered":"<div>A Assembleia Legislativa da Bahia (AL-BA) aprovou Projeto de Lei de autoria da deputada Fab\u00edola Mansur (PSB), que declara a Festa dos Vaqueiros de Cura\u00e7\u00e1, no norte do Estado, Patrim\u00f4nio Cultural Imaterial da Bahia. Cura\u00e7\u00e1 est\u00e1 localizada no Vale do S\u00e3o, regi\u00e3o que se destaca pela produ\u00e7\u00e3o de diversas manifesta\u00e7\u00f5es culturais que exteriorizam a for\u00e7a do seu povo. A Festa dos Vaqueiros \u00e9 uma delas.<\/div>\n<div>A comemora\u00e7\u00e3o tem sua origem no ano de 1953, e foi idealizada pelos moradores da cidade com o objetivo de homenagear o centen\u00e1rio do munic\u00edpio. A festividade \u00e9 considerada uma das maiores manifesta\u00e7\u00f5es culturais do Vale, reunindo centenas de pessoas \u2013 entre vaqueiros, homenageados da festa, moradores da regi\u00e3o e turistas de todo o Brasil.<\/div>\n<div>A parlamentar comemorou a aprova\u00e7\u00e3o do seu projeto.\u00a0<em>\u201c\u00c9 importante que a cultura nordestina e baiana seja cada vez mais valorizada. S\u00e3o muitas as manifesta\u00e7\u00f5es culturais em nosso Estado, no Sert\u00e3o, no Rec\u00f4ncavo, no Litoral, nos quatro cantos da Bahia. Precisamos valoriz\u00e1-las, essa cultura n\u00e3o pode se perder. A partir do momento que essa celebra\u00e7\u00e3o tradicional se torna Patrim\u00f4nio Cultural Imaterial do Estado, o governo passa a ter responsabilidade em sua manuten\u00e7\u00e3o e na divulga\u00e7\u00e3o, ou seja, valoriza\u00e7\u00e3o e fortalecimento da cultura\u201d<\/em>, ponderou Fab\u00edola. \u00a0para conhecer mais sobre o projeto, \u00e9 s\u00f3 acessar\u00a0<a href=\"http:\/\/www.alba.ba.gov.br\/atividade-parlamentar\/proposicoes-resultado.php?cod=PL.\/21.547\/2015\">aqui<\/a>.<\/div>\n","protected":false},"excerpt":{"rendered":"<p>A Assembleia Legislativa da Bahia (AL-BA) aprovou Projeto de Lei de autoria da deputada Fab\u00edola Mansur (PSB), que declara a Festa dos Vaqueiros de Cura\u00e7\u00e1, no norte do Estado, Patrim\u00f4nio Cultural Imaterial da Bahia. Cura\u00e7\u00e1 est\u00e1 localizada no Vale do S\u00e3o, regi\u00e3o que se destaca pela produ\u00e7\u00e3o de diversas manifesta\u00e7\u00f5es culturais que exteriorizam a for\u00e7a do seu povo. A Festa dos Vaqueiros \u00e9 uma delas. A comemora\u00e7\u00e3o tem sua origem no ano de 1953, e foi idealizada pelos moradores da cidade com o objetivo de homenagear o centen\u00e1rio do munic\u00edpio. A festividade \u00e9 considerada uma das maiores manifesta\u00e7\u00f5es culturais do Vale, reunindo centenas de pessoas \u2013 entre vaqueiros, homenageados da festa, moradores da regi\u00e3o e turistas de todo o Brasil.&hellip; <\/p>\n","protected":false},"author":1,"featured_media":153587,"comment_status":"open","ping_status":"open","sticky":false,"template":"","format":"standard","meta":{"_acf_changed":false,"footnotes":""},"categories":[27],"tags":[],"class_list":["post-155319","post","type-post","status-publish","format-standard","has-post-thumbnail","hentry","category-cidades"],"acf":[],"yoast_head":"<!-- This site is optimized with the Yoast SEO plugin v27.4 - https:\/\/yoast.com\/product\/yoast-seo-wordpress\/ -->\n<title>CURA\u00c7\u00c1 FESTEJA APROVA\u00c7\u00c3O DA FESTA DO VAQUEIRO COMO PATRIM\u00d4NIO IMATERIAL DA BAHIA - Blog do Farn\u00e9sio<\/title>\n<meta name=\"robots\" content=\"index, follow, max-snippet:-1, max-image-preview:large, max-video-preview:-1\" \/>\n<link rel=\"canonical\" href=\"https:\/\/blogdofarnesio.com.br\/?p=155319\" \/>\n<meta property=\"og:locale\" content=\"pt_BR\" \/>\n<meta property=\"og:type\" content=\"article\" \/>\n<meta property=\"og:title\" content=\"CURA\u00c7\u00c1 FESTEJA APROVA\u00c7\u00c3O DA FESTA DO VAQUEIRO COMO PATRIM\u00d4NIO IMATERIAL DA BAHIA - Blog do Farn\u00e9sio\" \/>\n<meta property=\"og:description\" content=\"A Assembleia Legislativa da Bahia (AL-BA) aprovou Projeto de Lei de autoria da deputada Fab\u00edola Mansur (PSB), que declara a Festa dos Vaqueiros de Cura\u00e7\u00e1, no norte do Estado, Patrim\u00f4nio Cultural Imaterial da Bahia. Cura\u00e7\u00e1 est\u00e1 localizada no Vale do S\u00e3o, regi\u00e3o que se destaca pela produ\u00e7\u00e3o de diversas manifesta\u00e7\u00f5es culturais que exteriorizam a for\u00e7a do seu povo. A Festa dos Vaqueiros \u00e9 uma delas. A comemora\u00e7\u00e3o tem sua origem no ano de 1953, e foi idealizada pelos moradores da cidade com o objetivo de homenagear o centen\u00e1rio do munic\u00edpio. A festividade \u00e9 considerada uma das maiores manifesta\u00e7\u00f5es culturais do Vale, reunindo centenas de pessoas \u2013 entre vaqueiros, homenageados da festa, moradores da regi\u00e3o e turistas de todo o Brasil.&hellip;\" \/>\n<meta property=\"og:url\" content=\"https:\/\/blogdofarnesio.com.br\/?p=155319\" \/>\n<meta property=\"og:site_name\" content=\"Blog do Farn\u00e9sio\" \/>\n<meta property=\"article:publisher\" content=\"https:\/\/www.facebook.com\/BlogQuerSaberPolitica\/\" \/>\n<meta property=\"article:published_time\" content=\"2016-12-27T10:22:36+00:00\" \/>\n<meta property=\"og:image\" content=\"https:\/\/blogdofarnesio.com.br\/wp-content\/uploads\/2016\/12\/blogqspfesta-dos-vaqueiros-cura\u00e7\u00e1.jpg\" \/>\n\t<meta property=\"og:image:width\" content=\"320\" \/>\n\t<meta property=\"og:image:height\" content=\"240\" \/>\n\t<meta property=\"og:image:type\" content=\"image\/jpeg\" \/>\n<meta name=\"author\" content=\"Farn\u00e9sio\" \/>\n<meta name=\"twitter:card\" content=\"summary_large_image\" \/>\n<meta name=\"twitter:label1\" content=\"Escrito por\" \/>\n\t<meta name=\"twitter:data1\" content=\"Farn\u00e9sio\" \/>\n\t<meta name=\"twitter:label2\" content=\"Est. tempo de leitura\" \/>\n\t<meta name=\"twitter:data2\" content=\"1 minuto\" \/>\n<script type=\"application\/ld+json\" class=\"yoast-schema-graph\">{\"@context\":\"https:\\\/\\\/schema.org\",\"@graph\":[{\"@type\":\"Article\",\"@id\":\"https:\\\/\\\/blogdofarnesio.com.br\\\/?p=155319#article\",\"isPartOf\":{\"@id\":\"https:\\\/\\\/blogdofarnesio.com.br\\\/?p=155319\"},\"author\":{\"name\":\"Farn\u00e9sio\",\"@id\":\"https:\\\/\\\/blogdofarnesio.com.br\\\/#\\\/schema\\\/person\\\/301c4acf522bccbfdb45af95b5b906a1\"},\"headline\":\"CURA\u00c7\u00c1 FESTEJA APROVA\u00c7\u00c3O DA FESTA DO VAQUEIRO COMO PATRIM\u00d4NIO IMATERIAL DA BAHIA\",\"datePublished\":\"2016-12-27T10:22:36+00:00\",\"mainEntityOfPage\":{\"@id\":\"https:\\\/\\\/blogdofarnesio.com.br\\\/?p=155319\"},\"wordCount\":247,\"commentCount\":0,\"publisher\":{\"@id\":\"https:\\\/\\\/blogdofarnesio.com.br\\\/#organization\"},\"image\":{\"@id\":\"https:\\\/\\\/blogdofarnesio.com.br\\\/?p=155319#primaryimage\"},\"thumbnailUrl\":\"https:\\\/\\\/blogdofarnesio.com.br\\\/wp-content\\\/uploads\\\/2016\\\/12\\\/blogqspfesta-dos-vaqueiros-cura\u00e7\u00e1.jpg\",\"articleSection\":[\"Cidades\"],\"inLanguage\":\"pt-BR\",\"potentialAction\":[{\"@type\":\"CommentAction\",\"name\":\"Comment\",\"target\":[\"https:\\\/\\\/blogdofarnesio.com.br\\\/?p=155319#respond\"]}]},{\"@type\":\"WebPage\",\"@id\":\"https:\\\/\\\/blogdofarnesio.com.br\\\/?p=155319\",\"url\":\"https:\\\/\\\/blogdofarnesio.com.br\\\/?p=155319\",\"name\":\"CURA\u00c7\u00c1 FESTEJA APROVA\u00c7\u00c3O DA FESTA DO VAQUEIRO COMO PATRIM\u00d4NIO IMATERIAL DA BAHIA - Blog do Farn\u00e9sio\",\"isPartOf\":{\"@id\":\"https:\\\/\\\/blogdofarnesio.com.br\\\/#website\"},\"primaryImageOfPage\":{\"@id\":\"https:\\\/\\\/blogdofarnesio.com.br\\\/?p=155319#primaryimage\"},\"image\":{\"@id\":\"https:\\\/\\\/blogdofarnesio.com.br\\\/?p=155319#primaryimage\"},\"thumbnailUrl\":\"https:\\\/\\\/blogdofarnesio.com.br\\\/wp-content\\\/uploads\\\/2016\\\/12\\\/blogqspfesta-dos-vaqueiros-cura\u00e7\u00e1.jpg\",\"datePublished\":\"2016-12-27T10:22:36+00:00\",\"breadcrumb\":{\"@id\":\"https:\\\/\\\/blogdofarnesio.com.br\\\/?p=155319#breadcrumb\"},\"inLanguage\":\"pt-BR\",\"potentialAction\":[{\"@type\":\"ReadAction\",\"target\":[\"https:\\\/\\\/blogdofarnesio.com.br\\\/?p=155319\"]}]},{\"@type\":\"ImageObject\",\"inLanguage\":\"pt-BR\",\"@id\":\"https:\\\/\\\/blogdofarnesio.com.br\\\/?p=155319#primaryimage\",\"url\":\"https:\\\/\\\/blogdofarnesio.com.br\\\/wp-content\\\/uploads\\\/2016\\\/12\\\/blogqspfesta-dos-vaqueiros-cura\u00e7\u00e1.jpg\",\"contentUrl\":\"https:\\\/\\\/blogdofarnesio.com.br\\\/wp-content\\\/uploads\\\/2016\\\/12\\\/blogqspfesta-dos-vaqueiros-cura\u00e7\u00e1.jpg\",\"width\":320,\"height\":240},{\"@type\":\"BreadcrumbList\",\"@id\":\"https:\\\/\\\/blogdofarnesio.com.br\\\/?p=155319#breadcrumb\",\"itemListElement\":[{\"@type\":\"ListItem\",\"position\":1,\"name\":\"In\u00edcio\",\"item\":\"https:\\\/\\\/blogdofarnesio.com.br\\\/\"},{\"@type\":\"ListItem\",\"position\":2,\"name\":\"CURA\u00c7\u00c1 FESTEJA APROVA\u00c7\u00c3O DA FESTA DO VAQUEIRO COMO PATRIM\u00d4NIO IMATERIAL DA BAHIA\"}]},{\"@type\":\"WebSite\",\"@id\":\"https:\\\/\\\/blogdofarnesio.com.br\\\/#website\",\"url\":\"https:\\\/\\\/blogdofarnesio.com.br\\\/\",\"name\":\"Blog do Farn\u00e9sio\",\"description\":\"Quer Saber Pol\u00edtica?\",\"publisher\":{\"@id\":\"https:\\\/\\\/blogdofarnesio.com.br\\\/#organization\"},\"potentialAction\":[{\"@type\":\"SearchAction\",\"target\":{\"@type\":\"EntryPoint\",\"urlTemplate\":\"https:\\\/\\\/blogdofarnesio.com.br\\\/?s={search_term_string}\"},\"query-input\":{\"@type\":\"PropertyValueSpecification\",\"valueRequired\":true,\"valueName\":\"search_term_string\"}}],\"inLanguage\":\"pt-BR\"},{\"@type\":\"Organization\",\"@id\":\"https:\\\/\\\/blogdofarnesio.com.br\\\/#organization\",\"name\":\"Blog do Farn\u00e9sio\",\"url\":\"https:\\\/\\\/blogdofarnesio.com.br\\\/\",\"logo\":{\"@type\":\"ImageObject\",\"inLanguage\":\"pt-BR\",\"@id\":\"https:\\\/\\\/blogdofarnesio.com.br\\\/#\\\/schema\\\/logo\\\/image\\\/\",\"url\":\"https:\\\/\\\/blogdofarnesio.com.br\\\/wp-content\\\/uploads\\\/2026\\\/03\\\/cropped-logo_new-1.png\",\"contentUrl\":\"https:\\\/\\\/blogdofarnesio.com.br\\\/wp-content\\\/uploads\\\/2026\\\/03\\\/cropped-logo_new-1.png\",\"width\":881,\"height\":685,\"caption\":\"Blog do Farn\u00e9sio\"},\"image\":{\"@id\":\"https:\\\/\\\/blogdofarnesio.com.br\\\/#\\\/schema\\\/logo\\\/image\\\/\"},\"sameAs\":[\"https:\\\/\\\/www.facebook.com\\\/BlogQuerSaberPolitica\\\/\"]},{\"@type\":\"Person\",\"@id\":\"https:\\\/\\\/blogdofarnesio.com.br\\\/#\\\/schema\\\/person\\\/301c4acf522bccbfdb45af95b5b906a1\",\"name\":\"Farn\u00e9sio\",\"image\":{\"@type\":\"ImageObject\",\"inLanguage\":\"pt-BR\",\"@id\":\"https:\\\/\\\/secure.gravatar.com\\\/avatar\\\/df0c9a14567c056f8ad6876ba5bbd1e3e2c48023eb6807342fc4663adf549f38?s=96&d=mm&r=g\",\"url\":\"https:\\\/\\\/secure.gravatar.com\\\/avatar\\\/df0c9a14567c056f8ad6876ba5bbd1e3e2c48023eb6807342fc4663adf549f38?s=96&d=mm&r=g\",\"contentUrl\":\"https:\\\/\\\/secure.gravatar.com\\\/avatar\\\/df0c9a14567c056f8ad6876ba5bbd1e3e2c48023eb6807342fc4663adf549f38?s=96&d=mm&r=g\",\"caption\":\"Farn\u00e9sio\"},\"sameAs\":[\"https:\\\/\\\/quersaberpolitica.com.br\"],\"url\":\"https:\\\/\\\/blogdofarnesio.com.br\\\/?author=1\"}]}<\/script>\n<!-- \/ Yoast SEO plugin. -->","yoast_head_json":{"title":"CURA\u00c7\u00c1 FESTEJA APROVA\u00c7\u00c3O DA FESTA DO VAQUEIRO COMO PATRIM\u00d4NIO IMATERIAL DA BAHIA - Blog do Farn\u00e9sio","robots":{"index":"index","follow":"follow","max-snippet":"max-snippet:-1","max-image-preview":"max-image-preview:large","max-video-preview":"max-video-preview:-1"},"canonical":"https:\/\/blogdofarnesio.com.br\/?p=155319","og_locale":"pt_BR","og_type":"article","og_title":"CURA\u00c7\u00c1 FESTEJA APROVA\u00c7\u00c3O DA FESTA DO VAQUEIRO COMO PATRIM\u00d4NIO IMATERIAL DA BAHIA - Blog do Farn\u00e9sio","og_description":"A Assembleia Legislativa da Bahia (AL-BA) aprovou Projeto de Lei de autoria da deputada Fab\u00edola Mansur (PSB), que declara a Festa dos Vaqueiros de Cura\u00e7\u00e1, no norte do Estado, Patrim\u00f4nio Cultural Imaterial da Bahia. Cura\u00e7\u00e1 est\u00e1 localizada no Vale do S\u00e3o, regi\u00e3o que se destaca pela produ\u00e7\u00e3o de diversas manifesta\u00e7\u00f5es culturais que exteriorizam a for\u00e7a do seu povo. A Festa dos Vaqueiros \u00e9 uma delas. A comemora\u00e7\u00e3o tem sua origem no ano de 1953, e foi idealizada pelos moradores da cidade com o objetivo de homenagear o centen\u00e1rio do munic\u00edpio. A festividade \u00e9 considerada uma das maiores manifesta\u00e7\u00f5es culturais do Vale, reunindo centenas de pessoas \u2013 entre vaqueiros, homenageados da festa, moradores da regi\u00e3o e turistas de todo o Brasil.&hellip;","og_url":"https:\/\/blogdofarnesio.com.br\/?p=155319","og_site_name":"Blog do Farn\u00e9sio","article_publisher":"https:\/\/www.facebook.com\/BlogQuerSaberPolitica\/","article_published_time":"2016-12-27T10:22:36+00:00","og_image":[{"width":320,"height":240,"url":"https:\/\/blogdofarnesio.com.br\/wp-content\/uploads\/2016\/12\/blogqspfesta-dos-vaqueiros-cura\u00e7\u00e1.jpg","type":"image\/jpeg"}],"author":"Farn\u00e9sio","twitter_card":"summary_large_image","twitter_misc":{"Escrito por":"Farn\u00e9sio","Est. tempo de leitura":"1 minuto"},"schema":{"@context":"https:\/\/schema.org","@graph":[{"@type":"Article","@id":"https:\/\/blogdofarnesio.com.br\/?p=155319#article","isPartOf":{"@id":"https:\/\/blogdofarnesio.com.br\/?p=155319"},"author":{"name":"Farn\u00e9sio","@id":"https:\/\/blogdofarnesio.com.br\/#\/schema\/person\/301c4acf522bccbfdb45af95b5b906a1"},"headline":"CURA\u00c7\u00c1 FESTEJA APROVA\u00c7\u00c3O DA FESTA DO VAQUEIRO COMO PATRIM\u00d4NIO IMATERIAL DA BAHIA","datePublished":"2016-12-27T10:22:36+00:00","mainEntityOfPage":{"@id":"https:\/\/blogdofarnesio.com.br\/?p=155319"},"wordCount":247,"commentCount":0,"publisher":{"@id":"https:\/\/blogdofarnesio.com.br\/#organization"},"image":{"@id":"https:\/\/blogdofarnesio.com.br\/?p=155319#primaryimage"},"thumbnailUrl":"https:\/\/blogdofarnesio.com.br\/wp-content\/uploads\/2016\/12\/blogqspfesta-dos-vaqueiros-cura\u00e7\u00e1.jpg","articleSection":["Cidades"],"inLanguage":"pt-BR","potentialAction":[{"@type":"CommentAction","name":"Comment","target":["https:\/\/blogdofarnesio.com.br\/?p=155319#respond"]}]},{"@type":"WebPage","@id":"https:\/\/blogdofarnesio.com.br\/?p=155319","url":"https:\/\/blogdofarnesio.com.br\/?p=155319","name":"CURA\u00c7\u00c1 FESTEJA APROVA\u00c7\u00c3O DA FESTA DO VAQUEIRO COMO PATRIM\u00d4NIO IMATERIAL DA BAHIA - Blog do Farn\u00e9sio","isPartOf":{"@id":"https:\/\/blogdofarnesio.com.br\/#website"},"primaryImageOfPage":{"@id":"https:\/\/blogdofarnesio.com.br\/?p=155319#primaryimage"},"image":{"@id":"https:\/\/blogdofarnesio.com.br\/?p=155319#primaryimage"},"thumbnailUrl":"https:\/\/blogdofarnesio.com.br\/wp-content\/uploads\/2016\/12\/blogqspfesta-dos-vaqueiros-cura\u00e7\u00e1.jpg","datePublished":"2016-12-27T10:22:36+00:00","breadcrumb":{"@id":"https:\/\/blogdofarnesio.com.br\/?p=155319#breadcrumb"},"inLanguage":"pt-BR","potentialAction":[{"@type":"ReadAction","target":["https:\/\/blogdofarnesio.com.br\/?p=155319"]}]},{"@type":"ImageObject","inLanguage":"pt-BR","@id":"https:\/\/blogdofarnesio.com.br\/?p=155319#primaryimage","url":"https:\/\/blogdofarnesio.com.br\/wp-content\/uploads\/2016\/12\/blogqspfesta-dos-vaqueiros-cura\u00e7\u00e1.jpg","contentUrl":"https:\/\/blogdofarnesio.com.br\/wp-content\/uploads\/2016\/12\/blogqspfesta-dos-vaqueiros-cura\u00e7\u00e1.jpg","width":320,"height":240},{"@type":"BreadcrumbList","@id":"https:\/\/blogdofarnesio.com.br\/?p=155319#breadcrumb","itemListElement":[{"@type":"ListItem","position":1,"name":"In\u00edcio","item":"https:\/\/blogdofarnesio.com.br\/"},{"@type":"ListItem","position":2,"name":"CURA\u00c7\u00c1 FESTEJA APROVA\u00c7\u00c3O DA FESTA DO VAQUEIRO COMO PATRIM\u00d4NIO IMATERIAL DA BAHIA"}]},{"@type":"WebSite","@id":"https:\/\/blogdofarnesio.com.br\/#website","url":"https:\/\/blogdofarnesio.com.br\/","name":"Blog do Farn\u00e9sio","description":"Quer Saber Pol\u00edtica?","publisher":{"@id":"https:\/\/blogdofarnesio.com.br\/#organization"},"potentialAction":[{"@type":"SearchAction","target":{"@type":"EntryPoint","urlTemplate":"https:\/\/blogdofarnesio.com.br\/?s={search_term_string}"},"query-input":{"@type":"PropertyValueSpecification","valueRequired":true,"valueName":"search_term_string"}}],"inLanguage":"pt-BR"},{"@type":"Organization","@id":"https:\/\/blogdofarnesio.com.br\/#organization","name":"Blog do Farn\u00e9sio","url":"https:\/\/blogdofarnesio.com.br\/","logo":{"@type":"ImageObject","inLanguage":"pt-BR","@id":"https:\/\/blogdofarnesio.com.br\/#\/schema\/logo\/image\/","url":"https:\/\/blogdofarnesio.com.br\/wp-content\/uploads\/2026\/03\/cropped-logo_new-1.png","contentUrl":"https:\/\/blogdofarnesio.com.br\/wp-content\/uploads\/2026\/03\/cropped-logo_new-1.png","width":881,"height":685,"caption":"Blog do Farn\u00e9sio"},"image":{"@id":"https:\/\/blogdofarnesio.com.br\/#\/schema\/logo\/image\/"},"sameAs":["https:\/\/www.facebook.com\/BlogQuerSaberPolitica\/"]},{"@type":"Person","@id":"https:\/\/blogdofarnesio.com.br\/#\/schema\/person\/301c4acf522bccbfdb45af95b5b906a1","name":"Farn\u00e9sio","image":{"@type":"ImageObject","inLanguage":"pt-BR","@id":"https:\/\/secure.gravatar.com\/avatar\/df0c9a14567c056f8ad6876ba5bbd1e3e2c48023eb6807342fc4663adf549f38?s=96&d=mm&r=g","url":"https:\/\/secure.gravatar.com\/avatar\/df0c9a14567c056f8ad6876ba5bbd1e3e2c48023eb6807342fc4663adf549f38?s=96&d=mm&r=g","contentUrl":"https:\/\/secure.gravatar.com\/avatar\/df0c9a14567c056f8ad6876ba5bbd1e3e2c48023eb6807342fc4663adf549f38?s=96&d=mm&r=g","caption":"Farn\u00e9sio"},"sameAs":["https:\/\/quersaberpolitica.com.br"],"url":"https:\/\/blogdofarnesio.com.br\/?author=1"}]}},"_links":{"self":[{"href":"https:\/\/blogdofarnesio.com.br\/index.php?rest_route=\/wp\/v2\/posts\/155319","targetHints":{"allow":["GET"]}}],"collection":[{"href":"https:\/\/blogdofarnesio.com.br\/index.php?rest_route=\/wp\/v2\/posts"}],"about":[{"href":"https:\/\/blogdofarnesio.com.br\/index.php?rest_route=\/wp\/v2\/types\/post"}],"author":[{"embeddable":true,"href":"https:\/\/blogdofarnesio.com.br\/index.php?rest_route=\/wp\/v2\/users\/1"}],"replies":[{"embeddable":true,"href":"https:\/\/blogdofarnesio.com.br\/index.php?rest_route=%2Fwp%2Fv2%2Fcomments&post=155319"}],"version-history":[{"count":0,"href":"https:\/\/blogdofarnesio.com.br\/index.php?rest_route=\/wp\/v2\/posts\/155319\/revisions"}],"wp:featuredmedia":[{"embeddable":true,"href":"https:\/\/blogdofarnesio.com.br\/index.php?rest_route=\/wp\/v2\/media\/153587"}],"wp:attachment":[{"href":"https:\/\/blogdofarnesio.com.br\/index.php?rest_route=%2Fwp%2Fv2%2Fmedia&parent=155319"}],"wp:term":[{"taxonomy":"category","embeddable":true,"href":"https:\/\/blogdofarnesio.com.br\/index.php?rest_route=%2Fwp%2Fv2%2Fcategories&post=155319"},{"taxonomy":"post_tag","embeddable":true,"href":"https:\/\/blogdofarnesio.com.br\/index.php?rest_route=%2Fwp%2Fv2%2Ftags&post=155319"}],"curies":[{"name":"wp","href":"https:\/\/api.w.org\/{rel}","templated":true}]}}