{"id":154938,"date":"2016-12-23T16:00:08","date_gmt":"2016-12-23T19:00:08","guid":{"rendered":"http:\/\/quersaberpolitica.com.br\/2016\/?p=154938"},"modified":"2016-12-23T15:49:28","modified_gmt":"2016-12-23T18:49:28","slug":"cantora-sol-confirma-saida-da-banda-avioes-do-forro-confira-o-video","status":"publish","type":"post","link":"https:\/\/blogdofarnesio.com.br\/?p=154938","title":{"rendered":"CANTORA SOL CONFIRMA SA\u00cdDA DA BANDA AVI\u00d5ES DO FORR\u00d3. CONFIRA O V\u00cdDEO"},"content":{"rendered":"<div class=\"box-title\">\n<h2><\/h2>\n<p>por J\u00falia Vign\u00e9\/BN<\/p>\n<\/div>\n<div class=\"box-body\">\n<div class=\"text-descricao\">A cantora Solange Almeida confirmou\u00a0nesta quinta-feira (22)\u00a0que ir\u00e1 deixar a banda Avi\u00f5es do Forr\u00f3, conforme hav\u00edamos adiantado (<a href=\"http:\/\/www.bahianoticias.com.br\/holofote\/noticia\/46255-de-saida-do-avioes-sol-almeida-so-se-apresentaria-ate-o-carnaval-banda-nega.html\">veja aqui<\/a>). O an\u00fancio foi realizado atrav\u00e9s de um v\u00eddeo publicado na fanpage da banda em que a cantora e seu parceiro, Xand Avi\u00e3o anunciam a sa\u00edda de Sol para o in\u00edcio da carreira solo. O grupo, que tem 14 anos de exist\u00eancia, seguir\u00e1 com o comando de Xand Avi\u00e3o. A possibilidade de outra cantora ficar no lugar de Solange n\u00e3o foi levantada no v\u00eddeo. &#8220;Foi uma hist\u00f3ria linda, em que voc\u00eas foram protagonistas. Obrigado a todos os f\u00e3s por todo esse amor durante todo esse tempo. Eu tinha esse sonho a realizar, vou realizar se Deus quiser. Mas Xand vai ficar no Avi\u00f5es&#8221;, afirmou Solange no v\u00eddeo. De acordo com uma nota divulgada pela assessoria, a cantora adiou a sa\u00edda da banda durante tr\u00eas anos e a artista ir\u00e1 cumprir a agenda do Avi\u00f5es at\u00e9 o carnaval. O primeiro DVD solo da cantora ser\u00e1 gravado no dia 08 de fevereiro, no Citibank Hall em S\u00e3o Paulo. A cantora tamb\u00e9m se pronunciou no Instagram, onde disse que tem a &#8220;sensa\u00e7\u00e3o de dever cumprido&#8221;. &#8220;Encerro minha hist\u00f3ria junto a uma das maiores bandas do pa\u00eds com a sensa\u00e7\u00e3o de dever cumprido, torcendo infinitamente pelo sucesso do meu parceiro e amigo pra vida toda, Xand&#8221;.<iframe loading=\"lazy\" src=\"https:\/\/www.facebook.com\/plugins\/video.php?href=https%3A%2F%2Fwww.facebook.com%2Foficialavioes%2Fvideos%2F1306297519407100%2F&amp;show_text=0&amp;width=560\" width=\"560\" height=\"315\" frameborder=\"0\" scrolling=\"no\" allowfullscreen=\"allowfullscreen\" data-mce-fragment=\"1\"><\/iframe><\/div>\n<\/div>\n<div class=\"box-footer\"><\/div>\n","protected":false},"excerpt":{"rendered":"<p>por J\u00falia Vign\u00e9\/BN A cantora Solange Almeida confirmou\u00a0nesta quinta-feira (22)\u00a0que ir\u00e1 deixar a banda Avi\u00f5es do Forr\u00f3, conforme hav\u00edamos adiantado (veja aqui). O an\u00fancio foi realizado atrav\u00e9s de um v\u00eddeo publicado na fanpage da banda em que a cantora e seu parceiro, Xand Avi\u00e3o anunciam a sa\u00edda de Sol para o in\u00edcio da carreira solo. O grupo, que tem 14 anos de exist\u00eancia, seguir\u00e1 com o comando de Xand Avi\u00e3o. A possibilidade de outra cantora ficar no lugar de Solange n\u00e3o foi levantada no v\u00eddeo. &#8220;Foi uma hist\u00f3ria linda, em que voc\u00eas foram protagonistas. Obrigado a todos os f\u00e3s por todo esse amor durante todo esse tempo. Eu tinha esse sonho a realizar, vou realizar se Deus quiser. Mas Xand&hellip; <\/p>\n","protected":false},"author":1,"featured_media":153465,"comment_status":"open","ping_status":"open","sticky":false,"template":"","format":"standard","meta":{"_acf_changed":false,"footnotes":""},"categories":[3],"tags":[],"class_list":["post-154938","post","type-post","status-publish","format-standard","has-post-thumbnail","hentry","category-entretenimento"],"acf":[],"yoast_head":"<!-- This site is optimized with the Yoast SEO plugin v27.4 - https:\/\/yoast.com\/product\/yoast-seo-wordpress\/ -->\n<title>CANTORA SOL CONFIRMA SA\u00cdDA DA BANDA AVI\u00d5ES DO FORR\u00d3. CONFIRA O V\u00cdDEO - Blog do Farn\u00e9sio<\/title>\n<meta name=\"robots\" content=\"index, follow, max-snippet:-1, max-image-preview:large, max-video-preview:-1\" \/>\n<link rel=\"canonical\" href=\"http:\/\/blogdofarnesio.com.br\/?p=154938\" \/>\n<meta property=\"og:locale\" content=\"pt_BR\" \/>\n<meta property=\"og:type\" content=\"article\" \/>\n<meta property=\"og:title\" content=\"CANTORA SOL CONFIRMA SA\u00cdDA DA BANDA AVI\u00d5ES DO FORR\u00d3. CONFIRA O V\u00cdDEO - Blog do Farn\u00e9sio\" \/>\n<meta property=\"og:description\" content=\"por J\u00falia Vign\u00e9\/BN A cantora Solange Almeida confirmou\u00a0nesta quinta-feira (22)\u00a0que ir\u00e1 deixar a banda Avi\u00f5es do Forr\u00f3, conforme hav\u00edamos adiantado (veja aqui). O an\u00fancio foi realizado atrav\u00e9s de um v\u00eddeo publicado na fanpage da banda em que a cantora e seu parceiro, Xand Avi\u00e3o anunciam a sa\u00edda de Sol para o in\u00edcio da carreira solo. O grupo, que tem 14 anos de exist\u00eancia, seguir\u00e1 com o comando de Xand Avi\u00e3o. A possibilidade de outra cantora ficar no lugar de Solange n\u00e3o foi levantada no v\u00eddeo. &#8220;Foi uma hist\u00f3ria linda, em que voc\u00eas foram protagonistas. Obrigado a todos os f\u00e3s por todo esse amor durante todo esse tempo. Eu tinha esse sonho a realizar, vou realizar se Deus quiser. Mas Xand&hellip;\" \/>\n<meta property=\"og:url\" content=\"http:\/\/blogdofarnesio.com.br\/?p=154938\" \/>\n<meta property=\"og:site_name\" content=\"Blog do Farn\u00e9sio\" \/>\n<meta property=\"article:publisher\" content=\"https:\/\/www.facebook.com\/BlogQuerSaberPolitica\/\" \/>\n<meta property=\"article:published_time\" content=\"2016-12-23T19:00:08+00:00\" \/>\n<meta property=\"og:image\" content=\"http:\/\/blogdofarnesio.com.br\/wp-content\/uploads\/2016\/12\/blogqspavioesdoforro.jpg\" \/>\n\t<meta property=\"og:image:width\" content=\"254\" \/>\n\t<meta property=\"og:image:height\" content=\"198\" \/>\n\t<meta property=\"og:image:type\" content=\"image\/jpeg\" \/>\n<meta name=\"author\" content=\"Farn\u00e9sio\" \/>\n<meta name=\"twitter:card\" content=\"summary_large_image\" \/>\n<meta name=\"twitter:label1\" content=\"Escrito por\" \/>\n\t<meta name=\"twitter:data1\" content=\"Farn\u00e9sio\" \/>\n\t<meta name=\"twitter:label2\" content=\"Est. tempo de leitura\" \/>\n\t<meta name=\"twitter:data2\" content=\"1 minuto\" \/>\n<script type=\"application\/ld+json\" class=\"yoast-schema-graph\">{\"@context\":\"https:\\\/\\\/schema.org\",\"@graph\":[{\"@type\":\"Article\",\"@id\":\"http:\\\/\\\/blogdofarnesio.com.br\\\/?p=154938#article\",\"isPartOf\":{\"@id\":\"http:\\\/\\\/blogdofarnesio.com.br\\\/?p=154938\"},\"author\":{\"name\":\"Farn\u00e9sio\",\"@id\":\"https:\\\/\\\/blogdofarnesio.com.br\\\/#\\\/schema\\\/person\\\/301c4acf522bccbfdb45af95b5b906a1\"},\"headline\":\"CANTORA SOL CONFIRMA SA\u00cdDA DA BANDA AVI\u00d5ES DO FORR\u00d3. CONFIRA O V\u00cdDEO\",\"datePublished\":\"2016-12-23T19:00:08+00:00\",\"mainEntityOfPage\":{\"@id\":\"http:\\\/\\\/blogdofarnesio.com.br\\\/?p=154938\"},\"wordCount\":265,\"commentCount\":0,\"publisher\":{\"@id\":\"https:\\\/\\\/blogdofarnesio.com.br\\\/#organization\"},\"image\":{\"@id\":\"http:\\\/\\\/blogdofarnesio.com.br\\\/?p=154938#primaryimage\"},\"thumbnailUrl\":\"https:\\\/\\\/blogdofarnesio.com.br\\\/wp-content\\\/uploads\\\/2016\\\/12\\\/blogqspavioesdoforro.jpg\",\"articleSection\":[\"Entretenimento\"],\"inLanguage\":\"pt-BR\",\"potentialAction\":[{\"@type\":\"CommentAction\",\"name\":\"Comment\",\"target\":[\"http:\\\/\\\/blogdofarnesio.com.br\\\/?p=154938#respond\"]}]},{\"@type\":\"WebPage\",\"@id\":\"http:\\\/\\\/blogdofarnesio.com.br\\\/?p=154938\",\"url\":\"http:\\\/\\\/blogdofarnesio.com.br\\\/?p=154938\",\"name\":\"CANTORA SOL CONFIRMA SA\u00cdDA DA BANDA AVI\u00d5ES DO FORR\u00d3. CONFIRA O V\u00cdDEO - Blog do Farn\u00e9sio\",\"isPartOf\":{\"@id\":\"https:\\\/\\\/blogdofarnesio.com.br\\\/#website\"},\"primaryImageOfPage\":{\"@id\":\"http:\\\/\\\/blogdofarnesio.com.br\\\/?p=154938#primaryimage\"},\"image\":{\"@id\":\"http:\\\/\\\/blogdofarnesio.com.br\\\/?p=154938#primaryimage\"},\"thumbnailUrl\":\"https:\\\/\\\/blogdofarnesio.com.br\\\/wp-content\\\/uploads\\\/2016\\\/12\\\/blogqspavioesdoforro.jpg\",\"datePublished\":\"2016-12-23T19:00:08+00:00\",\"breadcrumb\":{\"@id\":\"http:\\\/\\\/blogdofarnesio.com.br\\\/?p=154938#breadcrumb\"},\"inLanguage\":\"pt-BR\",\"potentialAction\":[{\"@type\":\"ReadAction\",\"target\":[\"http:\\\/\\\/blogdofarnesio.com.br\\\/?p=154938\"]}]},{\"@type\":\"ImageObject\",\"inLanguage\":\"pt-BR\",\"@id\":\"http:\\\/\\\/blogdofarnesio.com.br\\\/?p=154938#primaryimage\",\"url\":\"https:\\\/\\\/blogdofarnesio.com.br\\\/wp-content\\\/uploads\\\/2016\\\/12\\\/blogqspavioesdoforro.jpg\",\"contentUrl\":\"https:\\\/\\\/blogdofarnesio.com.br\\\/wp-content\\\/uploads\\\/2016\\\/12\\\/blogqspavioesdoforro.jpg\",\"width\":254,\"height\":198},{\"@type\":\"BreadcrumbList\",\"@id\":\"http:\\\/\\\/blogdofarnesio.com.br\\\/?p=154938#breadcrumb\",\"itemListElement\":[{\"@type\":\"ListItem\",\"position\":1,\"name\":\"In\u00edcio\",\"item\":\"https:\\\/\\\/blogdofarnesio.com.br\\\/\"},{\"@type\":\"ListItem\",\"position\":2,\"name\":\"CANTORA SOL CONFIRMA SA\u00cdDA DA BANDA AVI\u00d5ES DO FORR\u00d3. CONFIRA O V\u00cdDEO\"}]},{\"@type\":\"WebSite\",\"@id\":\"https:\\\/\\\/blogdofarnesio.com.br\\\/#website\",\"url\":\"https:\\\/\\\/blogdofarnesio.com.br\\\/\",\"name\":\"Blog do Farn\u00e9sio\",\"description\":\"Quer Saber Pol\u00edtica?\",\"publisher\":{\"@id\":\"https:\\\/\\\/blogdofarnesio.com.br\\\/#organization\"},\"potentialAction\":[{\"@type\":\"SearchAction\",\"target\":{\"@type\":\"EntryPoint\",\"urlTemplate\":\"https:\\\/\\\/blogdofarnesio.com.br\\\/?s={search_term_string}\"},\"query-input\":{\"@type\":\"PropertyValueSpecification\",\"valueRequired\":true,\"valueName\":\"search_term_string\"}}],\"inLanguage\":\"pt-BR\"},{\"@type\":\"Organization\",\"@id\":\"https:\\\/\\\/blogdofarnesio.com.br\\\/#organization\",\"name\":\"Blog do Farn\u00e9sio\",\"url\":\"https:\\\/\\\/blogdofarnesio.com.br\\\/\",\"logo\":{\"@type\":\"ImageObject\",\"inLanguage\":\"pt-BR\",\"@id\":\"https:\\\/\\\/blogdofarnesio.com.br\\\/#\\\/schema\\\/logo\\\/image\\\/\",\"url\":\"https:\\\/\\\/blogdofarnesio.com.br\\\/wp-content\\\/uploads\\\/2026\\\/03\\\/cropped-logo_new-1.png\",\"contentUrl\":\"https:\\\/\\\/blogdofarnesio.com.br\\\/wp-content\\\/uploads\\\/2026\\\/03\\\/cropped-logo_new-1.png\",\"width\":881,\"height\":685,\"caption\":\"Blog do Farn\u00e9sio\"},\"image\":{\"@id\":\"https:\\\/\\\/blogdofarnesio.com.br\\\/#\\\/schema\\\/logo\\\/image\\\/\"},\"sameAs\":[\"https:\\\/\\\/www.facebook.com\\\/BlogQuerSaberPolitica\\\/\"]},{\"@type\":\"Person\",\"@id\":\"https:\\\/\\\/blogdofarnesio.com.br\\\/#\\\/schema\\\/person\\\/301c4acf522bccbfdb45af95b5b906a1\",\"name\":\"Farn\u00e9sio\",\"image\":{\"@type\":\"ImageObject\",\"inLanguage\":\"pt-BR\",\"@id\":\"https:\\\/\\\/secure.gravatar.com\\\/avatar\\\/df0c9a14567c056f8ad6876ba5bbd1e3e2c48023eb6807342fc4663adf549f38?s=96&d=mm&r=g\",\"url\":\"https:\\\/\\\/secure.gravatar.com\\\/avatar\\\/df0c9a14567c056f8ad6876ba5bbd1e3e2c48023eb6807342fc4663adf549f38?s=96&d=mm&r=g\",\"contentUrl\":\"https:\\\/\\\/secure.gravatar.com\\\/avatar\\\/df0c9a14567c056f8ad6876ba5bbd1e3e2c48023eb6807342fc4663adf549f38?s=96&d=mm&r=g\",\"caption\":\"Farn\u00e9sio\"},\"sameAs\":[\"https:\\\/\\\/quersaberpolitica.com.br\"],\"url\":\"https:\\\/\\\/blogdofarnesio.com.br\\\/?author=1\"}]}<\/script>\n<!-- \/ Yoast SEO plugin. -->","yoast_head_json":{"title":"CANTORA SOL CONFIRMA SA\u00cdDA DA BANDA AVI\u00d5ES DO FORR\u00d3. CONFIRA O V\u00cdDEO - Blog do Farn\u00e9sio","robots":{"index":"index","follow":"follow","max-snippet":"max-snippet:-1","max-image-preview":"max-image-preview:large","max-video-preview":"max-video-preview:-1"},"canonical":"http:\/\/blogdofarnesio.com.br\/?p=154938","og_locale":"pt_BR","og_type":"article","og_title":"CANTORA SOL CONFIRMA SA\u00cdDA DA BANDA AVI\u00d5ES DO FORR\u00d3. CONFIRA O V\u00cdDEO - Blog do Farn\u00e9sio","og_description":"por J\u00falia Vign\u00e9\/BN A cantora Solange Almeida confirmou\u00a0nesta quinta-feira (22)\u00a0que ir\u00e1 deixar a banda Avi\u00f5es do Forr\u00f3, conforme hav\u00edamos adiantado (veja aqui). O an\u00fancio foi realizado atrav\u00e9s de um v\u00eddeo publicado na fanpage da banda em que a cantora e seu parceiro, Xand Avi\u00e3o anunciam a sa\u00edda de Sol para o in\u00edcio da carreira solo. O grupo, que tem 14 anos de exist\u00eancia, seguir\u00e1 com o comando de Xand Avi\u00e3o. A possibilidade de outra cantora ficar no lugar de Solange n\u00e3o foi levantada no v\u00eddeo. &#8220;Foi uma hist\u00f3ria linda, em que voc\u00eas foram protagonistas. Obrigado a todos os f\u00e3s por todo esse amor durante todo esse tempo. Eu tinha esse sonho a realizar, vou realizar se Deus quiser. Mas Xand&hellip;","og_url":"http:\/\/blogdofarnesio.com.br\/?p=154938","og_site_name":"Blog do Farn\u00e9sio","article_publisher":"https:\/\/www.facebook.com\/BlogQuerSaberPolitica\/","article_published_time":"2016-12-23T19:00:08+00:00","og_image":[{"width":254,"height":198,"url":"http:\/\/blogdofarnesio.com.br\/wp-content\/uploads\/2016\/12\/blogqspavioesdoforro.jpg","type":"image\/jpeg"}],"author":"Farn\u00e9sio","twitter_card":"summary_large_image","twitter_misc":{"Escrito por":"Farn\u00e9sio","Est. tempo de leitura":"1 minuto"},"schema":{"@context":"https:\/\/schema.org","@graph":[{"@type":"Article","@id":"http:\/\/blogdofarnesio.com.br\/?p=154938#article","isPartOf":{"@id":"http:\/\/blogdofarnesio.com.br\/?p=154938"},"author":{"name":"Farn\u00e9sio","@id":"https:\/\/blogdofarnesio.com.br\/#\/schema\/person\/301c4acf522bccbfdb45af95b5b906a1"},"headline":"CANTORA SOL CONFIRMA SA\u00cdDA DA BANDA AVI\u00d5ES DO FORR\u00d3. CONFIRA O V\u00cdDEO","datePublished":"2016-12-23T19:00:08+00:00","mainEntityOfPage":{"@id":"http:\/\/blogdofarnesio.com.br\/?p=154938"},"wordCount":265,"commentCount":0,"publisher":{"@id":"https:\/\/blogdofarnesio.com.br\/#organization"},"image":{"@id":"http:\/\/blogdofarnesio.com.br\/?p=154938#primaryimage"},"thumbnailUrl":"https:\/\/blogdofarnesio.com.br\/wp-content\/uploads\/2016\/12\/blogqspavioesdoforro.jpg","articleSection":["Entretenimento"],"inLanguage":"pt-BR","potentialAction":[{"@type":"CommentAction","name":"Comment","target":["http:\/\/blogdofarnesio.com.br\/?p=154938#respond"]}]},{"@type":"WebPage","@id":"http:\/\/blogdofarnesio.com.br\/?p=154938","url":"http:\/\/blogdofarnesio.com.br\/?p=154938","name":"CANTORA SOL CONFIRMA SA\u00cdDA DA BANDA AVI\u00d5ES DO FORR\u00d3. CONFIRA O V\u00cdDEO - Blog do Farn\u00e9sio","isPartOf":{"@id":"https:\/\/blogdofarnesio.com.br\/#website"},"primaryImageOfPage":{"@id":"http:\/\/blogdofarnesio.com.br\/?p=154938#primaryimage"},"image":{"@id":"http:\/\/blogdofarnesio.com.br\/?p=154938#primaryimage"},"thumbnailUrl":"https:\/\/blogdofarnesio.com.br\/wp-content\/uploads\/2016\/12\/blogqspavioesdoforro.jpg","datePublished":"2016-12-23T19:00:08+00:00","breadcrumb":{"@id":"http:\/\/blogdofarnesio.com.br\/?p=154938#breadcrumb"},"inLanguage":"pt-BR","potentialAction":[{"@type":"ReadAction","target":["http:\/\/blogdofarnesio.com.br\/?p=154938"]}]},{"@type":"ImageObject","inLanguage":"pt-BR","@id":"http:\/\/blogdofarnesio.com.br\/?p=154938#primaryimage","url":"https:\/\/blogdofarnesio.com.br\/wp-content\/uploads\/2016\/12\/blogqspavioesdoforro.jpg","contentUrl":"https:\/\/blogdofarnesio.com.br\/wp-content\/uploads\/2016\/12\/blogqspavioesdoforro.jpg","width":254,"height":198},{"@type":"BreadcrumbList","@id":"http:\/\/blogdofarnesio.com.br\/?p=154938#breadcrumb","itemListElement":[{"@type":"ListItem","position":1,"name":"In\u00edcio","item":"https:\/\/blogdofarnesio.com.br\/"},{"@type":"ListItem","position":2,"name":"CANTORA SOL CONFIRMA SA\u00cdDA DA BANDA AVI\u00d5ES DO FORR\u00d3. CONFIRA O V\u00cdDEO"}]},{"@type":"WebSite","@id":"https:\/\/blogdofarnesio.com.br\/#website","url":"https:\/\/blogdofarnesio.com.br\/","name":"Blog do Farn\u00e9sio","description":"Quer Saber Pol\u00edtica?","publisher":{"@id":"https:\/\/blogdofarnesio.com.br\/#organization"},"potentialAction":[{"@type":"SearchAction","target":{"@type":"EntryPoint","urlTemplate":"https:\/\/blogdofarnesio.com.br\/?s={search_term_string}"},"query-input":{"@type":"PropertyValueSpecification","valueRequired":true,"valueName":"search_term_string"}}],"inLanguage":"pt-BR"},{"@type":"Organization","@id":"https:\/\/blogdofarnesio.com.br\/#organization","name":"Blog do Farn\u00e9sio","url":"https:\/\/blogdofarnesio.com.br\/","logo":{"@type":"ImageObject","inLanguage":"pt-BR","@id":"https:\/\/blogdofarnesio.com.br\/#\/schema\/logo\/image\/","url":"https:\/\/blogdofarnesio.com.br\/wp-content\/uploads\/2026\/03\/cropped-logo_new-1.png","contentUrl":"https:\/\/blogdofarnesio.com.br\/wp-content\/uploads\/2026\/03\/cropped-logo_new-1.png","width":881,"height":685,"caption":"Blog do Farn\u00e9sio"},"image":{"@id":"https:\/\/blogdofarnesio.com.br\/#\/schema\/logo\/image\/"},"sameAs":["https:\/\/www.facebook.com\/BlogQuerSaberPolitica\/"]},{"@type":"Person","@id":"https:\/\/blogdofarnesio.com.br\/#\/schema\/person\/301c4acf522bccbfdb45af95b5b906a1","name":"Farn\u00e9sio","image":{"@type":"ImageObject","inLanguage":"pt-BR","@id":"https:\/\/secure.gravatar.com\/avatar\/df0c9a14567c056f8ad6876ba5bbd1e3e2c48023eb6807342fc4663adf549f38?s=96&d=mm&r=g","url":"https:\/\/secure.gravatar.com\/avatar\/df0c9a14567c056f8ad6876ba5bbd1e3e2c48023eb6807342fc4663adf549f38?s=96&d=mm&r=g","contentUrl":"https:\/\/secure.gravatar.com\/avatar\/df0c9a14567c056f8ad6876ba5bbd1e3e2c48023eb6807342fc4663adf549f38?s=96&d=mm&r=g","caption":"Farn\u00e9sio"},"sameAs":["https:\/\/quersaberpolitica.com.br"],"url":"https:\/\/blogdofarnesio.com.br\/?author=1"}]}},"_links":{"self":[{"href":"https:\/\/blogdofarnesio.com.br\/index.php?rest_route=\/wp\/v2\/posts\/154938","targetHints":{"allow":["GET"]}}],"collection":[{"href":"https:\/\/blogdofarnesio.com.br\/index.php?rest_route=\/wp\/v2\/posts"}],"about":[{"href":"https:\/\/blogdofarnesio.com.br\/index.php?rest_route=\/wp\/v2\/types\/post"}],"author":[{"embeddable":true,"href":"https:\/\/blogdofarnesio.com.br\/index.php?rest_route=\/wp\/v2\/users\/1"}],"replies":[{"embeddable":true,"href":"https:\/\/blogdofarnesio.com.br\/index.php?rest_route=%2Fwp%2Fv2%2Fcomments&post=154938"}],"version-history":[{"count":0,"href":"https:\/\/blogdofarnesio.com.br\/index.php?rest_route=\/wp\/v2\/posts\/154938\/revisions"}],"wp:featuredmedia":[{"embeddable":true,"href":"https:\/\/blogdofarnesio.com.br\/index.php?rest_route=\/wp\/v2\/media\/153465"}],"wp:attachment":[{"href":"https:\/\/blogdofarnesio.com.br\/index.php?rest_route=%2Fwp%2Fv2%2Fmedia&parent=154938"}],"wp:term":[{"taxonomy":"category","embeddable":true,"href":"https:\/\/blogdofarnesio.com.br\/index.php?rest_route=%2Fwp%2Fv2%2Fcategories&post=154938"},{"taxonomy":"post_tag","embeddable":true,"href":"https:\/\/blogdofarnesio.com.br\/index.php?rest_route=%2Fwp%2Fv2%2Ftags&post=154938"}],"curies":[{"name":"wp","href":"https:\/\/api.w.org\/{rel}","templated":true}]}}