{"id":154447,"date":"2016-12-21T17:30:33","date_gmt":"2016-12-21T20:30:33","guid":{"rendered":"http:\/\/quersaberpolitica.com.br\/2016\/?p=154447"},"modified":"2016-12-21T14:58:19","modified_gmt":"2016-12-21T17:58:19","slug":"vendas-de-natal-devem-apresentar-uma-queda-de-9-em-relacao-ao-ano-passado","status":"publish","type":"post","link":"https:\/\/blogdofarnesio.com.br\/?p=154447","title":{"rendered":"VENDAS DE NATAL DEVEM APRESENTAR UMA QUEDA DE 9% EM RELA\u00c7\u00c3O AO ANO PASSADO"},"content":{"rendered":"<p style=\"text-align: justify;\">O natal de 2016 deve apresentar a menor taxa de crescimento de vendas desde 2005. A previs\u00e3o \u00e9 da Confedera\u00e7\u00e3o Nacional do Com\u00e9rcio de Bens, Servi\u00e7os e Turismo (CNC).<\/p>\n<p style=\"text-align: justify;\">Em Salvador o cen\u00e1rio n\u00e3o deve ser diferente, de acordo com\u00a0o presidente do Sindicato dos Lojistas do Com\u00e9rcio do Estado da Bahia (Sindilojas), Paulo Mota, as vendas durante o per\u00edodo natalino v\u00e3o corresponder a uma queda de 9% em rela\u00e7\u00e3o ao ano passado.<\/p>\n<p style=\"text-align: justify;\">\u201dO com\u00e9rcio tem sentido muita falta do consumidor, que tem optado pelas lembrancinhas inv\u00e9s da compra de produtos de valor maior\u201d, explica.<!--more--><\/p>\n<p style=\"text-align: justify;\">Ainda de acordo com Mota, o gasto por consumidor com os presentes natalinos tem sido de at\u00e9 R$ 60 reais. \u201cAs pessoas est\u00e3o preferindo o mercado de confec\u00e7\u00e3o, os sapatos, brinquedos baratos, os adere\u00e7os e as bijuterias\u201d, conta.<\/p>\n<p style=\"text-align: justify;\">Nas ruas, a queda j\u00e1 \u00e9 sentida pelos empres\u00e1rios dos centros comerciais. Na Barroquinha os lojistas optaram por n\u00e3o fazer contrata\u00e7\u00f5es tempor\u00e1rias e manter o n\u00famero normal de vendedores. \u201cAno passado\u00a0j\u00e1 foi ruim e esse ano \u00e9 pior. Tenho outras lojas e todas est\u00e3o iguais, sem vender. A gente vai indo, sobrevivendo. As meninas que trabalham aqui est\u00e3o sem ter o que fazer, paradas. Todas as lojas aqui est\u00e3o assim\u201d, conta Delfina, propriet\u00e1ria de uma loja de roupas da localidade.<\/p>\n<p style=\"text-align: justify;\">Em uma loja de bolsas e sapatos na Avenida Sete, a situa\u00e7\u00e3o \u00e9 parecida. \u201cEsse ano est\u00e1 bem pior do que no ano passado, a expectativa \u00e9 que um dia antes do Natal as vendas aumentem. Esse ano n\u00e3o fizemos nenhuma contrata\u00e7\u00e3o tempor\u00e1ria\u201d, conta Alberto Santos, gerente do estabelecimento.<\/p>\n<p style=\"text-align: justify;\">Os maiores respons\u00e1veis pela baixa nas vendas, os consumidores, alegam que esse ano, preferem economizar e guardar o que sobrar do d\u00e9cimo, na poupan\u00e7a. \u201cEsse ano n\u00e3o tive aumento, sou funcion\u00e1ria p\u00fablica, ent\u00e3o os presentes v\u00e3o se transformar em lembrancinhas. O medo do desemprego me fez ser mais cautelosa, em 2017 a poupan\u00e7a ser\u00e1 prioridade\u201d, explicou.<\/p>\n<p>Boc\u00e3o News<\/p>\n<p>&nbsp;<\/p>\n","protected":false},"excerpt":{"rendered":"<p>O natal de 2016 deve apresentar a menor taxa de crescimento de vendas desde 2005. A previs\u00e3o \u00e9 da Confedera\u00e7\u00e3o Nacional do Com\u00e9rcio de Bens, Servi\u00e7os e Turismo (CNC). Em Salvador o cen\u00e1rio n\u00e3o deve ser diferente, de acordo com\u00a0o presidente do Sindicato dos Lojistas do Com\u00e9rcio do Estado da Bahia (Sindilojas), Paulo Mota, as vendas durante o per\u00edodo natalino v\u00e3o corresponder a uma queda de 9% em rela\u00e7\u00e3o ao ano passado. \u201dO com\u00e9rcio tem sentido muita falta do consumidor, que tem optado pelas lembrancinhas inv\u00e9s da compra de produtos de valor maior\u201d, explica.<\/p>\n","protected":false},"author":1,"featured_media":153198,"comment_status":"open","ping_status":"open","sticky":false,"template":"","format":"standard","meta":{"_acf_changed":false,"footnotes":""},"categories":[20],"tags":[],"class_list":["post-154447","post","type-post","status-publish","format-standard","has-post-thumbnail","hentry","category-economia"],"acf":[],"yoast_head":"<!-- This site is optimized with the Yoast SEO plugin v27.4 - https:\/\/yoast.com\/product\/yoast-seo-wordpress\/ -->\n<title>VENDAS DE NATAL DEVEM APRESENTAR UMA QUEDA DE 9% EM RELA\u00c7\u00c3O AO ANO PASSADO - Blog do Farn\u00e9sio<\/title>\n<meta name=\"robots\" content=\"index, follow, max-snippet:-1, max-image-preview:large, max-video-preview:-1\" \/>\n<link rel=\"canonical\" href=\"https:\/\/blogdofarnesio.com.br\/?p=154447\" \/>\n<meta property=\"og:locale\" content=\"pt_BR\" \/>\n<meta property=\"og:type\" content=\"article\" \/>\n<meta property=\"og:title\" content=\"VENDAS DE NATAL DEVEM APRESENTAR UMA QUEDA DE 9% EM RELA\u00c7\u00c3O AO ANO PASSADO - Blog do Farn\u00e9sio\" \/>\n<meta property=\"og:description\" content=\"O natal de 2016 deve apresentar a menor taxa de crescimento de vendas desde 2005. A previs\u00e3o \u00e9 da Confedera\u00e7\u00e3o Nacional do Com\u00e9rcio de Bens, Servi\u00e7os e Turismo (CNC). Em Salvador o cen\u00e1rio n\u00e3o deve ser diferente, de acordo com\u00a0o presidente do Sindicato dos Lojistas do Com\u00e9rcio do Estado da Bahia (Sindilojas), Paulo Mota, as vendas durante o per\u00edodo natalino v\u00e3o corresponder a uma queda de 9% em rela\u00e7\u00e3o ao ano passado. \u201dO com\u00e9rcio tem sentido muita falta do consumidor, que tem optado pelas lembrancinhas inv\u00e9s da compra de produtos de valor maior\u201d, explica.\" \/>\n<meta property=\"og:url\" content=\"https:\/\/blogdofarnesio.com.br\/?p=154447\" \/>\n<meta property=\"og:site_name\" content=\"Blog do Farn\u00e9sio\" \/>\n<meta property=\"article:publisher\" content=\"https:\/\/www.facebook.com\/BlogQuerSaberPolitica\/\" \/>\n<meta property=\"article:published_time\" content=\"2016-12-21T20:30:33+00:00\" \/>\n<meta property=\"og:image\" content=\"https:\/\/blogdofarnesio.com.br\/wp-content\/uploads\/2016\/12\/blog-qsp-populacao-foto-agencia-brasil.jpg\" \/>\n\t<meta property=\"og:image:width\" content=\"448\" \/>\n\t<meta property=\"og:image:height\" content=\"300\" \/>\n\t<meta property=\"og:image:type\" content=\"image\/jpeg\" \/>\n<meta name=\"author\" content=\"Farn\u00e9sio\" \/>\n<meta name=\"twitter:card\" content=\"summary_large_image\" \/>\n<meta name=\"twitter:label1\" content=\"Escrito por\" \/>\n\t<meta name=\"twitter:data1\" content=\"Farn\u00e9sio\" \/>\n\t<meta name=\"twitter:label2\" content=\"Est. tempo de leitura\" \/>\n\t<meta name=\"twitter:data2\" content=\"2 minutos\" \/>\n<script type=\"application\/ld+json\" class=\"yoast-schema-graph\">{\"@context\":\"https:\\\/\\\/schema.org\",\"@graph\":[{\"@type\":\"Article\",\"@id\":\"https:\\\/\\\/blogdofarnesio.com.br\\\/?p=154447#article\",\"isPartOf\":{\"@id\":\"https:\\\/\\\/blogdofarnesio.com.br\\\/?p=154447\"},\"author\":{\"name\":\"Farn\u00e9sio\",\"@id\":\"https:\\\/\\\/blogdofarnesio.com.br\\\/#\\\/schema\\\/person\\\/301c4acf522bccbfdb45af95b5b906a1\"},\"headline\":\"VENDAS DE NATAL DEVEM APRESENTAR UMA QUEDA DE 9% EM RELA\u00c7\u00c3O AO ANO PASSADO\",\"datePublished\":\"2016-12-21T20:30:33+00:00\",\"mainEntityOfPage\":{\"@id\":\"https:\\\/\\\/blogdofarnesio.com.br\\\/?p=154447\"},\"wordCount\":364,\"commentCount\":0,\"publisher\":{\"@id\":\"https:\\\/\\\/blogdofarnesio.com.br\\\/#organization\"},\"image\":{\"@id\":\"https:\\\/\\\/blogdofarnesio.com.br\\\/?p=154447#primaryimage\"},\"thumbnailUrl\":\"https:\\\/\\\/blogdofarnesio.com.br\\\/wp-content\\\/uploads\\\/2016\\\/12\\\/blog-qsp-populacao-foto-agencia-brasil.jpg\",\"articleSection\":[\"Economia\"],\"inLanguage\":\"pt-BR\",\"potentialAction\":[{\"@type\":\"CommentAction\",\"name\":\"Comment\",\"target\":[\"https:\\\/\\\/blogdofarnesio.com.br\\\/?p=154447#respond\"]}]},{\"@type\":\"WebPage\",\"@id\":\"https:\\\/\\\/blogdofarnesio.com.br\\\/?p=154447\",\"url\":\"https:\\\/\\\/blogdofarnesio.com.br\\\/?p=154447\",\"name\":\"VENDAS DE NATAL DEVEM APRESENTAR UMA QUEDA DE 9% EM RELA\u00c7\u00c3O AO ANO PASSADO - Blog do Farn\u00e9sio\",\"isPartOf\":{\"@id\":\"https:\\\/\\\/blogdofarnesio.com.br\\\/#website\"},\"primaryImageOfPage\":{\"@id\":\"https:\\\/\\\/blogdofarnesio.com.br\\\/?p=154447#primaryimage\"},\"image\":{\"@id\":\"https:\\\/\\\/blogdofarnesio.com.br\\\/?p=154447#primaryimage\"},\"thumbnailUrl\":\"https:\\\/\\\/blogdofarnesio.com.br\\\/wp-content\\\/uploads\\\/2016\\\/12\\\/blog-qsp-populacao-foto-agencia-brasil.jpg\",\"datePublished\":\"2016-12-21T20:30:33+00:00\",\"breadcrumb\":{\"@id\":\"https:\\\/\\\/blogdofarnesio.com.br\\\/?p=154447#breadcrumb\"},\"inLanguage\":\"pt-BR\",\"potentialAction\":[{\"@type\":\"ReadAction\",\"target\":[\"https:\\\/\\\/blogdofarnesio.com.br\\\/?p=154447\"]}]},{\"@type\":\"ImageObject\",\"inLanguage\":\"pt-BR\",\"@id\":\"https:\\\/\\\/blogdofarnesio.com.br\\\/?p=154447#primaryimage\",\"url\":\"https:\\\/\\\/blogdofarnesio.com.br\\\/wp-content\\\/uploads\\\/2016\\\/12\\\/blog-qsp-populacao-foto-agencia-brasil.jpg\",\"contentUrl\":\"https:\\\/\\\/blogdofarnesio.com.br\\\/wp-content\\\/uploads\\\/2016\\\/12\\\/blog-qsp-populacao-foto-agencia-brasil.jpg\",\"width\":448,\"height\":300},{\"@type\":\"BreadcrumbList\",\"@id\":\"https:\\\/\\\/blogdofarnesio.com.br\\\/?p=154447#breadcrumb\",\"itemListElement\":[{\"@type\":\"ListItem\",\"position\":1,\"name\":\"In\u00edcio\",\"item\":\"https:\\\/\\\/blogdofarnesio.com.br\\\/\"},{\"@type\":\"ListItem\",\"position\":2,\"name\":\"VENDAS DE NATAL DEVEM APRESENTAR UMA QUEDA DE 9% EM RELA\u00c7\u00c3O AO ANO PASSADO\"}]},{\"@type\":\"WebSite\",\"@id\":\"https:\\\/\\\/blogdofarnesio.com.br\\\/#website\",\"url\":\"https:\\\/\\\/blogdofarnesio.com.br\\\/\",\"name\":\"Blog do Farn\u00e9sio\",\"description\":\"Quer Saber Pol\u00edtica?\",\"publisher\":{\"@id\":\"https:\\\/\\\/blogdofarnesio.com.br\\\/#organization\"},\"potentialAction\":[{\"@type\":\"SearchAction\",\"target\":{\"@type\":\"EntryPoint\",\"urlTemplate\":\"https:\\\/\\\/blogdofarnesio.com.br\\\/?s={search_term_string}\"},\"query-input\":{\"@type\":\"PropertyValueSpecification\",\"valueRequired\":true,\"valueName\":\"search_term_string\"}}],\"inLanguage\":\"pt-BR\"},{\"@type\":\"Organization\",\"@id\":\"https:\\\/\\\/blogdofarnesio.com.br\\\/#organization\",\"name\":\"Blog do Farn\u00e9sio\",\"url\":\"https:\\\/\\\/blogdofarnesio.com.br\\\/\",\"logo\":{\"@type\":\"ImageObject\",\"inLanguage\":\"pt-BR\",\"@id\":\"https:\\\/\\\/blogdofarnesio.com.br\\\/#\\\/schema\\\/logo\\\/image\\\/\",\"url\":\"https:\\\/\\\/blogdofarnesio.com.br\\\/wp-content\\\/uploads\\\/2026\\\/03\\\/cropped-logo_new-1.png\",\"contentUrl\":\"https:\\\/\\\/blogdofarnesio.com.br\\\/wp-content\\\/uploads\\\/2026\\\/03\\\/cropped-logo_new-1.png\",\"width\":881,\"height\":685,\"caption\":\"Blog do Farn\u00e9sio\"},\"image\":{\"@id\":\"https:\\\/\\\/blogdofarnesio.com.br\\\/#\\\/schema\\\/logo\\\/image\\\/\"},\"sameAs\":[\"https:\\\/\\\/www.facebook.com\\\/BlogQuerSaberPolitica\\\/\"]},{\"@type\":\"Person\",\"@id\":\"https:\\\/\\\/blogdofarnesio.com.br\\\/#\\\/schema\\\/person\\\/301c4acf522bccbfdb45af95b5b906a1\",\"name\":\"Farn\u00e9sio\",\"image\":{\"@type\":\"ImageObject\",\"inLanguage\":\"pt-BR\",\"@id\":\"https:\\\/\\\/secure.gravatar.com\\\/avatar\\\/df0c9a14567c056f8ad6876ba5bbd1e3e2c48023eb6807342fc4663adf549f38?s=96&d=mm&r=g\",\"url\":\"https:\\\/\\\/secure.gravatar.com\\\/avatar\\\/df0c9a14567c056f8ad6876ba5bbd1e3e2c48023eb6807342fc4663adf549f38?s=96&d=mm&r=g\",\"contentUrl\":\"https:\\\/\\\/secure.gravatar.com\\\/avatar\\\/df0c9a14567c056f8ad6876ba5bbd1e3e2c48023eb6807342fc4663adf549f38?s=96&d=mm&r=g\",\"caption\":\"Farn\u00e9sio\"},\"sameAs\":[\"https:\\\/\\\/quersaberpolitica.com.br\"],\"url\":\"https:\\\/\\\/blogdofarnesio.com.br\\\/?author=1\"}]}<\/script>\n<!-- \/ Yoast SEO plugin. -->","yoast_head_json":{"title":"VENDAS DE NATAL DEVEM APRESENTAR UMA QUEDA DE 9% EM RELA\u00c7\u00c3O AO ANO PASSADO - Blog do Farn\u00e9sio","robots":{"index":"index","follow":"follow","max-snippet":"max-snippet:-1","max-image-preview":"max-image-preview:large","max-video-preview":"max-video-preview:-1"},"canonical":"https:\/\/blogdofarnesio.com.br\/?p=154447","og_locale":"pt_BR","og_type":"article","og_title":"VENDAS DE NATAL DEVEM APRESENTAR UMA QUEDA DE 9% EM RELA\u00c7\u00c3O AO ANO PASSADO - Blog do Farn\u00e9sio","og_description":"O natal de 2016 deve apresentar a menor taxa de crescimento de vendas desde 2005. A previs\u00e3o \u00e9 da Confedera\u00e7\u00e3o Nacional do Com\u00e9rcio de Bens, Servi\u00e7os e Turismo (CNC). Em Salvador o cen\u00e1rio n\u00e3o deve ser diferente, de acordo com\u00a0o presidente do Sindicato dos Lojistas do Com\u00e9rcio do Estado da Bahia (Sindilojas), Paulo Mota, as vendas durante o per\u00edodo natalino v\u00e3o corresponder a uma queda de 9% em rela\u00e7\u00e3o ao ano passado. \u201dO com\u00e9rcio tem sentido muita falta do consumidor, que tem optado pelas lembrancinhas inv\u00e9s da compra de produtos de valor maior\u201d, explica.","og_url":"https:\/\/blogdofarnesio.com.br\/?p=154447","og_site_name":"Blog do Farn\u00e9sio","article_publisher":"https:\/\/www.facebook.com\/BlogQuerSaberPolitica\/","article_published_time":"2016-12-21T20:30:33+00:00","og_image":[{"width":448,"height":300,"url":"https:\/\/blogdofarnesio.com.br\/wp-content\/uploads\/2016\/12\/blog-qsp-populacao-foto-agencia-brasil.jpg","type":"image\/jpeg"}],"author":"Farn\u00e9sio","twitter_card":"summary_large_image","twitter_misc":{"Escrito por":"Farn\u00e9sio","Est. tempo de leitura":"2 minutos"},"schema":{"@context":"https:\/\/schema.org","@graph":[{"@type":"Article","@id":"https:\/\/blogdofarnesio.com.br\/?p=154447#article","isPartOf":{"@id":"https:\/\/blogdofarnesio.com.br\/?p=154447"},"author":{"name":"Farn\u00e9sio","@id":"https:\/\/blogdofarnesio.com.br\/#\/schema\/person\/301c4acf522bccbfdb45af95b5b906a1"},"headline":"VENDAS DE NATAL DEVEM APRESENTAR UMA QUEDA DE 9% EM RELA\u00c7\u00c3O AO ANO PASSADO","datePublished":"2016-12-21T20:30:33+00:00","mainEntityOfPage":{"@id":"https:\/\/blogdofarnesio.com.br\/?p=154447"},"wordCount":364,"commentCount":0,"publisher":{"@id":"https:\/\/blogdofarnesio.com.br\/#organization"},"image":{"@id":"https:\/\/blogdofarnesio.com.br\/?p=154447#primaryimage"},"thumbnailUrl":"https:\/\/blogdofarnesio.com.br\/wp-content\/uploads\/2016\/12\/blog-qsp-populacao-foto-agencia-brasil.jpg","articleSection":["Economia"],"inLanguage":"pt-BR","potentialAction":[{"@type":"CommentAction","name":"Comment","target":["https:\/\/blogdofarnesio.com.br\/?p=154447#respond"]}]},{"@type":"WebPage","@id":"https:\/\/blogdofarnesio.com.br\/?p=154447","url":"https:\/\/blogdofarnesio.com.br\/?p=154447","name":"VENDAS DE NATAL DEVEM APRESENTAR UMA QUEDA DE 9% EM RELA\u00c7\u00c3O AO ANO PASSADO - Blog do Farn\u00e9sio","isPartOf":{"@id":"https:\/\/blogdofarnesio.com.br\/#website"},"primaryImageOfPage":{"@id":"https:\/\/blogdofarnesio.com.br\/?p=154447#primaryimage"},"image":{"@id":"https:\/\/blogdofarnesio.com.br\/?p=154447#primaryimage"},"thumbnailUrl":"https:\/\/blogdofarnesio.com.br\/wp-content\/uploads\/2016\/12\/blog-qsp-populacao-foto-agencia-brasil.jpg","datePublished":"2016-12-21T20:30:33+00:00","breadcrumb":{"@id":"https:\/\/blogdofarnesio.com.br\/?p=154447#breadcrumb"},"inLanguage":"pt-BR","potentialAction":[{"@type":"ReadAction","target":["https:\/\/blogdofarnesio.com.br\/?p=154447"]}]},{"@type":"ImageObject","inLanguage":"pt-BR","@id":"https:\/\/blogdofarnesio.com.br\/?p=154447#primaryimage","url":"https:\/\/blogdofarnesio.com.br\/wp-content\/uploads\/2016\/12\/blog-qsp-populacao-foto-agencia-brasil.jpg","contentUrl":"https:\/\/blogdofarnesio.com.br\/wp-content\/uploads\/2016\/12\/blog-qsp-populacao-foto-agencia-brasil.jpg","width":448,"height":300},{"@type":"BreadcrumbList","@id":"https:\/\/blogdofarnesio.com.br\/?p=154447#breadcrumb","itemListElement":[{"@type":"ListItem","position":1,"name":"In\u00edcio","item":"https:\/\/blogdofarnesio.com.br\/"},{"@type":"ListItem","position":2,"name":"VENDAS DE NATAL DEVEM APRESENTAR UMA QUEDA DE 9% EM RELA\u00c7\u00c3O AO ANO PASSADO"}]},{"@type":"WebSite","@id":"https:\/\/blogdofarnesio.com.br\/#website","url":"https:\/\/blogdofarnesio.com.br\/","name":"Blog do Farn\u00e9sio","description":"Quer Saber Pol\u00edtica?","publisher":{"@id":"https:\/\/blogdofarnesio.com.br\/#organization"},"potentialAction":[{"@type":"SearchAction","target":{"@type":"EntryPoint","urlTemplate":"https:\/\/blogdofarnesio.com.br\/?s={search_term_string}"},"query-input":{"@type":"PropertyValueSpecification","valueRequired":true,"valueName":"search_term_string"}}],"inLanguage":"pt-BR"},{"@type":"Organization","@id":"https:\/\/blogdofarnesio.com.br\/#organization","name":"Blog do Farn\u00e9sio","url":"https:\/\/blogdofarnesio.com.br\/","logo":{"@type":"ImageObject","inLanguage":"pt-BR","@id":"https:\/\/blogdofarnesio.com.br\/#\/schema\/logo\/image\/","url":"https:\/\/blogdofarnesio.com.br\/wp-content\/uploads\/2026\/03\/cropped-logo_new-1.png","contentUrl":"https:\/\/blogdofarnesio.com.br\/wp-content\/uploads\/2026\/03\/cropped-logo_new-1.png","width":881,"height":685,"caption":"Blog do Farn\u00e9sio"},"image":{"@id":"https:\/\/blogdofarnesio.com.br\/#\/schema\/logo\/image\/"},"sameAs":["https:\/\/www.facebook.com\/BlogQuerSaberPolitica\/"]},{"@type":"Person","@id":"https:\/\/blogdofarnesio.com.br\/#\/schema\/person\/301c4acf522bccbfdb45af95b5b906a1","name":"Farn\u00e9sio","image":{"@type":"ImageObject","inLanguage":"pt-BR","@id":"https:\/\/secure.gravatar.com\/avatar\/df0c9a14567c056f8ad6876ba5bbd1e3e2c48023eb6807342fc4663adf549f38?s=96&d=mm&r=g","url":"https:\/\/secure.gravatar.com\/avatar\/df0c9a14567c056f8ad6876ba5bbd1e3e2c48023eb6807342fc4663adf549f38?s=96&d=mm&r=g","contentUrl":"https:\/\/secure.gravatar.com\/avatar\/df0c9a14567c056f8ad6876ba5bbd1e3e2c48023eb6807342fc4663adf549f38?s=96&d=mm&r=g","caption":"Farn\u00e9sio"},"sameAs":["https:\/\/quersaberpolitica.com.br"],"url":"https:\/\/blogdofarnesio.com.br\/?author=1"}]}},"_links":{"self":[{"href":"https:\/\/blogdofarnesio.com.br\/index.php?rest_route=\/wp\/v2\/posts\/154447","targetHints":{"allow":["GET"]}}],"collection":[{"href":"https:\/\/blogdofarnesio.com.br\/index.php?rest_route=\/wp\/v2\/posts"}],"about":[{"href":"https:\/\/blogdofarnesio.com.br\/index.php?rest_route=\/wp\/v2\/types\/post"}],"author":[{"embeddable":true,"href":"https:\/\/blogdofarnesio.com.br\/index.php?rest_route=\/wp\/v2\/users\/1"}],"replies":[{"embeddable":true,"href":"https:\/\/blogdofarnesio.com.br\/index.php?rest_route=%2Fwp%2Fv2%2Fcomments&post=154447"}],"version-history":[{"count":0,"href":"https:\/\/blogdofarnesio.com.br\/index.php?rest_route=\/wp\/v2\/posts\/154447\/revisions"}],"wp:featuredmedia":[{"embeddable":true,"href":"https:\/\/blogdofarnesio.com.br\/index.php?rest_route=\/wp\/v2\/media\/153198"}],"wp:attachment":[{"href":"https:\/\/blogdofarnesio.com.br\/index.php?rest_route=%2Fwp%2Fv2%2Fmedia&parent=154447"}],"wp:term":[{"taxonomy":"category","embeddable":true,"href":"https:\/\/blogdofarnesio.com.br\/index.php?rest_route=%2Fwp%2Fv2%2Fcategories&post=154447"},{"taxonomy":"post_tag","embeddable":true,"href":"https:\/\/blogdofarnesio.com.br\/index.php?rest_route=%2Fwp%2Fv2%2Ftags&post=154447"}],"curies":[{"name":"wp","href":"https:\/\/api.w.org\/{rel}","templated":true}]}}