{"id":154430,"date":"2016-12-21T12:30:22","date_gmt":"2016-12-21T15:30:22","guid":{"rendered":"http:\/\/quersaberpolitica.com.br\/2016\/?p=154430"},"modified":"2016-12-21T11:20:40","modified_gmt":"2016-12-21T14:20:40","slug":"funcionarios-do-imip-em-recife-fecham-via-em-protesto-contra-atraso-de-salarios","status":"publish","type":"post","link":"https:\/\/blogdofarnesio.com.br\/?p=154430","title":{"rendered":"FUNCION\u00c1RIOS DO IMIP EM RECIFE FECHAM VIA EM PROTESTO CONTRA ATRASO DE SAL\u00c1RIOS"},"content":{"rendered":"<p style=\"text-align: justify;\">Funcion\u00e1rios do Instituto de Medicina Integral Professor Fernando Figueira (Imip) realizam uma manifesta\u00e7\u00e3o na manh\u00e3 desta quarta-feira (21), em frente ao instituto, na rua dos Coelhos, no bairro da Boa Vista, na \u00e1rea Central da capital pernambucana. Os dois sentidos da via foram fechados.<\/p>\n<p>M\u00e9dicos, enfermeiros, auxiliares de limpeza e servi\u00e7os administrativos protestam contra o atraso dos pagamentos e falta de material. Eles informaram que est\u00e3o sem receber desde novembro. Os funcion\u00e1rios suspenderam o atendimento at\u00e9 que se tenha um posicionamento da administra\u00e7\u00e3o.<br \/>\n<!--more--><br \/>\nO\u00a0motorista Nonato Elias, veio de Juru, no Sert\u00e3o da Para\u00edba, para levar dois pacientes que fazem tratamento cardiovascular no Imip.\u00a0&#8220;Sa\u00ed de casa \u00e0 meia-noite, cheguei aqui \u00e0s 6h de hoje e estava tudo parado. Eu acho que eles est\u00e3o certos, mas quem paga \u00e9 a gente&#8221;, disse.<\/p>\n<p>Folha de Pernambuco<\/p>\n","protected":false},"excerpt":{"rendered":"<p>Funcion\u00e1rios do Instituto de Medicina Integral Professor Fernando Figueira (Imip) realizam uma manifesta\u00e7\u00e3o na manh\u00e3 desta quarta-feira (21), em frente ao instituto, na rua dos Coelhos, no bairro da Boa Vista, na \u00e1rea Central da capital pernambucana. Os dois sentidos da via foram fechados. M\u00e9dicos, enfermeiros, auxiliares de limpeza e servi\u00e7os administrativos protestam contra o atraso dos pagamentos e falta de material. Eles informaram que est\u00e3o sem receber desde novembro. Os funcion\u00e1rios suspenderam o atendimento at\u00e9 que se tenha um posicionamento da administra\u00e7\u00e3o.<\/p>\n","protected":false},"author":1,"featured_media":153324,"comment_status":"open","ping_status":"open","sticky":false,"template":"","format":"standard","meta":{"_acf_changed":false,"footnotes":""},"categories":[44,4],"tags":[],"class_list":["post-154430","post","type-post","status-publish","format-standard","has-post-thumbnail","hentry","category-administracao","category-saude"],"acf":[],"yoast_head":"<!-- This site is optimized with the Yoast SEO plugin v27.4 - https:\/\/yoast.com\/product\/yoast-seo-wordpress\/ -->\n<title>FUNCION\u00c1RIOS DO IMIP EM RECIFE FECHAM VIA EM PROTESTO CONTRA ATRASO DE SAL\u00c1RIOS - Blog do Farn\u00e9sio<\/title>\n<meta name=\"robots\" content=\"index, follow, max-snippet:-1, max-image-preview:large, max-video-preview:-1\" \/>\n<link rel=\"canonical\" href=\"https:\/\/blogdofarnesio.com.br\/?p=154430\" \/>\n<meta property=\"og:locale\" content=\"pt_BR\" \/>\n<meta property=\"og:type\" content=\"article\" \/>\n<meta property=\"og:title\" content=\"FUNCION\u00c1RIOS DO IMIP EM RECIFE FECHAM VIA EM PROTESTO CONTRA ATRASO DE SAL\u00c1RIOS - Blog do Farn\u00e9sio\" \/>\n<meta property=\"og:description\" content=\"Funcion\u00e1rios do Instituto de Medicina Integral Professor Fernando Figueira (Imip) realizam uma manifesta\u00e7\u00e3o na manh\u00e3 desta quarta-feira (21), em frente ao instituto, na rua dos Coelhos, no bairro da Boa Vista, na \u00e1rea Central da capital pernambucana. Os dois sentidos da via foram fechados. M\u00e9dicos, enfermeiros, auxiliares de limpeza e servi\u00e7os administrativos protestam contra o atraso dos pagamentos e falta de material. Eles informaram que est\u00e3o sem receber desde novembro. Os funcion\u00e1rios suspenderam o atendimento at\u00e9 que se tenha um posicionamento da administra\u00e7\u00e3o.\" \/>\n<meta property=\"og:url\" content=\"https:\/\/blogdofarnesio.com.br\/?p=154430\" \/>\n<meta property=\"og:site_name\" content=\"Blog do Farn\u00e9sio\" \/>\n<meta property=\"article:publisher\" content=\"https:\/\/www.facebook.com\/BlogQuerSaberPolitica\/\" \/>\n<meta property=\"article:published_time\" content=\"2016-12-21T15:30:22+00:00\" \/>\n<meta property=\"og:image\" content=\"https:\/\/blogdofarnesio.com.br\/wp-content\/uploads\/2016\/12\/blog-qsp-manifesta\u00e7ao-em-recife-foto-j\u00falia-montenegro.jpg\" \/>\n\t<meta property=\"og:image:width\" content=\"437\" \/>\n\t<meta property=\"og:image:height\" content=\"336\" \/>\n\t<meta property=\"og:image:type\" content=\"image\/jpeg\" \/>\n<meta name=\"author\" content=\"Farn\u00e9sio\" \/>\n<meta name=\"twitter:card\" content=\"summary_large_image\" \/>\n<meta name=\"twitter:label1\" content=\"Escrito por\" \/>\n\t<meta name=\"twitter:data1\" content=\"Farn\u00e9sio\" \/>\n\t<meta name=\"twitter:label2\" content=\"Est. tempo de leitura\" \/>\n\t<meta name=\"twitter:data2\" content=\"1 minuto\" \/>\n<script type=\"application\/ld+json\" class=\"yoast-schema-graph\">{\"@context\":\"https:\\\/\\\/schema.org\",\"@graph\":[{\"@type\":\"Article\",\"@id\":\"https:\\\/\\\/blogdofarnesio.com.br\\\/?p=154430#article\",\"isPartOf\":{\"@id\":\"https:\\\/\\\/blogdofarnesio.com.br\\\/?p=154430\"},\"author\":{\"name\":\"Farn\u00e9sio\",\"@id\":\"https:\\\/\\\/blogdofarnesio.com.br\\\/#\\\/schema\\\/person\\\/301c4acf522bccbfdb45af95b5b906a1\"},\"headline\":\"FUNCION\u00c1RIOS DO IMIP EM RECIFE FECHAM VIA EM PROTESTO CONTRA ATRASO DE SAL\u00c1RIOS\",\"datePublished\":\"2016-12-21T15:30:22+00:00\",\"mainEntityOfPage\":{\"@id\":\"https:\\\/\\\/blogdofarnesio.com.br\\\/?p=154430\"},\"wordCount\":157,\"commentCount\":0,\"publisher\":{\"@id\":\"https:\\\/\\\/blogdofarnesio.com.br\\\/#organization\"},\"image\":{\"@id\":\"https:\\\/\\\/blogdofarnesio.com.br\\\/?p=154430#primaryimage\"},\"thumbnailUrl\":\"https:\\\/\\\/blogdofarnesio.com.br\\\/wp-content\\\/uploads\\\/2016\\\/12\\\/blog-qsp-manifesta\u00e7ao-em-recife-foto-j\u00falia-montenegro.jpg\",\"articleSection\":[\"Administra\u00e7\u00e3o\",\"Sa\u00fade\"],\"inLanguage\":\"pt-BR\",\"potentialAction\":[{\"@type\":\"CommentAction\",\"name\":\"Comment\",\"target\":[\"https:\\\/\\\/blogdofarnesio.com.br\\\/?p=154430#respond\"]}]},{\"@type\":\"WebPage\",\"@id\":\"https:\\\/\\\/blogdofarnesio.com.br\\\/?p=154430\",\"url\":\"https:\\\/\\\/blogdofarnesio.com.br\\\/?p=154430\",\"name\":\"FUNCION\u00c1RIOS DO IMIP EM RECIFE FECHAM VIA EM PROTESTO CONTRA ATRASO DE SAL\u00c1RIOS - Blog do Farn\u00e9sio\",\"isPartOf\":{\"@id\":\"https:\\\/\\\/blogdofarnesio.com.br\\\/#website\"},\"primaryImageOfPage\":{\"@id\":\"https:\\\/\\\/blogdofarnesio.com.br\\\/?p=154430#primaryimage\"},\"image\":{\"@id\":\"https:\\\/\\\/blogdofarnesio.com.br\\\/?p=154430#primaryimage\"},\"thumbnailUrl\":\"https:\\\/\\\/blogdofarnesio.com.br\\\/wp-content\\\/uploads\\\/2016\\\/12\\\/blog-qsp-manifesta\u00e7ao-em-recife-foto-j\u00falia-montenegro.jpg\",\"datePublished\":\"2016-12-21T15:30:22+00:00\",\"breadcrumb\":{\"@id\":\"https:\\\/\\\/blogdofarnesio.com.br\\\/?p=154430#breadcrumb\"},\"inLanguage\":\"pt-BR\",\"potentialAction\":[{\"@type\":\"ReadAction\",\"target\":[\"https:\\\/\\\/blogdofarnesio.com.br\\\/?p=154430\"]}]},{\"@type\":\"ImageObject\",\"inLanguage\":\"pt-BR\",\"@id\":\"https:\\\/\\\/blogdofarnesio.com.br\\\/?p=154430#primaryimage\",\"url\":\"https:\\\/\\\/blogdofarnesio.com.br\\\/wp-content\\\/uploads\\\/2016\\\/12\\\/blog-qsp-manifesta\u00e7ao-em-recife-foto-j\u00falia-montenegro.jpg\",\"contentUrl\":\"https:\\\/\\\/blogdofarnesio.com.br\\\/wp-content\\\/uploads\\\/2016\\\/12\\\/blog-qsp-manifesta\u00e7ao-em-recife-foto-j\u00falia-montenegro.jpg\",\"width\":437,\"height\":336},{\"@type\":\"BreadcrumbList\",\"@id\":\"https:\\\/\\\/blogdofarnesio.com.br\\\/?p=154430#breadcrumb\",\"itemListElement\":[{\"@type\":\"ListItem\",\"position\":1,\"name\":\"In\u00edcio\",\"item\":\"https:\\\/\\\/blogdofarnesio.com.br\\\/\"},{\"@type\":\"ListItem\",\"position\":2,\"name\":\"FUNCION\u00c1RIOS DO IMIP EM RECIFE FECHAM VIA EM PROTESTO CONTRA ATRASO DE SAL\u00c1RIOS\"}]},{\"@type\":\"WebSite\",\"@id\":\"https:\\\/\\\/blogdofarnesio.com.br\\\/#website\",\"url\":\"https:\\\/\\\/blogdofarnesio.com.br\\\/\",\"name\":\"Blog do Farn\u00e9sio\",\"description\":\"Quer Saber Pol\u00edtica?\",\"publisher\":{\"@id\":\"https:\\\/\\\/blogdofarnesio.com.br\\\/#organization\"},\"potentialAction\":[{\"@type\":\"SearchAction\",\"target\":{\"@type\":\"EntryPoint\",\"urlTemplate\":\"https:\\\/\\\/blogdofarnesio.com.br\\\/?s={search_term_string}\"},\"query-input\":{\"@type\":\"PropertyValueSpecification\",\"valueRequired\":true,\"valueName\":\"search_term_string\"}}],\"inLanguage\":\"pt-BR\"},{\"@type\":\"Organization\",\"@id\":\"https:\\\/\\\/blogdofarnesio.com.br\\\/#organization\",\"name\":\"Blog do Farn\u00e9sio\",\"url\":\"https:\\\/\\\/blogdofarnesio.com.br\\\/\",\"logo\":{\"@type\":\"ImageObject\",\"inLanguage\":\"pt-BR\",\"@id\":\"https:\\\/\\\/blogdofarnesio.com.br\\\/#\\\/schema\\\/logo\\\/image\\\/\",\"url\":\"https:\\\/\\\/blogdofarnesio.com.br\\\/wp-content\\\/uploads\\\/2026\\\/03\\\/cropped-logo_new-1.png\",\"contentUrl\":\"https:\\\/\\\/blogdofarnesio.com.br\\\/wp-content\\\/uploads\\\/2026\\\/03\\\/cropped-logo_new-1.png\",\"width\":881,\"height\":685,\"caption\":\"Blog do Farn\u00e9sio\"},\"image\":{\"@id\":\"https:\\\/\\\/blogdofarnesio.com.br\\\/#\\\/schema\\\/logo\\\/image\\\/\"},\"sameAs\":[\"https:\\\/\\\/www.facebook.com\\\/BlogQuerSaberPolitica\\\/\"]},{\"@type\":\"Person\",\"@id\":\"https:\\\/\\\/blogdofarnesio.com.br\\\/#\\\/schema\\\/person\\\/301c4acf522bccbfdb45af95b5b906a1\",\"name\":\"Farn\u00e9sio\",\"image\":{\"@type\":\"ImageObject\",\"inLanguage\":\"pt-BR\",\"@id\":\"https:\\\/\\\/secure.gravatar.com\\\/avatar\\\/df0c9a14567c056f8ad6876ba5bbd1e3e2c48023eb6807342fc4663adf549f38?s=96&d=mm&r=g\",\"url\":\"https:\\\/\\\/secure.gravatar.com\\\/avatar\\\/df0c9a14567c056f8ad6876ba5bbd1e3e2c48023eb6807342fc4663adf549f38?s=96&d=mm&r=g\",\"contentUrl\":\"https:\\\/\\\/secure.gravatar.com\\\/avatar\\\/df0c9a14567c056f8ad6876ba5bbd1e3e2c48023eb6807342fc4663adf549f38?s=96&d=mm&r=g\",\"caption\":\"Farn\u00e9sio\"},\"sameAs\":[\"https:\\\/\\\/quersaberpolitica.com.br\"],\"url\":\"https:\\\/\\\/blogdofarnesio.com.br\\\/?author=1\"}]}<\/script>\n<!-- \/ Yoast SEO plugin. -->","yoast_head_json":{"title":"FUNCION\u00c1RIOS DO IMIP EM RECIFE FECHAM VIA EM PROTESTO CONTRA ATRASO DE SAL\u00c1RIOS - Blog do Farn\u00e9sio","robots":{"index":"index","follow":"follow","max-snippet":"max-snippet:-1","max-image-preview":"max-image-preview:large","max-video-preview":"max-video-preview:-1"},"canonical":"https:\/\/blogdofarnesio.com.br\/?p=154430","og_locale":"pt_BR","og_type":"article","og_title":"FUNCION\u00c1RIOS DO IMIP EM RECIFE FECHAM VIA EM PROTESTO CONTRA ATRASO DE SAL\u00c1RIOS - Blog do Farn\u00e9sio","og_description":"Funcion\u00e1rios do Instituto de Medicina Integral Professor Fernando Figueira (Imip) realizam uma manifesta\u00e7\u00e3o na manh\u00e3 desta quarta-feira (21), em frente ao instituto, na rua dos Coelhos, no bairro da Boa Vista, na \u00e1rea Central da capital pernambucana. Os dois sentidos da via foram fechados. M\u00e9dicos, enfermeiros, auxiliares de limpeza e servi\u00e7os administrativos protestam contra o atraso dos pagamentos e falta de material. Eles informaram que est\u00e3o sem receber desde novembro. Os funcion\u00e1rios suspenderam o atendimento at\u00e9 que se tenha um posicionamento da administra\u00e7\u00e3o.","og_url":"https:\/\/blogdofarnesio.com.br\/?p=154430","og_site_name":"Blog do Farn\u00e9sio","article_publisher":"https:\/\/www.facebook.com\/BlogQuerSaberPolitica\/","article_published_time":"2016-12-21T15:30:22+00:00","og_image":[{"width":437,"height":336,"url":"https:\/\/blogdofarnesio.com.br\/wp-content\/uploads\/2016\/12\/blog-qsp-manifesta\u00e7ao-em-recife-foto-j\u00falia-montenegro.jpg","type":"image\/jpeg"}],"author":"Farn\u00e9sio","twitter_card":"summary_large_image","twitter_misc":{"Escrito por":"Farn\u00e9sio","Est. tempo de leitura":"1 minuto"},"schema":{"@context":"https:\/\/schema.org","@graph":[{"@type":"Article","@id":"https:\/\/blogdofarnesio.com.br\/?p=154430#article","isPartOf":{"@id":"https:\/\/blogdofarnesio.com.br\/?p=154430"},"author":{"name":"Farn\u00e9sio","@id":"https:\/\/blogdofarnesio.com.br\/#\/schema\/person\/301c4acf522bccbfdb45af95b5b906a1"},"headline":"FUNCION\u00c1RIOS DO IMIP EM RECIFE FECHAM VIA EM PROTESTO CONTRA ATRASO DE SAL\u00c1RIOS","datePublished":"2016-12-21T15:30:22+00:00","mainEntityOfPage":{"@id":"https:\/\/blogdofarnesio.com.br\/?p=154430"},"wordCount":157,"commentCount":0,"publisher":{"@id":"https:\/\/blogdofarnesio.com.br\/#organization"},"image":{"@id":"https:\/\/blogdofarnesio.com.br\/?p=154430#primaryimage"},"thumbnailUrl":"https:\/\/blogdofarnesio.com.br\/wp-content\/uploads\/2016\/12\/blog-qsp-manifesta\u00e7ao-em-recife-foto-j\u00falia-montenegro.jpg","articleSection":["Administra\u00e7\u00e3o","Sa\u00fade"],"inLanguage":"pt-BR","potentialAction":[{"@type":"CommentAction","name":"Comment","target":["https:\/\/blogdofarnesio.com.br\/?p=154430#respond"]}]},{"@type":"WebPage","@id":"https:\/\/blogdofarnesio.com.br\/?p=154430","url":"https:\/\/blogdofarnesio.com.br\/?p=154430","name":"FUNCION\u00c1RIOS DO IMIP EM RECIFE FECHAM VIA EM PROTESTO CONTRA ATRASO DE SAL\u00c1RIOS - Blog do Farn\u00e9sio","isPartOf":{"@id":"https:\/\/blogdofarnesio.com.br\/#website"},"primaryImageOfPage":{"@id":"https:\/\/blogdofarnesio.com.br\/?p=154430#primaryimage"},"image":{"@id":"https:\/\/blogdofarnesio.com.br\/?p=154430#primaryimage"},"thumbnailUrl":"https:\/\/blogdofarnesio.com.br\/wp-content\/uploads\/2016\/12\/blog-qsp-manifesta\u00e7ao-em-recife-foto-j\u00falia-montenegro.jpg","datePublished":"2016-12-21T15:30:22+00:00","breadcrumb":{"@id":"https:\/\/blogdofarnesio.com.br\/?p=154430#breadcrumb"},"inLanguage":"pt-BR","potentialAction":[{"@type":"ReadAction","target":["https:\/\/blogdofarnesio.com.br\/?p=154430"]}]},{"@type":"ImageObject","inLanguage":"pt-BR","@id":"https:\/\/blogdofarnesio.com.br\/?p=154430#primaryimage","url":"https:\/\/blogdofarnesio.com.br\/wp-content\/uploads\/2016\/12\/blog-qsp-manifesta\u00e7ao-em-recife-foto-j\u00falia-montenegro.jpg","contentUrl":"https:\/\/blogdofarnesio.com.br\/wp-content\/uploads\/2016\/12\/blog-qsp-manifesta\u00e7ao-em-recife-foto-j\u00falia-montenegro.jpg","width":437,"height":336},{"@type":"BreadcrumbList","@id":"https:\/\/blogdofarnesio.com.br\/?p=154430#breadcrumb","itemListElement":[{"@type":"ListItem","position":1,"name":"In\u00edcio","item":"https:\/\/blogdofarnesio.com.br\/"},{"@type":"ListItem","position":2,"name":"FUNCION\u00c1RIOS DO IMIP EM RECIFE FECHAM VIA EM PROTESTO CONTRA ATRASO DE SAL\u00c1RIOS"}]},{"@type":"WebSite","@id":"https:\/\/blogdofarnesio.com.br\/#website","url":"https:\/\/blogdofarnesio.com.br\/","name":"Blog do Farn\u00e9sio","description":"Quer Saber Pol\u00edtica?","publisher":{"@id":"https:\/\/blogdofarnesio.com.br\/#organization"},"potentialAction":[{"@type":"SearchAction","target":{"@type":"EntryPoint","urlTemplate":"https:\/\/blogdofarnesio.com.br\/?s={search_term_string}"},"query-input":{"@type":"PropertyValueSpecification","valueRequired":true,"valueName":"search_term_string"}}],"inLanguage":"pt-BR"},{"@type":"Organization","@id":"https:\/\/blogdofarnesio.com.br\/#organization","name":"Blog do Farn\u00e9sio","url":"https:\/\/blogdofarnesio.com.br\/","logo":{"@type":"ImageObject","inLanguage":"pt-BR","@id":"https:\/\/blogdofarnesio.com.br\/#\/schema\/logo\/image\/","url":"https:\/\/blogdofarnesio.com.br\/wp-content\/uploads\/2026\/03\/cropped-logo_new-1.png","contentUrl":"https:\/\/blogdofarnesio.com.br\/wp-content\/uploads\/2026\/03\/cropped-logo_new-1.png","width":881,"height":685,"caption":"Blog do Farn\u00e9sio"},"image":{"@id":"https:\/\/blogdofarnesio.com.br\/#\/schema\/logo\/image\/"},"sameAs":["https:\/\/www.facebook.com\/BlogQuerSaberPolitica\/"]},{"@type":"Person","@id":"https:\/\/blogdofarnesio.com.br\/#\/schema\/person\/301c4acf522bccbfdb45af95b5b906a1","name":"Farn\u00e9sio","image":{"@type":"ImageObject","inLanguage":"pt-BR","@id":"https:\/\/secure.gravatar.com\/avatar\/df0c9a14567c056f8ad6876ba5bbd1e3e2c48023eb6807342fc4663adf549f38?s=96&d=mm&r=g","url":"https:\/\/secure.gravatar.com\/avatar\/df0c9a14567c056f8ad6876ba5bbd1e3e2c48023eb6807342fc4663adf549f38?s=96&d=mm&r=g","contentUrl":"https:\/\/secure.gravatar.com\/avatar\/df0c9a14567c056f8ad6876ba5bbd1e3e2c48023eb6807342fc4663adf549f38?s=96&d=mm&r=g","caption":"Farn\u00e9sio"},"sameAs":["https:\/\/quersaberpolitica.com.br"],"url":"https:\/\/blogdofarnesio.com.br\/?author=1"}]}},"_links":{"self":[{"href":"https:\/\/blogdofarnesio.com.br\/index.php?rest_route=\/wp\/v2\/posts\/154430","targetHints":{"allow":["GET"]}}],"collection":[{"href":"https:\/\/blogdofarnesio.com.br\/index.php?rest_route=\/wp\/v2\/posts"}],"about":[{"href":"https:\/\/blogdofarnesio.com.br\/index.php?rest_route=\/wp\/v2\/types\/post"}],"author":[{"embeddable":true,"href":"https:\/\/blogdofarnesio.com.br\/index.php?rest_route=\/wp\/v2\/users\/1"}],"replies":[{"embeddable":true,"href":"https:\/\/blogdofarnesio.com.br\/index.php?rest_route=%2Fwp%2Fv2%2Fcomments&post=154430"}],"version-history":[{"count":0,"href":"https:\/\/blogdofarnesio.com.br\/index.php?rest_route=\/wp\/v2\/posts\/154430\/revisions"}],"wp:featuredmedia":[{"embeddable":true,"href":"https:\/\/blogdofarnesio.com.br\/index.php?rest_route=\/wp\/v2\/media\/153324"}],"wp:attachment":[{"href":"https:\/\/blogdofarnesio.com.br\/index.php?rest_route=%2Fwp%2Fv2%2Fmedia&parent=154430"}],"wp:term":[{"taxonomy":"category","embeddable":true,"href":"https:\/\/blogdofarnesio.com.br\/index.php?rest_route=%2Fwp%2Fv2%2Fcategories&post=154430"},{"taxonomy":"post_tag","embeddable":true,"href":"https:\/\/blogdofarnesio.com.br\/index.php?rest_route=%2Fwp%2Fv2%2Ftags&post=154430"}],"curies":[{"name":"wp","href":"https:\/\/api.w.org\/{rel}","templated":true}]}}