{"id":154181,"date":"2016-12-20T15:40:24","date_gmt":"2016-12-20T18:40:24","guid":{"rendered":"http:\/\/quersaberpolitica.com.br\/2016\/?p=154181"},"modified":"2016-12-20T10:13:27","modified_gmt":"2016-12-20T13:13:27","slug":"ong-seja-semente-realiza-natal-para-os-acompanhantes-do-hospital-universitario-de-petrolina","status":"publish","type":"post","link":"https:\/\/blogdofarnesio.com.br\/2016\/12\/ong-seja-semente-realiza-natal-para-os-acompanhantes-do-hospital-universitario-de-petrolina\/","title":{"rendered":"ONG SEJA SEMENTE REALIZA NATAL PARA OS ACOMPANHANTES DO HOSPITAL UNIVERSIT\u00c1RIO DE PETROLINA"},"content":{"rendered":"<p style=\"text-align: justify;\">No final de ano o espirito Natalino tem tocado muitos cora\u00e7\u00f5es e s\u00e3o muitas as pessoas que tem ajudado institui\u00e7\u00f5es ou fam\u00edlias carentes nesse per\u00edodo. Mas existe um grupo em Petrolina que realiza a\u00e7\u00f5es o ano inteiro e deu um toque especial ao Natal de centenas de pessoas, estamos falando da ONG Seja Semente &#8211; Vale do S\u00e3o Francisco.\u00a0 O Seja Semente h\u00e1 pouco mais de dois anos faz um bel\u00edssimo trabalho volunt\u00e1rio na regi\u00e3o e realizou nesta ultima segunda-feira (19) mais uma A\u00e7\u00e3o Social no Hospital Universit\u00e1rio (HU) de Petrolina que emocionou muita gente.<\/p>\n<p style=\"text-align: justify;\">\u201cGeralmente, levamos na segunda-feira normal cachorro-quente, cuscuz, suco de polpa, refrigerantes, caf\u00e9, bolos, p\u00e3es&#8230; nessa a\u00e7\u00e3o voltada ao Natal resolvemos levar o espirito natalino para os Acompanhantes do Traumas. E o jantar foi especial, teve salpic\u00e3o, farofa com passas, batata palha, arroz muito gostoso em bem temperado, frango assado trazido com carinho pelos volunt\u00e1rios, panetones e, principalmente, regado a muito amor! \u201d, ressaltou a volunt\u00e1ria Sofia Lins, uma das coordenadoras deste projeto. A motiva\u00e7\u00e3o para estar presente o ano inteiro em a\u00e7\u00f5es como esta \u00e9, segundo ela, a necessidade de dar aos filhos bons exemplos, assim como recebeu de seus pais.<\/p>\n<p style=\"text-align: justify;\"><!--more--><\/p>\n<p style=\"text-align: justify;\">A ONG Seja Semente possui alguns projetos dos mais diferentes seguimentos que s\u00e3o realizados no decorrer do ano, tendo como\u00a0 proposta promover, desde melhorias \u00a0de casas carentes, a creches e asilos, como tamb\u00e9m ter momentos de descontra\u00e7\u00e3o e conversa com idosos, recrea\u00e7\u00e3o com crian\u00e7as.<\/p>\n<p style=\"text-align: justify;\">\u201cEste projeto de hoje, em especial, j\u00e1 faz parte do calend\u00e1rio semanal dos acompanhantes do Hospital de Traumas. Eles nos esperam com muita ansiedade. Geralmente s\u00e3o pessoas que est\u00e3o h\u00e1 muito tempo aguardando a cirurgia de um familiar ou amigo e est\u00e3o emocionalmente abaladas, tendo que passar for\u00e7as para quem est\u00e1 l\u00e1 dentro. Essa a\u00e7\u00e3o \u00e9 muito mais que levar comida, \u00e9 levar aten\u00e7\u00e3o, tempo, carinho. Eles ficam felizes com uma simples conversa ou at\u00e9 mesmo um abra\u00e7o amigo. E n\u00f3s, volunt\u00e1rios, s\u00f3 temos que agradecer a Deus por termos o que oferecer, deles n\u00e3o queremos um obrigado, queremos um abra\u00e7o para que nos d\u00ea for\u00e7as para que possamos dar continuidade a esse trabalho\u201d, finalizou a idealizadora do Seja Semente no Vale do S\u00e3o Francisco, Carol Pires.<\/p>\n<p style=\"text-align: justify;\">O grupo \u00e9 formado por \u00a0mais de 200 pessoas que ajudam de maneira direta ou indireta\u00a0 e n\u00e3o recebem nenhum tipo de ajuda do poder publico. Se voc\u00ea quiser ser volunt\u00e1rio, entre em contato no <a href=\"tel:(87)%2099958-8319\">(87) 99958-8319<\/a> ou atrav\u00e9s das redes sociais: \u00a0<a href=\"http:\/\/www.facebook.com\/sejaasemente\" data-saferedirecturl=\"https:\/\/www.google.com\/url?hl=pt-BR&amp;q=http:\/\/www.facebook.com\/sejaasemente&amp;source=gmail&amp;ust=1482323512235000&amp;usg=AFQjCNE9SVZ-LZgztpELa60naf4F40b_bA\">www.facebook.com\/sejaasemente<\/a> ou <a href=\"http:\/\/www.instagram.com\/sejasemente\" data-saferedirecturl=\"https:\/\/www.google.com\/url?hl=pt-BR&amp;q=http:\/\/www.instagram.com\/sejasemente&amp;source=gmail&amp;ust=1482323512235000&amp;usg=AFQjCNHyWwlxDzJjpeezZcyu9woguklrCg\">www.instagram.com\/sejasemente<\/a><\/p>\n","protected":false},"excerpt":{"rendered":"<p>No final de ano o espirito Natalino tem tocado muitos cora\u00e7\u00f5es e s\u00e3o muitas as pessoas que tem ajudado institui\u00e7\u00f5es ou fam\u00edlias carentes nesse per\u00edodo. Mas existe um grupo em Petrolina que realiza a\u00e7\u00f5es o ano inteiro e deu um toque especial ao Natal de centenas de pessoas, estamos falando da ONG Seja Semente &#8211; Vale do S\u00e3o Francisco.\u00a0 O Seja Semente h\u00e1 pouco mais de dois anos faz um bel\u00edssimo trabalho volunt\u00e1rio na regi\u00e3o e realizou nesta ultima segunda-feira (19) mais uma A\u00e7\u00e3o Social no Hospital Universit\u00e1rio (HU) de Petrolina que emocionou muita gente. \u201cGeralmente, levamos na segunda-feira normal cachorro-quente, cuscuz, suco de polpa, refrigerantes, caf\u00e9, bolos, p\u00e3es&#8230; nessa a\u00e7\u00e3o voltada ao Natal resolvemos levar o espirito natalino para&hellip; <\/p>\n","protected":false},"author":1,"featured_media":153245,"comment_status":"open","ping_status":"open","sticky":false,"template":"","format":"standard","meta":{"_acf_changed":false,"footnotes":""},"categories":[44],"tags":[],"class_list":["post-154181","post","type-post","status-publish","format-standard","has-post-thumbnail","hentry","category-administracao"],"acf":[],"yoast_head":"<!-- This site is optimized with the Yoast SEO plugin v27.5 - https:\/\/yoast.com\/product\/yoast-seo-wordpress\/ -->\n<title>ONG SEJA SEMENTE REALIZA NATAL PARA OS ACOMPANHANTES DO HOSPITAL UNIVERSIT\u00c1RIO DE PETROLINA - Blog do Farn\u00e9sio<\/title>\n<meta name=\"robots\" content=\"index, follow, max-snippet:-1, max-image-preview:large, max-video-preview:-1\" \/>\n<link rel=\"canonical\" href=\"https:\/\/blogdofarnesio.com.br\/2016\/12\/ong-seja-semente-realiza-natal-para-os-acompanhantes-do-hospital-universitario-de-petrolina\/\" \/>\n<meta property=\"og:locale\" content=\"pt_BR\" \/>\n<meta property=\"og:type\" content=\"article\" \/>\n<meta property=\"og:title\" content=\"ONG SEJA SEMENTE REALIZA NATAL PARA OS ACOMPANHANTES DO HOSPITAL UNIVERSIT\u00c1RIO DE PETROLINA - Blog do Farn\u00e9sio\" \/>\n<meta property=\"og:description\" content=\"No final de ano o espirito Natalino tem tocado muitos cora\u00e7\u00f5es e s\u00e3o muitas as pessoas que tem ajudado institui\u00e7\u00f5es ou fam\u00edlias carentes nesse per\u00edodo. Mas existe um grupo em Petrolina que realiza a\u00e7\u00f5es o ano inteiro e deu um toque especial ao Natal de centenas de pessoas, estamos falando da ONG Seja Semente &#8211; Vale do S\u00e3o Francisco.\u00a0 O Seja Semente h\u00e1 pouco mais de dois anos faz um bel\u00edssimo trabalho volunt\u00e1rio na regi\u00e3o e realizou nesta ultima segunda-feira (19) mais uma A\u00e7\u00e3o Social no Hospital Universit\u00e1rio (HU) de Petrolina que emocionou muita gente. \u201cGeralmente, levamos na segunda-feira normal cachorro-quente, cuscuz, suco de polpa, refrigerantes, caf\u00e9, bolos, p\u00e3es&#8230; nessa a\u00e7\u00e3o voltada ao Natal resolvemos levar o espirito natalino para&hellip;\" \/>\n<meta property=\"og:url\" content=\"https:\/\/blogdofarnesio.com.br\/2016\/12\/ong-seja-semente-realiza-natal-para-os-acompanhantes-do-hospital-universitario-de-petrolina\/\" \/>\n<meta property=\"og:site_name\" content=\"Blog do Farn\u00e9sio\" \/>\n<meta property=\"article:publisher\" content=\"https:\/\/www.facebook.com\/BlogQuerSaberPolitica\/\" \/>\n<meta property=\"article:published_time\" content=\"2016-12-20T18:40:24+00:00\" \/>\n<meta property=\"og:image\" content=\"https:\/\/blogdofarnesio.com.br\/wp-content\/uploads\/2016\/12\/blogqsp-ongsejasemente.jpg\" \/>\n\t<meta property=\"og:image:width\" content=\"640\" \/>\n\t<meta property=\"og:image:height\" content=\"480\" \/>\n\t<meta property=\"og:image:type\" content=\"image\/jpeg\" \/>\n<meta name=\"author\" content=\"Farn\u00e9sio\" \/>\n<meta name=\"twitter:card\" content=\"summary_large_image\" \/>\n<meta name=\"twitter:label1\" content=\"Escrito por\" \/>\n\t<meta name=\"twitter:data1\" content=\"Farn\u00e9sio\" \/>\n\t<meta name=\"twitter:label2\" content=\"Est. tempo de leitura\" \/>\n\t<meta name=\"twitter:data2\" content=\"2 minutos\" \/>\n<script type=\"application\/ld+json\" class=\"yoast-schema-graph\">{\"@context\":\"https:\\\/\\\/schema.org\",\"@graph\":[{\"@type\":\"Article\",\"@id\":\"https:\\\/\\\/blogdofarnesio.com.br\\\/2016\\\/12\\\/ong-seja-semente-realiza-natal-para-os-acompanhantes-do-hospital-universitario-de-petrolina\\\/#article\",\"isPartOf\":{\"@id\":\"https:\\\/\\\/blogdofarnesio.com.br\\\/2016\\\/12\\\/ong-seja-semente-realiza-natal-para-os-acompanhantes-do-hospital-universitario-de-petrolina\\\/\"},\"author\":{\"name\":\"Farn\u00e9sio\",\"@id\":\"https:\\\/\\\/blogdofarnesio.com.br\\\/#\\\/schema\\\/person\\\/301c4acf522bccbfdb45af95b5b906a1\"},\"headline\":\"ONG SEJA SEMENTE REALIZA NATAL PARA OS ACOMPANHANTES DO HOSPITAL UNIVERSIT\u00c1RIO DE PETROLINA\",\"datePublished\":\"2016-12-20T18:40:24+00:00\",\"mainEntityOfPage\":{\"@id\":\"https:\\\/\\\/blogdofarnesio.com.br\\\/2016\\\/12\\\/ong-seja-semente-realiza-natal-para-os-acompanhantes-do-hospital-universitario-de-petrolina\\\/\"},\"wordCount\":465,\"commentCount\":0,\"publisher\":{\"@id\":\"https:\\\/\\\/blogdofarnesio.com.br\\\/#organization\"},\"image\":{\"@id\":\"https:\\\/\\\/blogdofarnesio.com.br\\\/2016\\\/12\\\/ong-seja-semente-realiza-natal-para-os-acompanhantes-do-hospital-universitario-de-petrolina\\\/#primaryimage\"},\"thumbnailUrl\":\"https:\\\/\\\/blogdofarnesio.com.br\\\/wp-content\\\/uploads\\\/2016\\\/12\\\/blogqsp-ongsejasemente.jpg\",\"articleSection\":[\"Administra\u00e7\u00e3o\"],\"inLanguage\":\"pt-BR\",\"potentialAction\":[{\"@type\":\"CommentAction\",\"name\":\"Comment\",\"target\":[\"https:\\\/\\\/blogdofarnesio.com.br\\\/2016\\\/12\\\/ong-seja-semente-realiza-natal-para-os-acompanhantes-do-hospital-universitario-de-petrolina\\\/#respond\"]}]},{\"@type\":\"WebPage\",\"@id\":\"https:\\\/\\\/blogdofarnesio.com.br\\\/2016\\\/12\\\/ong-seja-semente-realiza-natal-para-os-acompanhantes-do-hospital-universitario-de-petrolina\\\/\",\"url\":\"https:\\\/\\\/blogdofarnesio.com.br\\\/2016\\\/12\\\/ong-seja-semente-realiza-natal-para-os-acompanhantes-do-hospital-universitario-de-petrolina\\\/\",\"name\":\"ONG SEJA SEMENTE REALIZA NATAL PARA OS ACOMPANHANTES DO HOSPITAL UNIVERSIT\u00c1RIO DE PETROLINA - Blog do Farn\u00e9sio\",\"isPartOf\":{\"@id\":\"https:\\\/\\\/blogdofarnesio.com.br\\\/#website\"},\"primaryImageOfPage\":{\"@id\":\"https:\\\/\\\/blogdofarnesio.com.br\\\/2016\\\/12\\\/ong-seja-semente-realiza-natal-para-os-acompanhantes-do-hospital-universitario-de-petrolina\\\/#primaryimage\"},\"image\":{\"@id\":\"https:\\\/\\\/blogdofarnesio.com.br\\\/2016\\\/12\\\/ong-seja-semente-realiza-natal-para-os-acompanhantes-do-hospital-universitario-de-petrolina\\\/#primaryimage\"},\"thumbnailUrl\":\"https:\\\/\\\/blogdofarnesio.com.br\\\/wp-content\\\/uploads\\\/2016\\\/12\\\/blogqsp-ongsejasemente.jpg\",\"datePublished\":\"2016-12-20T18:40:24+00:00\",\"breadcrumb\":{\"@id\":\"https:\\\/\\\/blogdofarnesio.com.br\\\/2016\\\/12\\\/ong-seja-semente-realiza-natal-para-os-acompanhantes-do-hospital-universitario-de-petrolina\\\/#breadcrumb\"},\"inLanguage\":\"pt-BR\",\"potentialAction\":[{\"@type\":\"ReadAction\",\"target\":[\"https:\\\/\\\/blogdofarnesio.com.br\\\/2016\\\/12\\\/ong-seja-semente-realiza-natal-para-os-acompanhantes-do-hospital-universitario-de-petrolina\\\/\"]}]},{\"@type\":\"ImageObject\",\"inLanguage\":\"pt-BR\",\"@id\":\"https:\\\/\\\/blogdofarnesio.com.br\\\/2016\\\/12\\\/ong-seja-semente-realiza-natal-para-os-acompanhantes-do-hospital-universitario-de-petrolina\\\/#primaryimage\",\"url\":\"https:\\\/\\\/blogdofarnesio.com.br\\\/wp-content\\\/uploads\\\/2016\\\/12\\\/blogqsp-ongsejasemente.jpg\",\"contentUrl\":\"https:\\\/\\\/blogdofarnesio.com.br\\\/wp-content\\\/uploads\\\/2016\\\/12\\\/blogqsp-ongsejasemente.jpg\",\"width\":640,\"height\":480},{\"@type\":\"BreadcrumbList\",\"@id\":\"https:\\\/\\\/blogdofarnesio.com.br\\\/2016\\\/12\\\/ong-seja-semente-realiza-natal-para-os-acompanhantes-do-hospital-universitario-de-petrolina\\\/#breadcrumb\",\"itemListElement\":[{\"@type\":\"ListItem\",\"position\":1,\"name\":\"In\u00edcio\",\"item\":\"https:\\\/\\\/blogdofarnesio.com.br\\\/\"},{\"@type\":\"ListItem\",\"position\":2,\"name\":\"ONG SEJA SEMENTE REALIZA NATAL PARA OS ACOMPANHANTES DO HOSPITAL UNIVERSIT\u00c1RIO DE PETROLINA\"}]},{\"@type\":\"WebSite\",\"@id\":\"https:\\\/\\\/blogdofarnesio.com.br\\\/#website\",\"url\":\"https:\\\/\\\/blogdofarnesio.com.br\\\/\",\"name\":\"Blog do Farn\u00e9sio\",\"description\":\"Quer Saber Pol\u00edtica?\",\"publisher\":{\"@id\":\"https:\\\/\\\/blogdofarnesio.com.br\\\/#organization\"},\"potentialAction\":[{\"@type\":\"SearchAction\",\"target\":{\"@type\":\"EntryPoint\",\"urlTemplate\":\"https:\\\/\\\/blogdofarnesio.com.br\\\/?s={search_term_string}\"},\"query-input\":{\"@type\":\"PropertyValueSpecification\",\"valueRequired\":true,\"valueName\":\"search_term_string\"}}],\"inLanguage\":\"pt-BR\"},{\"@type\":\"Organization\",\"@id\":\"https:\\\/\\\/blogdofarnesio.com.br\\\/#organization\",\"name\":\"Blog do Farn\u00e9sio\",\"url\":\"https:\\\/\\\/blogdofarnesio.com.br\\\/\",\"logo\":{\"@type\":\"ImageObject\",\"inLanguage\":\"pt-BR\",\"@id\":\"https:\\\/\\\/blogdofarnesio.com.br\\\/#\\\/schema\\\/logo\\\/image\\\/\",\"url\":\"https:\\\/\\\/blogdofarnesio.com.br\\\/wp-content\\\/uploads\\\/2026\\\/03\\\/cropped-logo_new-1.png\",\"contentUrl\":\"https:\\\/\\\/blogdofarnesio.com.br\\\/wp-content\\\/uploads\\\/2026\\\/03\\\/cropped-logo_new-1.png\",\"width\":881,\"height\":685,\"caption\":\"Blog do Farn\u00e9sio\"},\"image\":{\"@id\":\"https:\\\/\\\/blogdofarnesio.com.br\\\/#\\\/schema\\\/logo\\\/image\\\/\"},\"sameAs\":[\"https:\\\/\\\/www.facebook.com\\\/BlogQuerSaberPolitica\\\/\"]},{\"@type\":\"Person\",\"@id\":\"https:\\\/\\\/blogdofarnesio.com.br\\\/#\\\/schema\\\/person\\\/301c4acf522bccbfdb45af95b5b906a1\",\"name\":\"Farn\u00e9sio\",\"image\":{\"@type\":\"ImageObject\",\"inLanguage\":\"pt-BR\",\"@id\":\"https:\\\/\\\/secure.gravatar.com\\\/avatar\\\/df0c9a14567c056f8ad6876ba5bbd1e3e2c48023eb6807342fc4663adf549f38?s=96&d=mm&r=g\",\"url\":\"https:\\\/\\\/secure.gravatar.com\\\/avatar\\\/df0c9a14567c056f8ad6876ba5bbd1e3e2c48023eb6807342fc4663adf549f38?s=96&d=mm&r=g\",\"contentUrl\":\"https:\\\/\\\/secure.gravatar.com\\\/avatar\\\/df0c9a14567c056f8ad6876ba5bbd1e3e2c48023eb6807342fc4663adf549f38?s=96&d=mm&r=g\",\"caption\":\"Farn\u00e9sio\"},\"sameAs\":[\"https:\\\/\\\/quersaberpolitica.com.br\"],\"url\":\"https:\\\/\\\/blogdofarnesio.com.br\\\/author\\\/farnesio\\\/\"}]}<\/script>\n<!-- \/ Yoast SEO plugin. -->","yoast_head_json":{"title":"ONG SEJA SEMENTE REALIZA NATAL PARA OS ACOMPANHANTES DO HOSPITAL UNIVERSIT\u00c1RIO DE PETROLINA - Blog do Farn\u00e9sio","robots":{"index":"index","follow":"follow","max-snippet":"max-snippet:-1","max-image-preview":"max-image-preview:large","max-video-preview":"max-video-preview:-1"},"canonical":"https:\/\/blogdofarnesio.com.br\/2016\/12\/ong-seja-semente-realiza-natal-para-os-acompanhantes-do-hospital-universitario-de-petrolina\/","og_locale":"pt_BR","og_type":"article","og_title":"ONG SEJA SEMENTE REALIZA NATAL PARA OS ACOMPANHANTES DO HOSPITAL UNIVERSIT\u00c1RIO DE PETROLINA - Blog do Farn\u00e9sio","og_description":"No final de ano o espirito Natalino tem tocado muitos cora\u00e7\u00f5es e s\u00e3o muitas as pessoas que tem ajudado institui\u00e7\u00f5es ou fam\u00edlias carentes nesse per\u00edodo. Mas existe um grupo em Petrolina que realiza a\u00e7\u00f5es o ano inteiro e deu um toque especial ao Natal de centenas de pessoas, estamos falando da ONG Seja Semente &#8211; Vale do S\u00e3o Francisco.\u00a0 O Seja Semente h\u00e1 pouco mais de dois anos faz um bel\u00edssimo trabalho volunt\u00e1rio na regi\u00e3o e realizou nesta ultima segunda-feira (19) mais uma A\u00e7\u00e3o Social no Hospital Universit\u00e1rio (HU) de Petrolina que emocionou muita gente. \u201cGeralmente, levamos na segunda-feira normal cachorro-quente, cuscuz, suco de polpa, refrigerantes, caf\u00e9, bolos, p\u00e3es&#8230; nessa a\u00e7\u00e3o voltada ao Natal resolvemos levar o espirito natalino para&hellip;","og_url":"https:\/\/blogdofarnesio.com.br\/2016\/12\/ong-seja-semente-realiza-natal-para-os-acompanhantes-do-hospital-universitario-de-petrolina\/","og_site_name":"Blog do Farn\u00e9sio","article_publisher":"https:\/\/www.facebook.com\/BlogQuerSaberPolitica\/","article_published_time":"2016-12-20T18:40:24+00:00","og_image":[{"width":640,"height":480,"url":"https:\/\/blogdofarnesio.com.br\/wp-content\/uploads\/2016\/12\/blogqsp-ongsejasemente.jpg","type":"image\/jpeg"}],"author":"Farn\u00e9sio","twitter_card":"summary_large_image","twitter_misc":{"Escrito por":"Farn\u00e9sio","Est. tempo de leitura":"2 minutos"},"schema":{"@context":"https:\/\/schema.org","@graph":[{"@type":"Article","@id":"https:\/\/blogdofarnesio.com.br\/2016\/12\/ong-seja-semente-realiza-natal-para-os-acompanhantes-do-hospital-universitario-de-petrolina\/#article","isPartOf":{"@id":"https:\/\/blogdofarnesio.com.br\/2016\/12\/ong-seja-semente-realiza-natal-para-os-acompanhantes-do-hospital-universitario-de-petrolina\/"},"author":{"name":"Farn\u00e9sio","@id":"https:\/\/blogdofarnesio.com.br\/#\/schema\/person\/301c4acf522bccbfdb45af95b5b906a1"},"headline":"ONG SEJA SEMENTE REALIZA NATAL PARA OS ACOMPANHANTES DO HOSPITAL UNIVERSIT\u00c1RIO DE PETROLINA","datePublished":"2016-12-20T18:40:24+00:00","mainEntityOfPage":{"@id":"https:\/\/blogdofarnesio.com.br\/2016\/12\/ong-seja-semente-realiza-natal-para-os-acompanhantes-do-hospital-universitario-de-petrolina\/"},"wordCount":465,"commentCount":0,"publisher":{"@id":"https:\/\/blogdofarnesio.com.br\/#organization"},"image":{"@id":"https:\/\/blogdofarnesio.com.br\/2016\/12\/ong-seja-semente-realiza-natal-para-os-acompanhantes-do-hospital-universitario-de-petrolina\/#primaryimage"},"thumbnailUrl":"https:\/\/blogdofarnesio.com.br\/wp-content\/uploads\/2016\/12\/blogqsp-ongsejasemente.jpg","articleSection":["Administra\u00e7\u00e3o"],"inLanguage":"pt-BR","potentialAction":[{"@type":"CommentAction","name":"Comment","target":["https:\/\/blogdofarnesio.com.br\/2016\/12\/ong-seja-semente-realiza-natal-para-os-acompanhantes-do-hospital-universitario-de-petrolina\/#respond"]}]},{"@type":"WebPage","@id":"https:\/\/blogdofarnesio.com.br\/2016\/12\/ong-seja-semente-realiza-natal-para-os-acompanhantes-do-hospital-universitario-de-petrolina\/","url":"https:\/\/blogdofarnesio.com.br\/2016\/12\/ong-seja-semente-realiza-natal-para-os-acompanhantes-do-hospital-universitario-de-petrolina\/","name":"ONG SEJA SEMENTE REALIZA NATAL PARA OS ACOMPANHANTES DO HOSPITAL UNIVERSIT\u00c1RIO DE PETROLINA - Blog do Farn\u00e9sio","isPartOf":{"@id":"https:\/\/blogdofarnesio.com.br\/#website"},"primaryImageOfPage":{"@id":"https:\/\/blogdofarnesio.com.br\/2016\/12\/ong-seja-semente-realiza-natal-para-os-acompanhantes-do-hospital-universitario-de-petrolina\/#primaryimage"},"image":{"@id":"https:\/\/blogdofarnesio.com.br\/2016\/12\/ong-seja-semente-realiza-natal-para-os-acompanhantes-do-hospital-universitario-de-petrolina\/#primaryimage"},"thumbnailUrl":"https:\/\/blogdofarnesio.com.br\/wp-content\/uploads\/2016\/12\/blogqsp-ongsejasemente.jpg","datePublished":"2016-12-20T18:40:24+00:00","breadcrumb":{"@id":"https:\/\/blogdofarnesio.com.br\/2016\/12\/ong-seja-semente-realiza-natal-para-os-acompanhantes-do-hospital-universitario-de-petrolina\/#breadcrumb"},"inLanguage":"pt-BR","potentialAction":[{"@type":"ReadAction","target":["https:\/\/blogdofarnesio.com.br\/2016\/12\/ong-seja-semente-realiza-natal-para-os-acompanhantes-do-hospital-universitario-de-petrolina\/"]}]},{"@type":"ImageObject","inLanguage":"pt-BR","@id":"https:\/\/blogdofarnesio.com.br\/2016\/12\/ong-seja-semente-realiza-natal-para-os-acompanhantes-do-hospital-universitario-de-petrolina\/#primaryimage","url":"https:\/\/blogdofarnesio.com.br\/wp-content\/uploads\/2016\/12\/blogqsp-ongsejasemente.jpg","contentUrl":"https:\/\/blogdofarnesio.com.br\/wp-content\/uploads\/2016\/12\/blogqsp-ongsejasemente.jpg","width":640,"height":480},{"@type":"BreadcrumbList","@id":"https:\/\/blogdofarnesio.com.br\/2016\/12\/ong-seja-semente-realiza-natal-para-os-acompanhantes-do-hospital-universitario-de-petrolina\/#breadcrumb","itemListElement":[{"@type":"ListItem","position":1,"name":"In\u00edcio","item":"https:\/\/blogdofarnesio.com.br\/"},{"@type":"ListItem","position":2,"name":"ONG SEJA SEMENTE REALIZA NATAL PARA OS ACOMPANHANTES DO HOSPITAL UNIVERSIT\u00c1RIO DE PETROLINA"}]},{"@type":"WebSite","@id":"https:\/\/blogdofarnesio.com.br\/#website","url":"https:\/\/blogdofarnesio.com.br\/","name":"Blog do Farn\u00e9sio","description":"Quer Saber Pol\u00edtica?","publisher":{"@id":"https:\/\/blogdofarnesio.com.br\/#organization"},"potentialAction":[{"@type":"SearchAction","target":{"@type":"EntryPoint","urlTemplate":"https:\/\/blogdofarnesio.com.br\/?s={search_term_string}"},"query-input":{"@type":"PropertyValueSpecification","valueRequired":true,"valueName":"search_term_string"}}],"inLanguage":"pt-BR"},{"@type":"Organization","@id":"https:\/\/blogdofarnesio.com.br\/#organization","name":"Blog do Farn\u00e9sio","url":"https:\/\/blogdofarnesio.com.br\/","logo":{"@type":"ImageObject","inLanguage":"pt-BR","@id":"https:\/\/blogdofarnesio.com.br\/#\/schema\/logo\/image\/","url":"https:\/\/blogdofarnesio.com.br\/wp-content\/uploads\/2026\/03\/cropped-logo_new-1.png","contentUrl":"https:\/\/blogdofarnesio.com.br\/wp-content\/uploads\/2026\/03\/cropped-logo_new-1.png","width":881,"height":685,"caption":"Blog do Farn\u00e9sio"},"image":{"@id":"https:\/\/blogdofarnesio.com.br\/#\/schema\/logo\/image\/"},"sameAs":["https:\/\/www.facebook.com\/BlogQuerSaberPolitica\/"]},{"@type":"Person","@id":"https:\/\/blogdofarnesio.com.br\/#\/schema\/person\/301c4acf522bccbfdb45af95b5b906a1","name":"Farn\u00e9sio","image":{"@type":"ImageObject","inLanguage":"pt-BR","@id":"https:\/\/secure.gravatar.com\/avatar\/df0c9a14567c056f8ad6876ba5bbd1e3e2c48023eb6807342fc4663adf549f38?s=96&d=mm&r=g","url":"https:\/\/secure.gravatar.com\/avatar\/df0c9a14567c056f8ad6876ba5bbd1e3e2c48023eb6807342fc4663adf549f38?s=96&d=mm&r=g","contentUrl":"https:\/\/secure.gravatar.com\/avatar\/df0c9a14567c056f8ad6876ba5bbd1e3e2c48023eb6807342fc4663adf549f38?s=96&d=mm&r=g","caption":"Farn\u00e9sio"},"sameAs":["https:\/\/quersaberpolitica.com.br"],"url":"https:\/\/blogdofarnesio.com.br\/author\/farnesio\/"}]}},"_links":{"self":[{"href":"https:\/\/blogdofarnesio.com.br\/wp-json\/wp\/v2\/posts\/154181","targetHints":{"allow":["GET"]}}],"collection":[{"href":"https:\/\/blogdofarnesio.com.br\/wp-json\/wp\/v2\/posts"}],"about":[{"href":"https:\/\/blogdofarnesio.com.br\/wp-json\/wp\/v2\/types\/post"}],"author":[{"embeddable":true,"href":"https:\/\/blogdofarnesio.com.br\/wp-json\/wp\/v2\/users\/1"}],"replies":[{"embeddable":true,"href":"https:\/\/blogdofarnesio.com.br\/wp-json\/wp\/v2\/comments?post=154181"}],"version-history":[{"count":0,"href":"https:\/\/blogdofarnesio.com.br\/wp-json\/wp\/v2\/posts\/154181\/revisions"}],"wp:featuredmedia":[{"embeddable":true,"href":"https:\/\/blogdofarnesio.com.br\/wp-json\/wp\/v2\/media\/153245"}],"wp:attachment":[{"href":"https:\/\/blogdofarnesio.com.br\/wp-json\/wp\/v2\/media?parent=154181"}],"wp:term":[{"taxonomy":"category","embeddable":true,"href":"https:\/\/blogdofarnesio.com.br\/wp-json\/wp\/v2\/categories?post=154181"},{"taxonomy":"post_tag","embeddable":true,"href":"https:\/\/blogdofarnesio.com.br\/wp-json\/wp\/v2\/tags?post=154181"}],"curies":[{"name":"wp","href":"https:\/\/api.w.org\/{rel}","templated":true}]}}