{"id":153890,"date":"2016-12-31T08:58:05","date_gmt":"2016-12-31T11:58:05","guid":{"rendered":"http:\/\/quersaberpolitica.com.br\/2016\/?p=153890"},"modified":"2016-12-31T08:58:05","modified_gmt":"2016-12-31T11:58:05","slug":"lideres-religiosos-e-espirituais-deixam-mensagens-para-2017","status":"publish","type":"post","link":"https:\/\/blogdofarnesio.com.br\/2016\/12\/lideres-religiosos-e-espirituais-deixam-mensagens-para-2017\/","title":{"rendered":"L\u00cdDERES RELIGIOSOS E ESPIRITUAIS DEIXAM MENSAGENS PARA 2017"},"content":{"rendered":"<div class=\"row content-head\"><\/div>\n<div class=\"row content-share-bar\">\n<div class=\"column medium-centered medium-22 large-20 content-share-bar__container\" data-track-category=\"Social Topo\">\n<hr class=\"header-divider\" \/>\n<\/div>\n<\/div>\n<div class=\"mc-column mc-show-later\">\n<div class=\"content-meta-info\">\n<p class=\"content-meta-info__from\">Por G1 PE<\/p>\n<\/div>\n<\/div>\n<div class=\"mc-column content-text active-extra-styles active-capital-letter\" data-block-type=\"unstyled\">\n<p class=\"content-text__container theme-color-primary-first-letter\" data-track-category=\"Link no Texto\" data-track-links=\"\">\u00c9 quase um consenso entre os brasileiros dizer que 2016 foi um ano, no m\u00ednimo, complicado. Para 2017, muita gente aposta na religiosidade e na espiritualidade para ter f\u00e9 em dias melhores e superar os obst\u00e1culos por vir. Ao longo da manh\u00e3 desta sexta-feira (30), o Bom Dia Pernambuco mostrou mensagens de l\u00edderes religiosos e espirituais sobre o ano de 2017. Para todos, a palavra-chave \u00e9 &#8216;esperan\u00e7a&#8217;.<\/p>\n<\/div>\n<div class=\"mc-column content-text active-extra-styles\" data-block-type=\"unstyled\">\n<p class=\"content-text__container \" data-track-category=\"Link no Texto\" data-track-links=\"\">Para o guru indiano Sri Sri Ravi Shankar, os brasileiros precisam ter paci\u00eancia para os desafios de 2017. O esp\u00edrita Edson Caldeira aconselha a p\u00f4r o bem nas pr\u00e1ticas cotidianas. O Pai Ivo de Xamb\u00e1 espera que Xang\u00f4, o deus da Justi\u00e7a, ilumine as cabe\u00e7as. O arcebispo metropolitano, Dom Fernando Saburido, diz que \u00e9 importante p\u00f4r Jesus no centro da vida e o pastor Ailton Alves deseja as b\u00ean\u00e7\u00e3os de Deus a todos.<\/p>\n<figure class=\"image-with-caption left\">\n<div>\n<div><img loading=\"lazy\" decoding=\"async\" class=\"img-responsive aligncenter\" title=\"Divulga\u00e7\u00e3o\" src=\"http:\/\/imgsapp.revistaencontro.com.br\/app\/noticia_133890394703\/2016\/12\/29\/158223\/20161229101325833366u.jpg\" alt=\"Divulga\u00e7\u00e3o\" width=\"650\" height=\"463\" \/><\/div>\n<\/div><figcaption class=\"news-image__description\">O sensitivo mineiro Alexandre Cigano fez previs\u00f5es para o ano de 2017, como a conquista do Campeonato Mineiro pelo Atl\u00e9tico e a morte de um jornalista ou apresentador da Rede Record (foto: Divulga\u00e7\u00e3o)<\/figcaption><\/figure>\n<div>Muita gente n\u00e3o v\u00ea a hora de 2016 terminar. Afinal, este ano foi marcado por grandes trag\u00e9dias e crise pol\u00edtica e econ\u00f4mica. Al\u00e9m disso, a morte de diversos artistas renomados deixaram muitos f\u00e3s abalados. Mas, o que esperar de 2017?<\/div>\n<div><\/div>\n<div>Para &#8220;saber&#8221; o que o pr\u00f3ximo ano pode trazer de surpresas para os brasileiros e para todo o mundo, fomos em busca das previ\u00f5es feitas pelo sensitivo mineiro\u00a0<a href=\"http:\/\/www.alexandrecigano.com.br\/\" target=\"blank\">Alexandre Cigano<\/a>, que desde os 17 anos diz ser capaz de receber a entidade Cigano das Sete Estradas, que supostamente lhe revela acontecimentos do futuro.<\/div>\n<div><\/div>\n<div><strong><u>Confira, abaixo as previs\u00f5es para 2017, em diferentes \u00e1reas:<\/u><\/strong><\/div>\n<div><\/div>\n<div><strong>Pol\u00edtica e economia<\/strong><\/div>\n<div><\/div>\n<div>&#8220;Na economia de Minas Gerais, ou do Brasil, os tr\u00eas primeiros meses devem ser iguais aos dois anos anteriores, pois &#8216;Santo n\u00e3o faz milagre&#8217;. O nosso atual presidente [Michel Temer], que ainda est\u00e1 tendo sufoco e muita press\u00e3o da nossa sociedade, vejo que ainda ser\u00e1 punido por n\u00e3o ter discernimento para governar nosso pa\u00eds. Mas, dever\u00e1 permanecer por falta de op\u00e7\u00f5es. A n\u00e3o ser que o povo exer\u00e7a sua for\u00e7a novamente.<\/div>\n<div><\/div>\n<div>O nosso atual governador [Fernando Pimentel] ter\u00e1 sua puni\u00e7\u00e3o por fazer um grande estrago no seu mandato. J\u00e1 o prefeito que foi eleito para Belo Horizonte [Alexandre Kalil] far\u00e1 um governo limpo e s\u00e9rio, at\u00e9 mesmo na \u00e1rea da educa\u00e7\u00e3o e, dentro da \u00e1rea da sa\u00fade, que \u00e9 a preocupa\u00e7\u00e3o de toda popula\u00e7\u00e3o, vai ter sua melhoria no decorrer do ano.<\/div>\n<div><\/div>\n<div>Na economia, Oxossi [ou S\u00e3o Jorge no sincretismo religioso] vai trazer a todos sua independ\u00eancia, onde os microempres\u00e1rios ter\u00e3o crescimento. Vejo estradas e rodovias sendo constru\u00eddas pelo Brasil afora.<\/div>\n<div><\/div>\n<div>Na \u00e1rea trabalhista, os tr\u00eas primeiros meses n\u00e3o ser\u00e3o f\u00e1ceis, com desemprego&#8221;.<\/div>\n<div>\n<figure class=\"image-with-caption left\">\n<div>\n<div><img loading=\"lazy\" decoding=\"async\" class=\"img-responsive aligncenter\" title=\"Instagram\/neymarjr\/Reprodu\u00e7\u00e3o\" src=\"http:\/\/imgsapp.revistaencontro.com.br\/app\/noticia_133890394703\/2016\/12\/29\/158223\/20161229101451564118e.jpg\" alt=\"Instagram\/neymarjr\/Reprodu\u00e7\u00e3o\" width=\"665\" height=\"443\" \/><\/div>\n<\/div><figcaption class=\"news-image__description\">Segundo as previs\u00f5es de Cigano, Neymar ter\u00e1 um ano excelente em 2017, podendo at\u00e9 ganhar o t\u00edtulo de melhor jogador do mundo (foto: Instagram\/neymarjr\/Reprodu\u00e7\u00e3o)<\/figcaption><\/figure>\n<\/div>\n<div><strong>Futebol<\/strong><\/div>\n<div><\/div>\n<div>&#8220;No Campeonato Mineiro, o grande campe\u00e3o ser\u00e1 o Atl\u00e9tico Mineiro, que ter\u00e1 v\u00e1rias contrata\u00e7\u00f5es e chances maiores em 2017. Robinho provavelmente n\u00e3o ficar\u00e1. O Cruzeiro vai se esfor\u00e7ar um pouco mais ao decorrer do ano de 2017, com mudan\u00e7a de t\u00e9cnico e contrata\u00e7\u00f5es, podendo at\u00e9 mesmo ter uma melhor posi\u00e7\u00e3o no Brasileir\u00e3o.<\/div>\n<div><\/div>\n<div>Santos ter\u00e1 seu destaque. O Am\u00e9rica vai subir para a s\u00e9rie A. O Flamengo ter\u00e1 grandes mudan\u00e7as, atingindo um belo trabalho ao decorrer do ano de 2017. O Gr\u00eamio, que teve seu destaque, poder\u00e1 ter um ano &#8216;escorregadio&#8217;. O Corinthians ou o S\u00e3o Paulo se destacar\u00e1 na Copa do Brasil. Na Copa Sulamericana, j\u00e1 vejo claramente que um time de fora se destacar\u00e1.<\/div>\n<div><\/div>\n<div>Neymar poder\u00e1 atingir um m\u00e9rito importante em sua carreira. Ser\u00e1 um ano de muito progresso. Messi continuar\u00e1 brilhando tamb\u00e9m. Cristiano Ronaldo poder\u00e1 vir a trope\u00e7ar em 2017. A ta\u00e7a de melhor jogador do mundo ano que vem dever\u00e1 ficar com Messi ou ent\u00e3o com o pr\u00f3prio Neymar&#8221;.<\/div>\n<div><\/div>\n<div><strong>Acidentes, religi\u00e3o e sa\u00fade<\/strong><\/div>\n<div><\/div>\n<div>&#8220;Mortes, quedas e riscos a\u00e9reos ter\u00e3o crescimento no ano de 2017. V\u00edrus, como a dengue, ter\u00e3o muito acr\u00e9scimo. Haver\u00e1 v\u00e1rios acidentes aqui no Brasil, teremos muitas mortes ao decorrer do ano em acidentes a\u00e9reos e terrestres. Muitas pessoas dever\u00e3o cuidar da sa\u00fade. HIV ter\u00e1 crescimento absurdo. Vejo outro v\u00edrus vindo da Amaz\u00f4nia podendo trazer estrago, mas com a ajuda de Deus, pode ser contornado.<\/div>\n<div><\/div>\n<div>Trag\u00e9dia em S\u00e3o Paulo, terremotos na regi\u00e3o sudeste, onde muitas pessoas poder\u00e3o ir antes da hora.<\/div>\n<div><\/div>\n<div>O Papa poder\u00e1 ter uma queda na sa\u00fade.<\/div>\n<div><\/div>\n<div>Vejo acidentes graves da natureza matando muitas pessoas. Uma revolta das \u00e1guas e, sobretudo, da natureza. No clima, muitas oscila\u00e7\u00f5es ao decorrer do ano. Desastres n\u00e3o ir\u00e3o faltar, como desmoronamentos. Muitos lugares no Brasil ter\u00e3o inunda\u00e7\u00f5es com trag\u00e9dias, levando tristeza e choro. O mar ter\u00e1 sua revolta, engolindo a terra&#8221;.<\/div>\n<div>\n<figure class=\"image-with-caption left\">\n<div>\n<div><img loading=\"lazy\" decoding=\"async\" class=\"img-responsive\" title=\"SBT\/Divulga\u00e7\u00e3o\" src=\"http:\/\/imgsapp.revistaencontro.com.br\/app\/noticia_133890394703\/2016\/12\/29\/158223\/20161229101614289818o.jpg\" alt=\"SBT\/Divulga\u00e7\u00e3o\" width=\"662\" height=\"439\" \/><\/div>\n<\/div><figcaption class=\"news-image__description\">As previs\u00f5es para 2017 mostram que o empres\u00e1rio e apresentador do SBT\/Alterosa Silvio Santos ter\u00e1 problemas de sa\u00fade, mas n\u00e3o deve morrer nesse ano (foto: SBT\/Divulga\u00e7\u00e3o)<\/figcaption><\/figure>\n<\/div>\n<div><strong>Cultura<\/strong><\/div>\n<div><\/div>\n<div>&#8220;Morte de jornalista j\u00e1 est\u00e1 escrita dentro do ano. No SBT, S\u00edlvio Santos poder\u00e1 ter problemas na \u00e1rea da sa\u00fade, mas n\u00e3o o vejo falecendo. Ele continuar\u00e1 ainda sendo o mestre do SBT. Ivete Sangalo poder\u00e1 dar \u00e0 luz. Cl\u00e1udia Leite cai um pouco em 2017. Para Fausto Silva, um ano dif\u00edcil, de mudan\u00e7as. Luciano Hulk e Ang\u00e9lica ter\u00e3o conflitos amorosos. Xuxa ter\u00e1 oportunidade de voltar \u00e0 tela da Globo.<\/div>\n<div><\/div>\n<div>Para Luciana Ximenes, um ano nada muito bom, com perdas familiares. No estrangeiro, Beyonc\u00e9 ter\u00e1 um ano promissor. Rihanna poder\u00e1 engravidar. Justin Bieber vem ao Brasil, fazendo seu talento e seu trabalho. No sertanejo, Maiara e Maraisa e tamb\u00e9m Jorge e Mateus ter\u00e3o seu crescimento. Zez\u00e9 de Camargo ter\u00e1 uma doen\u00e7a. Gl\u00f3ria Pires poder\u00e1 se destacar at\u00e9 na novela das 21h.<\/div>\n<div><\/div>\n<div>J\u00f4 Soares tem que tomar cuidado com sua sa\u00fade. Maria Gabriela surgir\u00e1 das cinzas. Pedro Bial sem muito sucesso. Record ter\u00e1 muitas mudan\u00e7as em toda sua programa\u00e7\u00e3o, mas, infelizmente, podendo perder um jornalista ou apresentador para o c\u00e2ncer. Ana Maria tem que se cuidar, pois ir\u00e1 passar por um per\u00edodo nada agrad\u00e1vel na \u00e1rea pessoal&#8221;.<\/div>\n<\/div>\n<div class=\"mc-column content-media content-media--normal content-video\" data-block-type=\"backstage-video\"><\/div>\n","protected":false},"excerpt":{"rendered":"<p>Por G1 PE \u00c9 quase um consenso entre os brasileiros dizer que 2016 foi um ano, no m\u00ednimo, complicado. Para 2017, muita gente aposta na religiosidade e na espiritualidade para ter f\u00e9 em dias melhores e superar os obst\u00e1culos por vir. Ao longo da manh\u00e3 desta sexta-feira (30), o Bom Dia Pernambuco mostrou mensagens de l\u00edderes religiosos e espirituais sobre o ano de 2017. Para todos, a palavra-chave \u00e9 &#8216;esperan\u00e7a&#8217;. Para o guru indiano Sri Sri Ravi Shankar, os brasileiros precisam ter paci\u00eancia para os desafios de 2017. O esp\u00edrita Edson Caldeira aconselha a p\u00f4r o bem nas pr\u00e1ticas cotidianas. O Pai Ivo de Xamb\u00e1 espera que Xang\u00f4, o deus da Justi\u00e7a, ilumine as cabe\u00e7as. O arcebispo metropolitano, Dom Fernando&hellip; <\/p>\n","protected":false},"author":1,"featured_media":153899,"comment_status":"open","ping_status":"open","sticky":false,"template":"","format":"standard","meta":{"_acf_changed":false,"footnotes":""},"categories":[43],"tags":[],"class_list":["post-153890","post","type-post","status-publish","format-standard","has-post-thumbnail","hentry","category-sem-categoria"],"acf":[],"yoast_head":"<!-- This site is optimized with the Yoast SEO plugin v27.5 - https:\/\/yoast.com\/product\/yoast-seo-wordpress\/ -->\n<title>L\u00cdDERES RELIGIOSOS E ESPIRITUAIS DEIXAM MENSAGENS PARA 2017 - Blog do Farn\u00e9sio<\/title>\n<meta name=\"robots\" content=\"index, follow, max-snippet:-1, max-image-preview:large, max-video-preview:-1\" \/>\n<link rel=\"canonical\" href=\"https:\/\/blogdofarnesio.com.br\/2016\/12\/lideres-religiosos-e-espirituais-deixam-mensagens-para-2017\/\" \/>\n<meta property=\"og:locale\" content=\"pt_BR\" \/>\n<meta property=\"og:type\" content=\"article\" \/>\n<meta property=\"og:title\" content=\"L\u00cdDERES RELIGIOSOS E ESPIRITUAIS DEIXAM MENSAGENS PARA 2017 - Blog do Farn\u00e9sio\" \/>\n<meta property=\"og:description\" content=\"Por G1 PE \u00c9 quase um consenso entre os brasileiros dizer que 2016 foi um ano, no m\u00ednimo, complicado. Para 2017, muita gente aposta na religiosidade e na espiritualidade para ter f\u00e9 em dias melhores e superar os obst\u00e1culos por vir. Ao longo da manh\u00e3 desta sexta-feira (30), o Bom Dia Pernambuco mostrou mensagens de l\u00edderes religiosos e espirituais sobre o ano de 2017. Para todos, a palavra-chave \u00e9 &#8216;esperan\u00e7a&#8217;. Para o guru indiano Sri Sri Ravi Shankar, os brasileiros precisam ter paci\u00eancia para os desafios de 2017. O esp\u00edrita Edson Caldeira aconselha a p\u00f4r o bem nas pr\u00e1ticas cotidianas. O Pai Ivo de Xamb\u00e1 espera que Xang\u00f4, o deus da Justi\u00e7a, ilumine as cabe\u00e7as. O arcebispo metropolitano, Dom Fernando&hellip;\" \/>\n<meta property=\"og:url\" content=\"https:\/\/blogdofarnesio.com.br\/2016\/12\/lideres-religiosos-e-espirituais-deixam-mensagens-para-2017\/\" \/>\n<meta property=\"og:site_name\" content=\"Blog do Farn\u00e9sio\" \/>\n<meta property=\"article:publisher\" content=\"https:\/\/www.facebook.com\/BlogQuerSaberPolitica\/\" \/>\n<meta property=\"article:published_time\" content=\"2016-12-31T11:58:05+00:00\" \/>\n<meta property=\"og:image\" content=\"https:\/\/blogdofarnesio.com.br\/wp-content\/uploads\/2016\/12\/Natalarapiraca.jpg\" \/>\n\t<meta property=\"og:image:width\" content=\"259\" \/>\n\t<meta property=\"og:image:height\" content=\"194\" \/>\n\t<meta property=\"og:image:type\" content=\"image\/jpeg\" \/>\n<meta name=\"author\" content=\"Farn\u00e9sio\" \/>\n<meta name=\"twitter:card\" content=\"summary_large_image\" \/>\n<meta name=\"twitter:label1\" content=\"Escrito por\" \/>\n\t<meta name=\"twitter:data1\" content=\"Farn\u00e9sio\" \/>\n\t<meta name=\"twitter:label2\" content=\"Est. tempo de leitura\" \/>\n\t<meta name=\"twitter:data2\" content=\"5 minutos\" \/>\n<script type=\"application\/ld+json\" class=\"yoast-schema-graph\">{\"@context\":\"https:\\\/\\\/schema.org\",\"@graph\":[{\"@type\":\"Article\",\"@id\":\"https:\\\/\\\/blogdofarnesio.com.br\\\/2016\\\/12\\\/lideres-religiosos-e-espirituais-deixam-mensagens-para-2017\\\/#article\",\"isPartOf\":{\"@id\":\"https:\\\/\\\/blogdofarnesio.com.br\\\/2016\\\/12\\\/lideres-religiosos-e-espirituais-deixam-mensagens-para-2017\\\/\"},\"author\":{\"name\":\"Farn\u00e9sio\",\"@id\":\"https:\\\/\\\/blogdofarnesio.com.br\\\/#\\\/schema\\\/person\\\/301c4acf522bccbfdb45af95b5b906a1\"},\"headline\":\"L\u00cdDERES RELIGIOSOS E ESPIRITUAIS DEIXAM MENSAGENS PARA 2017\",\"datePublished\":\"2016-12-31T11:58:05+00:00\",\"mainEntityOfPage\":{\"@id\":\"https:\\\/\\\/blogdofarnesio.com.br\\\/2016\\\/12\\\/lideres-religiosos-e-espirituais-deixam-mensagens-para-2017\\\/\"},\"wordCount\":1106,\"commentCount\":0,\"publisher\":{\"@id\":\"https:\\\/\\\/blogdofarnesio.com.br\\\/#organization\"},\"image\":{\"@id\":\"https:\\\/\\\/blogdofarnesio.com.br\\\/2016\\\/12\\\/lideres-religiosos-e-espirituais-deixam-mensagens-para-2017\\\/#primaryimage\"},\"thumbnailUrl\":\"https:\\\/\\\/blogdofarnesio.com.br\\\/wp-content\\\/uploads\\\/2016\\\/12\\\/Natalarapiraca.jpg\",\"inLanguage\":\"pt-BR\",\"potentialAction\":[{\"@type\":\"CommentAction\",\"name\":\"Comment\",\"target\":[\"https:\\\/\\\/blogdofarnesio.com.br\\\/2016\\\/12\\\/lideres-religiosos-e-espirituais-deixam-mensagens-para-2017\\\/#respond\"]}]},{\"@type\":\"WebPage\",\"@id\":\"https:\\\/\\\/blogdofarnesio.com.br\\\/2016\\\/12\\\/lideres-religiosos-e-espirituais-deixam-mensagens-para-2017\\\/\",\"url\":\"https:\\\/\\\/blogdofarnesio.com.br\\\/2016\\\/12\\\/lideres-religiosos-e-espirituais-deixam-mensagens-para-2017\\\/\",\"name\":\"L\u00cdDERES RELIGIOSOS E ESPIRITUAIS DEIXAM MENSAGENS PARA 2017 - Blog do Farn\u00e9sio\",\"isPartOf\":{\"@id\":\"https:\\\/\\\/blogdofarnesio.com.br\\\/#website\"},\"primaryImageOfPage\":{\"@id\":\"https:\\\/\\\/blogdofarnesio.com.br\\\/2016\\\/12\\\/lideres-religiosos-e-espirituais-deixam-mensagens-para-2017\\\/#primaryimage\"},\"image\":{\"@id\":\"https:\\\/\\\/blogdofarnesio.com.br\\\/2016\\\/12\\\/lideres-religiosos-e-espirituais-deixam-mensagens-para-2017\\\/#primaryimage\"},\"thumbnailUrl\":\"https:\\\/\\\/blogdofarnesio.com.br\\\/wp-content\\\/uploads\\\/2016\\\/12\\\/Natalarapiraca.jpg\",\"datePublished\":\"2016-12-31T11:58:05+00:00\",\"breadcrumb\":{\"@id\":\"https:\\\/\\\/blogdofarnesio.com.br\\\/2016\\\/12\\\/lideres-religiosos-e-espirituais-deixam-mensagens-para-2017\\\/#breadcrumb\"},\"inLanguage\":\"pt-BR\",\"potentialAction\":[{\"@type\":\"ReadAction\",\"target\":[\"https:\\\/\\\/blogdofarnesio.com.br\\\/2016\\\/12\\\/lideres-religiosos-e-espirituais-deixam-mensagens-para-2017\\\/\"]}]},{\"@type\":\"ImageObject\",\"inLanguage\":\"pt-BR\",\"@id\":\"https:\\\/\\\/blogdofarnesio.com.br\\\/2016\\\/12\\\/lideres-religiosos-e-espirituais-deixam-mensagens-para-2017\\\/#primaryimage\",\"url\":\"https:\\\/\\\/blogdofarnesio.com.br\\\/wp-content\\\/uploads\\\/2016\\\/12\\\/Natalarapiraca.jpg\",\"contentUrl\":\"https:\\\/\\\/blogdofarnesio.com.br\\\/wp-content\\\/uploads\\\/2016\\\/12\\\/Natalarapiraca.jpg\",\"width\":259,\"height\":194},{\"@type\":\"BreadcrumbList\",\"@id\":\"https:\\\/\\\/blogdofarnesio.com.br\\\/2016\\\/12\\\/lideres-religiosos-e-espirituais-deixam-mensagens-para-2017\\\/#breadcrumb\",\"itemListElement\":[{\"@type\":\"ListItem\",\"position\":1,\"name\":\"In\u00edcio\",\"item\":\"https:\\\/\\\/blogdofarnesio.com.br\\\/\"},{\"@type\":\"ListItem\",\"position\":2,\"name\":\"L\u00cdDERES RELIGIOSOS E ESPIRITUAIS DEIXAM MENSAGENS PARA 2017\"}]},{\"@type\":\"WebSite\",\"@id\":\"https:\\\/\\\/blogdofarnesio.com.br\\\/#website\",\"url\":\"https:\\\/\\\/blogdofarnesio.com.br\\\/\",\"name\":\"Blog do Farn\u00e9sio\",\"description\":\"Quer Saber Pol\u00edtica?\",\"publisher\":{\"@id\":\"https:\\\/\\\/blogdofarnesio.com.br\\\/#organization\"},\"potentialAction\":[{\"@type\":\"SearchAction\",\"target\":{\"@type\":\"EntryPoint\",\"urlTemplate\":\"https:\\\/\\\/blogdofarnesio.com.br\\\/?s={search_term_string}\"},\"query-input\":{\"@type\":\"PropertyValueSpecification\",\"valueRequired\":true,\"valueName\":\"search_term_string\"}}],\"inLanguage\":\"pt-BR\"},{\"@type\":\"Organization\",\"@id\":\"https:\\\/\\\/blogdofarnesio.com.br\\\/#organization\",\"name\":\"Blog do Farn\u00e9sio\",\"url\":\"https:\\\/\\\/blogdofarnesio.com.br\\\/\",\"logo\":{\"@type\":\"ImageObject\",\"inLanguage\":\"pt-BR\",\"@id\":\"https:\\\/\\\/blogdofarnesio.com.br\\\/#\\\/schema\\\/logo\\\/image\\\/\",\"url\":\"https:\\\/\\\/blogdofarnesio.com.br\\\/wp-content\\\/uploads\\\/2026\\\/03\\\/cropped-logo_new-1.png\",\"contentUrl\":\"https:\\\/\\\/blogdofarnesio.com.br\\\/wp-content\\\/uploads\\\/2026\\\/03\\\/cropped-logo_new-1.png\",\"width\":881,\"height\":685,\"caption\":\"Blog do Farn\u00e9sio\"},\"image\":{\"@id\":\"https:\\\/\\\/blogdofarnesio.com.br\\\/#\\\/schema\\\/logo\\\/image\\\/\"},\"sameAs\":[\"https:\\\/\\\/www.facebook.com\\\/BlogQuerSaberPolitica\\\/\"]},{\"@type\":\"Person\",\"@id\":\"https:\\\/\\\/blogdofarnesio.com.br\\\/#\\\/schema\\\/person\\\/301c4acf522bccbfdb45af95b5b906a1\",\"name\":\"Farn\u00e9sio\",\"image\":{\"@type\":\"ImageObject\",\"inLanguage\":\"pt-BR\",\"@id\":\"https:\\\/\\\/secure.gravatar.com\\\/avatar\\\/df0c9a14567c056f8ad6876ba5bbd1e3e2c48023eb6807342fc4663adf549f38?s=96&d=mm&r=g\",\"url\":\"https:\\\/\\\/secure.gravatar.com\\\/avatar\\\/df0c9a14567c056f8ad6876ba5bbd1e3e2c48023eb6807342fc4663adf549f38?s=96&d=mm&r=g\",\"contentUrl\":\"https:\\\/\\\/secure.gravatar.com\\\/avatar\\\/df0c9a14567c056f8ad6876ba5bbd1e3e2c48023eb6807342fc4663adf549f38?s=96&d=mm&r=g\",\"caption\":\"Farn\u00e9sio\"},\"sameAs\":[\"https:\\\/\\\/quersaberpolitica.com.br\"],\"url\":\"https:\\\/\\\/blogdofarnesio.com.br\\\/author\\\/farnesio\\\/\"}]}<\/script>\n<!-- \/ Yoast SEO plugin. -->","yoast_head_json":{"title":"L\u00cdDERES RELIGIOSOS E ESPIRITUAIS DEIXAM MENSAGENS PARA 2017 - Blog do Farn\u00e9sio","robots":{"index":"index","follow":"follow","max-snippet":"max-snippet:-1","max-image-preview":"max-image-preview:large","max-video-preview":"max-video-preview:-1"},"canonical":"https:\/\/blogdofarnesio.com.br\/2016\/12\/lideres-religiosos-e-espirituais-deixam-mensagens-para-2017\/","og_locale":"pt_BR","og_type":"article","og_title":"L\u00cdDERES RELIGIOSOS E ESPIRITUAIS DEIXAM MENSAGENS PARA 2017 - Blog do Farn\u00e9sio","og_description":"Por G1 PE \u00c9 quase um consenso entre os brasileiros dizer que 2016 foi um ano, no m\u00ednimo, complicado. Para 2017, muita gente aposta na religiosidade e na espiritualidade para ter f\u00e9 em dias melhores e superar os obst\u00e1culos por vir. Ao longo da manh\u00e3 desta sexta-feira (30), o Bom Dia Pernambuco mostrou mensagens de l\u00edderes religiosos e espirituais sobre o ano de 2017. Para todos, a palavra-chave \u00e9 &#8216;esperan\u00e7a&#8217;. Para o guru indiano Sri Sri Ravi Shankar, os brasileiros precisam ter paci\u00eancia para os desafios de 2017. O esp\u00edrita Edson Caldeira aconselha a p\u00f4r o bem nas pr\u00e1ticas cotidianas. O Pai Ivo de Xamb\u00e1 espera que Xang\u00f4, o deus da Justi\u00e7a, ilumine as cabe\u00e7as. O arcebispo metropolitano, Dom Fernando&hellip;","og_url":"https:\/\/blogdofarnesio.com.br\/2016\/12\/lideres-religiosos-e-espirituais-deixam-mensagens-para-2017\/","og_site_name":"Blog do Farn\u00e9sio","article_publisher":"https:\/\/www.facebook.com\/BlogQuerSaberPolitica\/","article_published_time":"2016-12-31T11:58:05+00:00","og_image":[{"width":259,"height":194,"url":"https:\/\/blogdofarnesio.com.br\/wp-content\/uploads\/2016\/12\/Natalarapiraca.jpg","type":"image\/jpeg"}],"author":"Farn\u00e9sio","twitter_card":"summary_large_image","twitter_misc":{"Escrito por":"Farn\u00e9sio","Est. tempo de leitura":"5 minutos"},"schema":{"@context":"https:\/\/schema.org","@graph":[{"@type":"Article","@id":"https:\/\/blogdofarnesio.com.br\/2016\/12\/lideres-religiosos-e-espirituais-deixam-mensagens-para-2017\/#article","isPartOf":{"@id":"https:\/\/blogdofarnesio.com.br\/2016\/12\/lideres-religiosos-e-espirituais-deixam-mensagens-para-2017\/"},"author":{"name":"Farn\u00e9sio","@id":"https:\/\/blogdofarnesio.com.br\/#\/schema\/person\/301c4acf522bccbfdb45af95b5b906a1"},"headline":"L\u00cdDERES RELIGIOSOS E ESPIRITUAIS DEIXAM MENSAGENS PARA 2017","datePublished":"2016-12-31T11:58:05+00:00","mainEntityOfPage":{"@id":"https:\/\/blogdofarnesio.com.br\/2016\/12\/lideres-religiosos-e-espirituais-deixam-mensagens-para-2017\/"},"wordCount":1106,"commentCount":0,"publisher":{"@id":"https:\/\/blogdofarnesio.com.br\/#organization"},"image":{"@id":"https:\/\/blogdofarnesio.com.br\/2016\/12\/lideres-religiosos-e-espirituais-deixam-mensagens-para-2017\/#primaryimage"},"thumbnailUrl":"https:\/\/blogdofarnesio.com.br\/wp-content\/uploads\/2016\/12\/Natalarapiraca.jpg","inLanguage":"pt-BR","potentialAction":[{"@type":"CommentAction","name":"Comment","target":["https:\/\/blogdofarnesio.com.br\/2016\/12\/lideres-religiosos-e-espirituais-deixam-mensagens-para-2017\/#respond"]}]},{"@type":"WebPage","@id":"https:\/\/blogdofarnesio.com.br\/2016\/12\/lideres-religiosos-e-espirituais-deixam-mensagens-para-2017\/","url":"https:\/\/blogdofarnesio.com.br\/2016\/12\/lideres-religiosos-e-espirituais-deixam-mensagens-para-2017\/","name":"L\u00cdDERES RELIGIOSOS E ESPIRITUAIS DEIXAM MENSAGENS PARA 2017 - Blog do Farn\u00e9sio","isPartOf":{"@id":"https:\/\/blogdofarnesio.com.br\/#website"},"primaryImageOfPage":{"@id":"https:\/\/blogdofarnesio.com.br\/2016\/12\/lideres-religiosos-e-espirituais-deixam-mensagens-para-2017\/#primaryimage"},"image":{"@id":"https:\/\/blogdofarnesio.com.br\/2016\/12\/lideres-religiosos-e-espirituais-deixam-mensagens-para-2017\/#primaryimage"},"thumbnailUrl":"https:\/\/blogdofarnesio.com.br\/wp-content\/uploads\/2016\/12\/Natalarapiraca.jpg","datePublished":"2016-12-31T11:58:05+00:00","breadcrumb":{"@id":"https:\/\/blogdofarnesio.com.br\/2016\/12\/lideres-religiosos-e-espirituais-deixam-mensagens-para-2017\/#breadcrumb"},"inLanguage":"pt-BR","potentialAction":[{"@type":"ReadAction","target":["https:\/\/blogdofarnesio.com.br\/2016\/12\/lideres-religiosos-e-espirituais-deixam-mensagens-para-2017\/"]}]},{"@type":"ImageObject","inLanguage":"pt-BR","@id":"https:\/\/blogdofarnesio.com.br\/2016\/12\/lideres-religiosos-e-espirituais-deixam-mensagens-para-2017\/#primaryimage","url":"https:\/\/blogdofarnesio.com.br\/wp-content\/uploads\/2016\/12\/Natalarapiraca.jpg","contentUrl":"https:\/\/blogdofarnesio.com.br\/wp-content\/uploads\/2016\/12\/Natalarapiraca.jpg","width":259,"height":194},{"@type":"BreadcrumbList","@id":"https:\/\/blogdofarnesio.com.br\/2016\/12\/lideres-religiosos-e-espirituais-deixam-mensagens-para-2017\/#breadcrumb","itemListElement":[{"@type":"ListItem","position":1,"name":"In\u00edcio","item":"https:\/\/blogdofarnesio.com.br\/"},{"@type":"ListItem","position":2,"name":"L\u00cdDERES RELIGIOSOS E ESPIRITUAIS DEIXAM MENSAGENS PARA 2017"}]},{"@type":"WebSite","@id":"https:\/\/blogdofarnesio.com.br\/#website","url":"https:\/\/blogdofarnesio.com.br\/","name":"Blog do Farn\u00e9sio","description":"Quer Saber Pol\u00edtica?","publisher":{"@id":"https:\/\/blogdofarnesio.com.br\/#organization"},"potentialAction":[{"@type":"SearchAction","target":{"@type":"EntryPoint","urlTemplate":"https:\/\/blogdofarnesio.com.br\/?s={search_term_string}"},"query-input":{"@type":"PropertyValueSpecification","valueRequired":true,"valueName":"search_term_string"}}],"inLanguage":"pt-BR"},{"@type":"Organization","@id":"https:\/\/blogdofarnesio.com.br\/#organization","name":"Blog do Farn\u00e9sio","url":"https:\/\/blogdofarnesio.com.br\/","logo":{"@type":"ImageObject","inLanguage":"pt-BR","@id":"https:\/\/blogdofarnesio.com.br\/#\/schema\/logo\/image\/","url":"https:\/\/blogdofarnesio.com.br\/wp-content\/uploads\/2026\/03\/cropped-logo_new-1.png","contentUrl":"https:\/\/blogdofarnesio.com.br\/wp-content\/uploads\/2026\/03\/cropped-logo_new-1.png","width":881,"height":685,"caption":"Blog do Farn\u00e9sio"},"image":{"@id":"https:\/\/blogdofarnesio.com.br\/#\/schema\/logo\/image\/"},"sameAs":["https:\/\/www.facebook.com\/BlogQuerSaberPolitica\/"]},{"@type":"Person","@id":"https:\/\/blogdofarnesio.com.br\/#\/schema\/person\/301c4acf522bccbfdb45af95b5b906a1","name":"Farn\u00e9sio","image":{"@type":"ImageObject","inLanguage":"pt-BR","@id":"https:\/\/secure.gravatar.com\/avatar\/df0c9a14567c056f8ad6876ba5bbd1e3e2c48023eb6807342fc4663adf549f38?s=96&d=mm&r=g","url":"https:\/\/secure.gravatar.com\/avatar\/df0c9a14567c056f8ad6876ba5bbd1e3e2c48023eb6807342fc4663adf549f38?s=96&d=mm&r=g","contentUrl":"https:\/\/secure.gravatar.com\/avatar\/df0c9a14567c056f8ad6876ba5bbd1e3e2c48023eb6807342fc4663adf549f38?s=96&d=mm&r=g","caption":"Farn\u00e9sio"},"sameAs":["https:\/\/quersaberpolitica.com.br"],"url":"https:\/\/blogdofarnesio.com.br\/author\/farnesio\/"}]}},"_links":{"self":[{"href":"https:\/\/blogdofarnesio.com.br\/wp-json\/wp\/v2\/posts\/153890","targetHints":{"allow":["GET"]}}],"collection":[{"href":"https:\/\/blogdofarnesio.com.br\/wp-json\/wp\/v2\/posts"}],"about":[{"href":"https:\/\/blogdofarnesio.com.br\/wp-json\/wp\/v2\/types\/post"}],"author":[{"embeddable":true,"href":"https:\/\/blogdofarnesio.com.br\/wp-json\/wp\/v2\/users\/1"}],"replies":[{"embeddable":true,"href":"https:\/\/blogdofarnesio.com.br\/wp-json\/wp\/v2\/comments?post=153890"}],"version-history":[{"count":0,"href":"https:\/\/blogdofarnesio.com.br\/wp-json\/wp\/v2\/posts\/153890\/revisions"}],"wp:featuredmedia":[{"embeddable":true,"href":"https:\/\/blogdofarnesio.com.br\/wp-json\/wp\/v2\/media\/153899"}],"wp:attachment":[{"href":"https:\/\/blogdofarnesio.com.br\/wp-json\/wp\/v2\/media?parent=153890"}],"wp:term":[{"taxonomy":"category","embeddable":true,"href":"https:\/\/blogdofarnesio.com.br\/wp-json\/wp\/v2\/categories?post=153890"},{"taxonomy":"post_tag","embeddable":true,"href":"https:\/\/blogdofarnesio.com.br\/wp-json\/wp\/v2\/tags?post=153890"}],"curies":[{"name":"wp","href":"https:\/\/api.w.org\/{rel}","templated":true}]}}