{"id":153821,"date":"2016-12-07T16:00:02","date_gmt":"2016-12-07T19:00:02","guid":{"rendered":"http:\/\/quersaberpolitica.com.br\/2016\/?p=153821"},"modified":"2016-12-07T11:29:16","modified_gmt":"2016-12-07T14:29:16","slug":"prefeitura-de-petrolina-realiza-emissao-da-identidade-jovem-id","status":"publish","type":"post","link":"https:\/\/blogdofarnesio.com.br\/?p=153821","title":{"rendered":"PREFEITURA DE PETROLINA REALIZA EMISS\u00c3O DA IDENTIDADE JOVEM- ID"},"content":{"rendered":"<p style=\"text-align: justify;\">A secretaria de cidadania atrav\u00e9s da secretaria executiva de Juventude e Qualifica\u00e7\u00e3o profissional, far\u00e1 a emiss\u00e3o da Identidade Jovem.\u00a0 O documento possibilita acesso aos benef\u00edcios de meia-entrada em eventos art\u00edstico-culturais e esportivos e tamb\u00e9m a vagas gratuitas ou com desconto no sistema de transporte coletivo interestadual, conforme disposto no\u00a0<a href=\"http:\/\/www.planalto.gov.br\/ccivil_03\/_Ato2015-2018\/2015\/Decreto\/D8537.htm\" data-saferedirecturl=\"https:\/\/www.google.com\/url?hl=pt-BR&amp;q=http:\/\/www.planalto.gov.br\/ccivil_03\/_Ato2015-2018\/2015\/Decreto\/D8537.htm&amp;source=gmail&amp;ust=1481204345564000&amp;usg=AFQjCNGc4bWs5ENqkHqwFBWIkns_YofDbA\">Decreto 8.537\/2015<\/a>.<\/p>\n<p style=\"text-align: justify;\">Para se cadastrar na IDjovem, o interessado deve comparecer na Secretaria executiva de Juventude e qualifica\u00e7\u00e3o profissional, portando CPF, RG, Comprovante de Resid\u00eancia e N\u00famero do NIS no hor\u00e1rio de 8:00 \u00e0s 13:00, no Parque municipal \u00a0Josefa Coelho.<!--more--><\/p>\n<p style=\"text-align: justify;\">Lan\u00e7ado pelo Governo Federal na \u00faltima ter\u00e7a feira (06\/12) a identidade jovem \u00e9\u00a0definida como o documento que comprova a condi\u00e7\u00e3o de jovem de baixa renda, \u00e9 o \u00fanico meio legal para acesso ao benef\u00edcio da reserva de vagas no transporte interestadual para jovens de baixa renda. A ID Jovem \u00e9 destinado \u00e0s pessoas com idade entre 15 e 29 anos pertencente \u00e0 fam\u00edlia com renda mensal de at\u00e9 dois sal\u00e1rios m\u00ednimos. Al\u00e9m disso, o jovem tamb\u00e9m tem de estar inscrito no Cadastro \u00danico para Programas Sociais do Governo Federal (Cad\u00danico) e essas informa\u00e7\u00f5es devem estar atualizadas a cada dois anos.<\/p>\n<p style=\"text-align: justify;\">Ascom<\/p>\n","protected":false},"excerpt":{"rendered":"<p>A secretaria de cidadania atrav\u00e9s da secretaria executiva de Juventude e Qualifica\u00e7\u00e3o profissional, far\u00e1 a emiss\u00e3o da Identidade Jovem.\u00a0 O documento possibilita acesso aos benef\u00edcios de meia-entrada em eventos art\u00edstico-culturais e esportivos e tamb\u00e9m a vagas gratuitas ou com desconto no sistema de transporte coletivo interestadual, conforme disposto no\u00a0Decreto 8.537\/2015. Para se cadastrar na IDjovem, o interessado deve comparecer na Secretaria executiva de Juventude e qualifica\u00e7\u00e3o profissional, portando CPF, RG, Comprovante de Resid\u00eancia e N\u00famero do NIS no hor\u00e1rio de 8:00 \u00e0s 13:00, no Parque municipal \u00a0Josefa Coelho.<\/p>\n","protected":false},"author":1,"featured_media":152242,"comment_status":"open","ping_status":"open","sticky":false,"template":"","format":"standard","meta":{"_acf_changed":false,"footnotes":""},"categories":[44],"tags":[],"class_list":["post-153821","post","type-post","status-publish","format-standard","has-post-thumbnail","hentry","category-administracao"],"acf":[],"yoast_head":"<!-- This site is optimized with the Yoast SEO plugin v27.4 - https:\/\/yoast.com\/product\/yoast-seo-wordpress\/ -->\n<title>PREFEITURA DE PETROLINA REALIZA EMISS\u00c3O DA IDENTIDADE JOVEM- ID - Blog do Farn\u00e9sio<\/title>\n<meta name=\"robots\" content=\"index, follow, max-snippet:-1, max-image-preview:large, max-video-preview:-1\" \/>\n<link rel=\"canonical\" href=\"http:\/\/blogdofarnesio.com.br\/?p=153821\" \/>\n<meta property=\"og:locale\" content=\"pt_BR\" \/>\n<meta property=\"og:type\" content=\"article\" \/>\n<meta property=\"og:title\" content=\"PREFEITURA DE PETROLINA REALIZA EMISS\u00c3O DA IDENTIDADE JOVEM- ID - Blog do Farn\u00e9sio\" \/>\n<meta property=\"og:description\" content=\"A secretaria de cidadania atrav\u00e9s da secretaria executiva de Juventude e Qualifica\u00e7\u00e3o profissional, far\u00e1 a emiss\u00e3o da Identidade Jovem.\u00a0 O documento possibilita acesso aos benef\u00edcios de meia-entrada em eventos art\u00edstico-culturais e esportivos e tamb\u00e9m a vagas gratuitas ou com desconto no sistema de transporte coletivo interestadual, conforme disposto no\u00a0Decreto 8.537\/2015. Para se cadastrar na IDjovem, o interessado deve comparecer na Secretaria executiva de Juventude e qualifica\u00e7\u00e3o profissional, portando CPF, RG, Comprovante de Resid\u00eancia e N\u00famero do NIS no hor\u00e1rio de 8:00 \u00e0s 13:00, no Parque municipal \u00a0Josefa Coelho.\" \/>\n<meta property=\"og:url\" content=\"http:\/\/blogdofarnesio.com.br\/?p=153821\" \/>\n<meta property=\"og:site_name\" content=\"Blog do Farn\u00e9sio\" \/>\n<meta property=\"article:publisher\" content=\"https:\/\/www.facebook.com\/BlogQuerSaberPolitica\/\" \/>\n<meta property=\"article:published_time\" content=\"2016-12-07T19:00:02+00:00\" \/>\n<meta property=\"og:image\" content=\"http:\/\/blogdofarnesio.com.br\/wp-content\/uploads\/2016\/12\/blog-qsp-id-jovens.png\" \/>\n\t<meta property=\"og:image:width\" content=\"448\" \/>\n\t<meta property=\"og:image:height\" content=\"123\" \/>\n\t<meta property=\"og:image:type\" content=\"image\/png\" \/>\n<meta name=\"author\" content=\"Farn\u00e9sio\" \/>\n<meta name=\"twitter:card\" content=\"summary_large_image\" \/>\n<meta name=\"twitter:label1\" content=\"Escrito por\" \/>\n\t<meta name=\"twitter:data1\" content=\"Farn\u00e9sio\" \/>\n\t<meta name=\"twitter:label2\" content=\"Est. tempo de leitura\" \/>\n\t<meta name=\"twitter:data2\" content=\"1 minuto\" \/>\n<script type=\"application\/ld+json\" class=\"yoast-schema-graph\">{\"@context\":\"https:\\\/\\\/schema.org\",\"@graph\":[{\"@type\":\"Article\",\"@id\":\"http:\\\/\\\/blogdofarnesio.com.br\\\/?p=153821#article\",\"isPartOf\":{\"@id\":\"http:\\\/\\\/blogdofarnesio.com.br\\\/?p=153821\"},\"author\":{\"name\":\"Farn\u00e9sio\",\"@id\":\"https:\\\/\\\/blogdofarnesio.com.br\\\/#\\\/schema\\\/person\\\/301c4acf522bccbfdb45af95b5b906a1\"},\"headline\":\"PREFEITURA DE PETROLINA REALIZA EMISS\u00c3O DA IDENTIDADE JOVEM- ID\",\"datePublished\":\"2016-12-07T19:00:02+00:00\",\"mainEntityOfPage\":{\"@id\":\"http:\\\/\\\/blogdofarnesio.com.br\\\/?p=153821\"},\"wordCount\":212,\"commentCount\":0,\"publisher\":{\"@id\":\"https:\\\/\\\/blogdofarnesio.com.br\\\/#organization\"},\"image\":{\"@id\":\"http:\\\/\\\/blogdofarnesio.com.br\\\/?p=153821#primaryimage\"},\"thumbnailUrl\":\"https:\\\/\\\/blogdofarnesio.com.br\\\/wp-content\\\/uploads\\\/2016\\\/12\\\/blog-qsp-id-jovens.png\",\"articleSection\":[\"Administra\u00e7\u00e3o\"],\"inLanguage\":\"pt-BR\",\"potentialAction\":[{\"@type\":\"CommentAction\",\"name\":\"Comment\",\"target\":[\"http:\\\/\\\/blogdofarnesio.com.br\\\/?p=153821#respond\"]}]},{\"@type\":\"WebPage\",\"@id\":\"http:\\\/\\\/blogdofarnesio.com.br\\\/?p=153821\",\"url\":\"http:\\\/\\\/blogdofarnesio.com.br\\\/?p=153821\",\"name\":\"PREFEITURA DE PETROLINA REALIZA EMISS\u00c3O DA IDENTIDADE JOVEM- ID - Blog do Farn\u00e9sio\",\"isPartOf\":{\"@id\":\"https:\\\/\\\/blogdofarnesio.com.br\\\/#website\"},\"primaryImageOfPage\":{\"@id\":\"http:\\\/\\\/blogdofarnesio.com.br\\\/?p=153821#primaryimage\"},\"image\":{\"@id\":\"http:\\\/\\\/blogdofarnesio.com.br\\\/?p=153821#primaryimage\"},\"thumbnailUrl\":\"https:\\\/\\\/blogdofarnesio.com.br\\\/wp-content\\\/uploads\\\/2016\\\/12\\\/blog-qsp-id-jovens.png\",\"datePublished\":\"2016-12-07T19:00:02+00:00\",\"breadcrumb\":{\"@id\":\"http:\\\/\\\/blogdofarnesio.com.br\\\/?p=153821#breadcrumb\"},\"inLanguage\":\"pt-BR\",\"potentialAction\":[{\"@type\":\"ReadAction\",\"target\":[\"http:\\\/\\\/blogdofarnesio.com.br\\\/?p=153821\"]}]},{\"@type\":\"ImageObject\",\"inLanguage\":\"pt-BR\",\"@id\":\"http:\\\/\\\/blogdofarnesio.com.br\\\/?p=153821#primaryimage\",\"url\":\"https:\\\/\\\/blogdofarnesio.com.br\\\/wp-content\\\/uploads\\\/2016\\\/12\\\/blog-qsp-id-jovens.png\",\"contentUrl\":\"https:\\\/\\\/blogdofarnesio.com.br\\\/wp-content\\\/uploads\\\/2016\\\/12\\\/blog-qsp-id-jovens.png\",\"width\":448,\"height\":123,\"caption\":\"Ilustra\u00e7\u00e3o\"},{\"@type\":\"BreadcrumbList\",\"@id\":\"http:\\\/\\\/blogdofarnesio.com.br\\\/?p=153821#breadcrumb\",\"itemListElement\":[{\"@type\":\"ListItem\",\"position\":1,\"name\":\"In\u00edcio\",\"item\":\"https:\\\/\\\/blogdofarnesio.com.br\\\/\"},{\"@type\":\"ListItem\",\"position\":2,\"name\":\"PREFEITURA DE PETROLINA REALIZA EMISS\u00c3O DA IDENTIDADE JOVEM- ID\"}]},{\"@type\":\"WebSite\",\"@id\":\"https:\\\/\\\/blogdofarnesio.com.br\\\/#website\",\"url\":\"https:\\\/\\\/blogdofarnesio.com.br\\\/\",\"name\":\"Blog do Farn\u00e9sio\",\"description\":\"Quer Saber Pol\u00edtica?\",\"publisher\":{\"@id\":\"https:\\\/\\\/blogdofarnesio.com.br\\\/#organization\"},\"potentialAction\":[{\"@type\":\"SearchAction\",\"target\":{\"@type\":\"EntryPoint\",\"urlTemplate\":\"https:\\\/\\\/blogdofarnesio.com.br\\\/?s={search_term_string}\"},\"query-input\":{\"@type\":\"PropertyValueSpecification\",\"valueRequired\":true,\"valueName\":\"search_term_string\"}}],\"inLanguage\":\"pt-BR\"},{\"@type\":\"Organization\",\"@id\":\"https:\\\/\\\/blogdofarnesio.com.br\\\/#organization\",\"name\":\"Blog do Farn\u00e9sio\",\"url\":\"https:\\\/\\\/blogdofarnesio.com.br\\\/\",\"logo\":{\"@type\":\"ImageObject\",\"inLanguage\":\"pt-BR\",\"@id\":\"https:\\\/\\\/blogdofarnesio.com.br\\\/#\\\/schema\\\/logo\\\/image\\\/\",\"url\":\"https:\\\/\\\/blogdofarnesio.com.br\\\/wp-content\\\/uploads\\\/2026\\\/03\\\/cropped-logo_new-1.png\",\"contentUrl\":\"https:\\\/\\\/blogdofarnesio.com.br\\\/wp-content\\\/uploads\\\/2026\\\/03\\\/cropped-logo_new-1.png\",\"width\":881,\"height\":685,\"caption\":\"Blog do Farn\u00e9sio\"},\"image\":{\"@id\":\"https:\\\/\\\/blogdofarnesio.com.br\\\/#\\\/schema\\\/logo\\\/image\\\/\"},\"sameAs\":[\"https:\\\/\\\/www.facebook.com\\\/BlogQuerSaberPolitica\\\/\"]},{\"@type\":\"Person\",\"@id\":\"https:\\\/\\\/blogdofarnesio.com.br\\\/#\\\/schema\\\/person\\\/301c4acf522bccbfdb45af95b5b906a1\",\"name\":\"Farn\u00e9sio\",\"image\":{\"@type\":\"ImageObject\",\"inLanguage\":\"pt-BR\",\"@id\":\"https:\\\/\\\/secure.gravatar.com\\\/avatar\\\/df0c9a14567c056f8ad6876ba5bbd1e3e2c48023eb6807342fc4663adf549f38?s=96&d=mm&r=g\",\"url\":\"https:\\\/\\\/secure.gravatar.com\\\/avatar\\\/df0c9a14567c056f8ad6876ba5bbd1e3e2c48023eb6807342fc4663adf549f38?s=96&d=mm&r=g\",\"contentUrl\":\"https:\\\/\\\/secure.gravatar.com\\\/avatar\\\/df0c9a14567c056f8ad6876ba5bbd1e3e2c48023eb6807342fc4663adf549f38?s=96&d=mm&r=g\",\"caption\":\"Farn\u00e9sio\"},\"sameAs\":[\"https:\\\/\\\/quersaberpolitica.com.br\"],\"url\":\"https:\\\/\\\/blogdofarnesio.com.br\\\/?author=1\"}]}<\/script>\n<!-- \/ Yoast SEO plugin. -->","yoast_head_json":{"title":"PREFEITURA DE PETROLINA REALIZA EMISS\u00c3O DA IDENTIDADE JOVEM- ID - Blog do Farn\u00e9sio","robots":{"index":"index","follow":"follow","max-snippet":"max-snippet:-1","max-image-preview":"max-image-preview:large","max-video-preview":"max-video-preview:-1"},"canonical":"http:\/\/blogdofarnesio.com.br\/?p=153821","og_locale":"pt_BR","og_type":"article","og_title":"PREFEITURA DE PETROLINA REALIZA EMISS\u00c3O DA IDENTIDADE JOVEM- ID - Blog do Farn\u00e9sio","og_description":"A secretaria de cidadania atrav\u00e9s da secretaria executiva de Juventude e Qualifica\u00e7\u00e3o profissional, far\u00e1 a emiss\u00e3o da Identidade Jovem.\u00a0 O documento possibilita acesso aos benef\u00edcios de meia-entrada em eventos art\u00edstico-culturais e esportivos e tamb\u00e9m a vagas gratuitas ou com desconto no sistema de transporte coletivo interestadual, conforme disposto no\u00a0Decreto 8.537\/2015. Para se cadastrar na IDjovem, o interessado deve comparecer na Secretaria executiva de Juventude e qualifica\u00e7\u00e3o profissional, portando CPF, RG, Comprovante de Resid\u00eancia e N\u00famero do NIS no hor\u00e1rio de 8:00 \u00e0s 13:00, no Parque municipal \u00a0Josefa Coelho.","og_url":"http:\/\/blogdofarnesio.com.br\/?p=153821","og_site_name":"Blog do Farn\u00e9sio","article_publisher":"https:\/\/www.facebook.com\/BlogQuerSaberPolitica\/","article_published_time":"2016-12-07T19:00:02+00:00","og_image":[{"width":448,"height":123,"url":"http:\/\/blogdofarnesio.com.br\/wp-content\/uploads\/2016\/12\/blog-qsp-id-jovens.png","type":"image\/png"}],"author":"Farn\u00e9sio","twitter_card":"summary_large_image","twitter_misc":{"Escrito por":"Farn\u00e9sio","Est. tempo de leitura":"1 minuto"},"schema":{"@context":"https:\/\/schema.org","@graph":[{"@type":"Article","@id":"http:\/\/blogdofarnesio.com.br\/?p=153821#article","isPartOf":{"@id":"http:\/\/blogdofarnesio.com.br\/?p=153821"},"author":{"name":"Farn\u00e9sio","@id":"https:\/\/blogdofarnesio.com.br\/#\/schema\/person\/301c4acf522bccbfdb45af95b5b906a1"},"headline":"PREFEITURA DE PETROLINA REALIZA EMISS\u00c3O DA IDENTIDADE JOVEM- ID","datePublished":"2016-12-07T19:00:02+00:00","mainEntityOfPage":{"@id":"http:\/\/blogdofarnesio.com.br\/?p=153821"},"wordCount":212,"commentCount":0,"publisher":{"@id":"https:\/\/blogdofarnesio.com.br\/#organization"},"image":{"@id":"http:\/\/blogdofarnesio.com.br\/?p=153821#primaryimage"},"thumbnailUrl":"https:\/\/blogdofarnesio.com.br\/wp-content\/uploads\/2016\/12\/blog-qsp-id-jovens.png","articleSection":["Administra\u00e7\u00e3o"],"inLanguage":"pt-BR","potentialAction":[{"@type":"CommentAction","name":"Comment","target":["http:\/\/blogdofarnesio.com.br\/?p=153821#respond"]}]},{"@type":"WebPage","@id":"http:\/\/blogdofarnesio.com.br\/?p=153821","url":"http:\/\/blogdofarnesio.com.br\/?p=153821","name":"PREFEITURA DE PETROLINA REALIZA EMISS\u00c3O DA IDENTIDADE JOVEM- ID - Blog do Farn\u00e9sio","isPartOf":{"@id":"https:\/\/blogdofarnesio.com.br\/#website"},"primaryImageOfPage":{"@id":"http:\/\/blogdofarnesio.com.br\/?p=153821#primaryimage"},"image":{"@id":"http:\/\/blogdofarnesio.com.br\/?p=153821#primaryimage"},"thumbnailUrl":"https:\/\/blogdofarnesio.com.br\/wp-content\/uploads\/2016\/12\/blog-qsp-id-jovens.png","datePublished":"2016-12-07T19:00:02+00:00","breadcrumb":{"@id":"http:\/\/blogdofarnesio.com.br\/?p=153821#breadcrumb"},"inLanguage":"pt-BR","potentialAction":[{"@type":"ReadAction","target":["http:\/\/blogdofarnesio.com.br\/?p=153821"]}]},{"@type":"ImageObject","inLanguage":"pt-BR","@id":"http:\/\/blogdofarnesio.com.br\/?p=153821#primaryimage","url":"https:\/\/blogdofarnesio.com.br\/wp-content\/uploads\/2016\/12\/blog-qsp-id-jovens.png","contentUrl":"https:\/\/blogdofarnesio.com.br\/wp-content\/uploads\/2016\/12\/blog-qsp-id-jovens.png","width":448,"height":123,"caption":"Ilustra\u00e7\u00e3o"},{"@type":"BreadcrumbList","@id":"http:\/\/blogdofarnesio.com.br\/?p=153821#breadcrumb","itemListElement":[{"@type":"ListItem","position":1,"name":"In\u00edcio","item":"https:\/\/blogdofarnesio.com.br\/"},{"@type":"ListItem","position":2,"name":"PREFEITURA DE PETROLINA REALIZA EMISS\u00c3O DA IDENTIDADE JOVEM- ID"}]},{"@type":"WebSite","@id":"https:\/\/blogdofarnesio.com.br\/#website","url":"https:\/\/blogdofarnesio.com.br\/","name":"Blog do Farn\u00e9sio","description":"Quer Saber Pol\u00edtica?","publisher":{"@id":"https:\/\/blogdofarnesio.com.br\/#organization"},"potentialAction":[{"@type":"SearchAction","target":{"@type":"EntryPoint","urlTemplate":"https:\/\/blogdofarnesio.com.br\/?s={search_term_string}"},"query-input":{"@type":"PropertyValueSpecification","valueRequired":true,"valueName":"search_term_string"}}],"inLanguage":"pt-BR"},{"@type":"Organization","@id":"https:\/\/blogdofarnesio.com.br\/#organization","name":"Blog do Farn\u00e9sio","url":"https:\/\/blogdofarnesio.com.br\/","logo":{"@type":"ImageObject","inLanguage":"pt-BR","@id":"https:\/\/blogdofarnesio.com.br\/#\/schema\/logo\/image\/","url":"https:\/\/blogdofarnesio.com.br\/wp-content\/uploads\/2026\/03\/cropped-logo_new-1.png","contentUrl":"https:\/\/blogdofarnesio.com.br\/wp-content\/uploads\/2026\/03\/cropped-logo_new-1.png","width":881,"height":685,"caption":"Blog do Farn\u00e9sio"},"image":{"@id":"https:\/\/blogdofarnesio.com.br\/#\/schema\/logo\/image\/"},"sameAs":["https:\/\/www.facebook.com\/BlogQuerSaberPolitica\/"]},{"@type":"Person","@id":"https:\/\/blogdofarnesio.com.br\/#\/schema\/person\/301c4acf522bccbfdb45af95b5b906a1","name":"Farn\u00e9sio","image":{"@type":"ImageObject","inLanguage":"pt-BR","@id":"https:\/\/secure.gravatar.com\/avatar\/df0c9a14567c056f8ad6876ba5bbd1e3e2c48023eb6807342fc4663adf549f38?s=96&d=mm&r=g","url":"https:\/\/secure.gravatar.com\/avatar\/df0c9a14567c056f8ad6876ba5bbd1e3e2c48023eb6807342fc4663adf549f38?s=96&d=mm&r=g","contentUrl":"https:\/\/secure.gravatar.com\/avatar\/df0c9a14567c056f8ad6876ba5bbd1e3e2c48023eb6807342fc4663adf549f38?s=96&d=mm&r=g","caption":"Farn\u00e9sio"},"sameAs":["https:\/\/quersaberpolitica.com.br"],"url":"https:\/\/blogdofarnesio.com.br\/?author=1"}]}},"_links":{"self":[{"href":"https:\/\/blogdofarnesio.com.br\/index.php?rest_route=\/wp\/v2\/posts\/153821","targetHints":{"allow":["GET"]}}],"collection":[{"href":"https:\/\/blogdofarnesio.com.br\/index.php?rest_route=\/wp\/v2\/posts"}],"about":[{"href":"https:\/\/blogdofarnesio.com.br\/index.php?rest_route=\/wp\/v2\/types\/post"}],"author":[{"embeddable":true,"href":"https:\/\/blogdofarnesio.com.br\/index.php?rest_route=\/wp\/v2\/users\/1"}],"replies":[{"embeddable":true,"href":"https:\/\/blogdofarnesio.com.br\/index.php?rest_route=%2Fwp%2Fv2%2Fcomments&post=153821"}],"version-history":[{"count":0,"href":"https:\/\/blogdofarnesio.com.br\/index.php?rest_route=\/wp\/v2\/posts\/153821\/revisions"}],"wp:featuredmedia":[{"embeddable":true,"href":"https:\/\/blogdofarnesio.com.br\/index.php?rest_route=\/wp\/v2\/media\/152242"}],"wp:attachment":[{"href":"https:\/\/blogdofarnesio.com.br\/index.php?rest_route=%2Fwp%2Fv2%2Fmedia&parent=153821"}],"wp:term":[{"taxonomy":"category","embeddable":true,"href":"https:\/\/blogdofarnesio.com.br\/index.php?rest_route=%2Fwp%2Fv2%2Fcategories&post=153821"},{"taxonomy":"post_tag","embeddable":true,"href":"https:\/\/blogdofarnesio.com.br\/index.php?rest_route=%2Fwp%2Fv2%2Ftags&post=153821"}],"curies":[{"name":"wp","href":"https:\/\/api.w.org\/{rel}","templated":true}]}}