{"id":153388,"date":"2016-12-11T13:00:14","date_gmt":"2016-12-11T16:00:14","guid":{"rendered":"http:\/\/quersaberpolitica.com.br\/2016\/?p=153388"},"modified":"2016-12-11T08:53:02","modified_gmt":"2016-12-11T11:53:02","slug":"reforma-da-previdencia-a-longa-estrada-para-a-aposentadoria","status":"publish","type":"post","link":"https:\/\/blogdofarnesio.com.br\/?p=153388","title":{"rendered":"REFORMA DA PREVID\u00caNCIA. A LONGA ESTRADA PARA A APOSENTADORIA"},"content":{"rendered":"<p style=\"text-align: justify;\">A proposta de reforma da Previd\u00eancia apresentada esta semana pelo Governo est\u00e1 dando um n\u00f3 na cabe\u00e7a de muitos brasileiros. Al\u00e9m de aumentar a idade m\u00ednima para aposentadoria para 65 anos para homens e mulheres e pelo menos 25 anos de contribui\u00e7\u00e3o, o texto proposto traz regras que v\u00e3o afetar em maior ou menor grau praticamente todos os trabalhadores. Pelas contas do Governo, com as mudan\u00e7as ser\u00e1 poss\u00edvel gerar uma economia de at\u00e9 R$ 678 bilh\u00f5es aos cofres p\u00fablicos at\u00e9 2027. Mas, na pr\u00e1tica, vai deixar o sonho da aposentadoria mais distante para maioria da popula\u00e7\u00e3o.<\/p>\n<p style=\"text-align: justify;\">O servidor p\u00fablico Francisco R\u00e9gis Holanda, de 42, vai ter que refazer seus planos de aposentadoria. Ele que come\u00e7ou a contribuir aos 21 anos, tinha o sonho de se aposentar de forma integral quando atingisse os 60. Seriam mais 16 anos de trabalho. Mas, com as novas regras, ele vai ter que esperar mais 28 anos para alcan\u00e7ar este objetivo. \u201cEste projeto \u00e9 muito injusto porque n\u00e3o leva em considera\u00e7\u00e3o quem come\u00e7ou a trabalhar cedo. J\u00e1 trabalhei 21 anos e vou ter que trabalhar at\u00e9 os 70 anos, ser\u00e3o quase 50 anos de contribui\u00e7\u00e3o\u201d.\n<\/p>\n<p style=\"text-align: justify;\">Mas nem todo mundo vai ser afetado da mesma forma. A enfermeira Marta Costa tem 65 anos e come\u00e7ou a contribuir com o Regime Pr\u00f3prio da Previd\u00eancia do Estado em 1981. Ela se mant\u00e9m na ativa, mesmo tendo cumprido os requisitos atuais para a aposentadoria.<\/p>\n<p style=\"text-align: justify;\">Conforme o texto, ela tem direitos adquiridos e n\u00e3o ser\u00e1 afetada pelas mudan\u00e7as. O valor do benef\u00edcio que receber\u00e1 quando parar de trabalhar tamb\u00e9m n\u00e3o estar\u00e1 sujeito ao teto do INSS, que passa a valer para todos os servidores p\u00fablicos \u2013 inclusive estaduais e municipais \u2013 que ingressaram depois de 2003.<\/p>\n<p style=\"text-align: justify;\">Mas como tamb\u00e9m atua no setor privado, neste caso, para se aposentar pelo INSS ter\u00e1 que trabalhar um pouco mais, j\u00e1 que tem 157 meses de contribui\u00e7\u00f5es, 23 a menos que as exigidas atualmente. Como tem mais de 45 anos, ela se enquadra na categoria de transi\u00e7\u00e3o e ter\u00e1 que contribuir 50% a mais que o tempo que falta hoje, o que daria quase tr\u00eas anos, para receber 67% da m\u00e9dia dos sal\u00e1rios de contribui\u00e7\u00e3o. \u201cN\u00e3o estou preocupada por mim. Mas penso na minha fam\u00edlia, filhos, netos, sobrinhos. Eles v\u00e3o ter que trabalhar at\u00e9 os 65 anos! Essa reforma n\u00e3o pode passar desse jeito, a gente tem que protestar!\u201d.<\/p>\n","protected":false},"excerpt":{"rendered":"<p>A proposta de reforma da Previd\u00eancia apresentada esta semana pelo Governo est\u00e1 dando um n\u00f3 na cabe\u00e7a de muitos brasileiros. Al\u00e9m de aumentar a idade m\u00ednima para aposentadoria para 65 anos para homens e mulheres e pelo menos 25 anos de contribui\u00e7\u00e3o, o texto proposto traz regras que v\u00e3o afetar em maior ou menor grau praticamente todos os trabalhadores. Pelas contas do Governo, com as mudan\u00e7as ser\u00e1 poss\u00edvel gerar uma economia de at\u00e9 R$ 678 bilh\u00f5es aos cofres p\u00fablicos at\u00e9 2027. Mas, na pr\u00e1tica, vai deixar o sonho da aposentadoria mais distante para maioria da popula\u00e7\u00e3o. O servidor p\u00fablico Francisco R\u00e9gis Holanda, de 42, vai ter que refazer seus planos de aposentadoria. Ele que come\u00e7ou a contribuir aos 21 anos,&hellip; <\/p>\n","protected":false},"author":1,"featured_media":152529,"comment_status":"open","ping_status":"open","sticky":false,"template":"","format":"standard","meta":{"_acf_changed":false,"footnotes":""},"categories":[44],"tags":[],"class_list":["post-153388","post","type-post","status-publish","format-standard","has-post-thumbnail","hentry","category-administracao"],"acf":[],"yoast_head":"<!-- This site is optimized with the Yoast SEO plugin v27.4 - https:\/\/yoast.com\/product\/yoast-seo-wordpress\/ -->\n<title>REFORMA DA PREVID\u00caNCIA. A LONGA ESTRADA PARA A APOSENTADORIA - Blog do Farn\u00e9sio<\/title>\n<meta name=\"robots\" content=\"index, follow, max-snippet:-1, max-image-preview:large, max-video-preview:-1\" \/>\n<link rel=\"canonical\" href=\"http:\/\/blogdofarnesio.com.br\/?p=153388\" \/>\n<meta property=\"og:locale\" content=\"pt_BR\" \/>\n<meta property=\"og:type\" content=\"article\" \/>\n<meta property=\"og:title\" content=\"REFORMA DA PREVID\u00caNCIA. A LONGA ESTRADA PARA A APOSENTADORIA - Blog do Farn\u00e9sio\" \/>\n<meta property=\"og:description\" content=\"A proposta de reforma da Previd\u00eancia apresentada esta semana pelo Governo est\u00e1 dando um n\u00f3 na cabe\u00e7a de muitos brasileiros. Al\u00e9m de aumentar a idade m\u00ednima para aposentadoria para 65 anos para homens e mulheres e pelo menos 25 anos de contribui\u00e7\u00e3o, o texto proposto traz regras que v\u00e3o afetar em maior ou menor grau praticamente todos os trabalhadores. Pelas contas do Governo, com as mudan\u00e7as ser\u00e1 poss\u00edvel gerar uma economia de at\u00e9 R$ 678 bilh\u00f5es aos cofres p\u00fablicos at\u00e9 2027. Mas, na pr\u00e1tica, vai deixar o sonho da aposentadoria mais distante para maioria da popula\u00e7\u00e3o. O servidor p\u00fablico Francisco R\u00e9gis Holanda, de 42, vai ter que refazer seus planos de aposentadoria. Ele que come\u00e7ou a contribuir aos 21 anos,&hellip;\" \/>\n<meta property=\"og:url\" content=\"http:\/\/blogdofarnesio.com.br\/?p=153388\" \/>\n<meta property=\"og:site_name\" content=\"Blog do Farn\u00e9sio\" \/>\n<meta property=\"article:publisher\" content=\"https:\/\/www.facebook.com\/BlogQuerSaberPolitica\/\" \/>\n<meta property=\"article:published_time\" content=\"2016-12-11T16:00:14+00:00\" \/>\n<meta property=\"og:image\" content=\"http:\/\/blogdofarnesio.com.br\/wp-content\/uploads\/2016\/12\/blogqsp-carteira-de-trabalho.jpg\" \/>\n\t<meta property=\"og:image:width\" content=\"640\" \/>\n\t<meta property=\"og:image:height\" content=\"373\" \/>\n\t<meta property=\"og:image:type\" content=\"image\/jpeg\" \/>\n<meta name=\"author\" content=\"Farn\u00e9sio\" \/>\n<meta name=\"twitter:card\" content=\"summary_large_image\" \/>\n<meta name=\"twitter:label1\" content=\"Escrito por\" \/>\n\t<meta name=\"twitter:data1\" content=\"Farn\u00e9sio\" \/>\n\t<meta name=\"twitter:label2\" content=\"Est. tempo de leitura\" \/>\n\t<meta name=\"twitter:data2\" content=\"2 minutos\" \/>\n<script type=\"application\/ld+json\" class=\"yoast-schema-graph\">{\"@context\":\"https:\\\/\\\/schema.org\",\"@graph\":[{\"@type\":\"Article\",\"@id\":\"http:\\\/\\\/blogdofarnesio.com.br\\\/?p=153388#article\",\"isPartOf\":{\"@id\":\"http:\\\/\\\/blogdofarnesio.com.br\\\/?p=153388\"},\"author\":{\"name\":\"Farn\u00e9sio\",\"@id\":\"https:\\\/\\\/blogdofarnesio.com.br\\\/#\\\/schema\\\/person\\\/301c4acf522bccbfdb45af95b5b906a1\"},\"headline\":\"REFORMA DA PREVID\u00caNCIA. A LONGA ESTRADA PARA A APOSENTADORIA\",\"datePublished\":\"2016-12-11T16:00:14+00:00\",\"mainEntityOfPage\":{\"@id\":\"http:\\\/\\\/blogdofarnesio.com.br\\\/?p=153388\"},\"wordCount\":423,\"commentCount\":0,\"publisher\":{\"@id\":\"https:\\\/\\\/blogdofarnesio.com.br\\\/#organization\"},\"image\":{\"@id\":\"http:\\\/\\\/blogdofarnesio.com.br\\\/?p=153388#primaryimage\"},\"thumbnailUrl\":\"https:\\\/\\\/blogdofarnesio.com.br\\\/wp-content\\\/uploads\\\/2016\\\/12\\\/blogqsp-carteira-de-trabalho.jpg\",\"articleSection\":[\"Administra\u00e7\u00e3o\"],\"inLanguage\":\"pt-BR\",\"potentialAction\":[{\"@type\":\"CommentAction\",\"name\":\"Comment\",\"target\":[\"http:\\\/\\\/blogdofarnesio.com.br\\\/?p=153388#respond\"]}]},{\"@type\":\"WebPage\",\"@id\":\"http:\\\/\\\/blogdofarnesio.com.br\\\/?p=153388\",\"url\":\"http:\\\/\\\/blogdofarnesio.com.br\\\/?p=153388\",\"name\":\"REFORMA DA PREVID\u00caNCIA. A LONGA ESTRADA PARA A APOSENTADORIA - Blog do Farn\u00e9sio\",\"isPartOf\":{\"@id\":\"https:\\\/\\\/blogdofarnesio.com.br\\\/#website\"},\"primaryImageOfPage\":{\"@id\":\"http:\\\/\\\/blogdofarnesio.com.br\\\/?p=153388#primaryimage\"},\"image\":{\"@id\":\"http:\\\/\\\/blogdofarnesio.com.br\\\/?p=153388#primaryimage\"},\"thumbnailUrl\":\"https:\\\/\\\/blogdofarnesio.com.br\\\/wp-content\\\/uploads\\\/2016\\\/12\\\/blogqsp-carteira-de-trabalho.jpg\",\"datePublished\":\"2016-12-11T16:00:14+00:00\",\"breadcrumb\":{\"@id\":\"http:\\\/\\\/blogdofarnesio.com.br\\\/?p=153388#breadcrumb\"},\"inLanguage\":\"pt-BR\",\"potentialAction\":[{\"@type\":\"ReadAction\",\"target\":[\"http:\\\/\\\/blogdofarnesio.com.br\\\/?p=153388\"]}]},{\"@type\":\"ImageObject\",\"inLanguage\":\"pt-BR\",\"@id\":\"http:\\\/\\\/blogdofarnesio.com.br\\\/?p=153388#primaryimage\",\"url\":\"https:\\\/\\\/blogdofarnesio.com.br\\\/wp-content\\\/uploads\\\/2016\\\/12\\\/blogqsp-carteira-de-trabalho.jpg\",\"contentUrl\":\"https:\\\/\\\/blogdofarnesio.com.br\\\/wp-content\\\/uploads\\\/2016\\\/12\\\/blogqsp-carteira-de-trabalho.jpg\",\"width\":640,\"height\":373,\"caption\":\"SONY DSC\"},{\"@type\":\"BreadcrumbList\",\"@id\":\"http:\\\/\\\/blogdofarnesio.com.br\\\/?p=153388#breadcrumb\",\"itemListElement\":[{\"@type\":\"ListItem\",\"position\":1,\"name\":\"In\u00edcio\",\"item\":\"https:\\\/\\\/blogdofarnesio.com.br\\\/\"},{\"@type\":\"ListItem\",\"position\":2,\"name\":\"REFORMA DA PREVID\u00caNCIA. A LONGA ESTRADA PARA A APOSENTADORIA\"}]},{\"@type\":\"WebSite\",\"@id\":\"https:\\\/\\\/blogdofarnesio.com.br\\\/#website\",\"url\":\"https:\\\/\\\/blogdofarnesio.com.br\\\/\",\"name\":\"Blog do Farn\u00e9sio\",\"description\":\"Quer Saber Pol\u00edtica?\",\"publisher\":{\"@id\":\"https:\\\/\\\/blogdofarnesio.com.br\\\/#organization\"},\"potentialAction\":[{\"@type\":\"SearchAction\",\"target\":{\"@type\":\"EntryPoint\",\"urlTemplate\":\"https:\\\/\\\/blogdofarnesio.com.br\\\/?s={search_term_string}\"},\"query-input\":{\"@type\":\"PropertyValueSpecification\",\"valueRequired\":true,\"valueName\":\"search_term_string\"}}],\"inLanguage\":\"pt-BR\"},{\"@type\":\"Organization\",\"@id\":\"https:\\\/\\\/blogdofarnesio.com.br\\\/#organization\",\"name\":\"Blog do Farn\u00e9sio\",\"url\":\"https:\\\/\\\/blogdofarnesio.com.br\\\/\",\"logo\":{\"@type\":\"ImageObject\",\"inLanguage\":\"pt-BR\",\"@id\":\"https:\\\/\\\/blogdofarnesio.com.br\\\/#\\\/schema\\\/logo\\\/image\\\/\",\"url\":\"https:\\\/\\\/blogdofarnesio.com.br\\\/wp-content\\\/uploads\\\/2026\\\/03\\\/cropped-logo_new-1.png\",\"contentUrl\":\"https:\\\/\\\/blogdofarnesio.com.br\\\/wp-content\\\/uploads\\\/2026\\\/03\\\/cropped-logo_new-1.png\",\"width\":881,\"height\":685,\"caption\":\"Blog do Farn\u00e9sio\"},\"image\":{\"@id\":\"https:\\\/\\\/blogdofarnesio.com.br\\\/#\\\/schema\\\/logo\\\/image\\\/\"},\"sameAs\":[\"https:\\\/\\\/www.facebook.com\\\/BlogQuerSaberPolitica\\\/\"]},{\"@type\":\"Person\",\"@id\":\"https:\\\/\\\/blogdofarnesio.com.br\\\/#\\\/schema\\\/person\\\/301c4acf522bccbfdb45af95b5b906a1\",\"name\":\"Farn\u00e9sio\",\"image\":{\"@type\":\"ImageObject\",\"inLanguage\":\"pt-BR\",\"@id\":\"https:\\\/\\\/secure.gravatar.com\\\/avatar\\\/df0c9a14567c056f8ad6876ba5bbd1e3e2c48023eb6807342fc4663adf549f38?s=96&d=mm&r=g\",\"url\":\"https:\\\/\\\/secure.gravatar.com\\\/avatar\\\/df0c9a14567c056f8ad6876ba5bbd1e3e2c48023eb6807342fc4663adf549f38?s=96&d=mm&r=g\",\"contentUrl\":\"https:\\\/\\\/secure.gravatar.com\\\/avatar\\\/df0c9a14567c056f8ad6876ba5bbd1e3e2c48023eb6807342fc4663adf549f38?s=96&d=mm&r=g\",\"caption\":\"Farn\u00e9sio\"},\"sameAs\":[\"https:\\\/\\\/quersaberpolitica.com.br\"],\"url\":\"https:\\\/\\\/blogdofarnesio.com.br\\\/?author=1\"}]}<\/script>\n<!-- \/ Yoast SEO plugin. -->","yoast_head_json":{"title":"REFORMA DA PREVID\u00caNCIA. A LONGA ESTRADA PARA A APOSENTADORIA - Blog do Farn\u00e9sio","robots":{"index":"index","follow":"follow","max-snippet":"max-snippet:-1","max-image-preview":"max-image-preview:large","max-video-preview":"max-video-preview:-1"},"canonical":"http:\/\/blogdofarnesio.com.br\/?p=153388","og_locale":"pt_BR","og_type":"article","og_title":"REFORMA DA PREVID\u00caNCIA. A LONGA ESTRADA PARA A APOSENTADORIA - Blog do Farn\u00e9sio","og_description":"A proposta de reforma da Previd\u00eancia apresentada esta semana pelo Governo est\u00e1 dando um n\u00f3 na cabe\u00e7a de muitos brasileiros. Al\u00e9m de aumentar a idade m\u00ednima para aposentadoria para 65 anos para homens e mulheres e pelo menos 25 anos de contribui\u00e7\u00e3o, o texto proposto traz regras que v\u00e3o afetar em maior ou menor grau praticamente todos os trabalhadores. Pelas contas do Governo, com as mudan\u00e7as ser\u00e1 poss\u00edvel gerar uma economia de at\u00e9 R$ 678 bilh\u00f5es aos cofres p\u00fablicos at\u00e9 2027. Mas, na pr\u00e1tica, vai deixar o sonho da aposentadoria mais distante para maioria da popula\u00e7\u00e3o. O servidor p\u00fablico Francisco R\u00e9gis Holanda, de 42, vai ter que refazer seus planos de aposentadoria. Ele que come\u00e7ou a contribuir aos 21 anos,&hellip;","og_url":"http:\/\/blogdofarnesio.com.br\/?p=153388","og_site_name":"Blog do Farn\u00e9sio","article_publisher":"https:\/\/www.facebook.com\/BlogQuerSaberPolitica\/","article_published_time":"2016-12-11T16:00:14+00:00","og_image":[{"width":640,"height":373,"url":"http:\/\/blogdofarnesio.com.br\/wp-content\/uploads\/2016\/12\/blogqsp-carteira-de-trabalho.jpg","type":"image\/jpeg"}],"author":"Farn\u00e9sio","twitter_card":"summary_large_image","twitter_misc":{"Escrito por":"Farn\u00e9sio","Est. tempo de leitura":"2 minutos"},"schema":{"@context":"https:\/\/schema.org","@graph":[{"@type":"Article","@id":"http:\/\/blogdofarnesio.com.br\/?p=153388#article","isPartOf":{"@id":"http:\/\/blogdofarnesio.com.br\/?p=153388"},"author":{"name":"Farn\u00e9sio","@id":"https:\/\/blogdofarnesio.com.br\/#\/schema\/person\/301c4acf522bccbfdb45af95b5b906a1"},"headline":"REFORMA DA PREVID\u00caNCIA. A LONGA ESTRADA PARA A APOSENTADORIA","datePublished":"2016-12-11T16:00:14+00:00","mainEntityOfPage":{"@id":"http:\/\/blogdofarnesio.com.br\/?p=153388"},"wordCount":423,"commentCount":0,"publisher":{"@id":"https:\/\/blogdofarnesio.com.br\/#organization"},"image":{"@id":"http:\/\/blogdofarnesio.com.br\/?p=153388#primaryimage"},"thumbnailUrl":"https:\/\/blogdofarnesio.com.br\/wp-content\/uploads\/2016\/12\/blogqsp-carteira-de-trabalho.jpg","articleSection":["Administra\u00e7\u00e3o"],"inLanguage":"pt-BR","potentialAction":[{"@type":"CommentAction","name":"Comment","target":["http:\/\/blogdofarnesio.com.br\/?p=153388#respond"]}]},{"@type":"WebPage","@id":"http:\/\/blogdofarnesio.com.br\/?p=153388","url":"http:\/\/blogdofarnesio.com.br\/?p=153388","name":"REFORMA DA PREVID\u00caNCIA. A LONGA ESTRADA PARA A APOSENTADORIA - Blog do Farn\u00e9sio","isPartOf":{"@id":"https:\/\/blogdofarnesio.com.br\/#website"},"primaryImageOfPage":{"@id":"http:\/\/blogdofarnesio.com.br\/?p=153388#primaryimage"},"image":{"@id":"http:\/\/blogdofarnesio.com.br\/?p=153388#primaryimage"},"thumbnailUrl":"https:\/\/blogdofarnesio.com.br\/wp-content\/uploads\/2016\/12\/blogqsp-carteira-de-trabalho.jpg","datePublished":"2016-12-11T16:00:14+00:00","breadcrumb":{"@id":"http:\/\/blogdofarnesio.com.br\/?p=153388#breadcrumb"},"inLanguage":"pt-BR","potentialAction":[{"@type":"ReadAction","target":["http:\/\/blogdofarnesio.com.br\/?p=153388"]}]},{"@type":"ImageObject","inLanguage":"pt-BR","@id":"http:\/\/blogdofarnesio.com.br\/?p=153388#primaryimage","url":"https:\/\/blogdofarnesio.com.br\/wp-content\/uploads\/2016\/12\/blogqsp-carteira-de-trabalho.jpg","contentUrl":"https:\/\/blogdofarnesio.com.br\/wp-content\/uploads\/2016\/12\/blogqsp-carteira-de-trabalho.jpg","width":640,"height":373,"caption":"SONY DSC"},{"@type":"BreadcrumbList","@id":"http:\/\/blogdofarnesio.com.br\/?p=153388#breadcrumb","itemListElement":[{"@type":"ListItem","position":1,"name":"In\u00edcio","item":"https:\/\/blogdofarnesio.com.br\/"},{"@type":"ListItem","position":2,"name":"REFORMA DA PREVID\u00caNCIA. A LONGA ESTRADA PARA A APOSENTADORIA"}]},{"@type":"WebSite","@id":"https:\/\/blogdofarnesio.com.br\/#website","url":"https:\/\/blogdofarnesio.com.br\/","name":"Blog do Farn\u00e9sio","description":"Quer Saber Pol\u00edtica?","publisher":{"@id":"https:\/\/blogdofarnesio.com.br\/#organization"},"potentialAction":[{"@type":"SearchAction","target":{"@type":"EntryPoint","urlTemplate":"https:\/\/blogdofarnesio.com.br\/?s={search_term_string}"},"query-input":{"@type":"PropertyValueSpecification","valueRequired":true,"valueName":"search_term_string"}}],"inLanguage":"pt-BR"},{"@type":"Organization","@id":"https:\/\/blogdofarnesio.com.br\/#organization","name":"Blog do Farn\u00e9sio","url":"https:\/\/blogdofarnesio.com.br\/","logo":{"@type":"ImageObject","inLanguage":"pt-BR","@id":"https:\/\/blogdofarnesio.com.br\/#\/schema\/logo\/image\/","url":"https:\/\/blogdofarnesio.com.br\/wp-content\/uploads\/2026\/03\/cropped-logo_new-1.png","contentUrl":"https:\/\/blogdofarnesio.com.br\/wp-content\/uploads\/2026\/03\/cropped-logo_new-1.png","width":881,"height":685,"caption":"Blog do Farn\u00e9sio"},"image":{"@id":"https:\/\/blogdofarnesio.com.br\/#\/schema\/logo\/image\/"},"sameAs":["https:\/\/www.facebook.com\/BlogQuerSaberPolitica\/"]},{"@type":"Person","@id":"https:\/\/blogdofarnesio.com.br\/#\/schema\/person\/301c4acf522bccbfdb45af95b5b906a1","name":"Farn\u00e9sio","image":{"@type":"ImageObject","inLanguage":"pt-BR","@id":"https:\/\/secure.gravatar.com\/avatar\/df0c9a14567c056f8ad6876ba5bbd1e3e2c48023eb6807342fc4663adf549f38?s=96&d=mm&r=g","url":"https:\/\/secure.gravatar.com\/avatar\/df0c9a14567c056f8ad6876ba5bbd1e3e2c48023eb6807342fc4663adf549f38?s=96&d=mm&r=g","contentUrl":"https:\/\/secure.gravatar.com\/avatar\/df0c9a14567c056f8ad6876ba5bbd1e3e2c48023eb6807342fc4663adf549f38?s=96&d=mm&r=g","caption":"Farn\u00e9sio"},"sameAs":["https:\/\/quersaberpolitica.com.br"],"url":"https:\/\/blogdofarnesio.com.br\/?author=1"}]}},"_links":{"self":[{"href":"https:\/\/blogdofarnesio.com.br\/index.php?rest_route=\/wp\/v2\/posts\/153388","targetHints":{"allow":["GET"]}}],"collection":[{"href":"https:\/\/blogdofarnesio.com.br\/index.php?rest_route=\/wp\/v2\/posts"}],"about":[{"href":"https:\/\/blogdofarnesio.com.br\/index.php?rest_route=\/wp\/v2\/types\/post"}],"author":[{"embeddable":true,"href":"https:\/\/blogdofarnesio.com.br\/index.php?rest_route=\/wp\/v2\/users\/1"}],"replies":[{"embeddable":true,"href":"https:\/\/blogdofarnesio.com.br\/index.php?rest_route=%2Fwp%2Fv2%2Fcomments&post=153388"}],"version-history":[{"count":0,"href":"https:\/\/blogdofarnesio.com.br\/index.php?rest_route=\/wp\/v2\/posts\/153388\/revisions"}],"wp:featuredmedia":[{"embeddable":true,"href":"https:\/\/blogdofarnesio.com.br\/index.php?rest_route=\/wp\/v2\/media\/152529"}],"wp:attachment":[{"href":"https:\/\/blogdofarnesio.com.br\/index.php?rest_route=%2Fwp%2Fv2%2Fmedia&parent=153388"}],"wp:term":[{"taxonomy":"category","embeddable":true,"href":"https:\/\/blogdofarnesio.com.br\/index.php?rest_route=%2Fwp%2Fv2%2Fcategories&post=153388"},{"taxonomy":"post_tag","embeddable":true,"href":"https:\/\/blogdofarnesio.com.br\/index.php?rest_route=%2Fwp%2Fv2%2Ftags&post=153388"}],"curies":[{"name":"wp","href":"https:\/\/api.w.org\/{rel}","templated":true}]}}